{"id":972,"date":"2012-06-21T15:56:24","date_gmt":"2012-06-21T13:56:24","guid":{"rendered":"http:\/\/lyonbondyblog.fr\/LBB\/?p=972"},"modified":"2013-07-19T16:01:29","modified_gmt":"2013-07-19T14:01:29","slug":"legislatives-le-mauvais-tour-demi-cratique-des-electeurs","status":"publish","type":"post","link":"https:\/\/lyonbondyblog.fr\/LBB\/legislatives-le-mauvais-tour-demi-cratique-des-electeurs\/","title":{"rendered":"L\u00e9gislatives : le mauvais tour \u00ab demi-cratique \u00bb des \u00e9lecteurs"},"content":{"rendered":"<p><strong>Le Lyon Bondy Blog se trouvait dimanche dernier \u00e0 la pr\u00e9fecture pour les r\u00e9sultats du second tour des \u00e9lections l\u00e9gislatives. Un calendrier r\u00e9dactionnel voudrait que l\u2019on publie dans la foul\u00e9e d\u2019une effervescence \u00e9lectorale, d\u00e8s la publication des r\u00e9sultats. Pour autant, il a fallut que le brouhaha de campagne s\u2019estompe pour entendre un silence \u00e9loquent\u00a0: celui de l\u2019abstention.<\/strong><\/p>\n<p><a href=\"https:\/\/lyonbondyblog.fr\/LBB\/wp-content\/uploads\/2013\/07\/Prefecture_du_Rhone_a_Lyon.jpg\"><img loading=\"lazy\" decoding=\"async\" width=\"300\" height=\"225\" class=\"alignnone size-medium wp-image-973\" alt=\"Prefecture_du_Rhone_a_Lyon\" src=\"https:\/\/lyonbondyblog.fr\/LBB\/wp-content\/uploads\/2013\/07\/Prefecture_du_Rhone_a_Lyon-300x225.jpg\" srcset=\"https:\/\/lyonbondyblog.fr\/LBB\/wp-content\/uploads\/2013\/07\/Prefecture_du_Rhone_a_Lyon-300x225.jpg 300w, https:\/\/lyonbondyblog.fr\/LBB\/wp-content\/uploads\/2013\/07\/Prefecture_du_Rhone_a_Lyon.jpg 400w\" sizes=\"auto, (max-width: 300px) 100vw, 300px\" \/><\/a><\/p>\n<p>Une lecture du ph\u00e9nom\u00e8ne abstentionniste ne peut se faire qu\u2019apr\u00e8s pass\u00e9 le temps des analyses. Dans cette lign\u00e9e, nous proposons entre-autre une lecture des r\u00e9sultats de la campagne concernant la 1\u00e8re circonscription, qui compte 68 147 inscrits.<\/p>\n<p>Celle-ci s\u2019est d\u00e9marqu\u00e9e par la confrontation de deux \u00e9quipes\u00a0: celle de G\u00e9rard Collomb (Parti Socialiste), s\u00e9nateur-maire de Lyon, soutenant la candidature Thierry Braillard (Parti Radical de Gauche, PRG) d\u2019une part\u00a0; et celle du candidat Philippe Meirieu (Europe Ecologie les Verts), parrain\u00e9 par le pr\u00e9sident de la R\u00e9publique Fran\u00e7ois Hollande et l&rsquo;ensemble de l&rsquo;appareil national socialiste d\u2019autre part. Nous avons recueillis quelques avis sur cette configuration dont celui du premier magistrat de la Ville, ainsi que de plusieurs figures du parti socialiste du Rh\u00f4ne.<\/p>\n<div class=\"youtube\" style=\"width: 350; height: 300;\"><object width=\"350\" height=\"300\" classid=\"clsid:d27cdb6e-ae6d-11cf-96b8-444553540000\" codebase=\"http:\/\/download.macromedia.com\/pub\/shockwave\/cabs\/flash\/swflash.cab#version=6,0,40,0\"><param name=\"wmode\" value=\"transparent\" \/><param name=\"src\" value=\"http:\/\/www.youtube.com\/v\/t7AHWgTK2SE?autoplay=0\" \/><embed width=\"350\" height=\"300\" type=\"application\/x-shockwave-flash\" src=\"http:\/\/www.youtube.com\/v\/t7AHWgTK2SE?autoplay=0\" wmode=\"transparent\" \/><\/object><\/div>\n<p>Pour mieux appr\u00e9hender le sujet, rappelons que les deux aspirants au poste de d\u00e9put\u00e9 ont fait campagne sous l\u2019\u00e9tiquette PS, du moins jusqu\u2019au soir du premier tour. Il s\u2019av\u00e8re que cela a troubl\u00e9 les \u00e9lecteurs que de voir deux candidats sous la m\u00eame banni\u00e8re. Le PS a d\u00e9pos\u00e9 plainte en r\u00e9f\u00e9r\u00e9 pour que le pr\u00e9sident Hollande soit retir\u00e9 des affiches de Thierry Braillard. Le Tribunal a d\u00e9bout\u00e9 les socialistes de leur plainte contre Gerard Collomb.<\/p>\n<p>Le tribunal s&rsquo;est toutefois d\u00e9clar\u00e9 incomp\u00e9tent en ce qui concerne les \u00ab\u00a0documents relevant de la propagande \u00e9lectorale officielle\u00a0\u00bb (bulletins de vote, profession de foi et affiches sur les panneaux officiels) qui sont de la comp\u00e9tence du Conseil constitutionnel.<\/p>\n<p>Dans ces conditions, le travail de terrain du candidat PRG a port\u00e9 ses fruits le 10 juin dernier. Le pari tent\u00e9 par le maire de Lyon s&rsquo;est av\u00e9r\u00e9 payant. En effet, une lecture rapide des scores du 1er tour confirme l\u2019encrage local de la gauche :<\/p>\n<p>26.41 % en faveur de Thierry Braillard, soit 9843 votants<\/p>\n<p>18.63% pour Philippe Meirieu, soit 6844 voix.<\/p>\n<p>Thierry Braillard totalise 53,78% des votes au second tour, soit 18 798 voix. Le d\u00e9put\u00e9 \u00e9lu a par ailleurs remerci\u00e9 le candidat Meirieu, qui s&rsquo;est d\u00e9sist\u00e9 au nom du retrait r\u00e9publicain. Concr\u00e8tement, l&rsquo;engagement local est le grand vainqueur de ce scrutin, ce qui a \u00e9t\u00e9 dans d&rsquo;autres r\u00e9gions (<a href=\"http:\/\/www.lemonde.fr\/politique\/breve\/2012\/06\/20\/olivier-falorni-estime-que-segolene-royal-a-fait-preuve-de-mepris-et-d-arrogance_1721866_823448.html\">S\u00e9gol\u00e8ne Royal en Charente-Maritime peut en t\u00e9moigner<\/a>). A Lyon, le soir de la f\u00eate des p\u00e8res a vu c\u00e9l\u00e9brer la f\u00eate du Maire.<\/p>\n<p><strong>Une abstention historique<\/strong><\/p>\n<p>Cependant, sous les ors de la R\u00e9publique du grand salon de la pr\u00e9fecture, il en est un qui a brill\u00e9 par son absence. L\u2019\u00e9clat du cristal a perdu de sa superbe. L\u2019abstentionnisme va en effet faire parler de lui pendant au moins un lustre. Dans la 1ere circonscription il a \u00e9t\u00e9 de 47.24% au second tour. Pire, cinq circonscriptions ont vu leur taux de participation inf\u00e9rieur \u00e0 50%. A savoir les 6eme, 7eme 11eme, 12eme et 14eme. <a href=\"http:\/\/www.leparisien.fr\/elections-legislatives-2012\/legislatives-21-41-de-participation-a-midi-legerement-plus-qu-au-1er-tour-17-06-2012-2052790.php\">Les r\u00e9sultats nationaux ne sont pas moins \u00e9loquents avec 43,71% d&rsquo;abstention au second tour<\/a> (42,77% au premier). C\u2019est le record de la Ve r\u00e9publique \u00e0 ce niveau d\u2019\u00e9lection. La question est abord\u00e9e aupr\u00e8s de nos \u00e9lus UMP pr\u00e9sents.<\/p>\n<div class=\"youtube\" style=\"width: 350; height: 300;\"><object width=\"350\" height=\"300\" classid=\"clsid:d27cdb6e-ae6d-11cf-96b8-444553540000\" codebase=\"http:\/\/download.macromedia.com\/pub\/shockwave\/cabs\/flash\/swflash.cab#version=6,0,40,0\"><param name=\"wmode\" value=\"transparent\" \/><param name=\"src\" value=\"http:\/\/www.youtube.com\/v\/Zij_Z6yys_M?autoplay=0\" \/><embed width=\"350\" height=\"300\" type=\"application\/x-shockwave-flash\" src=\"http:\/\/www.youtube.com\/v\/Zij_Z6yys_M?autoplay=0\" wmode=\"transparent\" \/><\/object><\/div>\n<p>La raison principale d\u2019un tel mutisme \u00e9lectoral rel\u00e8verait de ce qu\u2019il conviendrait d\u2019appeler le \u00ab\u00a0syndrome de 2003\u00a0\u00bb. Les \u00e9lecteurs apr\u00e8s avoir \u00e9lu notre pr\u00e9sident se seraient dit que le plus dur est fait, selon les \u00e9lus UMP. Cela entendrait une carence de culture civique de nos concitoyens, et ce serait r\u00e9duire notre d\u00e9mocratie \u00e0 la seule fonction pr\u00e9sidentielle, toujours selon Michel Terrot, vainqueur dans la 12eme circonscription.<\/p>\n<p>La lassitude des \u00e9lecteurs expliquerait en partie cette d\u00e9mobilisation. Depuis les primaires socialistes, une ann\u00e9e de campagne s&rsquo;est \u00e9coul\u00e9e. Certains dans la salle \u00e9voquent \u00e9galement la possibilit\u00e9 de r\u00e9unir les deux scrutins (Pr\u00e9sidentielles et l\u00e9gislatives), m\u00eame si la question de constitutionnalit\u00e9 peut se poser.<\/p>\n<div class=\"youtube\" style=\"width: 350; height: 300;\"><object width=\"350\" height=\"300\" classid=\"clsid:d27cdb6e-ae6d-11cf-96b8-444553540000\" codebase=\"http:\/\/download.macromedia.com\/pub\/shockwave\/cabs\/flash\/swflash.cab#version=6,0,40,0\"><param name=\"wmode\" value=\"transparent\" \/><param name=\"src\" value=\"http:\/\/www.youtube.com\/v\/HbcLhDyAifk?autoplay=0\" \/><embed width=\"350\" height=\"300\" type=\"application\/x-shockwave-flash\" src=\"http:\/\/www.youtube.com\/v\/HbcLhDyAifk?autoplay=0\" wmode=\"transparent\" \/><\/object><\/div>\n<p>Le s\u00e9nateur-maire de Lyon \u00e9voque son soutien \u00e0 Thierry Braillard<\/p>\n<p>Il y a un peu de coup de pied de l&rsquo;\u00e2ne dans cette \u00e9lection. L&rsquo;abstention, les votes blancs, et le choix contre les candidats \u00ab\u00a0parachut\u00e9s\u00a0\u00bb en t\u00e9moignent. Dans une certaine mesure, l&rsquo;abstention t\u00e9moigne d&rsquo;un d\u00e9tachement des habitants envers leurs d\u00e9put\u00e9s. Notons que malgr\u00e9 la consonance avec les laboratoires pharmaceutiques Lyonnais, Philippe Meirieu aura \u00e9t\u00e9 vaccin\u00e9, pour le soutien affich\u00e9 de Fran\u00e7ois Hollande.<\/p>\n<p>&nbsp;<\/p>\n<p>&nbsp;<\/p>\n<!-- AddThis Advanced Settings generic via filter on the_content --><!-- AddThis Share Buttons generic via filter on the_content -->","protected":false},"excerpt":{"rendered":"<p>Le Lyon Bondy Blog se trouvait dimanche dernier \u00e0 la pr\u00e9fecture pour les r\u00e9sultats du second tour des \u00e9lections l\u00e9gislatives. Un calendrier r\u00e9dactionnel voudrait que &hellip; <!-- AddThis Advanced Settings generic via filter on wp_trim_excerpt --><!-- AddThis Share Buttons generic via filter on wp_trim_excerpt --><\/p>\n","protected":false},"author":3,"featured_media":974,"comment_status":"open","ping_status":"open","sticky":false,"template":"","format":"standard","meta":{"_FSMCFIC_featured_image_caption":"","_FSMCFIC_featured_image_nocaption":"","_FSMCFIC_featured_image_hide":"","footnotes":""},"categories":[4,6],"tags":[362,343,10,112,165],"class_list":["post-972","post","type-post","status-publish","format-standard","has-post-thumbnail","hentry","category-lyon","category-politique","tag-abstention","tag-legislatives","tag-lyon-2","tag-lyon-bondy-blog","tag-politique-2"],"yoast_head":"<!-- This site is optimized with the Yoast SEO plugin v22.8 - https:\/\/yoast.com\/wordpress\/plugins\/seo\/ -->\n<title>L\u00e9gislatives : le mauvais tour \u00ab demi-cratique \u00bb des \u00e9lecteurs - Lyon Bondy Blog<\/title>\n<meta name=\"robots\" content=\"index, follow, max-snippet:-1, max-image-preview:large, max-video-preview:-1\" \/>\n<link rel=\"canonical\" href=\"https:\/\/lyonbondyblog.fr\/LBB\/legislatives-le-mauvais-tour-demi-cratique-des-electeurs\/\" \/>\n<meta property=\"og:locale\" content=\"fr_FR\" \/>\n<meta property=\"og:type\" content=\"article\" \/>\n<meta property=\"og:title\" content=\"L\u00e9gislatives : le mauvais tour \u00ab demi-cratique \u00bb des \u00e9lecteurs - Lyon Bondy Blog\" \/>\n<meta property=\"og:description\" content=\"Le Lyon Bondy Blog se trouvait dimanche dernier \u00e0 la pr\u00e9fecture pour les r\u00e9sultats du second tour des \u00e9lections l\u00e9gislatives. Un calendrier r\u00e9dactionnel voudrait que &hellip;\" \/>\n<meta property=\"og:url\" content=\"https:\/\/lyonbondyblog.fr\/LBB\/legislatives-le-mauvais-tour-demi-cratique-des-electeurs\/\" \/>\n<meta property=\"og:site_name\" content=\"Lyon Bondy Blog\" \/>\n<meta property=\"article:publisher\" content=\"https:\/\/www.facebook.com\/lyonbondyblog\" \/>\n<meta property=\"article:author\" content=\"admin\" \/>\n<meta property=\"article:published_time\" content=\"2012-06-21T13:56:24+00:00\" \/>\n<meta property=\"article:modified_time\" content=\"2013-07-19T14:01:29+00:00\" \/>\n<meta property=\"og:image\" content=\"https:\/\/lyonbondyblog.fr\/LBB\/wp-content\/uploads\/2013\/07\/Prefecture_du_Rhone_a_Lyon1.jpg\" \/>\n\t<meta property=\"og:image:width\" content=\"399\" \/>\n\t<meta property=\"og:image:height\" content=\"199\" \/>\n\t<meta property=\"og:image:type\" content=\"image\/jpeg\" \/>\n<meta name=\"author\" content=\"Na\u00efma Arroussi\" \/>\n<meta name=\"twitter:card\" content=\"summary_large_image\" \/>\n<meta name=\"twitter:creator\" content=\"@bondybloglyon\" \/>\n<meta name=\"twitter:site\" content=\"@bondybloglyon\" \/>\n<script type=\"application\/ld+json\" class=\"yoast-schema-graph\">{\"@context\":\"https:\/\/schema.org\",\"@graph\":[{\"@type\":\"Article\",\"@id\":\"https:\/\/lyonbondyblog.fr\/LBB\/legislatives-le-mauvais-tour-demi-cratique-des-electeurs\/#article\",\"isPartOf\":{\"@id\":\"https:\/\/lyonbondyblog.fr\/LBB\/legislatives-le-mauvais-tour-demi-cratique-des-electeurs\/\"},\"author\":{\"name\":\"Na\u00efma Arroussi\",\"@id\":\"https:\/\/lyonbondyblog.fr\/LBB\/#\/schema\/person\/30588a5d219783f08c6cf2e496dc14c0\"},\"headline\":\"L\u00e9gislatives : le mauvais tour \u00ab demi-cratique \u00bb des \u00e9lecteurs\",\"datePublished\":\"2012-06-21T13:56:24+00:00\",\"dateModified\":\"2013-07-19T14:01:29+00:00\",\"mainEntityOfPage\":{\"@id\":\"https:\/\/lyonbondyblog.fr\/LBB\/legislatives-le-mauvais-tour-demi-cratique-des-electeurs\/\"},\"wordCount\":809,\"commentCount\":0,\"publisher\":{\"@id\":\"https:\/\/lyonbondyblog.fr\/LBB\/#organization\"},\"image\":{\"@id\":\"https:\/\/lyonbondyblog.fr\/LBB\/legislatives-le-mauvais-tour-demi-cratique-des-electeurs\/#primaryimage\"},\"thumbnailUrl\":\"https:\/\/lyonbondyblog.fr\/LBB\/wp-content\/uploads\/2013\/07\/Prefecture_du_Rhone_a_Lyon1.jpg\",\"keywords\":[\"abstention\",\"l\u00e9gislatives\",\"lyon\",\"Lyon Bondy Blog\",\"politique\"],\"articleSection\":[\"Lyon\",\"Politique\"],\"inLanguage\":\"fr-FR\",\"potentialAction\":[{\"@type\":\"CommentAction\",\"name\":\"Comment\",\"target\":[\"https:\/\/lyonbondyblog.fr\/LBB\/legislatives-le-mauvais-tour-demi-cratique-des-electeurs\/#respond\"]}]},{\"@type\":\"WebPage\",\"@id\":\"https:\/\/lyonbondyblog.fr\/LBB\/legislatives-le-mauvais-tour-demi-cratique-des-electeurs\/\",\"url\":\"https:\/\/lyonbondyblog.fr\/LBB\/legislatives-le-mauvais-tour-demi-cratique-des-electeurs\/\",\"name\":\"L\u00e9gislatives : le mauvais tour \u00ab demi-cratique \u00bb des \u00e9lecteurs - Lyon Bondy Blog\",\"isPartOf\":{\"@id\":\"https:\/\/lyonbondyblog.fr\/LBB\/#website\"},\"primaryImageOfPage\":{\"@id\":\"https:\/\/lyonbondyblog.fr\/LBB\/legislatives-le-mauvais-tour-demi-cratique-des-electeurs\/#primaryimage\"},\"image\":{\"@id\":\"https:\/\/lyonbondyblog.fr\/LBB\/legislatives-le-mauvais-tour-demi-cratique-des-electeurs\/#primaryimage\"},\"thumbnailUrl\":\"https:\/\/lyonbondyblog.fr\/LBB\/wp-content\/uploads\/2013\/07\/Prefecture_du_Rhone_a_Lyon1.jpg\",\"datePublished\":\"2012-06-21T13:56:24+00:00\",\"dateModified\":\"2013-07-19T14:01:29+00:00\",\"inLanguage\":\"fr-FR\",\"potentialAction\":[{\"@type\":\"ReadAction\",\"target\":[\"https:\/\/lyonbondyblog.fr\/LBB\/legislatives-le-mauvais-tour-demi-cratique-des-electeurs\/\"]}]},{\"@type\":\"ImageObject\",\"inLanguage\":\"fr-FR\",\"@id\":\"https:\/\/lyonbondyblog.fr\/LBB\/legislatives-le-mauvais-tour-demi-cratique-des-electeurs\/#primaryimage\",\"url\":\"https:\/\/lyonbondyblog.fr\/LBB\/wp-content\/uploads\/2013\/07\/Prefecture_du_Rhone_a_Lyon1.jpg\",\"contentUrl\":\"https:\/\/lyonbondyblog.fr\/LBB\/wp-content\/uploads\/2013\/07\/Prefecture_du_Rhone_a_Lyon1.jpg\",\"width\":399,\"height\":199},{\"@type\":\"WebSite\",\"@id\":\"https:\/\/lyonbondyblog.fr\/LBB\/#website\",\"url\":\"https:\/\/lyonbondyblog.fr\/LBB\/\",\"name\":\"Lyon Bondy Blog\",\"description\":\"\",\"publisher\":{\"@id\":\"https:\/\/lyonbondyblog.fr\/LBB\/#organization\"},\"potentialAction\":[{\"@type\":\"SearchAction\",\"target\":{\"@type\":\"EntryPoint\",\"urlTemplate\":\"https:\/\/lyonbondyblog.fr\/LBB\/?s={search_term_string}\"},\"query-input\":\"required name=search_term_string\"}],\"inLanguage\":\"fr-FR\"},{\"@type\":\"Organization\",\"@id\":\"https:\/\/lyonbondyblog.fr\/LBB\/#organization\",\"name\":\"LYON BONDY BLOG\",\"url\":\"https:\/\/lyonbondyblog.fr\/LBB\/\",\"logo\":{\"@type\":\"ImageObject\",\"inLanguage\":\"fr-FR\",\"@id\":\"https:\/\/lyonbondyblog.fr\/LBB\/#\/schema\/logo\/image\/\",\"url\":\"http:\/\/lyonbondyblog.fr\/LBB\/wp-content\/uploads\/2014\/10\/logo-portable-144.png\",\"contentUrl\":\"http:\/\/lyonbondyblog.fr\/LBB\/wp-content\/uploads\/2014\/10\/logo-portable-144.png\",\"width\":144,\"height\":123,\"caption\":\"LYON BONDY BLOG\"},\"image\":{\"@id\":\"https:\/\/lyonbondyblog.fr\/LBB\/#\/schema\/logo\/image\/\"},\"sameAs\":[\"https:\/\/www.facebook.com\/lyonbondyblog\",\"https:\/\/x.com\/bondybloglyon\"]},{\"@type\":\"Person\",\"@id\":\"https:\/\/lyonbondyblog.fr\/LBB\/#\/schema\/person\/30588a5d219783f08c6cf2e496dc14c0\",\"name\":\"Na\u00efma Arroussi\",\"sameAs\":[\"admin\"],\"url\":\"https:\/\/lyonbondyblog.fr\/LBB\/author\/naima\/\"}]}<\/script>\n<!-- \/ Yoast SEO plugin. -->","yoast_head_json":{"title":"L\u00e9gislatives : le mauvais tour \u00ab demi-cratique \u00bb des \u00e9lecteurs - Lyon Bondy Blog","robots":{"index":"index","follow":"follow","max-snippet":"max-snippet:-1","max-image-preview":"max-image-preview:large","max-video-preview":"max-video-preview:-1"},"canonical":"https:\/\/lyonbondyblog.fr\/LBB\/legislatives-le-mauvais-tour-demi-cratique-des-electeurs\/","og_locale":"fr_FR","og_type":"article","og_title":"L\u00e9gislatives : le mauvais tour \u00ab demi-cratique \u00bb des \u00e9lecteurs - Lyon Bondy Blog","og_description":"Le Lyon Bondy Blog se trouvait dimanche dernier \u00e0 la pr\u00e9fecture pour les r\u00e9sultats du second tour des \u00e9lections l\u00e9gislatives. Un calendrier r\u00e9dactionnel voudrait que &hellip;","og_url":"https:\/\/lyonbondyblog.fr\/LBB\/legislatives-le-mauvais-tour-demi-cratique-des-electeurs\/","og_site_name":"Lyon Bondy Blog","article_publisher":"https:\/\/www.facebook.com\/lyonbondyblog","article_author":"admin","article_published_time":"2012-06-21T13:56:24+00:00","article_modified_time":"2013-07-19T14:01:29+00:00","og_image":[{"width":399,"height":199,"url":"https:\/\/lyonbondyblog.fr\/LBB\/wp-content\/uploads\/2013\/07\/Prefecture_du_Rhone_a_Lyon1.jpg","type":"image\/jpeg"}],"author":"Na\u00efma Arroussi","twitter_card":"summary_large_image","twitter_creator":"@bondybloglyon","twitter_site":"@bondybloglyon","schema":{"@context":"https:\/\/schema.org","@graph":[{"@type":"Article","@id":"https:\/\/lyonbondyblog.fr\/LBB\/legislatives-le-mauvais-tour-demi-cratique-des-electeurs\/#article","isPartOf":{"@id":"https:\/\/lyonbondyblog.fr\/LBB\/legislatives-le-mauvais-tour-demi-cratique-des-electeurs\/"},"author":{"name":"Na\u00efma Arroussi","@id":"https:\/\/lyonbondyblog.fr\/LBB\/#\/schema\/person\/30588a5d219783f08c6cf2e496dc14c0"},"headline":"L\u00e9gislatives : le mauvais tour \u00ab demi-cratique \u00bb des \u00e9lecteurs","datePublished":"2012-06-21T13:56:24+00:00","dateModified":"2013-07-19T14:01:29+00:00","mainEntityOfPage":{"@id":"https:\/\/lyonbondyblog.fr\/LBB\/legislatives-le-mauvais-tour-demi-cratique-des-electeurs\/"},"wordCount":809,"commentCount":0,"publisher":{"@id":"https:\/\/lyonbondyblog.fr\/LBB\/#organization"},"image":{"@id":"https:\/\/lyonbondyblog.fr\/LBB\/legislatives-le-mauvais-tour-demi-cratique-des-electeurs\/#primaryimage"},"thumbnailUrl":"https:\/\/lyonbondyblog.fr\/LBB\/wp-content\/uploads\/2013\/07\/Prefecture_du_Rhone_a_Lyon1.jpg","keywords":["abstention","l\u00e9gislatives","lyon","Lyon Bondy Blog","politique"],"articleSection":["Lyon","Politique"],"inLanguage":"fr-FR","potentialAction":[{"@type":"CommentAction","name":"Comment","target":["https:\/\/lyonbondyblog.fr\/LBB\/legislatives-le-mauvais-tour-demi-cratique-des-electeurs\/#respond"]}]},{"@type":"WebPage","@id":"https:\/\/lyonbondyblog.fr\/LBB\/legislatives-le-mauvais-tour-demi-cratique-des-electeurs\/","url":"https:\/\/lyonbondyblog.fr\/LBB\/legislatives-le-mauvais-tour-demi-cratique-des-electeurs\/","name":"L\u00e9gislatives : le mauvais tour \u00ab demi-cratique \u00bb des \u00e9lecteurs - Lyon Bondy Blog","isPartOf":{"@id":"https:\/\/lyonbondyblog.fr\/LBB\/#website"},"primaryImageOfPage":{"@id":"https:\/\/lyonbondyblog.fr\/LBB\/legislatives-le-mauvais-tour-demi-cratique-des-electeurs\/#primaryimage"},"image":{"@id":"https:\/\/lyonbondyblog.fr\/LBB\/legislatives-le-mauvais-tour-demi-cratique-des-electeurs\/#primaryimage"},"thumbnailUrl":"https:\/\/lyonbondyblog.fr\/LBB\/wp-content\/uploads\/2013\/07\/Prefecture_du_Rhone_a_Lyon1.jpg","datePublished":"2012-06-21T13:56:24+00:00","dateModified":"2013-07-19T14:01:29+00:00","inLanguage":"fr-FR","potentialAction":[{"@type":"ReadAction","target":["https:\/\/lyonbondyblog.fr\/LBB\/legislatives-le-mauvais-tour-demi-cratique-des-electeurs\/"]}]},{"@type":"ImageObject","inLanguage":"fr-FR","@id":"https:\/\/lyonbondyblog.fr\/LBB\/legislatives-le-mauvais-tour-demi-cratique-des-electeurs\/#primaryimage","url":"https:\/\/lyonbondyblog.fr\/LBB\/wp-content\/uploads\/2013\/07\/Prefecture_du_Rhone_a_Lyon1.jpg","contentUrl":"https:\/\/lyonbondyblog.fr\/LBB\/wp-content\/uploads\/2013\/07\/Prefecture_du_Rhone_a_Lyon1.jpg","width":399,"height":199},{"@type":"WebSite","@id":"https:\/\/lyonbondyblog.fr\/LBB\/#website","url":"https:\/\/lyonbondyblog.fr\/LBB\/","name":"Lyon Bondy Blog","description":"","publisher":{"@id":"https:\/\/lyonbondyblog.fr\/LBB\/#organization"},"potentialAction":[{"@type":"SearchAction","target":{"@type":"EntryPoint","urlTemplate":"https:\/\/lyonbondyblog.fr\/LBB\/?s={search_term_string}"},"query-input":"required name=search_term_string"}],"inLanguage":"fr-FR"},{"@type":"Organization","@id":"https:\/\/lyonbondyblog.fr\/LBB\/#organization","name":"LYON BONDY BLOG","url":"https:\/\/lyonbondyblog.fr\/LBB\/","logo":{"@type":"ImageObject","inLanguage":"fr-FR","@id":"https:\/\/lyonbondyblog.fr\/LBB\/#\/schema\/logo\/image\/","url":"http:\/\/lyonbondyblog.fr\/LBB\/wp-content\/uploads\/2014\/10\/logo-portable-144.png","contentUrl":"http:\/\/lyonbondyblog.fr\/LBB\/wp-content\/uploads\/2014\/10\/logo-portable-144.png","width":144,"height":123,"caption":"LYON BONDY BLOG"},"image":{"@id":"https:\/\/lyonbondyblog.fr\/LBB\/#\/schema\/logo\/image\/"},"sameAs":["https:\/\/www.facebook.com\/lyonbondyblog","https:\/\/x.com\/bondybloglyon"]},{"@type":"Person","@id":"https:\/\/lyonbondyblog.fr\/LBB\/#\/schema\/person\/30588a5d219783f08c6cf2e496dc14c0","name":"Na\u00efma Arroussi","sameAs":["admin"],"url":"https:\/\/lyonbondyblog.fr\/LBB\/author\/naima\/"}]}},"_links":{"self":[{"href":"https:\/\/lyonbondyblog.fr\/LBB\/wp-json\/wp\/v2\/posts\/972","targetHints":{"allow":["GET"]}}],"collection":[{"href":"https:\/\/lyonbondyblog.fr\/LBB\/wp-json\/wp\/v2\/posts"}],"about":[{"href":"https:\/\/lyonbondyblog.fr\/LBB\/wp-json\/wp\/v2\/types\/post"}],"author":[{"embeddable":true,"href":"https:\/\/lyonbondyblog.fr\/LBB\/wp-json\/wp\/v2\/users\/3"}],"replies":[{"embeddable":true,"href":"https:\/\/lyonbondyblog.fr\/LBB\/wp-json\/wp\/v2\/comments?post=972"}],"version-history":[{"count":0,"href":"https:\/\/lyonbondyblog.fr\/LBB\/wp-json\/wp\/v2\/posts\/972\/revisions"}],"wp:featuredmedia":[{"embeddable":true,"href":"https:\/\/lyonbondyblog.fr\/LBB\/wp-json\/wp\/v2\/media\/974"}],"wp:attachment":[{"href":"https:\/\/lyonbondyblog.fr\/LBB\/wp-json\/wp\/v2\/media?parent=972"}],"wp:term":[{"taxonomy":"category","embeddable":true,"href":"https:\/\/lyonbondyblog.fr\/LBB\/wp-json\/wp\/v2\/categories?post=972"},{"taxonomy":"post_tag","embeddable":true,"href":"https:\/\/lyonbondyblog.fr\/LBB\/wp-json\/wp\/v2\/tags?post=972"}],"curies":[{"name":"wp","href":"https:\/\/api.w.org\/{rel}","templated":true}]}}