{"id":9599,"date":"2016-03-10T18:36:00","date_gmt":"2016-03-10T17:36:00","guid":{"rendered":"http:\/\/lyonbondyblog.fr\/LBB\/?p=9599"},"modified":"2016-03-10T18:36:00","modified_gmt":"2016-03-10T17:36:00","slug":"manif-9-mars-arretez-khomri","status":"publish","type":"post","link":"https:\/\/lyonbondyblog.fr\/LBB\/manif-9-mars-arretez-khomri\/","title":{"rendered":"9 mars : \u00ab\u00a0Arr\u00eatez les Khomri\u00a0!\u00a0\u00bb"},"content":{"rendered":"<p><strong>Mercredi 9 mars, \u00e0 13 heures, place Bellecour, d\u00e9bute la manifestation contre la loi El Khomri. \u00c9tudiants, retrait\u00e9s, pr\u00e9caires, ch\u00f4meurs et travailleurs sont au rendez-vous et manifestent main dans la main pour faire supprimer cette proposition de loi.<\/strong><\/p>\n<p>Plus de 7 000 personnes d\u2019apr\u00e8s la pr\u00e9fecture, au moins 20\u00a0000 selon les organisateurs. La manifestation du 9 mars commence \u00e0 13\u00a0h \u00e0 Bellecour. Les jeunes, au premier rang, pancartes et banderoles \u00e0 la main, animent le cort\u00e8ge\u00a0: \u00ab\u00a0Manu t\u2019es foutu la jeunesse est dans la rue\u00a0!\u00a0\u00bb Ils chantent et dansent sur la musique de Saez \u00ab\u00a0J\u2019accuse\u00a0\u00bb, qui d\u00e9nonce le syst\u00e8me gouvernemental fran\u00e7ais.<\/p>\n<p>Exigeant le retrait de cette proposition de loi, les manifestants invitent chaque personne qui regarde de son balcon, \u00e0 les rejoindre\u00a0: \u00ab\u00a0Avec nous dans la rue\u00a0!\u00a0\u00bb. Et figurez-vous qu\u2019un certain nombre sont effectivement descendus afin de les soutenir.<\/p>\n<p>Les jeunes d\u00e9noncent ensemble la d\u00e9ch\u00e9ance des droits des travailleurs et l\u2019avenir m\u00e9diocre qui les attend si cette loi est valid\u00e9e.<\/p>\n<p>Na\u00eblle, 19 ans \u00e9tudiante en sciences politiques et anthropologie\u00a0:<\/p>\n<blockquote><p>\u00ab\u00a0Je suis l\u00e0 afin de me battre pour assurer un avenir meilleur pour les travailleurs et m\u00eame pour le n\u00f4tre en sachant que c\u2019est une r\u00e9forme qui est inacceptable au niveau des droits qu\u2019on a au travail. Le fait qu\u2019on soit tous ensemble, qu\u2019on lutte pour un projet commun et qu\u2019on peut, nous-m\u00eames, la jeunesse, lutter contre cette loi, c\u2019est magnifique.\u00a0\u00bb<\/p><\/blockquote>\n<p><img loading=\"lazy\" decoding=\"async\" class=\"aligncenter wp-image-9597 size-full\" src=\"https:\/\/lyonbondyblog.fr\/LBB\/wp-content\/uploads\/2016\/03\/P1010809.jpg\" alt=\"9 mars\" width=\"720\" height=\"405\" srcset=\"https:\/\/lyonbondyblog.fr\/LBB\/wp-content\/uploads\/2016\/03\/P1010809.jpg 720w, https:\/\/lyonbondyblog.fr\/LBB\/wp-content\/uploads\/2016\/03\/P1010809-300x169.jpg 300w, https:\/\/lyonbondyblog.fr\/LBB\/wp-content\/uploads\/2016\/03\/P1010809-600x338.jpg 600w\" sizes=\"auto, (max-width: 720px) 100vw, 720px\" \/><\/p>\n<h2>\u00ab\u00a0Les Khomri, \u00e7a suffit\u00a0\u00bb<\/h2>\n<p>La jeunesse se mobilise pour son avenir, soutenue par les anciens. Pierre-Alain Millet r\u00e9sident aux Minguettes, militant communiste, et adjoint au maire de V\u00e9nissieux, t\u00e9moigne\u00a0:<\/p>\n<blockquote><p>\u00ab\u00a0Je suis l\u00e0 parce que j\u2019ai \u00e9t\u00e9 d\u00e9l\u00e9gu\u00e9 syndical dans ma petite soci\u00e9t\u00e9 de services pendant dix ans. Le droit du travail, c\u2019\u00e9tait quasiment la seule chose qui permettait de se d\u00e9fendre et de limiter les injustices. Le droit du travail est indispensable aux salari\u00e9s et aux jeunes. C\u2019est une attaque qui d\u00e9fait grosso modo tout le compromis social de la France du 20\u00e8me si\u00e8cle.\u00a0\u00bb<\/p><\/blockquote>\n<figure id=\"attachment_9596\" aria-describedby=\"caption-attachment-9596\" style=\"width: 720px\" class=\"wp-caption aligncenter\"><img loading=\"lazy\" decoding=\"async\" class=\"wp-image-9596 size-full\" src=\"https:\/\/lyonbondyblog.fr\/LBB\/wp-content\/uploads\/2016\/03\/P1010794.jpg\" alt=\"9 mars\" width=\"720\" height=\"405\" srcset=\"https:\/\/lyonbondyblog.fr\/LBB\/wp-content\/uploads\/2016\/03\/P1010794.jpg 720w, https:\/\/lyonbondyblog.fr\/LBB\/wp-content\/uploads\/2016\/03\/P1010794-300x169.jpg 300w, https:\/\/lyonbondyblog.fr\/LBB\/wp-content\/uploads\/2016\/03\/P1010794-600x338.jpg 600w\" sizes=\"auto, (max-width: 720px) 100vw, 720px\" \/><figcaption id=\"caption-attachment-9596\" class=\"wp-caption-text\">Pierre-Alain Millet, adjoint au maire de V\u00e9nissieux, pendant la manif du 9 mars 2016<\/figcaption><\/figure>\n<p>Militante contre \u00ab\u00a0les lois liberticides qui nous tombent sur la t\u00eate\u00a0\u00bb depuis son plus jeune \u00e2ge, Linda 36 ans intervient.<\/p>\n<blockquote><p>\u00ab\u00a0C\u2019est une premi\u00e8re manif, mais il faut que les gens se mobilisent. Les vraies gens concern\u00e9s, les victimes du travail pr\u00e9caire\u00a0: ce sont les gens qui habitent dans les quartiers, qui n\u2019ont pas le bon nom ni m\u00eame le bon faci\u00e8s\u00a0! Il faut qu\u2019ils sortent, qu\u2019ils s\u2019unissent, qu\u2019ils participent et qu\u2019ils parlent. Surtout sans laisser les gens parler \u00e0 leur place\u00a0!\u00a0\u00bb<\/p><\/blockquote>\n<p><img loading=\"lazy\" decoding=\"async\" class=\"aligncenter wp-image-9594 size-full\" src=\"https:\/\/lyonbondyblog.fr\/LBB\/wp-content\/uploads\/2016\/03\/P1010744.jpg\" alt=\"9 mars\" width=\"720\" height=\"405\" srcset=\"https:\/\/lyonbondyblog.fr\/LBB\/wp-content\/uploads\/2016\/03\/P1010744.jpg 720w, https:\/\/lyonbondyblog.fr\/LBB\/wp-content\/uploads\/2016\/03\/P1010744-300x169.jpg 300w, https:\/\/lyonbondyblog.fr\/LBB\/wp-content\/uploads\/2016\/03\/P1010744-600x338.jpg 600w\" sizes=\"auto, (max-width: 720px) 100vw, 720px\" \/><\/p>\n<p>La marche continue jusqu\u2019\u00e0 Jean Mac\u00e9, mais ne s\u2019arr\u00eate pas comme pr\u00e9vu \u00e0 cet endroit-l\u00e0. En effet, d\u00e9termin\u00e9s comme jamais, avec leur slogan\u00a0: \u00ab\u00a0Jeunes, pr\u00e9caires, fiers et d\u00e9t\u00e8r\u2019\u00a0\u00bb, les manifestants prolongent leur combat et avancent jusqu\u2019\u00e0 la Guilloti\u00e8re o\u00f9 les choses se sont compliqu\u00e9es. Fumig\u00e8nes et pierres ont vol\u00e9 dans tous les sens. <a href=\"http:\/\/www.rue89lyon.fr\/2016\/03\/09\/la-loi-travail-lyon-premiere-mobilisation-reussie-manif-sauvage\/\">On a d\u00e9nombrait hier au moins trois interpellations et deux bless\u00e9s<\/a>.<\/p>\n<p>&nbsp;<\/p>\n<h4>Sirine Messaoudi, avec Julie Mazigh<\/h4>\n<!-- AddThis Advanced Settings generic via filter on the_content --><!-- AddThis Share Buttons generic via filter on the_content -->","protected":false},"excerpt":{"rendered":"<p>Mercredi 9 mars, \u00e0 13 heures, place Bellecour, d\u00e9bute la manifestation contre la loi El Khomri. \u00c9tudiants, retrait\u00e9s, pr\u00e9caires, ch\u00f4meurs et travailleurs sont au rendez-vous &hellip; <!-- AddThis Advanced Settings generic via filter on wp_trim_excerpt --><!-- AddThis Share Buttons generic via filter on wp_trim_excerpt --><\/p>\n","protected":false},"author":1,"featured_media":9598,"comment_status":"open","ping_status":"open","sticky":false,"template":"","format":"standard","meta":{"_FSMCFIC_featured_image_caption":"","_FSMCFIC_featured_image_nocaption":"","_FSMCFIC_featured_image_hide":"","footnotes":""},"categories":[5,4,6],"tags":[2206,364,2252,2254,1458,399,522,2255,1729,10,770,1601,165,680,1943,1527,1081,2253,42],"class_list":["post-9599","post","type-post","status-publish","format-standard","has-post-thumbnail","hentry","category-ambiance","category-lyon","category-politique","tag-2206","tag-chomage","tag-delegue-syndical","tag-droit-du-travail","tag-francais","tag-gouvernement","tag-jeunesse","tag-la-guillotiere","tag-loi","tag-lyon-2","tag-minguettes","tag-place-bellecour","tag-politique-2","tag-prefecture","tag-proposition-de-loi","tag-salariat","tag-social","tag-travail-precaire","tag-venissieux"],"yoast_head":"<!-- This site is optimized with the Yoast SEO plugin v22.8 - https:\/\/yoast.com\/wordpress\/plugins\/seo\/ -->\n<title>9 mars : \u00ab\u00a0Arr\u00eatez les Khomri\u00a0!\u00a0\u00bb - Lyon Bondy Blog<\/title>\n<meta name=\"robots\" content=\"index, follow, max-snippet:-1, max-image-preview:large, max-video-preview:-1\" \/>\n<link rel=\"canonical\" href=\"https:\/\/lyonbondyblog.fr\/LBB\/manif-9-mars-arretez-khomri\/\" \/>\n<meta property=\"og:locale\" content=\"fr_FR\" \/>\n<meta property=\"og:type\" content=\"article\" \/>\n<meta property=\"og:title\" content=\"9 mars : \u00ab\u00a0Arr\u00eatez les Khomri\u00a0!\u00a0\u00bb - Lyon Bondy Blog\" \/>\n<meta property=\"og:description\" content=\"Mercredi 9 mars, \u00e0 13 heures, place Bellecour, d\u00e9bute la manifestation contre la loi El Khomri. \u00c9tudiants, retrait\u00e9s, pr\u00e9caires, ch\u00f4meurs et travailleurs sont au rendez-vous &hellip;\" \/>\n<meta property=\"og:url\" content=\"https:\/\/lyonbondyblog.fr\/LBB\/manif-9-mars-arretez-khomri\/\" \/>\n<meta property=\"og:site_name\" content=\"Lyon Bondy Blog\" \/>\n<meta property=\"article:publisher\" content=\"https:\/\/www.facebook.com\/lyonbondyblog\" \/>\n<meta property=\"article:author\" content=\"https:\/\/www.facebook.com\/lyonbondyblog\" \/>\n<meta property=\"article:published_time\" content=\"2016-03-10T17:36:00+00:00\" \/>\n<meta property=\"og:image\" content=\"https:\/\/lyonbondyblog.fr\/LBB\/wp-content\/uploads\/2016\/03\/P1010728.jpg\" \/>\n\t<meta property=\"og:image:width\" content=\"720\" \/>\n\t<meta property=\"og:image:height\" content=\"331\" \/>\n\t<meta property=\"og:image:type\" content=\"image\/jpeg\" \/>\n<meta name=\"author\" content=\"La r\u00e9daction\" \/>\n<meta name=\"twitter:card\" content=\"summary_large_image\" \/>\n<meta name=\"twitter:creator\" content=\"@BondyBlogLyon\" \/>\n<meta name=\"twitter:site\" content=\"@bondybloglyon\" \/>\n<script type=\"application\/ld+json\" class=\"yoast-schema-graph\">{\"@context\":\"https:\/\/schema.org\",\"@graph\":[{\"@type\":\"Article\",\"@id\":\"https:\/\/lyonbondyblog.fr\/LBB\/manif-9-mars-arretez-khomri\/#article\",\"isPartOf\":{\"@id\":\"https:\/\/lyonbondyblog.fr\/LBB\/manif-9-mars-arretez-khomri\/\"},\"author\":{\"name\":\"La r\u00e9daction\",\"@id\":\"https:\/\/lyonbondyblog.fr\/LBB\/#\/schema\/person\/e45f8d27baac75072daa0be50c409b25\"},\"headline\":\"9 mars : \u00ab\u00a0Arr\u00eatez les Khomri\u00a0!\u00a0\u00bb\",\"datePublished\":\"2016-03-10T17:36:00+00:00\",\"dateModified\":\"2016-03-10T17:36:00+00:00\",\"mainEntityOfPage\":{\"@id\":\"https:\/\/lyonbondyblog.fr\/LBB\/manif-9-mars-arretez-khomri\/\"},\"wordCount\":555,\"commentCount\":0,\"publisher\":{\"@id\":\"https:\/\/lyonbondyblog.fr\/LBB\/#organization\"},\"image\":{\"@id\":\"https:\/\/lyonbondyblog.fr\/LBB\/manif-9-mars-arretez-khomri\/#primaryimage\"},\"thumbnailUrl\":\"https:\/\/lyonbondyblog.fr\/LBB\/wp-content\/uploads\/2016\/03\/P1010728.jpg\",\"keywords\":[\"2016\",\"chomage\",\"D\u00e9l\u00e9gu\u00e9 syndical\",\"Droit du travail\",\"Fran\u00e7ais\",\"gouvernement\",\"jeunesse\",\"La Guilloti\u00e8re\",\"Loi\",\"lyon\",\"Minguettes\",\"Place Bellecour\",\"politique\",\"pr\u00e9fecture\",\"Proposition de loi\",\"Salariat\",\"social\",\"Travail pr\u00e9caire\",\"venissieux\"],\"articleSection\":[\"Ambiance\",\"Lyon\",\"Politique\"],\"inLanguage\":\"fr-FR\",\"potentialAction\":[{\"@type\":\"CommentAction\",\"name\":\"Comment\",\"target\":[\"https:\/\/lyonbondyblog.fr\/LBB\/manif-9-mars-arretez-khomri\/#respond\"]}]},{\"@type\":\"WebPage\",\"@id\":\"https:\/\/lyonbondyblog.fr\/LBB\/manif-9-mars-arretez-khomri\/\",\"url\":\"https:\/\/lyonbondyblog.fr\/LBB\/manif-9-mars-arretez-khomri\/\",\"name\":\"9 mars : \u00ab\u00a0Arr\u00eatez les Khomri\u00a0!\u00a0\u00bb - Lyon Bondy Blog\",\"isPartOf\":{\"@id\":\"https:\/\/lyonbondyblog.fr\/LBB\/#website\"},\"primaryImageOfPage\":{\"@id\":\"https:\/\/lyonbondyblog.fr\/LBB\/manif-9-mars-arretez-khomri\/#primaryimage\"},\"image\":{\"@id\":\"https:\/\/lyonbondyblog.fr\/LBB\/manif-9-mars-arretez-khomri\/#primaryimage\"},\"thumbnailUrl\":\"https:\/\/lyonbondyblog.fr\/LBB\/wp-content\/uploads\/2016\/03\/P1010728.jpg\",\"datePublished\":\"2016-03-10T17:36:00+00:00\",\"dateModified\":\"2016-03-10T17:36:00+00:00\",\"inLanguage\":\"fr-FR\",\"potentialAction\":[{\"@type\":\"ReadAction\",\"target\":[\"https:\/\/lyonbondyblog.fr\/LBB\/manif-9-mars-arretez-khomri\/\"]}]},{\"@type\":\"ImageObject\",\"inLanguage\":\"fr-FR\",\"@id\":\"https:\/\/lyonbondyblog.fr\/LBB\/manif-9-mars-arretez-khomri\/#primaryimage\",\"url\":\"https:\/\/lyonbondyblog.fr\/LBB\/wp-content\/uploads\/2016\/03\/P1010728.jpg\",\"contentUrl\":\"https:\/\/lyonbondyblog.fr\/LBB\/wp-content\/uploads\/2016\/03\/P1010728.jpg\",\"width\":720,\"height\":331},{\"@type\":\"WebSite\",\"@id\":\"https:\/\/lyonbondyblog.fr\/LBB\/#website\",\"url\":\"https:\/\/lyonbondyblog.fr\/LBB\/\",\"name\":\"Lyon Bondy Blog\",\"description\":\"\",\"publisher\":{\"@id\":\"https:\/\/lyonbondyblog.fr\/LBB\/#organization\"},\"potentialAction\":[{\"@type\":\"SearchAction\",\"target\":{\"@type\":\"EntryPoint\",\"urlTemplate\":\"https:\/\/lyonbondyblog.fr\/LBB\/?s={search_term_string}\"},\"query-input\":\"required name=search_term_string\"}],\"inLanguage\":\"fr-FR\"},{\"@type\":\"Organization\",\"@id\":\"https:\/\/lyonbondyblog.fr\/LBB\/#organization\",\"name\":\"LYON BONDY BLOG\",\"url\":\"https:\/\/lyonbondyblog.fr\/LBB\/\",\"logo\":{\"@type\":\"ImageObject\",\"inLanguage\":\"fr-FR\",\"@id\":\"https:\/\/lyonbondyblog.fr\/LBB\/#\/schema\/logo\/image\/\",\"url\":\"http:\/\/lyonbondyblog.fr\/LBB\/wp-content\/uploads\/2014\/10\/logo-portable-144.png\",\"contentUrl\":\"http:\/\/lyonbondyblog.fr\/LBB\/wp-content\/uploads\/2014\/10\/logo-portable-144.png\",\"width\":144,\"height\":123,\"caption\":\"LYON BONDY BLOG\"},\"image\":{\"@id\":\"https:\/\/lyonbondyblog.fr\/LBB\/#\/schema\/logo\/image\/\"},\"sameAs\":[\"https:\/\/www.facebook.com\/lyonbondyblog\",\"https:\/\/x.com\/bondybloglyon\"]},{\"@type\":\"Person\",\"@id\":\"https:\/\/lyonbondyblog.fr\/LBB\/#\/schema\/person\/e45f8d27baac75072daa0be50c409b25\",\"name\":\"La r\u00e9daction\",\"description\":\"Cr\u00e9e en 2008, la r\u00e9daction du Lyon Bondy Blog s'applique \u00e0 proposer une information locale diff\u00e9rente et compl\u00e9mentaire des m\u00e9dias traditionnels.\",\"sameAs\":[\"https:\/\/www.facebook.com\/lyonbondyblog\",\"https:\/\/x.com\/BondyBlogLyon\"],\"url\":\"https:\/\/lyonbondyblog.fr\/LBB\/author\/admin\/\"}]}<\/script>\n<!-- \/ Yoast SEO plugin. -->","yoast_head_json":{"title":"9 mars : \u00ab\u00a0Arr\u00eatez les Khomri\u00a0!\u00a0\u00bb - Lyon Bondy Blog","robots":{"index":"index","follow":"follow","max-snippet":"max-snippet:-1","max-image-preview":"max-image-preview:large","max-video-preview":"max-video-preview:-1"},"canonical":"https:\/\/lyonbondyblog.fr\/LBB\/manif-9-mars-arretez-khomri\/","og_locale":"fr_FR","og_type":"article","og_title":"9 mars : \u00ab\u00a0Arr\u00eatez les Khomri\u00a0!\u00a0\u00bb - Lyon Bondy Blog","og_description":"Mercredi 9 mars, \u00e0 13 heures, place Bellecour, d\u00e9bute la manifestation contre la loi El Khomri. \u00c9tudiants, retrait\u00e9s, pr\u00e9caires, ch\u00f4meurs et travailleurs sont au rendez-vous &hellip;","og_url":"https:\/\/lyonbondyblog.fr\/LBB\/manif-9-mars-arretez-khomri\/","og_site_name":"Lyon Bondy Blog","article_publisher":"https:\/\/www.facebook.com\/lyonbondyblog","article_author":"https:\/\/www.facebook.com\/lyonbondyblog","article_published_time":"2016-03-10T17:36:00+00:00","og_image":[{"width":720,"height":331,"url":"https:\/\/lyonbondyblog.fr\/LBB\/wp-content\/uploads\/2016\/03\/P1010728.jpg","type":"image\/jpeg"}],"author":"La r\u00e9daction","twitter_card":"summary_large_image","twitter_creator":"@BondyBlogLyon","twitter_site":"@bondybloglyon","schema":{"@context":"https:\/\/schema.org","@graph":[{"@type":"Article","@id":"https:\/\/lyonbondyblog.fr\/LBB\/manif-9-mars-arretez-khomri\/#article","isPartOf":{"@id":"https:\/\/lyonbondyblog.fr\/LBB\/manif-9-mars-arretez-khomri\/"},"author":{"name":"La r\u00e9daction","@id":"https:\/\/lyonbondyblog.fr\/LBB\/#\/schema\/person\/e45f8d27baac75072daa0be50c409b25"},"headline":"9 mars : \u00ab\u00a0Arr\u00eatez les Khomri\u00a0!\u00a0\u00bb","datePublished":"2016-03-10T17:36:00+00:00","dateModified":"2016-03-10T17:36:00+00:00","mainEntityOfPage":{"@id":"https:\/\/lyonbondyblog.fr\/LBB\/manif-9-mars-arretez-khomri\/"},"wordCount":555,"commentCount":0,"publisher":{"@id":"https:\/\/lyonbondyblog.fr\/LBB\/#organization"},"image":{"@id":"https:\/\/lyonbondyblog.fr\/LBB\/manif-9-mars-arretez-khomri\/#primaryimage"},"thumbnailUrl":"https:\/\/lyonbondyblog.fr\/LBB\/wp-content\/uploads\/2016\/03\/P1010728.jpg","keywords":["2016","chomage","D\u00e9l\u00e9gu\u00e9 syndical","Droit du travail","Fran\u00e7ais","gouvernement","jeunesse","La Guilloti\u00e8re","Loi","lyon","Minguettes","Place Bellecour","politique","pr\u00e9fecture","Proposition de loi","Salariat","social","Travail pr\u00e9caire","venissieux"],"articleSection":["Ambiance","Lyon","Politique"],"inLanguage":"fr-FR","potentialAction":[{"@type":"CommentAction","name":"Comment","target":["https:\/\/lyonbondyblog.fr\/LBB\/manif-9-mars-arretez-khomri\/#respond"]}]},{"@type":"WebPage","@id":"https:\/\/lyonbondyblog.fr\/LBB\/manif-9-mars-arretez-khomri\/","url":"https:\/\/lyonbondyblog.fr\/LBB\/manif-9-mars-arretez-khomri\/","name":"9 mars : \u00ab\u00a0Arr\u00eatez les Khomri\u00a0!\u00a0\u00bb - Lyon Bondy Blog","isPartOf":{"@id":"https:\/\/lyonbondyblog.fr\/LBB\/#website"},"primaryImageOfPage":{"@id":"https:\/\/lyonbondyblog.fr\/LBB\/manif-9-mars-arretez-khomri\/#primaryimage"},"image":{"@id":"https:\/\/lyonbondyblog.fr\/LBB\/manif-9-mars-arretez-khomri\/#primaryimage"},"thumbnailUrl":"https:\/\/lyonbondyblog.fr\/LBB\/wp-content\/uploads\/2016\/03\/P1010728.jpg","datePublished":"2016-03-10T17:36:00+00:00","dateModified":"2016-03-10T17:36:00+00:00","inLanguage":"fr-FR","potentialAction":[{"@type":"ReadAction","target":["https:\/\/lyonbondyblog.fr\/LBB\/manif-9-mars-arretez-khomri\/"]}]},{"@type":"ImageObject","inLanguage":"fr-FR","@id":"https:\/\/lyonbondyblog.fr\/LBB\/manif-9-mars-arretez-khomri\/#primaryimage","url":"https:\/\/lyonbondyblog.fr\/LBB\/wp-content\/uploads\/2016\/03\/P1010728.jpg","contentUrl":"https:\/\/lyonbondyblog.fr\/LBB\/wp-content\/uploads\/2016\/03\/P1010728.jpg","width":720,"height":331},{"@type":"WebSite","@id":"https:\/\/lyonbondyblog.fr\/LBB\/#website","url":"https:\/\/lyonbondyblog.fr\/LBB\/","name":"Lyon Bondy Blog","description":"","publisher":{"@id":"https:\/\/lyonbondyblog.fr\/LBB\/#organization"},"potentialAction":[{"@type":"SearchAction","target":{"@type":"EntryPoint","urlTemplate":"https:\/\/lyonbondyblog.fr\/LBB\/?s={search_term_string}"},"query-input":"required name=search_term_string"}],"inLanguage":"fr-FR"},{"@type":"Organization","@id":"https:\/\/lyonbondyblog.fr\/LBB\/#organization","name":"LYON BONDY BLOG","url":"https:\/\/lyonbondyblog.fr\/LBB\/","logo":{"@type":"ImageObject","inLanguage":"fr-FR","@id":"https:\/\/lyonbondyblog.fr\/LBB\/#\/schema\/logo\/image\/","url":"http:\/\/lyonbondyblog.fr\/LBB\/wp-content\/uploads\/2014\/10\/logo-portable-144.png","contentUrl":"http:\/\/lyonbondyblog.fr\/LBB\/wp-content\/uploads\/2014\/10\/logo-portable-144.png","width":144,"height":123,"caption":"LYON BONDY BLOG"},"image":{"@id":"https:\/\/lyonbondyblog.fr\/LBB\/#\/schema\/logo\/image\/"},"sameAs":["https:\/\/www.facebook.com\/lyonbondyblog","https:\/\/x.com\/bondybloglyon"]},{"@type":"Person","@id":"https:\/\/lyonbondyblog.fr\/LBB\/#\/schema\/person\/e45f8d27baac75072daa0be50c409b25","name":"La r\u00e9daction","description":"Cr\u00e9e en 2008, la r\u00e9daction du Lyon Bondy Blog s'applique \u00e0 proposer une information locale diff\u00e9rente et compl\u00e9mentaire des m\u00e9dias traditionnels.","sameAs":["https:\/\/www.facebook.com\/lyonbondyblog","https:\/\/x.com\/BondyBlogLyon"],"url":"https:\/\/lyonbondyblog.fr\/LBB\/author\/admin\/"}]}},"_links":{"self":[{"href":"https:\/\/lyonbondyblog.fr\/LBB\/wp-json\/wp\/v2\/posts\/9599","targetHints":{"allow":["GET"]}}],"collection":[{"href":"https:\/\/lyonbondyblog.fr\/LBB\/wp-json\/wp\/v2\/posts"}],"about":[{"href":"https:\/\/lyonbondyblog.fr\/LBB\/wp-json\/wp\/v2\/types\/post"}],"author":[{"embeddable":true,"href":"https:\/\/lyonbondyblog.fr\/LBB\/wp-json\/wp\/v2\/users\/1"}],"replies":[{"embeddable":true,"href":"https:\/\/lyonbondyblog.fr\/LBB\/wp-json\/wp\/v2\/comments?post=9599"}],"version-history":[{"count":0,"href":"https:\/\/lyonbondyblog.fr\/LBB\/wp-json\/wp\/v2\/posts\/9599\/revisions"}],"wp:featuredmedia":[{"embeddable":true,"href":"https:\/\/lyonbondyblog.fr\/LBB\/wp-json\/wp\/v2\/media\/9598"}],"wp:attachment":[{"href":"https:\/\/lyonbondyblog.fr\/LBB\/wp-json\/wp\/v2\/media?parent=9599"}],"wp:term":[{"taxonomy":"category","embeddable":true,"href":"https:\/\/lyonbondyblog.fr\/LBB\/wp-json\/wp\/v2\/categories?post=9599"},{"taxonomy":"post_tag","embeddable":true,"href":"https:\/\/lyonbondyblog.fr\/LBB\/wp-json\/wp\/v2\/tags?post=9599"}],"curies":[{"name":"wp","href":"https:\/\/api.w.org\/{rel}","templated":true}]}}