{"id":9556,"date":"2016-03-08T17:36:18","date_gmt":"2016-03-08T16:36:18","guid":{"rendered":"http:\/\/lyonbondyblog.fr\/LBB\/?p=9556"},"modified":"2016-04-12T16:31:38","modified_gmt":"2016-04-12T14:31:38","slug":"kamel-mouellef-l-histoire-oublie","status":"publish","type":"post","link":"https:\/\/lyonbondyblog.fr\/LBB\/kamel-mouellef-l-histoire-oublie\/","title":{"rendered":"Kamel Mouellef\u00a0: l\u2019Histoire oublie"},"content":{"rendered":"<p><strong>Le LBB rencontre Kamel Mouellef, co-auteur des bandes dessin\u00e9es <em>Turcos\u00a0: Le jasmin et la boue<\/em> et de <em>R\u00e9sistants Oubli\u00e9s<\/em>. Des tirailleurs alg\u00e9riens aux r\u00e9sistants congolais il nous propose de red\u00e9couvrir le parcours de ces combattants que l\u2019Histoire a oubli\u00e9s \u00e0 la faveur de ceux n\u00e9s sur le territoire.<\/strong><\/p>\n<p>&nbsp;<\/p>\n<div id=\"mp3jWrap_0\" class=\"mjp-s-wrapper s-graphic unsel-mjp \" style=\"font-size:18px;\"><span id=\"playpause_wrap_mp3j_0\" class=\"wrap_inline_mp3j\" style=\"font-weight:700;\"><span class=\"gfxbutton_mp3j play-mjp\" id=\"playpause_mp3j_0\" style=\"font-size:18px;\">&nbsp;&nbsp;&nbsp;&nbsp;&nbsp;<\/span>&nbsp;<span class=\"group_wrap\"><span class=\"bars_mp3j\"><span class=\"loadB_mp3j\" id=\"load_mp3j_0\"><\/span><span class=\"posbarB_mp3j\" id=\"posbar_mp3j_0\"><\/span><\/span><span class=\"T_mp3j\" id=\"T_mp3j_0\" style=\"font-size:18px;\">Kamel-Mouellef-lHistoire-oublie<\/span><span class=\"indi_mp3j\" style=\"font-size:12.6px;\" id=\"statusMI_0\"><\/span><\/span><span class=\"vol_mp3j flipped\" id=\"vol_mp3j_0\"><\/span><\/span><\/div><span class=\"s-nosolution\" id=\"mp3j_nosolution_0\" style=\"display:none;\"><\/span><script>\nMP3jPLAYLISTS.inline_0 = [\n\t{ name: \"Kamel-Mouellef-lHistoire-oublie\", formats: [\"mp3\"], mp3: \"aHR0cHM6Ly9seW9uYm9uZHlibG9nLmZyL0xCQi93cC1jb250ZW50L3VwbG9hZHMvMjAxNi8wMy9LYW1lbC1Nb3VlbGxlZi1sSGlzdG9pcmUtb3VibGllLm1wMw==\", counterpart:\"\", artist: \"\", image: \"\", imgurl: \"\" }\n];\n<\/script>\n\n<script>MP3jPLAYERS[0] = { list: MP3jPLAYLISTS.inline_0, tr:0, type:'single', lstate:'', loop:false, play_txt:'&nbsp;&nbsp;&nbsp;&nbsp;&nbsp;', pause_txt:'&nbsp;&nbsp;&nbsp;&nbsp;&nbsp;', pp_title:'', autoplay:false, download:false, vol:85, height:'' };<\/script>\n<p>Kamel Mouellef &#8211; l&rsquo;Histoire oublie<\/p>\n<p><img loading=\"lazy\" decoding=\"async\" class=\"aligncenter wp-image-9590 size-full\" src=\"https:\/\/lyonbondyblog.fr\/LBB\/wp-content\/uploads\/2016\/03\/Resistant-oubli\u00e9s.jpg\" alt=\"Resistants oublies\" width=\"379\" height=\"507\" srcset=\"https:\/\/lyonbondyblog.fr\/LBB\/wp-content\/uploads\/2016\/03\/Resistant-oubli\u00e9s.jpg 379w, https:\/\/lyonbondyblog.fr\/LBB\/wp-content\/uploads\/2016\/03\/Resistant-oubli\u00e9s-224x300.jpg 224w\" sizes=\"auto, (max-width: 379px) 100vw, 379px\" \/><\/p>\n<div class=\"conversation\">\n<div data-reactroot=\"\">\n<div class=\"_4tdt\">\n<div class=\"_4tdv\">\n<div class=\"_5wd4 _1nc7 direction_ltr\">\n<div class=\"_5wd9\">\n<div class=\"_5wde _n4o\">\n<div class=\"_5w1r _3_om _5wdf\">\n<div class=\"_4gx_\">\n<div class=\"_d97\"><span class=\"_5yl5\">Musique : Choucroutine \u00a0<\/span><\/div>\n<div class=\"_d97\"><span class=\"_5yl5\">Auteur : Collectif Knobz<\/span><\/div>\n<\/div>\n<\/div>\n<\/div>\n<\/div>\n<div class=\"_3ry4\"><\/div>\n<\/div>\n<\/div>\n<\/div>\n<\/div>\n<\/div>\n<div><\/div>\n<div><\/div>\n<!-- AddThis Advanced Settings generic via filter on the_content --><!-- AddThis Share Buttons generic via filter on the_content -->","protected":false},"excerpt":{"rendered":"<p>Le LBB rencontre Kamel Mouellef, co-auteur des bandes dessin\u00e9es Turcos\u00a0: Le jasmin et la boue et de R\u00e9sistants Oubli\u00e9s. Des tirailleurs alg\u00e9riens aux r\u00e9sistants congolais &hellip; <!-- AddThis Advanced Settings generic via filter on wp_trim_excerpt --><!-- AddThis Share Buttons generic via filter on wp_trim_excerpt --><\/p>\n","protected":false},"author":413,"featured_media":9589,"comment_status":"open","ping_status":"open","sticky":false,"template":"","format":"standard","meta":{"_FSMCFIC_featured_image_caption":"","_FSMCFIC_featured_image_nocaption":"","_FSMCFIC_featured_image_hide":"","footnotes":""},"categories":[4,2104,2],"tags":[240,1088,241,2246,135,10,484,320,2245],"class_list":["post-9556","post","type-post","status-publish","format-standard","has-post-thumbnail","hentry","category-lyon","category-podcasts","category-societe","tag-bande-dessinee","tag-dessin","tag-histoire","tag-jasmin","tag-lbb","tag-lyon-2","tag-oublies","tag-rencontre","tag-tirailleurs-algeriens"],"yoast_head":"<!-- This site is optimized with the Yoast SEO plugin v22.8 - https:\/\/yoast.com\/wordpress\/plugins\/seo\/ -->\n<title>Kamel Mouellef\u00a0: l\u2019Histoire oublie - Lyon Bondy Blog<\/title>\n<meta name=\"robots\" content=\"index, follow, max-snippet:-1, max-image-preview:large, max-video-preview:-1\" \/>\n<link rel=\"canonical\" href=\"https:\/\/lyonbondyblog.fr\/LBB\/kamel-mouellef-l-histoire-oublie\/\" \/>\n<meta property=\"og:locale\" content=\"fr_FR\" \/>\n<meta property=\"og:type\" content=\"article\" \/>\n<meta property=\"og:title\" content=\"Kamel Mouellef\u00a0: l\u2019Histoire oublie - Lyon Bondy Blog\" \/>\n<meta property=\"og:description\" content=\"Le LBB rencontre Kamel Mouellef, co-auteur des bandes dessin\u00e9es Turcos\u00a0: Le jasmin et la boue et de R\u00e9sistants Oubli\u00e9s. Des tirailleurs alg\u00e9riens aux r\u00e9sistants congolais &hellip;\" \/>\n<meta property=\"og:url\" content=\"https:\/\/lyonbondyblog.fr\/LBB\/kamel-mouellef-l-histoire-oublie\/\" \/>\n<meta property=\"og:site_name\" content=\"Lyon Bondy Blog\" \/>\n<meta property=\"article:publisher\" content=\"https:\/\/www.facebook.com\/lyonbondyblog\" \/>\n<meta property=\"article:published_time\" content=\"2016-03-08T16:36:18+00:00\" \/>\n<meta property=\"article:modified_time\" content=\"2016-04-12T14:31:38+00:00\" \/>\n<meta property=\"og:image\" content=\"https:\/\/lyonbondyblog.fr\/LBB\/wp-content\/uploads\/2016\/03\/Kamel-Mouellef.png\" \/>\n\t<meta property=\"og:image:width\" content=\"720\" \/>\n\t<meta property=\"og:image:height\" content=\"405\" \/>\n\t<meta property=\"og:image:type\" content=\"image\/png\" \/>\n<meta name=\"author\" content=\"Florent Romano\" \/>\n<meta name=\"twitter:card\" content=\"summary_large_image\" \/>\n<meta name=\"twitter:creator\" content=\"@bondybloglyon\" \/>\n<meta name=\"twitter:site\" content=\"@bondybloglyon\" \/>\n<script type=\"application\/ld+json\" class=\"yoast-schema-graph\">{\"@context\":\"https:\/\/schema.org\",\"@graph\":[{\"@type\":\"Article\",\"@id\":\"https:\/\/lyonbondyblog.fr\/LBB\/kamel-mouellef-l-histoire-oublie\/#article\",\"isPartOf\":{\"@id\":\"https:\/\/lyonbondyblog.fr\/LBB\/kamel-mouellef-l-histoire-oublie\/\"},\"author\":{\"name\":\"Florent Romano\",\"@id\":\"https:\/\/lyonbondyblog.fr\/LBB\/#\/schema\/person\/bf2e432de470838f8ee3cbea1bd67585\"},\"headline\":\"Kamel Mouellef\u00a0: l\u2019Histoire oublie\",\"datePublished\":\"2016-03-08T16:36:18+00:00\",\"dateModified\":\"2016-04-12T14:31:38+00:00\",\"mainEntityOfPage\":{\"@id\":\"https:\/\/lyonbondyblog.fr\/LBB\/kamel-mouellef-l-histoire-oublie\/\"},\"wordCount\":83,\"commentCount\":2,\"publisher\":{\"@id\":\"https:\/\/lyonbondyblog.fr\/LBB\/#organization\"},\"image\":{\"@id\":\"https:\/\/lyonbondyblog.fr\/LBB\/kamel-mouellef-l-histoire-oublie\/#primaryimage\"},\"thumbnailUrl\":\"https:\/\/lyonbondyblog.fr\/LBB\/wp-content\/uploads\/2016\/03\/Kamel-Mouellef.png\",\"keywords\":[\"bande dessin\u00e9e\",\"dessin\",\"histoire\",\"Jasmin\",\"LBB\",\"lyon\",\"oubli\u00e9s\",\"rencontre\",\"Tirailleurs alg\u00e9riens\"],\"articleSection\":[\"Lyon\",\"Podcasts\",\"Soci\u00e9t\u00e9\"],\"inLanguage\":\"fr-FR\",\"potentialAction\":[{\"@type\":\"CommentAction\",\"name\":\"Comment\",\"target\":[\"https:\/\/lyonbondyblog.fr\/LBB\/kamel-mouellef-l-histoire-oublie\/#respond\"]}]},{\"@type\":\"WebPage\",\"@id\":\"https:\/\/lyonbondyblog.fr\/LBB\/kamel-mouellef-l-histoire-oublie\/\",\"url\":\"https:\/\/lyonbondyblog.fr\/LBB\/kamel-mouellef-l-histoire-oublie\/\",\"name\":\"Kamel Mouellef\u00a0: l\u2019Histoire oublie - Lyon Bondy Blog\",\"isPartOf\":{\"@id\":\"https:\/\/lyonbondyblog.fr\/LBB\/#website\"},\"primaryImageOfPage\":{\"@id\":\"https:\/\/lyonbondyblog.fr\/LBB\/kamel-mouellef-l-histoire-oublie\/#primaryimage\"},\"image\":{\"@id\":\"https:\/\/lyonbondyblog.fr\/LBB\/kamel-mouellef-l-histoire-oublie\/#primaryimage\"},\"thumbnailUrl\":\"https:\/\/lyonbondyblog.fr\/LBB\/wp-content\/uploads\/2016\/03\/Kamel-Mouellef.png\",\"datePublished\":\"2016-03-08T16:36:18+00:00\",\"dateModified\":\"2016-04-12T14:31:38+00:00\",\"inLanguage\":\"fr-FR\",\"potentialAction\":[{\"@type\":\"ReadAction\",\"target\":[\"https:\/\/lyonbondyblog.fr\/LBB\/kamel-mouellef-l-histoire-oublie\/\"]}]},{\"@type\":\"ImageObject\",\"inLanguage\":\"fr-FR\",\"@id\":\"https:\/\/lyonbondyblog.fr\/LBB\/kamel-mouellef-l-histoire-oublie\/#primaryimage\",\"url\":\"https:\/\/lyonbondyblog.fr\/LBB\/wp-content\/uploads\/2016\/03\/Kamel-Mouellef.png\",\"contentUrl\":\"https:\/\/lyonbondyblog.fr\/LBB\/wp-content\/uploads\/2016\/03\/Kamel-Mouellef.png\",\"width\":720,\"height\":405},{\"@type\":\"WebSite\",\"@id\":\"https:\/\/lyonbondyblog.fr\/LBB\/#website\",\"url\":\"https:\/\/lyonbondyblog.fr\/LBB\/\",\"name\":\"Lyon Bondy Blog\",\"description\":\"\",\"publisher\":{\"@id\":\"https:\/\/lyonbondyblog.fr\/LBB\/#organization\"},\"potentialAction\":[{\"@type\":\"SearchAction\",\"target\":{\"@type\":\"EntryPoint\",\"urlTemplate\":\"https:\/\/lyonbondyblog.fr\/LBB\/?s={search_term_string}\"},\"query-input\":\"required name=search_term_string\"}],\"inLanguage\":\"fr-FR\"},{\"@type\":\"Organization\",\"@id\":\"https:\/\/lyonbondyblog.fr\/LBB\/#organization\",\"name\":\"LYON BONDY BLOG\",\"url\":\"https:\/\/lyonbondyblog.fr\/LBB\/\",\"logo\":{\"@type\":\"ImageObject\",\"inLanguage\":\"fr-FR\",\"@id\":\"https:\/\/lyonbondyblog.fr\/LBB\/#\/schema\/logo\/image\/\",\"url\":\"http:\/\/lyonbondyblog.fr\/LBB\/wp-content\/uploads\/2014\/10\/logo-portable-144.png\",\"contentUrl\":\"http:\/\/lyonbondyblog.fr\/LBB\/wp-content\/uploads\/2014\/10\/logo-portable-144.png\",\"width\":144,\"height\":123,\"caption\":\"LYON BONDY BLOG\"},\"image\":{\"@id\":\"https:\/\/lyonbondyblog.fr\/LBB\/#\/schema\/logo\/image\/\"},\"sameAs\":[\"https:\/\/www.facebook.com\/lyonbondyblog\",\"https:\/\/x.com\/bondybloglyon\"]},{\"@type\":\"Person\",\"@id\":\"https:\/\/lyonbondyblog.fr\/LBB\/#\/schema\/person\/bf2e432de470838f8ee3cbea1bd67585\",\"name\":\"Florent Romano\",\"url\":\"https:\/\/lyonbondyblog.fr\/LBB\/author\/florent\/\"}]}<\/script>\n<!-- \/ Yoast SEO plugin. -->","yoast_head_json":{"title":"Kamel Mouellef\u00a0: l\u2019Histoire oublie - Lyon Bondy Blog","robots":{"index":"index","follow":"follow","max-snippet":"max-snippet:-1","max-image-preview":"max-image-preview:large","max-video-preview":"max-video-preview:-1"},"canonical":"https:\/\/lyonbondyblog.fr\/LBB\/kamel-mouellef-l-histoire-oublie\/","og_locale":"fr_FR","og_type":"article","og_title":"Kamel Mouellef\u00a0: l\u2019Histoire oublie - Lyon Bondy Blog","og_description":"Le LBB rencontre Kamel Mouellef, co-auteur des bandes dessin\u00e9es Turcos\u00a0: Le jasmin et la boue et de R\u00e9sistants Oubli\u00e9s. Des tirailleurs alg\u00e9riens aux r\u00e9sistants congolais &hellip;","og_url":"https:\/\/lyonbondyblog.fr\/LBB\/kamel-mouellef-l-histoire-oublie\/","og_site_name":"Lyon Bondy Blog","article_publisher":"https:\/\/www.facebook.com\/lyonbondyblog","article_published_time":"2016-03-08T16:36:18+00:00","article_modified_time":"2016-04-12T14:31:38+00:00","og_image":[{"width":720,"height":405,"url":"https:\/\/lyonbondyblog.fr\/LBB\/wp-content\/uploads\/2016\/03\/Kamel-Mouellef.png","type":"image\/png"}],"author":"Florent Romano","twitter_card":"summary_large_image","twitter_creator":"@bondybloglyon","twitter_site":"@bondybloglyon","schema":{"@context":"https:\/\/schema.org","@graph":[{"@type":"Article","@id":"https:\/\/lyonbondyblog.fr\/LBB\/kamel-mouellef-l-histoire-oublie\/#article","isPartOf":{"@id":"https:\/\/lyonbondyblog.fr\/LBB\/kamel-mouellef-l-histoire-oublie\/"},"author":{"name":"Florent Romano","@id":"https:\/\/lyonbondyblog.fr\/LBB\/#\/schema\/person\/bf2e432de470838f8ee3cbea1bd67585"},"headline":"Kamel Mouellef\u00a0: l\u2019Histoire oublie","datePublished":"2016-03-08T16:36:18+00:00","dateModified":"2016-04-12T14:31:38+00:00","mainEntityOfPage":{"@id":"https:\/\/lyonbondyblog.fr\/LBB\/kamel-mouellef-l-histoire-oublie\/"},"wordCount":83,"commentCount":2,"publisher":{"@id":"https:\/\/lyonbondyblog.fr\/LBB\/#organization"},"image":{"@id":"https:\/\/lyonbondyblog.fr\/LBB\/kamel-mouellef-l-histoire-oublie\/#primaryimage"},"thumbnailUrl":"https:\/\/lyonbondyblog.fr\/LBB\/wp-content\/uploads\/2016\/03\/Kamel-Mouellef.png","keywords":["bande dessin\u00e9e","dessin","histoire","Jasmin","LBB","lyon","oubli\u00e9s","rencontre","Tirailleurs alg\u00e9riens"],"articleSection":["Lyon","Podcasts","Soci\u00e9t\u00e9"],"inLanguage":"fr-FR","potentialAction":[{"@type":"CommentAction","name":"Comment","target":["https:\/\/lyonbondyblog.fr\/LBB\/kamel-mouellef-l-histoire-oublie\/#respond"]}]},{"@type":"WebPage","@id":"https:\/\/lyonbondyblog.fr\/LBB\/kamel-mouellef-l-histoire-oublie\/","url":"https:\/\/lyonbondyblog.fr\/LBB\/kamel-mouellef-l-histoire-oublie\/","name":"Kamel Mouellef\u00a0: l\u2019Histoire oublie - Lyon Bondy Blog","isPartOf":{"@id":"https:\/\/lyonbondyblog.fr\/LBB\/#website"},"primaryImageOfPage":{"@id":"https:\/\/lyonbondyblog.fr\/LBB\/kamel-mouellef-l-histoire-oublie\/#primaryimage"},"image":{"@id":"https:\/\/lyonbondyblog.fr\/LBB\/kamel-mouellef-l-histoire-oublie\/#primaryimage"},"thumbnailUrl":"https:\/\/lyonbondyblog.fr\/LBB\/wp-content\/uploads\/2016\/03\/Kamel-Mouellef.png","datePublished":"2016-03-08T16:36:18+00:00","dateModified":"2016-04-12T14:31:38+00:00","inLanguage":"fr-FR","potentialAction":[{"@type":"ReadAction","target":["https:\/\/lyonbondyblog.fr\/LBB\/kamel-mouellef-l-histoire-oublie\/"]}]},{"@type":"ImageObject","inLanguage":"fr-FR","@id":"https:\/\/lyonbondyblog.fr\/LBB\/kamel-mouellef-l-histoire-oublie\/#primaryimage","url":"https:\/\/lyonbondyblog.fr\/LBB\/wp-content\/uploads\/2016\/03\/Kamel-Mouellef.png","contentUrl":"https:\/\/lyonbondyblog.fr\/LBB\/wp-content\/uploads\/2016\/03\/Kamel-Mouellef.png","width":720,"height":405},{"@type":"WebSite","@id":"https:\/\/lyonbondyblog.fr\/LBB\/#website","url":"https:\/\/lyonbondyblog.fr\/LBB\/","name":"Lyon Bondy Blog","description":"","publisher":{"@id":"https:\/\/lyonbondyblog.fr\/LBB\/#organization"},"potentialAction":[{"@type":"SearchAction","target":{"@type":"EntryPoint","urlTemplate":"https:\/\/lyonbondyblog.fr\/LBB\/?s={search_term_string}"},"query-input":"required name=search_term_string"}],"inLanguage":"fr-FR"},{"@type":"Organization","@id":"https:\/\/lyonbondyblog.fr\/LBB\/#organization","name":"LYON BONDY BLOG","url":"https:\/\/lyonbondyblog.fr\/LBB\/","logo":{"@type":"ImageObject","inLanguage":"fr-FR","@id":"https:\/\/lyonbondyblog.fr\/LBB\/#\/schema\/logo\/image\/","url":"http:\/\/lyonbondyblog.fr\/LBB\/wp-content\/uploads\/2014\/10\/logo-portable-144.png","contentUrl":"http:\/\/lyonbondyblog.fr\/LBB\/wp-content\/uploads\/2014\/10\/logo-portable-144.png","width":144,"height":123,"caption":"LYON BONDY BLOG"},"image":{"@id":"https:\/\/lyonbondyblog.fr\/LBB\/#\/schema\/logo\/image\/"},"sameAs":["https:\/\/www.facebook.com\/lyonbondyblog","https:\/\/x.com\/bondybloglyon"]},{"@type":"Person","@id":"https:\/\/lyonbondyblog.fr\/LBB\/#\/schema\/person\/bf2e432de470838f8ee3cbea1bd67585","name":"Florent Romano","url":"https:\/\/lyonbondyblog.fr\/LBB\/author\/florent\/"}]}},"_links":{"self":[{"href":"https:\/\/lyonbondyblog.fr\/LBB\/wp-json\/wp\/v2\/posts\/9556","targetHints":{"allow":["GET"]}}],"collection":[{"href":"https:\/\/lyonbondyblog.fr\/LBB\/wp-json\/wp\/v2\/posts"}],"about":[{"href":"https:\/\/lyonbondyblog.fr\/LBB\/wp-json\/wp\/v2\/types\/post"}],"author":[{"embeddable":true,"href":"https:\/\/lyonbondyblog.fr\/LBB\/wp-json\/wp\/v2\/users\/413"}],"replies":[{"embeddable":true,"href":"https:\/\/lyonbondyblog.fr\/LBB\/wp-json\/wp\/v2\/comments?post=9556"}],"version-history":[{"count":0,"href":"https:\/\/lyonbondyblog.fr\/LBB\/wp-json\/wp\/v2\/posts\/9556\/revisions"}],"wp:featuredmedia":[{"embeddable":true,"href":"https:\/\/lyonbondyblog.fr\/LBB\/wp-json\/wp\/v2\/media\/9589"}],"wp:attachment":[{"href":"https:\/\/lyonbondyblog.fr\/LBB\/wp-json\/wp\/v2\/media?parent=9556"}],"wp:term":[{"taxonomy":"category","embeddable":true,"href":"https:\/\/lyonbondyblog.fr\/LBB\/wp-json\/wp\/v2\/categories?post=9556"},{"taxonomy":"post_tag","embeddable":true,"href":"https:\/\/lyonbondyblog.fr\/LBB\/wp-json\/wp\/v2\/tags?post=9556"}],"curies":[{"name":"wp","href":"https:\/\/api.w.org\/{rel}","templated":true}]}}