{"id":9524,"date":"2016-03-03T16:17:01","date_gmt":"2016-03-03T15:17:01","guid":{"rendered":"http:\/\/lyonbondyblog.fr\/LBB\/?p=9524"},"modified":"2016-04-11T15:48:09","modified_gmt":"2016-04-11T13:48:09","slug":"velvet-un-court-metrage-sur-l-exclusion-sociale-des-sdf","status":"publish","type":"post","link":"https:\/\/lyonbondyblog.fr\/LBB\/velvet-un-court-metrage-sur-l-exclusion-sociale-des-sdf\/","title":{"rendered":"\u00ab\u00a0Velvet\u00a0\u00bb un court metrage sur l&rsquo;exclusion sociale des SDF"},"content":{"rendered":"<p><strong>Rencontre avec l\u2019\u00e9quipe de tournage de \u00ab\u00a0Velvet\u00a0\u00bb. Ce court m\u00e9trage, en cours de production, traite de l\u2019exclusion sociale des SDF. Une situation qui touche plus de 140\u00a0000 personnes en France. L\u2019association Miravoz, \u00e0 Vaulx-en-Velin, est \u00e0 l\u2019origine du projet.<\/strong><\/p>\n<p>&nbsp;<\/p>\n<p><a href=\"http:\/\/www.fondation-abbe-pierre.fr\/\">La Fondation Abb\u00e9 Pierre<\/a>\u00a0publie chaque ann\u00e9e les chiffres du mal-logement en France. De 2012 \u00e0 2014, entre 133\u00a0000 et 141\u00a0000 SDF ont \u00e9t\u00e9 comptabilis\u00e9s en France.\u00a0Les SDF ici recens\u00e9s ont \u00e9t\u00e9 au moins une fois en h\u00e9bergement d\u2019accueil ou dans un lieu de restauration. Mais il est difficile d\u2019\u00e9tudier de fa\u00e7on pr\u00e9cise une population marginale et parfois nomade. La plupart souffrent de l\u2019exclusion sociale, et beaucoup ne se rendent pas dans ces centres. On imagine donc qu\u2019en r\u00e9alit\u00e9 ils sont plus nombreux.<\/p>\n<h2><strong><em>\u00ab\u00a0Tout le monde passe \u00e0 c\u00f4t\u00e9 dans l\u2019indiff\u00e9rence\u00a0\u00bb<\/em><\/strong><\/h2>\n<p>Une \u00e9quipe a d\u00e9cid\u00e9 de traiter le sujet\u00a0: l\u2019exclusion sociale des SDF. \u00c0 travers ce court m\u00e9trage, Hernan le r\u00e9alisateur veut mettre en lumi\u00e8re cette situation dont peu se pr\u00e9occupent.\u00a0<em>\u00ab\u00a0Il y a des SDF dans la ville, tout le monde passe \u00e0 c\u00f4t\u00e9 dans l\u2019indiff\u00e9rence, comme s\u2019ils \u00e9taient des fant\u00f4mes. \u00bb<\/em>\u00a0Le r\u00e9alisateur pr\u00e9cise\u00a0:<em>\u00a0\u00ab\u00a0J\u2019ai toujours voulu \u00e9crire un film, c\u2019est en vivant dans des squats que l\u2019id\u00e9e de Velvet m\u2019est venue.\u00a0\u00bb<\/em>\u00a0C\u2019est donc \u00e0 travers une rencontre entre deux sans-abris, qui prennent la route ensemble, que l\u2019on voit le quotidien de milliers de personnes. Le film est en noir et blanc,\u00a0<em>\u00ab\u00a0on ne sait pas vraiment s\u2019ils sont vivant ou morts.\u00a0\u00bb<\/em>\u00a0Les deux protagonistes sont malades, l\u2019un atteint d\u2019une pneumonie, l\u2019autre d\u2019alcoolisme.\u00a0<em>\u00ab\u00a0La maladie exacerbe leurs d\u00e9fauts, ce qui complique leurs \u00e9changes.\u00a0\u00bb<\/em>\u00a0Ces diff\u00e9rences les \u00e9loignent au d\u00e9but, mais finissent par les lier.<\/p>\n<p>L\u2019association Miravoz, situ\u00e9e \u00e0 Vaux-en-Velin, est \u00e0 l\u2019initiative de ce projet. Cette structure a pour but de promouvoir l\u2019acc\u00e8s \u00e0 la culture, aux outils de communication et \u00e0 la cr\u00e9ation pour tous. Elle intervient dans des MJC, et autres centres sociaux.\u00a0<em>\u00ab\u00a0On a d\u00e9cid\u00e9 de faire un court m\u00e9trage pour nos 5 ans.\u00a0\u00bb<\/em>\u00a0D\u00e9taille Rapha\u00ebl, b\u00e9n\u00e9vole \u00e0 Miravoz qui est le monteur et l\u2019assistant producteur de Velvet. Hernan lui propose alors son sc\u00e9nario. Ensemble ils mettent en place une \u00e9quipe avec des com\u00e9diens, une charg\u00e9e de projet Kim, un ing\u00e9nieur du son, etc. Tous ces b\u00e9n\u00e9voles, ensemble, travaillent sur ce projet.\u00a0<em>\u00ab\u00a0On vient tous de diff\u00e9rentes structures associatives.\u00a0\u00bb\u00a0<\/em>Nous indique\u00a0Kim,\u00a0<em>\u00ab\u00a0c\u2019est une r\u00e9elle exp\u00e9rience humaine\u00a0\u00bb<\/em>. Pour tourner ce film, ils n\u2019ont pas de moyens financiers, mais trouvent des solutions. Hernan nous confie, philosophe\u00a0:<em>\u00a0\u00ab\u00a0On a envie que le film soit fait, je dirais m\u00eame que c\u2019est le film qui a envie d\u2019\u00eatre fait\u00a0!\u00a0\u00bb<\/em><\/p>\n<p><img loading=\"lazy\" decoding=\"async\" class=\"aligncenter size-full wp-image-9525\" src=\"https:\/\/lyonbondyblog.fr\/LBB\/wp-content\/uploads\/2016\/03\/12794620_10209074383515816_6117938246502157262_n.jpg\" alt=\"12794620_10209074383515816_6117938246502157262_n\" width=\"720\" height=\"405\" srcset=\"https:\/\/lyonbondyblog.fr\/LBB\/wp-content\/uploads\/2016\/03\/12794620_10209074383515816_6117938246502157262_n.jpg 720w, https:\/\/lyonbondyblog.fr\/LBB\/wp-content\/uploads\/2016\/03\/12794620_10209074383515816_6117938246502157262_n-300x169.jpg 300w, https:\/\/lyonbondyblog.fr\/LBB\/wp-content\/uploads\/2016\/03\/12794620_10209074383515816_6117938246502157262_n-600x338.jpg 600w\" sizes=\"auto, (max-width: 720px) 100vw, 720px\" \/><\/p>\n<p>Nous rencontrons alors toute l\u2019\u00e9quipe \u00e0 l\u2019Oblique, qui est dans un squat situ\u00e9 \u00e0 la Doua, pour la pr\u00e9sentation de leur projet. Ce squat les accueille pour les diff\u00e9rentes collectes, pr\u00e9sentations et fabrication d\u2019outils n\u00e9cessaires \u00e0 la r\u00e9alisation du court m\u00e9trage.<em>\u00a0\u00ab\u00a0On soutient cet endroit. Avec Miravoz, on n\u2019aurait jamais pu se payer cet espace de travail.\u00a0\u00bb\u00a0<\/em>Confie Raphael. Les costumes et accessoires sont eux r\u00e9cup\u00e9r\u00e9s un peu partout. Ce sont surtout des dons. Raphael nous emm\u00e8ne alors dans les salles que l\u2019\u00e9quipe utilise et nous montre le mat\u00e9riel qu\u2019ils cr\u00e9ent pour le tournage. Il nous explique la fabrication d\u2019un rail en bois pour le tournage.\u00a0<em>\u00ab\u00a0Si on l\u2019avait achet\u00e9, \u00e7a nous aurait co\u00fbt\u00e9 plus de 1 000 euros. On pr\u00e9f\u00e8re le faire nous m\u00eame et \u00e7a fonctionne aussi bien\u00a0\u00bb.<\/em><\/p>\n<p><a href=\"http:\/\/bit.ly\/1pmzxO6\" target=\"_blank\">Pour soutenir le projet sur Ullule<\/a><\/p>\n<!-- AddThis Advanced Settings generic via filter on the_content --><!-- AddThis Share Buttons generic via filter on the_content -->","protected":false},"excerpt":{"rendered":"<p>Rencontre avec l\u2019\u00e9quipe de tournage de \u00ab\u00a0Velvet\u00a0\u00bb. Ce court m\u00e9trage, en cours de production, traite de l\u2019exclusion sociale des SDF. Une situation qui touche plus &hellip; <!-- AddThis Advanced Settings generic via filter on wp_trim_excerpt --><!-- AddThis Share Buttons generic via filter on wp_trim_excerpt --><\/p>\n","protected":false},"author":430,"featured_media":9526,"comment_status":"open","ping_status":"open","sticky":false,"template":"","format":"standard","meta":{"_FSMCFIC_featured_image_caption":"","_FSMCFIC_featured_image_nocaption":"","_FSMCFIC_featured_image_hide":"","footnotes":""},"categories":[3,4,2],"tags":[2206,435,499,738,1952,2148,33,2235,2159,1661,1485,1101,1081,24,635,2234],"class_list":["post-9524","post","type-post","status-publish","format-standard","has-post-thumbnail","hentry","category-culture","category-lyon","category-societe","tag-2206","tag-association","tag-benevole","tag-court-metrage","tag-culture","tag-exclusion-sociale","tag-film","tag-fleau","tag-projet","tag-realisateur","tag-sans-abri","tag-sdf","tag-social","tag-societe-2","tag-vaulx-en-velin","tag-velvet"],"yoast_head":"<!-- This site is optimized with the Yoast SEO plugin v22.8 - https:\/\/yoast.com\/wordpress\/plugins\/seo\/ -->\n<title>&quot;Velvet&quot; un court metrage sur l&#039;exclusion sociale des SDF - Lyon Bondy Blog<\/title>\n<meta name=\"robots\" content=\"index, follow, max-snippet:-1, max-image-preview:large, max-video-preview:-1\" \/>\n<link rel=\"canonical\" href=\"https:\/\/lyonbondyblog.fr\/LBB\/velvet-un-court-metrage-sur-l-exclusion-sociale-des-sdf\/\" \/>\n<meta property=\"og:locale\" content=\"fr_FR\" \/>\n<meta property=\"og:type\" content=\"article\" \/>\n<meta property=\"og:title\" content=\"&quot;Velvet&quot; un court metrage sur l&#039;exclusion sociale des SDF - Lyon Bondy Blog\" \/>\n<meta property=\"og:description\" content=\"Rencontre avec l\u2019\u00e9quipe de tournage de \u00ab\u00a0Velvet\u00a0\u00bb. Ce court m\u00e9trage, en cours de production, traite de l\u2019exclusion sociale des SDF. Une situation qui touche plus &hellip;\" \/>\n<meta property=\"og:url\" content=\"https:\/\/lyonbondyblog.fr\/LBB\/velvet-un-court-metrage-sur-l-exclusion-sociale-des-sdf\/\" \/>\n<meta property=\"og:site_name\" content=\"Lyon Bondy Blog\" \/>\n<meta property=\"article:publisher\" content=\"https:\/\/www.facebook.com\/lyonbondyblog\" \/>\n<meta property=\"article:published_time\" content=\"2016-03-03T15:17:01+00:00\" \/>\n<meta property=\"article:modified_time\" content=\"2016-04-11T13:48:09+00:00\" \/>\n<meta property=\"og:image\" content=\"https:\/\/lyonbondyblog.fr\/LBB\/wp-content\/uploads\/2016\/03\/format-ulule-1.YLPYoRshvPzG-1.jpg\" \/>\n\t<meta property=\"og:image:width\" content=\"640\" \/>\n\t<meta property=\"og:image:height\" content=\"360\" \/>\n\t<meta property=\"og:image:type\" content=\"image\/jpeg\" \/>\n<meta name=\"author\" content=\"Julie Mazigh\" \/>\n<meta name=\"twitter:card\" content=\"summary_large_image\" \/>\n<meta name=\"twitter:creator\" content=\"@bondybloglyon\" \/>\n<meta name=\"twitter:site\" content=\"@bondybloglyon\" \/>\n<script type=\"application\/ld+json\" class=\"yoast-schema-graph\">{\"@context\":\"https:\/\/schema.org\",\"@graph\":[{\"@type\":\"Article\",\"@id\":\"https:\/\/lyonbondyblog.fr\/LBB\/velvet-un-court-metrage-sur-l-exclusion-sociale-des-sdf\/#article\",\"isPartOf\":{\"@id\":\"https:\/\/lyonbondyblog.fr\/LBB\/velvet-un-court-metrage-sur-l-exclusion-sociale-des-sdf\/\"},\"author\":{\"name\":\"Julie Mazigh\",\"@id\":\"https:\/\/lyonbondyblog.fr\/LBB\/#\/schema\/person\/75dba7bd208d44071d847d16f471c707\"},\"headline\":\"\u00ab\u00a0Velvet\u00a0\u00bb un court metrage sur l&rsquo;exclusion sociale des SDF\",\"datePublished\":\"2016-03-03T15:17:01+00:00\",\"dateModified\":\"2016-04-11T13:48:09+00:00\",\"mainEntityOfPage\":{\"@id\":\"https:\/\/lyonbondyblog.fr\/LBB\/velvet-un-court-metrage-sur-l-exclusion-sociale-des-sdf\/\"},\"wordCount\":650,\"commentCount\":0,\"publisher\":{\"@id\":\"https:\/\/lyonbondyblog.fr\/LBB\/#organization\"},\"image\":{\"@id\":\"https:\/\/lyonbondyblog.fr\/LBB\/velvet-un-court-metrage-sur-l-exclusion-sociale-des-sdf\/#primaryimage\"},\"thumbnailUrl\":\"https:\/\/lyonbondyblog.fr\/LBB\/wp-content\/uploads\/2016\/03\/format-ulule-1.YLPYoRshvPzG-1.jpg\",\"keywords\":[\"2016\",\"association\",\"b\u00e9n\u00e9vole\",\"court metrage\",\"Culture\",\"Exclusion sociale\",\"film\",\"fl\u00e9au\",\"Projet\",\"R\u00e9alisateur\",\"Sans-abri\",\"SDF\",\"social\",\"societe\",\"Vaulx-en-Velin\",\"velvet\"],\"articleSection\":[\"Culture\",\"Lyon\",\"Soci\u00e9t\u00e9\"],\"inLanguage\":\"fr-FR\",\"potentialAction\":[{\"@type\":\"CommentAction\",\"name\":\"Comment\",\"target\":[\"https:\/\/lyonbondyblog.fr\/LBB\/velvet-un-court-metrage-sur-l-exclusion-sociale-des-sdf\/#respond\"]}]},{\"@type\":\"WebPage\",\"@id\":\"https:\/\/lyonbondyblog.fr\/LBB\/velvet-un-court-metrage-sur-l-exclusion-sociale-des-sdf\/\",\"url\":\"https:\/\/lyonbondyblog.fr\/LBB\/velvet-un-court-metrage-sur-l-exclusion-sociale-des-sdf\/\",\"name\":\"\\\"Velvet\\\" un court metrage sur l'exclusion sociale des SDF - Lyon Bondy Blog\",\"isPartOf\":{\"@id\":\"https:\/\/lyonbondyblog.fr\/LBB\/#website\"},\"primaryImageOfPage\":{\"@id\":\"https:\/\/lyonbondyblog.fr\/LBB\/velvet-un-court-metrage-sur-l-exclusion-sociale-des-sdf\/#primaryimage\"},\"image\":{\"@id\":\"https:\/\/lyonbondyblog.fr\/LBB\/velvet-un-court-metrage-sur-l-exclusion-sociale-des-sdf\/#primaryimage\"},\"thumbnailUrl\":\"https:\/\/lyonbondyblog.fr\/LBB\/wp-content\/uploads\/2016\/03\/format-ulule-1.YLPYoRshvPzG-1.jpg\",\"datePublished\":\"2016-03-03T15:17:01+00:00\",\"dateModified\":\"2016-04-11T13:48:09+00:00\",\"inLanguage\":\"fr-FR\",\"potentialAction\":[{\"@type\":\"ReadAction\",\"target\":[\"https:\/\/lyonbondyblog.fr\/LBB\/velvet-un-court-metrage-sur-l-exclusion-sociale-des-sdf\/\"]}]},{\"@type\":\"ImageObject\",\"inLanguage\":\"fr-FR\",\"@id\":\"https:\/\/lyonbondyblog.fr\/LBB\/velvet-un-court-metrage-sur-l-exclusion-sociale-des-sdf\/#primaryimage\",\"url\":\"https:\/\/lyonbondyblog.fr\/LBB\/wp-content\/uploads\/2016\/03\/format-ulule-1.YLPYoRshvPzG-1.jpg\",\"contentUrl\":\"https:\/\/lyonbondyblog.fr\/LBB\/wp-content\/uploads\/2016\/03\/format-ulule-1.YLPYoRshvPzG-1.jpg\",\"width\":640,\"height\":360},{\"@type\":\"WebSite\",\"@id\":\"https:\/\/lyonbondyblog.fr\/LBB\/#website\",\"url\":\"https:\/\/lyonbondyblog.fr\/LBB\/\",\"name\":\"Lyon Bondy Blog\",\"description\":\"\",\"publisher\":{\"@id\":\"https:\/\/lyonbondyblog.fr\/LBB\/#organization\"},\"potentialAction\":[{\"@type\":\"SearchAction\",\"target\":{\"@type\":\"EntryPoint\",\"urlTemplate\":\"https:\/\/lyonbondyblog.fr\/LBB\/?s={search_term_string}\"},\"query-input\":\"required name=search_term_string\"}],\"inLanguage\":\"fr-FR\"},{\"@type\":\"Organization\",\"@id\":\"https:\/\/lyonbondyblog.fr\/LBB\/#organization\",\"name\":\"LYON BONDY BLOG\",\"url\":\"https:\/\/lyonbondyblog.fr\/LBB\/\",\"logo\":{\"@type\":\"ImageObject\",\"inLanguage\":\"fr-FR\",\"@id\":\"https:\/\/lyonbondyblog.fr\/LBB\/#\/schema\/logo\/image\/\",\"url\":\"http:\/\/lyonbondyblog.fr\/LBB\/wp-content\/uploads\/2014\/10\/logo-portable-144.png\",\"contentUrl\":\"http:\/\/lyonbondyblog.fr\/LBB\/wp-content\/uploads\/2014\/10\/logo-portable-144.png\",\"width\":144,\"height\":123,\"caption\":\"LYON BONDY BLOG\"},\"image\":{\"@id\":\"https:\/\/lyonbondyblog.fr\/LBB\/#\/schema\/logo\/image\/\"},\"sameAs\":[\"https:\/\/www.facebook.com\/lyonbondyblog\",\"https:\/\/x.com\/bondybloglyon\"]},{\"@type\":\"Person\",\"@id\":\"https:\/\/lyonbondyblog.fr\/LBB\/#\/schema\/person\/75dba7bd208d44071d847d16f471c707\",\"name\":\"Julie Mazigh\",\"url\":\"https:\/\/lyonbondyblog.fr\/LBB\/author\/julie\/\"}]}<\/script>\n<!-- \/ Yoast SEO plugin. -->","yoast_head_json":{"title":"\"Velvet\" un court metrage sur l'exclusion sociale des SDF - Lyon Bondy Blog","robots":{"index":"index","follow":"follow","max-snippet":"max-snippet:-1","max-image-preview":"max-image-preview:large","max-video-preview":"max-video-preview:-1"},"canonical":"https:\/\/lyonbondyblog.fr\/LBB\/velvet-un-court-metrage-sur-l-exclusion-sociale-des-sdf\/","og_locale":"fr_FR","og_type":"article","og_title":"\"Velvet\" un court metrage sur l'exclusion sociale des SDF - Lyon Bondy Blog","og_description":"Rencontre avec l\u2019\u00e9quipe de tournage de \u00ab\u00a0Velvet\u00a0\u00bb. Ce court m\u00e9trage, en cours de production, traite de l\u2019exclusion sociale des SDF. Une situation qui touche plus &hellip;","og_url":"https:\/\/lyonbondyblog.fr\/LBB\/velvet-un-court-metrage-sur-l-exclusion-sociale-des-sdf\/","og_site_name":"Lyon Bondy Blog","article_publisher":"https:\/\/www.facebook.com\/lyonbondyblog","article_published_time":"2016-03-03T15:17:01+00:00","article_modified_time":"2016-04-11T13:48:09+00:00","og_image":[{"width":640,"height":360,"url":"https:\/\/lyonbondyblog.fr\/LBB\/wp-content\/uploads\/2016\/03\/format-ulule-1.YLPYoRshvPzG-1.jpg","type":"image\/jpeg"}],"author":"Julie Mazigh","twitter_card":"summary_large_image","twitter_creator":"@bondybloglyon","twitter_site":"@bondybloglyon","schema":{"@context":"https:\/\/schema.org","@graph":[{"@type":"Article","@id":"https:\/\/lyonbondyblog.fr\/LBB\/velvet-un-court-metrage-sur-l-exclusion-sociale-des-sdf\/#article","isPartOf":{"@id":"https:\/\/lyonbondyblog.fr\/LBB\/velvet-un-court-metrage-sur-l-exclusion-sociale-des-sdf\/"},"author":{"name":"Julie Mazigh","@id":"https:\/\/lyonbondyblog.fr\/LBB\/#\/schema\/person\/75dba7bd208d44071d847d16f471c707"},"headline":"\u00ab\u00a0Velvet\u00a0\u00bb un court metrage sur l&rsquo;exclusion sociale des SDF","datePublished":"2016-03-03T15:17:01+00:00","dateModified":"2016-04-11T13:48:09+00:00","mainEntityOfPage":{"@id":"https:\/\/lyonbondyblog.fr\/LBB\/velvet-un-court-metrage-sur-l-exclusion-sociale-des-sdf\/"},"wordCount":650,"commentCount":0,"publisher":{"@id":"https:\/\/lyonbondyblog.fr\/LBB\/#organization"},"image":{"@id":"https:\/\/lyonbondyblog.fr\/LBB\/velvet-un-court-metrage-sur-l-exclusion-sociale-des-sdf\/#primaryimage"},"thumbnailUrl":"https:\/\/lyonbondyblog.fr\/LBB\/wp-content\/uploads\/2016\/03\/format-ulule-1.YLPYoRshvPzG-1.jpg","keywords":["2016","association","b\u00e9n\u00e9vole","court metrage","Culture","Exclusion sociale","film","fl\u00e9au","Projet","R\u00e9alisateur","Sans-abri","SDF","social","societe","Vaulx-en-Velin","velvet"],"articleSection":["Culture","Lyon","Soci\u00e9t\u00e9"],"inLanguage":"fr-FR","potentialAction":[{"@type":"CommentAction","name":"Comment","target":["https:\/\/lyonbondyblog.fr\/LBB\/velvet-un-court-metrage-sur-l-exclusion-sociale-des-sdf\/#respond"]}]},{"@type":"WebPage","@id":"https:\/\/lyonbondyblog.fr\/LBB\/velvet-un-court-metrage-sur-l-exclusion-sociale-des-sdf\/","url":"https:\/\/lyonbondyblog.fr\/LBB\/velvet-un-court-metrage-sur-l-exclusion-sociale-des-sdf\/","name":"\"Velvet\" un court metrage sur l'exclusion sociale des SDF - Lyon Bondy Blog","isPartOf":{"@id":"https:\/\/lyonbondyblog.fr\/LBB\/#website"},"primaryImageOfPage":{"@id":"https:\/\/lyonbondyblog.fr\/LBB\/velvet-un-court-metrage-sur-l-exclusion-sociale-des-sdf\/#primaryimage"},"image":{"@id":"https:\/\/lyonbondyblog.fr\/LBB\/velvet-un-court-metrage-sur-l-exclusion-sociale-des-sdf\/#primaryimage"},"thumbnailUrl":"https:\/\/lyonbondyblog.fr\/LBB\/wp-content\/uploads\/2016\/03\/format-ulule-1.YLPYoRshvPzG-1.jpg","datePublished":"2016-03-03T15:17:01+00:00","dateModified":"2016-04-11T13:48:09+00:00","inLanguage":"fr-FR","potentialAction":[{"@type":"ReadAction","target":["https:\/\/lyonbondyblog.fr\/LBB\/velvet-un-court-metrage-sur-l-exclusion-sociale-des-sdf\/"]}]},{"@type":"ImageObject","inLanguage":"fr-FR","@id":"https:\/\/lyonbondyblog.fr\/LBB\/velvet-un-court-metrage-sur-l-exclusion-sociale-des-sdf\/#primaryimage","url":"https:\/\/lyonbondyblog.fr\/LBB\/wp-content\/uploads\/2016\/03\/format-ulule-1.YLPYoRshvPzG-1.jpg","contentUrl":"https:\/\/lyonbondyblog.fr\/LBB\/wp-content\/uploads\/2016\/03\/format-ulule-1.YLPYoRshvPzG-1.jpg","width":640,"height":360},{"@type":"WebSite","@id":"https:\/\/lyonbondyblog.fr\/LBB\/#website","url":"https:\/\/lyonbondyblog.fr\/LBB\/","name":"Lyon Bondy Blog","description":"","publisher":{"@id":"https:\/\/lyonbondyblog.fr\/LBB\/#organization"},"potentialAction":[{"@type":"SearchAction","target":{"@type":"EntryPoint","urlTemplate":"https:\/\/lyonbondyblog.fr\/LBB\/?s={search_term_string}"},"query-input":"required name=search_term_string"}],"inLanguage":"fr-FR"},{"@type":"Organization","@id":"https:\/\/lyonbondyblog.fr\/LBB\/#organization","name":"LYON BONDY BLOG","url":"https:\/\/lyonbondyblog.fr\/LBB\/","logo":{"@type":"ImageObject","inLanguage":"fr-FR","@id":"https:\/\/lyonbondyblog.fr\/LBB\/#\/schema\/logo\/image\/","url":"http:\/\/lyonbondyblog.fr\/LBB\/wp-content\/uploads\/2014\/10\/logo-portable-144.png","contentUrl":"http:\/\/lyonbondyblog.fr\/LBB\/wp-content\/uploads\/2014\/10\/logo-portable-144.png","width":144,"height":123,"caption":"LYON BONDY BLOG"},"image":{"@id":"https:\/\/lyonbondyblog.fr\/LBB\/#\/schema\/logo\/image\/"},"sameAs":["https:\/\/www.facebook.com\/lyonbondyblog","https:\/\/x.com\/bondybloglyon"]},{"@type":"Person","@id":"https:\/\/lyonbondyblog.fr\/LBB\/#\/schema\/person\/75dba7bd208d44071d847d16f471c707","name":"Julie Mazigh","url":"https:\/\/lyonbondyblog.fr\/LBB\/author\/julie\/"}]}},"_links":{"self":[{"href":"https:\/\/lyonbondyblog.fr\/LBB\/wp-json\/wp\/v2\/posts\/9524","targetHints":{"allow":["GET"]}}],"collection":[{"href":"https:\/\/lyonbondyblog.fr\/LBB\/wp-json\/wp\/v2\/posts"}],"about":[{"href":"https:\/\/lyonbondyblog.fr\/LBB\/wp-json\/wp\/v2\/types\/post"}],"author":[{"embeddable":true,"href":"https:\/\/lyonbondyblog.fr\/LBB\/wp-json\/wp\/v2\/users\/430"}],"replies":[{"embeddable":true,"href":"https:\/\/lyonbondyblog.fr\/LBB\/wp-json\/wp\/v2\/comments?post=9524"}],"version-history":[{"count":0,"href":"https:\/\/lyonbondyblog.fr\/LBB\/wp-json\/wp\/v2\/posts\/9524\/revisions"}],"wp:featuredmedia":[{"embeddable":true,"href":"https:\/\/lyonbondyblog.fr\/LBB\/wp-json\/wp\/v2\/media\/9526"}],"wp:attachment":[{"href":"https:\/\/lyonbondyblog.fr\/LBB\/wp-json\/wp\/v2\/media?parent=9524"}],"wp:term":[{"taxonomy":"category","embeddable":true,"href":"https:\/\/lyonbondyblog.fr\/LBB\/wp-json\/wp\/v2\/categories?post=9524"},{"taxonomy":"post_tag","embeddable":true,"href":"https:\/\/lyonbondyblog.fr\/LBB\/wp-json\/wp\/v2\/tags?post=9524"}],"curies":[{"name":"wp","href":"https:\/\/api.w.org\/{rel}","templated":true}]}}