{"id":9472,"date":"2016-02-18T15:43:44","date_gmt":"2016-02-18T14:43:44","guid":{"rendered":"http:\/\/lyonbondyblog.fr\/LBB\/?p=9472"},"modified":"2016-02-22T12:49:37","modified_gmt":"2016-02-22T11:49:37","slug":"romsgroundzero-le-camp-roms-de-la-feyssine","status":"publish","type":"post","link":"https:\/\/lyonbondyblog.fr\/LBB\/romsgroundzero-le-camp-roms-de-la-feyssine\/","title":{"rendered":"#RomsGroundZero : Le camp de Roms de la Feyssine"},"content":{"rendered":"<p><strong>Dans la continuit\u00e9 du travail d\u00e9but\u00e9 en 2012 sur les conditions de vie des Rroms au sein des camps\u00a0Villeurbanne\u00a0et Vaulx-en-Velin, nous vous faisons suivre les suites de la d\u00e9molition du camp de la Feyssine, et les conditions de relogement des familles.\u00a0<\/strong><\/p>\n<p><iframe loading=\"lazy\" title=\"#RomsGroundZero HD 1080p\" width=\"1200\" height=\"675\" src=\"https:\/\/www.youtube.com\/embed\/1GB2HUDU40g?feature=oembed\" frameborder=\"0\" allow=\"accelerometer; autoplay; clipboard-write; encrypted-media; gyroscope; picture-in-picture\" allowfullscreen><\/iframe><\/p>\n<!-- AddThis Advanced Settings generic via filter on the_content --><!-- AddThis Share Buttons generic via filter on the_content -->","protected":false},"excerpt":{"rendered":"<p>Dans la continuit\u00e9 du travail d\u00e9but\u00e9 en 2012 sur les conditions de vie des Rroms au sein des camps\u00a0Villeurbanne\u00a0et Vaulx-en-Velin, nous vous faisons suivre les &hellip; <!-- AddThis Advanced Settings generic via filter on wp_trim_excerpt --><!-- AddThis Share Buttons generic via filter on wp_trim_excerpt --><\/p>\n","protected":false},"author":1,"featured_media":9490,"comment_status":"open","ping_status":"open","sticky":false,"template":"","format":"standard","meta":{"_FSMCFIC_featured_image_caption":"","_FSMCFIC_featured_image_nocaption":"","_FSMCFIC_featured_image_hide":"","footnotes":""},"categories":[2132,5,2],"tags":[366,1489,2226,2223,19,365,2225,1162,2222,390,635,128,2224],"class_list":["post-9472","post","type-post","status-publish","format-standard","has-post-thumbnail","hentry","category-romsgroundzero","category-ambiance","category-societe","tag-camps","tag-famille","tag-feyssine","tag-ground","tag-logement","tag-roms","tag-romsgroundzero","tag-rroms","tag-rromsgroundzero","tag-travail","tag-vaulx-en-velin","tag-villeurbanne","tag-zero"],"yoast_head":"<!-- This site is optimized with the Yoast SEO plugin v22.8 - https:\/\/yoast.com\/wordpress\/plugins\/seo\/ -->\n<title>#RomsGroundZero : Le camp de Roms de la Feyssine - Lyon Bondy Blog<\/title>\n<meta name=\"robots\" content=\"index, follow, max-snippet:-1, max-image-preview:large, max-video-preview:-1\" \/>\n<link rel=\"canonical\" href=\"https:\/\/lyonbondyblog.fr\/LBB\/romsgroundzero-le-camp-roms-de-la-feyssine\/\" \/>\n<meta property=\"og:locale\" content=\"fr_FR\" \/>\n<meta property=\"og:type\" content=\"article\" \/>\n<meta property=\"og:title\" content=\"#RomsGroundZero : Le camp de Roms de la Feyssine - Lyon Bondy Blog\" \/>\n<meta property=\"og:description\" content=\"Dans la continuit\u00e9 du travail d\u00e9but\u00e9 en 2012 sur les conditions de vie des Rroms au sein des camps\u00a0Villeurbanne\u00a0et Vaulx-en-Velin, nous vous faisons suivre les &hellip;\" \/>\n<meta property=\"og:url\" content=\"https:\/\/lyonbondyblog.fr\/LBB\/romsgroundzero-le-camp-roms-de-la-feyssine\/\" \/>\n<meta property=\"og:site_name\" content=\"Lyon Bondy Blog\" \/>\n<meta property=\"article:publisher\" content=\"https:\/\/www.facebook.com\/lyonbondyblog\" \/>\n<meta property=\"article:author\" content=\"https:\/\/www.facebook.com\/lyonbondyblog\" \/>\n<meta property=\"article:published_time\" content=\"2016-02-18T14:43:44+00:00\" \/>\n<meta property=\"article:modified_time\" content=\"2016-02-22T11:49:37+00:00\" \/>\n<meta property=\"og:image\" content=\"https:\/\/lyonbondyblog.fr\/LBB\/wp-content\/uploads\/2016\/02\/Bandeau-LBB-TV-Blanc-01.png\" \/>\n\t<meta property=\"og:image:width\" content=\"2708\" \/>\n\t<meta property=\"og:image:height\" content=\"833\" \/>\n\t<meta property=\"og:image:type\" content=\"image\/png\" \/>\n<meta name=\"author\" content=\"La r\u00e9daction\" \/>\n<meta name=\"twitter:card\" content=\"summary_large_image\" \/>\n<meta name=\"twitter:creator\" content=\"@BondyBlogLyon\" \/>\n<meta name=\"twitter:site\" content=\"@bondybloglyon\" \/>\n<script type=\"application\/ld+json\" class=\"yoast-schema-graph\">{\"@context\":\"https:\/\/schema.org\",\"@graph\":[{\"@type\":\"Article\",\"@id\":\"https:\/\/lyonbondyblog.fr\/LBB\/romsgroundzero-le-camp-roms-de-la-feyssine\/#article\",\"isPartOf\":{\"@id\":\"https:\/\/lyonbondyblog.fr\/LBB\/romsgroundzero-le-camp-roms-de-la-feyssine\/\"},\"author\":{\"name\":\"La r\u00e9daction\",\"@id\":\"https:\/\/lyonbondyblog.fr\/LBB\/#\/schema\/person\/e45f8d27baac75072daa0be50c409b25\"},\"headline\":\"#RomsGroundZero : Le camp de Roms de la Feyssine\",\"datePublished\":\"2016-02-18T14:43:44+00:00\",\"dateModified\":\"2016-02-22T11:49:37+00:00\",\"mainEntityOfPage\":{\"@id\":\"https:\/\/lyonbondyblog.fr\/LBB\/romsgroundzero-le-camp-roms-de-la-feyssine\/\"},\"wordCount\":61,\"commentCount\":1,\"publisher\":{\"@id\":\"https:\/\/lyonbondyblog.fr\/LBB\/#organization\"},\"image\":{\"@id\":\"https:\/\/lyonbondyblog.fr\/LBB\/romsgroundzero-le-camp-roms-de-la-feyssine\/#primaryimage\"},\"thumbnailUrl\":\"https:\/\/lyonbondyblog.fr\/LBB\/wp-content\/uploads\/2016\/02\/Bandeau-LBB-TV-Blanc-01.png\",\"keywords\":[\"camps\",\"Famille\",\"Feyssine\",\"Ground\",\"logement\",\"roms\",\"RomsGroundZero\",\"Rroms\",\"RromsGroundZero\",\"travail\",\"Vaulx-en-Velin\",\"Villeurbanne\",\"Zero\"],\"articleSection\":[\"#RomsGroundZero\",\"Ambiance\",\"Soci\u00e9t\u00e9\"],\"inLanguage\":\"fr-FR\",\"potentialAction\":[{\"@type\":\"CommentAction\",\"name\":\"Comment\",\"target\":[\"https:\/\/lyonbondyblog.fr\/LBB\/romsgroundzero-le-camp-roms-de-la-feyssine\/#respond\"]}]},{\"@type\":\"WebPage\",\"@id\":\"https:\/\/lyonbondyblog.fr\/LBB\/romsgroundzero-le-camp-roms-de-la-feyssine\/\",\"url\":\"https:\/\/lyonbondyblog.fr\/LBB\/romsgroundzero-le-camp-roms-de-la-feyssine\/\",\"name\":\"#RomsGroundZero : Le camp de Roms de la Feyssine - Lyon Bondy Blog\",\"isPartOf\":{\"@id\":\"https:\/\/lyonbondyblog.fr\/LBB\/#website\"},\"primaryImageOfPage\":{\"@id\":\"https:\/\/lyonbondyblog.fr\/LBB\/romsgroundzero-le-camp-roms-de-la-feyssine\/#primaryimage\"},\"image\":{\"@id\":\"https:\/\/lyonbondyblog.fr\/LBB\/romsgroundzero-le-camp-roms-de-la-feyssine\/#primaryimage\"},\"thumbnailUrl\":\"https:\/\/lyonbondyblog.fr\/LBB\/wp-content\/uploads\/2016\/02\/Bandeau-LBB-TV-Blanc-01.png\",\"datePublished\":\"2016-02-18T14:43:44+00:00\",\"dateModified\":\"2016-02-22T11:49:37+00:00\",\"inLanguage\":\"fr-FR\",\"potentialAction\":[{\"@type\":\"ReadAction\",\"target\":[\"https:\/\/lyonbondyblog.fr\/LBB\/romsgroundzero-le-camp-roms-de-la-feyssine\/\"]}]},{\"@type\":\"ImageObject\",\"inLanguage\":\"fr-FR\",\"@id\":\"https:\/\/lyonbondyblog.fr\/LBB\/romsgroundzero-le-camp-roms-de-la-feyssine\/#primaryimage\",\"url\":\"https:\/\/lyonbondyblog.fr\/LBB\/wp-content\/uploads\/2016\/02\/Bandeau-LBB-TV-Blanc-01.png\",\"contentUrl\":\"https:\/\/lyonbondyblog.fr\/LBB\/wp-content\/uploads\/2016\/02\/Bandeau-LBB-TV-Blanc-01.png\",\"width\":2708,\"height\":833},{\"@type\":\"WebSite\",\"@id\":\"https:\/\/lyonbondyblog.fr\/LBB\/#website\",\"url\":\"https:\/\/lyonbondyblog.fr\/LBB\/\",\"name\":\"Lyon Bondy Blog\",\"description\":\"\",\"publisher\":{\"@id\":\"https:\/\/lyonbondyblog.fr\/LBB\/#organization\"},\"potentialAction\":[{\"@type\":\"SearchAction\",\"target\":{\"@type\":\"EntryPoint\",\"urlTemplate\":\"https:\/\/lyonbondyblog.fr\/LBB\/?s={search_term_string}\"},\"query-input\":\"required name=search_term_string\"}],\"inLanguage\":\"fr-FR\"},{\"@type\":\"Organization\",\"@id\":\"https:\/\/lyonbondyblog.fr\/LBB\/#organization\",\"name\":\"LYON BONDY BLOG\",\"url\":\"https:\/\/lyonbondyblog.fr\/LBB\/\",\"logo\":{\"@type\":\"ImageObject\",\"inLanguage\":\"fr-FR\",\"@id\":\"https:\/\/lyonbondyblog.fr\/LBB\/#\/schema\/logo\/image\/\",\"url\":\"http:\/\/lyonbondyblog.fr\/LBB\/wp-content\/uploads\/2014\/10\/logo-portable-144.png\",\"contentUrl\":\"http:\/\/lyonbondyblog.fr\/LBB\/wp-content\/uploads\/2014\/10\/logo-portable-144.png\",\"width\":144,\"height\":123,\"caption\":\"LYON BONDY BLOG\"},\"image\":{\"@id\":\"https:\/\/lyonbondyblog.fr\/LBB\/#\/schema\/logo\/image\/\"},\"sameAs\":[\"https:\/\/www.facebook.com\/lyonbondyblog\",\"https:\/\/x.com\/bondybloglyon\"]},{\"@type\":\"Person\",\"@id\":\"https:\/\/lyonbondyblog.fr\/LBB\/#\/schema\/person\/e45f8d27baac75072daa0be50c409b25\",\"name\":\"La r\u00e9daction\",\"description\":\"Cr\u00e9e en 2008, la r\u00e9daction du Lyon Bondy Blog s'applique \u00e0 proposer une information locale diff\u00e9rente et compl\u00e9mentaire des m\u00e9dias traditionnels.\",\"sameAs\":[\"https:\/\/www.facebook.com\/lyonbondyblog\",\"https:\/\/x.com\/BondyBlogLyon\"],\"url\":\"https:\/\/lyonbondyblog.fr\/LBB\/author\/admin\/\"}]}<\/script>\n<!-- \/ Yoast SEO plugin. -->","yoast_head_json":{"title":"#RomsGroundZero : Le camp de Roms de la Feyssine - Lyon Bondy Blog","robots":{"index":"index","follow":"follow","max-snippet":"max-snippet:-1","max-image-preview":"max-image-preview:large","max-video-preview":"max-video-preview:-1"},"canonical":"https:\/\/lyonbondyblog.fr\/LBB\/romsgroundzero-le-camp-roms-de-la-feyssine\/","og_locale":"fr_FR","og_type":"article","og_title":"#RomsGroundZero : Le camp de Roms de la Feyssine - Lyon Bondy Blog","og_description":"Dans la continuit\u00e9 du travail d\u00e9but\u00e9 en 2012 sur les conditions de vie des Rroms au sein des camps\u00a0Villeurbanne\u00a0et Vaulx-en-Velin, nous vous faisons suivre les &hellip;","og_url":"https:\/\/lyonbondyblog.fr\/LBB\/romsgroundzero-le-camp-roms-de-la-feyssine\/","og_site_name":"Lyon Bondy Blog","article_publisher":"https:\/\/www.facebook.com\/lyonbondyblog","article_author":"https:\/\/www.facebook.com\/lyonbondyblog","article_published_time":"2016-02-18T14:43:44+00:00","article_modified_time":"2016-02-22T11:49:37+00:00","og_image":[{"width":2708,"height":833,"url":"https:\/\/lyonbondyblog.fr\/LBB\/wp-content\/uploads\/2016\/02\/Bandeau-LBB-TV-Blanc-01.png","type":"image\/png"}],"author":"La r\u00e9daction","twitter_card":"summary_large_image","twitter_creator":"@BondyBlogLyon","twitter_site":"@bondybloglyon","schema":{"@context":"https:\/\/schema.org","@graph":[{"@type":"Article","@id":"https:\/\/lyonbondyblog.fr\/LBB\/romsgroundzero-le-camp-roms-de-la-feyssine\/#article","isPartOf":{"@id":"https:\/\/lyonbondyblog.fr\/LBB\/romsgroundzero-le-camp-roms-de-la-feyssine\/"},"author":{"name":"La r\u00e9daction","@id":"https:\/\/lyonbondyblog.fr\/LBB\/#\/schema\/person\/e45f8d27baac75072daa0be50c409b25"},"headline":"#RomsGroundZero : Le camp de Roms de la Feyssine","datePublished":"2016-02-18T14:43:44+00:00","dateModified":"2016-02-22T11:49:37+00:00","mainEntityOfPage":{"@id":"https:\/\/lyonbondyblog.fr\/LBB\/romsgroundzero-le-camp-roms-de-la-feyssine\/"},"wordCount":61,"commentCount":1,"publisher":{"@id":"https:\/\/lyonbondyblog.fr\/LBB\/#organization"},"image":{"@id":"https:\/\/lyonbondyblog.fr\/LBB\/romsgroundzero-le-camp-roms-de-la-feyssine\/#primaryimage"},"thumbnailUrl":"https:\/\/lyonbondyblog.fr\/LBB\/wp-content\/uploads\/2016\/02\/Bandeau-LBB-TV-Blanc-01.png","keywords":["camps","Famille","Feyssine","Ground","logement","roms","RomsGroundZero","Rroms","RromsGroundZero","travail","Vaulx-en-Velin","Villeurbanne","Zero"],"articleSection":["#RomsGroundZero","Ambiance","Soci\u00e9t\u00e9"],"inLanguage":"fr-FR","potentialAction":[{"@type":"CommentAction","name":"Comment","target":["https:\/\/lyonbondyblog.fr\/LBB\/romsgroundzero-le-camp-roms-de-la-feyssine\/#respond"]}]},{"@type":"WebPage","@id":"https:\/\/lyonbondyblog.fr\/LBB\/romsgroundzero-le-camp-roms-de-la-feyssine\/","url":"https:\/\/lyonbondyblog.fr\/LBB\/romsgroundzero-le-camp-roms-de-la-feyssine\/","name":"#RomsGroundZero : Le camp de Roms de la Feyssine - Lyon Bondy Blog","isPartOf":{"@id":"https:\/\/lyonbondyblog.fr\/LBB\/#website"},"primaryImageOfPage":{"@id":"https:\/\/lyonbondyblog.fr\/LBB\/romsgroundzero-le-camp-roms-de-la-feyssine\/#primaryimage"},"image":{"@id":"https:\/\/lyonbondyblog.fr\/LBB\/romsgroundzero-le-camp-roms-de-la-feyssine\/#primaryimage"},"thumbnailUrl":"https:\/\/lyonbondyblog.fr\/LBB\/wp-content\/uploads\/2016\/02\/Bandeau-LBB-TV-Blanc-01.png","datePublished":"2016-02-18T14:43:44+00:00","dateModified":"2016-02-22T11:49:37+00:00","inLanguage":"fr-FR","potentialAction":[{"@type":"ReadAction","target":["https:\/\/lyonbondyblog.fr\/LBB\/romsgroundzero-le-camp-roms-de-la-feyssine\/"]}]},{"@type":"ImageObject","inLanguage":"fr-FR","@id":"https:\/\/lyonbondyblog.fr\/LBB\/romsgroundzero-le-camp-roms-de-la-feyssine\/#primaryimage","url":"https:\/\/lyonbondyblog.fr\/LBB\/wp-content\/uploads\/2016\/02\/Bandeau-LBB-TV-Blanc-01.png","contentUrl":"https:\/\/lyonbondyblog.fr\/LBB\/wp-content\/uploads\/2016\/02\/Bandeau-LBB-TV-Blanc-01.png","width":2708,"height":833},{"@type":"WebSite","@id":"https:\/\/lyonbondyblog.fr\/LBB\/#website","url":"https:\/\/lyonbondyblog.fr\/LBB\/","name":"Lyon Bondy Blog","description":"","publisher":{"@id":"https:\/\/lyonbondyblog.fr\/LBB\/#organization"},"potentialAction":[{"@type":"SearchAction","target":{"@type":"EntryPoint","urlTemplate":"https:\/\/lyonbondyblog.fr\/LBB\/?s={search_term_string}"},"query-input":"required name=search_term_string"}],"inLanguage":"fr-FR"},{"@type":"Organization","@id":"https:\/\/lyonbondyblog.fr\/LBB\/#organization","name":"LYON BONDY BLOG","url":"https:\/\/lyonbondyblog.fr\/LBB\/","logo":{"@type":"ImageObject","inLanguage":"fr-FR","@id":"https:\/\/lyonbondyblog.fr\/LBB\/#\/schema\/logo\/image\/","url":"http:\/\/lyonbondyblog.fr\/LBB\/wp-content\/uploads\/2014\/10\/logo-portable-144.png","contentUrl":"http:\/\/lyonbondyblog.fr\/LBB\/wp-content\/uploads\/2014\/10\/logo-portable-144.png","width":144,"height":123,"caption":"LYON BONDY BLOG"},"image":{"@id":"https:\/\/lyonbondyblog.fr\/LBB\/#\/schema\/logo\/image\/"},"sameAs":["https:\/\/www.facebook.com\/lyonbondyblog","https:\/\/x.com\/bondybloglyon"]},{"@type":"Person","@id":"https:\/\/lyonbondyblog.fr\/LBB\/#\/schema\/person\/e45f8d27baac75072daa0be50c409b25","name":"La r\u00e9daction","description":"Cr\u00e9e en 2008, la r\u00e9daction du Lyon Bondy Blog s'applique \u00e0 proposer une information locale diff\u00e9rente et compl\u00e9mentaire des m\u00e9dias traditionnels.","sameAs":["https:\/\/www.facebook.com\/lyonbondyblog","https:\/\/x.com\/BondyBlogLyon"],"url":"https:\/\/lyonbondyblog.fr\/LBB\/author\/admin\/"}]}},"_links":{"self":[{"href":"https:\/\/lyonbondyblog.fr\/LBB\/wp-json\/wp\/v2\/posts\/9472","targetHints":{"allow":["GET"]}}],"collection":[{"href":"https:\/\/lyonbondyblog.fr\/LBB\/wp-json\/wp\/v2\/posts"}],"about":[{"href":"https:\/\/lyonbondyblog.fr\/LBB\/wp-json\/wp\/v2\/types\/post"}],"author":[{"embeddable":true,"href":"https:\/\/lyonbondyblog.fr\/LBB\/wp-json\/wp\/v2\/users\/1"}],"replies":[{"embeddable":true,"href":"https:\/\/lyonbondyblog.fr\/LBB\/wp-json\/wp\/v2\/comments?post=9472"}],"version-history":[{"count":0,"href":"https:\/\/lyonbondyblog.fr\/LBB\/wp-json\/wp\/v2\/posts\/9472\/revisions"}],"wp:featuredmedia":[{"embeddable":true,"href":"https:\/\/lyonbondyblog.fr\/LBB\/wp-json\/wp\/v2\/media\/9490"}],"wp:attachment":[{"href":"https:\/\/lyonbondyblog.fr\/LBB\/wp-json\/wp\/v2\/media?parent=9472"}],"wp:term":[{"taxonomy":"category","embeddable":true,"href":"https:\/\/lyonbondyblog.fr\/LBB\/wp-json\/wp\/v2\/categories?post=9472"},{"taxonomy":"post_tag","embeddable":true,"href":"https:\/\/lyonbondyblog.fr\/LBB\/wp-json\/wp\/v2\/tags?post=9472"}],"curies":[{"name":"wp","href":"https:\/\/api.w.org\/{rel}","templated":true}]}}