{"id":9461,"date":"2016-02-17T18:04:16","date_gmt":"2016-02-17T17:04:16","guid":{"rendered":"http:\/\/lyonbondyblog.fr\/LBB\/?p=9461"},"modified":"2016-02-25T17:52:48","modified_gmt":"2016-02-25T16:52:48","slug":"un-nouveau-lieu-bizarre-a-venissieux","status":"publish","type":"post","link":"https:\/\/lyonbondyblog.fr\/LBB\/un-nouveau-lieu-bizarre-a-venissieux\/","title":{"rendered":"Un nouveau lieu \u00abBizarre!\u00bb \u00e0 V\u00e9nissieux"},"content":{"rendered":"<p><strong>Ce samedi 13 f\u00e9vrier, le LBB \u00e9tait pr\u00e9sent \u00e0 l\u2019inauguration du nouveau lieu de \u00ab\u00a0Bizarre\u00a0!\u00a0\u00bb, \u00e0 V\u00e9nissieux. Le projet permet \u00e0 des artistes de s\u2019\u00e9panouir dans leur domaine de pr\u00e9dilection. Plusieurs ateliers \u00e9taient propos\u00e9s dans la journ\u00e9e comme du Light graff, du beat-box, du rap, suivi d\u2019un concert du Labo et de Monkey Theorem.<\/strong><\/p>\n<p>Apr\u00e8s 10 ans d\u2019activit\u00e9s,<a href=\"http:\/\/bizarre-venissieux.fr\/\" target=\"_blank\"> le projet Bizarre devient: \u00ab\u00a0Bizarre\u00a0!\u00a0\u00bb <\/a>et s\u2019institutionnalise.\u00a0 Ce lieu vaste a \u00e9t\u00e9 financ\u00e9 par la ville de V\u00e9nissieux et la R\u00e9gion Auvergne\/Rh\u00f4ne-Alpes. Cet endroit est d\u00e9di\u00e9 aux cultures urbaines. Un espace de rencontres o\u00f9 amateurs et professionnels partagent la m\u00eame passion favorisant l\u2019apprentissage ou le perfectionnement.\u00a0 Ce lieu offre un nouvel \u00e9quipement\u00a0: un plateau de cr\u00e9ation, une salle de concert, une salle de r\u00e9p\u00e9tition\u2026 L\u2019inauguration a attir\u00e9 un large public, et ce sont quelques 350 personnes qui sont venues visiter et participer aux ateliers. Ces initiations \u00e9taient men\u00e9es par des professionnels. Notamment Fisto qui a anim\u00e9 l\u2019atelier rap, ou encore Johann Prod\u2019homme et Vincent Desleveaux qui se sont occup\u00e9 de l\u2019atelier de Light graff.<\/p>\n<h2><img loading=\"lazy\" decoding=\"async\" class=\"aligncenter size-full wp-image-9464\" src=\"https:\/\/lyonbondyblog.fr\/LBB\/wp-content\/uploads\/2016\/02\/labo.jpg\" alt=\"labo\" width=\"720\" height=\"462\" srcset=\"https:\/\/lyonbondyblog.fr\/LBB\/wp-content\/uploads\/2016\/02\/labo.jpg 720w, https:\/\/lyonbondyblog.fr\/LBB\/wp-content\/uploads\/2016\/02\/labo-300x193.jpg 300w, https:\/\/lyonbondyblog.fr\/LBB\/wp-content\/uploads\/2016\/02\/labo-600x385.jpg 600w\" sizes=\"auto, (max-width: 720px) 100vw, 720px\" \/>\u00ab\u00a0Ils d\u00e9gagent une vraie \u00e9nergie sur sc\u00e8ne et ont su soulever le public\u00a0\u00bb<\/h2>\n<p>18\u00a0h\u00a030, le public se dirige vers la sc\u00e8ne. Environ 250 personnes attendent le d\u00e9but du concert. Huit jeunes montent sur sc\u00e8ne\u00a0: <a href=\"https:\/\/www.facebook.com\/LABO-1044702638920080\/?fref=ts\" target=\"_blank\">c\u2019est le Labo<\/a>. Ils prennent les micros et entrainent le public dans leur univers.\u00a0 Les morceaux s\u2019enchainent, passant du rap conscient avec des messages explicites \u00e0 des morceaux plus entrainants. On peut appr\u00e9cier la joie qu\u2019ils ont de partager leur passion avec nous et la fa\u00e7on dont ils mettent l\u2019ambiance. Ainsi, leur chanson \u00ab\u00a0Antifascista\u00a0\u00bb r\u00e9unit toute la salle au-devant de la sc\u00e8ne. Le public reprend en c\u0153ur les paroles du morceau, le bras lev\u00e9\u00a0: \u00ab\u00a0Alerta alerta \u00a0antifascista l\u00e8ve ton bras en l\u2019air pour les brotha and sista\u00a0\u00bb. Moment appr\u00e9ci\u00e9 par tous dans l\u2019union et la force. <em>\u00ab\u00a0Ils d\u00e9gagent une vraie \u00e9nergie sur sc\u00e8ne et ont su soulever le public\u00a0!\u00a0\u00bb<\/em> S\u2019enthousiasme Benjamin, un jeune de Villeurbanne qui assiste au show du Labo pour la premi\u00e8re fois.<\/p>\n<h2>\u00ab\u00a0C\u2019est un lieu de dingue de cr\u00e9ation, faut le dire \u00e0 tout V\u00e9nissieux\u00a0!\u00a0\u00bb<\/h2>\n<p><img loading=\"lazy\" decoding=\"async\" class=\"alignleft size-full wp-image-9462\" src=\"https:\/\/lyonbondyblog.fr\/LBB\/wp-content\/uploads\/2016\/02\/bizarre-venissieux.png\" alt=\"bizarre venissieux\" width=\"256\" height=\"196\" \/>Nous nous sommes int\u00e9ress\u00e9s \u00e0 ce que le projet Bizarre avait apport\u00e9. Kyle du Labo nous fait part de sa vision du projet\u00a0:<em> \u00ab\u00a0\u00c7a m\u2019apporte tout\u00a0: de la technique et aussi un lieu o\u00f9 on peut r\u00e9p\u00e9ter et pratiquer notre art. \u00c7a devrait \u00eatre la norme partout.\u00a0\u00bb <\/em>C\u2019est un lieu o\u00f9 les amateurs \u00e9voluent, comme nous d\u00e9clare KLM du Labo\u00a0: <em>\u00ab\u00a0Je me suis remise \u00e0 \u00e9crire, je me suis lanc\u00e9 sur sc\u00e8ne. Mon rap de chambre commence \u00e0 se professionnaliser\u00a0\u00bb<\/em>. Ainsi, cette structure les encadre et les forme gr\u00e2ce \u00e0 des entrainements. <em>\u00ab\u00a0On a une structure, un rythme r\u00e9gulier de travail et d\u2019apprentissage.\u00a0\u00bb<\/em> Nous confit Ben du Labo. Ils se produisent ensuite sur sc\u00e8ne. \u00ab\u00a0On cr\u00e8ve la bulle, on s\u2019ouvre, on alimente notre art. C\u2019est un lieu de dingue de cr\u00e9ation. Faut le dire \u00e0 tout V\u00e9nissieux\u00a0! On monte sur des putains de sc\u00e8nes\u00a0!\u00a0\u00bb<em>\u00a0<\/em>Conclut le \u00ab\u00a0Barbu de Valmy\u00a0\u00bb, lui aussi membre du Labo.<\/p>\n<!-- AddThis Advanced Settings generic via filter on the_content --><!-- AddThis Share Buttons generic via filter on the_content -->","protected":false},"excerpt":{"rendered":"<p>Ce samedi 13 f\u00e9vrier, le LBB \u00e9tait pr\u00e9sent \u00e0 l\u2019inauguration du nouveau lieu de \u00ab\u00a0Bizarre\u00a0!\u00a0\u00bb, \u00e0 V\u00e9nissieux. Le projet permet \u00e0 des artistes de s\u2019\u00e9panouir &hellip; <!-- AddThis Advanced Settings generic via filter on wp_trim_excerpt --><!-- AddThis Share Buttons generic via filter on wp_trim_excerpt --><\/p>\n","protected":false},"author":430,"featured_media":9463,"comment_status":"open","ping_status":"open","sticky":false,"template":"","format":"standard","meta":{"_FSMCFIC_featured_image_caption":"","_FSMCFIC_featured_image_nocaption":"","_FSMCFIC_featured_image_hide":"","footnotes":""},"categories":[5,3,4],"tags":[2206,1953,1016,2053,2215,436,2212,564,1952,1639,908,2213,2214,2159,205,267,42],"class_list":["post-9461","post","type-post","status-publish","format-standard","has-post-thumbnail","hentry","category-ambiance","category-culture","category-lyon","tag-2206","tag-ambiance","tag-art","tag-artiste","tag-artistes","tag-atelier","tag-bizarre","tag-concert","tag-culture","tag-cultures-urbaines","tag-graff","tag-inauguration","tag-le-labo","tag-projet","tag-rap","tag-rhone-alpes","tag-venissieux"],"yoast_head":"<!-- This site is optimized with the Yoast SEO plugin v22.8 - https:\/\/yoast.com\/wordpress\/plugins\/seo\/ -->\n<title>Un nouveau lieu \u00abBizarre!\u00bb \u00e0 V\u00e9nissieux - Lyon Bondy Blog<\/title>\n<meta name=\"robots\" content=\"index, follow, max-snippet:-1, max-image-preview:large, max-video-preview:-1\" \/>\n<link rel=\"canonical\" href=\"https:\/\/lyonbondyblog.fr\/LBB\/un-nouveau-lieu-bizarre-a-venissieux\/\" \/>\n<meta property=\"og:locale\" content=\"fr_FR\" \/>\n<meta property=\"og:type\" content=\"article\" \/>\n<meta property=\"og:title\" content=\"Un nouveau lieu \u00abBizarre!\u00bb \u00e0 V\u00e9nissieux - Lyon Bondy Blog\" \/>\n<meta property=\"og:description\" content=\"Ce samedi 13 f\u00e9vrier, le LBB \u00e9tait pr\u00e9sent \u00e0 l\u2019inauguration du nouveau lieu de \u00ab\u00a0Bizarre\u00a0!\u00a0\u00bb, \u00e0 V\u00e9nissieux. Le projet permet \u00e0 des artistes de s\u2019\u00e9panouir &hellip;\" \/>\n<meta property=\"og:url\" content=\"https:\/\/lyonbondyblog.fr\/LBB\/un-nouveau-lieu-bizarre-a-venissieux\/\" \/>\n<meta property=\"og:site_name\" content=\"Lyon Bondy Blog\" \/>\n<meta property=\"article:publisher\" content=\"https:\/\/www.facebook.com\/lyonbondyblog\" \/>\n<meta property=\"article:published_time\" content=\"2016-02-17T17:04:16+00:00\" \/>\n<meta property=\"article:modified_time\" content=\"2016-02-25T16:52:48+00:00\" \/>\n<meta property=\"og:image\" content=\"https:\/\/lyonbondyblog.fr\/LBB\/wp-content\/uploads\/2016\/02\/light.jpg\" \/>\n\t<meta property=\"og:image:width\" content=\"720\" \/>\n\t<meta property=\"og:image:height\" content=\"470\" \/>\n\t<meta property=\"og:image:type\" content=\"image\/jpeg\" \/>\n<meta name=\"author\" content=\"Julie Mazigh\" \/>\n<meta name=\"twitter:card\" content=\"summary_large_image\" \/>\n<meta name=\"twitter:creator\" content=\"@bondybloglyon\" \/>\n<meta name=\"twitter:site\" content=\"@bondybloglyon\" \/>\n<script type=\"application\/ld+json\" class=\"yoast-schema-graph\">{\"@context\":\"https:\/\/schema.org\",\"@graph\":[{\"@type\":\"Article\",\"@id\":\"https:\/\/lyonbondyblog.fr\/LBB\/un-nouveau-lieu-bizarre-a-venissieux\/#article\",\"isPartOf\":{\"@id\":\"https:\/\/lyonbondyblog.fr\/LBB\/un-nouveau-lieu-bizarre-a-venissieux\/\"},\"author\":{\"name\":\"Julie Mazigh\",\"@id\":\"https:\/\/lyonbondyblog.fr\/LBB\/#\/schema\/person\/75dba7bd208d44071d847d16f471c707\"},\"headline\":\"Un nouveau lieu \u00abBizarre!\u00bb \u00e0 V\u00e9nissieux\",\"datePublished\":\"2016-02-17T17:04:16+00:00\",\"dateModified\":\"2016-02-25T16:52:48+00:00\",\"mainEntityOfPage\":{\"@id\":\"https:\/\/lyonbondyblog.fr\/LBB\/un-nouveau-lieu-bizarre-a-venissieux\/\"},\"wordCount\":561,\"commentCount\":0,\"publisher\":{\"@id\":\"https:\/\/lyonbondyblog.fr\/LBB\/#organization\"},\"image\":{\"@id\":\"https:\/\/lyonbondyblog.fr\/LBB\/un-nouveau-lieu-bizarre-a-venissieux\/#primaryimage\"},\"thumbnailUrl\":\"https:\/\/lyonbondyblog.fr\/LBB\/wp-content\/uploads\/2016\/02\/light.jpg\",\"keywords\":[\"2016\",\"Ambiance\",\"Art\",\"Artiste\",\"artistes\",\"atelier\",\"bizarre\",\"Concert\",\"Culture\",\"Cultures urbaines\",\"graff\",\"inauguration\",\"le labo\",\"Projet\",\"rap\",\"Rh\u00f4ne-Alpes\",\"venissieux\"],\"articleSection\":[\"Ambiance\",\"Culture\",\"Lyon\"],\"inLanguage\":\"fr-FR\",\"potentialAction\":[{\"@type\":\"CommentAction\",\"name\":\"Comment\",\"target\":[\"https:\/\/lyonbondyblog.fr\/LBB\/un-nouveau-lieu-bizarre-a-venissieux\/#respond\"]}]},{\"@type\":\"WebPage\",\"@id\":\"https:\/\/lyonbondyblog.fr\/LBB\/un-nouveau-lieu-bizarre-a-venissieux\/\",\"url\":\"https:\/\/lyonbondyblog.fr\/LBB\/un-nouveau-lieu-bizarre-a-venissieux\/\",\"name\":\"Un nouveau lieu \u00abBizarre!\u00bb \u00e0 V\u00e9nissieux - Lyon Bondy Blog\",\"isPartOf\":{\"@id\":\"https:\/\/lyonbondyblog.fr\/LBB\/#website\"},\"primaryImageOfPage\":{\"@id\":\"https:\/\/lyonbondyblog.fr\/LBB\/un-nouveau-lieu-bizarre-a-venissieux\/#primaryimage\"},\"image\":{\"@id\":\"https:\/\/lyonbondyblog.fr\/LBB\/un-nouveau-lieu-bizarre-a-venissieux\/#primaryimage\"},\"thumbnailUrl\":\"https:\/\/lyonbondyblog.fr\/LBB\/wp-content\/uploads\/2016\/02\/light.jpg\",\"datePublished\":\"2016-02-17T17:04:16+00:00\",\"dateModified\":\"2016-02-25T16:52:48+00:00\",\"inLanguage\":\"fr-FR\",\"potentialAction\":[{\"@type\":\"ReadAction\",\"target\":[\"https:\/\/lyonbondyblog.fr\/LBB\/un-nouveau-lieu-bizarre-a-venissieux\/\"]}]},{\"@type\":\"ImageObject\",\"inLanguage\":\"fr-FR\",\"@id\":\"https:\/\/lyonbondyblog.fr\/LBB\/un-nouveau-lieu-bizarre-a-venissieux\/#primaryimage\",\"url\":\"https:\/\/lyonbondyblog.fr\/LBB\/wp-content\/uploads\/2016\/02\/light.jpg\",\"contentUrl\":\"https:\/\/lyonbondyblog.fr\/LBB\/wp-content\/uploads\/2016\/02\/light.jpg\",\"width\":720,\"height\":470},{\"@type\":\"WebSite\",\"@id\":\"https:\/\/lyonbondyblog.fr\/LBB\/#website\",\"url\":\"https:\/\/lyonbondyblog.fr\/LBB\/\",\"name\":\"Lyon Bondy Blog\",\"description\":\"\",\"publisher\":{\"@id\":\"https:\/\/lyonbondyblog.fr\/LBB\/#organization\"},\"potentialAction\":[{\"@type\":\"SearchAction\",\"target\":{\"@type\":\"EntryPoint\",\"urlTemplate\":\"https:\/\/lyonbondyblog.fr\/LBB\/?s={search_term_string}\"},\"query-input\":\"required name=search_term_string\"}],\"inLanguage\":\"fr-FR\"},{\"@type\":\"Organization\",\"@id\":\"https:\/\/lyonbondyblog.fr\/LBB\/#organization\",\"name\":\"LYON BONDY BLOG\",\"url\":\"https:\/\/lyonbondyblog.fr\/LBB\/\",\"logo\":{\"@type\":\"ImageObject\",\"inLanguage\":\"fr-FR\",\"@id\":\"https:\/\/lyonbondyblog.fr\/LBB\/#\/schema\/logo\/image\/\",\"url\":\"http:\/\/lyonbondyblog.fr\/LBB\/wp-content\/uploads\/2014\/10\/logo-portable-144.png\",\"contentUrl\":\"http:\/\/lyonbondyblog.fr\/LBB\/wp-content\/uploads\/2014\/10\/logo-portable-144.png\",\"width\":144,\"height\":123,\"caption\":\"LYON BONDY BLOG\"},\"image\":{\"@id\":\"https:\/\/lyonbondyblog.fr\/LBB\/#\/schema\/logo\/image\/\"},\"sameAs\":[\"https:\/\/www.facebook.com\/lyonbondyblog\",\"https:\/\/x.com\/bondybloglyon\"]},{\"@type\":\"Person\",\"@id\":\"https:\/\/lyonbondyblog.fr\/LBB\/#\/schema\/person\/75dba7bd208d44071d847d16f471c707\",\"name\":\"Julie Mazigh\",\"url\":\"https:\/\/lyonbondyblog.fr\/LBB\/author\/julie\/\"}]}<\/script>\n<!-- \/ Yoast SEO plugin. -->","yoast_head_json":{"title":"Un nouveau lieu \u00abBizarre!\u00bb \u00e0 V\u00e9nissieux - Lyon Bondy Blog","robots":{"index":"index","follow":"follow","max-snippet":"max-snippet:-1","max-image-preview":"max-image-preview:large","max-video-preview":"max-video-preview:-1"},"canonical":"https:\/\/lyonbondyblog.fr\/LBB\/un-nouveau-lieu-bizarre-a-venissieux\/","og_locale":"fr_FR","og_type":"article","og_title":"Un nouveau lieu \u00abBizarre!\u00bb \u00e0 V\u00e9nissieux - Lyon Bondy Blog","og_description":"Ce samedi 13 f\u00e9vrier, le LBB \u00e9tait pr\u00e9sent \u00e0 l\u2019inauguration du nouveau lieu de \u00ab\u00a0Bizarre\u00a0!\u00a0\u00bb, \u00e0 V\u00e9nissieux. Le projet permet \u00e0 des artistes de s\u2019\u00e9panouir &hellip;","og_url":"https:\/\/lyonbondyblog.fr\/LBB\/un-nouveau-lieu-bizarre-a-venissieux\/","og_site_name":"Lyon Bondy Blog","article_publisher":"https:\/\/www.facebook.com\/lyonbondyblog","article_published_time":"2016-02-17T17:04:16+00:00","article_modified_time":"2016-02-25T16:52:48+00:00","og_image":[{"width":720,"height":470,"url":"https:\/\/lyonbondyblog.fr\/LBB\/wp-content\/uploads\/2016\/02\/light.jpg","type":"image\/jpeg"}],"author":"Julie Mazigh","twitter_card":"summary_large_image","twitter_creator":"@bondybloglyon","twitter_site":"@bondybloglyon","schema":{"@context":"https:\/\/schema.org","@graph":[{"@type":"Article","@id":"https:\/\/lyonbondyblog.fr\/LBB\/un-nouveau-lieu-bizarre-a-venissieux\/#article","isPartOf":{"@id":"https:\/\/lyonbondyblog.fr\/LBB\/un-nouveau-lieu-bizarre-a-venissieux\/"},"author":{"name":"Julie Mazigh","@id":"https:\/\/lyonbondyblog.fr\/LBB\/#\/schema\/person\/75dba7bd208d44071d847d16f471c707"},"headline":"Un nouveau lieu \u00abBizarre!\u00bb \u00e0 V\u00e9nissieux","datePublished":"2016-02-17T17:04:16+00:00","dateModified":"2016-02-25T16:52:48+00:00","mainEntityOfPage":{"@id":"https:\/\/lyonbondyblog.fr\/LBB\/un-nouveau-lieu-bizarre-a-venissieux\/"},"wordCount":561,"commentCount":0,"publisher":{"@id":"https:\/\/lyonbondyblog.fr\/LBB\/#organization"},"image":{"@id":"https:\/\/lyonbondyblog.fr\/LBB\/un-nouveau-lieu-bizarre-a-venissieux\/#primaryimage"},"thumbnailUrl":"https:\/\/lyonbondyblog.fr\/LBB\/wp-content\/uploads\/2016\/02\/light.jpg","keywords":["2016","Ambiance","Art","Artiste","artistes","atelier","bizarre","Concert","Culture","Cultures urbaines","graff","inauguration","le labo","Projet","rap","Rh\u00f4ne-Alpes","venissieux"],"articleSection":["Ambiance","Culture","Lyon"],"inLanguage":"fr-FR","potentialAction":[{"@type":"CommentAction","name":"Comment","target":["https:\/\/lyonbondyblog.fr\/LBB\/un-nouveau-lieu-bizarre-a-venissieux\/#respond"]}]},{"@type":"WebPage","@id":"https:\/\/lyonbondyblog.fr\/LBB\/un-nouveau-lieu-bizarre-a-venissieux\/","url":"https:\/\/lyonbondyblog.fr\/LBB\/un-nouveau-lieu-bizarre-a-venissieux\/","name":"Un nouveau lieu \u00abBizarre!\u00bb \u00e0 V\u00e9nissieux - Lyon Bondy Blog","isPartOf":{"@id":"https:\/\/lyonbondyblog.fr\/LBB\/#website"},"primaryImageOfPage":{"@id":"https:\/\/lyonbondyblog.fr\/LBB\/un-nouveau-lieu-bizarre-a-venissieux\/#primaryimage"},"image":{"@id":"https:\/\/lyonbondyblog.fr\/LBB\/un-nouveau-lieu-bizarre-a-venissieux\/#primaryimage"},"thumbnailUrl":"https:\/\/lyonbondyblog.fr\/LBB\/wp-content\/uploads\/2016\/02\/light.jpg","datePublished":"2016-02-17T17:04:16+00:00","dateModified":"2016-02-25T16:52:48+00:00","inLanguage":"fr-FR","potentialAction":[{"@type":"ReadAction","target":["https:\/\/lyonbondyblog.fr\/LBB\/un-nouveau-lieu-bizarre-a-venissieux\/"]}]},{"@type":"ImageObject","inLanguage":"fr-FR","@id":"https:\/\/lyonbondyblog.fr\/LBB\/un-nouveau-lieu-bizarre-a-venissieux\/#primaryimage","url":"https:\/\/lyonbondyblog.fr\/LBB\/wp-content\/uploads\/2016\/02\/light.jpg","contentUrl":"https:\/\/lyonbondyblog.fr\/LBB\/wp-content\/uploads\/2016\/02\/light.jpg","width":720,"height":470},{"@type":"WebSite","@id":"https:\/\/lyonbondyblog.fr\/LBB\/#website","url":"https:\/\/lyonbondyblog.fr\/LBB\/","name":"Lyon Bondy Blog","description":"","publisher":{"@id":"https:\/\/lyonbondyblog.fr\/LBB\/#organization"},"potentialAction":[{"@type":"SearchAction","target":{"@type":"EntryPoint","urlTemplate":"https:\/\/lyonbondyblog.fr\/LBB\/?s={search_term_string}"},"query-input":"required name=search_term_string"}],"inLanguage":"fr-FR"},{"@type":"Organization","@id":"https:\/\/lyonbondyblog.fr\/LBB\/#organization","name":"LYON BONDY BLOG","url":"https:\/\/lyonbondyblog.fr\/LBB\/","logo":{"@type":"ImageObject","inLanguage":"fr-FR","@id":"https:\/\/lyonbondyblog.fr\/LBB\/#\/schema\/logo\/image\/","url":"http:\/\/lyonbondyblog.fr\/LBB\/wp-content\/uploads\/2014\/10\/logo-portable-144.png","contentUrl":"http:\/\/lyonbondyblog.fr\/LBB\/wp-content\/uploads\/2014\/10\/logo-portable-144.png","width":144,"height":123,"caption":"LYON BONDY BLOG"},"image":{"@id":"https:\/\/lyonbondyblog.fr\/LBB\/#\/schema\/logo\/image\/"},"sameAs":["https:\/\/www.facebook.com\/lyonbondyblog","https:\/\/x.com\/bondybloglyon"]},{"@type":"Person","@id":"https:\/\/lyonbondyblog.fr\/LBB\/#\/schema\/person\/75dba7bd208d44071d847d16f471c707","name":"Julie Mazigh","url":"https:\/\/lyonbondyblog.fr\/LBB\/author\/julie\/"}]}},"_links":{"self":[{"href":"https:\/\/lyonbondyblog.fr\/LBB\/wp-json\/wp\/v2\/posts\/9461","targetHints":{"allow":["GET"]}}],"collection":[{"href":"https:\/\/lyonbondyblog.fr\/LBB\/wp-json\/wp\/v2\/posts"}],"about":[{"href":"https:\/\/lyonbondyblog.fr\/LBB\/wp-json\/wp\/v2\/types\/post"}],"author":[{"embeddable":true,"href":"https:\/\/lyonbondyblog.fr\/LBB\/wp-json\/wp\/v2\/users\/430"}],"replies":[{"embeddable":true,"href":"https:\/\/lyonbondyblog.fr\/LBB\/wp-json\/wp\/v2\/comments?post=9461"}],"version-history":[{"count":0,"href":"https:\/\/lyonbondyblog.fr\/LBB\/wp-json\/wp\/v2\/posts\/9461\/revisions"}],"wp:featuredmedia":[{"embeddable":true,"href":"https:\/\/lyonbondyblog.fr\/LBB\/wp-json\/wp\/v2\/media\/9463"}],"wp:attachment":[{"href":"https:\/\/lyonbondyblog.fr\/LBB\/wp-json\/wp\/v2\/media?parent=9461"}],"wp:term":[{"taxonomy":"category","embeddable":true,"href":"https:\/\/lyonbondyblog.fr\/LBB\/wp-json\/wp\/v2\/categories?post=9461"},{"taxonomy":"post_tag","embeddable":true,"href":"https:\/\/lyonbondyblog.fr\/LBB\/wp-json\/wp\/v2\/tags?post=9461"}],"curies":[{"name":"wp","href":"https:\/\/api.w.org\/{rel}","templated":true}]}}