{"id":942,"date":"2012-06-06T15:13:36","date_gmt":"2012-06-06T13:13:36","guid":{"rendered":"http:\/\/lyonbondyblog.fr\/LBB\/?p=942"},"modified":"2013-07-19T15:18:30","modified_gmt":"2013-07-19T13:18:30","slug":"la-droite-a-plusieurs-visages","status":"publish","type":"post","link":"https:\/\/lyonbondyblog.fr\/LBB\/la-droite-a-plusieurs-visages\/","title":{"rendered":"La droite a plusieurs visages"},"content":{"rendered":"<p><strong>C\u2019est au d\u00e9tour d\u2019une bruyante brasserie du 6e arrondissement que j\u2019ai rendez-vous avec Thierry Mouillac, candidat de Lyon Divers Droite aux l\u00e9gislatives pour la 4e circonscription. Une table \u00e0 l\u2019\u00e9cart, une commande de desserts et un dictaphone. J\u2019ai \u00e0 pr\u00e9sent une heure devant moi pour d\u00e9couvrir la trajectoire atypique d\u2019un candidat d\u2019une autre droite.<\/strong><\/p>\n<p><a href=\"https:\/\/lyonbondyblog.fr\/LBB\/wp-content\/uploads\/2013\/07\/Thierry-Mouillac_0.jpg\"><img loading=\"lazy\" decoding=\"async\" width=\"218\" height=\"300\" class=\"alignnone size-medium wp-image-943\" alt=\"Thierry Mouillac_0\" src=\"https:\/\/lyonbondyblog.fr\/LBB\/wp-content\/uploads\/2013\/07\/Thierry-Mouillac_0-218x300.jpg\" srcset=\"https:\/\/lyonbondyblog.fr\/LBB\/wp-content\/uploads\/2013\/07\/Thierry-Mouillac_0-218x300.jpg 218w, https:\/\/lyonbondyblog.fr\/LBB\/wp-content\/uploads\/2013\/07\/Thierry-Mouillac_0.jpg 400w\" sizes=\"auto, (max-width: 218px) 100vw, 218px\" \/><\/a><\/p>\n<div>\n<p>Il a gravi petit \u00e0 petit les \u00e9chelons en passant du titre de laur\u00e9at du s\u00e9minaire Jeune Leader politique de l\u2019institut ASPEN au statut de membre fondateur de Lyon Divers Droite. L\u2019homme est aujourd\u2019hui, et ce depuis 2008, adjoint au Maire du 6e arrondissement, un des rares arrondissements de Lyon \u00e0 \u00eatre positionn\u00e9 \u00e0 droite. De son ancrage local il en a retir\u00e9 un fort attachement aux citoyens et \u00e0 l\u2019int\u00e9r\u00eat g\u00e9n\u00e9ral qui est devenu tr\u00e8s vite son leitmotiv. Selon lui c\u2019est donc naturellement qu\u2019il s\u2019est dirig\u00e9 et a voulu forger une autre conception de la droite en marge de l\u2019id\u00e9ologie dict\u00e9e par l\u2019UMP. Ce \u00ab<em> bloc monolithique<\/em> \u00bb est pour lui un obstacle \u00e0 la r\u00e9alisation de l\u2019int\u00e9r\u00eat g\u00e9n\u00e9ral puisque cet\u00a0 \u00ab <em>Etat-major<\/em> \u00bb est compl\u00e8tement d\u00e9connect\u00e9 de la r\u00e9alit\u00e9 concr\u00e8te des citoyens. Les membres du parti sont \u00e9lus pour leur parti et sont plus int\u00e9ress\u00e9s par leur trajectoire personnelle que par le devoir qui devrait les animer, \u00e0 savoir la satisfaction des int\u00e9r\u00eats des citoyens. Leurs \u00e9checs depuis 5 ans en sont la preuve.\u00a0 Mr Mouillac se positionne donc en rupture de cela et est bien d\u00e9cid\u00e9 \u00e0 gagner son poste de d\u00e9put\u00e9 afin d\u2019imposer sa vision des choses et faire entrer r\u00e9ellement, cette fois ci, le citoyen au c\u0153ur de l\u2019Assembl\u00e9e Nationale.<\/p>\n<p>La conversation se dirige ensuite naturellement vers les grandes propositions de son programme qui correspondent \u00e9galement aux gros dossiers dont est en charge le gouvernement actuel. Tout d\u2019abord l\u2019enseignement : \u00ab <em>\u00e9largir la responsabilit\u00e9 des enseignants au profits des \u00e9l\u00e8ves<\/em> \u00bb. C\u2019est logiquement que je lui demande des pr\u00e9cisions sur le sujet. Face \u00e0 l\u2019enseigne strat\u00e9gie de l\u2019UMP qui consistait \u00e0 supprimer en nombre des postes d\u2019enseignants sur tout le territoire, et la nouvelle strat\u00e9gie du gouvernement Hollande qui consiste \u00e0 vouloir cr\u00e9er 1000 postes d\u2019enseignant suppl\u00e9mentaires, le candidat Lyon Divers Droite se situe sur une position diam\u00e9tralement oppos\u00e9e. En effet il pense que la meilleure fa\u00e7on de s\u2019en sortir est d\u2019impliquer davantage les enseignants dans l\u2019appareil administratif ce qui permettra une meilleure gestion des plannings et donc pourra r\u00e9duire (jusqu\u2019\u00e0 10%) le nombre d\u2019\u00e9l\u00e8ves en classe. Cette proposition ne manque, \u00e0 mon sens, pas d\u2019originalit\u00e9 mais de nouveau cela ne r\u00e9sout pas les probl\u00e8mes de l\u2019\u00e9quation suivante : plus d\u2019\u00e9l\u00e8ves chaque ann\u00e9e + moins d\u2019enseignants=classes surcharg\u00e9es (qui m\u00e8ne forc\u00e9ment \u00e0 une d\u00e9t\u00e9rioration de l\u2019enseignement). De plus donner des t\u00e2ches administratives aux enseignants qui sont parfois noy\u00e9s sous la masse de travail (correction des copies et pr\u00e9paration des cours) ne sera pas forc\u00e9ment bien appr\u00e9ci\u00e9 par le corps enseignant. Et puis si les professeurs se chargent de l\u2019administratif cela veut dire que le personnel dont c\u2019\u00e9tait la fonction ant\u00e9rieurement n\u2019aura plus de raison d\u2019\u00eatre. Un point \u00e0 creuser en effet.<\/p>\n<p>En ce qui concerne le d\u00e9ficit public abyssal de la France, le candidat se pose la question suivante : \u00e0 niveau \u00e9gal de service, l\u2019Allemagne d\u00e9pense 163 milliards d\u2019euro de moins que la France. Selon lui il y a des gisements d\u2019\u00e9conomie dont la clause de comp\u00e9tence g\u00e9n\u00e9rale (les collectivit\u00e9s territoriales peuvent intervenir sur n\u2019importe quel sujet, c\u2019est une source de confusion). Mais cela reste tout de m\u00eame un peu l\u00e9ger, \u00e0 l\u2019Assembl\u00e9e Nationale il faudra voter de grandes r\u00e9formes en vue de r\u00e9duire le d\u00e9ficit public au niveau national et pas seulement au niveau des collectivit\u00e9s territoriales. Malheureusement nous n\u2019aurons pas d\u2019autres exemples \u00e0 plus grande \u00e9chelle.<br \/>\nEnfin la r\u00e9duction du train de vie des parlementaires qui est devenue, avec l\u2019arriv\u00e9e au pouvoir de F.Hollande, l\u2019un des chevaux de bataille du nouveau gouvernement. T.Mouillac s\u2019inscrit lui aussi dans cette trajectoire de r\u00e9duction, il se montre d\u2019ailleurs tr\u00e8s ferme avec tout ce qui concerne l\u2019argent public.<\/p>\n<p>Pour conclure, il nous donne finalement son avis sur le gouvernement actuel et comme tout bon \u00e9lu de droite il pointe du doigts l\u2019absence de diversit\u00e9 au sein de l\u2019\u00e9quipe minist\u00e9rielle, \u00e0 savoir qu\u2019ils sont tous issus du parti victorieux de la campagne pr\u00e9sidentiel. Selon lui un gouvernement doit repr\u00e9senter toutes les tendances politiques pr\u00e9sentes sur le territoire. Mais alors \u00e0 ce moment-l\u00e0 l\u2019\u00e9lection pr\u00e9sidentielle n\u2019a plus de raison d\u2019\u00eatre, les citoyens votent pour un parti, en mai dernier ils ont nomm\u00e9 F.Hollande pour qu\u2019il repr\u00e9sente leur int\u00e9r\u00eats, ils se sont positionn\u00e9s en majorit\u00e9 contre l\u2019ancienne majorit\u00e9 de droite, ils ne s\u2019attendent donc pas n\u00e9cessairement \u00e0 ce que le nouveau gouvernement int\u00e8gre des ministres de diff\u00e9rentes sensibilit\u00e9s politiques, ils ne veulent pas forc\u00e9ment d\u2019un gouvernement de coalition. Il nous parle \u00e9galement du manque de comp\u00e9tences de certains ministres comme A.Filipetti qui n\u2019aurait pas forc\u00e9ment une r\u00e9elle expertise et donc une r\u00e9elle l\u00e9gitimit\u00e9 en mati\u00e8re de culture. Mais j\u2019ai soudain le souvenir de Mr Kouchner ancien membre de M\u00e9decins Sans Fronti\u00e8res, nomm\u00e9 Ministre des Affaires Etrang\u00e8res sous le gouvernement Sarkozy. Mais finalement toutes ces critiques sont de bonne guerre et font le propre de l\u2019opposition. A pr\u00e9sent c\u2019est \u00e0 la droite de jouer ce r\u00f4le-l\u00e0 et T.Mouillac tient dur comme fer, avec sa candidature et il esp\u00e8re avec beaucoup d\u2019autres, au projet de construire une opposition forte et combattante tout en n\u2019excluant pas de voter des projets de loi PS si ils sont en accords avec ses valeurs et principes.<br \/>\n<strong>Candidats dans la quatri\u00e8me circonscription du Rh\u00f4ne<\/strong><\/p>\n<p>Jean-No\u00ebl Dudukdjian : LO<br \/>\nGwendoline Desliens : PP<br \/>\nPierre-Yves Bess\u00e9as : FG (PCF)<br \/>\nPierre H\u00e9mon : EELV<br \/>\nAnne Brugnera : PS<br \/>\nAurore Ninino : SP<br \/>\nBertrand Picolet : Modem<br \/>\nSophie Turcano : AEI<br \/>\nThierry Mouillac : Lyon-DVD<br \/>\nDominique Nachury : UMP<br \/>\nAnne-Claire Pech : PCD<br \/>\nJean Foyard : AR<br \/>\nNicole Hugon : FN<\/p>\n<\/div>\n<!-- AddThis Advanced Settings generic via filter on the_content --><!-- AddThis Share Buttons generic via filter on the_content -->","protected":false},"excerpt":{"rendered":"<p>C\u2019est au d\u00e9tour d\u2019une bruyante brasserie du 6e arrondissement que j\u2019ai rendez-vous avec Thierry Mouillac, candidat de Lyon Divers Droite aux l\u00e9gislatives pour la 4e &hellip; <!-- AddThis Advanced Settings generic via filter on wp_trim_excerpt --><!-- AddThis Share Buttons generic via filter on wp_trim_excerpt --><\/p>\n","protected":false},"author":1,"featured_media":944,"comment_status":"open","ping_status":"open","sticky":false,"template":"","format":"standard","meta":{"_FSMCFIC_featured_image_caption":"","_FSMCFIC_featured_image_nocaption":"","_FSMCFIC_featured_image_hide":"","footnotes":""},"categories":[4,6],"tags":[342,340,343,10,112,262,165,341,56],"class_list":["post-942","post","type-post","status-publish","format-standard","has-post-thumbnail","hentry","category-lyon","category-politique","tag-4e-circonscription","tag-droite","tag-legislatives","tag-lyon-2","tag-lyon-bondy-blog","tag-municipales","tag-politique-2","tag-thierry-mouillac","tag-ump"],"yoast_head":"<!-- This site is optimized with the Yoast SEO plugin v22.8 - https:\/\/yoast.com\/wordpress\/plugins\/seo\/ -->\n<title>La droite a plusieurs visages - Lyon Bondy Blog<\/title>\n<meta name=\"robots\" content=\"index, follow, max-snippet:-1, max-image-preview:large, max-video-preview:-1\" \/>\n<link rel=\"canonical\" href=\"https:\/\/lyonbondyblog.fr\/LBB\/la-droite-a-plusieurs-visages\/\" \/>\n<meta property=\"og:locale\" content=\"fr_FR\" \/>\n<meta property=\"og:type\" content=\"article\" \/>\n<meta property=\"og:title\" content=\"La droite a plusieurs visages - Lyon Bondy Blog\" \/>\n<meta property=\"og:description\" content=\"C\u2019est au d\u00e9tour d\u2019une bruyante brasserie du 6e arrondissement que j\u2019ai rendez-vous avec Thierry Mouillac, candidat de Lyon Divers Droite aux l\u00e9gislatives pour la 4e &hellip;\" \/>\n<meta property=\"og:url\" content=\"https:\/\/lyonbondyblog.fr\/LBB\/la-droite-a-plusieurs-visages\/\" \/>\n<meta property=\"og:site_name\" content=\"Lyon Bondy Blog\" \/>\n<meta property=\"article:publisher\" content=\"https:\/\/www.facebook.com\/lyonbondyblog\" \/>\n<meta property=\"article:author\" content=\"https:\/\/www.facebook.com\/lyonbondyblog\" \/>\n<meta property=\"article:published_time\" content=\"2012-06-06T13:13:36+00:00\" \/>\n<meta property=\"article:modified_time\" content=\"2013-07-19T13:18:30+00:00\" \/>\n<meta property=\"og:image\" content=\"https:\/\/lyonbondyblog.fr\/LBB\/wp-content\/uploads\/2013\/07\/Thierry-Mouillac_copie.jpg\" \/>\n\t<meta property=\"og:image:width\" content=\"809\" \/>\n\t<meta property=\"og:image:height\" content=\"409\" \/>\n\t<meta property=\"og:image:type\" content=\"image\/jpeg\" \/>\n<meta name=\"author\" content=\"La r\u00e9daction\" \/>\n<meta name=\"twitter:card\" content=\"summary_large_image\" \/>\n<meta name=\"twitter:creator\" content=\"@BondyBlogLyon\" \/>\n<meta name=\"twitter:site\" content=\"@bondybloglyon\" \/>\n<script type=\"application\/ld+json\" class=\"yoast-schema-graph\">{\"@context\":\"https:\/\/schema.org\",\"@graph\":[{\"@type\":\"Article\",\"@id\":\"https:\/\/lyonbondyblog.fr\/LBB\/la-droite-a-plusieurs-visages\/#article\",\"isPartOf\":{\"@id\":\"https:\/\/lyonbondyblog.fr\/LBB\/la-droite-a-plusieurs-visages\/\"},\"author\":{\"name\":\"La r\u00e9daction\",\"@id\":\"https:\/\/lyonbondyblog.fr\/LBB\/#\/schema\/person\/e45f8d27baac75072daa0be50c409b25\"},\"headline\":\"La droite a plusieurs visages\",\"datePublished\":\"2012-06-06T13:13:36+00:00\",\"dateModified\":\"2013-07-19T13:18:30+00:00\",\"mainEntityOfPage\":{\"@id\":\"https:\/\/lyonbondyblog.fr\/LBB\/la-droite-a-plusieurs-visages\/\"},\"wordCount\":1108,\"commentCount\":0,\"publisher\":{\"@id\":\"https:\/\/lyonbondyblog.fr\/LBB\/#organization\"},\"image\":{\"@id\":\"https:\/\/lyonbondyblog.fr\/LBB\/la-droite-a-plusieurs-visages\/#primaryimage\"},\"thumbnailUrl\":\"https:\/\/lyonbondyblog.fr\/LBB\/wp-content\/uploads\/2013\/07\/Thierry-Mouillac_copie.jpg\",\"keywords\":[\"4e circonscription\",\"droite\",\"l\u00e9gislatives\",\"lyon\",\"Lyon Bondy Blog\",\"municipales\",\"politique\",\"Thierry Mouillac\",\"ump\"],\"articleSection\":[\"Lyon\",\"Politique\"],\"inLanguage\":\"fr-FR\",\"potentialAction\":[{\"@type\":\"CommentAction\",\"name\":\"Comment\",\"target\":[\"https:\/\/lyonbondyblog.fr\/LBB\/la-droite-a-plusieurs-visages\/#respond\"]}]},{\"@type\":\"WebPage\",\"@id\":\"https:\/\/lyonbondyblog.fr\/LBB\/la-droite-a-plusieurs-visages\/\",\"url\":\"https:\/\/lyonbondyblog.fr\/LBB\/la-droite-a-plusieurs-visages\/\",\"name\":\"La droite a plusieurs visages - Lyon Bondy Blog\",\"isPartOf\":{\"@id\":\"https:\/\/lyonbondyblog.fr\/LBB\/#website\"},\"primaryImageOfPage\":{\"@id\":\"https:\/\/lyonbondyblog.fr\/LBB\/la-droite-a-plusieurs-visages\/#primaryimage\"},\"image\":{\"@id\":\"https:\/\/lyonbondyblog.fr\/LBB\/la-droite-a-plusieurs-visages\/#primaryimage\"},\"thumbnailUrl\":\"https:\/\/lyonbondyblog.fr\/LBB\/wp-content\/uploads\/2013\/07\/Thierry-Mouillac_copie.jpg\",\"datePublished\":\"2012-06-06T13:13:36+00:00\",\"dateModified\":\"2013-07-19T13:18:30+00:00\",\"inLanguage\":\"fr-FR\",\"potentialAction\":[{\"@type\":\"ReadAction\",\"target\":[\"https:\/\/lyonbondyblog.fr\/LBB\/la-droite-a-plusieurs-visages\/\"]}]},{\"@type\":\"ImageObject\",\"inLanguage\":\"fr-FR\",\"@id\":\"https:\/\/lyonbondyblog.fr\/LBB\/la-droite-a-plusieurs-visages\/#primaryimage\",\"url\":\"https:\/\/lyonbondyblog.fr\/LBB\/wp-content\/uploads\/2013\/07\/Thierry-Mouillac_copie.jpg\",\"contentUrl\":\"https:\/\/lyonbondyblog.fr\/LBB\/wp-content\/uploads\/2013\/07\/Thierry-Mouillac_copie.jpg\",\"width\":809,\"height\":409},{\"@type\":\"WebSite\",\"@id\":\"https:\/\/lyonbondyblog.fr\/LBB\/#website\",\"url\":\"https:\/\/lyonbondyblog.fr\/LBB\/\",\"name\":\"Lyon Bondy Blog\",\"description\":\"\",\"publisher\":{\"@id\":\"https:\/\/lyonbondyblog.fr\/LBB\/#organization\"},\"potentialAction\":[{\"@type\":\"SearchAction\",\"target\":{\"@type\":\"EntryPoint\",\"urlTemplate\":\"https:\/\/lyonbondyblog.fr\/LBB\/?s={search_term_string}\"},\"query-input\":\"required name=search_term_string\"}],\"inLanguage\":\"fr-FR\"},{\"@type\":\"Organization\",\"@id\":\"https:\/\/lyonbondyblog.fr\/LBB\/#organization\",\"name\":\"LYON BONDY BLOG\",\"url\":\"https:\/\/lyonbondyblog.fr\/LBB\/\",\"logo\":{\"@type\":\"ImageObject\",\"inLanguage\":\"fr-FR\",\"@id\":\"https:\/\/lyonbondyblog.fr\/LBB\/#\/schema\/logo\/image\/\",\"url\":\"http:\/\/lyonbondyblog.fr\/LBB\/wp-content\/uploads\/2014\/10\/logo-portable-144.png\",\"contentUrl\":\"http:\/\/lyonbondyblog.fr\/LBB\/wp-content\/uploads\/2014\/10\/logo-portable-144.png\",\"width\":144,\"height\":123,\"caption\":\"LYON BONDY BLOG\"},\"image\":{\"@id\":\"https:\/\/lyonbondyblog.fr\/LBB\/#\/schema\/logo\/image\/\"},\"sameAs\":[\"https:\/\/www.facebook.com\/lyonbondyblog\",\"https:\/\/x.com\/bondybloglyon\"]},{\"@type\":\"Person\",\"@id\":\"https:\/\/lyonbondyblog.fr\/LBB\/#\/schema\/person\/e45f8d27baac75072daa0be50c409b25\",\"name\":\"La r\u00e9daction\",\"description\":\"Cr\u00e9e en 2008, la r\u00e9daction du Lyon Bondy Blog s'applique \u00e0 proposer une information locale diff\u00e9rente et compl\u00e9mentaire des m\u00e9dias traditionnels.\",\"sameAs\":[\"https:\/\/www.facebook.com\/lyonbondyblog\",\"https:\/\/x.com\/BondyBlogLyon\"],\"url\":\"https:\/\/lyonbondyblog.fr\/LBB\/author\/admin\/\"}]}<\/script>\n<!-- \/ Yoast SEO plugin. -->","yoast_head_json":{"title":"La droite a plusieurs visages - Lyon Bondy Blog","robots":{"index":"index","follow":"follow","max-snippet":"max-snippet:-1","max-image-preview":"max-image-preview:large","max-video-preview":"max-video-preview:-1"},"canonical":"https:\/\/lyonbondyblog.fr\/LBB\/la-droite-a-plusieurs-visages\/","og_locale":"fr_FR","og_type":"article","og_title":"La droite a plusieurs visages - Lyon Bondy Blog","og_description":"C\u2019est au d\u00e9tour d\u2019une bruyante brasserie du 6e arrondissement que j\u2019ai rendez-vous avec Thierry Mouillac, candidat de Lyon Divers Droite aux l\u00e9gislatives pour la 4e &hellip;","og_url":"https:\/\/lyonbondyblog.fr\/LBB\/la-droite-a-plusieurs-visages\/","og_site_name":"Lyon Bondy Blog","article_publisher":"https:\/\/www.facebook.com\/lyonbondyblog","article_author":"https:\/\/www.facebook.com\/lyonbondyblog","article_published_time":"2012-06-06T13:13:36+00:00","article_modified_time":"2013-07-19T13:18:30+00:00","og_image":[{"width":809,"height":409,"url":"https:\/\/lyonbondyblog.fr\/LBB\/wp-content\/uploads\/2013\/07\/Thierry-Mouillac_copie.jpg","type":"image\/jpeg"}],"author":"La r\u00e9daction","twitter_card":"summary_large_image","twitter_creator":"@BondyBlogLyon","twitter_site":"@bondybloglyon","schema":{"@context":"https:\/\/schema.org","@graph":[{"@type":"Article","@id":"https:\/\/lyonbondyblog.fr\/LBB\/la-droite-a-plusieurs-visages\/#article","isPartOf":{"@id":"https:\/\/lyonbondyblog.fr\/LBB\/la-droite-a-plusieurs-visages\/"},"author":{"name":"La r\u00e9daction","@id":"https:\/\/lyonbondyblog.fr\/LBB\/#\/schema\/person\/e45f8d27baac75072daa0be50c409b25"},"headline":"La droite a plusieurs visages","datePublished":"2012-06-06T13:13:36+00:00","dateModified":"2013-07-19T13:18:30+00:00","mainEntityOfPage":{"@id":"https:\/\/lyonbondyblog.fr\/LBB\/la-droite-a-plusieurs-visages\/"},"wordCount":1108,"commentCount":0,"publisher":{"@id":"https:\/\/lyonbondyblog.fr\/LBB\/#organization"},"image":{"@id":"https:\/\/lyonbondyblog.fr\/LBB\/la-droite-a-plusieurs-visages\/#primaryimage"},"thumbnailUrl":"https:\/\/lyonbondyblog.fr\/LBB\/wp-content\/uploads\/2013\/07\/Thierry-Mouillac_copie.jpg","keywords":["4e circonscription","droite","l\u00e9gislatives","lyon","Lyon Bondy Blog","municipales","politique","Thierry Mouillac","ump"],"articleSection":["Lyon","Politique"],"inLanguage":"fr-FR","potentialAction":[{"@type":"CommentAction","name":"Comment","target":["https:\/\/lyonbondyblog.fr\/LBB\/la-droite-a-plusieurs-visages\/#respond"]}]},{"@type":"WebPage","@id":"https:\/\/lyonbondyblog.fr\/LBB\/la-droite-a-plusieurs-visages\/","url":"https:\/\/lyonbondyblog.fr\/LBB\/la-droite-a-plusieurs-visages\/","name":"La droite a plusieurs visages - Lyon Bondy Blog","isPartOf":{"@id":"https:\/\/lyonbondyblog.fr\/LBB\/#website"},"primaryImageOfPage":{"@id":"https:\/\/lyonbondyblog.fr\/LBB\/la-droite-a-plusieurs-visages\/#primaryimage"},"image":{"@id":"https:\/\/lyonbondyblog.fr\/LBB\/la-droite-a-plusieurs-visages\/#primaryimage"},"thumbnailUrl":"https:\/\/lyonbondyblog.fr\/LBB\/wp-content\/uploads\/2013\/07\/Thierry-Mouillac_copie.jpg","datePublished":"2012-06-06T13:13:36+00:00","dateModified":"2013-07-19T13:18:30+00:00","inLanguage":"fr-FR","potentialAction":[{"@type":"ReadAction","target":["https:\/\/lyonbondyblog.fr\/LBB\/la-droite-a-plusieurs-visages\/"]}]},{"@type":"ImageObject","inLanguage":"fr-FR","@id":"https:\/\/lyonbondyblog.fr\/LBB\/la-droite-a-plusieurs-visages\/#primaryimage","url":"https:\/\/lyonbondyblog.fr\/LBB\/wp-content\/uploads\/2013\/07\/Thierry-Mouillac_copie.jpg","contentUrl":"https:\/\/lyonbondyblog.fr\/LBB\/wp-content\/uploads\/2013\/07\/Thierry-Mouillac_copie.jpg","width":809,"height":409},{"@type":"WebSite","@id":"https:\/\/lyonbondyblog.fr\/LBB\/#website","url":"https:\/\/lyonbondyblog.fr\/LBB\/","name":"Lyon Bondy Blog","description":"","publisher":{"@id":"https:\/\/lyonbondyblog.fr\/LBB\/#organization"},"potentialAction":[{"@type":"SearchAction","target":{"@type":"EntryPoint","urlTemplate":"https:\/\/lyonbondyblog.fr\/LBB\/?s={search_term_string}"},"query-input":"required name=search_term_string"}],"inLanguage":"fr-FR"},{"@type":"Organization","@id":"https:\/\/lyonbondyblog.fr\/LBB\/#organization","name":"LYON BONDY BLOG","url":"https:\/\/lyonbondyblog.fr\/LBB\/","logo":{"@type":"ImageObject","inLanguage":"fr-FR","@id":"https:\/\/lyonbondyblog.fr\/LBB\/#\/schema\/logo\/image\/","url":"http:\/\/lyonbondyblog.fr\/LBB\/wp-content\/uploads\/2014\/10\/logo-portable-144.png","contentUrl":"http:\/\/lyonbondyblog.fr\/LBB\/wp-content\/uploads\/2014\/10\/logo-portable-144.png","width":144,"height":123,"caption":"LYON BONDY BLOG"},"image":{"@id":"https:\/\/lyonbondyblog.fr\/LBB\/#\/schema\/logo\/image\/"},"sameAs":["https:\/\/www.facebook.com\/lyonbondyblog","https:\/\/x.com\/bondybloglyon"]},{"@type":"Person","@id":"https:\/\/lyonbondyblog.fr\/LBB\/#\/schema\/person\/e45f8d27baac75072daa0be50c409b25","name":"La r\u00e9daction","description":"Cr\u00e9e en 2008, la r\u00e9daction du Lyon Bondy Blog s'applique \u00e0 proposer une information locale diff\u00e9rente et compl\u00e9mentaire des m\u00e9dias traditionnels.","sameAs":["https:\/\/www.facebook.com\/lyonbondyblog","https:\/\/x.com\/BondyBlogLyon"],"url":"https:\/\/lyonbondyblog.fr\/LBB\/author\/admin\/"}]}},"_links":{"self":[{"href":"https:\/\/lyonbondyblog.fr\/LBB\/wp-json\/wp\/v2\/posts\/942","targetHints":{"allow":["GET"]}}],"collection":[{"href":"https:\/\/lyonbondyblog.fr\/LBB\/wp-json\/wp\/v2\/posts"}],"about":[{"href":"https:\/\/lyonbondyblog.fr\/LBB\/wp-json\/wp\/v2\/types\/post"}],"author":[{"embeddable":true,"href":"https:\/\/lyonbondyblog.fr\/LBB\/wp-json\/wp\/v2\/users\/1"}],"replies":[{"embeddable":true,"href":"https:\/\/lyonbondyblog.fr\/LBB\/wp-json\/wp\/v2\/comments?post=942"}],"version-history":[{"count":0,"href":"https:\/\/lyonbondyblog.fr\/LBB\/wp-json\/wp\/v2\/posts\/942\/revisions"}],"wp:featuredmedia":[{"embeddable":true,"href":"https:\/\/lyonbondyblog.fr\/LBB\/wp-json\/wp\/v2\/media\/944"}],"wp:attachment":[{"href":"https:\/\/lyonbondyblog.fr\/LBB\/wp-json\/wp\/v2\/media?parent=942"}],"wp:term":[{"taxonomy":"category","embeddable":true,"href":"https:\/\/lyonbondyblog.fr\/LBB\/wp-json\/wp\/v2\/categories?post=942"},{"taxonomy":"post_tag","embeddable":true,"href":"https:\/\/lyonbondyblog.fr\/LBB\/wp-json\/wp\/v2\/tags?post=942"}],"curies":[{"name":"wp","href":"https:\/\/api.w.org\/{rel}","templated":true}]}}