{"id":9412,"date":"2016-02-09T16:07:33","date_gmt":"2016-02-09T15:07:33","guid":{"rendered":"http:\/\/lyonbondyblog.fr\/LBB\/?p=9412"},"modified":"2016-02-09T17:58:04","modified_gmt":"2016-02-09T16:58:04","slug":"binationaux-decheance-nationalite","status":"publish","type":"post","link":"https:\/\/lyonbondyblog.fr\/LBB\/binationaux-decheance-nationalite\/","title":{"rendered":"[Dessin de presse] Binationaux : Quand d\u00e9ch\u00e9ance rime avec nationalit\u00e9"},"content":{"rendered":"<p><strong>L&rsquo;article 1 du projet de r\u00e9vision de loi constitutionnelle a \u00e9t\u00e9 vot\u00e9 lundi soir \u00e0\u00a0103 voix contre 26. Seuls 136 d\u00e9put\u00e9s sur 577 \u00e9taient pr\u00e9sents.<\/strong><\/p>\n<p>Le vote de l&rsquo;article 1 visant \u00e0 inscrire l&rsquo;\u00e9tat d&rsquo;urgence dans la constitution n&rsquo;a mobilis\u00e9 que 25% des d\u00e9put\u00e9s, hier \u00e0 l&rsquo;assembl\u00e9e, le oui l&#8217;emportant \u00e0 raison de 103 voix contre 26. Cette indiff\u00e9rence \u00e0 l&rsquo;\u00e9gard d&rsquo;une d\u00e9cision lourde de cons\u00e9quences et certainement la plus importante du mandat Hollande alimente encore davantage le discr\u00e9dit des politiques, dont on esp\u00e8re qu&rsquo;ils seront plus concern\u00e9s par le vote de l&rsquo;article 2 sur la d\u00e9ch\u00e9ance de nationalit\u00e9 ce soir. Cette mesure cr\u00e9e une scission symbolique entre deux cat\u00e9gories de fran\u00e7ais. En rentrant dans la constitution, elle pourrait ouvrir une br\u00e8che \u00e0 de nombreuses d\u00e9rives&#8230; De quoi faire trembler Daesh ?<\/p>\n<p>&nbsp;<\/p>\n<p>&nbsp;<\/p>\n<!-- AddThis Advanced Settings generic via filter on the_content --><!-- AddThis Share Buttons generic via filter on the_content -->","protected":false},"excerpt":{"rendered":"<p>L&rsquo;article 1 du projet de r\u00e9vision de loi constitutionnelle a \u00e9t\u00e9 vot\u00e9 lundi soir \u00e0\u00a0103 voix contre 26. Seuls 136 d\u00e9put\u00e9s sur 577 \u00e9taient pr\u00e9sents. &hellip; <!-- AddThis Advanced Settings generic via filter on wp_trim_excerpt --><!-- AddThis Share Buttons generic via filter on wp_trim_excerpt --><\/p>\n","protected":false},"author":448,"featured_media":9413,"comment_status":"open","ping_status":"open","sticky":false,"template":"","format":"standard","meta":{"_FSMCFIC_featured_image_caption":"","_FSMCFIC_featured_image_nocaption":"","_FSMCFIC_featured_image_hide":"","footnotes":""},"categories":[1084,6],"tags":[1500,2190,466,2188,1799,1088,2191,2011,1458,1139,135,10,2189,165,548,1221,759],"class_list":["post-9412","post","type-post","status-publish","format-standard","has-post-thumbnail","hentry","category-dessin-de-presse","category-politique","tag-assemblee-nationale-france","tag-binationaux","tag-constitution","tag-decheance","tag-depute","tag-dessin","tag-encrage-dessin","tag-etat-durgence","tag-francais","tag-hollande","tag-lbb","tag-lyon-2","tag-nationalite","tag-politique-2","tag-valls","tag-visa","tag-vote"],"yoast_head":"<!-- This site is optimized with the Yoast SEO plugin v22.8 - https:\/\/yoast.com\/wordpress\/plugins\/seo\/ -->\n<title>[Dessin de presse] Binationaux : Quand d\u00e9ch\u00e9ance rime avec nationalit\u00e9 - Lyon Bondy Blog<\/title>\n<meta name=\"robots\" content=\"index, follow, max-snippet:-1, max-image-preview:large, max-video-preview:-1\" \/>\n<link rel=\"canonical\" href=\"https:\/\/lyonbondyblog.fr\/LBB\/binationaux-decheance-nationalite\/\" \/>\n<meta property=\"og:locale\" content=\"fr_FR\" \/>\n<meta property=\"og:type\" content=\"article\" \/>\n<meta property=\"og:title\" content=\"[Dessin de presse] Binationaux : Quand d\u00e9ch\u00e9ance rime avec nationalit\u00e9 - Lyon Bondy Blog\" \/>\n<meta property=\"og:description\" content=\"L&rsquo;article 1 du projet de r\u00e9vision de loi constitutionnelle a \u00e9t\u00e9 vot\u00e9 lundi soir \u00e0\u00a0103 voix contre 26. Seuls 136 d\u00e9put\u00e9s sur 577 \u00e9taient pr\u00e9sents. &hellip;\" \/>\n<meta property=\"og:url\" content=\"https:\/\/lyonbondyblog.fr\/LBB\/binationaux-decheance-nationalite\/\" \/>\n<meta property=\"og:site_name\" content=\"Lyon Bondy Blog\" \/>\n<meta property=\"article:publisher\" content=\"https:\/\/www.facebook.com\/lyonbondyblog\" \/>\n<meta property=\"article:published_time\" content=\"2016-02-09T15:07:33+00:00\" \/>\n<meta property=\"article:modified_time\" content=\"2016-02-09T16:58:04+00:00\" \/>\n<meta property=\"og:image\" content=\"https:\/\/lyonbondyblog.fr\/LBB\/wp-content\/uploads\/2016\/02\/Encrage-dessin-Celestin.jpg\" \/>\n\t<meta property=\"og:image:width\" content=\"720\" \/>\n\t<meta property=\"og:image:height\" content=\"510\" \/>\n\t<meta property=\"og:image:type\" content=\"image\/jpeg\" \/>\n<meta name=\"author\" content=\"celestin bineau\" \/>\n<meta name=\"twitter:card\" content=\"summary_large_image\" \/>\n<meta name=\"twitter:creator\" content=\"@bondybloglyon\" \/>\n<meta name=\"twitter:site\" content=\"@bondybloglyon\" \/>\n<script type=\"application\/ld+json\" class=\"yoast-schema-graph\">{\"@context\":\"https:\/\/schema.org\",\"@graph\":[{\"@type\":\"Article\",\"@id\":\"https:\/\/lyonbondyblog.fr\/LBB\/binationaux-decheance-nationalite\/#article\",\"isPartOf\":{\"@id\":\"https:\/\/lyonbondyblog.fr\/LBB\/binationaux-decheance-nationalite\/\"},\"author\":{\"name\":\"celestin bineau\",\"@id\":\"https:\/\/lyonbondyblog.fr\/LBB\/#\/schema\/person\/24bd556986980df8cda7fc0570b86166\"},\"headline\":\"[Dessin de presse] Binationaux : Quand d\u00e9ch\u00e9ance rime avec nationalit\u00e9\",\"datePublished\":\"2016-02-09T15:07:33+00:00\",\"dateModified\":\"2016-02-09T16:58:04+00:00\",\"mainEntityOfPage\":{\"@id\":\"https:\/\/lyonbondyblog.fr\/LBB\/binationaux-decheance-nationalite\/\"},\"wordCount\":151,\"commentCount\":0,\"publisher\":{\"@id\":\"https:\/\/lyonbondyblog.fr\/LBB\/#organization\"},\"image\":{\"@id\":\"https:\/\/lyonbondyblog.fr\/LBB\/binationaux-decheance-nationalite\/#primaryimage\"},\"thumbnailUrl\":\"https:\/\/lyonbondyblog.fr\/LBB\/wp-content\/uploads\/2016\/02\/Encrage-dessin-Celestin.jpg\",\"keywords\":[\"Assembl\u00e9e nationale (France)\",\"binationaux\",\"constitution\",\"d\u00e9ch\u00e9ance\",\"D\u00e9put\u00e9\",\"dessin\",\"Encrage (dessin)\",\"\u00c9tat d'urgence\",\"Fran\u00e7ais\",\"Hollande\",\"LBB\",\"lyon\",\"nationalit\u00e9\",\"politique\",\"valls\",\"visa\",\"vote\"],\"articleSection\":[\"Dessin de presse\",\"Politique\"],\"inLanguage\":\"fr-FR\",\"potentialAction\":[{\"@type\":\"CommentAction\",\"name\":\"Comment\",\"target\":[\"https:\/\/lyonbondyblog.fr\/LBB\/binationaux-decheance-nationalite\/#respond\"]}]},{\"@type\":\"WebPage\",\"@id\":\"https:\/\/lyonbondyblog.fr\/LBB\/binationaux-decheance-nationalite\/\",\"url\":\"https:\/\/lyonbondyblog.fr\/LBB\/binationaux-decheance-nationalite\/\",\"name\":\"[Dessin de presse] Binationaux : Quand d\u00e9ch\u00e9ance rime avec nationalit\u00e9 - Lyon Bondy Blog\",\"isPartOf\":{\"@id\":\"https:\/\/lyonbondyblog.fr\/LBB\/#website\"},\"primaryImageOfPage\":{\"@id\":\"https:\/\/lyonbondyblog.fr\/LBB\/binationaux-decheance-nationalite\/#primaryimage\"},\"image\":{\"@id\":\"https:\/\/lyonbondyblog.fr\/LBB\/binationaux-decheance-nationalite\/#primaryimage\"},\"thumbnailUrl\":\"https:\/\/lyonbondyblog.fr\/LBB\/wp-content\/uploads\/2016\/02\/Encrage-dessin-Celestin.jpg\",\"datePublished\":\"2016-02-09T15:07:33+00:00\",\"dateModified\":\"2016-02-09T16:58:04+00:00\",\"inLanguage\":\"fr-FR\",\"potentialAction\":[{\"@type\":\"ReadAction\",\"target\":[\"https:\/\/lyonbondyblog.fr\/LBB\/binationaux-decheance-nationalite\/\"]}]},{\"@type\":\"ImageObject\",\"inLanguage\":\"fr-FR\",\"@id\":\"https:\/\/lyonbondyblog.fr\/LBB\/binationaux-decheance-nationalite\/#primaryimage\",\"url\":\"https:\/\/lyonbondyblog.fr\/LBB\/wp-content\/uploads\/2016\/02\/Encrage-dessin-Celestin.jpg\",\"contentUrl\":\"https:\/\/lyonbondyblog.fr\/LBB\/wp-content\/uploads\/2016\/02\/Encrage-dessin-Celestin.jpg\",\"width\":720,\"height\":510},{\"@type\":\"WebSite\",\"@id\":\"https:\/\/lyonbondyblog.fr\/LBB\/#website\",\"url\":\"https:\/\/lyonbondyblog.fr\/LBB\/\",\"name\":\"Lyon Bondy Blog\",\"description\":\"\",\"publisher\":{\"@id\":\"https:\/\/lyonbondyblog.fr\/LBB\/#organization\"},\"potentialAction\":[{\"@type\":\"SearchAction\",\"target\":{\"@type\":\"EntryPoint\",\"urlTemplate\":\"https:\/\/lyonbondyblog.fr\/LBB\/?s={search_term_string}\"},\"query-input\":\"required name=search_term_string\"}],\"inLanguage\":\"fr-FR\"},{\"@type\":\"Organization\",\"@id\":\"https:\/\/lyonbondyblog.fr\/LBB\/#organization\",\"name\":\"LYON BONDY BLOG\",\"url\":\"https:\/\/lyonbondyblog.fr\/LBB\/\",\"logo\":{\"@type\":\"ImageObject\",\"inLanguage\":\"fr-FR\",\"@id\":\"https:\/\/lyonbondyblog.fr\/LBB\/#\/schema\/logo\/image\/\",\"url\":\"http:\/\/lyonbondyblog.fr\/LBB\/wp-content\/uploads\/2014\/10\/logo-portable-144.png\",\"contentUrl\":\"http:\/\/lyonbondyblog.fr\/LBB\/wp-content\/uploads\/2014\/10\/logo-portable-144.png\",\"width\":144,\"height\":123,\"caption\":\"LYON BONDY BLOG\"},\"image\":{\"@id\":\"https:\/\/lyonbondyblog.fr\/LBB\/#\/schema\/logo\/image\/\"},\"sameAs\":[\"https:\/\/www.facebook.com\/lyonbondyblog\",\"https:\/\/x.com\/bondybloglyon\"]},{\"@type\":\"Person\",\"@id\":\"https:\/\/lyonbondyblog.fr\/LBB\/#\/schema\/person\/24bd556986980df8cda7fc0570b86166\",\"name\":\"celestin bineau\",\"url\":\"https:\/\/lyonbondyblog.fr\/LBB\/author\/celestin\/\"}]}<\/script>\n<!-- \/ Yoast SEO plugin. -->","yoast_head_json":{"title":"[Dessin de presse] Binationaux : Quand d\u00e9ch\u00e9ance rime avec nationalit\u00e9 - Lyon Bondy Blog","robots":{"index":"index","follow":"follow","max-snippet":"max-snippet:-1","max-image-preview":"max-image-preview:large","max-video-preview":"max-video-preview:-1"},"canonical":"https:\/\/lyonbondyblog.fr\/LBB\/binationaux-decheance-nationalite\/","og_locale":"fr_FR","og_type":"article","og_title":"[Dessin de presse] Binationaux : Quand d\u00e9ch\u00e9ance rime avec nationalit\u00e9 - Lyon Bondy Blog","og_description":"L&rsquo;article 1 du projet de r\u00e9vision de loi constitutionnelle a \u00e9t\u00e9 vot\u00e9 lundi soir \u00e0\u00a0103 voix contre 26. Seuls 136 d\u00e9put\u00e9s sur 577 \u00e9taient pr\u00e9sents. &hellip;","og_url":"https:\/\/lyonbondyblog.fr\/LBB\/binationaux-decheance-nationalite\/","og_site_name":"Lyon Bondy Blog","article_publisher":"https:\/\/www.facebook.com\/lyonbondyblog","article_published_time":"2016-02-09T15:07:33+00:00","article_modified_time":"2016-02-09T16:58:04+00:00","og_image":[{"width":720,"height":510,"url":"https:\/\/lyonbondyblog.fr\/LBB\/wp-content\/uploads\/2016\/02\/Encrage-dessin-Celestin.jpg","type":"image\/jpeg"}],"author":"celestin bineau","twitter_card":"summary_large_image","twitter_creator":"@bondybloglyon","twitter_site":"@bondybloglyon","schema":{"@context":"https:\/\/schema.org","@graph":[{"@type":"Article","@id":"https:\/\/lyonbondyblog.fr\/LBB\/binationaux-decheance-nationalite\/#article","isPartOf":{"@id":"https:\/\/lyonbondyblog.fr\/LBB\/binationaux-decheance-nationalite\/"},"author":{"name":"celestin bineau","@id":"https:\/\/lyonbondyblog.fr\/LBB\/#\/schema\/person\/24bd556986980df8cda7fc0570b86166"},"headline":"[Dessin de presse] Binationaux : Quand d\u00e9ch\u00e9ance rime avec nationalit\u00e9","datePublished":"2016-02-09T15:07:33+00:00","dateModified":"2016-02-09T16:58:04+00:00","mainEntityOfPage":{"@id":"https:\/\/lyonbondyblog.fr\/LBB\/binationaux-decheance-nationalite\/"},"wordCount":151,"commentCount":0,"publisher":{"@id":"https:\/\/lyonbondyblog.fr\/LBB\/#organization"},"image":{"@id":"https:\/\/lyonbondyblog.fr\/LBB\/binationaux-decheance-nationalite\/#primaryimage"},"thumbnailUrl":"https:\/\/lyonbondyblog.fr\/LBB\/wp-content\/uploads\/2016\/02\/Encrage-dessin-Celestin.jpg","keywords":["Assembl\u00e9e nationale (France)","binationaux","constitution","d\u00e9ch\u00e9ance","D\u00e9put\u00e9","dessin","Encrage (dessin)","\u00c9tat d'urgence","Fran\u00e7ais","Hollande","LBB","lyon","nationalit\u00e9","politique","valls","visa","vote"],"articleSection":["Dessin de presse","Politique"],"inLanguage":"fr-FR","potentialAction":[{"@type":"CommentAction","name":"Comment","target":["https:\/\/lyonbondyblog.fr\/LBB\/binationaux-decheance-nationalite\/#respond"]}]},{"@type":"WebPage","@id":"https:\/\/lyonbondyblog.fr\/LBB\/binationaux-decheance-nationalite\/","url":"https:\/\/lyonbondyblog.fr\/LBB\/binationaux-decheance-nationalite\/","name":"[Dessin de presse] Binationaux : Quand d\u00e9ch\u00e9ance rime avec nationalit\u00e9 - Lyon Bondy Blog","isPartOf":{"@id":"https:\/\/lyonbondyblog.fr\/LBB\/#website"},"primaryImageOfPage":{"@id":"https:\/\/lyonbondyblog.fr\/LBB\/binationaux-decheance-nationalite\/#primaryimage"},"image":{"@id":"https:\/\/lyonbondyblog.fr\/LBB\/binationaux-decheance-nationalite\/#primaryimage"},"thumbnailUrl":"https:\/\/lyonbondyblog.fr\/LBB\/wp-content\/uploads\/2016\/02\/Encrage-dessin-Celestin.jpg","datePublished":"2016-02-09T15:07:33+00:00","dateModified":"2016-02-09T16:58:04+00:00","inLanguage":"fr-FR","potentialAction":[{"@type":"ReadAction","target":["https:\/\/lyonbondyblog.fr\/LBB\/binationaux-decheance-nationalite\/"]}]},{"@type":"ImageObject","inLanguage":"fr-FR","@id":"https:\/\/lyonbondyblog.fr\/LBB\/binationaux-decheance-nationalite\/#primaryimage","url":"https:\/\/lyonbondyblog.fr\/LBB\/wp-content\/uploads\/2016\/02\/Encrage-dessin-Celestin.jpg","contentUrl":"https:\/\/lyonbondyblog.fr\/LBB\/wp-content\/uploads\/2016\/02\/Encrage-dessin-Celestin.jpg","width":720,"height":510},{"@type":"WebSite","@id":"https:\/\/lyonbondyblog.fr\/LBB\/#website","url":"https:\/\/lyonbondyblog.fr\/LBB\/","name":"Lyon Bondy Blog","description":"","publisher":{"@id":"https:\/\/lyonbondyblog.fr\/LBB\/#organization"},"potentialAction":[{"@type":"SearchAction","target":{"@type":"EntryPoint","urlTemplate":"https:\/\/lyonbondyblog.fr\/LBB\/?s={search_term_string}"},"query-input":"required name=search_term_string"}],"inLanguage":"fr-FR"},{"@type":"Organization","@id":"https:\/\/lyonbondyblog.fr\/LBB\/#organization","name":"LYON BONDY BLOG","url":"https:\/\/lyonbondyblog.fr\/LBB\/","logo":{"@type":"ImageObject","inLanguage":"fr-FR","@id":"https:\/\/lyonbondyblog.fr\/LBB\/#\/schema\/logo\/image\/","url":"http:\/\/lyonbondyblog.fr\/LBB\/wp-content\/uploads\/2014\/10\/logo-portable-144.png","contentUrl":"http:\/\/lyonbondyblog.fr\/LBB\/wp-content\/uploads\/2014\/10\/logo-portable-144.png","width":144,"height":123,"caption":"LYON BONDY BLOG"},"image":{"@id":"https:\/\/lyonbondyblog.fr\/LBB\/#\/schema\/logo\/image\/"},"sameAs":["https:\/\/www.facebook.com\/lyonbondyblog","https:\/\/x.com\/bondybloglyon"]},{"@type":"Person","@id":"https:\/\/lyonbondyblog.fr\/LBB\/#\/schema\/person\/24bd556986980df8cda7fc0570b86166","name":"celestin bineau","url":"https:\/\/lyonbondyblog.fr\/LBB\/author\/celestin\/"}]}},"_links":{"self":[{"href":"https:\/\/lyonbondyblog.fr\/LBB\/wp-json\/wp\/v2\/posts\/9412","targetHints":{"allow":["GET"]}}],"collection":[{"href":"https:\/\/lyonbondyblog.fr\/LBB\/wp-json\/wp\/v2\/posts"}],"about":[{"href":"https:\/\/lyonbondyblog.fr\/LBB\/wp-json\/wp\/v2\/types\/post"}],"author":[{"embeddable":true,"href":"https:\/\/lyonbondyblog.fr\/LBB\/wp-json\/wp\/v2\/users\/448"}],"replies":[{"embeddable":true,"href":"https:\/\/lyonbondyblog.fr\/LBB\/wp-json\/wp\/v2\/comments?post=9412"}],"version-history":[{"count":0,"href":"https:\/\/lyonbondyblog.fr\/LBB\/wp-json\/wp\/v2\/posts\/9412\/revisions"}],"wp:featuredmedia":[{"embeddable":true,"href":"https:\/\/lyonbondyblog.fr\/LBB\/wp-json\/wp\/v2\/media\/9413"}],"wp:attachment":[{"href":"https:\/\/lyonbondyblog.fr\/LBB\/wp-json\/wp\/v2\/media?parent=9412"}],"wp:term":[{"taxonomy":"category","embeddable":true,"href":"https:\/\/lyonbondyblog.fr\/LBB\/wp-json\/wp\/v2\/categories?post=9412"},{"taxonomy":"post_tag","embeddable":true,"href":"https:\/\/lyonbondyblog.fr\/LBB\/wp-json\/wp\/v2\/tags?post=9412"}],"curies":[{"name":"wp","href":"https:\/\/api.w.org\/{rel}","templated":true}]}}