{"id":9345,"date":"2016-01-25T18:54:44","date_gmt":"2016-01-25T17:54:44","guid":{"rendered":"http:\/\/lyonbondyblog.fr\/LBB\/?p=9345"},"modified":"2016-02-05T17:54:47","modified_gmt":"2016-02-05T16:54:47","slug":"contre-la-decheance-de-nationalite-une-posture-ethique","status":"publish","type":"post","link":"https:\/\/lyonbondyblog.fr\/LBB\/contre-la-decheance-de-nationalite-une-posture-ethique\/","title":{"rendered":"Contre la d\u00e9ch\u00e9ance de nationalit\u00e9, une posture \u00e9thique"},"content":{"rendered":"<p><strong>Personne ne sait quel sera exactement le contenu de ce projet de loi. Pourtant, via les d\u00e9clarations des politiques de tous bords et le battage m\u00e9diatique qu\u2019elle a g\u00e9n\u00e9r\u00e9, la proposition de r\u00e9forme de la constitution sur la d\u00e9ch\u00e9ance de nationalit\u00e9 fait le buzz. Dans la lev\u00e9e de boucliers qui s\u2019en est suivie, la Maison des passages (association de rencontre interculturelle dans le Vieux Lyon) s\u2019est associ\u00e9e au \u00ab\u00a0Collectif pour une politique de la relation\u00a0\u00bb afin de lancer une p\u00e9tition au d\u00e9but du mois pour s\u2019opposer \u00e0 une r\u00e9forme \u00ab\u00a0qui stigmatise une fois de plus les Fran\u00e7ais binationaux comme ill\u00e9gitimes ou suspects et l\u2019ensemble des \u00e9trangers comme ennemi potentiel\u00a0\u00bb.<\/strong><\/p>\n<p>La Maison des Passages a lanc\u00e9 sa p\u00e9tition au d\u00e9but du mois en parall\u00e8le \u00e0 de nombreuses autres initiatives sur le m\u00eame sujet (on peut par exemple citer le collectif\u00a0<a href=\"http:\/\/jamaisdechus.org\/site0\/index0.html\">jamais d\u00e9chu(e)<\/a>). Cependant le collectif tient \u00e0 souligner ses activit\u00e9s autour de la p\u00e9tition.\u00a0\u00ab\u00a0<em>On propose la rencontre des cultures, de d\u00e9couvrir \u2014 ce qui dans l\u2019histoire fait sens commun<\/em>\u00a0\u00bb.<\/p>\n<p>Pour Bruno Guichard, pr\u00e9sident de La Maison des Passages, et plus g\u00e9n\u00e9ralement pour le collectif, il est n\u00e9cessaire de s\u2019opposer \u00e0 ce projet de loi. Premi\u00e8rement parce qu\u2019il va \u00e0 l\u2019encontre de la philosophie de leur association, en privil\u00e9giant la r\u00e9action s\u00e9curitaire, voire identitaire \u00e0 une v\u00e9ritable politique de la relation. Il ajoute que c\u2019est une d\u00e9marche favorisant une politique d\u2019exclusion beaucoup trop d\u00e9l\u00e9t\u00e8re pour le pays. D\u2019autres solutions sont possibles, et l\u2019ouverture \u00e0 l\u2019Autre semble \u00eatre une r\u00e9action bien plus adapt\u00e9e que ce genre de r\u00e9ponse symbolique. Enfin, M.\u00a0Guichard souligne que\u00a0\u00ab\u00a0<em>cette id\u00e9e-l\u00e0 est issue du programme du front national. On est avec un gouvernement de gauche qui va piocher dans le programme du FN.<\/em>\u00a0\u00bb<\/p>\n<h2>R\u00e9ponse symbolique\u00a0?<\/h2>\n<p>En cr\u00e9ant une mesure suppl\u00e9mentaire visant \u00e0 sanctionner les auteurs de crimes terroristes, le gouvernement r\u00e9pond au choc \u00e9motionnel cr\u00e9\u00e9 par les attentats sur un versant symbolique plus que pour une n\u00e9cessit\u00e9 judiciaire ou juridique. Selon M.\u00a0Guichard ce projet remet en cause ce qui construit notre R\u00e9publique. Pour lui la d\u00e9marche est en d\u00e9saccord avec le premier article de la constitution. Une partie de la population se retrouve cibl\u00e9e selon ses origines, ce qui est une atteinte \u00e0 l\u2019\u00e9galit\u00e9 des droits. Rappelons que la France \u00e9tait, en 2010,\u00a0<a href=\"http:\/\/www.insee.fr\/fr\/themes\/document.asp?ref_id=sd20102\">le 5\u00e8me pays europ\u00e9en \u00e0 c\u00e9l\u00e9brer des mariages mixtes avec 21\u00a0% des unions c\u00e9l\u00e9br\u00e9es.<\/a><\/p>\n<p>L\u2019id\u00e9e d\u2019\u00e9galit\u00e9 devient une notion pr\u00e9caire quand une partie de la population se retrouve cibl\u00e9e par une r\u00e9forme, constitutionnelle qui plus est. La constitution est ce qui forge l\u2019identit\u00e9 d\u2019un pays, c\u2019est le socle de son syst\u00e8me judiciaire, la base d\u2019un \u00c9tat de droit. Comment peut-on concorder la D\u00e9claration des droits de l\u2019homme avec cette d\u00e9marche, remarque M.\u00a0Guichard. La maison des passages ne nie pas qu\u2019il y ait des questions s\u00e9curitaires n\u00e9cessaires en France, mais\u00a0\u00ab<em>\u00a0l\u2019urgence viserait plut\u00f4t \u00e0 fabriquer un v\u00e9ritable vivre ensemble, la\u00efc et socialement reconnaissant de la diversit\u00e9 de notre soci\u00e9t\u00e9.\u00a0<\/em>\u00bb<\/p>\n<h2>\u00ab\u00a0On est dans une d\u00e9marche \u00e9thique l\u00e0, pas politique\u00a0\u00bb<\/h2>\n<p>Cela fait consensus, la proposition est symbolique. De plus elle pose la question d\u2019une politique infl\u00e9chissant ses d\u00e9cisions et ses actions sur du court terme. Il est certes important pour le gouvernement de r\u00e9pondre au malaise et aux inqui\u00e9tudes qui traversent la population suite aux \u00e9v\u00e8nements de l\u2019ann\u00e9e qui vient de s\u2019\u00e9couler. Cependant ce type de r\u00e9action tend \u00e0 cristalliser un climat de crainte et de tension vis-\u00e0-vis des diff\u00e9rentes communaut\u00e9s vivant sur le territoire. Bruno Guichard rappelle d\u2019ailleurs l\u2019angoisse qu\u2019il a pu constater dans les quartiers o\u00f9 il intervient, et qui sillonne\u00a0actuellement.la\u00a0toile de fait divers.<\/p>\n<p>Le but ici n\u2019est pas de tomber dans le pathos ou la stigmatisation de masse. On ne sait pas encore vraiment \u00e0 quoi va ressembler cette r\u00e9forme de la constitution et comment, si elle est accept\u00e9e par le parlement, elle sera mise en application. Cependant, sur un point de vue \u00e9thique elle semble d\u2019ores et d\u00e9j\u00e0 en d\u00e9saccord avec le fondement m\u00eame de la constitution qu\u2019elle vise \u00e0 faire \u00e9voluer.<\/p>\n<p><a href=\"http:\/\/www.petitionpublique.fr\/PeticaoVer.aspx?pi=P2016N48527\">Pour signer la p\u00e9tition en ligne<\/a><\/p>\n<p>&nbsp;<\/p>\n<!-- AddThis Advanced Settings generic via filter on the_content --><!-- AddThis Share Buttons generic via filter on the_content -->","protected":false},"excerpt":{"rendered":"<p>Personne ne sait quel sera exactement le contenu de ce projet de loi. Pourtant, via les d\u00e9clarations des politiques de tous bords et le battage &hellip; <!-- AddThis Advanced Settings generic via filter on wp_trim_excerpt --><!-- AddThis Share Buttons generic via filter on wp_trim_excerpt --><\/p>\n","protected":false},"author":413,"featured_media":9348,"comment_status":"open","ping_status":"open","sticky":false,"template":"","format":"standard","meta":{"_FSMCFIC_featured_image_caption":"","_FSMCFIC_featured_image_nocaption":"","_FSMCFIC_featured_image_hide":"","footnotes":""},"categories":[4,2],"tags":[2152,1642,850,466,824,1503,1834,2148,11,399,2150,575,647,10,165,2151,2147,2149,1707,1704],"class_list":["post-9345","post","type-post","status-publish","format-standard","has-post-thumbnail","hentry","category-lyon","category-societe","tag-action-philosophie","tag-cohesion-sociale","tag-collectif","tag-constitution","tag-egalite","tag-egalite-sociale","tag-ethique","tag-exclusion-sociale","tag-france-2","tag-gouvernement","tag-identite-sciences-sociales","tag-la-maison-des-passages","tag-laicite","tag-lyon-2","tag-politique-2","tag-pouvoir-judiciaire","tag-relation-humaine","tag-republique","tag-stigmatisation","tag-terrorisme"],"yoast_head":"<!-- This site is optimized with the Yoast SEO plugin v22.8 - https:\/\/yoast.com\/wordpress\/plugins\/seo\/ -->\n<title>Contre la d\u00e9ch\u00e9ance de nationalit\u00e9, une posture \u00e9thique - Lyon Bondy Blog<\/title>\n<meta name=\"robots\" content=\"index, follow, max-snippet:-1, max-image-preview:large, max-video-preview:-1\" \/>\n<link rel=\"canonical\" href=\"https:\/\/lyonbondyblog.fr\/LBB\/contre-la-decheance-de-nationalite-une-posture-ethique\/\" \/>\n<meta property=\"og:locale\" content=\"fr_FR\" \/>\n<meta property=\"og:type\" content=\"article\" \/>\n<meta property=\"og:title\" content=\"Contre la d\u00e9ch\u00e9ance de nationalit\u00e9, une posture \u00e9thique - Lyon Bondy Blog\" \/>\n<meta property=\"og:description\" content=\"Personne ne sait quel sera exactement le contenu de ce projet de loi. Pourtant, via les d\u00e9clarations des politiques de tous bords et le battage &hellip;\" \/>\n<meta property=\"og:url\" content=\"https:\/\/lyonbondyblog.fr\/LBB\/contre-la-decheance-de-nationalite-une-posture-ethique\/\" \/>\n<meta property=\"og:site_name\" content=\"Lyon Bondy Blog\" \/>\n<meta property=\"article:publisher\" content=\"https:\/\/www.facebook.com\/lyonbondyblog\" \/>\n<meta property=\"article:published_time\" content=\"2016-01-25T17:54:44+00:00\" \/>\n<meta property=\"article:modified_time\" content=\"2016-02-05T16:54:47+00:00\" \/>\n<meta property=\"og:image\" content=\"https:\/\/lyonbondyblog.fr\/LBB\/wp-content\/uploads\/2016\/01\/20160125_183911.jpg\" \/>\n\t<meta property=\"og:image:width\" content=\"720\" \/>\n\t<meta property=\"og:image:height\" content=\"405\" \/>\n\t<meta property=\"og:image:type\" content=\"image\/jpeg\" \/>\n<meta name=\"author\" content=\"Florent Romano\" \/>\n<meta name=\"twitter:card\" content=\"summary_large_image\" \/>\n<meta name=\"twitter:creator\" content=\"@bondybloglyon\" \/>\n<meta name=\"twitter:site\" content=\"@bondybloglyon\" \/>\n<script type=\"application\/ld+json\" class=\"yoast-schema-graph\">{\"@context\":\"https:\/\/schema.org\",\"@graph\":[{\"@type\":\"Article\",\"@id\":\"https:\/\/lyonbondyblog.fr\/LBB\/contre-la-decheance-de-nationalite-une-posture-ethique\/#article\",\"isPartOf\":{\"@id\":\"https:\/\/lyonbondyblog.fr\/LBB\/contre-la-decheance-de-nationalite-une-posture-ethique\/\"},\"author\":{\"name\":\"Florent Romano\",\"@id\":\"https:\/\/lyonbondyblog.fr\/LBB\/#\/schema\/person\/bf2e432de470838f8ee3cbea1bd67585\"},\"headline\":\"Contre la d\u00e9ch\u00e9ance de nationalit\u00e9, une posture \u00e9thique\",\"datePublished\":\"2016-01-25T17:54:44+00:00\",\"dateModified\":\"2016-02-05T16:54:47+00:00\",\"mainEntityOfPage\":{\"@id\":\"https:\/\/lyonbondyblog.fr\/LBB\/contre-la-decheance-de-nationalite-une-posture-ethique\/\"},\"wordCount\":782,\"commentCount\":5,\"publisher\":{\"@id\":\"https:\/\/lyonbondyblog.fr\/LBB\/#organization\"},\"image\":{\"@id\":\"https:\/\/lyonbondyblog.fr\/LBB\/contre-la-decheance-de-nationalite-une-posture-ethique\/#primaryimage\"},\"thumbnailUrl\":\"https:\/\/lyonbondyblog.fr\/LBB\/wp-content\/uploads\/2016\/01\/20160125_183911.jpg\",\"keywords\":[\"Action (philosophie)\",\"Coh\u00e9sion sociale\",\"collectif\",\"constitution\",\"\u00e9galit\u00e9\",\"\u00c9galit\u00e9 sociale\",\"\u00c9thique\",\"Exclusion sociale\",\"france\",\"gouvernement\",\"Identit\u00e9 (sciences sociales)\",\"La maison des passages\",\"La\u00efcit\u00e9\",\"lyon\",\"politique\",\"Pouvoir judiciaire\",\"Relation humaine\",\"R\u00e9publique\",\"Stigmatisation\",\"Terrorisme\"],\"articleSection\":[\"Lyon\",\"Soci\u00e9t\u00e9\"],\"inLanguage\":\"fr-FR\",\"potentialAction\":[{\"@type\":\"CommentAction\",\"name\":\"Comment\",\"target\":[\"https:\/\/lyonbondyblog.fr\/LBB\/contre-la-decheance-de-nationalite-une-posture-ethique\/#respond\"]}]},{\"@type\":\"WebPage\",\"@id\":\"https:\/\/lyonbondyblog.fr\/LBB\/contre-la-decheance-de-nationalite-une-posture-ethique\/\",\"url\":\"https:\/\/lyonbondyblog.fr\/LBB\/contre-la-decheance-de-nationalite-une-posture-ethique\/\",\"name\":\"Contre la d\u00e9ch\u00e9ance de nationalit\u00e9, une posture \u00e9thique - Lyon Bondy Blog\",\"isPartOf\":{\"@id\":\"https:\/\/lyonbondyblog.fr\/LBB\/#website\"},\"primaryImageOfPage\":{\"@id\":\"https:\/\/lyonbondyblog.fr\/LBB\/contre-la-decheance-de-nationalite-une-posture-ethique\/#primaryimage\"},\"image\":{\"@id\":\"https:\/\/lyonbondyblog.fr\/LBB\/contre-la-decheance-de-nationalite-une-posture-ethique\/#primaryimage\"},\"thumbnailUrl\":\"https:\/\/lyonbondyblog.fr\/LBB\/wp-content\/uploads\/2016\/01\/20160125_183911.jpg\",\"datePublished\":\"2016-01-25T17:54:44+00:00\",\"dateModified\":\"2016-02-05T16:54:47+00:00\",\"inLanguage\":\"fr-FR\",\"potentialAction\":[{\"@type\":\"ReadAction\",\"target\":[\"https:\/\/lyonbondyblog.fr\/LBB\/contre-la-decheance-de-nationalite-une-posture-ethique\/\"]}]},{\"@type\":\"ImageObject\",\"inLanguage\":\"fr-FR\",\"@id\":\"https:\/\/lyonbondyblog.fr\/LBB\/contre-la-decheance-de-nationalite-une-posture-ethique\/#primaryimage\",\"url\":\"https:\/\/lyonbondyblog.fr\/LBB\/wp-content\/uploads\/2016\/01\/20160125_183911.jpg\",\"contentUrl\":\"https:\/\/lyonbondyblog.fr\/LBB\/wp-content\/uploads\/2016\/01\/20160125_183911.jpg\",\"width\":720,\"height\":405},{\"@type\":\"WebSite\",\"@id\":\"https:\/\/lyonbondyblog.fr\/LBB\/#website\",\"url\":\"https:\/\/lyonbondyblog.fr\/LBB\/\",\"name\":\"Lyon Bondy Blog\",\"description\":\"\",\"publisher\":{\"@id\":\"https:\/\/lyonbondyblog.fr\/LBB\/#organization\"},\"potentialAction\":[{\"@type\":\"SearchAction\",\"target\":{\"@type\":\"EntryPoint\",\"urlTemplate\":\"https:\/\/lyonbondyblog.fr\/LBB\/?s={search_term_string}\"},\"query-input\":\"required name=search_term_string\"}],\"inLanguage\":\"fr-FR\"},{\"@type\":\"Organization\",\"@id\":\"https:\/\/lyonbondyblog.fr\/LBB\/#organization\",\"name\":\"LYON BONDY BLOG\",\"url\":\"https:\/\/lyonbondyblog.fr\/LBB\/\",\"logo\":{\"@type\":\"ImageObject\",\"inLanguage\":\"fr-FR\",\"@id\":\"https:\/\/lyonbondyblog.fr\/LBB\/#\/schema\/logo\/image\/\",\"url\":\"http:\/\/lyonbondyblog.fr\/LBB\/wp-content\/uploads\/2014\/10\/logo-portable-144.png\",\"contentUrl\":\"http:\/\/lyonbondyblog.fr\/LBB\/wp-content\/uploads\/2014\/10\/logo-portable-144.png\",\"width\":144,\"height\":123,\"caption\":\"LYON BONDY BLOG\"},\"image\":{\"@id\":\"https:\/\/lyonbondyblog.fr\/LBB\/#\/schema\/logo\/image\/\"},\"sameAs\":[\"https:\/\/www.facebook.com\/lyonbondyblog\",\"https:\/\/x.com\/bondybloglyon\"]},{\"@type\":\"Person\",\"@id\":\"https:\/\/lyonbondyblog.fr\/LBB\/#\/schema\/person\/bf2e432de470838f8ee3cbea1bd67585\",\"name\":\"Florent Romano\",\"url\":\"https:\/\/lyonbondyblog.fr\/LBB\/author\/florent\/\"}]}<\/script>\n<!-- \/ Yoast SEO plugin. -->","yoast_head_json":{"title":"Contre la d\u00e9ch\u00e9ance de nationalit\u00e9, une posture \u00e9thique - Lyon Bondy Blog","robots":{"index":"index","follow":"follow","max-snippet":"max-snippet:-1","max-image-preview":"max-image-preview:large","max-video-preview":"max-video-preview:-1"},"canonical":"https:\/\/lyonbondyblog.fr\/LBB\/contre-la-decheance-de-nationalite-une-posture-ethique\/","og_locale":"fr_FR","og_type":"article","og_title":"Contre la d\u00e9ch\u00e9ance de nationalit\u00e9, une posture \u00e9thique - Lyon Bondy Blog","og_description":"Personne ne sait quel sera exactement le contenu de ce projet de loi. Pourtant, via les d\u00e9clarations des politiques de tous bords et le battage &hellip;","og_url":"https:\/\/lyonbondyblog.fr\/LBB\/contre-la-decheance-de-nationalite-une-posture-ethique\/","og_site_name":"Lyon Bondy Blog","article_publisher":"https:\/\/www.facebook.com\/lyonbondyblog","article_published_time":"2016-01-25T17:54:44+00:00","article_modified_time":"2016-02-05T16:54:47+00:00","og_image":[{"width":720,"height":405,"url":"https:\/\/lyonbondyblog.fr\/LBB\/wp-content\/uploads\/2016\/01\/20160125_183911.jpg","type":"image\/jpeg"}],"author":"Florent Romano","twitter_card":"summary_large_image","twitter_creator":"@bondybloglyon","twitter_site":"@bondybloglyon","schema":{"@context":"https:\/\/schema.org","@graph":[{"@type":"Article","@id":"https:\/\/lyonbondyblog.fr\/LBB\/contre-la-decheance-de-nationalite-une-posture-ethique\/#article","isPartOf":{"@id":"https:\/\/lyonbondyblog.fr\/LBB\/contre-la-decheance-de-nationalite-une-posture-ethique\/"},"author":{"name":"Florent Romano","@id":"https:\/\/lyonbondyblog.fr\/LBB\/#\/schema\/person\/bf2e432de470838f8ee3cbea1bd67585"},"headline":"Contre la d\u00e9ch\u00e9ance de nationalit\u00e9, une posture \u00e9thique","datePublished":"2016-01-25T17:54:44+00:00","dateModified":"2016-02-05T16:54:47+00:00","mainEntityOfPage":{"@id":"https:\/\/lyonbondyblog.fr\/LBB\/contre-la-decheance-de-nationalite-une-posture-ethique\/"},"wordCount":782,"commentCount":5,"publisher":{"@id":"https:\/\/lyonbondyblog.fr\/LBB\/#organization"},"image":{"@id":"https:\/\/lyonbondyblog.fr\/LBB\/contre-la-decheance-de-nationalite-une-posture-ethique\/#primaryimage"},"thumbnailUrl":"https:\/\/lyonbondyblog.fr\/LBB\/wp-content\/uploads\/2016\/01\/20160125_183911.jpg","keywords":["Action (philosophie)","Coh\u00e9sion sociale","collectif","constitution","\u00e9galit\u00e9","\u00c9galit\u00e9 sociale","\u00c9thique","Exclusion sociale","france","gouvernement","Identit\u00e9 (sciences sociales)","La maison des passages","La\u00efcit\u00e9","lyon","politique","Pouvoir judiciaire","Relation humaine","R\u00e9publique","Stigmatisation","Terrorisme"],"articleSection":["Lyon","Soci\u00e9t\u00e9"],"inLanguage":"fr-FR","potentialAction":[{"@type":"CommentAction","name":"Comment","target":["https:\/\/lyonbondyblog.fr\/LBB\/contre-la-decheance-de-nationalite-une-posture-ethique\/#respond"]}]},{"@type":"WebPage","@id":"https:\/\/lyonbondyblog.fr\/LBB\/contre-la-decheance-de-nationalite-une-posture-ethique\/","url":"https:\/\/lyonbondyblog.fr\/LBB\/contre-la-decheance-de-nationalite-une-posture-ethique\/","name":"Contre la d\u00e9ch\u00e9ance de nationalit\u00e9, une posture \u00e9thique - Lyon Bondy Blog","isPartOf":{"@id":"https:\/\/lyonbondyblog.fr\/LBB\/#website"},"primaryImageOfPage":{"@id":"https:\/\/lyonbondyblog.fr\/LBB\/contre-la-decheance-de-nationalite-une-posture-ethique\/#primaryimage"},"image":{"@id":"https:\/\/lyonbondyblog.fr\/LBB\/contre-la-decheance-de-nationalite-une-posture-ethique\/#primaryimage"},"thumbnailUrl":"https:\/\/lyonbondyblog.fr\/LBB\/wp-content\/uploads\/2016\/01\/20160125_183911.jpg","datePublished":"2016-01-25T17:54:44+00:00","dateModified":"2016-02-05T16:54:47+00:00","inLanguage":"fr-FR","potentialAction":[{"@type":"ReadAction","target":["https:\/\/lyonbondyblog.fr\/LBB\/contre-la-decheance-de-nationalite-une-posture-ethique\/"]}]},{"@type":"ImageObject","inLanguage":"fr-FR","@id":"https:\/\/lyonbondyblog.fr\/LBB\/contre-la-decheance-de-nationalite-une-posture-ethique\/#primaryimage","url":"https:\/\/lyonbondyblog.fr\/LBB\/wp-content\/uploads\/2016\/01\/20160125_183911.jpg","contentUrl":"https:\/\/lyonbondyblog.fr\/LBB\/wp-content\/uploads\/2016\/01\/20160125_183911.jpg","width":720,"height":405},{"@type":"WebSite","@id":"https:\/\/lyonbondyblog.fr\/LBB\/#website","url":"https:\/\/lyonbondyblog.fr\/LBB\/","name":"Lyon Bondy Blog","description":"","publisher":{"@id":"https:\/\/lyonbondyblog.fr\/LBB\/#organization"},"potentialAction":[{"@type":"SearchAction","target":{"@type":"EntryPoint","urlTemplate":"https:\/\/lyonbondyblog.fr\/LBB\/?s={search_term_string}"},"query-input":"required name=search_term_string"}],"inLanguage":"fr-FR"},{"@type":"Organization","@id":"https:\/\/lyonbondyblog.fr\/LBB\/#organization","name":"LYON BONDY BLOG","url":"https:\/\/lyonbondyblog.fr\/LBB\/","logo":{"@type":"ImageObject","inLanguage":"fr-FR","@id":"https:\/\/lyonbondyblog.fr\/LBB\/#\/schema\/logo\/image\/","url":"http:\/\/lyonbondyblog.fr\/LBB\/wp-content\/uploads\/2014\/10\/logo-portable-144.png","contentUrl":"http:\/\/lyonbondyblog.fr\/LBB\/wp-content\/uploads\/2014\/10\/logo-portable-144.png","width":144,"height":123,"caption":"LYON BONDY BLOG"},"image":{"@id":"https:\/\/lyonbondyblog.fr\/LBB\/#\/schema\/logo\/image\/"},"sameAs":["https:\/\/www.facebook.com\/lyonbondyblog","https:\/\/x.com\/bondybloglyon"]},{"@type":"Person","@id":"https:\/\/lyonbondyblog.fr\/LBB\/#\/schema\/person\/bf2e432de470838f8ee3cbea1bd67585","name":"Florent Romano","url":"https:\/\/lyonbondyblog.fr\/LBB\/author\/florent\/"}]}},"_links":{"self":[{"href":"https:\/\/lyonbondyblog.fr\/LBB\/wp-json\/wp\/v2\/posts\/9345","targetHints":{"allow":["GET"]}}],"collection":[{"href":"https:\/\/lyonbondyblog.fr\/LBB\/wp-json\/wp\/v2\/posts"}],"about":[{"href":"https:\/\/lyonbondyblog.fr\/LBB\/wp-json\/wp\/v2\/types\/post"}],"author":[{"embeddable":true,"href":"https:\/\/lyonbondyblog.fr\/LBB\/wp-json\/wp\/v2\/users\/413"}],"replies":[{"embeddable":true,"href":"https:\/\/lyonbondyblog.fr\/LBB\/wp-json\/wp\/v2\/comments?post=9345"}],"version-history":[{"count":0,"href":"https:\/\/lyonbondyblog.fr\/LBB\/wp-json\/wp\/v2\/posts\/9345\/revisions"}],"wp:featuredmedia":[{"embeddable":true,"href":"https:\/\/lyonbondyblog.fr\/LBB\/wp-json\/wp\/v2\/media\/9348"}],"wp:attachment":[{"href":"https:\/\/lyonbondyblog.fr\/LBB\/wp-json\/wp\/v2\/media?parent=9345"}],"wp:term":[{"taxonomy":"category","embeddable":true,"href":"https:\/\/lyonbondyblog.fr\/LBB\/wp-json\/wp\/v2\/categories?post=9345"},{"taxonomy":"post_tag","embeddable":true,"href":"https:\/\/lyonbondyblog.fr\/LBB\/wp-json\/wp\/v2\/tags?post=9345"}],"curies":[{"name":"wp","href":"https:\/\/api.w.org\/{rel}","templated":true}]}}