{"id":9334,"date":"2016-01-21T15:16:19","date_gmt":"2016-01-21T14:16:19","guid":{"rendered":"http:\/\/lyonbondyblog.fr\/LBB\/?p=9334"},"modified":"2016-01-21T15:16:19","modified_gmt":"2016-01-21T14:16:19","slug":"faut-il-avoir-peur-de-la-radicalisation-video-2","status":"publish","type":"post","link":"https:\/\/lyonbondyblog.fr\/LBB\/faut-il-avoir-peur-de-la-radicalisation-video-2\/","title":{"rendered":"Faut-il avoir peur de la radicalisation ? L&rsquo;\u00e9ducation (Vid\u00e9o 2)"},"content":{"rendered":"<p><strong>Notre pr\u00e9sident David Vallat \u00e9tait pr\u00e9sent le 7 janvier dernier \u00e0 la MJC de Vaulx-en-Velin dans le cadre des \u00ab\u00a0Ap\u00e9ros du jeudi\u00a0\u00bb.\u00a0L\u2019occasion de revenir sur la question : \u00ab\u00a0Radicalisation \u2013 Djihadisme \u2013 Terrorisme \u2013 faut-il avoir peur\u00a0?\u00a0\u00bb Cette semaine, on parle notamment \u00e9ducation.<\/strong><\/p>\n<p><strong>D\u2019autres vid\u00e9os sur la m\u00eame th\u00e9matique arrivent dans les semaines \u00e0 venir.<\/strong><\/p>\n<p><iframe loading=\"lazy\" title=\"Radicalisation \u2013 Djihadisme \u2013 Terrorisme \u2013 faut-il avoir peur ? - L&#039;\u00e9ducation\" width=\"1200\" height=\"675\" src=\"https:\/\/www.youtube.com\/embed\/qZ81EFusaj8?feature=oembed\" frameborder=\"0\" allow=\"accelerometer; autoplay; clipboard-write; encrypted-media; gyroscope; picture-in-picture\" allowfullscreen><\/iframe><\/p>\n<!-- AddThis Advanced Settings generic via filter on the_content --><!-- AddThis Share Buttons generic via filter on the_content -->","protected":false},"excerpt":{"rendered":"<p>Notre pr\u00e9sident David Vallat \u00e9tait pr\u00e9sent le 7 janvier dernier \u00e0 la MJC de Vaulx-en-Velin dans le cadre des \u00ab\u00a0Ap\u00e9ros du jeudi\u00a0\u00bb.\u00a0L\u2019occasion de revenir sur &hellip; <!-- AddThis Advanced Settings generic via filter on wp_trim_excerpt --><!-- AddThis Share Buttons generic via filter on wp_trim_excerpt --><\/p>\n","protected":false},"author":1,"featured_media":9276,"comment_status":"open","ping_status":"open","sticky":false,"template":"","format":"standard","meta":{"_FSMCFIC_featured_image_caption":"","_FSMCFIC_featured_image_nocaption":"","_FSMCFIC_featured_image_hide":"","footnotes":""},"categories":[4],"tags":[2118,1241,1704,736,635],"class_list":["post-9334","post","type-post","status-publish","format-standard","has-post-thumbnail","hentry","category-lyon","tag-djihadisme","tag-maison-des-jeunes-et-de-la-culture","tag-terrorisme","tag-vaulx","tag-vaulx-en-velin"],"yoast_head":"<!-- This site is optimized with the Yoast SEO plugin v22.8 - https:\/\/yoast.com\/wordpress\/plugins\/seo\/ -->\n<title>Faut-il avoir peur de la radicalisation ? L&#039;\u00e9ducation (Vid\u00e9o 2) - Lyon Bondy Blog<\/title>\n<meta name=\"robots\" content=\"index, follow, max-snippet:-1, max-image-preview:large, max-video-preview:-1\" \/>\n<link rel=\"canonical\" href=\"https:\/\/lyonbondyblog.fr\/LBB\/faut-il-avoir-peur-de-la-radicalisation-video-2\/\" \/>\n<meta property=\"og:locale\" content=\"fr_FR\" \/>\n<meta property=\"og:type\" content=\"article\" \/>\n<meta property=\"og:title\" content=\"Faut-il avoir peur de la radicalisation ? L&#039;\u00e9ducation (Vid\u00e9o 2) - Lyon Bondy Blog\" \/>\n<meta property=\"og:description\" content=\"Notre pr\u00e9sident David Vallat \u00e9tait pr\u00e9sent le 7 janvier dernier \u00e0 la MJC de Vaulx-en-Velin dans le cadre des \u00ab\u00a0Ap\u00e9ros du jeudi\u00a0\u00bb.\u00a0L\u2019occasion de revenir sur &hellip;\" \/>\n<meta property=\"og:url\" content=\"https:\/\/lyonbondyblog.fr\/LBB\/faut-il-avoir-peur-de-la-radicalisation-video-2\/\" \/>\n<meta property=\"og:site_name\" content=\"Lyon Bondy Blog\" \/>\n<meta property=\"article:publisher\" content=\"https:\/\/www.facebook.com\/lyonbondyblog\" \/>\n<meta property=\"article:author\" content=\"https:\/\/www.facebook.com\/lyonbondyblog\" \/>\n<meta property=\"article:published_time\" content=\"2016-01-21T14:16:19+00:00\" \/>\n<meta property=\"og:image\" content=\"https:\/\/lyonbondyblog.fr\/LBB\/wp-content\/uploads\/2016\/01\/ob_012b15_flyer-terrorisme.jpg\" \/>\n\t<meta property=\"og:image:width\" content=\"721\" \/>\n\t<meta property=\"og:image:height\" content=\"1024\" \/>\n\t<meta property=\"og:image:type\" content=\"image\/jpeg\" \/>\n<meta name=\"author\" content=\"La r\u00e9daction\" \/>\n<meta name=\"twitter:card\" content=\"summary_large_image\" \/>\n<meta name=\"twitter:creator\" content=\"@BondyBlogLyon\" \/>\n<meta name=\"twitter:site\" content=\"@bondybloglyon\" \/>\n<script type=\"application\/ld+json\" class=\"yoast-schema-graph\">{\"@context\":\"https:\/\/schema.org\",\"@graph\":[{\"@type\":\"Article\",\"@id\":\"https:\/\/lyonbondyblog.fr\/LBB\/faut-il-avoir-peur-de-la-radicalisation-video-2\/#article\",\"isPartOf\":{\"@id\":\"https:\/\/lyonbondyblog.fr\/LBB\/faut-il-avoir-peur-de-la-radicalisation-video-2\/\"},\"author\":{\"name\":\"La r\u00e9daction\",\"@id\":\"https:\/\/lyonbondyblog.fr\/LBB\/#\/schema\/person\/e45f8d27baac75072daa0be50c409b25\"},\"headline\":\"Faut-il avoir peur de la radicalisation ? L&rsquo;\u00e9ducation (Vid\u00e9o 2)\",\"datePublished\":\"2016-01-21T14:16:19+00:00\",\"dateModified\":\"2016-01-21T14:16:19+00:00\",\"mainEntityOfPage\":{\"@id\":\"https:\/\/lyonbondyblog.fr\/LBB\/faut-il-avoir-peur-de-la-radicalisation-video-2\/\"},\"wordCount\":75,\"commentCount\":2,\"publisher\":{\"@id\":\"https:\/\/lyonbondyblog.fr\/LBB\/#organization\"},\"image\":{\"@id\":\"https:\/\/lyonbondyblog.fr\/LBB\/faut-il-avoir-peur-de-la-radicalisation-video-2\/#primaryimage\"},\"thumbnailUrl\":\"https:\/\/lyonbondyblog.fr\/LBB\/wp-content\/uploads\/2016\/01\/ob_012b15_flyer-terrorisme.jpg\",\"keywords\":[\"Djihadisme\",\"Maison des jeunes et de la culture\",\"Terrorisme\",\"vaulx\",\"Vaulx-en-Velin\"],\"articleSection\":[\"Lyon\"],\"inLanguage\":\"fr-FR\",\"potentialAction\":[{\"@type\":\"CommentAction\",\"name\":\"Comment\",\"target\":[\"https:\/\/lyonbondyblog.fr\/LBB\/faut-il-avoir-peur-de-la-radicalisation-video-2\/#respond\"]}]},{\"@type\":\"WebPage\",\"@id\":\"https:\/\/lyonbondyblog.fr\/LBB\/faut-il-avoir-peur-de-la-radicalisation-video-2\/\",\"url\":\"https:\/\/lyonbondyblog.fr\/LBB\/faut-il-avoir-peur-de-la-radicalisation-video-2\/\",\"name\":\"Faut-il avoir peur de la radicalisation ? L'\u00e9ducation (Vid\u00e9o 2) - Lyon Bondy Blog\",\"isPartOf\":{\"@id\":\"https:\/\/lyonbondyblog.fr\/LBB\/#website\"},\"primaryImageOfPage\":{\"@id\":\"https:\/\/lyonbondyblog.fr\/LBB\/faut-il-avoir-peur-de-la-radicalisation-video-2\/#primaryimage\"},\"image\":{\"@id\":\"https:\/\/lyonbondyblog.fr\/LBB\/faut-il-avoir-peur-de-la-radicalisation-video-2\/#primaryimage\"},\"thumbnailUrl\":\"https:\/\/lyonbondyblog.fr\/LBB\/wp-content\/uploads\/2016\/01\/ob_012b15_flyer-terrorisme.jpg\",\"datePublished\":\"2016-01-21T14:16:19+00:00\",\"dateModified\":\"2016-01-21T14:16:19+00:00\",\"inLanguage\":\"fr-FR\",\"potentialAction\":[{\"@type\":\"ReadAction\",\"target\":[\"https:\/\/lyonbondyblog.fr\/LBB\/faut-il-avoir-peur-de-la-radicalisation-video-2\/\"]}]},{\"@type\":\"ImageObject\",\"inLanguage\":\"fr-FR\",\"@id\":\"https:\/\/lyonbondyblog.fr\/LBB\/faut-il-avoir-peur-de-la-radicalisation-video-2\/#primaryimage\",\"url\":\"https:\/\/lyonbondyblog.fr\/LBB\/wp-content\/uploads\/2016\/01\/ob_012b15_flyer-terrorisme.jpg\",\"contentUrl\":\"https:\/\/lyonbondyblog.fr\/LBB\/wp-content\/uploads\/2016\/01\/ob_012b15_flyer-terrorisme.jpg\",\"width\":721,\"height\":1024},{\"@type\":\"WebSite\",\"@id\":\"https:\/\/lyonbondyblog.fr\/LBB\/#website\",\"url\":\"https:\/\/lyonbondyblog.fr\/LBB\/\",\"name\":\"Lyon Bondy Blog\",\"description\":\"\",\"publisher\":{\"@id\":\"https:\/\/lyonbondyblog.fr\/LBB\/#organization\"},\"potentialAction\":[{\"@type\":\"SearchAction\",\"target\":{\"@type\":\"EntryPoint\",\"urlTemplate\":\"https:\/\/lyonbondyblog.fr\/LBB\/?s={search_term_string}\"},\"query-input\":\"required name=search_term_string\"}],\"inLanguage\":\"fr-FR\"},{\"@type\":\"Organization\",\"@id\":\"https:\/\/lyonbondyblog.fr\/LBB\/#organization\",\"name\":\"LYON BONDY BLOG\",\"url\":\"https:\/\/lyonbondyblog.fr\/LBB\/\",\"logo\":{\"@type\":\"ImageObject\",\"inLanguage\":\"fr-FR\",\"@id\":\"https:\/\/lyonbondyblog.fr\/LBB\/#\/schema\/logo\/image\/\",\"url\":\"http:\/\/lyonbondyblog.fr\/LBB\/wp-content\/uploads\/2014\/10\/logo-portable-144.png\",\"contentUrl\":\"http:\/\/lyonbondyblog.fr\/LBB\/wp-content\/uploads\/2014\/10\/logo-portable-144.png\",\"width\":144,\"height\":123,\"caption\":\"LYON BONDY BLOG\"},\"image\":{\"@id\":\"https:\/\/lyonbondyblog.fr\/LBB\/#\/schema\/logo\/image\/\"},\"sameAs\":[\"https:\/\/www.facebook.com\/lyonbondyblog\",\"https:\/\/x.com\/bondybloglyon\"]},{\"@type\":\"Person\",\"@id\":\"https:\/\/lyonbondyblog.fr\/LBB\/#\/schema\/person\/e45f8d27baac75072daa0be50c409b25\",\"name\":\"La r\u00e9daction\",\"description\":\"Cr\u00e9e en 2008, la r\u00e9daction du Lyon Bondy Blog s'applique \u00e0 proposer une information locale diff\u00e9rente et compl\u00e9mentaire des m\u00e9dias traditionnels.\",\"sameAs\":[\"https:\/\/www.facebook.com\/lyonbondyblog\",\"https:\/\/x.com\/BondyBlogLyon\"],\"url\":\"https:\/\/lyonbondyblog.fr\/LBB\/author\/admin\/\"}]}<\/script>\n<!-- \/ Yoast SEO plugin. -->","yoast_head_json":{"title":"Faut-il avoir peur de la radicalisation ? L'\u00e9ducation (Vid\u00e9o 2) - Lyon Bondy Blog","robots":{"index":"index","follow":"follow","max-snippet":"max-snippet:-1","max-image-preview":"max-image-preview:large","max-video-preview":"max-video-preview:-1"},"canonical":"https:\/\/lyonbondyblog.fr\/LBB\/faut-il-avoir-peur-de-la-radicalisation-video-2\/","og_locale":"fr_FR","og_type":"article","og_title":"Faut-il avoir peur de la radicalisation ? L'\u00e9ducation (Vid\u00e9o 2) - Lyon Bondy Blog","og_description":"Notre pr\u00e9sident David Vallat \u00e9tait pr\u00e9sent le 7 janvier dernier \u00e0 la MJC de Vaulx-en-Velin dans le cadre des \u00ab\u00a0Ap\u00e9ros du jeudi\u00a0\u00bb.\u00a0L\u2019occasion de revenir sur &hellip;","og_url":"https:\/\/lyonbondyblog.fr\/LBB\/faut-il-avoir-peur-de-la-radicalisation-video-2\/","og_site_name":"Lyon Bondy Blog","article_publisher":"https:\/\/www.facebook.com\/lyonbondyblog","article_author":"https:\/\/www.facebook.com\/lyonbondyblog","article_published_time":"2016-01-21T14:16:19+00:00","og_image":[{"width":721,"height":1024,"url":"https:\/\/lyonbondyblog.fr\/LBB\/wp-content\/uploads\/2016\/01\/ob_012b15_flyer-terrorisme.jpg","type":"image\/jpeg"}],"author":"La r\u00e9daction","twitter_card":"summary_large_image","twitter_creator":"@BondyBlogLyon","twitter_site":"@bondybloglyon","schema":{"@context":"https:\/\/schema.org","@graph":[{"@type":"Article","@id":"https:\/\/lyonbondyblog.fr\/LBB\/faut-il-avoir-peur-de-la-radicalisation-video-2\/#article","isPartOf":{"@id":"https:\/\/lyonbondyblog.fr\/LBB\/faut-il-avoir-peur-de-la-radicalisation-video-2\/"},"author":{"name":"La r\u00e9daction","@id":"https:\/\/lyonbondyblog.fr\/LBB\/#\/schema\/person\/e45f8d27baac75072daa0be50c409b25"},"headline":"Faut-il avoir peur de la radicalisation ? L&rsquo;\u00e9ducation (Vid\u00e9o 2)","datePublished":"2016-01-21T14:16:19+00:00","dateModified":"2016-01-21T14:16:19+00:00","mainEntityOfPage":{"@id":"https:\/\/lyonbondyblog.fr\/LBB\/faut-il-avoir-peur-de-la-radicalisation-video-2\/"},"wordCount":75,"commentCount":2,"publisher":{"@id":"https:\/\/lyonbondyblog.fr\/LBB\/#organization"},"image":{"@id":"https:\/\/lyonbondyblog.fr\/LBB\/faut-il-avoir-peur-de-la-radicalisation-video-2\/#primaryimage"},"thumbnailUrl":"https:\/\/lyonbondyblog.fr\/LBB\/wp-content\/uploads\/2016\/01\/ob_012b15_flyer-terrorisme.jpg","keywords":["Djihadisme","Maison des jeunes et de la culture","Terrorisme","vaulx","Vaulx-en-Velin"],"articleSection":["Lyon"],"inLanguage":"fr-FR","potentialAction":[{"@type":"CommentAction","name":"Comment","target":["https:\/\/lyonbondyblog.fr\/LBB\/faut-il-avoir-peur-de-la-radicalisation-video-2\/#respond"]}]},{"@type":"WebPage","@id":"https:\/\/lyonbondyblog.fr\/LBB\/faut-il-avoir-peur-de-la-radicalisation-video-2\/","url":"https:\/\/lyonbondyblog.fr\/LBB\/faut-il-avoir-peur-de-la-radicalisation-video-2\/","name":"Faut-il avoir peur de la radicalisation ? L'\u00e9ducation (Vid\u00e9o 2) - Lyon Bondy Blog","isPartOf":{"@id":"https:\/\/lyonbondyblog.fr\/LBB\/#website"},"primaryImageOfPage":{"@id":"https:\/\/lyonbondyblog.fr\/LBB\/faut-il-avoir-peur-de-la-radicalisation-video-2\/#primaryimage"},"image":{"@id":"https:\/\/lyonbondyblog.fr\/LBB\/faut-il-avoir-peur-de-la-radicalisation-video-2\/#primaryimage"},"thumbnailUrl":"https:\/\/lyonbondyblog.fr\/LBB\/wp-content\/uploads\/2016\/01\/ob_012b15_flyer-terrorisme.jpg","datePublished":"2016-01-21T14:16:19+00:00","dateModified":"2016-01-21T14:16:19+00:00","inLanguage":"fr-FR","potentialAction":[{"@type":"ReadAction","target":["https:\/\/lyonbondyblog.fr\/LBB\/faut-il-avoir-peur-de-la-radicalisation-video-2\/"]}]},{"@type":"ImageObject","inLanguage":"fr-FR","@id":"https:\/\/lyonbondyblog.fr\/LBB\/faut-il-avoir-peur-de-la-radicalisation-video-2\/#primaryimage","url":"https:\/\/lyonbondyblog.fr\/LBB\/wp-content\/uploads\/2016\/01\/ob_012b15_flyer-terrorisme.jpg","contentUrl":"https:\/\/lyonbondyblog.fr\/LBB\/wp-content\/uploads\/2016\/01\/ob_012b15_flyer-terrorisme.jpg","width":721,"height":1024},{"@type":"WebSite","@id":"https:\/\/lyonbondyblog.fr\/LBB\/#website","url":"https:\/\/lyonbondyblog.fr\/LBB\/","name":"Lyon Bondy Blog","description":"","publisher":{"@id":"https:\/\/lyonbondyblog.fr\/LBB\/#organization"},"potentialAction":[{"@type":"SearchAction","target":{"@type":"EntryPoint","urlTemplate":"https:\/\/lyonbondyblog.fr\/LBB\/?s={search_term_string}"},"query-input":"required name=search_term_string"}],"inLanguage":"fr-FR"},{"@type":"Organization","@id":"https:\/\/lyonbondyblog.fr\/LBB\/#organization","name":"LYON BONDY BLOG","url":"https:\/\/lyonbondyblog.fr\/LBB\/","logo":{"@type":"ImageObject","inLanguage":"fr-FR","@id":"https:\/\/lyonbondyblog.fr\/LBB\/#\/schema\/logo\/image\/","url":"http:\/\/lyonbondyblog.fr\/LBB\/wp-content\/uploads\/2014\/10\/logo-portable-144.png","contentUrl":"http:\/\/lyonbondyblog.fr\/LBB\/wp-content\/uploads\/2014\/10\/logo-portable-144.png","width":144,"height":123,"caption":"LYON BONDY BLOG"},"image":{"@id":"https:\/\/lyonbondyblog.fr\/LBB\/#\/schema\/logo\/image\/"},"sameAs":["https:\/\/www.facebook.com\/lyonbondyblog","https:\/\/x.com\/bondybloglyon"]},{"@type":"Person","@id":"https:\/\/lyonbondyblog.fr\/LBB\/#\/schema\/person\/e45f8d27baac75072daa0be50c409b25","name":"La r\u00e9daction","description":"Cr\u00e9e en 2008, la r\u00e9daction du Lyon Bondy Blog s'applique \u00e0 proposer une information locale diff\u00e9rente et compl\u00e9mentaire des m\u00e9dias traditionnels.","sameAs":["https:\/\/www.facebook.com\/lyonbondyblog","https:\/\/x.com\/BondyBlogLyon"],"url":"https:\/\/lyonbondyblog.fr\/LBB\/author\/admin\/"}]}},"_links":{"self":[{"href":"https:\/\/lyonbondyblog.fr\/LBB\/wp-json\/wp\/v2\/posts\/9334","targetHints":{"allow":["GET"]}}],"collection":[{"href":"https:\/\/lyonbondyblog.fr\/LBB\/wp-json\/wp\/v2\/posts"}],"about":[{"href":"https:\/\/lyonbondyblog.fr\/LBB\/wp-json\/wp\/v2\/types\/post"}],"author":[{"embeddable":true,"href":"https:\/\/lyonbondyblog.fr\/LBB\/wp-json\/wp\/v2\/users\/1"}],"replies":[{"embeddable":true,"href":"https:\/\/lyonbondyblog.fr\/LBB\/wp-json\/wp\/v2\/comments?post=9334"}],"version-history":[{"count":0,"href":"https:\/\/lyonbondyblog.fr\/LBB\/wp-json\/wp\/v2\/posts\/9334\/revisions"}],"wp:featuredmedia":[{"embeddable":true,"href":"https:\/\/lyonbondyblog.fr\/LBB\/wp-json\/wp\/v2\/media\/9276"}],"wp:attachment":[{"href":"https:\/\/lyonbondyblog.fr\/LBB\/wp-json\/wp\/v2\/media?parent=9334"}],"wp:term":[{"taxonomy":"category","embeddable":true,"href":"https:\/\/lyonbondyblog.fr\/LBB\/wp-json\/wp\/v2\/categories?post=9334"},{"taxonomy":"post_tag","embeddable":true,"href":"https:\/\/lyonbondyblog.fr\/LBB\/wp-json\/wp\/v2\/tags?post=9334"}],"curies":[{"name":"wp","href":"https:\/\/api.w.org\/{rel}","templated":true}]}}