{"id":9049,"date":"2015-12-04T16:49:01","date_gmt":"2015-12-04T15:49:01","guid":{"rendered":"http:\/\/lyonbondyblog.fr\/LBB\/?p=9049"},"modified":"2015-12-04T16:49:01","modified_gmt":"2015-12-04T15:49:01","slug":"iamsomebody-notre-humanite-nest-pas-negociable","status":"publish","type":"post","link":"https:\/\/lyonbondyblog.fr\/LBB\/iamsomebody-notre-humanite-nest-pas-negociable\/","title":{"rendered":"#Iamsomebody : \u00ab\u00a0Notre humanit\u00e9 n\u2019est pas n\u00e9gociable\u00a0\u00bb"},"content":{"rendered":"<p><strong>I am Somebody est un projet mont\u00e9 par l\u2019association l\u2019\u00c9ducation en H\u00e9ritage dans le quartier de la Perrali\u00e8re \u00e0 Villeurbanne. En r\u00e9ponse aux difficult\u00e9s de la jeunesse actuelle, ils cherchent \u00e0 conna\u00eetre les capacit\u00e9s de chacun et les accompagner dans leurs projets. Interview avec Nathalie Lafrie, la responsable du d\u00e9veloppement et formatrice en management interculturel.<\/strong><\/p>\n<p><strong>\u00a0<\/strong><\/p>\n<p>Port\u00e9 par <a href=\"http:\/\/educationenheritage.com\/\">l\u2019\u00c9ducation en H\u00e9ritage<\/a>, le projet <em>I am somebody<\/em> propose des caf\u00e9s-d\u00e9bats, rencontres interculturelles, soir\u00e9es et ateliers sur les divers sujets. Visant surtout le public jeune ils apportent ainsi une port\u00e9e vers le d\u00e9veloppement du pouvoir d\u2019agir des habitants dans le quartier de Perrali\u00e8re. Plusieurs \u00e9v\u00e8nements ont eu lieu cette ann\u00e9e (projection-d\u00e9bat \u00ab\u00a0Ils l\u2019ont fait\u00a0\u00bb\u00a0; <a href=\"https:\/\/vimeo.com\/147042724\">World Caf\u00e9 sur le th\u00e8me \u00ab\u00a0ESS, Leadership collectif et Genre\u00a0\u00bb<\/a>) et encore pleins \u00e0 suivre prochainement.<\/p>\n<p><strong>Comment fonctionne l\u2019association \u00c9ducation en H\u00e9ritage\u00a0? Est-ce qu\u2019<em>I am Somebody<\/em> est son projet principal\u00a0?<\/strong><\/p>\n<p>Education en H\u00e9ritage vise \u00e0 promouvoir une r\u00e9forme soci\u00e9tale avec comme levier l\u2019\u00e9ducation. Son cr\u00e9do\u00a0est de faire ensemble un monde plus juste et plus \u00e9thique. Pour cela, elle agit \u00e0 travers deux axes\u00a0: un centre de formation \u00e0 vis\u00e9e \u00e9mancipatrice, et un caf\u00e9-pont, le <a href=\"http:\/\/caravanserail-cafe.com\/\">Caravans\u00e9rail caf\u00e9<\/a>. C\u2019est un caf\u00e9 solidaire, interg\u00e9n\u00e9rationnel et interculturel situ\u00e9 \u00e0 Villeurbanne. La campagne\u00a0<em>I am Somebody <\/em>est l\u2019un des outils mis en place par l\u2019association pour mener \u00e0 bien cet objet. Nous partons du postulat que notre humanit\u00e9 n\u2019est pas n\u00e9gociable.<\/p>\n<p><strong>Comment est venue l\u2019id\u00e9e de cr\u00e9er ce programme <em>I am Somebody<\/em> au sein de l\u2019association\u00a0?<\/strong><\/p>\n<p>Notre soci\u00e9t\u00e9 traverse une profonde crise multifactorielle qui affecte l\u2019ensemble des aspects de la vie. Notre jeunesse se croit pauvre et inutile. Les personnes \u00e2g\u00e9es se sentent isol\u00e9es, bien qu\u2019indispensables \u00e0 la coh\u00e9sion sociale. D\u00e8s lors, comment faire ensemble un territoire dans lequel chacun trouve sa place, dans lequel chacun puisse se r\u00e9aliser\u00a0? Chercher ce qui nous rassemble tout en cultivant nos diff\u00e9rences, au-del\u00e0 des mots, dans la force de l\u2019agir\u00a0: construire une unit\u00e9 plurielle.<\/p>\n<p>&nbsp;<\/p>\n<p><iframe loading=\"lazy\" title=\"I Am Somebody - Je suis quelqu&#039;un !\" src=\"https:\/\/player.vimeo.com\/video\/144099498?dnt=1&amp;app_id=122963\" width=\"1200\" height=\"675\" frameborder=\"0\" allow=\"autoplay; fullscreen; picture-in-picture\" allowfullscreen><\/iframe><\/p>\n<p><strong>Le programme <em>I am<\/em> <em>Somebody<\/em> vise-t-il plut\u00f4t le jeune public\u00a0?<\/strong><\/p>\n<p>Pas seulement tant il est vrai que les lignes de fragmentation de notre soci\u00e9t\u00e9 sont nombreuses. Les jeunes sont notre avenir, nous leur accordons une place particuli\u00e8re, mais chacun a le droit d\u2019\u00eatre quelqu\u2019un et peu importe son \u00e2ge.<\/p>\n<p>Nous pensons qu\u2019un autre monde est possible. La campagne #Iamsomebody offre un lieu, un espace et des outils d\u2019\u00e9mancipation aux divers publics du territoire en particulier aux jeunes de 12 \u00e0 25 ans. En effet, les objectifs sont multiples et concernent l\u2019ensemble des individus composant notre soci\u00e9t\u00e9. Partir \u00e0 la reconqu\u00eate de soi pour mieux interagir avec l\u2019Autre. Construire des ponts durables entre les publics\u00a0afin de mesurer et vivre pleinement la pluralit\u00e9 comme une richesse.<\/p>\n<p><strong>Est-ce que les jeunes qui participent aux \u00e9v\u00e8nements de\u00a0<em>I am Somebody<\/em> connaissent d\u00e9j\u00e0 la structure et son local, le Caravans\u00e9rail caf\u00e9\u00a0?<\/strong><\/p>\n<p>La plupart des partenaires \u00e9ducatifs de Villeurbanne connaissent le Caravans\u00e9rail Caf\u00e9. Nous sommes d\u2019ailleurs force de propositions sur les volets Lutte contre les discriminations, \u00c9conomie sociale et solidaire et \u00c9ducation en lien avec la ville. Nous avons initi\u00e9 un certain nombre d\u2019actions avec la MJC de Villeurbanne, l\u2019Asvel Citoyen et la Maison de quartier des Brosses. Tout l\u2019enjeu r\u00e9side dans notre capacit\u00e9 \u00e0 mobiliser les publics directement ou en lien avec nos partenaires actuels et \u00e0 venir, \u00e0 Villeurbanne, mais aussi par exemple \u00e0 Lyon\u00a03 et Vaulx-en-Velin.<\/p>\n<p>Par ailleurs, le programme n\u2019a pas vocation \u00e0 se concentrer sur un lieu en particulier. Il constitue un outil de co-construction \u00e0 disposition de l\u2019ensemble de la communaut\u00e9 \u00e9ducative, pour questionner, interroger, et insuffler le pouvoir d\u2019agir.<\/p>\n<p><strong>Comment developpez-vous l\u2019envie et le pouvoir d\u2019agir des habitants (empowerment) chez les jeunes\u00a0?<img loading=\"lazy\" decoding=\"async\" class=\"alignright size-medium wp-image-9050\" src=\"https:\/\/lyonbondyblog.fr\/LBB\/wp-content\/uploads\/2015\/12\/i-am-somebody-288x300.png\" alt=\"i am somebody\" width=\"288\" height=\"300\" srcset=\"https:\/\/lyonbondyblog.fr\/LBB\/wp-content\/uploads\/2015\/12\/i-am-somebody-288x300.png 288w, https:\/\/lyonbondyblog.fr\/LBB\/wp-content\/uploads\/2015\/12\/i-am-somebody-32x32.png 32w, https:\/\/lyonbondyblog.fr\/LBB\/wp-content\/uploads\/2015\/12\/i-am-somebody.png 401w\" sizes=\"auto, (max-width: 288px) 100vw, 288px\" \/><\/strong><\/p>\n<p>Avec les jeunes nous utilisons une p\u00e9dagogie de l\u2019action\/de projet. Les diff\u00e9rents ateliers sont men\u00e9s en coh\u00e9rence avec les valeurs de l\u2019\u00e9ducation populaire, notamment son axiome central\u00a0: agir par soi-m\u00eame pour soi et les autres. Nous visons l\u2019autonomie des publics impliqu\u00e9s et la coop\u00e9ration de mani\u00e8re durable.<\/p>\n<p>&nbsp;<\/p>\n<p><strong>En quoi les propositions de rencontres culturelles sont-elles particuli\u00e8rement int\u00e9ressantes pour les habitants de la Perrali\u00e8re\u00a0?<\/strong><\/p>\n<p>Tout simplement parce qu\u2019il n\u2019en existe pas ou peu au sein du quartier. D\u00e8s lors, \u00e0 nous de les initier et de les co-construire. Par ailleurs, le quartier est cosmopolite et multiculturel, mais cette r\u00e9alit\u00e9 sociologique ne donne lieu qu\u2019\u00e0 peu de contact sur le terrain. La vie de quartier est \u00e0 bout de souffle.<\/p>\n<p>Avec #Iamsomebody et plus largement l\u2019implantation du Caravans\u00e9rail Caf\u00e9, nous souhaitons \u00eatre force de proposition et d\u00e9velopper un maillage territorial b\u00e9n\u00e9fique \u00e0 tous, avec en particulier, l\u2019art et la culture comme vecteur d\u2019\u00e9mancipation et de lien social.<\/p>\n<p>&nbsp;<\/p>\n<h2>Pour\u00a0en savoir plus<\/h2>\n<p><a href=\"http:\/\/educationenheritage.com\/\">http:\/\/educationenheritage.com\/<\/a><\/p>\n<p><a href=\"http:\/\/caravanserail-cafe.com\/\">http:\/\/caravanserail-cafe.com\/<\/a><\/p>\n<!-- AddThis Advanced Settings generic via filter on the_content --><!-- AddThis Share Buttons generic via filter on the_content -->","protected":false},"excerpt":{"rendered":"<p>I am Somebody est un projet mont\u00e9 par l\u2019association l\u2019\u00c9ducation en H\u00e9ritage dans le quartier de la Perrali\u00e8re \u00e0 Villeurbanne. En r\u00e9ponse aux difficult\u00e9s de &hellip; <!-- AddThis Advanced Settings generic via filter on wp_trim_excerpt --><!-- AddThis Share Buttons generic via filter on wp_trim_excerpt --><\/p>\n","protected":false},"author":220,"featured_media":9051,"comment_status":"open","ping_status":"open","sticky":false,"template":"","format":"standard","meta":{"_FSMCFIC_featured_image_caption":"","_FSMCFIC_featured_image_nocaption":"","_FSMCFIC_featured_image_hide":"","footnotes":""},"categories":[4],"tags":[1638,2053,1637,173,2055,1632,947,599,2052,1952,1639,111,1130,1993,1682,216,10,1241,556,320,773,464,635,128],"class_list":["post-9049","post","type-post","status-publish","format-standard","has-post-thumbnail","hentry","category-lyon","tag-1638","tag-artiste","tag-bboy-lilou","tag-biennale","tag-caravanserail","tag-charlie-chaplin","tag-choregraphie","tag-citoyen","tag-communication-non-verbale","tag-culture","tag-cultures-urbaines","tag-danse","tag-education","tag-education-populaire","tag-emotion","tag-jeunes","tag-lyon-2","tag-maison-des-jeunes-et-de-la-culture","tag-quartier","tag-rencontre","tag-spectacle","tag-urbain","tag-vaulx-en-velin","tag-villeurbanne"],"yoast_head":"<!-- This site is optimized with the Yoast SEO plugin v22.8 - https:\/\/yoast.com\/wordpress\/plugins\/seo\/ -->\n<title>#Iamsomebody : \u00ab\u00a0Notre humanit\u00e9 n\u2019est pas n\u00e9gociable\u00a0\u00bb - Lyon Bondy Blog<\/title>\n<meta name=\"robots\" content=\"index, follow, max-snippet:-1, max-image-preview:large, max-video-preview:-1\" \/>\n<link rel=\"canonical\" href=\"https:\/\/lyonbondyblog.fr\/LBB\/iamsomebody-notre-humanite-nest-pas-negociable\/\" \/>\n<meta property=\"og:locale\" content=\"fr_FR\" \/>\n<meta property=\"og:type\" content=\"article\" \/>\n<meta property=\"og:title\" content=\"#Iamsomebody : \u00ab\u00a0Notre humanit\u00e9 n\u2019est pas n\u00e9gociable\u00a0\u00bb - Lyon Bondy Blog\" \/>\n<meta property=\"og:description\" content=\"I am Somebody est un projet mont\u00e9 par l\u2019association l\u2019\u00c9ducation en H\u00e9ritage dans le quartier de la Perrali\u00e8re \u00e0 Villeurbanne. En r\u00e9ponse aux difficult\u00e9s de &hellip;\" \/>\n<meta property=\"og:url\" content=\"https:\/\/lyonbondyblog.fr\/LBB\/iamsomebody-notre-humanite-nest-pas-negociable\/\" \/>\n<meta property=\"og:site_name\" content=\"Lyon Bondy Blog\" \/>\n<meta property=\"article:publisher\" content=\"https:\/\/www.facebook.com\/lyonbondyblog\" \/>\n<meta property=\"article:published_time\" content=\"2015-12-04T15:49:01+00:00\" \/>\n<meta property=\"og:image\" content=\"https:\/\/lyonbondyblog.fr\/LBB\/wp-content\/uploads\/2015\/12\/nathalie-lafrie-au-caravane-serail-cafe.jpg\" \/>\n\t<meta property=\"og:image:width\" content=\"960\" \/>\n\t<meta property=\"og:image:height\" content=\"640\" \/>\n\t<meta property=\"og:image:type\" content=\"image\/jpeg\" \/>\n<meta name=\"author\" content=\"Jelena Dzekseneva\" \/>\n<meta name=\"twitter:card\" content=\"summary_large_image\" \/>\n<meta name=\"twitter:creator\" content=\"@bondybloglyon\" \/>\n<meta name=\"twitter:site\" content=\"@bondybloglyon\" \/>\n<script type=\"application\/ld+json\" class=\"yoast-schema-graph\">{\"@context\":\"https:\/\/schema.org\",\"@graph\":[{\"@type\":\"Article\",\"@id\":\"https:\/\/lyonbondyblog.fr\/LBB\/iamsomebody-notre-humanite-nest-pas-negociable\/#article\",\"isPartOf\":{\"@id\":\"https:\/\/lyonbondyblog.fr\/LBB\/iamsomebody-notre-humanite-nest-pas-negociable\/\"},\"author\":{\"name\":\"Jelena Dzekseneva\",\"@id\":\"https:\/\/lyonbondyblog.fr\/LBB\/#\/schema\/person\/c2bbcee0eccf832374f85deed563ec0d\"},\"headline\":\"#Iamsomebody : \u00ab\u00a0Notre humanit\u00e9 n\u2019est pas n\u00e9gociable\u00a0\u00bb\",\"datePublished\":\"2015-12-04T15:49:01+00:00\",\"dateModified\":\"2015-12-04T15:49:01+00:00\",\"mainEntityOfPage\":{\"@id\":\"https:\/\/lyonbondyblog.fr\/LBB\/iamsomebody-notre-humanite-nest-pas-negociable\/\"},\"wordCount\":865,\"commentCount\":0,\"publisher\":{\"@id\":\"https:\/\/lyonbondyblog.fr\/LBB\/#organization\"},\"image\":{\"@id\":\"https:\/\/lyonbondyblog.fr\/LBB\/iamsomebody-notre-humanite-nest-pas-negociable\/#primaryimage\"},\"thumbnailUrl\":\"https:\/\/lyonbondyblog.fr\/LBB\/wp-content\/uploads\/2015\/12\/nathalie-lafrie-au-caravane-serail-cafe.jpg\",\"keywords\":[\"2015\",\"Artiste\",\"Bboy Lilou\",\"biennale\",\"Caravans\u00e9rail\",\"Charlie Chaplin\",\"choregraphie\",\"citoyen\",\"Communication non verbale\",\"Culture\",\"Cultures urbaines\",\"danse\",\"Education\",\"\u00c9ducation populaire\",\"\u00c9motion\",\"jeunes\",\"lyon\",\"Maison des jeunes et de la culture\",\"quartier\",\"rencontre\",\"spectacle\",\"urbain\",\"Vaulx-en-Velin\",\"Villeurbanne\"],\"articleSection\":[\"Lyon\"],\"inLanguage\":\"fr-FR\",\"potentialAction\":[{\"@type\":\"CommentAction\",\"name\":\"Comment\",\"target\":[\"https:\/\/lyonbondyblog.fr\/LBB\/iamsomebody-notre-humanite-nest-pas-negociable\/#respond\"]}]},{\"@type\":\"WebPage\",\"@id\":\"https:\/\/lyonbondyblog.fr\/LBB\/iamsomebody-notre-humanite-nest-pas-negociable\/\",\"url\":\"https:\/\/lyonbondyblog.fr\/LBB\/iamsomebody-notre-humanite-nest-pas-negociable\/\",\"name\":\"#Iamsomebody : \u00ab\u00a0Notre humanit\u00e9 n\u2019est pas n\u00e9gociable\u00a0\u00bb - Lyon Bondy Blog\",\"isPartOf\":{\"@id\":\"https:\/\/lyonbondyblog.fr\/LBB\/#website\"},\"primaryImageOfPage\":{\"@id\":\"https:\/\/lyonbondyblog.fr\/LBB\/iamsomebody-notre-humanite-nest-pas-negociable\/#primaryimage\"},\"image\":{\"@id\":\"https:\/\/lyonbondyblog.fr\/LBB\/iamsomebody-notre-humanite-nest-pas-negociable\/#primaryimage\"},\"thumbnailUrl\":\"https:\/\/lyonbondyblog.fr\/LBB\/wp-content\/uploads\/2015\/12\/nathalie-lafrie-au-caravane-serail-cafe.jpg\",\"datePublished\":\"2015-12-04T15:49:01+00:00\",\"dateModified\":\"2015-12-04T15:49:01+00:00\",\"inLanguage\":\"fr-FR\",\"potentialAction\":[{\"@type\":\"ReadAction\",\"target\":[\"https:\/\/lyonbondyblog.fr\/LBB\/iamsomebody-notre-humanite-nest-pas-negociable\/\"]}]},{\"@type\":\"ImageObject\",\"inLanguage\":\"fr-FR\",\"@id\":\"https:\/\/lyonbondyblog.fr\/LBB\/iamsomebody-notre-humanite-nest-pas-negociable\/#primaryimage\",\"url\":\"https:\/\/lyonbondyblog.fr\/LBB\/wp-content\/uploads\/2015\/12\/nathalie-lafrie-au-caravane-serail-cafe.jpg\",\"contentUrl\":\"https:\/\/lyonbondyblog.fr\/LBB\/wp-content\/uploads\/2015\/12\/nathalie-lafrie-au-caravane-serail-cafe.jpg\",\"width\":960,\"height\":640},{\"@type\":\"WebSite\",\"@id\":\"https:\/\/lyonbondyblog.fr\/LBB\/#website\",\"url\":\"https:\/\/lyonbondyblog.fr\/LBB\/\",\"name\":\"Lyon Bondy Blog\",\"description\":\"\",\"publisher\":{\"@id\":\"https:\/\/lyonbondyblog.fr\/LBB\/#organization\"},\"potentialAction\":[{\"@type\":\"SearchAction\",\"target\":{\"@type\":\"EntryPoint\",\"urlTemplate\":\"https:\/\/lyonbondyblog.fr\/LBB\/?s={search_term_string}\"},\"query-input\":\"required name=search_term_string\"}],\"inLanguage\":\"fr-FR\"},{\"@type\":\"Organization\",\"@id\":\"https:\/\/lyonbondyblog.fr\/LBB\/#organization\",\"name\":\"LYON BONDY BLOG\",\"url\":\"https:\/\/lyonbondyblog.fr\/LBB\/\",\"logo\":{\"@type\":\"ImageObject\",\"inLanguage\":\"fr-FR\",\"@id\":\"https:\/\/lyonbondyblog.fr\/LBB\/#\/schema\/logo\/image\/\",\"url\":\"http:\/\/lyonbondyblog.fr\/LBB\/wp-content\/uploads\/2014\/10\/logo-portable-144.png\",\"contentUrl\":\"http:\/\/lyonbondyblog.fr\/LBB\/wp-content\/uploads\/2014\/10\/logo-portable-144.png\",\"width\":144,\"height\":123,\"caption\":\"LYON BONDY BLOG\"},\"image\":{\"@id\":\"https:\/\/lyonbondyblog.fr\/LBB\/#\/schema\/logo\/image\/\"},\"sameAs\":[\"https:\/\/www.facebook.com\/lyonbondyblog\",\"https:\/\/x.com\/bondybloglyon\"]},{\"@type\":\"Person\",\"@id\":\"https:\/\/lyonbondyblog.fr\/LBB\/#\/schema\/person\/c2bbcee0eccf832374f85deed563ec0d\",\"name\":\"Jelena Dzekseneva\",\"description\":\"N\u00e9e en Lituanie et ayant grandi au Kazakhstan, je suis arriv\u00e9e en France en 2008. Pendant mes \u00e9tudes d'anthropologie \u00e0 Lyon 2, j'ai particip\u00e9 \u00e0 divers projets associatifs qui m'ont fait venir au LBB en juin 2015.\",\"url\":\"https:\/\/lyonbondyblog.fr\/LBB\/author\/jelena\/\"}]}<\/script>\n<!-- \/ Yoast SEO plugin. -->","yoast_head_json":{"title":"#Iamsomebody : \u00ab\u00a0Notre humanit\u00e9 n\u2019est pas n\u00e9gociable\u00a0\u00bb - Lyon Bondy Blog","robots":{"index":"index","follow":"follow","max-snippet":"max-snippet:-1","max-image-preview":"max-image-preview:large","max-video-preview":"max-video-preview:-1"},"canonical":"https:\/\/lyonbondyblog.fr\/LBB\/iamsomebody-notre-humanite-nest-pas-negociable\/","og_locale":"fr_FR","og_type":"article","og_title":"#Iamsomebody : \u00ab\u00a0Notre humanit\u00e9 n\u2019est pas n\u00e9gociable\u00a0\u00bb - Lyon Bondy Blog","og_description":"I am Somebody est un projet mont\u00e9 par l\u2019association l\u2019\u00c9ducation en H\u00e9ritage dans le quartier de la Perrali\u00e8re \u00e0 Villeurbanne. En r\u00e9ponse aux difficult\u00e9s de &hellip;","og_url":"https:\/\/lyonbondyblog.fr\/LBB\/iamsomebody-notre-humanite-nest-pas-negociable\/","og_site_name":"Lyon Bondy Blog","article_publisher":"https:\/\/www.facebook.com\/lyonbondyblog","article_published_time":"2015-12-04T15:49:01+00:00","og_image":[{"width":960,"height":640,"url":"https:\/\/lyonbondyblog.fr\/LBB\/wp-content\/uploads\/2015\/12\/nathalie-lafrie-au-caravane-serail-cafe.jpg","type":"image\/jpeg"}],"author":"Jelena Dzekseneva","twitter_card":"summary_large_image","twitter_creator":"@bondybloglyon","twitter_site":"@bondybloglyon","schema":{"@context":"https:\/\/schema.org","@graph":[{"@type":"Article","@id":"https:\/\/lyonbondyblog.fr\/LBB\/iamsomebody-notre-humanite-nest-pas-negociable\/#article","isPartOf":{"@id":"https:\/\/lyonbondyblog.fr\/LBB\/iamsomebody-notre-humanite-nest-pas-negociable\/"},"author":{"name":"Jelena Dzekseneva","@id":"https:\/\/lyonbondyblog.fr\/LBB\/#\/schema\/person\/c2bbcee0eccf832374f85deed563ec0d"},"headline":"#Iamsomebody : \u00ab\u00a0Notre humanit\u00e9 n\u2019est pas n\u00e9gociable\u00a0\u00bb","datePublished":"2015-12-04T15:49:01+00:00","dateModified":"2015-12-04T15:49:01+00:00","mainEntityOfPage":{"@id":"https:\/\/lyonbondyblog.fr\/LBB\/iamsomebody-notre-humanite-nest-pas-negociable\/"},"wordCount":865,"commentCount":0,"publisher":{"@id":"https:\/\/lyonbondyblog.fr\/LBB\/#organization"},"image":{"@id":"https:\/\/lyonbondyblog.fr\/LBB\/iamsomebody-notre-humanite-nest-pas-negociable\/#primaryimage"},"thumbnailUrl":"https:\/\/lyonbondyblog.fr\/LBB\/wp-content\/uploads\/2015\/12\/nathalie-lafrie-au-caravane-serail-cafe.jpg","keywords":["2015","Artiste","Bboy Lilou","biennale","Caravans\u00e9rail","Charlie Chaplin","choregraphie","citoyen","Communication non verbale","Culture","Cultures urbaines","danse","Education","\u00c9ducation populaire","\u00c9motion","jeunes","lyon","Maison des jeunes et de la culture","quartier","rencontre","spectacle","urbain","Vaulx-en-Velin","Villeurbanne"],"articleSection":["Lyon"],"inLanguage":"fr-FR","potentialAction":[{"@type":"CommentAction","name":"Comment","target":["https:\/\/lyonbondyblog.fr\/LBB\/iamsomebody-notre-humanite-nest-pas-negociable\/#respond"]}]},{"@type":"WebPage","@id":"https:\/\/lyonbondyblog.fr\/LBB\/iamsomebody-notre-humanite-nest-pas-negociable\/","url":"https:\/\/lyonbondyblog.fr\/LBB\/iamsomebody-notre-humanite-nest-pas-negociable\/","name":"#Iamsomebody : \u00ab\u00a0Notre humanit\u00e9 n\u2019est pas n\u00e9gociable\u00a0\u00bb - Lyon Bondy Blog","isPartOf":{"@id":"https:\/\/lyonbondyblog.fr\/LBB\/#website"},"primaryImageOfPage":{"@id":"https:\/\/lyonbondyblog.fr\/LBB\/iamsomebody-notre-humanite-nest-pas-negociable\/#primaryimage"},"image":{"@id":"https:\/\/lyonbondyblog.fr\/LBB\/iamsomebody-notre-humanite-nest-pas-negociable\/#primaryimage"},"thumbnailUrl":"https:\/\/lyonbondyblog.fr\/LBB\/wp-content\/uploads\/2015\/12\/nathalie-lafrie-au-caravane-serail-cafe.jpg","datePublished":"2015-12-04T15:49:01+00:00","dateModified":"2015-12-04T15:49:01+00:00","inLanguage":"fr-FR","potentialAction":[{"@type":"ReadAction","target":["https:\/\/lyonbondyblog.fr\/LBB\/iamsomebody-notre-humanite-nest-pas-negociable\/"]}]},{"@type":"ImageObject","inLanguage":"fr-FR","@id":"https:\/\/lyonbondyblog.fr\/LBB\/iamsomebody-notre-humanite-nest-pas-negociable\/#primaryimage","url":"https:\/\/lyonbondyblog.fr\/LBB\/wp-content\/uploads\/2015\/12\/nathalie-lafrie-au-caravane-serail-cafe.jpg","contentUrl":"https:\/\/lyonbondyblog.fr\/LBB\/wp-content\/uploads\/2015\/12\/nathalie-lafrie-au-caravane-serail-cafe.jpg","width":960,"height":640},{"@type":"WebSite","@id":"https:\/\/lyonbondyblog.fr\/LBB\/#website","url":"https:\/\/lyonbondyblog.fr\/LBB\/","name":"Lyon Bondy Blog","description":"","publisher":{"@id":"https:\/\/lyonbondyblog.fr\/LBB\/#organization"},"potentialAction":[{"@type":"SearchAction","target":{"@type":"EntryPoint","urlTemplate":"https:\/\/lyonbondyblog.fr\/LBB\/?s={search_term_string}"},"query-input":"required name=search_term_string"}],"inLanguage":"fr-FR"},{"@type":"Organization","@id":"https:\/\/lyonbondyblog.fr\/LBB\/#organization","name":"LYON BONDY BLOG","url":"https:\/\/lyonbondyblog.fr\/LBB\/","logo":{"@type":"ImageObject","inLanguage":"fr-FR","@id":"https:\/\/lyonbondyblog.fr\/LBB\/#\/schema\/logo\/image\/","url":"http:\/\/lyonbondyblog.fr\/LBB\/wp-content\/uploads\/2014\/10\/logo-portable-144.png","contentUrl":"http:\/\/lyonbondyblog.fr\/LBB\/wp-content\/uploads\/2014\/10\/logo-portable-144.png","width":144,"height":123,"caption":"LYON BONDY BLOG"},"image":{"@id":"https:\/\/lyonbondyblog.fr\/LBB\/#\/schema\/logo\/image\/"},"sameAs":["https:\/\/www.facebook.com\/lyonbondyblog","https:\/\/x.com\/bondybloglyon"]},{"@type":"Person","@id":"https:\/\/lyonbondyblog.fr\/LBB\/#\/schema\/person\/c2bbcee0eccf832374f85deed563ec0d","name":"Jelena Dzekseneva","description":"N\u00e9e en Lituanie et ayant grandi au Kazakhstan, je suis arriv\u00e9e en France en 2008. Pendant mes \u00e9tudes d'anthropologie \u00e0 Lyon 2, j'ai particip\u00e9 \u00e0 divers projets associatifs qui m'ont fait venir au LBB en juin 2015.","url":"https:\/\/lyonbondyblog.fr\/LBB\/author\/jelena\/"}]}},"_links":{"self":[{"href":"https:\/\/lyonbondyblog.fr\/LBB\/wp-json\/wp\/v2\/posts\/9049","targetHints":{"allow":["GET"]}}],"collection":[{"href":"https:\/\/lyonbondyblog.fr\/LBB\/wp-json\/wp\/v2\/posts"}],"about":[{"href":"https:\/\/lyonbondyblog.fr\/LBB\/wp-json\/wp\/v2\/types\/post"}],"author":[{"embeddable":true,"href":"https:\/\/lyonbondyblog.fr\/LBB\/wp-json\/wp\/v2\/users\/220"}],"replies":[{"embeddable":true,"href":"https:\/\/lyonbondyblog.fr\/LBB\/wp-json\/wp\/v2\/comments?post=9049"}],"version-history":[{"count":0,"href":"https:\/\/lyonbondyblog.fr\/LBB\/wp-json\/wp\/v2\/posts\/9049\/revisions"}],"wp:featuredmedia":[{"embeddable":true,"href":"https:\/\/lyonbondyblog.fr\/LBB\/wp-json\/wp\/v2\/media\/9051"}],"wp:attachment":[{"href":"https:\/\/lyonbondyblog.fr\/LBB\/wp-json\/wp\/v2\/media?parent=9049"}],"wp:term":[{"taxonomy":"category","embeddable":true,"href":"https:\/\/lyonbondyblog.fr\/LBB\/wp-json\/wp\/v2\/categories?post=9049"},{"taxonomy":"post_tag","embeddable":true,"href":"https:\/\/lyonbondyblog.fr\/LBB\/wp-json\/wp\/v2\/tags?post=9049"}],"curies":[{"name":"wp","href":"https:\/\/api.w.org\/{rel}","templated":true}]}}