{"id":9042,"date":"2015-12-02T17:54:31","date_gmt":"2015-12-02T16:54:31","guid":{"rendered":"http:\/\/lyonbondyblog.fr\/LBB\/?p=9042"},"modified":"2015-12-02T17:54:31","modified_gmt":"2015-12-02T16:54:31","slug":"quand-la-danse-prend-la-parole","status":"publish","type":"post","link":"https:\/\/lyonbondyblog.fr\/LBB\/quand-la-danse-prend-la-parole\/","title":{"rendered":"Le langage du corps parle \u00e0 tout le monde"},"content":{"rendered":"<p><strong>La soir\u00e9e consacr\u00e9e \u00e0 la danse lors de la premi\u00e8re Biennale des cultures urbaines s\u2019est d\u00e9roul\u00e9e au centre culturel Charlie Chaplin le 20 novembre dernier. Trois artistes-chor\u00e9graphes nous pr\u00e9sentent leurs cr\u00e9ations aux univers diff\u00e9rents, mais qui ont toutes pour point commun la passion. Ils se rejoignent sur une chose\u00a0: la danse est un moyen d\u2019expression qui fait passer des \u00e9motions.<\/strong><\/p>\n<p align=\"LEFT\">\u00ab\u00a0Slave No Limits\u00a0\u00bb de <a href=\"http:\/\/www.compagniekadiafaraux.org\/\">Kadia Faraux\u00a0<\/a>, \u00ab\u00a0Le G\u00e9n\u00e9ral\u00a0\u00bb de<a href=\"https:\/\/www.facebook.com\/AliRamdaniBBoyLilou\/?fref=ts\"> Bboy Lilou<\/a> et \u00ab\u00a0Bounce\u00a0\u00bb de <a href=\"https:\/\/www.facebook.com\/OusmaneBabaSybabson\/\">Ousmane Sy (Babson)<\/a> racontent, transportent, d\u00e9noncent et encouragent \u00e0 travers les th\u00e8mes de la r\u00e9sistance, de l\u2019esclavage et du combat.<\/p>\n<h2 align=\"LEFT\">De la danse \u00e0 l\u2019expression<\/h2>\n<p><img loading=\"lazy\" decoding=\"async\" class=\"alignleft wp-image-9047 size-medium\" src=\"https:\/\/lyonbondyblog.fr\/LBB\/wp-content\/uploads\/2015\/12\/8-169x300.jpg\" alt=\"Biennale culture urbaine\" width=\"169\" height=\"300\" srcset=\"https:\/\/lyonbondyblog.fr\/LBB\/wp-content\/uploads\/2015\/12\/8-169x300.jpg 169w, https:\/\/lyonbondyblog.fr\/LBB\/wp-content\/uploads\/2015\/12\/8-576x1024.jpg 576w, https:\/\/lyonbondyblog.fr\/LBB\/wp-content\/uploads\/2015\/12\/8-600x1068.jpg 600w, https:\/\/lyonbondyblog.fr\/LBB\/wp-content\/uploads\/2015\/12\/8.jpg 720w\" sizes=\"auto, (max-width: 169px) 100vw, 169px\" \/><\/p>\n<p>La danse part d\u2019une passion, mais seuls les plus motiv\u00e9s parviendront \u00e0 s\u2019y consacrer pleinement. D\u2019un simple mouvement de corps, la danse devient un v\u00e9ritable moyen d\u2019expression. Pour Ousmane Sy aka Babson, chor\u00e9graphe de la compagnie <a href=\"http:\/\/www.facebook.com\/Paradoxsal\/\">Paradox-Sal<\/a>, ce cheminement passe par plusieurs \u00e9tapes\u00a0:<\/p>\n<p align=\"LEFT\"><em>\u00ab\u00a0Dans un premier temps, on cherche \u00e0 \u00eatre performant, \u00e0 faire des choses qui impressionnent. Dans un second temps, on cherche \u00e0 s\u00e9duire. Et enfin, on cherche \u00e0 s\u2019exprimer.\u00a0\u00bb <\/em><\/p>\n<p align=\"LEFT\">C\u2019est l\u00e0 que s\u2019op\u00e8re la transformation du danseur en v\u00e9ritable artiste. Mais le r\u00e9sultat ne d\u00e9pend pas que de lui\u00a0: la musique conduit les gestes\u00a0; les d\u00e9cors ainsi que la lumi\u00e8re mettent en valeur le spectacle.<\/p>\n<p align=\"LEFT\">Les groupes de danse, c&rsquo;est comme une famille et cela se ressent pendant les performances. M\u00eame si les gestes sont d\u00e9finis par le chor\u00e9graphe, le danseur transmet son propre message, selon son exp\u00e9rience et sa sensibilit\u00e9. Babson ajoute\u00a0:<\/p>\n<h4 align=\"LEFT\"><em>\u00ab\u00a0La danse, \u00e7a m\u2019\u00e9vite de trop parler. C\u2019est le langage du corps qui parle \u00e0 tout le monde. Je pense que c\u2019est quelque chose qui \u00e9vite les pr\u00e9jug\u00e9s. Pour moi, c\u2019est la meilleure fa\u00e7on de m\u2019exprimer sans que le message soit fauss\u00e9.\u00a0\u00bb<\/em><\/h4>\n<h2 align=\"LEFT\">\u00ab\u00a0On ne doit pas \u00eatre esclave, ni de soi ni des autres\u00a0\u00bb<\/h2>\n<p align=\"LEFT\">Quatorze filles et un dynamisme incroyable\u00a0: Paradox-Sal ambiance le public avant de monter sur sc\u00e8ne\u00a0! De v\u00e9ritables divas combattantes qui nous transportent dans leur univers et se distinguent par leur \u00e9nergie de groupe. Pas de limites, c\u2019est le mot d\u2019ordre. Un condens\u00e9 d\u2019\u00e9motions. Pour la chor\u00e9graphe, le message est simple\u00a0: \u00ab\u00a0on ne doit pas \u00eatre esclave, ni de soi ni des autres\u00a0\u00bb.<\/p>\n<p align=\"LEFT\">La deuxi\u00e8me partie du show s\u2019ouvre avec la cr\u00e9ation \u00ab\u00a0Le G\u00e9n\u00e9ral\u00a0\u00bb. \u00c0 travers des musiques engag\u00e9es de M\u00e9dine, les danseurs expriment leur foi en l\u2019avenir. Bboy Lilou et les cinq danseurs qui l\u2019accompagnent proposent un show renversant techniquement et transmettent un message fort. Bboy Lilou raconte\u00a0:<\/p>\n<p align=\"LEFT\"><em>\u00ab\u00a0Le g\u00e9n\u00e9ral c\u2019est moi. Je suis avec mes soldats et je m\u2019adresse \u00e0 mon public, \u00e0 une jeunesse d\u00e9laiss\u00e9e, pas assez \u00e9cout\u00e9e. C\u2019est vraiment mon univers qu\u2019il y a sur sc\u00e8ne. C\u2019est tout ce que je kiffe\u00a0: passer des messages d\u2019unit\u00e9, ne pas se laisser abattre et ne pas se laisser manipuler par les m\u00e9dias.\u00a0\u00bb<\/em><\/p>\n<figure id=\"attachment_9044\" aria-describedby=\"caption-attachment-9044\" style=\"width: 720px\" class=\"wp-caption aligncenter\"><img loading=\"lazy\" decoding=\"async\" class=\"wp-image-9044 size-full\" src=\"https:\/\/lyonbondyblog.fr\/LBB\/wp-content\/uploads\/2015\/12\/2.jpg\" alt=\"Paradox-Sal\" width=\"720\" height=\"405\" srcset=\"https:\/\/lyonbondyblog.fr\/LBB\/wp-content\/uploads\/2015\/12\/2.jpg 720w, https:\/\/lyonbondyblog.fr\/LBB\/wp-content\/uploads\/2015\/12\/2-300x169.jpg 300w, https:\/\/lyonbondyblog.fr\/LBB\/wp-content\/uploads\/2015\/12\/2-600x338.jpg 600w\" sizes=\"auto, (max-width: 720px) 100vw, 720px\" \/><figcaption id=\"caption-attachment-9044\" class=\"wp-caption-text\">Paradox-Sal<\/figcaption><\/figure>\n<p align=\"LEFT\">Durant \u00ab\u00a0Slave No Limits\u00a0\u00bb, de la compagnie de Kadia Faraux, les danseurs communiquent des sentiments et des \u00e9motions profondes. Les techniques sont impressionnantes et la lenteur de la danse \u00ab\u00a0consciente\u00a0\u00bb nous am\u00e8ne dans les m\u00e9andres du combat int\u00e9rieur de l&rsquo;Artiste.<\/p>\n<p align=\"LEFT\">La salle ressent l\u2019\u00e9nergie des danseurs tout au long des performances. Quant aux spectateurs, enfants ou adultes, tous sont venus c\u00e9l\u00e9brer une des soir\u00e9es de la Biennale. Rapha\u00eblle, en compagnie de sa famille, est ravie\u00a0:<\/p>\n<p align=\"LEFT\"><em>\u00ab\u00a0C\u2019est une excellente id\u00e9e de rassembler plusieurs groupes d\u2019artistes parce qu\u2019on n\u2019a pas souvent d\u2019occasions pareilles. C\u2019est l\u2019une des premi\u00e8res fois sur Vaulx-en-Velin et c\u2019est vraiment bien de mettre la \u201cOld School\u201d \u00e0 l\u2019affiche ce soir.\u00a0\u00bb <\/em><\/p>\n<!-- AddThis Advanced Settings generic via filter on the_content --><!-- AddThis Share Buttons generic via filter on the_content -->","protected":false},"excerpt":{"rendered":"<p>La soir\u00e9e consacr\u00e9e \u00e0 la danse lors de la premi\u00e8re Biennale des cultures urbaines s\u2019est d\u00e9roul\u00e9e au centre culturel Charlie Chaplin le 20 novembre dernier. &hellip; <!-- AddThis Advanced Settings generic via filter on wp_trim_excerpt --><!-- AddThis Share Buttons generic via filter on wp_trim_excerpt --><\/p>\n","protected":false},"author":220,"featured_media":9046,"comment_status":"open","ping_status":"open","sticky":false,"template":"","format":"standard","meta":{"_FSMCFIC_featured_image_caption":"","_FSMCFIC_featured_image_nocaption":"","_FSMCFIC_featured_image_hide":"","footnotes":""},"categories":[3,4],"tags":[1638,2053,1637,173,1632,947,2052,1952,1639,111,1682,773,464,635],"class_list":["post-9042","post","type-post","status-publish","format-standard","has-post-thumbnail","hentry","category-culture","category-lyon","tag-1638","tag-artiste","tag-bboy-lilou","tag-biennale","tag-charlie-chaplin","tag-choregraphie","tag-communication-non-verbale","tag-culture","tag-cultures-urbaines","tag-danse","tag-emotion","tag-spectacle","tag-urbain","tag-vaulx-en-velin"],"yoast_head":"<!-- This site is optimized with the Yoast SEO plugin v22.8 - https:\/\/yoast.com\/wordpress\/plugins\/seo\/ -->\n<title>Le langage du corps parle \u00e0 tout le monde - Lyon Bondy Blog<\/title>\n<meta name=\"robots\" content=\"index, follow, max-snippet:-1, max-image-preview:large, max-video-preview:-1\" \/>\n<link rel=\"canonical\" href=\"https:\/\/lyonbondyblog.fr\/LBB\/quand-la-danse-prend-la-parole\/\" \/>\n<meta property=\"og:locale\" content=\"fr_FR\" \/>\n<meta property=\"og:type\" content=\"article\" \/>\n<meta property=\"og:title\" content=\"Le langage du corps parle \u00e0 tout le monde - Lyon Bondy Blog\" \/>\n<meta property=\"og:description\" content=\"La soir\u00e9e consacr\u00e9e \u00e0 la danse lors de la premi\u00e8re Biennale des cultures urbaines s\u2019est d\u00e9roul\u00e9e au centre culturel Charlie Chaplin le 20 novembre dernier. &hellip;\" \/>\n<meta property=\"og:url\" content=\"https:\/\/lyonbondyblog.fr\/LBB\/quand-la-danse-prend-la-parole\/\" \/>\n<meta property=\"og:site_name\" content=\"Lyon Bondy Blog\" \/>\n<meta property=\"article:publisher\" content=\"https:\/\/www.facebook.com\/lyonbondyblog\" \/>\n<meta property=\"article:published_time\" content=\"2015-12-02T16:54:31+00:00\" \/>\n<meta property=\"og:image\" content=\"https:\/\/lyonbondyblog.fr\/LBB\/wp-content\/uploads\/2015\/12\/6.jpg\" \/>\n\t<meta property=\"og:image:width\" content=\"720\" \/>\n\t<meta property=\"og:image:height\" content=\"405\" \/>\n\t<meta property=\"og:image:type\" content=\"image\/jpeg\" \/>\n<meta name=\"author\" content=\"Jelena Dzekseneva\" \/>\n<meta name=\"twitter:card\" content=\"summary_large_image\" \/>\n<meta name=\"twitter:creator\" content=\"@bondybloglyon\" \/>\n<meta name=\"twitter:site\" content=\"@bondybloglyon\" \/>\n<script type=\"application\/ld+json\" class=\"yoast-schema-graph\">{\"@context\":\"https:\/\/schema.org\",\"@graph\":[{\"@type\":\"Article\",\"@id\":\"https:\/\/lyonbondyblog.fr\/LBB\/quand-la-danse-prend-la-parole\/#article\",\"isPartOf\":{\"@id\":\"https:\/\/lyonbondyblog.fr\/LBB\/quand-la-danse-prend-la-parole\/\"},\"author\":{\"name\":\"Jelena Dzekseneva\",\"@id\":\"https:\/\/lyonbondyblog.fr\/LBB\/#\/schema\/person\/c2bbcee0eccf832374f85deed563ec0d\"},\"headline\":\"Le langage du corps parle \u00e0 tout le monde\",\"datePublished\":\"2015-12-02T16:54:31+00:00\",\"dateModified\":\"2015-12-02T16:54:31+00:00\",\"mainEntityOfPage\":{\"@id\":\"https:\/\/lyonbondyblog.fr\/LBB\/quand-la-danse-prend-la-parole\/\"},\"wordCount\":669,\"commentCount\":0,\"publisher\":{\"@id\":\"https:\/\/lyonbondyblog.fr\/LBB\/#organization\"},\"image\":{\"@id\":\"https:\/\/lyonbondyblog.fr\/LBB\/quand-la-danse-prend-la-parole\/#primaryimage\"},\"thumbnailUrl\":\"https:\/\/lyonbondyblog.fr\/LBB\/wp-content\/uploads\/2015\/12\/6.jpg\",\"keywords\":[\"2015\",\"Artiste\",\"Bboy Lilou\",\"biennale\",\"Charlie Chaplin\",\"choregraphie\",\"Communication non verbale\",\"Culture\",\"Cultures urbaines\",\"danse\",\"\u00c9motion\",\"spectacle\",\"urbain\",\"Vaulx-en-Velin\"],\"articleSection\":[\"Culture\",\"Lyon\"],\"inLanguage\":\"fr-FR\",\"potentialAction\":[{\"@type\":\"CommentAction\",\"name\":\"Comment\",\"target\":[\"https:\/\/lyonbondyblog.fr\/LBB\/quand-la-danse-prend-la-parole\/#respond\"]}]},{\"@type\":\"WebPage\",\"@id\":\"https:\/\/lyonbondyblog.fr\/LBB\/quand-la-danse-prend-la-parole\/\",\"url\":\"https:\/\/lyonbondyblog.fr\/LBB\/quand-la-danse-prend-la-parole\/\",\"name\":\"Le langage du corps parle \u00e0 tout le monde - Lyon Bondy Blog\",\"isPartOf\":{\"@id\":\"https:\/\/lyonbondyblog.fr\/LBB\/#website\"},\"primaryImageOfPage\":{\"@id\":\"https:\/\/lyonbondyblog.fr\/LBB\/quand-la-danse-prend-la-parole\/#primaryimage\"},\"image\":{\"@id\":\"https:\/\/lyonbondyblog.fr\/LBB\/quand-la-danse-prend-la-parole\/#primaryimage\"},\"thumbnailUrl\":\"https:\/\/lyonbondyblog.fr\/LBB\/wp-content\/uploads\/2015\/12\/6.jpg\",\"datePublished\":\"2015-12-02T16:54:31+00:00\",\"dateModified\":\"2015-12-02T16:54:31+00:00\",\"inLanguage\":\"fr-FR\",\"potentialAction\":[{\"@type\":\"ReadAction\",\"target\":[\"https:\/\/lyonbondyblog.fr\/LBB\/quand-la-danse-prend-la-parole\/\"]}]},{\"@type\":\"ImageObject\",\"inLanguage\":\"fr-FR\",\"@id\":\"https:\/\/lyonbondyblog.fr\/LBB\/quand-la-danse-prend-la-parole\/#primaryimage\",\"url\":\"https:\/\/lyonbondyblog.fr\/LBB\/wp-content\/uploads\/2015\/12\/6.jpg\",\"contentUrl\":\"https:\/\/lyonbondyblog.fr\/LBB\/wp-content\/uploads\/2015\/12\/6.jpg\",\"width\":720,\"height\":405,\"caption\":\"SONY DSC\"},{\"@type\":\"WebSite\",\"@id\":\"https:\/\/lyonbondyblog.fr\/LBB\/#website\",\"url\":\"https:\/\/lyonbondyblog.fr\/LBB\/\",\"name\":\"Lyon Bondy Blog\",\"description\":\"\",\"publisher\":{\"@id\":\"https:\/\/lyonbondyblog.fr\/LBB\/#organization\"},\"potentialAction\":[{\"@type\":\"SearchAction\",\"target\":{\"@type\":\"EntryPoint\",\"urlTemplate\":\"https:\/\/lyonbondyblog.fr\/LBB\/?s={search_term_string}\"},\"query-input\":\"required name=search_term_string\"}],\"inLanguage\":\"fr-FR\"},{\"@type\":\"Organization\",\"@id\":\"https:\/\/lyonbondyblog.fr\/LBB\/#organization\",\"name\":\"LYON BONDY BLOG\",\"url\":\"https:\/\/lyonbondyblog.fr\/LBB\/\",\"logo\":{\"@type\":\"ImageObject\",\"inLanguage\":\"fr-FR\",\"@id\":\"https:\/\/lyonbondyblog.fr\/LBB\/#\/schema\/logo\/image\/\",\"url\":\"http:\/\/lyonbondyblog.fr\/LBB\/wp-content\/uploads\/2014\/10\/logo-portable-144.png\",\"contentUrl\":\"http:\/\/lyonbondyblog.fr\/LBB\/wp-content\/uploads\/2014\/10\/logo-portable-144.png\",\"width\":144,\"height\":123,\"caption\":\"LYON BONDY BLOG\"},\"image\":{\"@id\":\"https:\/\/lyonbondyblog.fr\/LBB\/#\/schema\/logo\/image\/\"},\"sameAs\":[\"https:\/\/www.facebook.com\/lyonbondyblog\",\"https:\/\/x.com\/bondybloglyon\"]},{\"@type\":\"Person\",\"@id\":\"https:\/\/lyonbondyblog.fr\/LBB\/#\/schema\/person\/c2bbcee0eccf832374f85deed563ec0d\",\"name\":\"Jelena Dzekseneva\",\"description\":\"N\u00e9e en Lituanie et ayant grandi au Kazakhstan, je suis arriv\u00e9e en France en 2008. Pendant mes \u00e9tudes d'anthropologie \u00e0 Lyon 2, j'ai particip\u00e9 \u00e0 divers projets associatifs qui m'ont fait venir au LBB en juin 2015.\",\"url\":\"https:\/\/lyonbondyblog.fr\/LBB\/author\/jelena\/\"}]}<\/script>\n<!-- \/ Yoast SEO plugin. -->","yoast_head_json":{"title":"Le langage du corps parle \u00e0 tout le monde - Lyon Bondy Blog","robots":{"index":"index","follow":"follow","max-snippet":"max-snippet:-1","max-image-preview":"max-image-preview:large","max-video-preview":"max-video-preview:-1"},"canonical":"https:\/\/lyonbondyblog.fr\/LBB\/quand-la-danse-prend-la-parole\/","og_locale":"fr_FR","og_type":"article","og_title":"Le langage du corps parle \u00e0 tout le monde - Lyon Bondy Blog","og_description":"La soir\u00e9e consacr\u00e9e \u00e0 la danse lors de la premi\u00e8re Biennale des cultures urbaines s\u2019est d\u00e9roul\u00e9e au centre culturel Charlie Chaplin le 20 novembre dernier. &hellip;","og_url":"https:\/\/lyonbondyblog.fr\/LBB\/quand-la-danse-prend-la-parole\/","og_site_name":"Lyon Bondy Blog","article_publisher":"https:\/\/www.facebook.com\/lyonbondyblog","article_published_time":"2015-12-02T16:54:31+00:00","og_image":[{"width":720,"height":405,"url":"https:\/\/lyonbondyblog.fr\/LBB\/wp-content\/uploads\/2015\/12\/6.jpg","type":"image\/jpeg"}],"author":"Jelena Dzekseneva","twitter_card":"summary_large_image","twitter_creator":"@bondybloglyon","twitter_site":"@bondybloglyon","schema":{"@context":"https:\/\/schema.org","@graph":[{"@type":"Article","@id":"https:\/\/lyonbondyblog.fr\/LBB\/quand-la-danse-prend-la-parole\/#article","isPartOf":{"@id":"https:\/\/lyonbondyblog.fr\/LBB\/quand-la-danse-prend-la-parole\/"},"author":{"name":"Jelena Dzekseneva","@id":"https:\/\/lyonbondyblog.fr\/LBB\/#\/schema\/person\/c2bbcee0eccf832374f85deed563ec0d"},"headline":"Le langage du corps parle \u00e0 tout le monde","datePublished":"2015-12-02T16:54:31+00:00","dateModified":"2015-12-02T16:54:31+00:00","mainEntityOfPage":{"@id":"https:\/\/lyonbondyblog.fr\/LBB\/quand-la-danse-prend-la-parole\/"},"wordCount":669,"commentCount":0,"publisher":{"@id":"https:\/\/lyonbondyblog.fr\/LBB\/#organization"},"image":{"@id":"https:\/\/lyonbondyblog.fr\/LBB\/quand-la-danse-prend-la-parole\/#primaryimage"},"thumbnailUrl":"https:\/\/lyonbondyblog.fr\/LBB\/wp-content\/uploads\/2015\/12\/6.jpg","keywords":["2015","Artiste","Bboy Lilou","biennale","Charlie Chaplin","choregraphie","Communication non verbale","Culture","Cultures urbaines","danse","\u00c9motion","spectacle","urbain","Vaulx-en-Velin"],"articleSection":["Culture","Lyon"],"inLanguage":"fr-FR","potentialAction":[{"@type":"CommentAction","name":"Comment","target":["https:\/\/lyonbondyblog.fr\/LBB\/quand-la-danse-prend-la-parole\/#respond"]}]},{"@type":"WebPage","@id":"https:\/\/lyonbondyblog.fr\/LBB\/quand-la-danse-prend-la-parole\/","url":"https:\/\/lyonbondyblog.fr\/LBB\/quand-la-danse-prend-la-parole\/","name":"Le langage du corps parle \u00e0 tout le monde - Lyon Bondy Blog","isPartOf":{"@id":"https:\/\/lyonbondyblog.fr\/LBB\/#website"},"primaryImageOfPage":{"@id":"https:\/\/lyonbondyblog.fr\/LBB\/quand-la-danse-prend-la-parole\/#primaryimage"},"image":{"@id":"https:\/\/lyonbondyblog.fr\/LBB\/quand-la-danse-prend-la-parole\/#primaryimage"},"thumbnailUrl":"https:\/\/lyonbondyblog.fr\/LBB\/wp-content\/uploads\/2015\/12\/6.jpg","datePublished":"2015-12-02T16:54:31+00:00","dateModified":"2015-12-02T16:54:31+00:00","inLanguage":"fr-FR","potentialAction":[{"@type":"ReadAction","target":["https:\/\/lyonbondyblog.fr\/LBB\/quand-la-danse-prend-la-parole\/"]}]},{"@type":"ImageObject","inLanguage":"fr-FR","@id":"https:\/\/lyonbondyblog.fr\/LBB\/quand-la-danse-prend-la-parole\/#primaryimage","url":"https:\/\/lyonbondyblog.fr\/LBB\/wp-content\/uploads\/2015\/12\/6.jpg","contentUrl":"https:\/\/lyonbondyblog.fr\/LBB\/wp-content\/uploads\/2015\/12\/6.jpg","width":720,"height":405,"caption":"SONY DSC"},{"@type":"WebSite","@id":"https:\/\/lyonbondyblog.fr\/LBB\/#website","url":"https:\/\/lyonbondyblog.fr\/LBB\/","name":"Lyon Bondy Blog","description":"","publisher":{"@id":"https:\/\/lyonbondyblog.fr\/LBB\/#organization"},"potentialAction":[{"@type":"SearchAction","target":{"@type":"EntryPoint","urlTemplate":"https:\/\/lyonbondyblog.fr\/LBB\/?s={search_term_string}"},"query-input":"required name=search_term_string"}],"inLanguage":"fr-FR"},{"@type":"Organization","@id":"https:\/\/lyonbondyblog.fr\/LBB\/#organization","name":"LYON BONDY BLOG","url":"https:\/\/lyonbondyblog.fr\/LBB\/","logo":{"@type":"ImageObject","inLanguage":"fr-FR","@id":"https:\/\/lyonbondyblog.fr\/LBB\/#\/schema\/logo\/image\/","url":"http:\/\/lyonbondyblog.fr\/LBB\/wp-content\/uploads\/2014\/10\/logo-portable-144.png","contentUrl":"http:\/\/lyonbondyblog.fr\/LBB\/wp-content\/uploads\/2014\/10\/logo-portable-144.png","width":144,"height":123,"caption":"LYON BONDY BLOG"},"image":{"@id":"https:\/\/lyonbondyblog.fr\/LBB\/#\/schema\/logo\/image\/"},"sameAs":["https:\/\/www.facebook.com\/lyonbondyblog","https:\/\/x.com\/bondybloglyon"]},{"@type":"Person","@id":"https:\/\/lyonbondyblog.fr\/LBB\/#\/schema\/person\/c2bbcee0eccf832374f85deed563ec0d","name":"Jelena Dzekseneva","description":"N\u00e9e en Lituanie et ayant grandi au Kazakhstan, je suis arriv\u00e9e en France en 2008. Pendant mes \u00e9tudes d'anthropologie \u00e0 Lyon 2, j'ai particip\u00e9 \u00e0 divers projets associatifs qui m'ont fait venir au LBB en juin 2015.","url":"https:\/\/lyonbondyblog.fr\/LBB\/author\/jelena\/"}]}},"_links":{"self":[{"href":"https:\/\/lyonbondyblog.fr\/LBB\/wp-json\/wp\/v2\/posts\/9042","targetHints":{"allow":["GET"]}}],"collection":[{"href":"https:\/\/lyonbondyblog.fr\/LBB\/wp-json\/wp\/v2\/posts"}],"about":[{"href":"https:\/\/lyonbondyblog.fr\/LBB\/wp-json\/wp\/v2\/types\/post"}],"author":[{"embeddable":true,"href":"https:\/\/lyonbondyblog.fr\/LBB\/wp-json\/wp\/v2\/users\/220"}],"replies":[{"embeddable":true,"href":"https:\/\/lyonbondyblog.fr\/LBB\/wp-json\/wp\/v2\/comments?post=9042"}],"version-history":[{"count":0,"href":"https:\/\/lyonbondyblog.fr\/LBB\/wp-json\/wp\/v2\/posts\/9042\/revisions"}],"wp:featuredmedia":[{"embeddable":true,"href":"https:\/\/lyonbondyblog.fr\/LBB\/wp-json\/wp\/v2\/media\/9046"}],"wp:attachment":[{"href":"https:\/\/lyonbondyblog.fr\/LBB\/wp-json\/wp\/v2\/media?parent=9042"}],"wp:term":[{"taxonomy":"category","embeddable":true,"href":"https:\/\/lyonbondyblog.fr\/LBB\/wp-json\/wp\/v2\/categories?post=9042"},{"taxonomy":"post_tag","embeddable":true,"href":"https:\/\/lyonbondyblog.fr\/LBB\/wp-json\/wp\/v2\/tags?post=9042"}],"curies":[{"name":"wp","href":"https:\/\/api.w.org\/{rel}","templated":true}]}}