{"id":9020,"date":"2015-11-30T18:02:42","date_gmt":"2015-11-30T17:02:42","guid":{"rendered":"http:\/\/lyonbondyblog.fr\/LBB\/?p=9020"},"modified":"2015-11-30T18:02:42","modified_gmt":"2015-11-30T17:02:42","slug":"comparution-immediate-ce-nest-pas-le-capo-dei-capi","status":"publish","type":"post","link":"https:\/\/lyonbondyblog.fr\/LBB\/comparution-immediate-ce-nest-pas-le-capo-dei-capi\/","title":{"rendered":"\u00ab\u00a0Ce n\u2019est pas le capo dei capi\u00a0\u00bb"},"content":{"rendered":"<p><strong>TGI de Lyon, 14\u00e8me chambre, comparutions imm\u00e9diates\u00a0<\/strong><\/p>\n<p>Bob* comparait aujourd\u2019hui pour des faits relativement simples, dixit la pr\u00e9sidente. Il lui est reproch\u00e9, entre 2009 et 2015, le transport, la d\u00e9tention et d\u2019avoir offert et c\u00e9d\u00e9 de l\u2019herbe. Les policiers ont \u00e9galement trouv\u00e9 une arme automatique chez lui.<\/p>\n<p>Tout part d\u2019un renseignement anonyme. Bob, la trentaine, utiliserait les locaux de la soci\u00e9t\u00e9 dans laquelle il travaille pour de la cannabiculture. Les policiers mettent en place une surveillance et obtiennent une ordonnance de perquisition. Il est interpell\u00e9 et d\u00e9signe le lieu du d\u00e9lit \u2013 qui n\u2019est pas son entreprise.<\/p>\n<p>Les policiers trouvent 1400\u00a0g d\u2019herbe, une balance \u00e9lectronique, du mat\u00e9riel pour emballer et un calibre\u00a0765 (arme de cat\u00e9gorie B) avec chargeur et cartouches.<\/p>\n<p>La pr\u00e9sidente continue de lire le proc\u00e8s verbal. Les policiers ont trouv\u00e9 trois vari\u00e9t\u00e9s diff\u00e9rentes chez Bob\u00a0: Dans le salon, de l\u2019herbe avec un taux \u00e9lev\u00e9 de THC (17\u00a0%), dans son dressing (7\u00a0%) et ailleurs (5\u00a0%).<\/p>\n<p>Bob reconna\u00eet faire de la culture outdoor pour sa consommation personnelle, ce qui repr\u00e9senterait 500 grammes par an. Il a achet\u00e9 les graines sur Internet et a plant\u00e9 diverses vari\u00e9t\u00e9s en avril\/mai.<\/p>\n<p>Sur l\u2019arme, Bob d\u00e9clare l\u2019avoir subtilis\u00e9e \u00e0 un ami pour ne pas qu\u2019il se suicide. La juge\u00a0: \u00ab\u00a0Arme + drogue, \u00e7a peut donner quelque chose de diff\u00e9rent\u00a0! Dommage que vous n\u2019ayez pas donn\u00e9 le nom de votre ami.\u00a0\u00bb<\/p>\n<p>On entend ensuite des t\u00e9moignages de personnes que Bob a d\u00e9pann\u00e9es et avec qui il fumait. Bob reconna\u00eet avoir vendu \u00e0 trois reprises.<\/p>\n<p>Et la juge d\u2019enchainer\u00a0: <em>\u00ab\u00a0Votre compagne explique que vous consommez depuis longtemps. Elle n\u2019est pas associ\u00e9e \u00e0 \u00e7a.\u00a0\u00bb<\/em> La lecture du proc\u00e8s-verbal est termin\u00e9e.<\/p>\n<p><em>\u00ab\u00a0\u2014 Vous confirmez tout \u00e7a\u00a0? \u2013 (il h\u00e9site) C\u2019est l\u2019arme de mon p\u00e8re. \u2013 Pourquoi l\u2019avoir approvisionn\u00e9e\u00a0? \u2013 Je n\u2019\u00e9tais pas au courant. \u2013 Sur les stup\u00e9fiants, vous reconnaissez tout\u00a0? Vous savez que c\u2019est interdit\u00a0? \u2013 Oui bien s\u00fbr. Je m\u2019en excuse. \u2013 Avez-vous d\u00e9j\u00e0 essay\u00e9 d\u2019arr\u00eater\u00a0? \u2013 Pas sous ces conditions. \u2014\u00a0Votre patron \u00e9tait au courant\u00a0? \u2013 Non.\u00a0\u00bb<\/em><\/p>\n<p>Jamais condamn\u00e9 auparavant, Bob est chef d\u2019atelier depuis huit ans avec un salaire confortable, il avoue fumer dix joints par jour depuis l\u2019\u00e2ge de 16 ans. <em>\u00ab\u00a0\u2014 Vous n\u2019avez pas peur de l\u2019addiction\u00a0? \u2013 Non. \u2013 On a joint votre employeur (sic). Il n\u2019a rien \u00e0 vous reprocher. Vous \u00eates un excellent \u00e9l\u00e9ment.\u00a0\u00bb<\/em><\/p>\n<p>Le proc d\u00e9nonce un <em>\u00ab\u00a0usage forcen\u00e9 du cannabis\u00a0\u00bb<\/em> et estime par ailleurs que <em>\u00ab\u00a0l\u2019aspect trafic tr\u00e8s largement minimis\u00e9\u00a0\u00bb<\/em>. Sur l\u2019arme\u00a0: <em>\u00ab\u00a0Il peine \u00e0 convaincre. Il reste le constat froid de l\u2019arme pr\u00eate \u00e0 servir.\u00a0\u00bb<\/em> Il requiert 12 mois, dont 6 avec sursis et mise \u00e0 l\u2019\u00e9preuve.<\/p>\n<p>L\u2019avocat de la d\u00e9fense est en forme. Il d\u00e9note des autres avocats (commis d\u2019office) de l\u2019apr\u00e8s-midi. Il commence son plaidoyer sur les chapeaux de roues\u00a0: <em>\u00ab\u00a0Ce n\u2019est pas le capo dei capi. Je vais dresser le tableau\u00a0: Il est salari\u00e9 depuis 8 ans. C\u2019est un excellent salari\u00e9, il est fianc\u00e9 avec un mannequin depuis plusieurs ann\u00e9es. Il travaille tellement qu\u2019il dort souvent au travail.\u00a0\u00bb<\/em> Bob emarge \u00e0 plus de 3000\u00a0\u20ac par mois.<\/p>\n<p><em>\u00ab\u00a0Sur ce qu\u2019a dit le procureur (NDLR sur le trafic), \u201cque nenni\u201d\u00a0!\u00a0\u00bb Et d\u2019enchainer, cette fois plut\u00f4t d\u2019accord avec le proc \u00a0: \u00ab\u00a0Vous avez raison, Monsieur le Procureur, des soins sont n\u00e9cessaires, obligatoires. Il l\u2019a reconnu, a donn\u00e9 l\u2019identit\u00e9 des personnes.\u00a0\u00bb<\/em><\/p>\n<p>Sur l\u2019arme\u00a0: <em>\u00ab\u00a0L\u2019aspect arme pr\u00eate \u00e0 \u00eatre utilis\u00e9e peut poser interrogation, mais sa premi\u00e8re d\u00e9position est tr\u00e8s claire. Son p\u00e8re est violent, bipolaire. Je mets au d\u00e9fi n\u2019importe qui dans la salle de dire qu\u2019il n\u2019aurait pas fait pareil. J\u2019aurais fait pareil\u00a0!\u00a0\u00bb<\/em><\/p>\n<p>Et de conclure\u00a0: <em>\u00ab\u00a0Nous nous rejoignons sur l\u2019obligation de soins. C\u2019est un d\u00e9linquant primaire, vous ne le reverrez plus.\u00a0\u00bb<\/em><\/p>\n<p>Apr\u00e8s d\u00e9lib\u00e9rations, Bob prend huit mois de sursis avec mise \u00e0 l\u2019\u00e9preuve et obligation de soins. Il repart libre. Tant mieux pour lui.<\/p>\n<p>Au suivant<\/p>\n<p>* Le nom est chang\u00e9<\/p>\n<!-- AddThis Advanced Settings generic via filter on the_content --><!-- AddThis Share Buttons generic via filter on the_content -->","protected":false},"excerpt":{"rendered":"<p>TGI de Lyon, 14\u00e8me chambre, comparutions imm\u00e9diates\u00a0 Bob* comparait aujourd\u2019hui pour des faits relativement simples, dixit la pr\u00e9sidente. Il lui est reproch\u00e9, entre 2009 et &hellip; <!-- AddThis Advanced Settings generic via filter on wp_trim_excerpt --><!-- AddThis Share Buttons generic via filter on wp_trim_excerpt --><\/p>\n","protected":false},"author":5,"featured_media":4954,"comment_status":"open","ping_status":"open","sticky":false,"template":"","format":"standard","meta":{"_FSMCFIC_featured_image_caption":"","_FSMCFIC_featured_image_nocaption":"","_FSMCFIC_featured_image_hide":"","footnotes":""},"categories":[965,4],"tags":[1638,1953,476,580,578,338,564,473,2001,135,10,358,205,1292,444,320],"class_list":["post-9020","post","type-post","status-publish","format-standard","has-post-thumbnail","hentry","category-chronique-judiciaire","category-lyon","tag-1638","tag-ambiance","tag-cannabis","tag-comparution","tag-comparution-immediate","tag-comparutions-immediates","tag-concert","tag-drogue","tag-la-marquise","tag-lbb","tag-lyon-2","tag-musique","tag-rap","tag-rap-francais","tag-rappeur","tag-rencontre"],"yoast_head":"<!-- This site is optimized with the Yoast SEO plugin v22.8 - https:\/\/yoast.com\/wordpress\/plugins\/seo\/ -->\n<title>\u00ab\u00a0Ce n\u2019est pas le capo dei capi\u00a0\u00bb - Lyon Bondy Blog<\/title>\n<meta name=\"robots\" content=\"index, follow, max-snippet:-1, max-image-preview:large, max-video-preview:-1\" \/>\n<link rel=\"canonical\" href=\"https:\/\/lyonbondyblog.fr\/LBB\/comparution-immediate-ce-nest-pas-le-capo-dei-capi\/\" \/>\n<meta property=\"og:locale\" content=\"fr_FR\" \/>\n<meta property=\"og:type\" content=\"article\" \/>\n<meta property=\"og:title\" content=\"\u00ab\u00a0Ce n\u2019est pas le capo dei capi\u00a0\u00bb - Lyon Bondy Blog\" \/>\n<meta property=\"og:description\" content=\"TGI de Lyon, 14\u00e8me chambre, comparutions imm\u00e9diates\u00a0 Bob* comparait aujourd\u2019hui pour des faits relativement simples, dixit la pr\u00e9sidente. Il lui est reproch\u00e9, entre 2009 et &hellip;\" \/>\n<meta property=\"og:url\" content=\"https:\/\/lyonbondyblog.fr\/LBB\/comparution-immediate-ce-nest-pas-le-capo-dei-capi\/\" \/>\n<meta property=\"og:site_name\" content=\"Lyon Bondy Blog\" \/>\n<meta property=\"article:publisher\" content=\"https:\/\/www.facebook.com\/lyonbondyblog\" \/>\n<meta property=\"article:author\" content=\"https:\/\/www.facebook.com\/horsdes.clous\" \/>\n<meta property=\"article:published_time\" content=\"2015-11-30T17:02:42+00:00\" \/>\n<meta property=\"og:image\" content=\"https:\/\/lyonbondyblog.fr\/LBB\/wp-content\/uploads\/2013\/11\/chronique-judiciaire-Une2.png\" \/>\n\t<meta property=\"og:image:width\" content=\"600\" \/>\n\t<meta property=\"og:image:height\" content=\"350\" \/>\n\t<meta property=\"og:image:type\" content=\"image\/png\" \/>\n<meta name=\"author\" content=\"Sebastien Gonzalvez\" \/>\n<meta name=\"twitter:card\" content=\"summary_large_image\" \/>\n<meta name=\"twitter:creator\" content=\"@HorsDesClous\" \/>\n<meta name=\"twitter:site\" content=\"@bondybloglyon\" \/>\n<script type=\"application\/ld+json\" class=\"yoast-schema-graph\">{\"@context\":\"https:\/\/schema.org\",\"@graph\":[{\"@type\":\"Article\",\"@id\":\"https:\/\/lyonbondyblog.fr\/LBB\/comparution-immediate-ce-nest-pas-le-capo-dei-capi\/#article\",\"isPartOf\":{\"@id\":\"https:\/\/lyonbondyblog.fr\/LBB\/comparution-immediate-ce-nest-pas-le-capo-dei-capi\/\"},\"author\":{\"name\":\"Sebastien Gonzalvez\",\"@id\":\"https:\/\/lyonbondyblog.fr\/LBB\/#\/schema\/person\/82f74993772cde3b8626b9080369ec0c\"},\"headline\":\"\u00ab\u00a0Ce n\u2019est pas le capo dei capi\u00a0\u00bb\",\"datePublished\":\"2015-11-30T17:02:42+00:00\",\"dateModified\":\"2015-11-30T17:02:42+00:00\",\"mainEntityOfPage\":{\"@id\":\"https:\/\/lyonbondyblog.fr\/LBB\/comparution-immediate-ce-nest-pas-le-capo-dei-capi\/\"},\"wordCount\":712,\"commentCount\":0,\"publisher\":{\"@id\":\"https:\/\/lyonbondyblog.fr\/LBB\/#organization\"},\"image\":{\"@id\":\"https:\/\/lyonbondyblog.fr\/LBB\/comparution-immediate-ce-nest-pas-le-capo-dei-capi\/#primaryimage\"},\"thumbnailUrl\":\"https:\/\/lyonbondyblog.fr\/LBB\/wp-content\/uploads\/2013\/11\/chronique-judiciaire-Une2.png\",\"keywords\":[\"2015\",\"Ambiance\",\"cannabis\",\"comparution\",\"comparution imm\u00e9diate\",\"Comparutions imm\u00e9diates\",\"Concert\",\"drogue\",\"la marquise\",\"LBB\",\"lyon\",\"musique\",\"rap\",\"Rap fran\u00e7ais\",\"rappeur\",\"rencontre\"],\"articleSection\":[\"Chronique judiciaire\",\"Lyon\"],\"inLanguage\":\"fr-FR\",\"potentialAction\":[{\"@type\":\"CommentAction\",\"name\":\"Comment\",\"target\":[\"https:\/\/lyonbondyblog.fr\/LBB\/comparution-immediate-ce-nest-pas-le-capo-dei-capi\/#respond\"]}]},{\"@type\":\"WebPage\",\"@id\":\"https:\/\/lyonbondyblog.fr\/LBB\/comparution-immediate-ce-nest-pas-le-capo-dei-capi\/\",\"url\":\"https:\/\/lyonbondyblog.fr\/LBB\/comparution-immediate-ce-nest-pas-le-capo-dei-capi\/\",\"name\":\"\u00ab\u00a0Ce n\u2019est pas le capo dei capi\u00a0\u00bb - Lyon Bondy Blog\",\"isPartOf\":{\"@id\":\"https:\/\/lyonbondyblog.fr\/LBB\/#website\"},\"primaryImageOfPage\":{\"@id\":\"https:\/\/lyonbondyblog.fr\/LBB\/comparution-immediate-ce-nest-pas-le-capo-dei-capi\/#primaryimage\"},\"image\":{\"@id\":\"https:\/\/lyonbondyblog.fr\/LBB\/comparution-immediate-ce-nest-pas-le-capo-dei-capi\/#primaryimage\"},\"thumbnailUrl\":\"https:\/\/lyonbondyblog.fr\/LBB\/wp-content\/uploads\/2013\/11\/chronique-judiciaire-Une2.png\",\"datePublished\":\"2015-11-30T17:02:42+00:00\",\"dateModified\":\"2015-11-30T17:02:42+00:00\",\"inLanguage\":\"fr-FR\",\"potentialAction\":[{\"@type\":\"ReadAction\",\"target\":[\"https:\/\/lyonbondyblog.fr\/LBB\/comparution-immediate-ce-nest-pas-le-capo-dei-capi\/\"]}]},{\"@type\":\"ImageObject\",\"inLanguage\":\"fr-FR\",\"@id\":\"https:\/\/lyonbondyblog.fr\/LBB\/comparution-immediate-ce-nest-pas-le-capo-dei-capi\/#primaryimage\",\"url\":\"https:\/\/lyonbondyblog.fr\/LBB\/wp-content\/uploads\/2013\/11\/chronique-judiciaire-Une2.png\",\"contentUrl\":\"https:\/\/lyonbondyblog.fr\/LBB\/wp-content\/uploads\/2013\/11\/chronique-judiciaire-Une2.png\",\"width\":600,\"height\":350},{\"@type\":\"WebSite\",\"@id\":\"https:\/\/lyonbondyblog.fr\/LBB\/#website\",\"url\":\"https:\/\/lyonbondyblog.fr\/LBB\/\",\"name\":\"Lyon Bondy Blog\",\"description\":\"\",\"publisher\":{\"@id\":\"https:\/\/lyonbondyblog.fr\/LBB\/#organization\"},\"potentialAction\":[{\"@type\":\"SearchAction\",\"target\":{\"@type\":\"EntryPoint\",\"urlTemplate\":\"https:\/\/lyonbondyblog.fr\/LBB\/?s={search_term_string}\"},\"query-input\":\"required name=search_term_string\"}],\"inLanguage\":\"fr-FR\"},{\"@type\":\"Organization\",\"@id\":\"https:\/\/lyonbondyblog.fr\/LBB\/#organization\",\"name\":\"LYON BONDY BLOG\",\"url\":\"https:\/\/lyonbondyblog.fr\/LBB\/\",\"logo\":{\"@type\":\"ImageObject\",\"inLanguage\":\"fr-FR\",\"@id\":\"https:\/\/lyonbondyblog.fr\/LBB\/#\/schema\/logo\/image\/\",\"url\":\"http:\/\/lyonbondyblog.fr\/LBB\/wp-content\/uploads\/2014\/10\/logo-portable-144.png\",\"contentUrl\":\"http:\/\/lyonbondyblog.fr\/LBB\/wp-content\/uploads\/2014\/10\/logo-portable-144.png\",\"width\":144,\"height\":123,\"caption\":\"LYON BONDY BLOG\"},\"image\":{\"@id\":\"https:\/\/lyonbondyblog.fr\/LBB\/#\/schema\/logo\/image\/\"},\"sameAs\":[\"https:\/\/www.facebook.com\/lyonbondyblog\",\"https:\/\/x.com\/bondybloglyon\"]},{\"@type\":\"Person\",\"@id\":\"https:\/\/lyonbondyblog.fr\/LBB\/#\/schema\/person\/82f74993772cde3b8626b9080369ec0c\",\"name\":\"Sebastien Gonzalvez\",\"description\":\"Journaliste plurim\u00e9dias. R\u00e9dacteur en chef \u00e0 @BondyBlogLyon @HorsDesClous https:\/\/www.facebook.com\/horsdes.clous\",\"sameAs\":[\"https:\/\/www.facebook.com\/horsdes.clous\",\"https:\/\/x.com\/HorsDesClous\"],\"url\":\"https:\/\/lyonbondyblog.fr\/LBB\/author\/seb\/\"}]}<\/script>\n<!-- \/ Yoast SEO plugin. -->","yoast_head_json":{"title":"\u00ab\u00a0Ce n\u2019est pas le capo dei capi\u00a0\u00bb - Lyon Bondy Blog","robots":{"index":"index","follow":"follow","max-snippet":"max-snippet:-1","max-image-preview":"max-image-preview:large","max-video-preview":"max-video-preview:-1"},"canonical":"https:\/\/lyonbondyblog.fr\/LBB\/comparution-immediate-ce-nest-pas-le-capo-dei-capi\/","og_locale":"fr_FR","og_type":"article","og_title":"\u00ab\u00a0Ce n\u2019est pas le capo dei capi\u00a0\u00bb - Lyon Bondy Blog","og_description":"TGI de Lyon, 14\u00e8me chambre, comparutions imm\u00e9diates\u00a0 Bob* comparait aujourd\u2019hui pour des faits relativement simples, dixit la pr\u00e9sidente. Il lui est reproch\u00e9, entre 2009 et &hellip;","og_url":"https:\/\/lyonbondyblog.fr\/LBB\/comparution-immediate-ce-nest-pas-le-capo-dei-capi\/","og_site_name":"Lyon Bondy Blog","article_publisher":"https:\/\/www.facebook.com\/lyonbondyblog","article_author":"https:\/\/www.facebook.com\/horsdes.clous","article_published_time":"2015-11-30T17:02:42+00:00","og_image":[{"width":600,"height":350,"url":"https:\/\/lyonbondyblog.fr\/LBB\/wp-content\/uploads\/2013\/11\/chronique-judiciaire-Une2.png","type":"image\/png"}],"author":"Sebastien Gonzalvez","twitter_card":"summary_large_image","twitter_creator":"@HorsDesClous","twitter_site":"@bondybloglyon","schema":{"@context":"https:\/\/schema.org","@graph":[{"@type":"Article","@id":"https:\/\/lyonbondyblog.fr\/LBB\/comparution-immediate-ce-nest-pas-le-capo-dei-capi\/#article","isPartOf":{"@id":"https:\/\/lyonbondyblog.fr\/LBB\/comparution-immediate-ce-nest-pas-le-capo-dei-capi\/"},"author":{"name":"Sebastien Gonzalvez","@id":"https:\/\/lyonbondyblog.fr\/LBB\/#\/schema\/person\/82f74993772cde3b8626b9080369ec0c"},"headline":"\u00ab\u00a0Ce n\u2019est pas le capo dei capi\u00a0\u00bb","datePublished":"2015-11-30T17:02:42+00:00","dateModified":"2015-11-30T17:02:42+00:00","mainEntityOfPage":{"@id":"https:\/\/lyonbondyblog.fr\/LBB\/comparution-immediate-ce-nest-pas-le-capo-dei-capi\/"},"wordCount":712,"commentCount":0,"publisher":{"@id":"https:\/\/lyonbondyblog.fr\/LBB\/#organization"},"image":{"@id":"https:\/\/lyonbondyblog.fr\/LBB\/comparution-immediate-ce-nest-pas-le-capo-dei-capi\/#primaryimage"},"thumbnailUrl":"https:\/\/lyonbondyblog.fr\/LBB\/wp-content\/uploads\/2013\/11\/chronique-judiciaire-Une2.png","keywords":["2015","Ambiance","cannabis","comparution","comparution imm\u00e9diate","Comparutions imm\u00e9diates","Concert","drogue","la marquise","LBB","lyon","musique","rap","Rap fran\u00e7ais","rappeur","rencontre"],"articleSection":["Chronique judiciaire","Lyon"],"inLanguage":"fr-FR","potentialAction":[{"@type":"CommentAction","name":"Comment","target":["https:\/\/lyonbondyblog.fr\/LBB\/comparution-immediate-ce-nest-pas-le-capo-dei-capi\/#respond"]}]},{"@type":"WebPage","@id":"https:\/\/lyonbondyblog.fr\/LBB\/comparution-immediate-ce-nest-pas-le-capo-dei-capi\/","url":"https:\/\/lyonbondyblog.fr\/LBB\/comparution-immediate-ce-nest-pas-le-capo-dei-capi\/","name":"\u00ab\u00a0Ce n\u2019est pas le capo dei capi\u00a0\u00bb - Lyon Bondy Blog","isPartOf":{"@id":"https:\/\/lyonbondyblog.fr\/LBB\/#website"},"primaryImageOfPage":{"@id":"https:\/\/lyonbondyblog.fr\/LBB\/comparution-immediate-ce-nest-pas-le-capo-dei-capi\/#primaryimage"},"image":{"@id":"https:\/\/lyonbondyblog.fr\/LBB\/comparution-immediate-ce-nest-pas-le-capo-dei-capi\/#primaryimage"},"thumbnailUrl":"https:\/\/lyonbondyblog.fr\/LBB\/wp-content\/uploads\/2013\/11\/chronique-judiciaire-Une2.png","datePublished":"2015-11-30T17:02:42+00:00","dateModified":"2015-11-30T17:02:42+00:00","inLanguage":"fr-FR","potentialAction":[{"@type":"ReadAction","target":["https:\/\/lyonbondyblog.fr\/LBB\/comparution-immediate-ce-nest-pas-le-capo-dei-capi\/"]}]},{"@type":"ImageObject","inLanguage":"fr-FR","@id":"https:\/\/lyonbondyblog.fr\/LBB\/comparution-immediate-ce-nest-pas-le-capo-dei-capi\/#primaryimage","url":"https:\/\/lyonbondyblog.fr\/LBB\/wp-content\/uploads\/2013\/11\/chronique-judiciaire-Une2.png","contentUrl":"https:\/\/lyonbondyblog.fr\/LBB\/wp-content\/uploads\/2013\/11\/chronique-judiciaire-Une2.png","width":600,"height":350},{"@type":"WebSite","@id":"https:\/\/lyonbondyblog.fr\/LBB\/#website","url":"https:\/\/lyonbondyblog.fr\/LBB\/","name":"Lyon Bondy Blog","description":"","publisher":{"@id":"https:\/\/lyonbondyblog.fr\/LBB\/#organization"},"potentialAction":[{"@type":"SearchAction","target":{"@type":"EntryPoint","urlTemplate":"https:\/\/lyonbondyblog.fr\/LBB\/?s={search_term_string}"},"query-input":"required name=search_term_string"}],"inLanguage":"fr-FR"},{"@type":"Organization","@id":"https:\/\/lyonbondyblog.fr\/LBB\/#organization","name":"LYON BONDY BLOG","url":"https:\/\/lyonbondyblog.fr\/LBB\/","logo":{"@type":"ImageObject","inLanguage":"fr-FR","@id":"https:\/\/lyonbondyblog.fr\/LBB\/#\/schema\/logo\/image\/","url":"http:\/\/lyonbondyblog.fr\/LBB\/wp-content\/uploads\/2014\/10\/logo-portable-144.png","contentUrl":"http:\/\/lyonbondyblog.fr\/LBB\/wp-content\/uploads\/2014\/10\/logo-portable-144.png","width":144,"height":123,"caption":"LYON BONDY BLOG"},"image":{"@id":"https:\/\/lyonbondyblog.fr\/LBB\/#\/schema\/logo\/image\/"},"sameAs":["https:\/\/www.facebook.com\/lyonbondyblog","https:\/\/x.com\/bondybloglyon"]},{"@type":"Person","@id":"https:\/\/lyonbondyblog.fr\/LBB\/#\/schema\/person\/82f74993772cde3b8626b9080369ec0c","name":"Sebastien Gonzalvez","description":"Journaliste plurim\u00e9dias. R\u00e9dacteur en chef \u00e0 @BondyBlogLyon @HorsDesClous https:\/\/www.facebook.com\/horsdes.clous","sameAs":["https:\/\/www.facebook.com\/horsdes.clous","https:\/\/x.com\/HorsDesClous"],"url":"https:\/\/lyonbondyblog.fr\/LBB\/author\/seb\/"}]}},"_links":{"self":[{"href":"https:\/\/lyonbondyblog.fr\/LBB\/wp-json\/wp\/v2\/posts\/9020","targetHints":{"allow":["GET"]}}],"collection":[{"href":"https:\/\/lyonbondyblog.fr\/LBB\/wp-json\/wp\/v2\/posts"}],"about":[{"href":"https:\/\/lyonbondyblog.fr\/LBB\/wp-json\/wp\/v2\/types\/post"}],"author":[{"embeddable":true,"href":"https:\/\/lyonbondyblog.fr\/LBB\/wp-json\/wp\/v2\/users\/5"}],"replies":[{"embeddable":true,"href":"https:\/\/lyonbondyblog.fr\/LBB\/wp-json\/wp\/v2\/comments?post=9020"}],"version-history":[{"count":0,"href":"https:\/\/lyonbondyblog.fr\/LBB\/wp-json\/wp\/v2\/posts\/9020\/revisions"}],"wp:featuredmedia":[{"embeddable":true,"href":"https:\/\/lyonbondyblog.fr\/LBB\/wp-json\/wp\/v2\/media\/4954"}],"wp:attachment":[{"href":"https:\/\/lyonbondyblog.fr\/LBB\/wp-json\/wp\/v2\/media?parent=9020"}],"wp:term":[{"taxonomy":"category","embeddable":true,"href":"https:\/\/lyonbondyblog.fr\/LBB\/wp-json\/wp\/v2\/categories?post=9020"},{"taxonomy":"post_tag","embeddable":true,"href":"https:\/\/lyonbondyblog.fr\/LBB\/wp-json\/wp\/v2\/tags?post=9020"}],"curies":[{"name":"wp","href":"https:\/\/api.w.org\/{rel}","templated":true}]}}