{"id":8912,"date":"2015-11-20T14:28:31","date_gmt":"2015-11-20T13:28:31","guid":{"rendered":"http:\/\/lyonbondyblog.fr\/LBB\/?p=8912"},"modified":"2015-11-27T00:45:55","modified_gmt":"2015-11-26T23:45:55","slug":"attentats-le-fil-des-evenements-a-lyon","status":"publish","type":"post","link":"https:\/\/lyonbondyblog.fr\/LBB\/attentats-le-fil-des-evenements-a-lyon\/","title":{"rendered":"Le fil des \u00e9v\u00e9nements \u00e0 Lyon"},"content":{"rendered":"<p><strong>Les attentats du 13 novembre ont touch\u00e9 durement Paris. Retour sur les r\u00e9percussions de ces \u00e9v\u00e9nements \u00e0 Lyon.<\/strong><\/p>\n<p>La solidarit\u00e9 avec les victimes et les hommages se sont multipli\u00e9s tout le week-end \u00e0 Lyon. Des fleurs et des bougies ont \u00e9t\u00e9 d\u00e9pos\u00e9es sur la place Bellecour et aux Terreaux.<\/p>\n<blockquote class=\"twitter-tweet\" data-width=\"550\" data-dnt=\"true\">\n<p lang=\"fr\" dir=\"ltr\">Les Lyonnais se relayent place des Terreaux pour ne pas oublier les victimes des attentats de Paris <a href=\"https:\/\/twitter.com\/hashtag\/Lyon?src=hash&amp;ref_src=twsrc%5Etfw\">#Lyon<\/a> <a href=\"https:\/\/twitter.com\/hashtag\/attentats?src=hash&amp;ref_src=twsrc%5Etfw\">#attentats<\/a> <a href=\"https:\/\/t.co\/k7hEUF6G7o\">pic.twitter.com\/k7hEUF6G7o<\/a><\/p>\n<p>&mdash; Antoine Comte (@AntoineCOMTE) <a href=\"https:\/\/twitter.com\/AntoineCOMTE\/status\/666318749549637632?ref_src=twsrc%5Etfw\">November 16, 2015<\/a><\/p><\/blockquote>\n<p><script async src=\"https:\/\/platform.twitter.com\/widgets.js\" charset=\"utf-8\"><\/script><\/p>\n<p>https:\/\/twitter.com\/Stephandu069\/status\/666261461581344768<\/p>\n<p>Sur de nombreuses fen\u00eatres, on pouvait voir des bougies scintiller.<\/p>\n<p>https:\/\/twitter.com\/Chikentear\/status\/665575974340268032<\/p>\n<p>Des b\u00e2timents ont \u00e9t\u00e9 \u00e9clair\u00e9s aux couleurs du drapeau tricolore.<\/p>\n<p><a href=\"https:\/\/lyonbondyblog.fr\/LBB\/wp-content\/uploads\/2015\/11\/2.jpg\"><img loading=\"lazy\" decoding=\"async\" class=\"alignnone size-full wp-image-8914\" src=\"https:\/\/lyonbondyblog.fr\/LBB\/wp-content\/uploads\/2015\/11\/2.jpg\" alt=\"2\" width=\"600\" height=\"400\" srcset=\"https:\/\/lyonbondyblog.fr\/LBB\/wp-content\/uploads\/2015\/11\/2.jpg 600w, https:\/\/lyonbondyblog.fr\/LBB\/wp-content\/uploads\/2015\/11\/2-300x200.jpg 300w\" sizes=\"auto, (max-width: 600px) 100vw, 600px\" \/><\/a><\/p>\n<p>&nbsp;<\/p>\n<h2>L&rsquo;Etat d&rsquo;urgence<\/h2>\n<p><span lang=\"zxx\"><a href=\"http:\/\/www.rue89lyon.fr\/2015\/11\/14\/attaques-terroristes-paris-etat-d-urgence-declare-en-france\/\" target=\"_blank\">La d\u00e9claration du d\u00e9cret portant sur l\u2019\u00e9tat d\u2019urgence<\/a><\/span> a \u00e9largi les pouvoirs du pr\u00e9fet, qui a mis en \u0153uvre des moyens suppl\u00e9mentaires sur le territoire et augment\u00e9 le degr\u00e9 d&rsquo;alerte en Rh\u00f4ne-Alpes. Des lieux de culture et de spectacle sont rest\u00e9s ferm\u00e9s jusqu&rsquo;au mardi 17 novembre\u00a0: mus\u00e9e des Beaux Arts, Halle Tony Garnier, Op\u00e9ra de Lyon&#8230; \u00ab\u00a0<em>La menace vise notre pays entier. Les terroristes cherchent des cibles embl\u00e9matiques, des lieux fr\u00e9quent\u00e9s. Nous savons que sur le territoire lyonnais au sens large, depuis de nombreuses ann\u00e9es, des groupes souterrains sont \u00e0 l&rsquo;\u0153uvre. Nous avons 220\/250\u00a0personnes que nous suivons, avec des degr\u00e9s de dangerosit\u00e9 tr\u00e8s vari\u00e9s, que l&rsquo;on peut difficilement \u00e9tablir avec certitude \u00e0 l&rsquo;avance<\/em> \u00bb, a <span lang=\"zxx\"><a href=\"http:\/\/www.lyoncapitale.fr\/Journal\/Lyon\/Actualite\/Actualites\/L-autre-direct\/8-decembre-etat-d-urgence-perquisitions-les-explications-du-Prefet\">d\u00e9clar\u00e9 le pr\u00e9fet \u00e0 Lyon Capitale<\/a><\/span>. Il y aurait \u00ab\u00a0<em>un terreau privil\u00e9gi\u00e9 en Rh\u00f4ne-Alpes \u00e0 Lyon ou \u00e0 Chamb\u00e9ry\u00a0<\/em>\u00bb, explique <span lang=\"zxx\"><a href=\"http:\/\/france3-regions.francetvinfo.fr\/alpes\/savoie\/il-y-une-certaine-tendance-chez-les-imams-politiser-outrance-l-islam-haoues-seninguer-854513.html\">le chercheur Haoues Senigueur<\/a><\/span>. Effectivement, Lyon a une lourde histoire terroriste. On se souvient de Khaled Kelkal de Vaulx-en-Velin, ou du r\u00e9seau dit de Chasse-sur-Rh\u00f4ne (<span lang=\"zxx\"><a href=\"http:\/\/www.lemonde.fr\/societe\/article\/2015\/02\/25\/david-vallat-ex-djihadiste-raconte-l-engrenage-de-la-radicalisation_4582924_3224.html\">voir le portrait surprenant du pr\u00e9sident du Lyon Bondy Blog<\/a><\/span>).<\/p>\n<p>&nbsp;<\/p>\n<table class=\"alignright\" style=\"border-color: #000000; width: 300px; background-color: #d1cfcf;\" border=\"5\">\n<tbody>\n<tr>\n<td>\n<h4>\u00a0La surench\u00e8re de Wauquiez<\/h4>\n<p>Candidat aux r\u00e9gionales pour les R\u00e9publicains, Laurent Wauquiez a fait dans la surench\u00e8re s\u00e9curitaire et x\u00e9nophobe en proposant de cr\u00e9er des camps de r\u00e9tention pour les assign\u00e9s \u00e0 r\u00e9sidence. Irr\u00e9aliste, sa proposition appara\u00eet comme un moyen de faire parler de lui avant les r\u00e9gionales&#8230;<\/p>\n<p>https:\/\/twitter.com\/laurentwauquiez\/status\/665450009270292481<\/td>\n<\/tr>\n<\/tbody>\n<\/table>\n<p>Mais l&rsquo;\u00e9tat d&rsquo;urgence n&rsquo;aura pas permis de prot\u00e9ger tous les citoyens fran\u00e7ais. Suite \u00e0 leur <span lang=\"zxx\"><a href=\"http:\/\/www.lyonmag.com\/article\/76623\/attentats-de-paris-important-dispositif-policier-pour-empecher-le-rassemblement-des-identitaires-a-lyon\">rassemblement interdit par la pr\u00e9fecture place des Jacobins \u00e0 15h samedi<\/a><\/span>, des membres de groupuscules d\u2019extr\u00eame droite radicale <a href=\"http:\/\/www.rue89lyon.fr\/2015\/11\/19\/jeune-roue-de-coups-place-bellecour-lextreme-droite-radicale-en-accusation\/\"><span lang=\"zxx\">ont<\/span><span lang=\"zxx\"> rou\u00e9 de coups un jeune musulman place Bellecour.<\/span><\/a> Ce dernier s&rsquo;en sort avec 30 jours d\u2019ITT et notamment une fracture \u00e0 une vert\u00e8bre et des contusions \u00e0 la cuisse et la cheville.<\/p>\n<p>Il est soutenu par la CRI (Coordination contre le Racisme et l\u2019Islamophobie ) qui s&rsquo;est fendue d&rsquo;<span lang=\"zxx\"><a href=\"http:\/\/www.islametinfo.fr\/2015\/11\/16\/islamophobes-massacrent-jessim-17-ans-vertebres-brisees-et-30-jours-ditt\/\">un communiqu\u00e9<\/a><\/span>.<br \/>\nSur le plan policier, quelques heures apr\u00e8s les attentats, interpellations et perquisitions se sont succ\u00e9d\u00e9es \u00e0 Lyon, Vaulx-en-Velin, Saint-Priest, Lyon 8e, Villeurbanne, Feyzin&#8230; Des armes de guerre ont \u00e9t\u00e9 saisies. Des personnes pr\u00e9sentant des \u00ab\u00a0profils radicalis\u00e9s\u00a0\u00bb sont assign\u00e9es \u00e0 r\u00e9sidence. Ces perquisitions administratives ont \u00e9t\u00e9 permises par l&rsquo;\u00e9tat d&rsquo;urgence.<\/p>\n<p><span lang=\"zxx\"><a href=\"http:\/\/www.rue89lyon.fr\/2015\/11\/18\/apres-les-attentats-paris-rumeurs-fausses-alertes-se-multiplient-lyon\/\">Rumeurs et fausses alertes se multiplient \u00e0 Lyon <\/a><\/span>: bombes \u00e0 la Part-Dieu, individu arm\u00e9 \u00e0 Givors ou proche d&rsquo;une \u00e9cole de Saint-Genis-Laval&#8230; La pr\u00e9fecture a appel\u00e9 \u00e0 ne pas faire circuler de fausses informations.<\/p>\n<blockquote class=\"twitter-tweet\" data-width=\"550\" data-dnt=\"true\">\n<p lang=\"fr\" dir=\"ltr\">Ne faites pas circuler de fausses informations sur les r\u00e9seaux sociaux. Il n&#39;y a pas eu de bombes d\u00e9samorc\u00e9es \u00e0 la <a href=\"https:\/\/twitter.com\/hashtag\/PartDieu?src=hash&amp;ref_src=twsrc%5Etfw\">#PartDieu<\/a>. <a href=\"https:\/\/twitter.com\/hashtag\/Lyon?src=hash&amp;ref_src=twsrc%5Etfw\">#Lyon<\/a> <a href=\"https:\/\/twitter.com\/hashtag\/Rh%C3%B4ne?src=hash&amp;ref_src=twsrc%5Etfw\">#Rh\u00f4ne<\/a><\/p>\n<p>&mdash; Pr\u00e9fet de r\u00e9gion Auvergne-Rh\u00f4ne-Alpes et du Rh\u00f4ne (@prefetrhone) <a href=\"https:\/\/twitter.com\/prefetrhone\/status\/666578074859921408?ref_src=twsrc%5Etfw\">November 17, 2015<\/a><\/p><\/blockquote>\n<p><script async src=\"https:\/\/platform.twitter.com\/widgets.js\" charset=\"utf-8\"><\/script><\/p>\n<p>Ce qui est vrai, en revanche, ce sont <a href=\"http:\/\/www.mlyon.fr\/140241-des-inscriptions-islamophobes-sur-une-mosquee-pres-de-lyon.html\"><span lang=\"zxx\">l<\/span><span lang=\"zxx\">es inscriptions islamophobes tagu\u00e9es sur une mosqu\u00e9e pr\u00e8s de Lyon, \u00e0 Chavanoz dans le Nord-Is\u00e8re<\/span><\/a>, dans la nuit de mardi \u00e0 mercredi.<\/p>\n<p>Mardi soir, les salles de concert ont r\u00e9-ouvert pour la premi\u00e8re fois depuis les attentats de Paris. \u00ab\u00a0<em>On a tous perdu un fr\u00e8re \u00e0 Paris ou \u00e0 Beyrouth. La folie continue<\/em>\u00ab\u00a0, a prononc\u00e9 le chanteur d&rsquo;Algiers dans un fran\u00e7ais parfait, hier soir au <span lang=\"zxx\"><a href=\"https:\/\/www.facebook.com\/Ninkasifr\/\">Ninkasi<\/a><\/span>. Un hommage discret mais poignant. La salle \u00e9tait bien remplie d&rsquo;un public qui refuse de c\u00e9der \u00e0 la peur. Apr\u00e8s les massacres, la vie reprend ses droits&#8230;<\/p>\n<table style=\"border-color: #000000; background-color: #d9d9d9;\" border=\"5\">\n<tbody>\n<tr>\n<td>\n<h2>Buzz vid\u00e9o<\/h2>\n<p>Son\u00a0<span lang=\"zxx\"><a href=\"http:\/\/www.leprogres.fr\/faits-divers\/2015\/11\/19\/ces-imposteurs-de-djihadistes-la-video-qui-cartonne\">appel \u00e0 chasser les radicaux<\/a><\/span>\u00a0parmi les musulmans a \u00e9t\u00e9 vu 4 millions de fois. Courageux ou inconscient, ce jeune v\u00e9nissian n&rsquo;a pas laiss\u00e9 la toile indiff\u00e9rente&#8230;<br \/>\n<span lang=\"zxx\"><br \/>\n<\/span><\/p>\n<p><a href=\"https:\/\/www.facebook.com\/1112592598752758\/videos\/vb.1112592598752758\/1112965612048790\/?type=2&amp;theater\" target=\"_blank\">https:\/\/www.facebook.com\/1112592598752758\/videos\/vb.1112592598752758\/1112965612048790\/?type=2&amp;theater<\/a><\/td>\n<\/tr>\n<\/tbody>\n<\/table>\n<p><a href=\"http:\/\/www.rue89lyon.fr\/2015\/11\/19\/apres-les-attentats-de-paris-mosquee-salafiste-fermee-aux-minguettes\/\" target=\"_blank\">Une premi\u00e8re mosqu\u00e9e dite \u00ab\u00a0salafiste\u00a0\u00bb est ferm\u00e9e en France apr\u00e8s les attentats du 13 novembre<\/a>. Il s&rsquo;agit de la mosqu\u00e9e du quartier Pyramide des Minguettes, \u00e0 V\u00e9nissieux.<\/p>\n<p>Apr\u00e8s <span lang=\"zxx\"><a href=\"http:\/\/www.mosquee-lyon.org\/communique\/\">avoir imm\u00e9diatement communiqu\u00e9<\/a><\/span>, la Grande Mosqu\u00e9e de Lyon <span lang=\"zxx\"><a href=\"http:\/\/www.mlyon.fr\/140254-attentats-a-paris-une-priere-pour-la-paix-a-la-grande-mosquee-de-lyon-ce-vendredi.html\">appelle \u00e0 une pri\u00e8re pour la paix ce vendredi<\/a><\/span> \u00ab<em>\u00a0Les repr\u00e9sentants de la communaut\u00e9 musulmane, qui ont d\u00e9j\u00e0 condamn\u00e9 les attentats de Paris, entendent d\u00e9noncer le djihad et appellent \u00e0 consolider les liens entre les religions sous la banni\u00e8re de la R\u00e9publique.\u00a0<\/em>\u00bb<\/p>\n<p>La F\u00eate des Lumi\u00e8res est quant \u00e0 elle annul\u00e9e et transform\u00e9e en un \u00ab 8 d\u00e9cembre solidaire \u00bb. Mercredi, <a href=\"http:\/\/www.mlyon.fr\/140133-lyon-la-fete-des-lumieres-annulee-cette-annee.html\">Georges K\u00e9p\u00e9n\u00e9kian, 1er adjoint charg\u00e9 des Grands \u00c9v\u00e9nements avait pr\u00e9venu<\/a> que la f\u00eate serait annul\u00e9e \u00ab\u00a0<em>si l&rsquo;\u00e9tat d&rsquo;urgence, qui interdit tout rassemblement massif, est maintenu\u00a0<\/em>\u00bb. \u00ab<em>\u00a0Nous avons d\u00e9cid\u00e9 que la F\u00eate des Lumi\u00e8res ne pouvait se d\u00e9rouler sous sa forme habituelle, festive, po\u00e9tique, l\u00e9g\u00e8re<\/em>\u00a0\u00bb, a tranch\u00e9 jeudi G\u00e9rard Collomb, Maire de Lyon. Les fonds seront r\u00e9colt\u00e9s au profit de l&rsquo;Association des Victimes du Terrorisme et de l\u2019association \u00ab R\u00eave d&rsquo;enfants \u00bb. Les Lyonnais ont d\u00e9j\u00e0 cr\u00e9\u00e9 <span lang=\"zxx\"><a href=\"https:\/\/www.facebook.com\/events\/1054916527854377\/\">un \u00e9v\u00e9nement sur Facebook<\/a><\/span> pour soutenir la d\u00e9marche.<\/p>\n<h2><img loading=\"lazy\" decoding=\"async\" src=\"https:\/\/lyonbondyblog.fr\/LBB\/wp-content\/uploads\/2015\/11\/3.jpg\" alt=\"3\" width=\"600\" height=\"600\" \/><br \/>\nVigilance dans nos quartiers<\/h2>\n<p>\u00ab <em>Les autorisations de contr\u00f4le d\u2019identit\u00e9 ne sont donc pas temporaires dans certains endroits, mais quasiment permanentes<\/em> \u00bb, mettait en garde le syndicat de la Magistrature <span lang=\"zxx\"><a href=\"https:\/\/lyonbondyblog.fr\/LBB\/lorganisation-institutionnelle-produit-des-controles-au-facies\/\">dans les colonnes du LBB<\/a><\/span>. Qu&rsquo;en sera-t-il dans un tel contexte, avec la prolongation de l&rsquo;\u00e9tat d&rsquo;urgence\u00a0? Les quartiers seront-ils sous contr\u00f4le pendant des mois ? Au risque de valider au lieu de combattre la formule de Manuel Valls \u00ab\u00a0apartheid territorial, social et ethnique \u00bb\u00a0? Afin qu&rsquo;ils ne deviennent pas les boucs \u00e9missaires de questions complexes et internationales, une vigilance dans les quartiers populaires quant aux risques d&rsquo;exc\u00e8s de l\u2019\u00c9tat pourrait se mettre en place : vu le climat politique, des <span lang=\"zxx\"><a href=\"http:\/\/www.20minutes.fr\/societe\/1732543-20151117-attentats-paris-actes-islamophobes-multiplient\">risques \u00e9lev\u00e9s d&rsquo;<\/a><\/span><span lang=\"zxx\"><a href=\"http:\/\/www.20minutes.fr\/societe\/1732543-20151117-attentats-paris-actes-islamophobes-multiplient\">islamophobie<\/a><\/span> \u00e0 Lyon sont \u00e9galement \u00e0 craindre.<\/p>\n<p>Restons donc vigilants !<\/p>\n<!-- AddThis Advanced Settings generic via filter on the_content --><!-- AddThis Share Buttons generic via filter on the_content -->","protected":false},"excerpt":{"rendered":"<p>Les attentats du 13 novembre ont touch\u00e9 durement Paris. Retour sur les r\u00e9percussions de ces \u00e9v\u00e9nements \u00e0 Lyon. La solidarit\u00e9 avec les victimes et les &hellip; <!-- AddThis Advanced Settings generic via filter on wp_trim_excerpt --><!-- AddThis Share Buttons generic via filter on wp_trim_excerpt --><\/p>\n","protected":false},"author":1,"featured_media":8915,"comment_status":"open","ping_status":"open","sticky":false,"template":"","format":"standard","meta":{"_FSMCFIC_featured_image_caption":"","_FSMCFIC_featured_image_nocaption":"","_FSMCFIC_featured_image_hide":"","footnotes":""},"categories":[4],"tags":[2010,1638,2011,873,1695,135,10,112,2012,116,1171,1704],"class_list":["post-8912","post","type-post","status-publish","format-standard","has-post-thumbnail","hentry","category-lyon","tag-13-novembre","tag-1638","tag-etat-durgence","tag-gerard-collomb","tag-islamophobie","tag-lbb","tag-lyon-2","tag-lyon-bondy-blog","tag-lyon-capitale","tag-paris","tag-quartiers-populaires","tag-terrorisme"],"yoast_head":"<!-- This site is optimized with the Yoast SEO plugin v22.8 - https:\/\/yoast.com\/wordpress\/plugins\/seo\/ -->\n<title>Le fil des \u00e9v\u00e9nements \u00e0 Lyon - Lyon Bondy Blog<\/title>\n<meta name=\"description\" content=\"Suite aux attentats du 13 novembre qui ont touch\u00e9 durement Paris. Retour sur les r\u00e9percussions de ces \u00e9v\u00e9nements \u00e0 Lyon.\" \/>\n<meta name=\"robots\" content=\"index, follow, max-snippet:-1, max-image-preview:large, max-video-preview:-1\" \/>\n<link rel=\"canonical\" href=\"https:\/\/lyonbondyblog.fr\/LBB\/attentats-le-fil-des-evenements-a-lyon\/\" \/>\n<meta property=\"og:locale\" content=\"fr_FR\" \/>\n<meta property=\"og:type\" content=\"article\" \/>\n<meta property=\"og:title\" content=\"Le fil des \u00e9v\u00e9nements \u00e0 Lyon - Lyon Bondy Blog\" \/>\n<meta property=\"og:description\" content=\"Suite aux attentats du 13 novembre qui ont touch\u00e9 durement Paris. Retour sur les r\u00e9percussions de ces \u00e9v\u00e9nements \u00e0 Lyon.\" \/>\n<meta property=\"og:url\" content=\"https:\/\/lyonbondyblog.fr\/LBB\/attentats-le-fil-des-evenements-a-lyon\/\" \/>\n<meta property=\"og:site_name\" content=\"Lyon Bondy Blog\" \/>\n<meta property=\"article:publisher\" content=\"https:\/\/www.facebook.com\/lyonbondyblog\" \/>\n<meta property=\"article:author\" content=\"https:\/\/www.facebook.com\/lyonbondyblog\" \/>\n<meta property=\"article:published_time\" content=\"2015-11-20T13:28:31+00:00\" \/>\n<meta property=\"article:modified_time\" content=\"2015-11-26T23:45:55+00:00\" \/>\n<meta property=\"og:image\" content=\"https:\/\/lyonbondyblog.fr\/LBB\/wp-content\/uploads\/2015\/11\/1-2.jpg\" \/>\n\t<meta property=\"og:image:width\" content=\"640\" \/>\n\t<meta property=\"og:image:height\" content=\"612\" \/>\n\t<meta property=\"og:image:type\" content=\"image\/jpeg\" \/>\n<meta name=\"author\" content=\"La r\u00e9daction\" \/>\n<meta name=\"twitter:card\" content=\"summary_large_image\" \/>\n<meta name=\"twitter:creator\" content=\"@BondyBlogLyon\" \/>\n<meta name=\"twitter:site\" content=\"@bondybloglyon\" \/>\n<script type=\"application\/ld+json\" class=\"yoast-schema-graph\">{\"@context\":\"https:\/\/schema.org\",\"@graph\":[{\"@type\":\"Article\",\"@id\":\"https:\/\/lyonbondyblog.fr\/LBB\/attentats-le-fil-des-evenements-a-lyon\/#article\",\"isPartOf\":{\"@id\":\"https:\/\/lyonbondyblog.fr\/LBB\/attentats-le-fil-des-evenements-a-lyon\/\"},\"author\":{\"name\":\"La r\u00e9daction\",\"@id\":\"https:\/\/lyonbondyblog.fr\/LBB\/#\/schema\/person\/e45f8d27baac75072daa0be50c409b25\"},\"headline\":\"Le fil des \u00e9v\u00e9nements \u00e0 Lyon\",\"datePublished\":\"2015-11-20T13:28:31+00:00\",\"dateModified\":\"2015-11-26T23:45:55+00:00\",\"mainEntityOfPage\":{\"@id\":\"https:\/\/lyonbondyblog.fr\/LBB\/attentats-le-fil-des-evenements-a-lyon\/\"},\"wordCount\":1018,\"commentCount\":0,\"publisher\":{\"@id\":\"https:\/\/lyonbondyblog.fr\/LBB\/#organization\"},\"image\":{\"@id\":\"https:\/\/lyonbondyblog.fr\/LBB\/attentats-le-fil-des-evenements-a-lyon\/#primaryimage\"},\"thumbnailUrl\":\"https:\/\/lyonbondyblog.fr\/LBB\/wp-content\/uploads\/2015\/11\/1-2.jpg\",\"keywords\":[\"13 novembre\",\"2015\",\"\u00c9tat d'urgence\",\"G\u00e9rard Collomb\",\"Islamophobie\",\"LBB\",\"lyon\",\"Lyon Bondy Blog\",\"Lyon Capitale\",\"Paris\",\"quartiers populaires\",\"Terrorisme\"],\"articleSection\":[\"Lyon\"],\"inLanguage\":\"fr-FR\",\"potentialAction\":[{\"@type\":\"CommentAction\",\"name\":\"Comment\",\"target\":[\"https:\/\/lyonbondyblog.fr\/LBB\/attentats-le-fil-des-evenements-a-lyon\/#respond\"]}]},{\"@type\":\"WebPage\",\"@id\":\"https:\/\/lyonbondyblog.fr\/LBB\/attentats-le-fil-des-evenements-a-lyon\/\",\"url\":\"https:\/\/lyonbondyblog.fr\/LBB\/attentats-le-fil-des-evenements-a-lyon\/\",\"name\":\"Le fil des \u00e9v\u00e9nements \u00e0 Lyon - Lyon Bondy Blog\",\"isPartOf\":{\"@id\":\"https:\/\/lyonbondyblog.fr\/LBB\/#website\"},\"primaryImageOfPage\":{\"@id\":\"https:\/\/lyonbondyblog.fr\/LBB\/attentats-le-fil-des-evenements-a-lyon\/#primaryimage\"},\"image\":{\"@id\":\"https:\/\/lyonbondyblog.fr\/LBB\/attentats-le-fil-des-evenements-a-lyon\/#primaryimage\"},\"thumbnailUrl\":\"https:\/\/lyonbondyblog.fr\/LBB\/wp-content\/uploads\/2015\/11\/1-2.jpg\",\"datePublished\":\"2015-11-20T13:28:31+00:00\",\"dateModified\":\"2015-11-26T23:45:55+00:00\",\"description\":\"Suite aux attentats du 13 novembre qui ont touch\u00e9 durement Paris. Retour sur les r\u00e9percussions de ces \u00e9v\u00e9nements \u00e0 Lyon.\",\"inLanguage\":\"fr-FR\",\"potentialAction\":[{\"@type\":\"ReadAction\",\"target\":[\"https:\/\/lyonbondyblog.fr\/LBB\/attentats-le-fil-des-evenements-a-lyon\/\"]}]},{\"@type\":\"ImageObject\",\"inLanguage\":\"fr-FR\",\"@id\":\"https:\/\/lyonbondyblog.fr\/LBB\/attentats-le-fil-des-evenements-a-lyon\/#primaryimage\",\"url\":\"https:\/\/lyonbondyblog.fr\/LBB\/wp-content\/uploads\/2015\/11\/1-2.jpg\",\"contentUrl\":\"https:\/\/lyonbondyblog.fr\/LBB\/wp-content\/uploads\/2015\/11\/1-2.jpg\",\"width\":640,\"height\":612},{\"@type\":\"WebSite\",\"@id\":\"https:\/\/lyonbondyblog.fr\/LBB\/#website\",\"url\":\"https:\/\/lyonbondyblog.fr\/LBB\/\",\"name\":\"Lyon Bondy Blog\",\"description\":\"\",\"publisher\":{\"@id\":\"https:\/\/lyonbondyblog.fr\/LBB\/#organization\"},\"potentialAction\":[{\"@type\":\"SearchAction\",\"target\":{\"@type\":\"EntryPoint\",\"urlTemplate\":\"https:\/\/lyonbondyblog.fr\/LBB\/?s={search_term_string}\"},\"query-input\":\"required name=search_term_string\"}],\"inLanguage\":\"fr-FR\"},{\"@type\":\"Organization\",\"@id\":\"https:\/\/lyonbondyblog.fr\/LBB\/#organization\",\"name\":\"LYON BONDY BLOG\",\"url\":\"https:\/\/lyonbondyblog.fr\/LBB\/\",\"logo\":{\"@type\":\"ImageObject\",\"inLanguage\":\"fr-FR\",\"@id\":\"https:\/\/lyonbondyblog.fr\/LBB\/#\/schema\/logo\/image\/\",\"url\":\"http:\/\/lyonbondyblog.fr\/LBB\/wp-content\/uploads\/2014\/10\/logo-portable-144.png\",\"contentUrl\":\"http:\/\/lyonbondyblog.fr\/LBB\/wp-content\/uploads\/2014\/10\/logo-portable-144.png\",\"width\":144,\"height\":123,\"caption\":\"LYON BONDY BLOG\"},\"image\":{\"@id\":\"https:\/\/lyonbondyblog.fr\/LBB\/#\/schema\/logo\/image\/\"},\"sameAs\":[\"https:\/\/www.facebook.com\/lyonbondyblog\",\"https:\/\/x.com\/bondybloglyon\"]},{\"@type\":\"Person\",\"@id\":\"https:\/\/lyonbondyblog.fr\/LBB\/#\/schema\/person\/e45f8d27baac75072daa0be50c409b25\",\"name\":\"La r\u00e9daction\",\"description\":\"Cr\u00e9e en 2008, la r\u00e9daction du Lyon Bondy Blog s'applique \u00e0 proposer une information locale diff\u00e9rente et compl\u00e9mentaire des m\u00e9dias traditionnels.\",\"sameAs\":[\"https:\/\/www.facebook.com\/lyonbondyblog\",\"https:\/\/x.com\/BondyBlogLyon\"],\"url\":\"https:\/\/lyonbondyblog.fr\/LBB\/author\/admin\/\"}]}<\/script>\n<!-- \/ Yoast SEO plugin. -->","yoast_head_json":{"title":"Le fil des \u00e9v\u00e9nements \u00e0 Lyon - Lyon Bondy Blog","description":"Suite aux attentats du 13 novembre qui ont touch\u00e9 durement Paris. Retour sur les r\u00e9percussions de ces \u00e9v\u00e9nements \u00e0 Lyon.","robots":{"index":"index","follow":"follow","max-snippet":"max-snippet:-1","max-image-preview":"max-image-preview:large","max-video-preview":"max-video-preview:-1"},"canonical":"https:\/\/lyonbondyblog.fr\/LBB\/attentats-le-fil-des-evenements-a-lyon\/","og_locale":"fr_FR","og_type":"article","og_title":"Le fil des \u00e9v\u00e9nements \u00e0 Lyon - Lyon Bondy Blog","og_description":"Suite aux attentats du 13 novembre qui ont touch\u00e9 durement Paris. Retour sur les r\u00e9percussions de ces \u00e9v\u00e9nements \u00e0 Lyon.","og_url":"https:\/\/lyonbondyblog.fr\/LBB\/attentats-le-fil-des-evenements-a-lyon\/","og_site_name":"Lyon Bondy Blog","article_publisher":"https:\/\/www.facebook.com\/lyonbondyblog","article_author":"https:\/\/www.facebook.com\/lyonbondyblog","article_published_time":"2015-11-20T13:28:31+00:00","article_modified_time":"2015-11-26T23:45:55+00:00","og_image":[{"width":640,"height":612,"url":"https:\/\/lyonbondyblog.fr\/LBB\/wp-content\/uploads\/2015\/11\/1-2.jpg","type":"image\/jpeg"}],"author":"La r\u00e9daction","twitter_card":"summary_large_image","twitter_creator":"@BondyBlogLyon","twitter_site":"@bondybloglyon","schema":{"@context":"https:\/\/schema.org","@graph":[{"@type":"Article","@id":"https:\/\/lyonbondyblog.fr\/LBB\/attentats-le-fil-des-evenements-a-lyon\/#article","isPartOf":{"@id":"https:\/\/lyonbondyblog.fr\/LBB\/attentats-le-fil-des-evenements-a-lyon\/"},"author":{"name":"La r\u00e9daction","@id":"https:\/\/lyonbondyblog.fr\/LBB\/#\/schema\/person\/e45f8d27baac75072daa0be50c409b25"},"headline":"Le fil des \u00e9v\u00e9nements \u00e0 Lyon","datePublished":"2015-11-20T13:28:31+00:00","dateModified":"2015-11-26T23:45:55+00:00","mainEntityOfPage":{"@id":"https:\/\/lyonbondyblog.fr\/LBB\/attentats-le-fil-des-evenements-a-lyon\/"},"wordCount":1018,"commentCount":0,"publisher":{"@id":"https:\/\/lyonbondyblog.fr\/LBB\/#organization"},"image":{"@id":"https:\/\/lyonbondyblog.fr\/LBB\/attentats-le-fil-des-evenements-a-lyon\/#primaryimage"},"thumbnailUrl":"https:\/\/lyonbondyblog.fr\/LBB\/wp-content\/uploads\/2015\/11\/1-2.jpg","keywords":["13 novembre","2015","\u00c9tat d'urgence","G\u00e9rard Collomb","Islamophobie","LBB","lyon","Lyon Bondy Blog","Lyon Capitale","Paris","quartiers populaires","Terrorisme"],"articleSection":["Lyon"],"inLanguage":"fr-FR","potentialAction":[{"@type":"CommentAction","name":"Comment","target":["https:\/\/lyonbondyblog.fr\/LBB\/attentats-le-fil-des-evenements-a-lyon\/#respond"]}]},{"@type":"WebPage","@id":"https:\/\/lyonbondyblog.fr\/LBB\/attentats-le-fil-des-evenements-a-lyon\/","url":"https:\/\/lyonbondyblog.fr\/LBB\/attentats-le-fil-des-evenements-a-lyon\/","name":"Le fil des \u00e9v\u00e9nements \u00e0 Lyon - Lyon Bondy Blog","isPartOf":{"@id":"https:\/\/lyonbondyblog.fr\/LBB\/#website"},"primaryImageOfPage":{"@id":"https:\/\/lyonbondyblog.fr\/LBB\/attentats-le-fil-des-evenements-a-lyon\/#primaryimage"},"image":{"@id":"https:\/\/lyonbondyblog.fr\/LBB\/attentats-le-fil-des-evenements-a-lyon\/#primaryimage"},"thumbnailUrl":"https:\/\/lyonbondyblog.fr\/LBB\/wp-content\/uploads\/2015\/11\/1-2.jpg","datePublished":"2015-11-20T13:28:31+00:00","dateModified":"2015-11-26T23:45:55+00:00","description":"Suite aux attentats du 13 novembre qui ont touch\u00e9 durement Paris. Retour sur les r\u00e9percussions de ces \u00e9v\u00e9nements \u00e0 Lyon.","inLanguage":"fr-FR","potentialAction":[{"@type":"ReadAction","target":["https:\/\/lyonbondyblog.fr\/LBB\/attentats-le-fil-des-evenements-a-lyon\/"]}]},{"@type":"ImageObject","inLanguage":"fr-FR","@id":"https:\/\/lyonbondyblog.fr\/LBB\/attentats-le-fil-des-evenements-a-lyon\/#primaryimage","url":"https:\/\/lyonbondyblog.fr\/LBB\/wp-content\/uploads\/2015\/11\/1-2.jpg","contentUrl":"https:\/\/lyonbondyblog.fr\/LBB\/wp-content\/uploads\/2015\/11\/1-2.jpg","width":640,"height":612},{"@type":"WebSite","@id":"https:\/\/lyonbondyblog.fr\/LBB\/#website","url":"https:\/\/lyonbondyblog.fr\/LBB\/","name":"Lyon Bondy Blog","description":"","publisher":{"@id":"https:\/\/lyonbondyblog.fr\/LBB\/#organization"},"potentialAction":[{"@type":"SearchAction","target":{"@type":"EntryPoint","urlTemplate":"https:\/\/lyonbondyblog.fr\/LBB\/?s={search_term_string}"},"query-input":"required name=search_term_string"}],"inLanguage":"fr-FR"},{"@type":"Organization","@id":"https:\/\/lyonbondyblog.fr\/LBB\/#organization","name":"LYON BONDY BLOG","url":"https:\/\/lyonbondyblog.fr\/LBB\/","logo":{"@type":"ImageObject","inLanguage":"fr-FR","@id":"https:\/\/lyonbondyblog.fr\/LBB\/#\/schema\/logo\/image\/","url":"http:\/\/lyonbondyblog.fr\/LBB\/wp-content\/uploads\/2014\/10\/logo-portable-144.png","contentUrl":"http:\/\/lyonbondyblog.fr\/LBB\/wp-content\/uploads\/2014\/10\/logo-portable-144.png","width":144,"height":123,"caption":"LYON BONDY BLOG"},"image":{"@id":"https:\/\/lyonbondyblog.fr\/LBB\/#\/schema\/logo\/image\/"},"sameAs":["https:\/\/www.facebook.com\/lyonbondyblog","https:\/\/x.com\/bondybloglyon"]},{"@type":"Person","@id":"https:\/\/lyonbondyblog.fr\/LBB\/#\/schema\/person\/e45f8d27baac75072daa0be50c409b25","name":"La r\u00e9daction","description":"Cr\u00e9e en 2008, la r\u00e9daction du Lyon Bondy Blog s'applique \u00e0 proposer une information locale diff\u00e9rente et compl\u00e9mentaire des m\u00e9dias traditionnels.","sameAs":["https:\/\/www.facebook.com\/lyonbondyblog","https:\/\/x.com\/BondyBlogLyon"],"url":"https:\/\/lyonbondyblog.fr\/LBB\/author\/admin\/"}]}},"_links":{"self":[{"href":"https:\/\/lyonbondyblog.fr\/LBB\/wp-json\/wp\/v2\/posts\/8912","targetHints":{"allow":["GET"]}}],"collection":[{"href":"https:\/\/lyonbondyblog.fr\/LBB\/wp-json\/wp\/v2\/posts"}],"about":[{"href":"https:\/\/lyonbondyblog.fr\/LBB\/wp-json\/wp\/v2\/types\/post"}],"author":[{"embeddable":true,"href":"https:\/\/lyonbondyblog.fr\/LBB\/wp-json\/wp\/v2\/users\/1"}],"replies":[{"embeddable":true,"href":"https:\/\/lyonbondyblog.fr\/LBB\/wp-json\/wp\/v2\/comments?post=8912"}],"version-history":[{"count":0,"href":"https:\/\/lyonbondyblog.fr\/LBB\/wp-json\/wp\/v2\/posts\/8912\/revisions"}],"wp:featuredmedia":[{"embeddable":true,"href":"https:\/\/lyonbondyblog.fr\/LBB\/wp-json\/wp\/v2\/media\/8915"}],"wp:attachment":[{"href":"https:\/\/lyonbondyblog.fr\/LBB\/wp-json\/wp\/v2\/media?parent=8912"}],"wp:term":[{"taxonomy":"category","embeddable":true,"href":"https:\/\/lyonbondyblog.fr\/LBB\/wp-json\/wp\/v2\/categories?post=8912"},{"taxonomy":"post_tag","embeddable":true,"href":"https:\/\/lyonbondyblog.fr\/LBB\/wp-json\/wp\/v2\/tags?post=8912"}],"curies":[{"name":"wp","href":"https:\/\/api.w.org\/{rel}","templated":true}]}}