{"id":885,"date":"2013-04-13T14:18:11","date_gmt":"2013-04-13T12:18:11","guid":{"rendered":"http:\/\/lyonbondyblog.fr\/LBB\/?p=885"},"modified":"2013-07-19T15:03:28","modified_gmt":"2013-07-19T13:03:28","slug":"villeneuve-debout-et-locaux-motiv","status":"publish","type":"post","link":"https:\/\/lyonbondyblog.fr\/LBB\/villeneuve-debout-et-locaux-motiv\/","title":{"rendered":"Villeneuve debout et Locaux Motiv"},"content":{"rendered":"<p><strong>Ouverture de l\u2019 Atelier 6 avec la pr\u00e9sentation de Villeneuve Debout (collectif d\u2019associations du quartier de la Villeneuve \u00e0 Grenoble) et Locaux Motiv (foyer associatif du quartier de la Guilloti\u00e8re \u00e0 Lyon) qui nous donnent la possibilit\u00e9 de d\u00e9couvrir les pratiques et les moyens techniques des relations inter-associatives.<\/strong><\/p>\n<p><a href=\"https:\/\/lyonbondyblog.fr\/LBB\/wp-content\/uploads\/2013\/07\/IMG_2355_b.jpg\"><img loading=\"lazy\" decoding=\"async\" width=\"400\" height=\"200\" class=\"aligncenter size-full wp-image-888\" alt=\"IMG_2355_b\" src=\"https:\/\/lyonbondyblog.fr\/LBB\/wp-content\/uploads\/2013\/07\/IMG_2355_b.jpg\" srcset=\"https:\/\/lyonbondyblog.fr\/LBB\/wp-content\/uploads\/2013\/07\/IMG_2355_b.jpg 400w, https:\/\/lyonbondyblog.fr\/LBB\/wp-content\/uploads\/2013\/07\/IMG_2355_b-300x150.jpg 300w\" sizes=\"auto, (max-width: 400px) 100vw, 400px\" \/><\/a><\/p>\n<div>\n<p>Contrairement \u00e0 ce matin, l\u2019ouverture \u00a0et la mise en place directes de petits groupes \u00a0sont dynamis\u00e9es rapidement par l\u2019intervention de l\u2019animateur Paul Halle (Kaleid\u2019scop). Petit \u00e0 petit, une compr\u00e9hension du sujet trait\u00e9 arrive. D\u00e9finition et mise en forme de ce que ce sont les relations inter-associatives. Une petite aide sur le papier permet aux participants de situer \u00a0plus en profondeur le sujet\u00a0: \u00ab <em>Pour mieux travailler ensemble en interne et en externe\u00a0<\/em>\u00bb.<\/p>\n<p>L\u2019int\u00e9r\u00eat de ces r\u00e9flexions de groupe de 5 \u00e0 6 personnes est d\u2019arriver \u00e0 cr\u00e9er des \u00ab\u00a0recommandations\u00a0\u00bb, des id\u00e9es nouvelles, des possibilit\u00e9s \u00e0 ces questions que chaque structure existante se pose.<\/p>\n<p><strong>Sujet complexe\u00a0: R\u00e9flexion intense<\/strong><\/p>\n<p>On sent que le sujet est complexe puisque chaque groupe prend un chemin diff\u00e9rent. Certains parlent de formation, d\u2019autres prennent la route des valeurs et objectifs communs sans oublier \u00a0bien s\u00fbr le traditionnel c\u00f4t\u00e9 financier.<\/p>\n<p>La formation semblerait un moyen de mettre \u00ab\u00a0dans le bain\u00a0\u00bb\u00a0 des structures diff\u00e9rentes sur un pied d\u2019\u00e9galit\u00e9 et de d\u00e9battre sur les \u00e9ventuelles possibilit\u00e9s qui s\u2019ouvrent pour les associations.<\/p>\n<p>La recherche de valeurs et d\u2019objectifs communs permettrait d\u2019avoir de nouveaux supports mat\u00e9riels mais aussi humains. \u00ab\u00a0 <em>Au lieu d\u2019\u00eatre cinq, l\u2019on est vingt -cinq\u00a0!!<\/em>\u00a0\u00bb crie Marion d\u2019un ton fier en expliquant que ces associations partenaires permettent de faire vivre sa structure.<\/p>\n<p>Lorsque l\u2019on parle de finance, rien de mieux que de laisser nos a\u00een\u00e9s en d\u00e9battre\u00a0! C\u00f4t\u00e9 positif, les budgets sont plus gros, les \u00e9v\u00e8nements ont plus d\u2019envergure et la participation est plus active.<\/p>\n<p>Ainsi, un d\u00e9bat des plus instructifs qui a permis \u00e0 chacun des participants de partir peut \u00eatre mieux inform\u00e9 avec de nombreuses questions pour nos associations respectives. Bien s\u00fbr, il faut noter que les rencontres furent le moment d\u2019\u00e9changer des num\u00e9ros et d\u2019ouvrir notre vision. Qui sait peut- \u00eatre ce moment sera \u00a0source d\u2019une future construction inter-associative\u00a0?<\/p>\n<\/div>\n<!-- AddThis Advanced Settings generic via filter on the_content --><!-- AddThis Share Buttons generic via filter on the_content -->","protected":false},"excerpt":{"rendered":"<p>Ouverture de l\u2019 Atelier 6 avec la pr\u00e9sentation de Villeneuve Debout (collectif d\u2019associations du quartier de la Villeneuve \u00e0 Grenoble) et Locaux Motiv (foyer associatif &hellip; <!-- AddThis Advanced Settings generic via filter on wp_trim_excerpt --><!-- AddThis Share Buttons generic via filter on wp_trim_excerpt --><\/p>\n","protected":false},"author":1,"featured_media":889,"comment_status":"open","ping_status":"open","sticky":false,"template":"","format":"standard","meta":{"_FSMCFIC_featured_image_caption":"","_FSMCFIC_featured_image_nocaption":"","_FSMCFIC_featured_image_hide":"","footnotes":""},"categories":[2],"tags":[303,10,304],"class_list":["post-885","post","type-post","status-publish","format-standard","has-post-thumbnail","hentry","category-societe","tag-forum-de-leducation-populaire","tag-lyon-2","tag-region-rhone-alpes"],"yoast_head":"<!-- This site is optimized with the Yoast SEO plugin v22.8 - https:\/\/yoast.com\/wordpress\/plugins\/seo\/ -->\n<title>Villeneuve debout et Locaux Motiv - Lyon Bondy Blog<\/title>\n<meta name=\"robots\" content=\"index, follow, max-snippet:-1, max-image-preview:large, max-video-preview:-1\" \/>\n<link rel=\"canonical\" href=\"https:\/\/lyonbondyblog.fr\/LBB\/villeneuve-debout-et-locaux-motiv\/\" \/>\n<meta property=\"og:locale\" content=\"fr_FR\" \/>\n<meta property=\"og:type\" content=\"article\" \/>\n<meta property=\"og:title\" content=\"Villeneuve debout et Locaux Motiv - Lyon Bondy Blog\" \/>\n<meta property=\"og:description\" content=\"Ouverture de l\u2019 Atelier 6 avec la pr\u00e9sentation de Villeneuve Debout (collectif d\u2019associations du quartier de la Villeneuve \u00e0 Grenoble) et Locaux Motiv (foyer associatif &hellip;\" \/>\n<meta property=\"og:url\" content=\"https:\/\/lyonbondyblog.fr\/LBB\/villeneuve-debout-et-locaux-motiv\/\" \/>\n<meta property=\"og:site_name\" content=\"Lyon Bondy Blog\" \/>\n<meta property=\"article:publisher\" content=\"https:\/\/www.facebook.com\/lyonbondyblog\" \/>\n<meta property=\"article:author\" content=\"https:\/\/www.facebook.com\/lyonbondyblog\" \/>\n<meta property=\"article:published_time\" content=\"2013-04-13T12:18:11+00:00\" \/>\n<meta property=\"article:modified_time\" content=\"2013-07-19T13:03:28+00:00\" \/>\n<meta property=\"og:image\" content=\"https:\/\/lyonbondyblog.fr\/LBB\/wp-content\/uploads\/2013\/07\/IMG_2355_b1.jpg\" \/>\n\t<meta property=\"og:image:width\" content=\"400\" \/>\n\t<meta property=\"og:image:height\" content=\"200\" \/>\n\t<meta property=\"og:image:type\" content=\"image\/jpeg\" \/>\n<meta name=\"author\" content=\"La r\u00e9daction\" \/>\n<meta name=\"twitter:card\" content=\"summary_large_image\" \/>\n<meta name=\"twitter:creator\" content=\"@BondyBlogLyon\" \/>\n<meta name=\"twitter:site\" content=\"@bondybloglyon\" \/>\n<script type=\"application\/ld+json\" class=\"yoast-schema-graph\">{\"@context\":\"https:\/\/schema.org\",\"@graph\":[{\"@type\":\"Article\",\"@id\":\"https:\/\/lyonbondyblog.fr\/LBB\/villeneuve-debout-et-locaux-motiv\/#article\",\"isPartOf\":{\"@id\":\"https:\/\/lyonbondyblog.fr\/LBB\/villeneuve-debout-et-locaux-motiv\/\"},\"author\":{\"name\":\"La r\u00e9daction\",\"@id\":\"https:\/\/lyonbondyblog.fr\/LBB\/#\/schema\/person\/e45f8d27baac75072daa0be50c409b25\"},\"headline\":\"Villeneuve debout et Locaux Motiv\",\"datePublished\":\"2013-04-13T12:18:11+00:00\",\"dateModified\":\"2013-07-19T13:03:28+00:00\",\"mainEntityOfPage\":{\"@id\":\"https:\/\/lyonbondyblog.fr\/LBB\/villeneuve-debout-et-locaux-motiv\/\"},\"wordCount\":391,\"commentCount\":0,\"publisher\":{\"@id\":\"https:\/\/lyonbondyblog.fr\/LBB\/#organization\"},\"image\":{\"@id\":\"https:\/\/lyonbondyblog.fr\/LBB\/villeneuve-debout-et-locaux-motiv\/#primaryimage\"},\"thumbnailUrl\":\"https:\/\/lyonbondyblog.fr\/LBB\/wp-content\/uploads\/2013\/07\/IMG_2355_b1.jpg\",\"keywords\":[\"forum de l'\u00e9ducation populaire\",\"lyon\",\"r\u00e9gion Rhone-Alpes\"],\"articleSection\":[\"Soci\u00e9t\u00e9\"],\"inLanguage\":\"fr-FR\",\"potentialAction\":[{\"@type\":\"CommentAction\",\"name\":\"Comment\",\"target\":[\"https:\/\/lyonbondyblog.fr\/LBB\/villeneuve-debout-et-locaux-motiv\/#respond\"]}]},{\"@type\":\"WebPage\",\"@id\":\"https:\/\/lyonbondyblog.fr\/LBB\/villeneuve-debout-et-locaux-motiv\/\",\"url\":\"https:\/\/lyonbondyblog.fr\/LBB\/villeneuve-debout-et-locaux-motiv\/\",\"name\":\"Villeneuve debout et Locaux Motiv - Lyon Bondy Blog\",\"isPartOf\":{\"@id\":\"https:\/\/lyonbondyblog.fr\/LBB\/#website\"},\"primaryImageOfPage\":{\"@id\":\"https:\/\/lyonbondyblog.fr\/LBB\/villeneuve-debout-et-locaux-motiv\/#primaryimage\"},\"image\":{\"@id\":\"https:\/\/lyonbondyblog.fr\/LBB\/villeneuve-debout-et-locaux-motiv\/#primaryimage\"},\"thumbnailUrl\":\"https:\/\/lyonbondyblog.fr\/LBB\/wp-content\/uploads\/2013\/07\/IMG_2355_b1.jpg\",\"datePublished\":\"2013-04-13T12:18:11+00:00\",\"dateModified\":\"2013-07-19T13:03:28+00:00\",\"inLanguage\":\"fr-FR\",\"potentialAction\":[{\"@type\":\"ReadAction\",\"target\":[\"https:\/\/lyonbondyblog.fr\/LBB\/villeneuve-debout-et-locaux-motiv\/\"]}]},{\"@type\":\"ImageObject\",\"inLanguage\":\"fr-FR\",\"@id\":\"https:\/\/lyonbondyblog.fr\/LBB\/villeneuve-debout-et-locaux-motiv\/#primaryimage\",\"url\":\"https:\/\/lyonbondyblog.fr\/LBB\/wp-content\/uploads\/2013\/07\/IMG_2355_b1.jpg\",\"contentUrl\":\"https:\/\/lyonbondyblog.fr\/LBB\/wp-content\/uploads\/2013\/07\/IMG_2355_b1.jpg\",\"width\":400,\"height\":200},{\"@type\":\"WebSite\",\"@id\":\"https:\/\/lyonbondyblog.fr\/LBB\/#website\",\"url\":\"https:\/\/lyonbondyblog.fr\/LBB\/\",\"name\":\"Lyon Bondy Blog\",\"description\":\"\",\"publisher\":{\"@id\":\"https:\/\/lyonbondyblog.fr\/LBB\/#organization\"},\"potentialAction\":[{\"@type\":\"SearchAction\",\"target\":{\"@type\":\"EntryPoint\",\"urlTemplate\":\"https:\/\/lyonbondyblog.fr\/LBB\/?s={search_term_string}\"},\"query-input\":\"required name=search_term_string\"}],\"inLanguage\":\"fr-FR\"},{\"@type\":\"Organization\",\"@id\":\"https:\/\/lyonbondyblog.fr\/LBB\/#organization\",\"name\":\"LYON BONDY BLOG\",\"url\":\"https:\/\/lyonbondyblog.fr\/LBB\/\",\"logo\":{\"@type\":\"ImageObject\",\"inLanguage\":\"fr-FR\",\"@id\":\"https:\/\/lyonbondyblog.fr\/LBB\/#\/schema\/logo\/image\/\",\"url\":\"http:\/\/lyonbondyblog.fr\/LBB\/wp-content\/uploads\/2014\/10\/logo-portable-144.png\",\"contentUrl\":\"http:\/\/lyonbondyblog.fr\/LBB\/wp-content\/uploads\/2014\/10\/logo-portable-144.png\",\"width\":144,\"height\":123,\"caption\":\"LYON BONDY BLOG\"},\"image\":{\"@id\":\"https:\/\/lyonbondyblog.fr\/LBB\/#\/schema\/logo\/image\/\"},\"sameAs\":[\"https:\/\/www.facebook.com\/lyonbondyblog\",\"https:\/\/x.com\/bondybloglyon\"]},{\"@type\":\"Person\",\"@id\":\"https:\/\/lyonbondyblog.fr\/LBB\/#\/schema\/person\/e45f8d27baac75072daa0be50c409b25\",\"name\":\"La r\u00e9daction\",\"description\":\"Cr\u00e9e en 2008, la r\u00e9daction du Lyon Bondy Blog s'applique \u00e0 proposer une information locale diff\u00e9rente et compl\u00e9mentaire des m\u00e9dias traditionnels.\",\"sameAs\":[\"https:\/\/www.facebook.com\/lyonbondyblog\",\"https:\/\/x.com\/BondyBlogLyon\"],\"url\":\"https:\/\/lyonbondyblog.fr\/LBB\/author\/admin\/\"}]}<\/script>\n<!-- \/ Yoast SEO plugin. -->","yoast_head_json":{"title":"Villeneuve debout et Locaux Motiv - Lyon Bondy Blog","robots":{"index":"index","follow":"follow","max-snippet":"max-snippet:-1","max-image-preview":"max-image-preview:large","max-video-preview":"max-video-preview:-1"},"canonical":"https:\/\/lyonbondyblog.fr\/LBB\/villeneuve-debout-et-locaux-motiv\/","og_locale":"fr_FR","og_type":"article","og_title":"Villeneuve debout et Locaux Motiv - Lyon Bondy Blog","og_description":"Ouverture de l\u2019 Atelier 6 avec la pr\u00e9sentation de Villeneuve Debout (collectif d\u2019associations du quartier de la Villeneuve \u00e0 Grenoble) et Locaux Motiv (foyer associatif &hellip;","og_url":"https:\/\/lyonbondyblog.fr\/LBB\/villeneuve-debout-et-locaux-motiv\/","og_site_name":"Lyon Bondy Blog","article_publisher":"https:\/\/www.facebook.com\/lyonbondyblog","article_author":"https:\/\/www.facebook.com\/lyonbondyblog","article_published_time":"2013-04-13T12:18:11+00:00","article_modified_time":"2013-07-19T13:03:28+00:00","og_image":[{"width":400,"height":200,"url":"https:\/\/lyonbondyblog.fr\/LBB\/wp-content\/uploads\/2013\/07\/IMG_2355_b1.jpg","type":"image\/jpeg"}],"author":"La r\u00e9daction","twitter_card":"summary_large_image","twitter_creator":"@BondyBlogLyon","twitter_site":"@bondybloglyon","schema":{"@context":"https:\/\/schema.org","@graph":[{"@type":"Article","@id":"https:\/\/lyonbondyblog.fr\/LBB\/villeneuve-debout-et-locaux-motiv\/#article","isPartOf":{"@id":"https:\/\/lyonbondyblog.fr\/LBB\/villeneuve-debout-et-locaux-motiv\/"},"author":{"name":"La r\u00e9daction","@id":"https:\/\/lyonbondyblog.fr\/LBB\/#\/schema\/person\/e45f8d27baac75072daa0be50c409b25"},"headline":"Villeneuve debout et Locaux Motiv","datePublished":"2013-04-13T12:18:11+00:00","dateModified":"2013-07-19T13:03:28+00:00","mainEntityOfPage":{"@id":"https:\/\/lyonbondyblog.fr\/LBB\/villeneuve-debout-et-locaux-motiv\/"},"wordCount":391,"commentCount":0,"publisher":{"@id":"https:\/\/lyonbondyblog.fr\/LBB\/#organization"},"image":{"@id":"https:\/\/lyonbondyblog.fr\/LBB\/villeneuve-debout-et-locaux-motiv\/#primaryimage"},"thumbnailUrl":"https:\/\/lyonbondyblog.fr\/LBB\/wp-content\/uploads\/2013\/07\/IMG_2355_b1.jpg","keywords":["forum de l'\u00e9ducation populaire","lyon","r\u00e9gion Rhone-Alpes"],"articleSection":["Soci\u00e9t\u00e9"],"inLanguage":"fr-FR","potentialAction":[{"@type":"CommentAction","name":"Comment","target":["https:\/\/lyonbondyblog.fr\/LBB\/villeneuve-debout-et-locaux-motiv\/#respond"]}]},{"@type":"WebPage","@id":"https:\/\/lyonbondyblog.fr\/LBB\/villeneuve-debout-et-locaux-motiv\/","url":"https:\/\/lyonbondyblog.fr\/LBB\/villeneuve-debout-et-locaux-motiv\/","name":"Villeneuve debout et Locaux Motiv - Lyon Bondy Blog","isPartOf":{"@id":"https:\/\/lyonbondyblog.fr\/LBB\/#website"},"primaryImageOfPage":{"@id":"https:\/\/lyonbondyblog.fr\/LBB\/villeneuve-debout-et-locaux-motiv\/#primaryimage"},"image":{"@id":"https:\/\/lyonbondyblog.fr\/LBB\/villeneuve-debout-et-locaux-motiv\/#primaryimage"},"thumbnailUrl":"https:\/\/lyonbondyblog.fr\/LBB\/wp-content\/uploads\/2013\/07\/IMG_2355_b1.jpg","datePublished":"2013-04-13T12:18:11+00:00","dateModified":"2013-07-19T13:03:28+00:00","inLanguage":"fr-FR","potentialAction":[{"@type":"ReadAction","target":["https:\/\/lyonbondyblog.fr\/LBB\/villeneuve-debout-et-locaux-motiv\/"]}]},{"@type":"ImageObject","inLanguage":"fr-FR","@id":"https:\/\/lyonbondyblog.fr\/LBB\/villeneuve-debout-et-locaux-motiv\/#primaryimage","url":"https:\/\/lyonbondyblog.fr\/LBB\/wp-content\/uploads\/2013\/07\/IMG_2355_b1.jpg","contentUrl":"https:\/\/lyonbondyblog.fr\/LBB\/wp-content\/uploads\/2013\/07\/IMG_2355_b1.jpg","width":400,"height":200},{"@type":"WebSite","@id":"https:\/\/lyonbondyblog.fr\/LBB\/#website","url":"https:\/\/lyonbondyblog.fr\/LBB\/","name":"Lyon Bondy Blog","description":"","publisher":{"@id":"https:\/\/lyonbondyblog.fr\/LBB\/#organization"},"potentialAction":[{"@type":"SearchAction","target":{"@type":"EntryPoint","urlTemplate":"https:\/\/lyonbondyblog.fr\/LBB\/?s={search_term_string}"},"query-input":"required name=search_term_string"}],"inLanguage":"fr-FR"},{"@type":"Organization","@id":"https:\/\/lyonbondyblog.fr\/LBB\/#organization","name":"LYON BONDY BLOG","url":"https:\/\/lyonbondyblog.fr\/LBB\/","logo":{"@type":"ImageObject","inLanguage":"fr-FR","@id":"https:\/\/lyonbondyblog.fr\/LBB\/#\/schema\/logo\/image\/","url":"http:\/\/lyonbondyblog.fr\/LBB\/wp-content\/uploads\/2014\/10\/logo-portable-144.png","contentUrl":"http:\/\/lyonbondyblog.fr\/LBB\/wp-content\/uploads\/2014\/10\/logo-portable-144.png","width":144,"height":123,"caption":"LYON BONDY BLOG"},"image":{"@id":"https:\/\/lyonbondyblog.fr\/LBB\/#\/schema\/logo\/image\/"},"sameAs":["https:\/\/www.facebook.com\/lyonbondyblog","https:\/\/x.com\/bondybloglyon"]},{"@type":"Person","@id":"https:\/\/lyonbondyblog.fr\/LBB\/#\/schema\/person\/e45f8d27baac75072daa0be50c409b25","name":"La r\u00e9daction","description":"Cr\u00e9e en 2008, la r\u00e9daction du Lyon Bondy Blog s'applique \u00e0 proposer une information locale diff\u00e9rente et compl\u00e9mentaire des m\u00e9dias traditionnels.","sameAs":["https:\/\/www.facebook.com\/lyonbondyblog","https:\/\/x.com\/BondyBlogLyon"],"url":"https:\/\/lyonbondyblog.fr\/LBB\/author\/admin\/"}]}},"_links":{"self":[{"href":"https:\/\/lyonbondyblog.fr\/LBB\/wp-json\/wp\/v2\/posts\/885","targetHints":{"allow":["GET"]}}],"collection":[{"href":"https:\/\/lyonbondyblog.fr\/LBB\/wp-json\/wp\/v2\/posts"}],"about":[{"href":"https:\/\/lyonbondyblog.fr\/LBB\/wp-json\/wp\/v2\/types\/post"}],"author":[{"embeddable":true,"href":"https:\/\/lyonbondyblog.fr\/LBB\/wp-json\/wp\/v2\/users\/1"}],"replies":[{"embeddable":true,"href":"https:\/\/lyonbondyblog.fr\/LBB\/wp-json\/wp\/v2\/comments?post=885"}],"version-history":[{"count":0,"href":"https:\/\/lyonbondyblog.fr\/LBB\/wp-json\/wp\/v2\/posts\/885\/revisions"}],"wp:featuredmedia":[{"embeddable":true,"href":"https:\/\/lyonbondyblog.fr\/LBB\/wp-json\/wp\/v2\/media\/889"}],"wp:attachment":[{"href":"https:\/\/lyonbondyblog.fr\/LBB\/wp-json\/wp\/v2\/media?parent=885"}],"wp:term":[{"taxonomy":"category","embeddable":true,"href":"https:\/\/lyonbondyblog.fr\/LBB\/wp-json\/wp\/v2\/categories?post=885"},{"taxonomy":"post_tag","embeddable":true,"href":"https:\/\/lyonbondyblog.fr\/LBB\/wp-json\/wp\/v2\/tags?post=885"}],"curies":[{"name":"wp","href":"https:\/\/api.w.org\/{rel}","templated":true}]}}