{"id":8776,"date":"2015-10-07T14:07:22","date_gmt":"2015-10-07T12:07:22","guid":{"rendered":"http:\/\/lyonbondyblog.fr\/LBB\/?p=8776"},"modified":"2020-04-15T11:33:46","modified_gmt":"2020-04-15T09:33:46","slug":"street-artistes-de-galeriens-a-galeristes","status":"publish","type":"post","link":"https:\/\/lyonbondyblog.fr\/LBB\/street-artistes-de-galeriens-a-galeristes\/","title":{"rendered":"Street artistes : des gal\u00e8res aux galeries ?"},"content":{"rendered":"<p><strong>Du 16 au 30 septembre se tenait la troisi\u00e8me \u00e9dition du Festival Graff-ik&rsquo;Art organis\u00e9 par la FEDEVO (F\u00e9d\u00e9ration R\u00e9gionale du Hip-hop et des Cultures Urbaines \u2014 FRHHCU). \u00c9tat des lieux des arts graphiques urbains avec la rencontre de diff\u00e9rents protagonistes\u00a0: Organisateurs, artistes, partenaires, galeristes\u2026<\/strong><\/p>\n<p>Des ateliers, des expositions, des concerts et des performances de live-painting dans plusieurs lieux de la r\u00e9gion (Lyon, Vaulx-en-Velin, Bron, Annonay, Saint-\u00c9tienne\u2026) ont permis d\u2019ouvrir les discussions sur les arts graphiques, notamment le graff&rsquo;, souvent discrimin\u00e9 dans le domaine des arts urbains. Le graffeur est en effet plus souvent consid\u00e9r\u00e9 comme un vandale que comme un artiste.<\/p>\n<h2><strong>Entre Art et Vandalisme<\/strong><\/h2>\n<p><em> \u00ab\u00a0Les bombes a\u00e9rosol proposent \u00e0 la jeunesse d\u00e9sabus\u00e9e de s\u2019exprimer.<\/em> <em>Les performances sont li\u00e9es \u00e0 la transgression de l\u2019espace public, la rue devient un terrain de cr\u00e9ation<\/em>.\u00a0\u00bb Lance Myriama Idir, <a href=\"http:\/\/lequipage-production.tumblr.com\/post\/87881246061\/tape-it-vol-1-entretien-avec-myriama-idir\">hiphopiste activiste<\/a>, lors de la conf\u00e9rence-d\u00e9bat organis\u00e9e par le festival le 29 septembre. Aujourd\u2019hui, si le Street art est devenu \u00ab\u00a0tendance\u00a0\u00bb au point de s\u2019exposer dans les galeries d\u2019art contemporain, le graffiti reste marginal, ill\u00e9gitime et souffre toujours d\u2019un manque de reconnaissance. En France, cette dualit\u00e9 existe\u00a0: le graffiti est consid\u00e9r\u00e9 par certains comme un acte de vandalisme ou par d\u2019autres comme une \u0153uvre d\u2019art. Forme de libert\u00e9 d\u2019expression ou d\u00e9lit, le d\u00e9bat est lanc\u00e9.<\/p>\n<p><em>\u00ab\u00a0Faire la diff\u00e9rence entre fresques de Street art ou du graffiti faits de fa\u00e7on sauvage et du tag polluant o\u00f9 il n\u2019y a absolument aucune cr\u00e9ation\u00a0\u00bb <\/em>reste important pour Alain Lovato, le pr\u00e9sident de la Maison des Arts Plastiques Rh\u00f4ne-Alpes (<a href=\"http:\/\/www.mapra-art.org\/accueil.htm\" target=\"_blank\" rel=\"noopener\">MAPRA<\/a>)\u00a0car \u00ab <em>il y a<\/em>\u00a0<em>aussi du vandalisme. Comme dans tout, il y a des bonnes et des mauvaises choses<\/em>\u00a0\u00bb.<\/p>\n<h2><strong>Le projet Graff-ik\u2019Art<\/strong><\/h2>\n<p>L\u2019objectif du<a href=\"http:\/\/graff-ik-art.com\/\" target=\"_blank\" rel=\"noopener\"> festival Graff-ik\u2019Art<\/a> depuis sa cr\u00e9ation est de faire comprendre les cultures urbaines et les faire appr\u00e9cier. La programmation, ouverte aux initi\u00e9s comme aux novices, permet de faire conna\u00eetre et d\u00e9couvrir les techniques et sp\u00e9cificit\u00e9s des disciplines du Street art.<\/p>\n<blockquote><p><em>\u00ab Sur le plan artistique, et dans le rapport social \u00e0 la ville, il vaut mieux des \u0153uvres qui am\u00e8nent le dialogue, plut\u00f4t que des \u0153uvres qui am\u00e8nent la confrontation.\u00bb Alain Lovato poursuit : \u00ab La cr\u00e9ation, qu\u2019elle soit sur un mur ou sur une toile, c\u2019est quelque chose de toujours positif qui am\u00e8ne le dialogue et fait r\u00e9fl\u00e9chir les gens. \u00bb<br \/>\n<\/em><\/p><\/blockquote>\n<p>Les artistes esp\u00e8rent que le festival sensibilise les publics\u00a0: <em>\u00ab\u00a0Ce festival, c\u2019est une possibilit\u00e9 de se rendre compte que le graffiti est un travail.\u00a0\u00bb <\/em>Explique <a href=\"http:\/\/jorisdelacour.fr\/\" target=\"_blank\" rel=\"noopener\">Joris Delacour<\/a>, un des artistes participants.<\/p>\n<figure id=\"attachment_8781\" aria-describedby=\"caption-attachment-8781\" style=\"width: 1024px\" class=\"wp-caption aligncenter\"><img loading=\"lazy\" decoding=\"async\" class=\"size-large wp-image-8781\" src=\"https:\/\/lyonbondyblog.fr\/LBB\/wp-content\/uploads\/2015\/10\/Graffikart5-1024x683.jpg\" alt=\"\u00a9 www.lyonhiphop.com \" width=\"1024\" height=\"683\" srcset=\"https:\/\/lyonbondyblog.fr\/LBB\/wp-content\/uploads\/2015\/10\/Graffikart5-1024x683.jpg 1024w, https:\/\/lyonbondyblog.fr\/LBB\/wp-content\/uploads\/2015\/10\/Graffikart5-300x200.jpg 300w, https:\/\/lyonbondyblog.fr\/LBB\/wp-content\/uploads\/2015\/10\/Graffikart5-600x400.jpg 600w\" sizes=\"auto, (max-width: 1024px) 100vw, 1024px\" \/><figcaption id=\"caption-attachment-8781\" class=\"wp-caption-text\">\u00a9 www.lyonhiphop.com<\/figcaption><\/figure>\n<h2><strong>\u00ab\u00a0Il n\u2019y a pas de discussions, que des punitions\u00a0\u00bb<\/strong><\/h2>\n<p>Cette forme de libert\u00e9 d\u2019expression qu\u2019est le Street art est pourtant r\u00e9prim\u00e9e\u00a0: R\u00e9aliser un tag est un d\u00e9lit. Amendes, arrestations, les graffeurs sont consid\u00e9r\u00e9s par les autorit\u00e9s comme des d\u00e9linquants\u00a0: \u00ab\u00a0<em>Il n\u2019y a pas de discussions, que des punitions.<\/em>\u00a0\u00bb Affirme Myriama Idir.<\/p>\n<table class=\"alignright\" style=\"border-color: #0d0c0c; background-color: #e6e3e3; width: 300px;\" border=\"5\">\n<tbody>\n<tr>\n<td><strong>Article\u00a0322-1 du Code P\u00e9nal<\/strong><\/td>\n<\/tr>\n<tr>\n<td>S\u2019il n\u2019en r\u00e9sulte que des dommages l\u00e9gers, <strong>la peine maximale pour avoir fait un tag est de\u00a03750\u00a0\u20ac d\u2019amende<\/strong>, et un travail d\u2019int\u00e9r\u00eat g\u00e9n\u00e9ral<\/p>\n<p>En cas de dommage important, <strong>un acte de vandalisme est puni jusqu\u2019\u00e0 2 ans d\u2019emprisonnement et 30\u00a0000\u00a0\u20ac d\u2019amende<\/strong><\/td>\n<\/tr>\n<\/tbody>\n<\/table>\n<p>Les graffitis dans l\u2019espace urbain, consid\u00e9r\u00e9s par certains comme une pollution visuelle, provoqueraient un sentiment d\u2019ins\u00e9curit\u00e9 : <em>\u00ab\u00a0Quand les gens ne comprennent pas quelque chose, ils se sentent agress\u00e9s. S\u2019ils ne s\u2019y int\u00e9ressent pas, ils ont peur.\u00a0\u00bb<\/em> Pr\u00e9cise Alain Lovato.<\/p>\n<p><a href=\"http:\/\/www.ahtzic.com\/Ahtzic_Fr\/Ahtzic_Silis_FR.htm\" target=\"_blank\" rel=\"noopener\">Ahtzic Silis<\/a>, artiste ferronnier qui a mis son espace d\u2019exposition\u00a0\u00e0 disposition pour le festival, rencontre les m\u00eames probl\u00e9matiques que les street artistes. Pour lui, cette discrimination va au-del\u00e0 d\u2019une simple amende\u00a0: <em>\u00ab\u00a0On a tendance \u00e0 croire que le Street art c\u2019est quelque chose d\u2019illicite, du vandalisme. Mais je me consid\u00e8re dans le m\u00eame cas parce qu\u2019il n\u2019y a aucune galerie qui a voulu exposer mon travail. Pourtant on a une biennale internationale \u00e0 Lyon et elle ne donne pas acc\u00e8s aux artistes locaux. Beaucoup d\u2019artistes n\u2019ont pas acc\u00e8s au march\u00e9 de l\u2019art, aux galeries, aux expositions, \u00e0 la Biennale. Moi je mets \u00e0 disposition mon atelier, je partage avec d\u2019autres artistes et peu de gens \u00e0 Lyon font la m\u00eame chose.\u00a0\u00bb <\/em><\/p>\n<h2><strong>\u00ab\u00a0Coinc\u00e9s entre le commissaire-priseur et le commissaire de police\u00a0\u00bb<\/strong><\/h2>\n<p>Deux \u00e9coles se distinguent dans le monde du Street art et du graffiti\u00a0: Les puristes qui consid\u00e8rent que la discipline doit rester dans la rue. Et ceux qui veulent en faire leur m\u00e9tier.<\/p>\n<p>Pour certains, l\u2019appropriation du graffiti par le syst\u00e8me commercial est difficile \u00e0 accepter\u00a0: <em>\u00ab\u00a0Maintenant, on arrive \u00e0 un moment charni\u00e8re. On est coinc\u00e9s entre le commissaire-priseur et le commissaire de police.\u00a0\u00bb <\/em>Affirme <a href=\"https:\/\/instagram.com\/weskorser\/\" target=\"_blank\" rel=\"noopener\">Weskorser<\/a>, graffeur participant au festival.<\/p>\n<p><em>\u00ab\u00a0Le Street art n\u2019est pas vraiment respect\u00e9 d\u00e8s lors qu\u2019il est dans les galeries. On n\u2019est plus dans la rue. On se retrouve dans un lieu clos, ce n\u2019est pas un lieu qui appartient \u00e0 tous.\u00a0\u00bb<\/em> Avoue Joris Delacour. Pourtant, d&rsquo;apr\u00e8s Myriama Idir :<\/p>\n<blockquote><p><em>\u00ab La d\u00e9mocratisation permettrait de valoriser les artistes et de banaliser ces esth\u00e9tiques. Mais si on veut d\u00e9mocratiser, il faut accepter que \u00e7a se commercialise.<\/em>\u00a0\u00bb<\/p><\/blockquote>\n<figure id=\"attachment_8783\" aria-describedby=\"caption-attachment-8783\" style=\"width: 1024px\" class=\"wp-caption aligncenter\"><img loading=\"lazy\" decoding=\"async\" class=\"size-large wp-image-8783\" src=\"https:\/\/lyonbondyblog.fr\/LBB\/wp-content\/uploads\/2015\/10\/Graffikart13-1024x511.jpg\" alt=\"\u00a9 www.lyonhiphop.com\" width=\"1024\" height=\"511\" srcset=\"https:\/\/lyonbondyblog.fr\/LBB\/wp-content\/uploads\/2015\/10\/Graffikart13-1024x511.jpg 1024w, https:\/\/lyonbondyblog.fr\/LBB\/wp-content\/uploads\/2015\/10\/Graffikart13-300x150.jpg 300w, https:\/\/lyonbondyblog.fr\/LBB\/wp-content\/uploads\/2015\/10\/Graffikart13-600x299.jpg 600w\" sizes=\"auto, (max-width: 1024px) 100vw, 1024px\" \/><figcaption id=\"caption-attachment-8783\" class=\"wp-caption-text\">\u00a9 www.lyonhiphop.com<\/figcaption><\/figure>\n<p>Le festival Graff-ik&rsquo;Art propose aux artistes d\u2019acqu\u00e9rir plus de visibilit\u00e9 par le biais d\u2019un concours. Les gagnants\u00a0 exposeront leurs travaux dans des galeries dont la MAPRA. Son pr\u00e9sident reconnait l&rsquo;int\u00e9r\u00eat de cette initiative :<\/p>\n<blockquote><p><em>\u00ab\u00a0Un Street artiste doit pouvoir vivre de son art. Il est dommage qu\u2019il ne puisse pas d\u2019une part s\u2019exprimer et d\u2019autre part pouvoir en vivre. Ce n\u2019est qu\u2019en rentrant dans le milieu professionnel que c\u2019est possible, sinon on reste marginalis\u00e9. \u00bb<\/em><\/p><\/blockquote>\n<p>Lutte contre la discrimination et d\u00e9mocratisation, les objectifs du festival sont ambitieux et selon Athzic Silis, <em>\u00ab\u00a0c\u2019est le temps qui dira si le but est atteint, s\u2019ils arrivent \u00e0 d\u00e9mocratiser, \u00e0 mieux faire comprendre le Street art. Certains graffeurs sont devenus des stars, ils ne peignent plus dans la rue, ils peignent sur des toiles et ils vendent \u00e7a une fortune. \u00c7a, c\u2019est l\u2019\u00e9conomie, le march\u00e9 de l\u2019art. Si tu veux vendre ton art, un tag dans la rue tu ne pourras pas.\u00a0\u00bb <\/em>Et de conclure<em>\u00a0: \u00ab\u00a0S\u2019ils veulent d\u00e9mocratiser cet art, il faut s\u2019adapter et ce n\u2019est pas nouveau.\u00a0\u00bb<\/em><\/p>\n<p>S\u2019adapter ou rester en marge :\u00a0rien de bien nouveau dans le discours. Pas s\u00fbr que tous les Street artists s&rsquo;y retrouvent pour autant.<\/p>\n<!-- AddThis Advanced Settings generic via filter on the_content --><!-- AddThis Share Buttons generic via filter on the_content -->","protected":false},"excerpt":{"rendered":"<p>Du 16 au 30 septembre se tenait la troisi\u00e8me \u00e9dition du Festival Graff-ik&rsquo;Art organis\u00e9 par la FEDEVO (F\u00e9d\u00e9ration R\u00e9gionale du Hip-hop et des Cultures Urbaines &hellip; <!-- AddThis Advanced Settings generic via filter on wp_trim_excerpt --><!-- AddThis Share Buttons generic via filter on wp_trim_excerpt --><\/p>\n","protected":false},"author":220,"featured_media":8790,"comment_status":"open","ping_status":"open","sticky":false,"template":"","format":"standard","meta":{"_FSMCFIC_featured_image_caption":"","_FSMCFIC_featured_image_nocaption":"","_FSMCFIC_featured_image_hide":"","footnotes":""},"categories":[3,4,2],"tags":[1638,1964,1016,1965,1662,657,1952,1639,560,1963,224,275,264,11,1966,908,611,860,101,216,1678,267,881,609,421,1962,1967],"class_list":["post-8776","post","type-post","status-publish","format-standard","has-post-thumbnail","hentry","category-culture","category-lyon","category-societe","tag-1638","tag-alain-lovato","tag-art","tag-art-contemporain","tag-art-urbain","tag-bron","tag-culture","tag-cultures-urbaines","tag-discrimination","tag-espace-urbain","tag-exposition","tag-fedevo","tag-festival","tag-france-2","tag-galerie-dart","tag-graff","tag-graffeur","tag-graffiti","tag-hip-hop","tag-jeunes","tag-liberte-dexpression","tag-rhone-alpes","tag-street-art","tag-tag","tag-tendance","tag-vandalisme","tag-oeuvre-dart"],"yoast_head":"<!-- This site is optimized with the Yoast SEO plugin v22.8 - https:\/\/yoast.com\/wordpress\/plugins\/seo\/ -->\n<title>Street artistes : des gal\u00e8res aux galeries ? - Lyon Bondy Blog<\/title>\n<meta name=\"description\" content=\"Street art : A l&#039;occasion du Graff&#039;ik-Art, \u00e9tat des lieux des arts graphiques urbains avec organisateurs, artistes, partenaires et galeristes\" \/>\n<meta name=\"robots\" content=\"index, follow, max-snippet:-1, max-image-preview:large, max-video-preview:-1\" \/>\n<link rel=\"canonical\" href=\"https:\/\/lyonbondyblog.fr\/LBB\/street-artistes-de-galeriens-a-galeristes\/\" \/>\n<meta property=\"og:locale\" content=\"fr_FR\" \/>\n<meta property=\"og:type\" content=\"article\" \/>\n<meta property=\"og:title\" content=\"Street artistes : des gal\u00e8res aux galeries ? - Lyon Bondy Blog\" \/>\n<meta property=\"og:description\" content=\"Street art : A l&#039;occasion du Graff&#039;ik-Art, \u00e9tat des lieux des arts graphiques urbains avec organisateurs, artistes, partenaires et galeristes\" \/>\n<meta property=\"og:url\" content=\"https:\/\/lyonbondyblog.fr\/LBB\/street-artistes-de-galeriens-a-galeristes\/\" \/>\n<meta property=\"og:site_name\" content=\"Lyon Bondy Blog\" \/>\n<meta property=\"article:publisher\" content=\"https:\/\/www.facebook.com\/lyonbondyblog\" \/>\n<meta property=\"article:published_time\" content=\"2015-10-07T12:07:22+00:00\" \/>\n<meta property=\"article:modified_time\" content=\"2020-04-15T09:33:46+00:00\" \/>\n<meta property=\"og:image\" content=\"https:\/\/lyonbondyblog.fr\/LBB\/wp-content\/uploads\/2015\/10\/Graffikart-Bron-Pagere-copyright-Lyon-Hip-Hop.jpg\" \/>\n\t<meta property=\"og:image:width\" content=\"1000\" \/>\n\t<meta property=\"og:image:height\" content=\"667\" \/>\n\t<meta property=\"og:image:type\" content=\"image\/jpeg\" \/>\n<meta name=\"author\" content=\"Jelena Dzekseneva\" \/>\n<meta name=\"twitter:card\" content=\"summary_large_image\" \/>\n<meta name=\"twitter:creator\" content=\"@bondybloglyon\" \/>\n<meta name=\"twitter:site\" content=\"@bondybloglyon\" \/>\n<script type=\"application\/ld+json\" class=\"yoast-schema-graph\">{\"@context\":\"https:\/\/schema.org\",\"@graph\":[{\"@type\":\"Article\",\"@id\":\"https:\/\/lyonbondyblog.fr\/LBB\/street-artistes-de-galeriens-a-galeristes\/#article\",\"isPartOf\":{\"@id\":\"https:\/\/lyonbondyblog.fr\/LBB\/street-artistes-de-galeriens-a-galeristes\/\"},\"author\":{\"name\":\"Jelena Dzekseneva\",\"@id\":\"https:\/\/lyonbondyblog.fr\/LBB\/#\/schema\/person\/c2bbcee0eccf832374f85deed563ec0d\"},\"headline\":\"Street artistes : des gal\u00e8res aux galeries ?\",\"datePublished\":\"2015-10-07T12:07:22+00:00\",\"dateModified\":\"2020-04-15T09:33:46+00:00\",\"mainEntityOfPage\":{\"@id\":\"https:\/\/lyonbondyblog.fr\/LBB\/street-artistes-de-galeriens-a-galeristes\/\"},\"wordCount\":1160,\"commentCount\":0,\"publisher\":{\"@id\":\"https:\/\/lyonbondyblog.fr\/LBB\/#organization\"},\"image\":{\"@id\":\"https:\/\/lyonbondyblog.fr\/LBB\/street-artistes-de-galeriens-a-galeristes\/#primaryimage\"},\"thumbnailUrl\":\"https:\/\/lyonbondyblog.fr\/LBB\/wp-content\/uploads\/2015\/10\/Graffikart-Bron-Pagere-copyright-Lyon-Hip-Hop.jpg\",\"keywords\":[\"2015\",\"Alain Lovato\",\"Art\",\"Art contemporain\",\"Art urbain\",\"Bron\",\"Culture\",\"Cultures urbaines\",\"discrimination\",\"Espace urbain\",\"exposition\",\"fedevo\",\"festival\",\"france\",\"Galerie d'art\",\"graff\",\"graffeur\",\"Graffiti\",\"hip-hop\",\"jeunes\",\"Libert\u00e9 d'expression\",\"Rh\u00f4ne-Alpes\",\"street art\",\"tag\",\"tendance\",\"Vandalisme\",\"\u0152uvre d'art\"],\"articleSection\":[\"Culture\",\"Lyon\",\"Soci\u00e9t\u00e9\"],\"inLanguage\":\"fr-FR\",\"potentialAction\":[{\"@type\":\"CommentAction\",\"name\":\"Comment\",\"target\":[\"https:\/\/lyonbondyblog.fr\/LBB\/street-artistes-de-galeriens-a-galeristes\/#respond\"]}]},{\"@type\":\"WebPage\",\"@id\":\"https:\/\/lyonbondyblog.fr\/LBB\/street-artistes-de-galeriens-a-galeristes\/\",\"url\":\"https:\/\/lyonbondyblog.fr\/LBB\/street-artistes-de-galeriens-a-galeristes\/\",\"name\":\"Street artistes : des gal\u00e8res aux galeries ? - Lyon Bondy Blog\",\"isPartOf\":{\"@id\":\"https:\/\/lyonbondyblog.fr\/LBB\/#website\"},\"primaryImageOfPage\":{\"@id\":\"https:\/\/lyonbondyblog.fr\/LBB\/street-artistes-de-galeriens-a-galeristes\/#primaryimage\"},\"image\":{\"@id\":\"https:\/\/lyonbondyblog.fr\/LBB\/street-artistes-de-galeriens-a-galeristes\/#primaryimage\"},\"thumbnailUrl\":\"https:\/\/lyonbondyblog.fr\/LBB\/wp-content\/uploads\/2015\/10\/Graffikart-Bron-Pagere-copyright-Lyon-Hip-Hop.jpg\",\"datePublished\":\"2015-10-07T12:07:22+00:00\",\"dateModified\":\"2020-04-15T09:33:46+00:00\",\"description\":\"Street art : A l'occasion du Graff'ik-Art, \u00e9tat des lieux des arts graphiques urbains avec organisateurs, artistes, partenaires et galeristes\",\"inLanguage\":\"fr-FR\",\"potentialAction\":[{\"@type\":\"ReadAction\",\"target\":[\"https:\/\/lyonbondyblog.fr\/LBB\/street-artistes-de-galeriens-a-galeristes\/\"]}]},{\"@type\":\"ImageObject\",\"inLanguage\":\"fr-FR\",\"@id\":\"https:\/\/lyonbondyblog.fr\/LBB\/street-artistes-de-galeriens-a-galeristes\/#primaryimage\",\"url\":\"https:\/\/lyonbondyblog.fr\/LBB\/wp-content\/uploads\/2015\/10\/Graffikart-Bron-Pagere-copyright-Lyon-Hip-Hop.jpg\",\"contentUrl\":\"https:\/\/lyonbondyblog.fr\/LBB\/wp-content\/uploads\/2015\/10\/Graffikart-Bron-Pagere-copyright-Lyon-Hip-Hop.jpg\",\"width\":1000,\"height\":667},{\"@type\":\"WebSite\",\"@id\":\"https:\/\/lyonbondyblog.fr\/LBB\/#website\",\"url\":\"https:\/\/lyonbondyblog.fr\/LBB\/\",\"name\":\"Lyon Bondy Blog\",\"description\":\"\",\"publisher\":{\"@id\":\"https:\/\/lyonbondyblog.fr\/LBB\/#organization\"},\"potentialAction\":[{\"@type\":\"SearchAction\",\"target\":{\"@type\":\"EntryPoint\",\"urlTemplate\":\"https:\/\/lyonbondyblog.fr\/LBB\/?s={search_term_string}\"},\"query-input\":\"required name=search_term_string\"}],\"inLanguage\":\"fr-FR\"},{\"@type\":\"Organization\",\"@id\":\"https:\/\/lyonbondyblog.fr\/LBB\/#organization\",\"name\":\"LYON BONDY BLOG\",\"url\":\"https:\/\/lyonbondyblog.fr\/LBB\/\",\"logo\":{\"@type\":\"ImageObject\",\"inLanguage\":\"fr-FR\",\"@id\":\"https:\/\/lyonbondyblog.fr\/LBB\/#\/schema\/logo\/image\/\",\"url\":\"http:\/\/lyonbondyblog.fr\/LBB\/wp-content\/uploads\/2014\/10\/logo-portable-144.png\",\"contentUrl\":\"http:\/\/lyonbondyblog.fr\/LBB\/wp-content\/uploads\/2014\/10\/logo-portable-144.png\",\"width\":144,\"height\":123,\"caption\":\"LYON BONDY BLOG\"},\"image\":{\"@id\":\"https:\/\/lyonbondyblog.fr\/LBB\/#\/schema\/logo\/image\/\"},\"sameAs\":[\"https:\/\/www.facebook.com\/lyonbondyblog\",\"https:\/\/x.com\/bondybloglyon\"]},{\"@type\":\"Person\",\"@id\":\"https:\/\/lyonbondyblog.fr\/LBB\/#\/schema\/person\/c2bbcee0eccf832374f85deed563ec0d\",\"name\":\"Jelena Dzekseneva\",\"description\":\"N\u00e9e en Lituanie et ayant grandi au Kazakhstan, je suis arriv\u00e9e en France en 2008. Pendant mes \u00e9tudes d'anthropologie \u00e0 Lyon 2, j'ai particip\u00e9 \u00e0 divers projets associatifs qui m'ont fait venir au LBB en juin 2015.\",\"url\":\"https:\/\/lyonbondyblog.fr\/LBB\/author\/jelena\/\"}]}<\/script>\n<!-- \/ Yoast SEO plugin. -->","yoast_head_json":{"title":"Street artistes : des gal\u00e8res aux galeries ? - Lyon Bondy Blog","description":"Street art : A l'occasion du Graff'ik-Art, \u00e9tat des lieux des arts graphiques urbains avec organisateurs, artistes, partenaires et galeristes","robots":{"index":"index","follow":"follow","max-snippet":"max-snippet:-1","max-image-preview":"max-image-preview:large","max-video-preview":"max-video-preview:-1"},"canonical":"https:\/\/lyonbondyblog.fr\/LBB\/street-artistes-de-galeriens-a-galeristes\/","og_locale":"fr_FR","og_type":"article","og_title":"Street artistes : des gal\u00e8res aux galeries ? - Lyon Bondy Blog","og_description":"Street art : A l'occasion du Graff'ik-Art, \u00e9tat des lieux des arts graphiques urbains avec organisateurs, artistes, partenaires et galeristes","og_url":"https:\/\/lyonbondyblog.fr\/LBB\/street-artistes-de-galeriens-a-galeristes\/","og_site_name":"Lyon Bondy Blog","article_publisher":"https:\/\/www.facebook.com\/lyonbondyblog","article_published_time":"2015-10-07T12:07:22+00:00","article_modified_time":"2020-04-15T09:33:46+00:00","og_image":[{"width":1000,"height":667,"url":"https:\/\/lyonbondyblog.fr\/LBB\/wp-content\/uploads\/2015\/10\/Graffikart-Bron-Pagere-copyright-Lyon-Hip-Hop.jpg","type":"image\/jpeg"}],"author":"Jelena Dzekseneva","twitter_card":"summary_large_image","twitter_creator":"@bondybloglyon","twitter_site":"@bondybloglyon","schema":{"@context":"https:\/\/schema.org","@graph":[{"@type":"Article","@id":"https:\/\/lyonbondyblog.fr\/LBB\/street-artistes-de-galeriens-a-galeristes\/#article","isPartOf":{"@id":"https:\/\/lyonbondyblog.fr\/LBB\/street-artistes-de-galeriens-a-galeristes\/"},"author":{"name":"Jelena Dzekseneva","@id":"https:\/\/lyonbondyblog.fr\/LBB\/#\/schema\/person\/c2bbcee0eccf832374f85deed563ec0d"},"headline":"Street artistes : des gal\u00e8res aux galeries ?","datePublished":"2015-10-07T12:07:22+00:00","dateModified":"2020-04-15T09:33:46+00:00","mainEntityOfPage":{"@id":"https:\/\/lyonbondyblog.fr\/LBB\/street-artistes-de-galeriens-a-galeristes\/"},"wordCount":1160,"commentCount":0,"publisher":{"@id":"https:\/\/lyonbondyblog.fr\/LBB\/#organization"},"image":{"@id":"https:\/\/lyonbondyblog.fr\/LBB\/street-artistes-de-galeriens-a-galeristes\/#primaryimage"},"thumbnailUrl":"https:\/\/lyonbondyblog.fr\/LBB\/wp-content\/uploads\/2015\/10\/Graffikart-Bron-Pagere-copyright-Lyon-Hip-Hop.jpg","keywords":["2015","Alain Lovato","Art","Art contemporain","Art urbain","Bron","Culture","Cultures urbaines","discrimination","Espace urbain","exposition","fedevo","festival","france","Galerie d'art","graff","graffeur","Graffiti","hip-hop","jeunes","Libert\u00e9 d'expression","Rh\u00f4ne-Alpes","street art","tag","tendance","Vandalisme","\u0152uvre d'art"],"articleSection":["Culture","Lyon","Soci\u00e9t\u00e9"],"inLanguage":"fr-FR","potentialAction":[{"@type":"CommentAction","name":"Comment","target":["https:\/\/lyonbondyblog.fr\/LBB\/street-artistes-de-galeriens-a-galeristes\/#respond"]}]},{"@type":"WebPage","@id":"https:\/\/lyonbondyblog.fr\/LBB\/street-artistes-de-galeriens-a-galeristes\/","url":"https:\/\/lyonbondyblog.fr\/LBB\/street-artistes-de-galeriens-a-galeristes\/","name":"Street artistes : des gal\u00e8res aux galeries ? - Lyon Bondy Blog","isPartOf":{"@id":"https:\/\/lyonbondyblog.fr\/LBB\/#website"},"primaryImageOfPage":{"@id":"https:\/\/lyonbondyblog.fr\/LBB\/street-artistes-de-galeriens-a-galeristes\/#primaryimage"},"image":{"@id":"https:\/\/lyonbondyblog.fr\/LBB\/street-artistes-de-galeriens-a-galeristes\/#primaryimage"},"thumbnailUrl":"https:\/\/lyonbondyblog.fr\/LBB\/wp-content\/uploads\/2015\/10\/Graffikart-Bron-Pagere-copyright-Lyon-Hip-Hop.jpg","datePublished":"2015-10-07T12:07:22+00:00","dateModified":"2020-04-15T09:33:46+00:00","description":"Street art : A l'occasion du Graff'ik-Art, \u00e9tat des lieux des arts graphiques urbains avec organisateurs, artistes, partenaires et galeristes","inLanguage":"fr-FR","potentialAction":[{"@type":"ReadAction","target":["https:\/\/lyonbondyblog.fr\/LBB\/street-artistes-de-galeriens-a-galeristes\/"]}]},{"@type":"ImageObject","inLanguage":"fr-FR","@id":"https:\/\/lyonbondyblog.fr\/LBB\/street-artistes-de-galeriens-a-galeristes\/#primaryimage","url":"https:\/\/lyonbondyblog.fr\/LBB\/wp-content\/uploads\/2015\/10\/Graffikart-Bron-Pagere-copyright-Lyon-Hip-Hop.jpg","contentUrl":"https:\/\/lyonbondyblog.fr\/LBB\/wp-content\/uploads\/2015\/10\/Graffikart-Bron-Pagere-copyright-Lyon-Hip-Hop.jpg","width":1000,"height":667},{"@type":"WebSite","@id":"https:\/\/lyonbondyblog.fr\/LBB\/#website","url":"https:\/\/lyonbondyblog.fr\/LBB\/","name":"Lyon Bondy Blog","description":"","publisher":{"@id":"https:\/\/lyonbondyblog.fr\/LBB\/#organization"},"potentialAction":[{"@type":"SearchAction","target":{"@type":"EntryPoint","urlTemplate":"https:\/\/lyonbondyblog.fr\/LBB\/?s={search_term_string}"},"query-input":"required name=search_term_string"}],"inLanguage":"fr-FR"},{"@type":"Organization","@id":"https:\/\/lyonbondyblog.fr\/LBB\/#organization","name":"LYON BONDY BLOG","url":"https:\/\/lyonbondyblog.fr\/LBB\/","logo":{"@type":"ImageObject","inLanguage":"fr-FR","@id":"https:\/\/lyonbondyblog.fr\/LBB\/#\/schema\/logo\/image\/","url":"http:\/\/lyonbondyblog.fr\/LBB\/wp-content\/uploads\/2014\/10\/logo-portable-144.png","contentUrl":"http:\/\/lyonbondyblog.fr\/LBB\/wp-content\/uploads\/2014\/10\/logo-portable-144.png","width":144,"height":123,"caption":"LYON BONDY BLOG"},"image":{"@id":"https:\/\/lyonbondyblog.fr\/LBB\/#\/schema\/logo\/image\/"},"sameAs":["https:\/\/www.facebook.com\/lyonbondyblog","https:\/\/x.com\/bondybloglyon"]},{"@type":"Person","@id":"https:\/\/lyonbondyblog.fr\/LBB\/#\/schema\/person\/c2bbcee0eccf832374f85deed563ec0d","name":"Jelena Dzekseneva","description":"N\u00e9e en Lituanie et ayant grandi au Kazakhstan, je suis arriv\u00e9e en France en 2008. Pendant mes \u00e9tudes d'anthropologie \u00e0 Lyon 2, j'ai particip\u00e9 \u00e0 divers projets associatifs qui m'ont fait venir au LBB en juin 2015.","url":"https:\/\/lyonbondyblog.fr\/LBB\/author\/jelena\/"}]}},"_links":{"self":[{"href":"https:\/\/lyonbondyblog.fr\/LBB\/wp-json\/wp\/v2\/posts\/8776","targetHints":{"allow":["GET"]}}],"collection":[{"href":"https:\/\/lyonbondyblog.fr\/LBB\/wp-json\/wp\/v2\/posts"}],"about":[{"href":"https:\/\/lyonbondyblog.fr\/LBB\/wp-json\/wp\/v2\/types\/post"}],"author":[{"embeddable":true,"href":"https:\/\/lyonbondyblog.fr\/LBB\/wp-json\/wp\/v2\/users\/220"}],"replies":[{"embeddable":true,"href":"https:\/\/lyonbondyblog.fr\/LBB\/wp-json\/wp\/v2\/comments?post=8776"}],"version-history":[{"count":1,"href":"https:\/\/lyonbondyblog.fr\/LBB\/wp-json\/wp\/v2\/posts\/8776\/revisions"}],"predecessor-version":[{"id":19669,"href":"https:\/\/lyonbondyblog.fr\/LBB\/wp-json\/wp\/v2\/posts\/8776\/revisions\/19669"}],"wp:featuredmedia":[{"embeddable":true,"href":"https:\/\/lyonbondyblog.fr\/LBB\/wp-json\/wp\/v2\/media\/8790"}],"wp:attachment":[{"href":"https:\/\/lyonbondyblog.fr\/LBB\/wp-json\/wp\/v2\/media?parent=8776"}],"wp:term":[{"taxonomy":"category","embeddable":true,"href":"https:\/\/lyonbondyblog.fr\/LBB\/wp-json\/wp\/v2\/categories?post=8776"},{"taxonomy":"post_tag","embeddable":true,"href":"https:\/\/lyonbondyblog.fr\/LBB\/wp-json\/wp\/v2\/tags?post=8776"}],"curies":[{"name":"wp","href":"https:\/\/api.w.org\/{rel}","templated":true}]}}