{"id":8710,"date":"2015-09-21T16:21:23","date_gmt":"2015-09-21T14:21:23","guid":{"rendered":"http:\/\/lyonbondyblog.fr\/LBB\/?p=8710"},"modified":"2015-09-22T14:07:53","modified_gmt":"2015-09-22T12:07:53","slug":"focus-sur-une-proposition-le-recepisse-solution-ou-gadget","status":"publish","type":"post","link":"https:\/\/lyonbondyblog.fr\/LBB\/focus-sur-une-proposition-le-recepisse-solution-ou-gadget\/","title":{"rendered":"Focus sur une proposition\u00a0: le r\u00e9c\u00e9piss\u00e9, solution ou gadget\u00a0?"},"content":{"rendered":"<p><strong>[Dossier contr\u00f4le d&rsquo;identit\u00e9] Le \u00ab\u00a0r\u00e9c\u00e9piss\u00e9 de contr\u00f4le d\u2019identit\u00e9\u00a0\u00bb est une promesse de campagne que Fran\u00e7ois Hollande a abandonn\u00e9 une fois \u00e9lu. Il devait \u00eatre mis en place afin de lutter contre le contr\u00f4le au faci\u00e8s.<\/strong><\/p>\n<p><em>Exemple de r\u00e9c\u00e9piss\u00e9. \u00a9 stoplecontroleaufacies.fr<\/em><\/p>\n<p>Les personnes ayant subi un contr\u00f4le abusif le savent bien\u00a0: il est tr\u00e8s difficile de se faire entendre par la justice face aux policiers. Cet outil devait leur permettre de faire entendre leurs droits. Techniquement extr\u00eamement simple, le r\u00e9c\u00e9piss\u00e9 devait \u00eatre remis \u00e0 chaque personne contr\u00f4l\u00e9e, en mentionnant la date, le lieu et la raison du contr\u00f4le de papiers.<\/p>\n<p>Mais Manuel Valls, alors ministre de l\u2019Int\u00e9rieur, avait mis fin en 2012 \u00e0 cette proposition, donnant raison aux policiers, tr\u00e8s critiques envers ce projet de loi. La r\u00e9forme mise en place d\u00e9but\u00a02014 n\u2019a donc pas tenu toutes ses promesses\u00a0: le matricule est r\u00e9apparu sur l\u2019uniforme des policiers et les citoyens ont d\u00e9sormais la possibilit\u00e9 de saisir directement l\u2019IGS, la \u00ab\u00a0police des polices\u00a0\u00bb. Cette r\u00e9forme entra\u00eene logiquement la <a href=\"http:\/\/stoplecontroleaufacies.fr\/slcaf\/outils-ressources\/politique-de-recu-de-controle\/\">d\u00e9ception des associations de d\u00e9fense des personnes contr\u00f4l\u00e9es au faci\u00e8s<\/a>.<br \/>\nElle ne tient \u00e9galement pas compte des pr\u00e9conisations du D\u00e9fenseur des droits Jacques Toubon (voir son interview publi\u00e9e demain). Pour lui, la solution du r\u00e9c\u00e9piss\u00e9 de contr\u00f4le d\u2019identit\u00e9 \u00ab\u00a0appara\u00eet, par ses seuls effets m\u00e9caniques, comme une source de r\u00e9duction du nombre des contr\u00f4les et, par suite, du nombre de contr\u00f4les abusifs\u00a0\u00bb, m\u00eame si elle ne r\u00e8gle pas \u00ab\u00a0au fond le probl\u00e8me des contr\u00f4les discriminatoires lorsqu\u2019ils se produisent\u00a0\u00bb.<\/p>\n<h2><strong>Lutte contre les discriminations<\/strong><\/h2>\n<p>Afin de bien comprendre ce qu\u2019est le r\u00e9c\u00e9piss\u00e9, <a href=\"http:\/\/stoplecontroleaufacies.fr\/slcaf\/wp-content\/uploads\/2012\/09\/KIT_SLCAF_G%C3%A9n%C3%A9ral1.pdf\">le collectif Stop le contr\u00f4le au faci\u00e8s a r\u00e9dig\u00e9 un petit guide dont voici un extrait<\/a>.<br \/>\n<a href=\"https:\/\/lyonbondyblog.fr\/LBB\/wp-content\/uploads\/2015\/09\/R\u00e9c\u00e9piss\u00e9.png\"><img loading=\"lazy\" decoding=\"async\" class=\"alignnone size-full wp-image-8712\" src=\"https:\/\/lyonbondyblog.fr\/LBB\/wp-content\/uploads\/2015\/09\/R\u00e9c\u00e9piss\u00e9.png\" alt=\"R\u00e9c\u00e9piss\u00e9\" width=\"886\" height=\"620\" srcset=\"https:\/\/lyonbondyblog.fr\/LBB\/wp-content\/uploads\/2015\/09\/R\u00e9c\u00e9piss\u00e9.png 886w, https:\/\/lyonbondyblog.fr\/LBB\/wp-content\/uploads\/2015\/09\/R\u00e9c\u00e9piss\u00e9-300x210.png 300w, https:\/\/lyonbondyblog.fr\/LBB\/wp-content\/uploads\/2015\/09\/R\u00e9c\u00e9piss\u00e9-600x420.png 600w\" sizes=\"auto, (max-width: 886px) 100vw, 886px\" \/><\/a><\/p>\n<p>Le r\u00e9c\u00e9piss\u00e9 permettrait enfin \u00e0 la police d\u2019\u00e9valuer en interne l\u2019efficacit\u00e9 et l\u2019utilit\u00e9 des contr\u00f4les, vu qu\u2019il n\u2019en existe aujourd\u2019hui pas de trace, sauf si l\u2019identit\u00e9 des personnes contr\u00f4l\u00e9es est v\u00e9rifi\u00e9e dans les fichiers internes de la police\u00a0: \u00ab\u00a0<em>La conservation des souches permettrait de comptabiliser de mani\u00e8re pr\u00e9cise le nombre des contr\u00f4les, premi\u00e8re information susceptible de constituer un indicateur exploitable. Par ailleurs, ces donn\u00e9es offriraient l\u2019opportunit\u00e9 d\u2019avoir une approche g\u00e9ographique de la question. Enfin, l\u2019analyse des motifs d\u2019intervention et de contr\u00f4le pourrait \u00e9galement r\u00e9v\u00e9ler des indices qualitatifs int\u00e9ressants\u00a0\u00bb<\/em>, <a href=\"http:\/\/www.lemonde.fr\/societe\/article\/2012\/10\/16\/controles-d-identite-le-defenseur-des-droits-prone-un-cadre-plus-strict_1776060_3224.html\">jugeait Dominique Baudis, D\u00e9fenseur des droits de 2011 \u00e0 2014<\/a>.<\/p>\n<p>Soutenu par des d\u00e9put\u00e9s et des s\u00e9nateurs de gauche et du centre, des propositions de loi relatives au r\u00e9c\u00e9piss\u00e9 pourraient faire leur retour au parlement dans les prochains mois, avec peut-\u00eatre des exp\u00e9rimentations locales \u00e0 la cl\u00e9, le r\u00e9c\u00e9piss\u00e9 ayant donn\u00e9 de bons r\u00e9sultats \u00e0 l\u2019\u00e9tranger lors de ces exp\u00e9rimentations.<\/p>\n<p>Plus de transparence dans la proc\u00e9dure devrait cependant am\u00e9liorer nettement les relations entre la police et la population. M\u00eame si cela ne r\u00e9volutionnera pas (forc\u00e9ment) le rapport police-citoyens\u2026<\/p>\n<p>Images :\u00a0\u00a9 stoplecontroleaufacies.fr<\/p>\n<!-- AddThis Advanced Settings generic via filter on the_content --><!-- AddThis Share Buttons generic via filter on the_content -->","protected":false},"excerpt":{"rendered":"<p>[Dossier contr\u00f4le d&rsquo;identit\u00e9] Le \u00ab\u00a0r\u00e9c\u00e9piss\u00e9 de contr\u00f4le d\u2019identit\u00e9\u00a0\u00bb est une promesse de campagne que Fran\u00e7ois Hollande a abandonn\u00e9 une fois \u00e9lu. Il devait \u00eatre mis &hellip; <!-- AddThis Advanced Settings generic via filter on wp_trim_excerpt --><!-- AddThis Share Buttons generic via filter on wp_trim_excerpt --><\/p>\n","protected":false},"author":1,"featured_media":8711,"comment_status":"open","ping_status":"open","sticky":false,"template":"","format":"standard","meta":{"_FSMCFIC_featured_image_caption":"","_FSMCFIC_featured_image_nocaption":"","_FSMCFIC_featured_image_hide":"","footnotes":""},"categories":[1939,8,6,2],"tags":[1638,1611,1734,1938,560,1942,1613,1140,1940,1941,395,135,1372,1726,1944,1404,1937,1943,1507],"class_list":["post-8710","post","type-post","status-publish","format-standard","has-post-thumbnail","hentry","category-controles-didentite","category-france","category-politique","category-societe","tag-1638","tag-citoyennete","tag-controle-didentite-en-france","tag-defenseur-des-droits","tag-discrimination","tag-dominique-baudis","tag-droits-de-lhomme","tag-francois-hollande","tag-inspection-generale-de-la-police-nationale","tag-jacques-toubon","tag-justice","tag-lbb","tag-manuel-valls","tag-ministere-de-linterieur-france","tag-parlement","tag-police-institution","tag-profilage-racial","tag-proposition-de-loi","tag-senat-france"],"yoast_head":"<!-- This site is optimized with the Yoast SEO plugin v22.8 - https:\/\/yoast.com\/wordpress\/plugins\/seo\/ -->\n<title>Focus sur une proposition : le r\u00e9c\u00e9piss\u00e9, solution ou gadget ?<\/title>\n<meta name=\"description\" content=\"Le \u00ab r\u00e9c\u00e9piss\u00e9 de contr\u00f4le d\u2019identit\u00e9 \u00bb, promesse de campagne que F H a abandonn\u00e9, devait \u00eatre mis en place afin de lutter contre le contr\u00f4le au faci\u00e8s.\" \/>\n<meta name=\"robots\" content=\"index, follow, max-snippet:-1, max-image-preview:large, max-video-preview:-1\" \/>\n<link rel=\"canonical\" href=\"https:\/\/lyonbondyblog.fr\/LBB\/focus-sur-une-proposition-le-recepisse-solution-ou-gadget\/\" \/>\n<meta property=\"og:locale\" content=\"fr_FR\" \/>\n<meta property=\"og:type\" content=\"article\" \/>\n<meta property=\"og:title\" content=\"Focus sur une proposition : le r\u00e9c\u00e9piss\u00e9, solution ou gadget ?\" \/>\n<meta property=\"og:description\" content=\"Le \u00ab r\u00e9c\u00e9piss\u00e9 de contr\u00f4le d\u2019identit\u00e9 \u00bb, promesse de campagne que F H a abandonn\u00e9, devait \u00eatre mis en place afin de lutter contre le contr\u00f4le au faci\u00e8s.\" \/>\n<meta property=\"og:url\" content=\"https:\/\/lyonbondyblog.fr\/LBB\/focus-sur-une-proposition-le-recepisse-solution-ou-gadget\/\" \/>\n<meta property=\"og:site_name\" content=\"Lyon Bondy Blog\" \/>\n<meta property=\"article:publisher\" content=\"https:\/\/www.facebook.com\/lyonbondyblog\" \/>\n<meta property=\"article:author\" content=\"https:\/\/www.facebook.com\/lyonbondyblog\" \/>\n<meta property=\"article:published_time\" content=\"2015-09-21T14:21:23+00:00\" \/>\n<meta property=\"article:modified_time\" content=\"2015-09-22T12:07:53+00:00\" \/>\n<meta property=\"og:image\" content=\"https:\/\/lyonbondyblog.fr\/LBB\/wp-content\/uploads\/2015\/09\/R\u00e9c\u00e9piss\u00e9-exemple.png\" \/>\n\t<meta property=\"og:image:width\" content=\"847\" \/>\n\t<meta property=\"og:image:height\" content=\"576\" \/>\n\t<meta property=\"og:image:type\" content=\"image\/png\" \/>\n<meta name=\"author\" content=\"La r\u00e9daction\" \/>\n<meta name=\"twitter:card\" content=\"summary_large_image\" \/>\n<meta name=\"twitter:creator\" content=\"@BondyBlogLyon\" \/>\n<meta name=\"twitter:site\" content=\"@bondybloglyon\" \/>\n<script type=\"application\/ld+json\" class=\"yoast-schema-graph\">{\"@context\":\"https:\/\/schema.org\",\"@graph\":[{\"@type\":\"Article\",\"@id\":\"https:\/\/lyonbondyblog.fr\/LBB\/focus-sur-une-proposition-le-recepisse-solution-ou-gadget\/#article\",\"isPartOf\":{\"@id\":\"https:\/\/lyonbondyblog.fr\/LBB\/focus-sur-une-proposition-le-recepisse-solution-ou-gadget\/\"},\"author\":{\"name\":\"La r\u00e9daction\",\"@id\":\"https:\/\/lyonbondyblog.fr\/LBB\/#\/schema\/person\/e45f8d27baac75072daa0be50c409b25\"},\"headline\":\"Focus sur une proposition\u00a0: le r\u00e9c\u00e9piss\u00e9, solution ou gadget\u00a0?\",\"datePublished\":\"2015-09-21T14:21:23+00:00\",\"dateModified\":\"2015-09-22T12:07:53+00:00\",\"mainEntityOfPage\":{\"@id\":\"https:\/\/lyonbondyblog.fr\/LBB\/focus-sur-une-proposition-le-recepisse-solution-ou-gadget\/\"},\"wordCount\":556,\"commentCount\":1,\"publisher\":{\"@id\":\"https:\/\/lyonbondyblog.fr\/LBB\/#organization\"},\"image\":{\"@id\":\"https:\/\/lyonbondyblog.fr\/LBB\/focus-sur-une-proposition-le-recepisse-solution-ou-gadget\/#primaryimage\"},\"thumbnailUrl\":\"https:\/\/lyonbondyblog.fr\/LBB\/wp-content\/uploads\/2015\/09\/R\u00e9c\u00e9piss\u00e9-exemple.png\",\"keywords\":[\"2015\",\"Citoyennet\u00e9\",\"Contr\u00f4le d'identit\u00e9 en France\",\"D\u00e9fenseur des droits\",\"discrimination\",\"Dominique Baudis\",\"Droits de l'homme\",\"Fran\u00e7ois Hollande\",\"Inspection g\u00e9n\u00e9rale de la Police nationale\",\"Jacques Toubon\",\"justice\",\"LBB\",\"Manuel Valls\",\"Minist\u00e8re de l'Int\u00e9rieur (France)\",\"Parlement\",\"Police (institution)\",\"Profilage racial\",\"Proposition de loi\",\"S\u00e9nat (France)\"],\"articleSection\":[\"Contr\u00f4les d'identit\u00e9\",\"France\",\"Politique\",\"Soci\u00e9t\u00e9\"],\"inLanguage\":\"fr-FR\",\"potentialAction\":[{\"@type\":\"CommentAction\",\"name\":\"Comment\",\"target\":[\"https:\/\/lyonbondyblog.fr\/LBB\/focus-sur-une-proposition-le-recepisse-solution-ou-gadget\/#respond\"]}]},{\"@type\":\"WebPage\",\"@id\":\"https:\/\/lyonbondyblog.fr\/LBB\/focus-sur-une-proposition-le-recepisse-solution-ou-gadget\/\",\"url\":\"https:\/\/lyonbondyblog.fr\/LBB\/focus-sur-une-proposition-le-recepisse-solution-ou-gadget\/\",\"name\":\"Focus sur une proposition : le r\u00e9c\u00e9piss\u00e9, solution ou gadget ?\",\"isPartOf\":{\"@id\":\"https:\/\/lyonbondyblog.fr\/LBB\/#website\"},\"primaryImageOfPage\":{\"@id\":\"https:\/\/lyonbondyblog.fr\/LBB\/focus-sur-une-proposition-le-recepisse-solution-ou-gadget\/#primaryimage\"},\"image\":{\"@id\":\"https:\/\/lyonbondyblog.fr\/LBB\/focus-sur-une-proposition-le-recepisse-solution-ou-gadget\/#primaryimage\"},\"thumbnailUrl\":\"https:\/\/lyonbondyblog.fr\/LBB\/wp-content\/uploads\/2015\/09\/R\u00e9c\u00e9piss\u00e9-exemple.png\",\"datePublished\":\"2015-09-21T14:21:23+00:00\",\"dateModified\":\"2015-09-22T12:07:53+00:00\",\"description\":\"Le \u00ab r\u00e9c\u00e9piss\u00e9 de contr\u00f4le d\u2019identit\u00e9 \u00bb, promesse de campagne que F H a abandonn\u00e9, devait \u00eatre mis en place afin de lutter contre le contr\u00f4le au faci\u00e8s.\",\"inLanguage\":\"fr-FR\",\"potentialAction\":[{\"@type\":\"ReadAction\",\"target\":[\"https:\/\/lyonbondyblog.fr\/LBB\/focus-sur-une-proposition-le-recepisse-solution-ou-gadget\/\"]}]},{\"@type\":\"ImageObject\",\"inLanguage\":\"fr-FR\",\"@id\":\"https:\/\/lyonbondyblog.fr\/LBB\/focus-sur-une-proposition-le-recepisse-solution-ou-gadget\/#primaryimage\",\"url\":\"https:\/\/lyonbondyblog.fr\/LBB\/wp-content\/uploads\/2015\/09\/R\u00e9c\u00e9piss\u00e9-exemple.png\",\"contentUrl\":\"https:\/\/lyonbondyblog.fr\/LBB\/wp-content\/uploads\/2015\/09\/R\u00e9c\u00e9piss\u00e9-exemple.png\",\"width\":847,\"height\":576},{\"@type\":\"WebSite\",\"@id\":\"https:\/\/lyonbondyblog.fr\/LBB\/#website\",\"url\":\"https:\/\/lyonbondyblog.fr\/LBB\/\",\"name\":\"Lyon Bondy Blog\",\"description\":\"\",\"publisher\":{\"@id\":\"https:\/\/lyonbondyblog.fr\/LBB\/#organization\"},\"potentialAction\":[{\"@type\":\"SearchAction\",\"target\":{\"@type\":\"EntryPoint\",\"urlTemplate\":\"https:\/\/lyonbondyblog.fr\/LBB\/?s={search_term_string}\"},\"query-input\":\"required name=search_term_string\"}],\"inLanguage\":\"fr-FR\"},{\"@type\":\"Organization\",\"@id\":\"https:\/\/lyonbondyblog.fr\/LBB\/#organization\",\"name\":\"LYON BONDY BLOG\",\"url\":\"https:\/\/lyonbondyblog.fr\/LBB\/\",\"logo\":{\"@type\":\"ImageObject\",\"inLanguage\":\"fr-FR\",\"@id\":\"https:\/\/lyonbondyblog.fr\/LBB\/#\/schema\/logo\/image\/\",\"url\":\"http:\/\/lyonbondyblog.fr\/LBB\/wp-content\/uploads\/2014\/10\/logo-portable-144.png\",\"contentUrl\":\"http:\/\/lyonbondyblog.fr\/LBB\/wp-content\/uploads\/2014\/10\/logo-portable-144.png\",\"width\":144,\"height\":123,\"caption\":\"LYON BONDY BLOG\"},\"image\":{\"@id\":\"https:\/\/lyonbondyblog.fr\/LBB\/#\/schema\/logo\/image\/\"},\"sameAs\":[\"https:\/\/www.facebook.com\/lyonbondyblog\",\"https:\/\/x.com\/bondybloglyon\"]},{\"@type\":\"Person\",\"@id\":\"https:\/\/lyonbondyblog.fr\/LBB\/#\/schema\/person\/e45f8d27baac75072daa0be50c409b25\",\"name\":\"La r\u00e9daction\",\"description\":\"Cr\u00e9e en 2008, la r\u00e9daction du Lyon Bondy Blog s'applique \u00e0 proposer une information locale diff\u00e9rente et compl\u00e9mentaire des m\u00e9dias traditionnels.\",\"sameAs\":[\"https:\/\/www.facebook.com\/lyonbondyblog\",\"https:\/\/x.com\/BondyBlogLyon\"],\"url\":\"https:\/\/lyonbondyblog.fr\/LBB\/author\/admin\/\"}]}<\/script>\n<!-- \/ Yoast SEO plugin. -->","yoast_head_json":{"title":"Focus sur une proposition : le r\u00e9c\u00e9piss\u00e9, solution ou gadget ?","description":"Le \u00ab r\u00e9c\u00e9piss\u00e9 de contr\u00f4le d\u2019identit\u00e9 \u00bb, promesse de campagne que F H a abandonn\u00e9, devait \u00eatre mis en place afin de lutter contre le contr\u00f4le au faci\u00e8s.","robots":{"index":"index","follow":"follow","max-snippet":"max-snippet:-1","max-image-preview":"max-image-preview:large","max-video-preview":"max-video-preview:-1"},"canonical":"https:\/\/lyonbondyblog.fr\/LBB\/focus-sur-une-proposition-le-recepisse-solution-ou-gadget\/","og_locale":"fr_FR","og_type":"article","og_title":"Focus sur une proposition : le r\u00e9c\u00e9piss\u00e9, solution ou gadget ?","og_description":"Le \u00ab r\u00e9c\u00e9piss\u00e9 de contr\u00f4le d\u2019identit\u00e9 \u00bb, promesse de campagne que F H a abandonn\u00e9, devait \u00eatre mis en place afin de lutter contre le contr\u00f4le au faci\u00e8s.","og_url":"https:\/\/lyonbondyblog.fr\/LBB\/focus-sur-une-proposition-le-recepisse-solution-ou-gadget\/","og_site_name":"Lyon Bondy Blog","article_publisher":"https:\/\/www.facebook.com\/lyonbondyblog","article_author":"https:\/\/www.facebook.com\/lyonbondyblog","article_published_time":"2015-09-21T14:21:23+00:00","article_modified_time":"2015-09-22T12:07:53+00:00","og_image":[{"width":847,"height":576,"url":"https:\/\/lyonbondyblog.fr\/LBB\/wp-content\/uploads\/2015\/09\/R\u00e9c\u00e9piss\u00e9-exemple.png","type":"image\/png"}],"author":"La r\u00e9daction","twitter_card":"summary_large_image","twitter_creator":"@BondyBlogLyon","twitter_site":"@bondybloglyon","schema":{"@context":"https:\/\/schema.org","@graph":[{"@type":"Article","@id":"https:\/\/lyonbondyblog.fr\/LBB\/focus-sur-une-proposition-le-recepisse-solution-ou-gadget\/#article","isPartOf":{"@id":"https:\/\/lyonbondyblog.fr\/LBB\/focus-sur-une-proposition-le-recepisse-solution-ou-gadget\/"},"author":{"name":"La r\u00e9daction","@id":"https:\/\/lyonbondyblog.fr\/LBB\/#\/schema\/person\/e45f8d27baac75072daa0be50c409b25"},"headline":"Focus sur une proposition\u00a0: le r\u00e9c\u00e9piss\u00e9, solution ou gadget\u00a0?","datePublished":"2015-09-21T14:21:23+00:00","dateModified":"2015-09-22T12:07:53+00:00","mainEntityOfPage":{"@id":"https:\/\/lyonbondyblog.fr\/LBB\/focus-sur-une-proposition-le-recepisse-solution-ou-gadget\/"},"wordCount":556,"commentCount":1,"publisher":{"@id":"https:\/\/lyonbondyblog.fr\/LBB\/#organization"},"image":{"@id":"https:\/\/lyonbondyblog.fr\/LBB\/focus-sur-une-proposition-le-recepisse-solution-ou-gadget\/#primaryimage"},"thumbnailUrl":"https:\/\/lyonbondyblog.fr\/LBB\/wp-content\/uploads\/2015\/09\/R\u00e9c\u00e9piss\u00e9-exemple.png","keywords":["2015","Citoyennet\u00e9","Contr\u00f4le d'identit\u00e9 en France","D\u00e9fenseur des droits","discrimination","Dominique Baudis","Droits de l'homme","Fran\u00e7ois Hollande","Inspection g\u00e9n\u00e9rale de la Police nationale","Jacques Toubon","justice","LBB","Manuel Valls","Minist\u00e8re de l'Int\u00e9rieur (France)","Parlement","Police (institution)","Profilage racial","Proposition de loi","S\u00e9nat (France)"],"articleSection":["Contr\u00f4les d'identit\u00e9","France","Politique","Soci\u00e9t\u00e9"],"inLanguage":"fr-FR","potentialAction":[{"@type":"CommentAction","name":"Comment","target":["https:\/\/lyonbondyblog.fr\/LBB\/focus-sur-une-proposition-le-recepisse-solution-ou-gadget\/#respond"]}]},{"@type":"WebPage","@id":"https:\/\/lyonbondyblog.fr\/LBB\/focus-sur-une-proposition-le-recepisse-solution-ou-gadget\/","url":"https:\/\/lyonbondyblog.fr\/LBB\/focus-sur-une-proposition-le-recepisse-solution-ou-gadget\/","name":"Focus sur une proposition : le r\u00e9c\u00e9piss\u00e9, solution ou gadget ?","isPartOf":{"@id":"https:\/\/lyonbondyblog.fr\/LBB\/#website"},"primaryImageOfPage":{"@id":"https:\/\/lyonbondyblog.fr\/LBB\/focus-sur-une-proposition-le-recepisse-solution-ou-gadget\/#primaryimage"},"image":{"@id":"https:\/\/lyonbondyblog.fr\/LBB\/focus-sur-une-proposition-le-recepisse-solution-ou-gadget\/#primaryimage"},"thumbnailUrl":"https:\/\/lyonbondyblog.fr\/LBB\/wp-content\/uploads\/2015\/09\/R\u00e9c\u00e9piss\u00e9-exemple.png","datePublished":"2015-09-21T14:21:23+00:00","dateModified":"2015-09-22T12:07:53+00:00","description":"Le \u00ab r\u00e9c\u00e9piss\u00e9 de contr\u00f4le d\u2019identit\u00e9 \u00bb, promesse de campagne que F H a abandonn\u00e9, devait \u00eatre mis en place afin de lutter contre le contr\u00f4le au faci\u00e8s.","inLanguage":"fr-FR","potentialAction":[{"@type":"ReadAction","target":["https:\/\/lyonbondyblog.fr\/LBB\/focus-sur-une-proposition-le-recepisse-solution-ou-gadget\/"]}]},{"@type":"ImageObject","inLanguage":"fr-FR","@id":"https:\/\/lyonbondyblog.fr\/LBB\/focus-sur-une-proposition-le-recepisse-solution-ou-gadget\/#primaryimage","url":"https:\/\/lyonbondyblog.fr\/LBB\/wp-content\/uploads\/2015\/09\/R\u00e9c\u00e9piss\u00e9-exemple.png","contentUrl":"https:\/\/lyonbondyblog.fr\/LBB\/wp-content\/uploads\/2015\/09\/R\u00e9c\u00e9piss\u00e9-exemple.png","width":847,"height":576},{"@type":"WebSite","@id":"https:\/\/lyonbondyblog.fr\/LBB\/#website","url":"https:\/\/lyonbondyblog.fr\/LBB\/","name":"Lyon Bondy Blog","description":"","publisher":{"@id":"https:\/\/lyonbondyblog.fr\/LBB\/#organization"},"potentialAction":[{"@type":"SearchAction","target":{"@type":"EntryPoint","urlTemplate":"https:\/\/lyonbondyblog.fr\/LBB\/?s={search_term_string}"},"query-input":"required name=search_term_string"}],"inLanguage":"fr-FR"},{"@type":"Organization","@id":"https:\/\/lyonbondyblog.fr\/LBB\/#organization","name":"LYON BONDY BLOG","url":"https:\/\/lyonbondyblog.fr\/LBB\/","logo":{"@type":"ImageObject","inLanguage":"fr-FR","@id":"https:\/\/lyonbondyblog.fr\/LBB\/#\/schema\/logo\/image\/","url":"http:\/\/lyonbondyblog.fr\/LBB\/wp-content\/uploads\/2014\/10\/logo-portable-144.png","contentUrl":"http:\/\/lyonbondyblog.fr\/LBB\/wp-content\/uploads\/2014\/10\/logo-portable-144.png","width":144,"height":123,"caption":"LYON BONDY BLOG"},"image":{"@id":"https:\/\/lyonbondyblog.fr\/LBB\/#\/schema\/logo\/image\/"},"sameAs":["https:\/\/www.facebook.com\/lyonbondyblog","https:\/\/x.com\/bondybloglyon"]},{"@type":"Person","@id":"https:\/\/lyonbondyblog.fr\/LBB\/#\/schema\/person\/e45f8d27baac75072daa0be50c409b25","name":"La r\u00e9daction","description":"Cr\u00e9e en 2008, la r\u00e9daction du Lyon Bondy Blog s'applique \u00e0 proposer une information locale diff\u00e9rente et compl\u00e9mentaire des m\u00e9dias traditionnels.","sameAs":["https:\/\/www.facebook.com\/lyonbondyblog","https:\/\/x.com\/BondyBlogLyon"],"url":"https:\/\/lyonbondyblog.fr\/LBB\/author\/admin\/"}]}},"_links":{"self":[{"href":"https:\/\/lyonbondyblog.fr\/LBB\/wp-json\/wp\/v2\/posts\/8710","targetHints":{"allow":["GET"]}}],"collection":[{"href":"https:\/\/lyonbondyblog.fr\/LBB\/wp-json\/wp\/v2\/posts"}],"about":[{"href":"https:\/\/lyonbondyblog.fr\/LBB\/wp-json\/wp\/v2\/types\/post"}],"author":[{"embeddable":true,"href":"https:\/\/lyonbondyblog.fr\/LBB\/wp-json\/wp\/v2\/users\/1"}],"replies":[{"embeddable":true,"href":"https:\/\/lyonbondyblog.fr\/LBB\/wp-json\/wp\/v2\/comments?post=8710"}],"version-history":[{"count":0,"href":"https:\/\/lyonbondyblog.fr\/LBB\/wp-json\/wp\/v2\/posts\/8710\/revisions"}],"wp:featuredmedia":[{"embeddable":true,"href":"https:\/\/lyonbondyblog.fr\/LBB\/wp-json\/wp\/v2\/media\/8711"}],"wp:attachment":[{"href":"https:\/\/lyonbondyblog.fr\/LBB\/wp-json\/wp\/v2\/media?parent=8710"}],"wp:term":[{"taxonomy":"category","embeddable":true,"href":"https:\/\/lyonbondyblog.fr\/LBB\/wp-json\/wp\/v2\/categories?post=8710"},{"taxonomy":"post_tag","embeddable":true,"href":"https:\/\/lyonbondyblog.fr\/LBB\/wp-json\/wp\/v2\/tags?post=8710"}],"curies":[{"name":"wp","href":"https:\/\/api.w.org\/{rel}","templated":true}]}}