{"id":863,"date":"2013-04-13T13:54:08","date_gmt":"2013-04-13T11:54:08","guid":{"rendered":"http:\/\/lyonbondyblog.fr\/LBB\/?p=863"},"modified":"2013-07-19T15:04:06","modified_gmt":"2013-07-19T13:04:06","slug":"le-jardin-partage-comme-outil-de-mobilisation-en-zone-rurale-et-urbaine","status":"publish","type":"post","link":"https:\/\/lyonbondyblog.fr\/LBB\/le-jardin-partage-comme-outil-de-mobilisation-en-zone-rurale-et-urbaine\/","title":{"rendered":"Le Jardin partag\u00e9 comme outil de mobilisation en zone rurale et urbaine"},"content":{"rendered":"<p><strong>Retour sur l&rsquo;atelier 1 du forum de l&rsquo;\u00e9ducation populaire, avec les associations Nexes et Vivre ensemble.<\/strong><\/p>\n<div>\n<p><a href=\"https:\/\/lyonbondyblog.fr\/LBB\/wp-content\/uploads\/2013\/07\/IMG_2421.jpg\"><img loading=\"lazy\" decoding=\"async\" width=\"400\" height=\"267\" class=\"aligncenter size-full wp-image-867\" alt=\"IMG_2421\" src=\"https:\/\/lyonbondyblog.fr\/LBB\/wp-content\/uploads\/2013\/07\/IMG_2421.jpg\" srcset=\"https:\/\/lyonbondyblog.fr\/LBB\/wp-content\/uploads\/2013\/07\/IMG_2421.jpg 400w, https:\/\/lyonbondyblog.fr\/LBB\/wp-content\/uploads\/2013\/07\/IMG_2421-300x200.jpg 300w\" sizes=\"auto, (max-width: 400px) 100vw, 400px\" \/><\/a><\/p>\n<p>&nbsp;<\/p>\n<p>\u00ab Interaction \u00bb, \u00ab \u00e9change \u00bb, et \u00ab fabrication de r\u00e9flexions collectives \u00bb\u00a0; voici les ma\u00eetres mots de ce premier atelier du forum de l&rsquo;\u00e9duction populaire.<\/p>\n<p>Il ne s\u2019agit pas de parler de tomates et de se m\u00ealer des salades des autres, nous sommes bien au c\u0153ur d\u2019un probl\u00e8me soci\u00e9tal qui touche malheureusement beaucoup de grandes m\u00e9galopoles.<\/p>\n<p><b>Nexes : la r\u00e9appropriation citoyenne de l\u2019espace urbain<\/b><\/p>\n<p>&nbsp;<\/p>\n<p>A peine arriv\u00e9s, nous voici d\u00e9j\u00e0 confront\u00e9s aux probl\u00e8mes de l\u2019espace, de l\u2019am\u00e9nagement urbain et du jardin collectif Barcelonais. Julie, repr\u00e9sentante de l\u2019association \u00ab Nexes \u00bb, nous explique que la restructuration urbaine a amen\u00e9 sa ville \u00e0 d\u00e9truire de nombreux immeubles. Malheureusement, la crise et l\u2019inflation des prix des loyers ont favoris\u00e9 la mise \u00e0 l\u2019\u00e9cart d\u2019une tranche de la population, mais aussi la r\u00e9utilisation des \u00ab solar \u00bb en tant qu\u2019espace d\u2019\u00e9change, en tant que jardin collectif. Ces espaces verts sont un lieu de reconnexion mais aussi de transfert de comp\u00e9tences.<\/p>\n<p>Mais tout n\u2019est pas vert dans ces jardins, bien au contraire&#8230; Julie pr\u00e9cise que le probl\u00e8me de ces espaces est d\u00fb au \u00ab turn-over \u00bb constant et qu\u2019il faut pouvoir r\u00e9gler ce probl\u00e8me de stabilit\u00e9 afin de donner une certaine p\u00e9rennit\u00e9 \u00e0 ces jardins urbains collectifs.<\/p>\n<p><b>Vivre ensemble : \u00ab Le jardin des possibles \u00bb et du renouveau <\/b><\/p>\n<p>Cette question de l\u2019\u00e9change, de la socialisation n\u2019est pas propre \u00e0 l\u2019Espagne. Cette cause se retrouve en France, et plus pr\u00e9cis\u00e9ment en Savoie, \u00e0 travers l\u2019association \u00ab Vivre ensemble \u00bb.<\/p>\n<p>A la diff\u00e9rence de Nexes et de ses jardins \u00ab temporaires \u00bb, Vivre ensemble b\u00e9n\u00e9ficie de terrains municipaux. Autant dire que le probl\u00e8me de visibilit\u00e9 n\u2019est pas trait\u00e9 de la m\u00eame fa\u00e7on.<\/p>\n<p>A l\u2019instar de notre association espagnole, Vivre ensemble est une association actuellement soutenue, non seulement par la communaut\u00e9, mais aussi par le politique. Par ailleurs, sa structure se caract\u00e9rise par la mise en place de trois comit\u00e9s de concertations : le comit\u00e9 de pilotage (mairie, commune), le comit\u00e9 technique et le comit\u00e9 des jardiniers.<\/p>\n<p><b>Des espaces de partage diversifi\u00e9s<\/b><\/p>\n<p>Ces deux projets, qui d\u00e9veloppent une th\u00e9matique similaire ax\u00e9e sur des jardins partag\u00e9s, agissent en pratiquant de fa\u00e7on tr\u00e8s diff\u00e9rente. Leurs objectifs et leurs temporalit\u00e9s sont m\u00eame totalement invers\u00e9s. Tandis que Vivre ensemble \u00ab travaille en r\u00e9seau pour\u00a0alimenter le jardin\u00a0\u00bb, Nexes \u00ab pense global pour agir local \u00bb.<\/p>\n<p>Nexes s\u2019appuie sur des projets \u00e9mergeants et diversifi\u00e9s, d\u00e9j\u00e0 existants. Elle tente de les dynamiser et de les mutualiser afin de les aider \u00e0 se d\u00e9velopper. Elle agit donc afin de susciter des reactions et d\u2019inciter les gens \u00e0 prendre part au projet ou \u00e0 le p\u00e9renniser.<\/p>\n<p>Le statut des deux structures est oppos\u00e9, tout comme leur rayon d\u2019action. Vivre ensemble est rurale et institutionnalis\u00e9e. Nexes agit au niveau urbain et cr\u00e9e une r\u00e9appropriation de l\u2019espace par la r\u00e9cup\u00e9ration de lieux publics en friche. Il s\u2019agit des \u00ab Solars \u00bb. Ces fameux espaces d\u00e9construits forment des vides au sein de la ville de Barcelone. Les habitants, par leur mode de vie tr\u00e8s ax\u00e9 sur l\u2019ext\u00e9rieur, en viennent souvent \u00e0 les transformer en lieux de vie, en espaces de verdure diversifi\u00e9s. Mais l\u2019ensemble de ces initiatives n\u2019est pas coordonn\u00e9. Le gouvernement propose une mise \u00e0 disposition al\u00e9atoire par syst\u00e8me de loterie afin de faire profiter de ses espaces aux retrait\u00e9s. De nombreux habitants, des jeunes ou des ch\u00f4meurs notamment, disposent des lieux pour cr\u00e9er du lien social tout en partageant de fa\u00e7on \u00e9quitable le potager afin que chacun puisse \u00eatre ind\u00e9pendant.<\/p>\n<p><b>Les jardins s\u2019ouvrent ailleurs\u00a0 <\/b><\/p>\n<p>D\u2019autres initiatives de ce genre fleurissent aussi dans notre ville de Lyon. Du c\u00f4t\u00e9 institutionnel, l\u2019association Salad\u2019arit\u00e9 vient de cr\u00e9er un jardin partag\u00e9 au sein de l\u2019espace universitaire sur le campus de Lyon 2 Porte des Alpes\u00a0; et dont l\u2019inauguration aura lieu mardi 16 avril \u00e0 18h. C\u00f4t\u00e9 projet alternatif, <a href=\"http:\/\/lyon-alternatif.fr\/\">l&rsquo;Universit\u00e9 populaire autog\u00e9r\u00e9e le Ch\u00e2teau dans le Ciel<\/a> a cr\u00e9\u00e9 des ateliers jardins et cuisines afin de d\u00e9velopper des repas partag\u00e9s bio et ind\u00e9pendants. Tout comme les Solars de Nexes, il s\u2019agissait d\u2019un espace squatt\u00e9 afin que les citoyens se le r\u00e9approprient. De nouveaux jardins de ce genre fleuriront bient\u00f4t avec la venue du printemps dans le mois \u00e0 venir. <a href=\"http:\/\/lyon-alternatif.fr\/\">Tenez-vous inform\u00e9s via www.lyon-alternatif.fr<\/a>.<\/p>\n<p>Le 16 mai, en lien avec l\u2019association passe jardin, se d\u00e9rouleront \u00e9galement les assises r\u00e9gionales des jardins partag\u00e9s au sein m\u00eame de l\u2019espace du Conseil R\u00e9gional o\u00f9 s\u2019est tenu ce forum sur l\u2019\u00e9ducation populaire. Pour vous informer ou vous inscrire, <a href=\"http:\/\/www.rhonealpes.fr\/\">veuillez passer par le site de la r\u00e9gion<\/a> ou bien allez directement sur <a href=\"http:\/\/lepassejardins.fr\/spip.php?page=sommaire\">www.lepassejardins.fr<\/a><\/p>\n<p style=\"text-align: right;\"><strong>Simon Morvan<\/strong><\/p>\n<p style=\"text-align: right;\"><strong>Lydia Di Rosa<\/strong><\/p>\n<\/div>\n<!-- AddThis Advanced Settings generic via filter on the_content --><!-- AddThis Share Buttons generic via filter on the_content -->","protected":false},"excerpt":{"rendered":"<p>Retour sur l&rsquo;atelier 1 du forum de l&rsquo;\u00e9ducation populaire, avec les associations Nexes et Vivre ensemble. &nbsp; \u00ab Interaction \u00bb, \u00ab \u00e9change \u00bb, et \u00ab &hellip; <!-- AddThis Advanced Settings generic via filter on wp_trim_excerpt --><!-- AddThis Share Buttons generic via filter on wp_trim_excerpt --><\/p>\n","protected":false},"author":1,"featured_media":868,"comment_status":"open","ping_status":"open","sticky":false,"template":"","format":"standard","meta":{"_FSMCFIC_featured_image_caption":"","_FSMCFIC_featured_image_nocaption":"","_FSMCFIC_featured_image_hide":"","footnotes":""},"categories":[2],"tags":[303,304],"class_list":["post-863","post","type-post","status-publish","format-standard","has-post-thumbnail","hentry","category-societe","tag-forum-de-leducation-populaire","tag-region-rhone-alpes"],"yoast_head":"<!-- This site is optimized with the Yoast SEO plugin v22.8 - https:\/\/yoast.com\/wordpress\/plugins\/seo\/ -->\n<title>Le Jardin partag\u00e9 comme outil de mobilisation en zone rurale et urbaine - Lyon Bondy Blog<\/title>\n<meta name=\"robots\" content=\"index, follow, max-snippet:-1, max-image-preview:large, max-video-preview:-1\" \/>\n<link rel=\"canonical\" href=\"https:\/\/lyonbondyblog.fr\/LBB\/le-jardin-partage-comme-outil-de-mobilisation-en-zone-rurale-et-urbaine\/\" \/>\n<meta property=\"og:locale\" content=\"fr_FR\" \/>\n<meta property=\"og:type\" content=\"article\" \/>\n<meta property=\"og:title\" content=\"Le Jardin partag\u00e9 comme outil de mobilisation en zone rurale et urbaine - Lyon Bondy Blog\" \/>\n<meta property=\"og:description\" content=\"Retour sur l&rsquo;atelier 1 du forum de l&rsquo;\u00e9ducation populaire, avec les associations Nexes et Vivre ensemble. &nbsp; \u00ab Interaction \u00bb, \u00ab \u00e9change \u00bb, et \u00ab &hellip;\" \/>\n<meta property=\"og:url\" content=\"https:\/\/lyonbondyblog.fr\/LBB\/le-jardin-partage-comme-outil-de-mobilisation-en-zone-rurale-et-urbaine\/\" \/>\n<meta property=\"og:site_name\" content=\"Lyon Bondy Blog\" \/>\n<meta property=\"article:publisher\" content=\"https:\/\/www.facebook.com\/lyonbondyblog\" \/>\n<meta property=\"article:author\" content=\"https:\/\/www.facebook.com\/lyonbondyblog\" \/>\n<meta property=\"article:published_time\" content=\"2013-04-13T11:54:08+00:00\" \/>\n<meta property=\"article:modified_time\" content=\"2013-07-19T13:04:06+00:00\" \/>\n<meta property=\"og:image\" content=\"https:\/\/lyonbondyblog.fr\/LBB\/wp-content\/uploads\/2013\/07\/IMG_2421_b.jpg\" \/>\n\t<meta property=\"og:image:width\" content=\"400\" \/>\n\t<meta property=\"og:image:height\" content=\"200\" \/>\n\t<meta property=\"og:image:type\" content=\"image\/jpeg\" \/>\n<meta name=\"author\" content=\"La r\u00e9daction\" \/>\n<meta name=\"twitter:card\" content=\"summary_large_image\" \/>\n<meta name=\"twitter:creator\" content=\"@BondyBlogLyon\" \/>\n<meta name=\"twitter:site\" content=\"@bondybloglyon\" \/>\n<script type=\"application\/ld+json\" class=\"yoast-schema-graph\">{\"@context\":\"https:\/\/schema.org\",\"@graph\":[{\"@type\":\"Article\",\"@id\":\"https:\/\/lyonbondyblog.fr\/LBB\/le-jardin-partage-comme-outil-de-mobilisation-en-zone-rurale-et-urbaine\/#article\",\"isPartOf\":{\"@id\":\"https:\/\/lyonbondyblog.fr\/LBB\/le-jardin-partage-comme-outil-de-mobilisation-en-zone-rurale-et-urbaine\/\"},\"author\":{\"name\":\"La r\u00e9daction\",\"@id\":\"https:\/\/lyonbondyblog.fr\/LBB\/#\/schema\/person\/e45f8d27baac75072daa0be50c409b25\"},\"headline\":\"Le Jardin partag\u00e9 comme outil de mobilisation en zone rurale et urbaine\",\"datePublished\":\"2013-04-13T11:54:08+00:00\",\"dateModified\":\"2013-07-19T13:04:06+00:00\",\"mainEntityOfPage\":{\"@id\":\"https:\/\/lyonbondyblog.fr\/LBB\/le-jardin-partage-comme-outil-de-mobilisation-en-zone-rurale-et-urbaine\/\"},\"wordCount\":867,\"commentCount\":0,\"publisher\":{\"@id\":\"https:\/\/lyonbondyblog.fr\/LBB\/#organization\"},\"image\":{\"@id\":\"https:\/\/lyonbondyblog.fr\/LBB\/le-jardin-partage-comme-outil-de-mobilisation-en-zone-rurale-et-urbaine\/#primaryimage\"},\"thumbnailUrl\":\"https:\/\/lyonbondyblog.fr\/LBB\/wp-content\/uploads\/2013\/07\/IMG_2421_b.jpg\",\"keywords\":[\"forum de l'\u00e9ducation populaire\",\"r\u00e9gion Rhone-Alpes\"],\"articleSection\":[\"Soci\u00e9t\u00e9\"],\"inLanguage\":\"fr-FR\",\"potentialAction\":[{\"@type\":\"CommentAction\",\"name\":\"Comment\",\"target\":[\"https:\/\/lyonbondyblog.fr\/LBB\/le-jardin-partage-comme-outil-de-mobilisation-en-zone-rurale-et-urbaine\/#respond\"]}]},{\"@type\":\"WebPage\",\"@id\":\"https:\/\/lyonbondyblog.fr\/LBB\/le-jardin-partage-comme-outil-de-mobilisation-en-zone-rurale-et-urbaine\/\",\"url\":\"https:\/\/lyonbondyblog.fr\/LBB\/le-jardin-partage-comme-outil-de-mobilisation-en-zone-rurale-et-urbaine\/\",\"name\":\"Le Jardin partag\u00e9 comme outil de mobilisation en zone rurale et urbaine - Lyon Bondy Blog\",\"isPartOf\":{\"@id\":\"https:\/\/lyonbondyblog.fr\/LBB\/#website\"},\"primaryImageOfPage\":{\"@id\":\"https:\/\/lyonbondyblog.fr\/LBB\/le-jardin-partage-comme-outil-de-mobilisation-en-zone-rurale-et-urbaine\/#primaryimage\"},\"image\":{\"@id\":\"https:\/\/lyonbondyblog.fr\/LBB\/le-jardin-partage-comme-outil-de-mobilisation-en-zone-rurale-et-urbaine\/#primaryimage\"},\"thumbnailUrl\":\"https:\/\/lyonbondyblog.fr\/LBB\/wp-content\/uploads\/2013\/07\/IMG_2421_b.jpg\",\"datePublished\":\"2013-04-13T11:54:08+00:00\",\"dateModified\":\"2013-07-19T13:04:06+00:00\",\"inLanguage\":\"fr-FR\",\"potentialAction\":[{\"@type\":\"ReadAction\",\"target\":[\"https:\/\/lyonbondyblog.fr\/LBB\/le-jardin-partage-comme-outil-de-mobilisation-en-zone-rurale-et-urbaine\/\"]}]},{\"@type\":\"ImageObject\",\"inLanguage\":\"fr-FR\",\"@id\":\"https:\/\/lyonbondyblog.fr\/LBB\/le-jardin-partage-comme-outil-de-mobilisation-en-zone-rurale-et-urbaine\/#primaryimage\",\"url\":\"https:\/\/lyonbondyblog.fr\/LBB\/wp-content\/uploads\/2013\/07\/IMG_2421_b.jpg\",\"contentUrl\":\"https:\/\/lyonbondyblog.fr\/LBB\/wp-content\/uploads\/2013\/07\/IMG_2421_b.jpg\",\"width\":400,\"height\":200},{\"@type\":\"WebSite\",\"@id\":\"https:\/\/lyonbondyblog.fr\/LBB\/#website\",\"url\":\"https:\/\/lyonbondyblog.fr\/LBB\/\",\"name\":\"Lyon Bondy Blog\",\"description\":\"\",\"publisher\":{\"@id\":\"https:\/\/lyonbondyblog.fr\/LBB\/#organization\"},\"potentialAction\":[{\"@type\":\"SearchAction\",\"target\":{\"@type\":\"EntryPoint\",\"urlTemplate\":\"https:\/\/lyonbondyblog.fr\/LBB\/?s={search_term_string}\"},\"query-input\":\"required name=search_term_string\"}],\"inLanguage\":\"fr-FR\"},{\"@type\":\"Organization\",\"@id\":\"https:\/\/lyonbondyblog.fr\/LBB\/#organization\",\"name\":\"LYON BONDY BLOG\",\"url\":\"https:\/\/lyonbondyblog.fr\/LBB\/\",\"logo\":{\"@type\":\"ImageObject\",\"inLanguage\":\"fr-FR\",\"@id\":\"https:\/\/lyonbondyblog.fr\/LBB\/#\/schema\/logo\/image\/\",\"url\":\"http:\/\/lyonbondyblog.fr\/LBB\/wp-content\/uploads\/2014\/10\/logo-portable-144.png\",\"contentUrl\":\"http:\/\/lyonbondyblog.fr\/LBB\/wp-content\/uploads\/2014\/10\/logo-portable-144.png\",\"width\":144,\"height\":123,\"caption\":\"LYON BONDY BLOG\"},\"image\":{\"@id\":\"https:\/\/lyonbondyblog.fr\/LBB\/#\/schema\/logo\/image\/\"},\"sameAs\":[\"https:\/\/www.facebook.com\/lyonbondyblog\",\"https:\/\/x.com\/bondybloglyon\"]},{\"@type\":\"Person\",\"@id\":\"https:\/\/lyonbondyblog.fr\/LBB\/#\/schema\/person\/e45f8d27baac75072daa0be50c409b25\",\"name\":\"La r\u00e9daction\",\"description\":\"Cr\u00e9e en 2008, la r\u00e9daction du Lyon Bondy Blog s'applique \u00e0 proposer une information locale diff\u00e9rente et compl\u00e9mentaire des m\u00e9dias traditionnels.\",\"sameAs\":[\"https:\/\/www.facebook.com\/lyonbondyblog\",\"https:\/\/x.com\/BondyBlogLyon\"],\"url\":\"https:\/\/lyonbondyblog.fr\/LBB\/author\/admin\/\"}]}<\/script>\n<!-- \/ Yoast SEO plugin. -->","yoast_head_json":{"title":"Le Jardin partag\u00e9 comme outil de mobilisation en zone rurale et urbaine - Lyon Bondy Blog","robots":{"index":"index","follow":"follow","max-snippet":"max-snippet:-1","max-image-preview":"max-image-preview:large","max-video-preview":"max-video-preview:-1"},"canonical":"https:\/\/lyonbondyblog.fr\/LBB\/le-jardin-partage-comme-outil-de-mobilisation-en-zone-rurale-et-urbaine\/","og_locale":"fr_FR","og_type":"article","og_title":"Le Jardin partag\u00e9 comme outil de mobilisation en zone rurale et urbaine - Lyon Bondy Blog","og_description":"Retour sur l&rsquo;atelier 1 du forum de l&rsquo;\u00e9ducation populaire, avec les associations Nexes et Vivre ensemble. &nbsp; \u00ab Interaction \u00bb, \u00ab \u00e9change \u00bb, et \u00ab &hellip;","og_url":"https:\/\/lyonbondyblog.fr\/LBB\/le-jardin-partage-comme-outil-de-mobilisation-en-zone-rurale-et-urbaine\/","og_site_name":"Lyon Bondy Blog","article_publisher":"https:\/\/www.facebook.com\/lyonbondyblog","article_author":"https:\/\/www.facebook.com\/lyonbondyblog","article_published_time":"2013-04-13T11:54:08+00:00","article_modified_time":"2013-07-19T13:04:06+00:00","og_image":[{"width":400,"height":200,"url":"https:\/\/lyonbondyblog.fr\/LBB\/wp-content\/uploads\/2013\/07\/IMG_2421_b.jpg","type":"image\/jpeg"}],"author":"La r\u00e9daction","twitter_card":"summary_large_image","twitter_creator":"@BondyBlogLyon","twitter_site":"@bondybloglyon","schema":{"@context":"https:\/\/schema.org","@graph":[{"@type":"Article","@id":"https:\/\/lyonbondyblog.fr\/LBB\/le-jardin-partage-comme-outil-de-mobilisation-en-zone-rurale-et-urbaine\/#article","isPartOf":{"@id":"https:\/\/lyonbondyblog.fr\/LBB\/le-jardin-partage-comme-outil-de-mobilisation-en-zone-rurale-et-urbaine\/"},"author":{"name":"La r\u00e9daction","@id":"https:\/\/lyonbondyblog.fr\/LBB\/#\/schema\/person\/e45f8d27baac75072daa0be50c409b25"},"headline":"Le Jardin partag\u00e9 comme outil de mobilisation en zone rurale et urbaine","datePublished":"2013-04-13T11:54:08+00:00","dateModified":"2013-07-19T13:04:06+00:00","mainEntityOfPage":{"@id":"https:\/\/lyonbondyblog.fr\/LBB\/le-jardin-partage-comme-outil-de-mobilisation-en-zone-rurale-et-urbaine\/"},"wordCount":867,"commentCount":0,"publisher":{"@id":"https:\/\/lyonbondyblog.fr\/LBB\/#organization"},"image":{"@id":"https:\/\/lyonbondyblog.fr\/LBB\/le-jardin-partage-comme-outil-de-mobilisation-en-zone-rurale-et-urbaine\/#primaryimage"},"thumbnailUrl":"https:\/\/lyonbondyblog.fr\/LBB\/wp-content\/uploads\/2013\/07\/IMG_2421_b.jpg","keywords":["forum de l'\u00e9ducation populaire","r\u00e9gion Rhone-Alpes"],"articleSection":["Soci\u00e9t\u00e9"],"inLanguage":"fr-FR","potentialAction":[{"@type":"CommentAction","name":"Comment","target":["https:\/\/lyonbondyblog.fr\/LBB\/le-jardin-partage-comme-outil-de-mobilisation-en-zone-rurale-et-urbaine\/#respond"]}]},{"@type":"WebPage","@id":"https:\/\/lyonbondyblog.fr\/LBB\/le-jardin-partage-comme-outil-de-mobilisation-en-zone-rurale-et-urbaine\/","url":"https:\/\/lyonbondyblog.fr\/LBB\/le-jardin-partage-comme-outil-de-mobilisation-en-zone-rurale-et-urbaine\/","name":"Le Jardin partag\u00e9 comme outil de mobilisation en zone rurale et urbaine - Lyon Bondy Blog","isPartOf":{"@id":"https:\/\/lyonbondyblog.fr\/LBB\/#website"},"primaryImageOfPage":{"@id":"https:\/\/lyonbondyblog.fr\/LBB\/le-jardin-partage-comme-outil-de-mobilisation-en-zone-rurale-et-urbaine\/#primaryimage"},"image":{"@id":"https:\/\/lyonbondyblog.fr\/LBB\/le-jardin-partage-comme-outil-de-mobilisation-en-zone-rurale-et-urbaine\/#primaryimage"},"thumbnailUrl":"https:\/\/lyonbondyblog.fr\/LBB\/wp-content\/uploads\/2013\/07\/IMG_2421_b.jpg","datePublished":"2013-04-13T11:54:08+00:00","dateModified":"2013-07-19T13:04:06+00:00","inLanguage":"fr-FR","potentialAction":[{"@type":"ReadAction","target":["https:\/\/lyonbondyblog.fr\/LBB\/le-jardin-partage-comme-outil-de-mobilisation-en-zone-rurale-et-urbaine\/"]}]},{"@type":"ImageObject","inLanguage":"fr-FR","@id":"https:\/\/lyonbondyblog.fr\/LBB\/le-jardin-partage-comme-outil-de-mobilisation-en-zone-rurale-et-urbaine\/#primaryimage","url":"https:\/\/lyonbondyblog.fr\/LBB\/wp-content\/uploads\/2013\/07\/IMG_2421_b.jpg","contentUrl":"https:\/\/lyonbondyblog.fr\/LBB\/wp-content\/uploads\/2013\/07\/IMG_2421_b.jpg","width":400,"height":200},{"@type":"WebSite","@id":"https:\/\/lyonbondyblog.fr\/LBB\/#website","url":"https:\/\/lyonbondyblog.fr\/LBB\/","name":"Lyon Bondy Blog","description":"","publisher":{"@id":"https:\/\/lyonbondyblog.fr\/LBB\/#organization"},"potentialAction":[{"@type":"SearchAction","target":{"@type":"EntryPoint","urlTemplate":"https:\/\/lyonbondyblog.fr\/LBB\/?s={search_term_string}"},"query-input":"required name=search_term_string"}],"inLanguage":"fr-FR"},{"@type":"Organization","@id":"https:\/\/lyonbondyblog.fr\/LBB\/#organization","name":"LYON BONDY BLOG","url":"https:\/\/lyonbondyblog.fr\/LBB\/","logo":{"@type":"ImageObject","inLanguage":"fr-FR","@id":"https:\/\/lyonbondyblog.fr\/LBB\/#\/schema\/logo\/image\/","url":"http:\/\/lyonbondyblog.fr\/LBB\/wp-content\/uploads\/2014\/10\/logo-portable-144.png","contentUrl":"http:\/\/lyonbondyblog.fr\/LBB\/wp-content\/uploads\/2014\/10\/logo-portable-144.png","width":144,"height":123,"caption":"LYON BONDY BLOG"},"image":{"@id":"https:\/\/lyonbondyblog.fr\/LBB\/#\/schema\/logo\/image\/"},"sameAs":["https:\/\/www.facebook.com\/lyonbondyblog","https:\/\/x.com\/bondybloglyon"]},{"@type":"Person","@id":"https:\/\/lyonbondyblog.fr\/LBB\/#\/schema\/person\/e45f8d27baac75072daa0be50c409b25","name":"La r\u00e9daction","description":"Cr\u00e9e en 2008, la r\u00e9daction du Lyon Bondy Blog s'applique \u00e0 proposer une information locale diff\u00e9rente et compl\u00e9mentaire des m\u00e9dias traditionnels.","sameAs":["https:\/\/www.facebook.com\/lyonbondyblog","https:\/\/x.com\/BondyBlogLyon"],"url":"https:\/\/lyonbondyblog.fr\/LBB\/author\/admin\/"}]}},"_links":{"self":[{"href":"https:\/\/lyonbondyblog.fr\/LBB\/wp-json\/wp\/v2\/posts\/863","targetHints":{"allow":["GET"]}}],"collection":[{"href":"https:\/\/lyonbondyblog.fr\/LBB\/wp-json\/wp\/v2\/posts"}],"about":[{"href":"https:\/\/lyonbondyblog.fr\/LBB\/wp-json\/wp\/v2\/types\/post"}],"author":[{"embeddable":true,"href":"https:\/\/lyonbondyblog.fr\/LBB\/wp-json\/wp\/v2\/users\/1"}],"replies":[{"embeddable":true,"href":"https:\/\/lyonbondyblog.fr\/LBB\/wp-json\/wp\/v2\/comments?post=863"}],"version-history":[{"count":0,"href":"https:\/\/lyonbondyblog.fr\/LBB\/wp-json\/wp\/v2\/posts\/863\/revisions"}],"wp:featuredmedia":[{"embeddable":true,"href":"https:\/\/lyonbondyblog.fr\/LBB\/wp-json\/wp\/v2\/media\/868"}],"wp:attachment":[{"href":"https:\/\/lyonbondyblog.fr\/LBB\/wp-json\/wp\/v2\/media?parent=863"}],"wp:term":[{"taxonomy":"category","embeddable":true,"href":"https:\/\/lyonbondyblog.fr\/LBB\/wp-json\/wp\/v2\/categories?post=863"},{"taxonomy":"post_tag","embeddable":true,"href":"https:\/\/lyonbondyblog.fr\/LBB\/wp-json\/wp\/v2\/tags?post=863"}],"curies":[{"name":"wp","href":"https:\/\/api.w.org\/{rel}","templated":true}]}}