{"id":8605,"date":"2015-08-12T15:50:44","date_gmt":"2015-08-12T13:50:44","guid":{"rendered":"http:\/\/lyonbondyblog.fr\/LBB\/?p=8605"},"modified":"2015-08-14T18:44:47","modified_gmt":"2015-08-14T16:44:47","slug":"palestine-ne-rien-faire-cest-laisser-faire%e2%80%a8","status":"publish","type":"post","link":"https:\/\/lyonbondyblog.fr\/LBB\/palestine-ne-rien-faire-cest-laisser-faire%e2%80%a8\/","title":{"rendered":"Palestine\u00a0: ne rien faire c&rsquo;est laisser faire\u2028"},"content":{"rendered":"<p><strong>Un an apr\u00e8s les massacres de l\u2019\u00e9t\u00e9\u00a02014, retour sur la guerre de Gaza. Tandis que les combats faisaient rage, les manifestations s\u2019encha\u00eenaient de par le monde. \u00c0 Lyon, la mobilisation fut historique\u00a0: des dizaines de milliers de personnes avaient battu le pav\u00e9 tout l\u2019\u00e9t\u00e9. Mais quel est l\u2019impact des mobilisations internationales sur la situation en Palestine\u00a0? Manifester, est-ce productif pour la paix ou est-ce un facteur suppl\u00e9mentaire de d\u00e9stabilisation\u00a0? Actrices des manifestations, les militantes lyonnaises du collectif Palestine\u00a069 Am\u00e9lie, 29 ans, \u00e9ducatrice et Fadila, infirmi\u00e8re de 41 ans nous ont expliqu\u00e9 leur point de vue. Elles ont connu l\u2019\u00e9t\u00e9 dernier \u00ab\u00a0un d\u00e9clic, une r\u00e9elle prise de conscience\u00a0\u00bb.<\/strong><\/p>\n<p>&nbsp;<\/p>\n<p><strong>Bref rappel des faits.<\/strong> Il y a un an, du 8 juillet au 26 ao\u00fbt 2014, l\u2019op\u00e9ration \u00ab\u00a0Bordure protectrice\u00a0\u00bb lanc\u00e9e par l\u2019arm\u00e9e isra\u00e9lienne tuait plus de 2200 Gazaouis. 80\u00a0% d\u2019entre eux \u00e9taient des civils, dont 550 enfants, tandis que du c\u00f4t\u00e9 isra\u00e9lien, on ne d\u00e9nombrait \u00ab\u00a0que\u00a0\u00bb 73 personnes tu\u00e9es, dont 67 soldats. Des chiffres d\u00e9s\u00e9quilibr\u00e9s et difficilement comparables. Selon Am\u00e9lie du <a href=\"http:\/\/collectif Palestine 69\" target=\"_blank\">collectif Palestine 69<\/a> \u00ab\u00a0<em>En France on d\u00e9sinforme et on formate. Peu de gens sont r\u00e9ellement inform\u00e9s sur la gravit\u00e9 de la situation en Palestine. Isra\u00ebl agit donc en toute impunit\u00e9.<\/em>\u00a0\u00bb Venue avec sa camarade de lutte Fadila, pour elles, pas question de parler de \u00ab\u00a0Guerre de Gaza\u00a0\u00bb. Ce sont des \u00ab\u00a0<em>massacres<\/em>\u00a0\u00bb, clament-elles unanimement. Leur point de vue est \u00e9galement celui d\u2019Amnesty International, <a href=\"http:\/\/www.amnesty.fr\/gaza-platform\">qui a publi\u00e9 cette vid\u00e9o en lan\u00e7ant la Gaza Platform<\/a>.<\/p>\n<p><iframe loading=\"lazy\" title=\"Gaza Platform \u2014 un instrument d&#039;investigation sur le conflit meurtrier \u00e0 Gaza en 2014\" width=\"1200\" height=\"675\" src=\"https:\/\/www.youtube.com\/embed\/vznOxVieLWE?feature=oembed\" frameborder=\"0\" allow=\"accelerometer; autoplay; clipboard-write; encrypted-media; gyroscope; picture-in-picture\" allowfullscreen><\/iframe><\/p>\n<p>Les images de la violence \u00e0 Gaza font le tour du monde et les manifestations s\u2019encha\u00eenent dans de nombreux pays pour demander l\u2019arr\u00eat des massacres et pour <em>\u00ab\u00a0mettre un coup de pression sur Isra\u00ebl et sur nos gouvernements\u00a0\u00bb<\/em>, selon Am\u00e9lie. Un <em>\u00ab\u00a0r\u00e9veil\u00a0\u00bb <\/em>qui<em> \u00ab\u00a0fait du bien\u00a0\u00bb<\/em> \u00e0 Fadila \u00a0: <em>\u00ab\u00a0Je me suis dit\u00a0: \u201con se r\u00e9veille\u201d\u00a0! Le peuple de Gaza et de Palestine voit au travers de la t\u00e9l\u00e9vision ces manifestations. \u00c7a les soulage de voir que leur oppression est reconnue.\u00a0\u00bb<\/em><\/p>\n<blockquote class=\"twitter-tweet\" data-width=\"550\" data-dnt=\"true\">\n<p lang=\"en\" dir=\"ltr\"><a href=\"https:\/\/twitter.com\/hashtag\/NOW?src=hash&amp;ref_src=twsrc%5Etfw\">#NOW<\/a> | Chicago marching in the thousands to call <a href=\"https:\/\/twitter.com\/hashtag\/Israel?src=hash&amp;ref_src=twsrc%5Etfw\">#Israel<\/a> out for murder, war crimes &amp; genocide <a href=\"https:\/\/twitter.com\/hashtag\/Gaza?src=hash&amp;ref_src=twsrc%5Etfw\">#Gaza<\/a> <a href=\"https:\/\/twitter.com\/hashtag\/GazaUnderAttack?src=hash&amp;ref_src=twsrc%5Etfw\">#GazaUnderAttack<\/a> <a href=\"http:\/\/t.co\/gICNP59P8a\">pic.twitter.com\/gICNP59P8a<\/a><\/p>\n<p>&mdash; Hamdi \u00c7elikba\u015f (@HamdiCelikbas) <a href=\"https:\/\/twitter.com\/HamdiCelikbas\/status\/491030265515757568?ref_src=twsrc%5Etfw\">July 21, 2014<\/a><\/p><\/blockquote>\n<p><script async src=\"https:\/\/platform.twitter.com\/widgets.js\" charset=\"utf-8\"><\/script><\/p>\n<p>&nbsp;<\/p>\n<p>Qualifi\u00e9es de manifestations communautaires musulmanes, voire de manifestations antis\u00e9mites, les mobilisations pour Gaza seront tr\u00e8s critiqu\u00e9es dans les m\u00e9dias, le gouvernement fran\u00e7ais allant m\u00eame jusqu\u2019\u00e0 <a href=\"http:\/\/www.lemonde.fr\/societe\/article\/2014\/07\/19\/l-appel-a-la-manifestation-maintenu-malgre-l-interdiction_4459998_3224.html\" target=\"_blank\">interdire la manifestation du 19 juillet \u00e0 Paris<\/a>. Alors, les deux militantes sont-elles antis\u00e9mites\u00a0? <em>\u00ab\u00a0\u00c7a fait partie de la propagande isra\u00e9lienne\u00a0\u00bb<\/em>, explique Fadila. Si quelques antis\u00e9mites agit\u00e9s essaient d\u2019infiltrer le mouvement, ils restent ultras minoritaires. <em>\u00ab\u00a0On soutient la cause palestinienne avec l\u2019<a href=\"http:\/\/www.ujfp.org\">UJFP (Union Juive Fran\u00e7aise pour la Paix)<\/a>, se d\u00e9fend Am\u00e9lie. On peut donc difficilement nous accuser d\u2019\u00eatre antis\u00e9mites. Mais je suis contre le sionisme, qui est un projet politique et religieux\u00a0\u00bb<\/em>.<\/p>\n<p>Qu&rsquo;est-ce que le sionisme ? Souvent mal compris, le terme signifie qu\u2019un individu est sioniste s\u2019il d\u00e9sire ou soutient la cr\u00e9ation d\u2019un \u00c9tat juif en terre d\u2019Isra\u00ebl qui serait, dans le futur, <a href=\"http:\/\/www.liberation.fr\/monde\/2013\/05\/30\/ce-que-sioniste-veut-dire_906994\">l\u2019\u00c9tat du peuple juif<\/a>. Par exemple, l\u2019id\u00e9e d\u2019un \u00e9tat mixte jud\u00e9o-arabe faisant cohabiter le peuple isra\u00e9lien et palestinien avec des droits \u00e9gaux pour chacun ne serait pas sioniste\u00a0: au lieu de voir Isra\u00e9liens et Palestiniens face \u00e0 face, ils seraient ensemble dans un \u00c9tat des citoyens plut\u00f4t qu\u2019\u00c9tat juif, un \u00e9tat multinational plut\u00f4t qu\u2019un \u00c9tat-nation.<\/p>\n<figure id=\"attachment_8607\" aria-describedby=\"caption-attachment-8607\" style=\"width: 720px\" class=\"wp-caption aligncenter\"><img loading=\"lazy\" decoding=\"async\" class=\"size-full wp-image-8607\" src=\"https:\/\/lyonbondyblog.fr\/LBB\/wp-content\/uploads\/2015\/08\/Un-palestinien-tenant-un-b\u00e9b\u00e9-bless\u00e9-lors-des-massacres-de-2014_1.jpg\" alt=\"Un palestinien tenant un b\u00e9b\u00e9 bless\u00e9 lors des massacres de 2014_1\" width=\"720\" height=\"480\" srcset=\"https:\/\/lyonbondyblog.fr\/LBB\/wp-content\/uploads\/2015\/08\/Un-palestinien-tenant-un-b\u00e9b\u00e9-bless\u00e9-lors-des-massacres-de-2014_1.jpg 720w, https:\/\/lyonbondyblog.fr\/LBB\/wp-content\/uploads\/2015\/08\/Un-palestinien-tenant-un-b\u00e9b\u00e9-bless\u00e9-lors-des-massacres-de-2014_1-300x200.jpg 300w, https:\/\/lyonbondyblog.fr\/LBB\/wp-content\/uploads\/2015\/08\/Un-palestinien-tenant-un-b\u00e9b\u00e9-bless\u00e9-lors-des-massacres-de-2014_1-600x400.jpg 600w\" sizes=\"auto, (max-width: 720px) 100vw, 720px\" \/><figcaption id=\"caption-attachment-8607\" class=\"wp-caption-text\">Un palestinien tenant un b\u00e9b\u00e9 bless\u00e9 lors des massacres de 2014<\/figcaption><\/figure>\n<blockquote><p>\u00ab\u00a0Le sionisme c\u2019est du colonialisme, poursuit Fadila. \u00c7a a une r\u00e9sonance avec l\u2019histoire de la France. La France a perdu la Guerre d\u2019Alg\u00e9rie, l\u2019Angleterre aussi a perdu ses colonies. Les ann\u00e9es sont pass\u00e9es, mais en Isra\u00ebl rien n\u2019a chang\u00e9\u00a0\u00bb. \u00ab\u00a0Le pire c\u2019est que les grandes puissances cautionnent \u00e7a, fulmine Am\u00e9lie. Comment peut-on inviter Netanyahu \u00e0 la manifestation apr\u00e8s les attentats contre Charlie Hebdo\u00a0?\u00a0\u00bb \u00catre contre le pouvoir isra\u00e9lien ne signifie cependant pas pour les jeunes femmes soutenir le Hamas, parti islamiste, ou l\u2019Autorit\u00e9 palestinienne, terriblement corrompue\u00a0: \u00ab\u00a0On ne soutient ni le Hamas ni l\u2019Autorit\u00e9 Palestinienne, mais le peuple palestinien\u00a0!\u00a0\u00bb, clame Am\u00e9lie, qui ne qualifie pas son soutien de politique, mais \u00ab\u00a0d\u2019humain\u00a0\u00bb, pour \u00ab\u00a0l\u2019arr\u00eat des massacres permanents\u00a0\u00bb. Fadila pr\u00e9cise \u00ab\u00a0Il faut que le droit international soit respect\u00e9. Que ce qui a \u00e9t\u00e9 vot\u00e9 \u00e0 l\u2019ONU soit mis en place pour que les Palestiniens retrouvent des droits fondamentaux. Il faut d\u00e9truire le mur, d\u00e9manteler les colonies ill\u00e9gales, faire revenir les r\u00e9fugi\u00e9s palestiniens en Palestine\u00a0\u00bb.<\/p><\/blockquote>\n<p>&nbsp;<\/p>\n<figure id=\"attachment_8610\" aria-describedby=\"caption-attachment-8610\" style=\"width: 720px\" class=\"wp-caption aligncenter\"><img loading=\"lazy\" decoding=\"async\" class=\"size-full wp-image-8610\" src=\"https:\/\/lyonbondyblog.fr\/LBB\/wp-content\/uploads\/2015\/08\/Un-enfant-devant-le-mur-de-s\u00e9paration-en-Palestine_1.jpg\" alt=\"Un enfant devant le mur de s\u00e9paration en Palestine\" width=\"720\" height=\"445\" srcset=\"https:\/\/lyonbondyblog.fr\/LBB\/wp-content\/uploads\/2015\/08\/Un-enfant-devant-le-mur-de-s\u00e9paration-en-Palestine_1.jpg 720w, https:\/\/lyonbondyblog.fr\/LBB\/wp-content\/uploads\/2015\/08\/Un-enfant-devant-le-mur-de-s\u00e9paration-en-Palestine_1-300x185.jpg 300w, https:\/\/lyonbondyblog.fr\/LBB\/wp-content\/uploads\/2015\/08\/Un-enfant-devant-le-mur-de-s\u00e9paration-en-Palestine_1-600x371.jpg 600w\" sizes=\"auto, (max-width: 720px) 100vw, 720px\" \/><figcaption id=\"caption-attachment-8610\" class=\"wp-caption-text\">Un enfant devant le mur de s\u00e9paration en Palestine<\/figcaption><\/figure>\n<p>&nbsp;<\/p>\n<blockquote><p>\u00ab\u00a0Ne rien faire c\u2019est laisser faire\u00a0\u00bb, dit l\u2019adage. Il s\u2019agit donc aussi de sensibiliser et d\u2019influencer les acteurs internationaux pour contraindre Isra\u00ebl \u00e0 cesser ses violations des droits humains. Desmond Tutu, prix Nobel de la paix pour sa lutte contre l\u2019apartheid en Afrique du Sud <a href=\"http:\/\/www.europalestine.com\/spip.php?article9175&amp;lang=fr\" target=\"_blank\">compare ce qu\u2019il se passe en Palestine et ce qu\u2019a connu son pays<\/a>\u00a0: \u00ab\u00a0Leur humiliation nous est famili\u00e8re \u00e0 nous Noirs sud-africains qui ont \u00e9t\u00e9 r\u00e9prim\u00e9s, harcel\u00e9s et insult\u00e9s par les forces de s\u00e9curit\u00e9 du gouvernement d\u2019apartheid. (\u2026) Les peuples dont on nie la dignit\u00e9 et les droits m\u00e9ritent la solidarit\u00e9 des autres \u00eatres humains. Ceux qui se taisent face \u00e0 cette injustice la perp\u00e9tuent. Se dire neutre face \u00e0 une situation injuste, c\u2019est en fait choisir le camp de l\u2019oppresseur.\u00a0\u00bb<\/p><\/blockquote>\n<p>Une autre accusation r\u00e9currente concernant les militants propalestiniens est d\u2019importer le conflit en France. Une diatribe quelque peu \u00e9trange lorsque l\u2019on a des notions d\u2019histoire\u00a0: rivales, la Grande-Bretagne et la France ont export\u00e9 leur conflit au Proche Orient au d\u00e9but du 20\u00e8me si\u00e8cle, colonisant et d\u00e9coupant de fa\u00e7on artificielle de nombreux pays. <a href=\"http:\/\/www.ujfp.org\/spip.php?article3725\">Le g\u00e9nocide pendant la Seconde Guerre mondiale vient \u00e9galement des pays europ\u00e9ens.\u2028<\/a><\/p>\n<figure id=\"attachment_8612\" aria-describedby=\"caption-attachment-8612\" style=\"width: 452px\" class=\"wp-caption aligncenter\"><a href=\"https:\/\/lyonbondyblog.fr\/LBB\/wp-content\/uploads\/2015\/08\/Les-accords-Sykes-Picot-sont-des-accords-secrets-sign\u00e9s-le-16-mai-1916_1.jpg\"><img loading=\"lazy\" decoding=\"async\" class=\"wp-image-8612 size-full\" src=\"https:\/\/lyonbondyblog.fr\/LBB\/wp-content\/uploads\/2015\/08\/Les-accords-Sykes-Picot-sont-des-accords-secrets-sign\u00e9s-le-16-mai-1916_1.jpg\" alt=\"Les accords Sykes-Picot sont des accords secrets sign\u00e9s le 16 mai 1916 entre la France et la Grande-Bretagne, pr\u00e9voyant le partage du Moyen-Orient \u00e0 la fin de la guerre dans le but de contrer des revendications ottomanes\" width=\"452\" height=\"433\" srcset=\"https:\/\/lyonbondyblog.fr\/LBB\/wp-content\/uploads\/2015\/08\/Les-accords-Sykes-Picot-sont-des-accords-secrets-sign\u00e9s-le-16-mai-1916_1.jpg 452w, https:\/\/lyonbondyblog.fr\/LBB\/wp-content\/uploads\/2015\/08\/Les-accords-Sykes-Picot-sont-des-accords-secrets-sign\u00e9s-le-16-mai-1916_1-300x287.jpg 300w, https:\/\/lyonbondyblog.fr\/LBB\/wp-content\/uploads\/2015\/08\/Les-accords-Sykes-Picot-sont-des-accords-secrets-sign\u00e9s-le-16-mai-1916_1-32x32.jpg 32w\" sizes=\"auto, (max-width: 452px) 100vw, 452px\" \/><\/a><figcaption id=\"caption-attachment-8612\" class=\"wp-caption-text\">Les accords Sykes-Picot sont des accords secrets sign\u00e9s le 16 mai 1916 entre la France et la Grande-Bretagne, pr\u00e9voyant le partage du Moyen-Orient \u00e0 la fin de la guerre dans le but de contrer des revendications ottomanes<\/figcaption><\/figure>\n<p>&nbsp;<\/p>\n<p>Avec la globalisation et les r\u00e9seaux sociaux, le conflit est plus que jamais import\u00e9 dans chaque foyer de France. D\u2019o\u00f9 peut venir alors cette accusation d\u2019importation\u00a0? Et que veut-elle dire\u00a0? <em>\u00ab\u00a0Les militants issus de l\u2019immigration r\u00e9cente et nord-africaine qui manifestent pour la Palestine militent souvent dans d\u2019autres associations, explique Fadila. Je suis super contente qu\u2019il existe des associations de d\u00e9fense du Tibet\u00a0! C\u2019est hallucinant qu\u2019on nous reproche de manifester en nous disant : \u201cMais qu\u2019est-ce qu\u2019ils foutent l\u00e0\u00a0!\u201d\u00a0\u00bb<\/em>, s\u2019emporte la militante, f\u00e2ch\u00e9e par ce paternalisme aux parfums coloniaux.<\/p>\n<figure id=\"attachment_8609\" aria-describedby=\"caption-attachment-8609\" style=\"width: 720px\" class=\"wp-caption aligncenter\"><img loading=\"lazy\" decoding=\"async\" class=\"size-full wp-image-8609\" src=\"https:\/\/lyonbondyblog.fr\/LBB\/wp-content\/uploads\/2015\/08\/Action-de-BDS-\u00e0-Vaulx-en-Velin_1.jpg\" alt=\"Action de BDS \u00e0 Vaulx-en-Velin_1\" width=\"720\" height=\"414\" srcset=\"https:\/\/lyonbondyblog.fr\/LBB\/wp-content\/uploads\/2015\/08\/Action-de-BDS-\u00e0-Vaulx-en-Velin_1.jpg 720w, https:\/\/lyonbondyblog.fr\/LBB\/wp-content\/uploads\/2015\/08\/Action-de-BDS-\u00e0-Vaulx-en-Velin_1-300x173.jpg 300w, https:\/\/lyonbondyblog.fr\/LBB\/wp-content\/uploads\/2015\/08\/Action-de-BDS-\u00e0-Vaulx-en-Velin_1-600x345.jpg 600w\" sizes=\"auto, (max-width: 720px) 100vw, 720px\" \/><figcaption id=\"caption-attachment-8609\" class=\"wp-caption-text\">Action de BDS \u00e0 Vaulx-en-Velin<\/figcaption><\/figure>\n<p>Autre mobilisation, moins connue que les grandes manifestations mais plus r\u00e9guli\u00e8re, <a href=\"http:\/\/www.jeuneafrique.com\/mag\/238177\/politique\/israel-dix-ans-apres-son-lancement-le-mouvement-de-boycott-continue-de-faire-son-chemin\/\">le BDS (Boycott D\u00e9sinvestissement Sanctions)<\/a> a \u00e9t\u00e9 qualifi\u00e9 par le premier ministre Benyamin Netanyahou de \u201cmenace strat\u00e9gique\u201d.<\/p>\n<p>Desmond Tutu en parle en ces termes\u00a0: <em>\u00ab\u00a0<\/em><em>En Afrique du Sud, nous n\u2019aurions pas pu parvenir \u00e0 une d\u00e9mocratie sans l\u2019aide des gens du monde entier qui ont lutt\u00e9 de mani\u00e8re non violente, par le biais du boycott et du d\u00e9sinvestissement. Et ce sont les m\u00eames questions d\u2019in\u00e9galit\u00e9, d\u2019injustice qui motivent aujourd\u2019hui le mouvement de boycott et d\u00e9sinvestissement, qui vise \u00e0 mettre un terme \u00e0 une occupation des terres palestiniennes qui se poursuit depuis des d\u00e9cennies\u00a0\u00bb<\/em>. Le proc\u00e9d\u00e9 BDS a connu de multiples r\u00e9ussites. Par exemple\u00a0:<br \/>\n\u2014 la Fondation Bill et Melinda Gates a vendu sa participation dans l\u2019entreprise\u00a0G4S, qui fournit une technologie et des services dans les prisons isra\u00e9liennes o\u00f9 des Palestiniens sont souvent tortur\u00e9s et d\u00e9tenus sans inculpation ni jugement, <a href=\"https:\/\/electronicintifada.net\/content\/why-does-un-hire-g4s-accomplice-israeli-torture\/14661\">apr\u00e8s la pression du monde entier.<\/a><\/p>\n<p>\u2014 <a href=\"http:\/\/www.amnesty.fr\/Informez-vous\/Les-actus\/Entretien-avec-Dominique-Vidal-avant-les-elections-legislatives-en-Israel-14547\">Des fonds d\u2019investissement d\u2019\u00c9tat ont d\u00e9cid\u00e9<\/a> de ne plus investir dans les colonies, notamment l\u2019un des plus importants, le fonds souverain norv\u00e9gien.<\/p>\n<p>\u2014 Plus anecdotique, mais fortement symbolique, <a href=\"http:\/\/www.jeuneafrique.com\/165870\/societe\/scarlett-johansson-rompt-avec-l-ong-oxfam-sur-fond-de-conflit-isra-lo-palestinien\/\">Scarlett Johansson a \u00e9t\u00e9 oblig\u00e9e de rompre son engagement avec l\u2019ONG Oxfam \u00e0 cause de ses publicit\u00e9s pour Soda-Stream<\/a>, marque qui a implant\u00e9 ses usines dans des colonies ill\u00e9gales.<\/p>\n<p>Au final, <a href=\"http:\/\/collectif69palestine.free.fr\/spip.php?article901\">Isra\u00ebl est de plus en plus isol\u00e9 sur la sc\u00e8ne politique internationale et la campagne de boycott lanc\u00e9e<\/a> il y a pr\u00e8s de dix ans a ouvert la voie \u00e0 l\u2019id\u00e9e de sanctions \u00e9conomiques internationales.<\/p>\n<figure id=\"attachment_8611\" aria-describedby=\"caption-attachment-8611\" style=\"width: 720px\" class=\"wp-caption aligncenter\"><img loading=\"lazy\" decoding=\"async\" class=\"size-full wp-image-8611\" src=\"https:\/\/lyonbondyblog.fr\/LBB\/wp-content\/uploads\/2015\/08\/Une-maison-bombard\u00e9es-pendant-la-Guerre-de-l\u00e9t\u00e9-2014_1.jpg\" alt=\"Une maison bombard\u00e9e pendant la Guerre de l\u2019\u00e9t\u00e9 2014\" width=\"720\" height=\"438\" srcset=\"https:\/\/lyonbondyblog.fr\/LBB\/wp-content\/uploads\/2015\/08\/Une-maison-bombard\u00e9es-pendant-la-Guerre-de-l\u00e9t\u00e9-2014_1.jpg 720w, https:\/\/lyonbondyblog.fr\/LBB\/wp-content\/uploads\/2015\/08\/Une-maison-bombard\u00e9es-pendant-la-Guerre-de-l\u00e9t\u00e9-2014_1-300x183.jpg 300w, https:\/\/lyonbondyblog.fr\/LBB\/wp-content\/uploads\/2015\/08\/Une-maison-bombard\u00e9es-pendant-la-Guerre-de-l\u00e9t\u00e9-2014_1-600x365.jpg 600w\" sizes=\"auto, (max-width: 720px) 100vw, 720px\" \/><figcaption id=\"caption-attachment-8611\" class=\"wp-caption-text\">Une maison bombard\u00e9e pendant la Guerre de l\u2019\u00e9t\u00e9 2014<\/figcaption><\/figure>\n<p>Efficace, le boycott. Tellement que la France l\u2019a interdit depuis la circulaire Alliot-Marie de 2010, devenant le seul pays au monde qui l\u2019assimile \u00e0 des appels \u00e0 la discrimination raciale. St\u00e9phane Hessel, ancien ambassadeur, r\u00e9sistant tortur\u00e9 puis d\u00e9port\u00e9 pendant la Seconde Guerre mondiale, cor\u00e9dacteur de la D\u00e9claration universelle des droits de l\u2019homme, avait notamment fait l\u2019objet de poursuites judiciaires par<a href=\"http:\/\/www.jeuneafrique.com\/184029\/politique\/le-boycottage-des-produits-isra-liens-agite-la-machine-judiciaire-fran-aise\/\"> le Bureau national de Vigilance contre l\u2019Antis\u00e9mitisme (BNVCA)<\/a>. \u2028Pourtant, cette interdiction n\u2019emp\u00eache pas les militantes d\u2019agir. \u201c<em>Avec le collectif, on fait une action tout \u00e0 l\u2019heure \u00e0 Vaulx-en-Velin,<\/em> raconte Am\u00e9lie. <em>On va distribuer des tracts pour informer la population sur les dates isra\u00e9liennes vendues dans le Grand Frais<\/em>\u201d. Fadila poursuit \u00ab\u00a0<em>La provenance d\u2019Isra\u00ebl n\u2019est pas \u00e9crite sur les emballages, ce qui est ill\u00e9gal. C\u2019est important de discuter avec le public qui n\u2019a pas acc\u00e8s \u00e0 ces informations.\u00a0\u00bb<\/em><\/p>\n<p>Depuis la fin de l\u2019Op\u00e9ration Bordure protectrice isra\u00e9lienne de l\u2019\u00e9t\u00e9\u00a02014, les mobilisations massives ont cess\u00e9. Il est plus dur de mobiliser. <em>\u00ab Quand il y a une effusion de sang, les gens se mobilisent. Mais actuellement nous ne sommes plus aussi nombreux. \u00bb <\/em>Explique Am\u00e9lie.\u00a0D&rsquo;autant que le relais g\u00e9n\u00e9rationnel est loin d\u2019\u00eatre assur\u00e9 :\u00a0<em>\u00ab Les collectifs vieillissent. Il est important que les jeunes aussi se mobilisent, parce que la lutte continue. \u00bb\u2028<\/em><\/p>\n<h2><a href=\"https:\/\/lyonbondyblog.fr\/LBB\/palestine-ne-rien-faire-cest-laisser-faire%E2%80%A8\/2\/\">Continuer la lecture en page 2<\/a><\/h2>\n<p><!--nextpage--><\/p>\n<h1>Les \u2028Droits civils en Palestine (non exhaustif)<\/h1>\n<p>&nbsp;<\/p>\n<p><strong>Selon quelques observateurs, Isra\u00ebl serait la \u201cseule d\u00e9mocratie\u201d du Moyen-Orient. Mais le traitement des Palestiniens en Isra\u00ebl, qui constituent 20\u00a0% de sa population, est la preuve qu\u2019Isra\u00ebl est tout sauf d\u00e9mocratique. Inventaire non-exhaustif, tant les exemples sont nombreux, des revendications sociales et politiques palestiniennes, glan\u00e9es dans les sites pour les droits civils\u00a0: <a href=\"http:\/\/www.adalah.org\/\" target=\"_blank\">Adalah <\/a>et <a href=\"https:\/\/electronicintifada.net\/\" target=\"_blank\">The Electronic Intifada<\/a> notamment.<\/strong><\/p>\n<figure id=\"attachment_8608\" aria-describedby=\"caption-attachment-8608\" style=\"width: 720px\" class=\"wp-caption aligncenter\"><img loading=\"lazy\" decoding=\"async\" class=\"size-full wp-image-8608\" src=\"https:\/\/lyonbondyblog.fr\/LBB\/wp-content\/uploads\/2015\/08\/A-J\u00e9rusalem-les-habitants-subissent-au-quotidien-la-pression-de-loccupation_1.jpg\" alt=\"A J\u00e9rusalem, les habitants subissent au quotidien la pression de l'occupation_1\" width=\"720\" height=\"450\" srcset=\"https:\/\/lyonbondyblog.fr\/LBB\/wp-content\/uploads\/2015\/08\/A-J\u00e9rusalem-les-habitants-subissent-au-quotidien-la-pression-de-loccupation_1.jpg 720w, https:\/\/lyonbondyblog.fr\/LBB\/wp-content\/uploads\/2015\/08\/A-J\u00e9rusalem-les-habitants-subissent-au-quotidien-la-pression-de-loccupation_1-300x188.jpg 300w, https:\/\/lyonbondyblog.fr\/LBB\/wp-content\/uploads\/2015\/08\/A-J\u00e9rusalem-les-habitants-subissent-au-quotidien-la-pression-de-loccupation_1-600x375.jpg 600w\" sizes=\"auto, (max-width: 720px) 100vw, 720px\" \/><figcaption id=\"caption-attachment-8608\" class=\"wp-caption-text\">A J\u00e9rusalem, les habitants subissent au quotidien la pression de l&rsquo;occupation<\/figcaption><\/figure>\n<p>Bas\u00e9e sur la religion et le nationalisme ethnique, la discrimination dans l\u2019\u00c9tat d\u2019Isra\u00ebl contre les citoyens arabes concerne leurs droits \u00e9conomiques, sociaux et culturels, leurs droits \u00e0 l\u2019\u00e9ducation et \u00e0 l\u2019eau. Leur droit \u00e0 la dignit\u00e9 \u00e9galement, eux qui souffrent chaque jour de racisme et d\u2019incitation \u00e0 la haine raciale. Dans l\u2019\u00c9tat juif, les non-juifs sont des \u00e9trangers dans leur propre pays.<\/p>\n<p><strong>Une forme de nettoyage ethnique :<\/strong><\/p>\n<p>Conseiller des droits de l\u2019homme des Nations unies, Richard Falk a d\u00e9clar\u00e9 au Conseil de l\u2019ONU qu\u2019Isra\u00ebl proc\u00e8de \u00e0 une forme de nettoyage ethnique contre les Palestiniens \u00e0 J\u00e9rusalem-Est.<br \/>\n\u2014 En janvier 2013, Isra\u00ebl a admis que les immigrants juifs \u00e9thiopiens ont re\u00e7u des contraceptifs \u00e0 leur insu, afin de diminuer le taux de natalit\u00e9 de la communaut\u00e9.<br \/>\n\u2014 13\u00a0% de J\u00e9rusalem-Est est \u201czone constructible\u201d pour les Palestiniens, contre 35\u00a0% pour la colonisation. Les constructions \u201cill\u00e9gales\u201d et s\u2019exposent \u00e0 des d\u00e9molitions.<br \/>\n\u2014 les villages des B\u00e9douins, pourtant citoyens isra\u00e9liens, n\u2019ont pas de services publics.<br \/>\n\u2014 \u00c0 J\u00e9rusalem-Est, depuis l\u2019annexion de 1967, plus de 14\u00a0000 cartes d\u2019identit\u00e9 de J\u00e9rusal\u00e9mites palestiniens ont \u00e9t\u00e9 r\u00e9voqu\u00e9es leur faisant ainsi perdre tous leurs droits.<\/p>\n<p><strong>L\u2019apartheid est aussi \u00e9ducatif\u00a0:<\/strong><\/p>\n<p>\u2014 plus de 5000 enfants palestiniens dans J\u00e9rusalem-Est occup\u00e9e ne sont pas scolaris\u00e9s<br \/>\n\u2014 le gouvernement isra\u00e9lien d\u00e9pense plus pour chaque enfant juif \u00e0 l\u2019\u00e9cole primaire que pour chaque enfant palestinien<br \/>\n\u2014 en 2014, 75\u00a0% des enfants de b\u00e9douins en Isra\u00ebl n\u2019a eu aucun cadre \u00e9ducatif, contre 5\u00a0% pour les enfants juifs isra\u00e9liens \u00e0 cet \u00e2ge<br \/>\n\u2014 <a href=\"https:\/\/www.hrw.org\/fr\/news\/2015\/04\/13\/israel-dur-travail-denfants-palestiniens-dans-des-fermes-de-colonies\">dans les colonies isra\u00e9liennes, des enfants palestiniens sont oblig\u00e9s de travailler durement pour survivre<\/a>\u2028.<\/p>\n<p><strong>Les violences polici\u00e8res sont quotidiennes\u00a0:<\/strong><\/p>\n<p>\u2014 \u201cl\u2019\u00e9tat d\u2019urgence\u201d, en usage depuis la cr\u00e9ation de l\u2019\u00e9tat en 1948 a permis de d\u00e9molir et de sceller des maisons, expulser les r\u00e9sidents, d\u00e9tenir administrativement des milliers de personnes, imposer des couvre-feux et des fermetures sur les villes et villages&#8230;<br \/>\n\u2014 les meurtres r\u00e9guliers de la police restent impunis\u00a0: plus de 90\u00a0% des plaintes contre la police sont class\u00e9es sans suite. La plupart des plaintes sont referm\u00e9es sans avoir obtenu les t\u00e9moignages des plaignants et sans enqu\u00eate, en violation du code juridique isra\u00e9lien. Seulement 3,3% ont conduit \u00e0 des mesures disciplinaires contre les agents de police et un simple de 2,7% a abouti \u00e0 des poursuites.<br \/>\n\u2014 en Isra\u00ebl, pour des jets de pierres on passe devant un tribunal militaire, m\u00eame si l\u2019on est mineur\u2028\u2014 la maltraitance des enfants dans le syst\u00e8me de d\u00e9tention militaire est \u201cg\u00e9n\u00e9ralis\u00e9e, syst\u00e9matique et institutionnalis\u00e9e\u201d<br \/>\n\u2014 la police ne d\u00e9fend pas les Palestiniens contre les extr\u00e9mistes sionistes. Les sites religieux de la population musulmane arabe ne sont pas prot\u00e9g\u00e9s par des gardes priv\u00e9s pay\u00e9s par le contribuable isra\u00e9lien, comme ceux des juifs. Pourtant selon l\u2019article\u00a07 de la D\u00e9claration universelle des droits de l\u2019homme de 1948, \u201cTous sont \u00e9gaux devant la loi et ont droit sans distinction \u00e0 une \u00e9gale protection de la loi\u201d.<\/p>\n<p><strong>Des d\u00e9tentions ill\u00e9gitimes :<\/strong><\/p>\n<p>Selon Amnesty International, Isra\u00ebl utilise la d\u00e9tention administrative pour \u201cr\u00e9primer les activit\u00e9s l\u00e9gitimes et pacifiques des militants dans les territoires palestiniens occup\u00e9s.\u201d<br \/>\n\u2014 Il y a actuellement 6000 d\u00e9tenus politiques palestiniens dans les prisons isra\u00e9liennes<br \/>\n\u2014 Amnesty appelle \u00e0 la \u201clib\u00e9ration imm\u00e9diate et inconditionnelle\u201d des 500 prisonniers palestiniens d\u00e9tenus en d\u00e9tention administrative<\/p>\n<p><strong>La libert\u00e9 d\u2019expression est r\u00e9guli\u00e8rement attaqu\u00e9e\u00a0:<\/strong><\/p>\n<p>\u2014 les autorit\u00e9s isra\u00e9liennes essaient par la force de fermer des cha\u00eenes de t\u00e9l\u00e9vision palestiniennes : Palestine 48, Wattan TV, PalMedia ou encore la station RT.<\/p>\n<p>On pourrait continuer longtemps cet inventaire tant les lois d\u2019apartheid en Isra\u00ebl sont nombreuses&#8230;<\/p>\n<table style=\"height: 32px; background-color: #f2f2f2;\" width=\"304\">\n<tbody>\n<tr>\n<td><strong>sources :<\/strong><br \/>\n<a href=\"https:\/\/electronicintifada.net\/\" target=\"_blank\">https:\/\/electronicintifada.net\/<\/a><br \/>\n<a href=\"http:\/\/www.adalah.org\/\" target=\"_blank\">http:\/\/www.adalah.org\/<\/a><\/td>\n<\/tr>\n<\/tbody>\n<\/table>\n<p>&nbsp;<\/p>\n<!-- AddThis Advanced Settings generic via filter on the_content --><!-- AddThis Share Buttons generic via filter on the_content -->","protected":false},"excerpt":{"rendered":"<p>Un an apr\u00e8s les massacres de l\u2019\u00e9t\u00e9\u00a02014, retour sur la guerre de Gaza. Tandis que les combats faisaient rage, les manifestations s\u2019encha\u00eenaient de par le &hellip; <!-- AddThis Advanced Settings generic via filter on wp_trim_excerpt --><!-- AddThis Share Buttons generic via filter on wp_trim_excerpt --><\/p>\n","protected":false},"author":1,"featured_media":8606,"comment_status":"open","ping_status":"open","sticky":false,"template":"","format":"standard","meta":{"_FSMCFIC_featured_image_caption":"","_FSMCFIC_featured_image_nocaption":"","_FSMCFIC_featured_image_hide":"","footnotes":""},"categories":[5,8,9],"tags":[1638,1915,1791,1910,1908,1611,1904,1911,1914,1613,400,11,1900,1902,1909,840,10,847,1907,1901,683,1913,165,1903,1912,1835,1905,373,1607,1906,635,1484],"class_list":["post-8605","post","type-post","status-publish","format-standard","has-post-thumbnail","hentry","category-ambiance","category-france","category-international","tag-1638","tag-amnesty-international","tag-antisemitisme","tag-autorite-palestinienne","tag-benyamin-netanyahou","tag-citoyennete","tag-conservatisme","tag-corruption","tag-desmond-tutu","tag-droits-de-lhomme","tag-etat","tag-france-2","tag-guerre-de-gaza-de-2008-2009","tag-guerre-de-gaza-de-2014","tag-hamas","tag-israel","tag-lyon-2","tag-manifestation","tag-nationalisme-palestinien","tag-paix","tag-palestine","tag-palestine-etat","tag-politique-2","tag-propagande","tag-refugies-palestiniens","tag-respect","tag-sionisme","tag-solidarite","tag-torture","tag-union-juive-francaise-pour-la-paix","tag-vaulx-en-velin","tag-violence"],"yoast_head":"<!-- This site is optimized with the Yoast SEO plugin v22.8 - https:\/\/yoast.com\/wordpress\/plugins\/seo\/ -->\n<title>Palestine\u00a0: ne rien faire c&#039;est laisser faire\u2028 - Lyon Bondy Blog<\/title>\n<meta name=\"description\" content=\"Palestine. Un an apr\u00e8s les massacres de l\u2019\u00e9t\u00e9 2014, retour sur la guerre de Gaza. Alors que les combats font rage, les manifestations s\u2019encha\u00eenent\" \/>\n<meta name=\"robots\" content=\"index, follow, max-snippet:-1, max-image-preview:large, max-video-preview:-1\" \/>\n<link rel=\"canonical\" href=\"https:\/\/lyonbondyblog.fr\/LBB\/palestine-ne-rien-faire-cest-laisser-faire\u2028\/\" \/>\n<link rel=\"next\" href=\"https:\/\/lyonbondyblog.fr\/LBB\/palestine-ne-rien-faire-cest-laisser-faire%e2%80%a8\/2\/\" \/>\n<meta property=\"og:locale\" content=\"fr_FR\" \/>\n<meta property=\"og:type\" content=\"article\" \/>\n<meta property=\"og:title\" content=\"Palestine\u00a0: ne rien faire c&#039;est laisser faire\u2028 - Lyon Bondy Blog\" \/>\n<meta property=\"og:description\" content=\"Palestine. Un an apr\u00e8s les massacres de l\u2019\u00e9t\u00e9 2014, retour sur la guerre de Gaza. Alors que les combats font rage, les manifestations s\u2019encha\u00eenent\" \/>\n<meta property=\"og:url\" content=\"https:\/\/lyonbondyblog.fr\/LBB\/palestine-ne-rien-faire-cest-laisser-faire\u2028\/\" \/>\n<meta property=\"og:site_name\" content=\"Lyon Bondy Blog\" \/>\n<meta property=\"article:publisher\" content=\"https:\/\/www.facebook.com\/lyonbondyblog\" \/>\n<meta property=\"article:author\" content=\"https:\/\/www.facebook.com\/lyonbondyblog\" \/>\n<meta property=\"article:published_time\" content=\"2015-08-12T13:50:44+00:00\" \/>\n<meta property=\"article:modified_time\" content=\"2015-08-14T16:44:47+00:00\" \/>\n<meta property=\"og:image\" content=\"https:\/\/lyonbondyblog.fr\/LBB\/wp-content\/uploads\/2015\/08\/image-de-Une_1.jpg\" \/>\n\t<meta property=\"og:image:width\" content=\"1024\" \/>\n\t<meta property=\"og:image:height\" content=\"683\" \/>\n\t<meta property=\"og:image:type\" content=\"image\/jpeg\" \/>\n<meta name=\"author\" content=\"La r\u00e9daction\" \/>\n<meta name=\"twitter:card\" content=\"summary_large_image\" \/>\n<meta name=\"twitter:creator\" content=\"@BondyBlogLyon\" \/>\n<meta name=\"twitter:site\" content=\"@bondybloglyon\" \/>\n<script type=\"application\/ld+json\" class=\"yoast-schema-graph\">{\"@context\":\"https:\/\/schema.org\",\"@graph\":[{\"@type\":\"Article\",\"@id\":\"https:\/\/lyonbondyblog.fr\/LBB\/palestine-ne-rien-faire-cest-laisser-faire%e2%80%a8\/#article\",\"isPartOf\":{\"@id\":\"https:\/\/lyonbondyblog.fr\/LBB\/palestine-ne-rien-faire-cest-laisser-faire%e2%80%a8\/\"},\"author\":{\"name\":\"La r\u00e9daction\",\"@id\":\"https:\/\/lyonbondyblog.fr\/LBB\/#\/schema\/person\/e45f8d27baac75072daa0be50c409b25\"},\"headline\":\"Palestine\u00a0: ne rien faire c&rsquo;est laisser faire\\u2028\",\"datePublished\":\"2015-08-12T13:50:44+00:00\",\"dateModified\":\"2015-08-14T16:44:47+00:00\",\"mainEntityOfPage\":{\"@id\":\"https:\/\/lyonbondyblog.fr\/LBB\/palestine-ne-rien-faire-cest-laisser-faire%e2%80%a8\/\"},\"wordCount\":2455,\"commentCount\":0,\"publisher\":{\"@id\":\"https:\/\/lyonbondyblog.fr\/LBB\/#organization\"},\"image\":{\"@id\":\"https:\/\/lyonbondyblog.fr\/LBB\/palestine-ne-rien-faire-cest-laisser-faire%e2%80%a8\/#primaryimage\"},\"thumbnailUrl\":\"https:\/\/lyonbondyblog.fr\/LBB\/wp-content\/uploads\/2015\/08\/image-de-Une_1.jpg\",\"keywords\":[\"2015\",\"Amnesty International\",\"Antis\u00e9mitisme\",\"Autorit\u00e9 palestinienne\",\"Benyamin Netanyahou\",\"Citoyennet\u00e9\",\"Conservatisme\",\"Corruption\",\"Desmond Tutu\",\"Droits de l'homme\",\"etat\",\"france\",\"Guerre de Gaza de 2008-2009\",\"Guerre de Gaza de 2014\",\"Hamas\",\"Isra\u00ebl\",\"lyon\",\"manifestation\",\"Nationalisme palestinien\",\"Paix\",\"Palestine\",\"Palestine (\u00c9tat)\",\"politique\",\"Propagande\",\"R\u00e9fugi\u00e9s palestiniens\",\"Respect\",\"Sionisme\",\"solidarit\u00e9\",\"Torture\",\"Union juive fran\u00e7aise pour la paix\",\"Vaulx-en-Velin\",\"Violence\"],\"articleSection\":[\"Ambiance\",\"France\",\"International\"],\"inLanguage\":\"fr-FR\",\"potentialAction\":[{\"@type\":\"CommentAction\",\"name\":\"Comment\",\"target\":[\"https:\/\/lyonbondyblog.fr\/LBB\/palestine-ne-rien-faire-cest-laisser-faire%e2%80%a8\/#respond\"]}]},{\"@type\":\"WebPage\",\"@id\":\"https:\/\/lyonbondyblog.fr\/LBB\/palestine-ne-rien-faire-cest-laisser-faire%e2%80%a8\/\",\"url\":\"https:\/\/lyonbondyblog.fr\/LBB\/palestine-ne-rien-faire-cest-laisser-faire%e2%80%a8\/\",\"name\":\"Palestine\u00a0: ne rien faire c'est laisser faire\\u2028 - Lyon Bondy Blog\",\"isPartOf\":{\"@id\":\"https:\/\/lyonbondyblog.fr\/LBB\/#website\"},\"primaryImageOfPage\":{\"@id\":\"https:\/\/lyonbondyblog.fr\/LBB\/palestine-ne-rien-faire-cest-laisser-faire%e2%80%a8\/#primaryimage\"},\"image\":{\"@id\":\"https:\/\/lyonbondyblog.fr\/LBB\/palestine-ne-rien-faire-cest-laisser-faire%e2%80%a8\/#primaryimage\"},\"thumbnailUrl\":\"https:\/\/lyonbondyblog.fr\/LBB\/wp-content\/uploads\/2015\/08\/image-de-Une_1.jpg\",\"datePublished\":\"2015-08-12T13:50:44+00:00\",\"dateModified\":\"2015-08-14T16:44:47+00:00\",\"description\":\"Palestine. Un an apr\u00e8s les massacres de l\u2019\u00e9t\u00e9 2014, retour sur la guerre de Gaza. Alors que les combats font rage, les manifestations s\u2019encha\u00eenent\",\"inLanguage\":\"fr-FR\",\"potentialAction\":[{\"@type\":\"ReadAction\",\"target\":[\"https:\/\/lyonbondyblog.fr\/LBB\/palestine-ne-rien-faire-cest-laisser-faire%e2%80%a8\/\"]}]},{\"@type\":\"ImageObject\",\"inLanguage\":\"fr-FR\",\"@id\":\"https:\/\/lyonbondyblog.fr\/LBB\/palestine-ne-rien-faire-cest-laisser-faire%e2%80%a8\/#primaryimage\",\"url\":\"https:\/\/lyonbondyblog.fr\/LBB\/wp-content\/uploads\/2015\/08\/image-de-Une_1.jpg\",\"contentUrl\":\"https:\/\/lyonbondyblog.fr\/LBB\/wp-content\/uploads\/2015\/08\/image-de-Une_1.jpg\",\"width\":1024,\"height\":683},{\"@type\":\"WebSite\",\"@id\":\"https:\/\/lyonbondyblog.fr\/LBB\/#website\",\"url\":\"https:\/\/lyonbondyblog.fr\/LBB\/\",\"name\":\"Lyon Bondy Blog\",\"description\":\"\",\"publisher\":{\"@id\":\"https:\/\/lyonbondyblog.fr\/LBB\/#organization\"},\"potentialAction\":[{\"@type\":\"SearchAction\",\"target\":{\"@type\":\"EntryPoint\",\"urlTemplate\":\"https:\/\/lyonbondyblog.fr\/LBB\/?s={search_term_string}\"},\"query-input\":\"required name=search_term_string\"}],\"inLanguage\":\"fr-FR\"},{\"@type\":\"Organization\",\"@id\":\"https:\/\/lyonbondyblog.fr\/LBB\/#organization\",\"name\":\"LYON BONDY BLOG\",\"url\":\"https:\/\/lyonbondyblog.fr\/LBB\/\",\"logo\":{\"@type\":\"ImageObject\",\"inLanguage\":\"fr-FR\",\"@id\":\"https:\/\/lyonbondyblog.fr\/LBB\/#\/schema\/logo\/image\/\",\"url\":\"http:\/\/lyonbondyblog.fr\/LBB\/wp-content\/uploads\/2014\/10\/logo-portable-144.png\",\"contentUrl\":\"http:\/\/lyonbondyblog.fr\/LBB\/wp-content\/uploads\/2014\/10\/logo-portable-144.png\",\"width\":144,\"height\":123,\"caption\":\"LYON BONDY BLOG\"},\"image\":{\"@id\":\"https:\/\/lyonbondyblog.fr\/LBB\/#\/schema\/logo\/image\/\"},\"sameAs\":[\"https:\/\/www.facebook.com\/lyonbondyblog\",\"https:\/\/x.com\/bondybloglyon\"]},{\"@type\":\"Person\",\"@id\":\"https:\/\/lyonbondyblog.fr\/LBB\/#\/schema\/person\/e45f8d27baac75072daa0be50c409b25\",\"name\":\"La r\u00e9daction\",\"description\":\"Cr\u00e9e en 2008, la r\u00e9daction du Lyon Bondy Blog s'applique \u00e0 proposer une information locale diff\u00e9rente et compl\u00e9mentaire des m\u00e9dias traditionnels.\",\"sameAs\":[\"https:\/\/www.facebook.com\/lyonbondyblog\",\"https:\/\/x.com\/BondyBlogLyon\"],\"url\":\"https:\/\/lyonbondyblog.fr\/LBB\/author\/admin\/\"}]}<\/script>\n<!-- \/ Yoast SEO plugin. -->","yoast_head_json":{"title":"Palestine\u00a0: ne rien faire c'est laisser faire\u2028 - Lyon Bondy Blog","description":"Palestine. Un an apr\u00e8s les massacres de l\u2019\u00e9t\u00e9 2014, retour sur la guerre de Gaza. Alors que les combats font rage, les manifestations s\u2019encha\u00eenent","robots":{"index":"index","follow":"follow","max-snippet":"max-snippet:-1","max-image-preview":"max-image-preview:large","max-video-preview":"max-video-preview:-1"},"canonical":"https:\/\/lyonbondyblog.fr\/LBB\/palestine-ne-rien-faire-cest-laisser-faire\u2028\/","next":"https:\/\/lyonbondyblog.fr\/LBB\/palestine-ne-rien-faire-cest-laisser-faire%e2%80%a8\/2\/","og_locale":"fr_FR","og_type":"article","og_title":"Palestine\u00a0: ne rien faire c'est laisser faire\u2028 - Lyon Bondy Blog","og_description":"Palestine. Un an apr\u00e8s les massacres de l\u2019\u00e9t\u00e9 2014, retour sur la guerre de Gaza. Alors que les combats font rage, les manifestations s\u2019encha\u00eenent","og_url":"https:\/\/lyonbondyblog.fr\/LBB\/palestine-ne-rien-faire-cest-laisser-faire\u2028\/","og_site_name":"Lyon Bondy Blog","article_publisher":"https:\/\/www.facebook.com\/lyonbondyblog","article_author":"https:\/\/www.facebook.com\/lyonbondyblog","article_published_time":"2015-08-12T13:50:44+00:00","article_modified_time":"2015-08-14T16:44:47+00:00","og_image":[{"width":1024,"height":683,"url":"https:\/\/lyonbondyblog.fr\/LBB\/wp-content\/uploads\/2015\/08\/image-de-Une_1.jpg","type":"image\/jpeg"}],"author":"La r\u00e9daction","twitter_card":"summary_large_image","twitter_creator":"@BondyBlogLyon","twitter_site":"@bondybloglyon","schema":{"@context":"https:\/\/schema.org","@graph":[{"@type":"Article","@id":"https:\/\/lyonbondyblog.fr\/LBB\/palestine-ne-rien-faire-cest-laisser-faire%e2%80%a8\/#article","isPartOf":{"@id":"https:\/\/lyonbondyblog.fr\/LBB\/palestine-ne-rien-faire-cest-laisser-faire%e2%80%a8\/"},"author":{"name":"La r\u00e9daction","@id":"https:\/\/lyonbondyblog.fr\/LBB\/#\/schema\/person\/e45f8d27baac75072daa0be50c409b25"},"headline":"Palestine\u00a0: ne rien faire c&rsquo;est laisser faire\u2028","datePublished":"2015-08-12T13:50:44+00:00","dateModified":"2015-08-14T16:44:47+00:00","mainEntityOfPage":{"@id":"https:\/\/lyonbondyblog.fr\/LBB\/palestine-ne-rien-faire-cest-laisser-faire%e2%80%a8\/"},"wordCount":2455,"commentCount":0,"publisher":{"@id":"https:\/\/lyonbondyblog.fr\/LBB\/#organization"},"image":{"@id":"https:\/\/lyonbondyblog.fr\/LBB\/palestine-ne-rien-faire-cest-laisser-faire%e2%80%a8\/#primaryimage"},"thumbnailUrl":"https:\/\/lyonbondyblog.fr\/LBB\/wp-content\/uploads\/2015\/08\/image-de-Une_1.jpg","keywords":["2015","Amnesty International","Antis\u00e9mitisme","Autorit\u00e9 palestinienne","Benyamin Netanyahou","Citoyennet\u00e9","Conservatisme","Corruption","Desmond Tutu","Droits de l'homme","etat","france","Guerre de Gaza de 2008-2009","Guerre de Gaza de 2014","Hamas","Isra\u00ebl","lyon","manifestation","Nationalisme palestinien","Paix","Palestine","Palestine (\u00c9tat)","politique","Propagande","R\u00e9fugi\u00e9s palestiniens","Respect","Sionisme","solidarit\u00e9","Torture","Union juive fran\u00e7aise pour la paix","Vaulx-en-Velin","Violence"],"articleSection":["Ambiance","France","International"],"inLanguage":"fr-FR","potentialAction":[{"@type":"CommentAction","name":"Comment","target":["https:\/\/lyonbondyblog.fr\/LBB\/palestine-ne-rien-faire-cest-laisser-faire%e2%80%a8\/#respond"]}]},{"@type":"WebPage","@id":"https:\/\/lyonbondyblog.fr\/LBB\/palestine-ne-rien-faire-cest-laisser-faire%e2%80%a8\/","url":"https:\/\/lyonbondyblog.fr\/LBB\/palestine-ne-rien-faire-cest-laisser-faire%e2%80%a8\/","name":"Palestine\u00a0: ne rien faire c'est laisser faire\u2028 - Lyon Bondy Blog","isPartOf":{"@id":"https:\/\/lyonbondyblog.fr\/LBB\/#website"},"primaryImageOfPage":{"@id":"https:\/\/lyonbondyblog.fr\/LBB\/palestine-ne-rien-faire-cest-laisser-faire%e2%80%a8\/#primaryimage"},"image":{"@id":"https:\/\/lyonbondyblog.fr\/LBB\/palestine-ne-rien-faire-cest-laisser-faire%e2%80%a8\/#primaryimage"},"thumbnailUrl":"https:\/\/lyonbondyblog.fr\/LBB\/wp-content\/uploads\/2015\/08\/image-de-Une_1.jpg","datePublished":"2015-08-12T13:50:44+00:00","dateModified":"2015-08-14T16:44:47+00:00","description":"Palestine. Un an apr\u00e8s les massacres de l\u2019\u00e9t\u00e9 2014, retour sur la guerre de Gaza. Alors que les combats font rage, les manifestations s\u2019encha\u00eenent","inLanguage":"fr-FR","potentialAction":[{"@type":"ReadAction","target":["https:\/\/lyonbondyblog.fr\/LBB\/palestine-ne-rien-faire-cest-laisser-faire%e2%80%a8\/"]}]},{"@type":"ImageObject","inLanguage":"fr-FR","@id":"https:\/\/lyonbondyblog.fr\/LBB\/palestine-ne-rien-faire-cest-laisser-faire%e2%80%a8\/#primaryimage","url":"https:\/\/lyonbondyblog.fr\/LBB\/wp-content\/uploads\/2015\/08\/image-de-Une_1.jpg","contentUrl":"https:\/\/lyonbondyblog.fr\/LBB\/wp-content\/uploads\/2015\/08\/image-de-Une_1.jpg","width":1024,"height":683},{"@type":"WebSite","@id":"https:\/\/lyonbondyblog.fr\/LBB\/#website","url":"https:\/\/lyonbondyblog.fr\/LBB\/","name":"Lyon Bondy Blog","description":"","publisher":{"@id":"https:\/\/lyonbondyblog.fr\/LBB\/#organization"},"potentialAction":[{"@type":"SearchAction","target":{"@type":"EntryPoint","urlTemplate":"https:\/\/lyonbondyblog.fr\/LBB\/?s={search_term_string}"},"query-input":"required name=search_term_string"}],"inLanguage":"fr-FR"},{"@type":"Organization","@id":"https:\/\/lyonbondyblog.fr\/LBB\/#organization","name":"LYON BONDY BLOG","url":"https:\/\/lyonbondyblog.fr\/LBB\/","logo":{"@type":"ImageObject","inLanguage":"fr-FR","@id":"https:\/\/lyonbondyblog.fr\/LBB\/#\/schema\/logo\/image\/","url":"http:\/\/lyonbondyblog.fr\/LBB\/wp-content\/uploads\/2014\/10\/logo-portable-144.png","contentUrl":"http:\/\/lyonbondyblog.fr\/LBB\/wp-content\/uploads\/2014\/10\/logo-portable-144.png","width":144,"height":123,"caption":"LYON BONDY BLOG"},"image":{"@id":"https:\/\/lyonbondyblog.fr\/LBB\/#\/schema\/logo\/image\/"},"sameAs":["https:\/\/www.facebook.com\/lyonbondyblog","https:\/\/x.com\/bondybloglyon"]},{"@type":"Person","@id":"https:\/\/lyonbondyblog.fr\/LBB\/#\/schema\/person\/e45f8d27baac75072daa0be50c409b25","name":"La r\u00e9daction","description":"Cr\u00e9e en 2008, la r\u00e9daction du Lyon Bondy Blog s'applique \u00e0 proposer une information locale diff\u00e9rente et compl\u00e9mentaire des m\u00e9dias traditionnels.","sameAs":["https:\/\/www.facebook.com\/lyonbondyblog","https:\/\/x.com\/BondyBlogLyon"],"url":"https:\/\/lyonbondyblog.fr\/LBB\/author\/admin\/"}]}},"_links":{"self":[{"href":"https:\/\/lyonbondyblog.fr\/LBB\/wp-json\/wp\/v2\/posts\/8605","targetHints":{"allow":["GET"]}}],"collection":[{"href":"https:\/\/lyonbondyblog.fr\/LBB\/wp-json\/wp\/v2\/posts"}],"about":[{"href":"https:\/\/lyonbondyblog.fr\/LBB\/wp-json\/wp\/v2\/types\/post"}],"author":[{"embeddable":true,"href":"https:\/\/lyonbondyblog.fr\/LBB\/wp-json\/wp\/v2\/users\/1"}],"replies":[{"embeddable":true,"href":"https:\/\/lyonbondyblog.fr\/LBB\/wp-json\/wp\/v2\/comments?post=8605"}],"version-history":[{"count":0,"href":"https:\/\/lyonbondyblog.fr\/LBB\/wp-json\/wp\/v2\/posts\/8605\/revisions"}],"wp:featuredmedia":[{"embeddable":true,"href":"https:\/\/lyonbondyblog.fr\/LBB\/wp-json\/wp\/v2\/media\/8606"}],"wp:attachment":[{"href":"https:\/\/lyonbondyblog.fr\/LBB\/wp-json\/wp\/v2\/media?parent=8605"}],"wp:term":[{"taxonomy":"category","embeddable":true,"href":"https:\/\/lyonbondyblog.fr\/LBB\/wp-json\/wp\/v2\/categories?post=8605"},{"taxonomy":"post_tag","embeddable":true,"href":"https:\/\/lyonbondyblog.fr\/LBB\/wp-json\/wp\/v2\/tags?post=8605"}],"curies":[{"name":"wp","href":"https:\/\/api.w.org\/{rel}","templated":true}]}}