{"id":8484,"date":"2015-07-02T17:55:44","date_gmt":"2015-07-02T15:55:44","guid":{"rendered":"http:\/\/lyonbondyblog.fr\/LBB\/?p=8484"},"modified":"2015-07-16T19:39:40","modified_gmt":"2015-07-16T17:39:40","slug":"syrie-refugees-of-rap-nous-etions-menaces-par-le-gouvernement-syrien","status":"publish","type":"post","link":"https:\/\/lyonbondyblog.fr\/LBB\/syrie-refugees-of-rap-nous-etions-menaces-par-le-gouvernement-syrien\/","title":{"rendered":"Refugees of Rap : \u00ab Nous \u00e9tions menac\u00e9s par le gouvernement syrien \u00bb"},"content":{"rendered":"<p><strong>Le conflit syrien a fait plus de 220\u00a0000 morts depuis mars 2011. C\u2019est le conflit qui g\u00e9n\u00e8re \u00e0 l\u2019heure actuelle le plus fort d\u00e9placement de population dans le monde. Le LBB a rencontr\u00e9 le groupe syro-palestinien Refugees of Rap lors du Festival RevolusonR en mai dernier. Ses deux membres ont connu la guerre et l\u2019oppression impos\u00e9e par le r\u00e9gime au pouvoir. <\/strong><\/p>\n<p>On \u00e9coute leur histoire dans un silence solennel en imaginant les ruines et les bombes s\u2019abattre sur <a href=\"http:\/\/rue89.nouvelobs.com\/2015\/04\/11\/syrie-conditions-inhumaines-les-palestiniens-yarmouk-258626\">le camp de Yarmouk<\/a> pr\u00e8s de Damas. Yasser Jamous (28 ans) et son fr\u00e8re Mohamed (26 ans), fils d\u2019enseignants et dipl\u00f4m\u00e9s en sociologie et en infographie ont v\u00e9cu un parcours des plus improbables. Inspir\u00e9s par les rappeurs am\u00e9ricains old school comme 2 Pac ou Public Enemy, les deux rappeurs syro-palestiniens forment le groupe Refugees of Rap en 2005 avec deux autres amis Ahmad et Mohamed, d\u00e9sormais exil\u00e9s en Alg\u00e9rie et en \u00c9gypte. Le hip-hop appara\u00eet alors comme un moyen de narguer la cruaut\u00e9 du r\u00e9gime dictatorial de la famille el-Assad ou de relater leurs exp\u00e9riences de r\u00e9fugi\u00e9s.<\/p>\n<figure id=\"attachment_8489\" aria-describedby=\"caption-attachment-8489\" style=\"width: 1024px\" class=\"wp-caption aligncenter\"><a href=\"https:\/\/lyonbondyblog.fr\/LBB\/wp-content\/uploads\/2015\/07\/12808542535_bf877fd8d7_b.jpg\"><img loading=\"lazy\" decoding=\"async\" class=\"wp-image-8489 size-full\" src=\"https:\/\/lyonbondyblog.fr\/LBB\/wp-content\/uploads\/2015\/07\/12808542535_bf877fd8d7_b.jpg\" alt=\"Yarmouk Camp\" width=\"1024\" height=\"576\" srcset=\"https:\/\/lyonbondyblog.fr\/LBB\/wp-content\/uploads\/2015\/07\/12808542535_bf877fd8d7_b.jpg 1024w, https:\/\/lyonbondyblog.fr\/LBB\/wp-content\/uploads\/2015\/07\/12808542535_bf877fd8d7_b-300x169.jpg 300w, https:\/\/lyonbondyblog.fr\/LBB\/wp-content\/uploads\/2015\/07\/12808542535_bf877fd8d7_b-600x338.jpg 600w\" sizes=\"auto, (max-width: 1024px) 100vw, 1024px\" \/><\/a><figcaption id=\"caption-attachment-8489\" class=\"wp-caption-text\">Photo du camp de Yarmouk<\/figcaption><\/figure>\n<blockquote><p>\u00ab\u00a0C\u2019\u00e9tait une musique qui permettait de bien exposer ce qui se passait en Syrie. Nous \u00e9crivons sur notre quotidien \u00e9galement. La guerre n\u2019est pas notre sujet central. Au d\u00e9but des ann\u00e9es\u00a02000, le rap \u00e9tait quelque chose de nouveau chez nous et il avait du mal \u00e0 \u00eatre tol\u00e9r\u00e9 m\u00eame si les jeunes commen\u00e7aient vraiment \u00e0 l\u2019\u00e9couter.\u00a0\u00bb<\/p><\/blockquote>\n<h2><strong>Travaillant sur un album contre le r\u00e9gime, leurs chansons ne pouvaient \u00eatre diffus\u00e9es<\/strong><\/h2>\n<p>Apr\u00e8s avoir sorti leur premi\u00e8re mixtape \u00ab\u00a0Refugees of rap\u00a0\u00bb en 2007, l\u2019opus \u00ab\u00a0Face to Face\u00a0\u00bb est \u00e9dit\u00e9 en 2010 avec des paroles toujours plus incisives \u00e0 l\u2019encontre du r\u00e9gime. Les premi\u00e8res menaces et intimidations se manifestent. Les deux rappeurs sont pri\u00e9s d\u2019arr\u00eater leurs activit\u00e9s musicales au risque de subir l\u2019emprisonnement ou la mort. Ne voulant pas arr\u00eater pour autant, ils pr\u00e9f\u00e8rent quitter la Syrie en 2013 et rejoignent la France.<\/p>\n<blockquote><p>\u00ab\u00a0Nous \u00e9tions menac\u00e9s l\u00e0-bas par le gouvernement et par certains partis politiques qui savaient qu\u2019on travaillait sur un album contre le r\u00e9gime. Nos chansons \u00e9taient d\u00e9j\u00e0 enregistr\u00e9es, mais nous ne pouvions pas les diffuser.\u00a0\u00bb<\/p><\/blockquote>\n<h2><strong>De nouvelles terres d\u2019accueil<\/strong><\/h2>\n<p>Les deux fr\u00e8res s\u2019installent \u00e0 Paris puis tissent des liens avec des beatmakers et d\u2019autres artistes. Ils animent des ateliers d\u2019\u00e9criture comme ils le faisaient \u00e0 Yarmouk pour lib\u00e9rer une partie de leur souffrance. Le dernier album \u00ab\u00a0The Age of silence\u00a0\u00bb sort \u00e0 Paris en 2014. Les deux artistes arborent une th\u00e9matique r\u00e9solument revendicatrice et profonde. La chanson \u00ab\u00a0Haram\u00a0\u00bb dont le terme a pour traduction \u00ab\u00a0illicite\u00a0\u00bb t\u00e9moigne bien du message de ce titre qui porte cet album. Bachar el-Assad est ouvertement d\u00e9sign\u00e9 dans le refrain.<\/p>\n<p><iframe loading=\"lazy\" title=\"Refugees Of Rap - HARAM Ft. Nadin (\u200f\u200eTARABBAND) \u2605 \u0644\u0627\u062c\u0626\u064a \u0627\u0644\u0631\u0627\u0628 - \u062d\u0631\u0627\u0645 \u2605\" width=\"1200\" height=\"675\" src=\"https:\/\/www.youtube.com\/embed\/aeLth9qxX4U?feature=oembed\" frameborder=\"0\" allow=\"accelerometer; autoplay; clipboard-write; encrypted-media; gyroscope; picture-in-picture\" allowfullscreen><\/iframe><\/p>\n<p>D\u00e9termin\u00e9s, les deux r\u00e9fugi\u00e9s sont pr\u00e9sents sur de nombreuses manifestations artistiques pour faire passer le message. En un an et demi, ils donnent pr\u00e8s de quarante concerts en France, au Danemark ou en Su\u00e8de.<\/p>\n<p>&nbsp;<\/p>\n<blockquote><p>\u00ab\u00a0<a href=\"http:\/\/www.courrierinternational.com\/article\/elections-lextreme-droite-est-desormais-le-deuxieme-parti-au-danemark\">Au Danemark, malgr\u00e9 la virulence des partis d\u2019extr\u00eame droite<\/a>, nous avons pu travailler avec des associations qui aident les artistes en difficult\u00e9. Le pays organise beaucoup de choses et offre de v\u00e9ritables opportunit\u00e9s. L\u00e0-bas, c\u2019est plus efficace au niveau des d\u00e9marches et de l\u2019organisation\u00a0\u00bb.<\/p><\/blockquote>\n<h2><strong>70\u00a0000 visas accord\u00e9s en Allemagne, 30\u00a0000 en Su\u00e8de et en France<\/strong><\/h2>\n<p>En France, on compte 3150 demandes d\u2019asile de Syriens en 2014 <a href=\"https:\/\/www.ofpra.gouv.fr\/\">d\u2019apr\u00e8s l\u2018OFPRA (office fran\u00e7ais de protection des r\u00e9fugi\u00e9s et apatrides)<\/a>. <a href=\"http:\/\/www.lexpress.fr\/actualite\/monde\/proche-moyen-orient\/refugies-syriens-la-france-en-fait-le-moins-possible_1653056.html\">Dans un article de l\u2019Express publi\u00e9 en f\u00e9vrier 2015,<\/a> on apprend que depuis le d\u00e9but de la crise, 30\u00a0000 visas ont \u00e9t\u00e9 accord\u00e9s. L\u2019Allemagne en a accueilli 70\u00a0000 ces derni\u00e8res ann\u00e9es et la Su\u00e8de (10 millions d\u2019habitants) 30\u00a0000. Le royaume compte en accueillir 100\u00a0000 en 2015. \u00c0 savoir que le reste de la famille des deux rappeurs s\u2019est \u00e9galement exil\u00e9 en Su\u00e8de.<\/p>\n<p>R\u00e9fugi\u00e9s, Mohamed et Yasser l\u2019ont toujours \u00e9t\u00e9. Un statut que les deux rappeurs assument avec fiert\u00e9\u00a0:<\/p>\n<blockquote><p>\u00ab\u00a0Nous sommes d\u2019abord palestiniens, notre grand-p\u00e8re paternel est arriv\u00e9 de Ha\u00effa en Isra\u00ebl pour venir s\u2019\u00e9tablir en Syrie en 1984. Nous avons v\u00e9cu la r\u00e9volution et nous nous sentons syriens. Mais la France est aussi notre pays d\u2019adoption\u00a0\u00bb.<\/p><\/blockquote>\n<!-- AddThis Advanced Settings generic via filter on the_content --><!-- AddThis Share Buttons generic via filter on the_content -->","protected":false},"excerpt":{"rendered":"<p>Le conflit syrien a fait plus de 220\u00a0000 morts depuis mars 2011. C\u2019est le conflit qui g\u00e9n\u00e8re \u00e0 l\u2019heure actuelle le plus fort d\u00e9placement de &hellip; <!-- AddThis Advanced Settings generic via filter on wp_trim_excerpt --><!-- AddThis Share Buttons generic via filter on wp_trim_excerpt --><\/p>\n","protected":false},"author":28,"featured_media":8488,"comment_status":"open","ping_status":"open","sticky":false,"template":"","format":"standard","meta":{"_FSMCFIC_featured_image_caption":"","_FSMCFIC_featured_image_nocaption":"","_FSMCFIC_featured_image_hide":"","footnotes":""},"categories":[9,4,2],"tags":[1638,1857,1002,1849,11,928,1853,410,135,1674,1851,1854,196,205,1856,1852,641,1221,1855,1850],"class_list":["post-8484","post","type-post","status-publish","format-standard","has-post-thumbnail","hentry","category-international","category-lyon","category-societe","tag-1638","tag-allemagne","tag-camp","tag-danemark","tag-france-2","tag-guerre","tag-guerre-civile-syrienne","tag-international-2","tag-lbb","tag-moyen-orient","tag-office-francais-de-protection-des-refugies-et-apatrides","tag-palestiniens","tag-public-enemy","tag-rap","tag-revolution-politique-et-sociale","tag-suede","tag-syrie","tag-visa","tag-yarmouk","tag-yasser-jamous"],"yoast_head":"<!-- This site is optimized with the Yoast SEO plugin v22.8 - https:\/\/yoast.com\/wordpress\/plugins\/seo\/ -->\n<title>Refugees of Rap : \u00ab Nous \u00e9tions menac\u00e9s par le gouvernement syrien \u00bb - Lyon Bondy Blog<\/title>\n<meta name=\"description\" content=\"Le LBB a rencontr\u00e9 le groupe syro-palestinien Refugees of Rap lors du Festival RevolusonR. Ils ont connu la guerre en Syrie et l\u2019oppression du gouvernement\" \/>\n<meta name=\"robots\" content=\"index, follow, max-snippet:-1, max-image-preview:large, max-video-preview:-1\" \/>\n<link rel=\"canonical\" href=\"https:\/\/lyonbondyblog.fr\/LBB\/syrie-refugees-of-rap-nous-etions-menaces-par-le-gouvernement-syrien\/\" \/>\n<meta property=\"og:locale\" content=\"fr_FR\" \/>\n<meta property=\"og:type\" content=\"article\" \/>\n<meta property=\"og:title\" content=\"Refugees of Rap : \u00ab Nous \u00e9tions menac\u00e9s par le gouvernement syrien \u00bb - Lyon Bondy Blog\" \/>\n<meta property=\"og:description\" content=\"Le LBB a rencontr\u00e9 le groupe syro-palestinien Refugees of Rap lors du Festival RevolusonR. Ils ont connu la guerre en Syrie et l\u2019oppression du gouvernement\" \/>\n<meta property=\"og:url\" content=\"https:\/\/lyonbondyblog.fr\/LBB\/syrie-refugees-of-rap-nous-etions-menaces-par-le-gouvernement-syrien\/\" \/>\n<meta property=\"og:site_name\" content=\"Lyon Bondy Blog\" \/>\n<meta property=\"article:publisher\" content=\"https:\/\/www.facebook.com\/lyonbondyblog\" \/>\n<meta property=\"article:published_time\" content=\"2015-07-02T15:55:44+00:00\" \/>\n<meta property=\"article:modified_time\" content=\"2015-07-16T17:39:40+00:00\" \/>\n<meta property=\"og:image\" content=\"https:\/\/lyonbondyblog.fr\/LBB\/wp-content\/uploads\/2015\/07\/PhotoUne.jpg\" \/>\n\t<meta property=\"og:image:width\" content=\"640\" \/>\n\t<meta property=\"og:image:height\" content=\"389\" \/>\n\t<meta property=\"og:image:type\" content=\"image\/jpeg\" \/>\n<meta name=\"author\" content=\"Mohamed Braiki\" \/>\n<meta name=\"twitter:card\" content=\"summary_large_image\" \/>\n<meta name=\"twitter:creator\" content=\"@bondybloglyon\" \/>\n<meta name=\"twitter:site\" content=\"@bondybloglyon\" \/>\n<script type=\"application\/ld+json\" class=\"yoast-schema-graph\">{\"@context\":\"https:\/\/schema.org\",\"@graph\":[{\"@type\":\"Article\",\"@id\":\"https:\/\/lyonbondyblog.fr\/LBB\/syrie-refugees-of-rap-nous-etions-menaces-par-le-gouvernement-syrien\/#article\",\"isPartOf\":{\"@id\":\"https:\/\/lyonbondyblog.fr\/LBB\/syrie-refugees-of-rap-nous-etions-menaces-par-le-gouvernement-syrien\/\"},\"author\":{\"name\":\"Mohamed Braiki\",\"@id\":\"https:\/\/lyonbondyblog.fr\/LBB\/#\/schema\/person\/558339ea4e67b07f7a2df48e9605b75c\"},\"headline\":\"Refugees of Rap : \u00ab Nous \u00e9tions menac\u00e9s par le gouvernement syrien \u00bb\",\"datePublished\":\"2015-07-02T15:55:44+00:00\",\"dateModified\":\"2015-07-16T17:39:40+00:00\",\"mainEntityOfPage\":{\"@id\":\"https:\/\/lyonbondyblog.fr\/LBB\/syrie-refugees-of-rap-nous-etions-menaces-par-le-gouvernement-syrien\/\"},\"wordCount\":777,\"commentCount\":0,\"publisher\":{\"@id\":\"https:\/\/lyonbondyblog.fr\/LBB\/#organization\"},\"image\":{\"@id\":\"https:\/\/lyonbondyblog.fr\/LBB\/syrie-refugees-of-rap-nous-etions-menaces-par-le-gouvernement-syrien\/#primaryimage\"},\"thumbnailUrl\":\"https:\/\/lyonbondyblog.fr\/LBB\/wp-content\/uploads\/2015\/07\/PhotoUne.jpg\",\"keywords\":[\"2015\",\"Allemagne\",\"camp\",\"Danemark\",\"france\",\"guerre\",\"Guerre civile syrienne\",\"international\",\"LBB\",\"Moyen-Orient\",\"office fran\u00e7ais de protection des r\u00e9fugi\u00e9s et apatrides\",\"Palestiniens\",\"Public Enemy\",\"rap\",\"R\u00e9volution (politique et sociale)\",\"Su\u00e8de\",\"Syrie\",\"visa\",\"Yarmouk\",\"Yasser Jamous\"],\"articleSection\":[\"International\",\"Lyon\",\"Soci\u00e9t\u00e9\"],\"inLanguage\":\"fr-FR\",\"potentialAction\":[{\"@type\":\"CommentAction\",\"name\":\"Comment\",\"target\":[\"https:\/\/lyonbondyblog.fr\/LBB\/syrie-refugees-of-rap-nous-etions-menaces-par-le-gouvernement-syrien\/#respond\"]}]},{\"@type\":\"WebPage\",\"@id\":\"https:\/\/lyonbondyblog.fr\/LBB\/syrie-refugees-of-rap-nous-etions-menaces-par-le-gouvernement-syrien\/\",\"url\":\"https:\/\/lyonbondyblog.fr\/LBB\/syrie-refugees-of-rap-nous-etions-menaces-par-le-gouvernement-syrien\/\",\"name\":\"Refugees of Rap : \u00ab Nous \u00e9tions menac\u00e9s par le gouvernement syrien \u00bb - Lyon Bondy Blog\",\"isPartOf\":{\"@id\":\"https:\/\/lyonbondyblog.fr\/LBB\/#website\"},\"primaryImageOfPage\":{\"@id\":\"https:\/\/lyonbondyblog.fr\/LBB\/syrie-refugees-of-rap-nous-etions-menaces-par-le-gouvernement-syrien\/#primaryimage\"},\"image\":{\"@id\":\"https:\/\/lyonbondyblog.fr\/LBB\/syrie-refugees-of-rap-nous-etions-menaces-par-le-gouvernement-syrien\/#primaryimage\"},\"thumbnailUrl\":\"https:\/\/lyonbondyblog.fr\/LBB\/wp-content\/uploads\/2015\/07\/PhotoUne.jpg\",\"datePublished\":\"2015-07-02T15:55:44+00:00\",\"dateModified\":\"2015-07-16T17:39:40+00:00\",\"description\":\"Le LBB a rencontr\u00e9 le groupe syro-palestinien Refugees of Rap lors du Festival RevolusonR. Ils ont connu la guerre en Syrie et l\u2019oppression du gouvernement\",\"inLanguage\":\"fr-FR\",\"potentialAction\":[{\"@type\":\"ReadAction\",\"target\":[\"https:\/\/lyonbondyblog.fr\/LBB\/syrie-refugees-of-rap-nous-etions-menaces-par-le-gouvernement-syrien\/\"]}]},{\"@type\":\"ImageObject\",\"inLanguage\":\"fr-FR\",\"@id\":\"https:\/\/lyonbondyblog.fr\/LBB\/syrie-refugees-of-rap-nous-etions-menaces-par-le-gouvernement-syrien\/#primaryimage\",\"url\":\"https:\/\/lyonbondyblog.fr\/LBB\/wp-content\/uploads\/2015\/07\/PhotoUne.jpg\",\"contentUrl\":\"https:\/\/lyonbondyblog.fr\/LBB\/wp-content\/uploads\/2015\/07\/PhotoUne.jpg\",\"width\":640,\"height\":389},{\"@type\":\"WebSite\",\"@id\":\"https:\/\/lyonbondyblog.fr\/LBB\/#website\",\"url\":\"https:\/\/lyonbondyblog.fr\/LBB\/\",\"name\":\"Lyon Bondy Blog\",\"description\":\"\",\"publisher\":{\"@id\":\"https:\/\/lyonbondyblog.fr\/LBB\/#organization\"},\"potentialAction\":[{\"@type\":\"SearchAction\",\"target\":{\"@type\":\"EntryPoint\",\"urlTemplate\":\"https:\/\/lyonbondyblog.fr\/LBB\/?s={search_term_string}\"},\"query-input\":\"required name=search_term_string\"}],\"inLanguage\":\"fr-FR\"},{\"@type\":\"Organization\",\"@id\":\"https:\/\/lyonbondyblog.fr\/LBB\/#organization\",\"name\":\"LYON BONDY BLOG\",\"url\":\"https:\/\/lyonbondyblog.fr\/LBB\/\",\"logo\":{\"@type\":\"ImageObject\",\"inLanguage\":\"fr-FR\",\"@id\":\"https:\/\/lyonbondyblog.fr\/LBB\/#\/schema\/logo\/image\/\",\"url\":\"http:\/\/lyonbondyblog.fr\/LBB\/wp-content\/uploads\/2014\/10\/logo-portable-144.png\",\"contentUrl\":\"http:\/\/lyonbondyblog.fr\/LBB\/wp-content\/uploads\/2014\/10\/logo-portable-144.png\",\"width\":144,\"height\":123,\"caption\":\"LYON BONDY BLOG\"},\"image\":{\"@id\":\"https:\/\/lyonbondyblog.fr\/LBB\/#\/schema\/logo\/image\/\"},\"sameAs\":[\"https:\/\/www.facebook.com\/lyonbondyblog\",\"https:\/\/x.com\/bondybloglyon\"]},{\"@type\":\"Person\",\"@id\":\"https:\/\/lyonbondyblog.fr\/LBB\/#\/schema\/person\/558339ea4e67b07f7a2df48e9605b75c\",\"name\":\"Mohamed Braiki\",\"description\":\"Natif de Lyon et enfant des Minguettes, je suis dipl\u00f4m\u00e9 de Lettres de la Fac de Lyon 2 et l\u2019EFAP Rh\u00f4ne Alpes. J\u2019ai roul\u00e9 ma bosse dans des r\u00e9dactions lyonnaises comme la radio Lyon Sport 98.4, Le Progr\u00e8s, Foot 69.fr, Tribune de Lyon et Lyon Capitale. braikimohamed@yahoo.fr\",\"url\":\"https:\/\/lyonbondyblog.fr\/LBB\/author\/mohamed\/\"}]}<\/script>\n<!-- \/ Yoast SEO plugin. -->","yoast_head_json":{"title":"Refugees of Rap : \u00ab Nous \u00e9tions menac\u00e9s par le gouvernement syrien \u00bb - Lyon Bondy Blog","description":"Le LBB a rencontr\u00e9 le groupe syro-palestinien Refugees of Rap lors du Festival RevolusonR. Ils ont connu la guerre en Syrie et l\u2019oppression du gouvernement","robots":{"index":"index","follow":"follow","max-snippet":"max-snippet:-1","max-image-preview":"max-image-preview:large","max-video-preview":"max-video-preview:-1"},"canonical":"https:\/\/lyonbondyblog.fr\/LBB\/syrie-refugees-of-rap-nous-etions-menaces-par-le-gouvernement-syrien\/","og_locale":"fr_FR","og_type":"article","og_title":"Refugees of Rap : \u00ab Nous \u00e9tions menac\u00e9s par le gouvernement syrien \u00bb - Lyon Bondy Blog","og_description":"Le LBB a rencontr\u00e9 le groupe syro-palestinien Refugees of Rap lors du Festival RevolusonR. Ils ont connu la guerre en Syrie et l\u2019oppression du gouvernement","og_url":"https:\/\/lyonbondyblog.fr\/LBB\/syrie-refugees-of-rap-nous-etions-menaces-par-le-gouvernement-syrien\/","og_site_name":"Lyon Bondy Blog","article_publisher":"https:\/\/www.facebook.com\/lyonbondyblog","article_published_time":"2015-07-02T15:55:44+00:00","article_modified_time":"2015-07-16T17:39:40+00:00","og_image":[{"width":640,"height":389,"url":"https:\/\/lyonbondyblog.fr\/LBB\/wp-content\/uploads\/2015\/07\/PhotoUne.jpg","type":"image\/jpeg"}],"author":"Mohamed Braiki","twitter_card":"summary_large_image","twitter_creator":"@bondybloglyon","twitter_site":"@bondybloglyon","schema":{"@context":"https:\/\/schema.org","@graph":[{"@type":"Article","@id":"https:\/\/lyonbondyblog.fr\/LBB\/syrie-refugees-of-rap-nous-etions-menaces-par-le-gouvernement-syrien\/#article","isPartOf":{"@id":"https:\/\/lyonbondyblog.fr\/LBB\/syrie-refugees-of-rap-nous-etions-menaces-par-le-gouvernement-syrien\/"},"author":{"name":"Mohamed Braiki","@id":"https:\/\/lyonbondyblog.fr\/LBB\/#\/schema\/person\/558339ea4e67b07f7a2df48e9605b75c"},"headline":"Refugees of Rap : \u00ab Nous \u00e9tions menac\u00e9s par le gouvernement syrien \u00bb","datePublished":"2015-07-02T15:55:44+00:00","dateModified":"2015-07-16T17:39:40+00:00","mainEntityOfPage":{"@id":"https:\/\/lyonbondyblog.fr\/LBB\/syrie-refugees-of-rap-nous-etions-menaces-par-le-gouvernement-syrien\/"},"wordCount":777,"commentCount":0,"publisher":{"@id":"https:\/\/lyonbondyblog.fr\/LBB\/#organization"},"image":{"@id":"https:\/\/lyonbondyblog.fr\/LBB\/syrie-refugees-of-rap-nous-etions-menaces-par-le-gouvernement-syrien\/#primaryimage"},"thumbnailUrl":"https:\/\/lyonbondyblog.fr\/LBB\/wp-content\/uploads\/2015\/07\/PhotoUne.jpg","keywords":["2015","Allemagne","camp","Danemark","france","guerre","Guerre civile syrienne","international","LBB","Moyen-Orient","office fran\u00e7ais de protection des r\u00e9fugi\u00e9s et apatrides","Palestiniens","Public Enemy","rap","R\u00e9volution (politique et sociale)","Su\u00e8de","Syrie","visa","Yarmouk","Yasser Jamous"],"articleSection":["International","Lyon","Soci\u00e9t\u00e9"],"inLanguage":"fr-FR","potentialAction":[{"@type":"CommentAction","name":"Comment","target":["https:\/\/lyonbondyblog.fr\/LBB\/syrie-refugees-of-rap-nous-etions-menaces-par-le-gouvernement-syrien\/#respond"]}]},{"@type":"WebPage","@id":"https:\/\/lyonbondyblog.fr\/LBB\/syrie-refugees-of-rap-nous-etions-menaces-par-le-gouvernement-syrien\/","url":"https:\/\/lyonbondyblog.fr\/LBB\/syrie-refugees-of-rap-nous-etions-menaces-par-le-gouvernement-syrien\/","name":"Refugees of Rap : \u00ab Nous \u00e9tions menac\u00e9s par le gouvernement syrien \u00bb - Lyon Bondy Blog","isPartOf":{"@id":"https:\/\/lyonbondyblog.fr\/LBB\/#website"},"primaryImageOfPage":{"@id":"https:\/\/lyonbondyblog.fr\/LBB\/syrie-refugees-of-rap-nous-etions-menaces-par-le-gouvernement-syrien\/#primaryimage"},"image":{"@id":"https:\/\/lyonbondyblog.fr\/LBB\/syrie-refugees-of-rap-nous-etions-menaces-par-le-gouvernement-syrien\/#primaryimage"},"thumbnailUrl":"https:\/\/lyonbondyblog.fr\/LBB\/wp-content\/uploads\/2015\/07\/PhotoUne.jpg","datePublished":"2015-07-02T15:55:44+00:00","dateModified":"2015-07-16T17:39:40+00:00","description":"Le LBB a rencontr\u00e9 le groupe syro-palestinien Refugees of Rap lors du Festival RevolusonR. Ils ont connu la guerre en Syrie et l\u2019oppression du gouvernement","inLanguage":"fr-FR","potentialAction":[{"@type":"ReadAction","target":["https:\/\/lyonbondyblog.fr\/LBB\/syrie-refugees-of-rap-nous-etions-menaces-par-le-gouvernement-syrien\/"]}]},{"@type":"ImageObject","inLanguage":"fr-FR","@id":"https:\/\/lyonbondyblog.fr\/LBB\/syrie-refugees-of-rap-nous-etions-menaces-par-le-gouvernement-syrien\/#primaryimage","url":"https:\/\/lyonbondyblog.fr\/LBB\/wp-content\/uploads\/2015\/07\/PhotoUne.jpg","contentUrl":"https:\/\/lyonbondyblog.fr\/LBB\/wp-content\/uploads\/2015\/07\/PhotoUne.jpg","width":640,"height":389},{"@type":"WebSite","@id":"https:\/\/lyonbondyblog.fr\/LBB\/#website","url":"https:\/\/lyonbondyblog.fr\/LBB\/","name":"Lyon Bondy Blog","description":"","publisher":{"@id":"https:\/\/lyonbondyblog.fr\/LBB\/#organization"},"potentialAction":[{"@type":"SearchAction","target":{"@type":"EntryPoint","urlTemplate":"https:\/\/lyonbondyblog.fr\/LBB\/?s={search_term_string}"},"query-input":"required name=search_term_string"}],"inLanguage":"fr-FR"},{"@type":"Organization","@id":"https:\/\/lyonbondyblog.fr\/LBB\/#organization","name":"LYON BONDY BLOG","url":"https:\/\/lyonbondyblog.fr\/LBB\/","logo":{"@type":"ImageObject","inLanguage":"fr-FR","@id":"https:\/\/lyonbondyblog.fr\/LBB\/#\/schema\/logo\/image\/","url":"http:\/\/lyonbondyblog.fr\/LBB\/wp-content\/uploads\/2014\/10\/logo-portable-144.png","contentUrl":"http:\/\/lyonbondyblog.fr\/LBB\/wp-content\/uploads\/2014\/10\/logo-portable-144.png","width":144,"height":123,"caption":"LYON BONDY BLOG"},"image":{"@id":"https:\/\/lyonbondyblog.fr\/LBB\/#\/schema\/logo\/image\/"},"sameAs":["https:\/\/www.facebook.com\/lyonbondyblog","https:\/\/x.com\/bondybloglyon"]},{"@type":"Person","@id":"https:\/\/lyonbondyblog.fr\/LBB\/#\/schema\/person\/558339ea4e67b07f7a2df48e9605b75c","name":"Mohamed Braiki","description":"Natif de Lyon et enfant des Minguettes, je suis dipl\u00f4m\u00e9 de Lettres de la Fac de Lyon 2 et l\u2019EFAP Rh\u00f4ne Alpes. J\u2019ai roul\u00e9 ma bosse dans des r\u00e9dactions lyonnaises comme la radio Lyon Sport 98.4, Le Progr\u00e8s, Foot 69.fr, Tribune de Lyon et Lyon Capitale. braikimohamed@yahoo.fr","url":"https:\/\/lyonbondyblog.fr\/LBB\/author\/mohamed\/"}]}},"_links":{"self":[{"href":"https:\/\/lyonbondyblog.fr\/LBB\/wp-json\/wp\/v2\/posts\/8484","targetHints":{"allow":["GET"]}}],"collection":[{"href":"https:\/\/lyonbondyblog.fr\/LBB\/wp-json\/wp\/v2\/posts"}],"about":[{"href":"https:\/\/lyonbondyblog.fr\/LBB\/wp-json\/wp\/v2\/types\/post"}],"author":[{"embeddable":true,"href":"https:\/\/lyonbondyblog.fr\/LBB\/wp-json\/wp\/v2\/users\/28"}],"replies":[{"embeddable":true,"href":"https:\/\/lyonbondyblog.fr\/LBB\/wp-json\/wp\/v2\/comments?post=8484"}],"version-history":[{"count":0,"href":"https:\/\/lyonbondyblog.fr\/LBB\/wp-json\/wp\/v2\/posts\/8484\/revisions"}],"wp:featuredmedia":[{"embeddable":true,"href":"https:\/\/lyonbondyblog.fr\/LBB\/wp-json\/wp\/v2\/media\/8488"}],"wp:attachment":[{"href":"https:\/\/lyonbondyblog.fr\/LBB\/wp-json\/wp\/v2\/media?parent=8484"}],"wp:term":[{"taxonomy":"category","embeddable":true,"href":"https:\/\/lyonbondyblog.fr\/LBB\/wp-json\/wp\/v2\/categories?post=8484"},{"taxonomy":"post_tag","embeddable":true,"href":"https:\/\/lyonbondyblog.fr\/LBB\/wp-json\/wp\/v2\/tags?post=8484"}],"curies":[{"name":"wp","href":"https:\/\/api.w.org\/{rel}","templated":true}]}}