{"id":8302,"date":"2015-06-08T12:31:51","date_gmt":"2015-06-08T10:31:51","guid":{"rendered":"http:\/\/lyonbondyblog.fr\/LBB\/?p=8302"},"modified":"2015-06-08T00:32:56","modified_gmt":"2015-06-07T22:32:56","slug":"congres-du-parti-socialiste-ps-les-quartiers-populaires-au-coeur-du-debat","status":"publish","type":"post","link":"https:\/\/lyonbondyblog.fr\/LBB\/congres-du-parti-socialiste-ps-les-quartiers-populaires-au-coeur-du-debat\/","title":{"rendered":"Congr\u00e8s du PS\u00a0: Les quartiers populaires au c\u0153ur du d\u00e9bat"},"content":{"rendered":"<p><strong>Depuis un certain nombre d\u2019ann\u00e9es, le Parti socialiste laisse les quartiers populaires de c\u00f4t\u00e9, favorisant une politique plut\u00f4t lib\u00e9rale. L&rsquo;un des enjeux de ce congr\u00e8s est\u00a0de reconqu\u00e9rir ces quartiers et leur \u00e9lectorat plut\u00f4t tourn\u00e9 vers l\u2019extr\u00eame droite.<\/strong><\/p>\n<p>Au congr\u00e8s de Poitiers, les socialistes r\u00e9affirment leurs intentions envers les quartiers populaires. La d\u00e9claration de Manuel Valls concernant \u00ab\u00a0l\u2019apartheid social\u00a0\u00bb fin janvier avait amen\u00e9 le d\u00e9bat au sein de sa majorit\u00e9. Pendant son discours, il r\u00e9affirme que la R\u00e9publique doit \u00eatre le moteur de ces quartiers, pas l\u2019islamisme. Il annonce plusieurs dispositifs qui pourraient aider ces quartiers \u00e0 \u00e9merger, notamment celui de \u00ab\u00a0politique de la ville\u00a0\u00bb, qui pourra accompagner des projets sur le long terme.<\/p>\n<h2>L\u2019abstention inqui\u00e8te<\/h2>\n<p>Tous les socialistes n\u2019approuvent pas la \u00ab\u00a0m\u00e9thode Valls\u00a0\u00bb, notamment Christian Paul, d\u00e9put\u00e9 de la Ni\u00e8vre et chef des fondeurs qui nous d\u00e9clare\u00a0 sur le fort taux d\u2019abstention dans ces quartiers\u00a0:<\/p>\n<blockquote><p>\u00ab\u00a0Depuis 2014, on constate que les jeunes n\u2019ont plus la foi envers les politiques. Il y a \u00e9galement une d\u00e9faillance d\u00e9mocratique tr\u00e8s forte. Je ne l\u2019impute pas aux gens qui ne vont pas voter, mais plut\u00f4t aux politiques qui ne donnent pas envie de voter. C\u2019est au Parti socialiste d\u2019avoir des propositions concr\u00e8tes envers ce public. Mais la politique lib\u00e9rale qu\u2019il propose n\u2019aura jamais une base \u00e9lectorale populaire. L\u2019abstention de l\u2019\u00e9lectorat de gauche favorise la mont\u00e9e du FN. L\u2019argent, il n\u2019y en a jamais assez pour la reconstruction des quartiers. Je pense que la question aujourd\u2019hui est de trouver nouvelles formes d\u00e9mocratiques. Le challenge que nous avons \u00e0 mettre en place est de remettre les citoyens dans le jeu pour produire, avec eux, l\u2019avenir de leur territoire. Cela demande qu\u2019ils nous fassent confiance, mais cela demande du travail \u00bb.<\/p><\/blockquote>\n<p>Il est vrai que les chiffres lors des derni\u00e8res Europ\u00e9ennes lui donnent plut\u00f4t raison. Le gouvernement, voyant ces jeunes d\u00e9river vers les extr\u00eames, tente au cours de ce congr\u00e8s de lancer une op\u00e9ration de s\u00e9duction envers cet \u00e9lectorat oubli\u00e9. Il lance mesure sur mesure, notamment en promettant des cr\u00e9dits importants sur le dispositif de la\u00a0politique de la ville.<\/p>\n<h2>R\u00e9duire les in\u00e9galit\u00e9s, le mot d\u2019ordre<\/h2>\n<p>Depuis une quinzaine d\u2019ann\u00e9es, les in\u00e9galit\u00e9s se creusent entre les jeunes des quartiers populaires et les \u00e9lites. Des centaines de dispositifs, notamment sur les questions d\u2019emploi ou d\u2019insertion sociale, ont \u00e9t\u00e9 mis en place, en vain. Nous interrogeons le ministre du Travail et de l\u2019insertion Fran\u00e7ois Rebsamen sur ces questions\u00a0:<\/p>\n<blockquote>\n<figure id=\"attachment_8307\" aria-describedby=\"caption-attachment-8307\" style=\"width: 250px\" class=\"wp-caption alignright\"><img loading=\"lazy\" decoding=\"async\" class=\"wp-image-8307\" src=\"https:\/\/lyonbondyblog.fr\/LBB\/wp-content\/uploads\/2015\/06\/francois-rebsamen-congres-poitiers-ps.jpg\" alt=\"francois rebsamen congres poitiers ps\" width=\"250\" height=\"425\" srcset=\"https:\/\/lyonbondyblog.fr\/LBB\/wp-content\/uploads\/2015\/06\/francois-rebsamen-congres-poitiers-ps.jpg 300w, https:\/\/lyonbondyblog.fr\/LBB\/wp-content\/uploads\/2015\/06\/francois-rebsamen-congres-poitiers-ps-176x300.jpg 176w\" sizes=\"auto, (max-width: 250px) 100vw, 250px\" \/><figcaption id=\"caption-attachment-8307\" class=\"wp-caption-text\">Fran\u00e7ois Rebsamen, Ministre du travail et de insertion<\/figcaption><\/figure>\n<p>\u00abIl faut l\u2019accompagnement n\u00e9cessaire pour ces jeunes, c\u2019est la priorit\u00e9 de mon minist\u00e8re. Nous avons mis en place un certain nombre de <a href=\"https:\/\/lyonbondyblog.fr\/LBB\/une-vraie-deuxieme-chance-pour-les-quartiers\/\">dispositifs comme le \u00ab\u00a0pack de la deuxi\u00e8me chance\u00a0\u00bb<\/a>. Cela a permis \u00e0 un certain nombre de jeunes issus de ces quartiers de retrouver du travail. Je crois qu\u2019il faut continuer dans ce sens-l\u00e0. Nous allons mettre en place un nouveau dispositif, \u00ab\u00a0les contrats starters\u00a0\u00bb, \u00e0 cause d\u2019une discrimination assez \u00e9lev\u00e9e, concernant plus les jeunes gar\u00e7ons que les jeunes filles des quartiers. J\u2019ai donc demand\u00e9 au Pr\u00e9fet de R\u00e9gion de recenser, personne par personne, tous les dipl\u00f4m\u00e9s et tous les qualifi\u00e9s dans les quartiers et qui n\u2019ont pas eu de proposition. Pour ceux qui sont plus loin de l\u2019emploi, on a mis en place avec l\u2019Union Europ\u00e9enne la garantie jeune. Ce dispositif permettra \u00e0 des groupes de quinze jeunes, accompagn\u00e9s pendant un an par les missions locales, d\u2019avoir non-seulement une indemnit\u00e9 de l\u2019ordre de 500 euros par mois, mais \u00e9galement un suivi sur la recherche d\u2019un emploi et sur le savoir-\u00eatre. Cela est en train de porter ses fruits. Je suis all\u00e9 dans plusieurs quartiers fran\u00e7ais constater ce travail. Cela commence \u00e0 avancer. Je reste \u00e0 la disposition des jeunes en mati\u00e8re d\u2019emploi.\u00a0\u00bb<\/p><\/blockquote>\n<p>C&rsquo;est bien beau de mettre plusieurs dispositifs en place, mais cela repr\u00e9sente quand m\u00eame un travail de fourmi, notamment au sein des collectivit\u00e9s locales et territoriales. On peut \u00e9galement parler des patrons qui ne jouent pas le jeu. Ces derniers n\u2019aiment pas forc\u00e9ment recruter des jeunes issus des quartiers. Le meilleur moyen de faire avancer ces questions serait-il de punir financi\u00e8rement ces entreprises qui ne jouent pas le jeu\u00a0? Et la discrimination\u00a0? Que Faire\u00a0? Ces jeunes se sentent oubli\u00e9s par les politiques. Ce qui peut expliquer parfois leur radicalisation. Nous esp\u00e9rons que ces mesures permettront \u00e0 ces jeunes de respirer et de trouver une stabilit\u00e9 dans leur vie.<\/p>\n<p>Il reste deux ans au PS pour convaincre les fran\u00e7ais et rester \u00e0 la t\u00eate du pays. Ils promettent monts et merveilles pour que l\u2019\u00e9lectorat des quartiers populaires revienne vers le gouvernement. Ce congr\u00e8s est une \u00ab\u00a0drague \u00e9lectorale\u00a0\u00bb pour aplanir les angles. Deux ans, c\u2019est peu pour r\u00e9duire ces in\u00e9galit\u00e9s. Vont-ils y parvenir ? Rien n\u2019est moins s\u00fbr. Mais les cadres du parti assurent qu\u2019ils prennent la probl\u00e9matique \u00e0 bras le corps. Tout va bien (ou pas).<\/p>\n<p>&nbsp;<\/p>\n<!-- AddThis Advanced Settings generic via filter on the_content --><!-- AddThis Share Buttons generic via filter on the_content -->","protected":false},"excerpt":{"rendered":"<p>Depuis un certain nombre d\u2019ann\u00e9es, le Parti socialiste laisse les quartiers populaires de c\u00f4t\u00e9, favorisant une politique plut\u00f4t lib\u00e9rale. L&rsquo;un des enjeux de ce congr\u00e8s &hellip; <!-- AddThis Advanced Settings generic via filter on wp_trim_excerpt --><!-- AddThis Share Buttons generic via filter on wp_trim_excerpt --><\/p>\n","protected":false},"author":33,"featured_media":8304,"comment_status":"open","ping_status":"open","sticky":false,"template":"","format":"standard","meta":{"_FSMCFIC_featured_image_caption":"","_FSMCFIC_featured_image_nocaption":"","_FSMCFIC_featured_image_hide":"","footnotes":""},"categories":[8,4,6],"tags":[362,1371,1798,1611,249,1559,1795,603,602,1799,1706,560,824,363,140,1140,1800,1347,399,807,135,1794,1372,1264,1797,165,1354,1579,1171,1081,1796,1536],"class_list":["post-8302","post","type-post","status-publish","format-standard","has-post-thumbnail","hentry","category-france","category-lyon","category-politique","tag-abstention","tag-apartheid","tag-christian-paul-homme-politique","tag-citoyennete","tag-citoyens","tag-collectivite-territoriale-en-france","tag-corps-electoral","tag-debat","tag-democratie","tag-depute","tag-discours","tag-discrimination","tag-egalite","tag-emploi","tag-entreprise","tag-francois-hollande","tag-francois-rebsamen","tag-gauche-politique","tag-gouvernement","tag-inegalite","tag-lbb","tag-liberalisme","tag-manuel-valls","tag-parti-socialiste-france","tag-poitiers","tag-politique-2","tag-politique-de-la-ville","tag-prefet-de-region","tag-quartiers-populaires","tag-social","tag-socialisme","tag-travail-economie"],"yoast_head":"<!-- This site is optimized with the Yoast SEO plugin v22.8 - https:\/\/yoast.com\/wordpress\/plugins\/seo\/ -->\n<title>Congr\u00e8s PS\u00a0: Les quartiers populaires au c\u0153ur du d\u00e9bat<\/title>\n<meta name=\"description\" content=\"Le LBB s&#039;est rendu au congr\u00e8s PS de Poitiers pour voir si les instances du parti se souciaient des quartiers populaires. En tout cas ils en parlent\" \/>\n<meta name=\"robots\" content=\"index, follow, max-snippet:-1, max-image-preview:large, max-video-preview:-1\" \/>\n<link rel=\"canonical\" href=\"https:\/\/lyonbondyblog.fr\/LBB\/congres-du-parti-socialiste-ps-les-quartiers-populaires-au-coeur-du-debat\/\" \/>\n<meta property=\"og:locale\" content=\"fr_FR\" \/>\n<meta property=\"og:type\" content=\"article\" \/>\n<meta property=\"og:title\" content=\"Congr\u00e8s PS\u00a0: Les quartiers populaires au c\u0153ur du d\u00e9bat\" \/>\n<meta property=\"og:description\" content=\"Le LBB s&#039;est rendu au congr\u00e8s PS de Poitiers pour voir si les instances du parti se souciaient des quartiers populaires. En tout cas ils en parlent\" \/>\n<meta property=\"og:url\" content=\"https:\/\/lyonbondyblog.fr\/LBB\/congres-du-parti-socialiste-ps-les-quartiers-populaires-au-coeur-du-debat\/\" \/>\n<meta property=\"og:site_name\" content=\"Lyon Bondy Blog\" \/>\n<meta property=\"article:publisher\" content=\"https:\/\/www.facebook.com\/lyonbondyblog\" \/>\n<meta property=\"article:published_time\" content=\"2015-06-08T10:31:51+00:00\" \/>\n<meta property=\"article:modified_time\" content=\"2015-06-07T22:32:56+00:00\" \/>\n<meta property=\"og:image\" content=\"https:\/\/lyonbondyblog.fr\/LBB\/wp-content\/uploads\/2015\/06\/11424725_1110853695608526_6040382526702951542_o.jpg\" \/>\n\t<meta property=\"og:image:width\" content=\"2048\" \/>\n\t<meta property=\"og:image:height\" content=\"1152\" \/>\n\t<meta property=\"og:image:type\" content=\"image\/jpeg\" \/>\n<meta name=\"author\" content=\"Etienne Aazzab\" \/>\n<meta name=\"twitter:card\" content=\"summary_large_image\" \/>\n<meta name=\"twitter:creator\" content=\"@AazzabEtienne\" \/>\n<meta name=\"twitter:site\" content=\"@bondybloglyon\" \/>\n<script type=\"application\/ld+json\" class=\"yoast-schema-graph\">{\"@context\":\"https:\/\/schema.org\",\"@graph\":[{\"@type\":\"Article\",\"@id\":\"https:\/\/lyonbondyblog.fr\/LBB\/congres-du-parti-socialiste-ps-les-quartiers-populaires-au-coeur-du-debat\/#article\",\"isPartOf\":{\"@id\":\"https:\/\/lyonbondyblog.fr\/LBB\/congres-du-parti-socialiste-ps-les-quartiers-populaires-au-coeur-du-debat\/\"},\"author\":{\"name\":\"Etienne Aazzab\",\"@id\":\"https:\/\/lyonbondyblog.fr\/LBB\/#\/schema\/person\/5e9904261c1f613c8e6ea22045b1353d\"},\"headline\":\"Congr\u00e8s du PS\u00a0: Les quartiers populaires au c\u0153ur du d\u00e9bat\",\"datePublished\":\"2015-06-08T10:31:51+00:00\",\"dateModified\":\"2015-06-07T22:32:56+00:00\",\"mainEntityOfPage\":{\"@id\":\"https:\/\/lyonbondyblog.fr\/LBB\/congres-du-parti-socialiste-ps-les-quartiers-populaires-au-coeur-du-debat\/\"},\"wordCount\":920,\"commentCount\":0,\"publisher\":{\"@id\":\"https:\/\/lyonbondyblog.fr\/LBB\/#organization\"},\"image\":{\"@id\":\"https:\/\/lyonbondyblog.fr\/LBB\/congres-du-parti-socialiste-ps-les-quartiers-populaires-au-coeur-du-debat\/#primaryimage\"},\"thumbnailUrl\":\"https:\/\/lyonbondyblog.fr\/LBB\/wp-content\/uploads\/2015\/06\/11424725_1110853695608526_6040382526702951542_o.jpg\",\"keywords\":[\"abstention\",\"Apartheid\",\"Christian Paul (homme politique)\",\"Citoyennet\u00e9\",\"citoyens\",\"Collectivit\u00e9 territoriale en France\",\"Corps \u00e9lectoral\",\"d\u00e9bat\",\"d\u00e9mocratie\",\"D\u00e9put\u00e9\",\"Discours\",\"discrimination\",\"\u00e9galit\u00e9\",\"emploi\",\"entreprise\",\"Fran\u00e7ois Hollande\",\"Fran\u00e7ois Rebsamen\",\"Gauche (politique)\",\"gouvernement\",\"in\u00e9galit\u00e9\",\"LBB\",\"Lib\u00e9ralisme\",\"Manuel Valls\",\"Parti socialiste (France)\",\"Poitiers\",\"politique\",\"Politique de la ville\",\"Pr\u00e9fet de r\u00e9gion\",\"quartiers populaires\",\"social\",\"Socialisme\",\"Travail (\u00e9conomie)\"],\"articleSection\":[\"France\",\"Lyon\",\"Politique\"],\"inLanguage\":\"fr-FR\",\"potentialAction\":[{\"@type\":\"CommentAction\",\"name\":\"Comment\",\"target\":[\"https:\/\/lyonbondyblog.fr\/LBB\/congres-du-parti-socialiste-ps-les-quartiers-populaires-au-coeur-du-debat\/#respond\"]}]},{\"@type\":\"WebPage\",\"@id\":\"https:\/\/lyonbondyblog.fr\/LBB\/congres-du-parti-socialiste-ps-les-quartiers-populaires-au-coeur-du-debat\/\",\"url\":\"https:\/\/lyonbondyblog.fr\/LBB\/congres-du-parti-socialiste-ps-les-quartiers-populaires-au-coeur-du-debat\/\",\"name\":\"Congr\u00e8s PS\u00a0: Les quartiers populaires au c\u0153ur du d\u00e9bat\",\"isPartOf\":{\"@id\":\"https:\/\/lyonbondyblog.fr\/LBB\/#website\"},\"primaryImageOfPage\":{\"@id\":\"https:\/\/lyonbondyblog.fr\/LBB\/congres-du-parti-socialiste-ps-les-quartiers-populaires-au-coeur-du-debat\/#primaryimage\"},\"image\":{\"@id\":\"https:\/\/lyonbondyblog.fr\/LBB\/congres-du-parti-socialiste-ps-les-quartiers-populaires-au-coeur-du-debat\/#primaryimage\"},\"thumbnailUrl\":\"https:\/\/lyonbondyblog.fr\/LBB\/wp-content\/uploads\/2015\/06\/11424725_1110853695608526_6040382526702951542_o.jpg\",\"datePublished\":\"2015-06-08T10:31:51+00:00\",\"dateModified\":\"2015-06-07T22:32:56+00:00\",\"description\":\"Le LBB s'est rendu au congr\u00e8s PS de Poitiers pour voir si les instances du parti se souciaient des quartiers populaires. En tout cas ils en parlent\",\"inLanguage\":\"fr-FR\",\"potentialAction\":[{\"@type\":\"ReadAction\",\"target\":[\"https:\/\/lyonbondyblog.fr\/LBB\/congres-du-parti-socialiste-ps-les-quartiers-populaires-au-coeur-du-debat\/\"]}]},{\"@type\":\"ImageObject\",\"inLanguage\":\"fr-FR\",\"@id\":\"https:\/\/lyonbondyblog.fr\/LBB\/congres-du-parti-socialiste-ps-les-quartiers-populaires-au-coeur-du-debat\/#primaryimage\",\"url\":\"https:\/\/lyonbondyblog.fr\/LBB\/wp-content\/uploads\/2015\/06\/11424725_1110853695608526_6040382526702951542_o.jpg\",\"contentUrl\":\"https:\/\/lyonbondyblog.fr\/LBB\/wp-content\/uploads\/2015\/06\/11424725_1110853695608526_6040382526702951542_o.jpg\",\"width\":2048,\"height\":1152},{\"@type\":\"WebSite\",\"@id\":\"https:\/\/lyonbondyblog.fr\/LBB\/#website\",\"url\":\"https:\/\/lyonbondyblog.fr\/LBB\/\",\"name\":\"Lyon Bondy Blog\",\"description\":\"\",\"publisher\":{\"@id\":\"https:\/\/lyonbondyblog.fr\/LBB\/#organization\"},\"potentialAction\":[{\"@type\":\"SearchAction\",\"target\":{\"@type\":\"EntryPoint\",\"urlTemplate\":\"https:\/\/lyonbondyblog.fr\/LBB\/?s={search_term_string}\"},\"query-input\":\"required name=search_term_string\"}],\"inLanguage\":\"fr-FR\"},{\"@type\":\"Organization\",\"@id\":\"https:\/\/lyonbondyblog.fr\/LBB\/#organization\",\"name\":\"LYON BONDY BLOG\",\"url\":\"https:\/\/lyonbondyblog.fr\/LBB\/\",\"logo\":{\"@type\":\"ImageObject\",\"inLanguage\":\"fr-FR\",\"@id\":\"https:\/\/lyonbondyblog.fr\/LBB\/#\/schema\/logo\/image\/\",\"url\":\"http:\/\/lyonbondyblog.fr\/LBB\/wp-content\/uploads\/2014\/10\/logo-portable-144.png\",\"contentUrl\":\"http:\/\/lyonbondyblog.fr\/LBB\/wp-content\/uploads\/2014\/10\/logo-portable-144.png\",\"width\":144,\"height\":123,\"caption\":\"LYON BONDY BLOG\"},\"image\":{\"@id\":\"https:\/\/lyonbondyblog.fr\/LBB\/#\/schema\/logo\/image\/\"},\"sameAs\":[\"https:\/\/www.facebook.com\/lyonbondyblog\",\"https:\/\/x.com\/bondybloglyon\"]},{\"@type\":\"Person\",\"@id\":\"https:\/\/lyonbondyblog.fr\/LBB\/#\/schema\/person\/5e9904261c1f613c8e6ea22045b1353d\",\"name\":\"Etienne Aazzab\",\"description\":\"Etienne a contribu\u00e9 depuis 2 ans dans le journal satirique FOUTOU\u2019ART. Il a int\u00e9gr\u00e9 l\u2019\u00e9quipe du \u00ab clic 2014 \u00bb : Collectif local d\u2019informations citoyennes \u00e0 partir de novembre 2013. Il rejoint le Lyon Bondy Blog \u00e0 partir de janvier 2014. Twitter : @AazzabEtienne Ses sujets de pr\u00e9dilection : #Politique #Soci\u00e9t\u00e9 #Sport\",\"sameAs\":[\"https:\/\/x.com\/AazzabEtienne\"],\"url\":\"https:\/\/lyonbondyblog.fr\/LBB\/author\/etienne\/\"}]}<\/script>\n<!-- \/ Yoast SEO plugin. -->","yoast_head_json":{"title":"Congr\u00e8s PS\u00a0: Les quartiers populaires au c\u0153ur du d\u00e9bat","description":"Le LBB s'est rendu au congr\u00e8s PS de Poitiers pour voir si les instances du parti se souciaient des quartiers populaires. En tout cas ils en parlent","robots":{"index":"index","follow":"follow","max-snippet":"max-snippet:-1","max-image-preview":"max-image-preview:large","max-video-preview":"max-video-preview:-1"},"canonical":"https:\/\/lyonbondyblog.fr\/LBB\/congres-du-parti-socialiste-ps-les-quartiers-populaires-au-coeur-du-debat\/","og_locale":"fr_FR","og_type":"article","og_title":"Congr\u00e8s PS\u00a0: Les quartiers populaires au c\u0153ur du d\u00e9bat","og_description":"Le LBB s'est rendu au congr\u00e8s PS de Poitiers pour voir si les instances du parti se souciaient des quartiers populaires. En tout cas ils en parlent","og_url":"https:\/\/lyonbondyblog.fr\/LBB\/congres-du-parti-socialiste-ps-les-quartiers-populaires-au-coeur-du-debat\/","og_site_name":"Lyon Bondy Blog","article_publisher":"https:\/\/www.facebook.com\/lyonbondyblog","article_published_time":"2015-06-08T10:31:51+00:00","article_modified_time":"2015-06-07T22:32:56+00:00","og_image":[{"width":2048,"height":1152,"url":"https:\/\/lyonbondyblog.fr\/LBB\/wp-content\/uploads\/2015\/06\/11424725_1110853695608526_6040382526702951542_o.jpg","type":"image\/jpeg"}],"author":"Etienne Aazzab","twitter_card":"summary_large_image","twitter_creator":"@AazzabEtienne","twitter_site":"@bondybloglyon","schema":{"@context":"https:\/\/schema.org","@graph":[{"@type":"Article","@id":"https:\/\/lyonbondyblog.fr\/LBB\/congres-du-parti-socialiste-ps-les-quartiers-populaires-au-coeur-du-debat\/#article","isPartOf":{"@id":"https:\/\/lyonbondyblog.fr\/LBB\/congres-du-parti-socialiste-ps-les-quartiers-populaires-au-coeur-du-debat\/"},"author":{"name":"Etienne Aazzab","@id":"https:\/\/lyonbondyblog.fr\/LBB\/#\/schema\/person\/5e9904261c1f613c8e6ea22045b1353d"},"headline":"Congr\u00e8s du PS\u00a0: Les quartiers populaires au c\u0153ur du d\u00e9bat","datePublished":"2015-06-08T10:31:51+00:00","dateModified":"2015-06-07T22:32:56+00:00","mainEntityOfPage":{"@id":"https:\/\/lyonbondyblog.fr\/LBB\/congres-du-parti-socialiste-ps-les-quartiers-populaires-au-coeur-du-debat\/"},"wordCount":920,"commentCount":0,"publisher":{"@id":"https:\/\/lyonbondyblog.fr\/LBB\/#organization"},"image":{"@id":"https:\/\/lyonbondyblog.fr\/LBB\/congres-du-parti-socialiste-ps-les-quartiers-populaires-au-coeur-du-debat\/#primaryimage"},"thumbnailUrl":"https:\/\/lyonbondyblog.fr\/LBB\/wp-content\/uploads\/2015\/06\/11424725_1110853695608526_6040382526702951542_o.jpg","keywords":["abstention","Apartheid","Christian Paul (homme politique)","Citoyennet\u00e9","citoyens","Collectivit\u00e9 territoriale en France","Corps \u00e9lectoral","d\u00e9bat","d\u00e9mocratie","D\u00e9put\u00e9","Discours","discrimination","\u00e9galit\u00e9","emploi","entreprise","Fran\u00e7ois Hollande","Fran\u00e7ois Rebsamen","Gauche (politique)","gouvernement","in\u00e9galit\u00e9","LBB","Lib\u00e9ralisme","Manuel Valls","Parti socialiste (France)","Poitiers","politique","Politique de la ville","Pr\u00e9fet de r\u00e9gion","quartiers populaires","social","Socialisme","Travail (\u00e9conomie)"],"articleSection":["France","Lyon","Politique"],"inLanguage":"fr-FR","potentialAction":[{"@type":"CommentAction","name":"Comment","target":["https:\/\/lyonbondyblog.fr\/LBB\/congres-du-parti-socialiste-ps-les-quartiers-populaires-au-coeur-du-debat\/#respond"]}]},{"@type":"WebPage","@id":"https:\/\/lyonbondyblog.fr\/LBB\/congres-du-parti-socialiste-ps-les-quartiers-populaires-au-coeur-du-debat\/","url":"https:\/\/lyonbondyblog.fr\/LBB\/congres-du-parti-socialiste-ps-les-quartiers-populaires-au-coeur-du-debat\/","name":"Congr\u00e8s PS\u00a0: Les quartiers populaires au c\u0153ur du d\u00e9bat","isPartOf":{"@id":"https:\/\/lyonbondyblog.fr\/LBB\/#website"},"primaryImageOfPage":{"@id":"https:\/\/lyonbondyblog.fr\/LBB\/congres-du-parti-socialiste-ps-les-quartiers-populaires-au-coeur-du-debat\/#primaryimage"},"image":{"@id":"https:\/\/lyonbondyblog.fr\/LBB\/congres-du-parti-socialiste-ps-les-quartiers-populaires-au-coeur-du-debat\/#primaryimage"},"thumbnailUrl":"https:\/\/lyonbondyblog.fr\/LBB\/wp-content\/uploads\/2015\/06\/11424725_1110853695608526_6040382526702951542_o.jpg","datePublished":"2015-06-08T10:31:51+00:00","dateModified":"2015-06-07T22:32:56+00:00","description":"Le LBB s'est rendu au congr\u00e8s PS de Poitiers pour voir si les instances du parti se souciaient des quartiers populaires. En tout cas ils en parlent","inLanguage":"fr-FR","potentialAction":[{"@type":"ReadAction","target":["https:\/\/lyonbondyblog.fr\/LBB\/congres-du-parti-socialiste-ps-les-quartiers-populaires-au-coeur-du-debat\/"]}]},{"@type":"ImageObject","inLanguage":"fr-FR","@id":"https:\/\/lyonbondyblog.fr\/LBB\/congres-du-parti-socialiste-ps-les-quartiers-populaires-au-coeur-du-debat\/#primaryimage","url":"https:\/\/lyonbondyblog.fr\/LBB\/wp-content\/uploads\/2015\/06\/11424725_1110853695608526_6040382526702951542_o.jpg","contentUrl":"https:\/\/lyonbondyblog.fr\/LBB\/wp-content\/uploads\/2015\/06\/11424725_1110853695608526_6040382526702951542_o.jpg","width":2048,"height":1152},{"@type":"WebSite","@id":"https:\/\/lyonbondyblog.fr\/LBB\/#website","url":"https:\/\/lyonbondyblog.fr\/LBB\/","name":"Lyon Bondy Blog","description":"","publisher":{"@id":"https:\/\/lyonbondyblog.fr\/LBB\/#organization"},"potentialAction":[{"@type":"SearchAction","target":{"@type":"EntryPoint","urlTemplate":"https:\/\/lyonbondyblog.fr\/LBB\/?s={search_term_string}"},"query-input":"required name=search_term_string"}],"inLanguage":"fr-FR"},{"@type":"Organization","@id":"https:\/\/lyonbondyblog.fr\/LBB\/#organization","name":"LYON BONDY BLOG","url":"https:\/\/lyonbondyblog.fr\/LBB\/","logo":{"@type":"ImageObject","inLanguage":"fr-FR","@id":"https:\/\/lyonbondyblog.fr\/LBB\/#\/schema\/logo\/image\/","url":"http:\/\/lyonbondyblog.fr\/LBB\/wp-content\/uploads\/2014\/10\/logo-portable-144.png","contentUrl":"http:\/\/lyonbondyblog.fr\/LBB\/wp-content\/uploads\/2014\/10\/logo-portable-144.png","width":144,"height":123,"caption":"LYON BONDY BLOG"},"image":{"@id":"https:\/\/lyonbondyblog.fr\/LBB\/#\/schema\/logo\/image\/"},"sameAs":["https:\/\/www.facebook.com\/lyonbondyblog","https:\/\/x.com\/bondybloglyon"]},{"@type":"Person","@id":"https:\/\/lyonbondyblog.fr\/LBB\/#\/schema\/person\/5e9904261c1f613c8e6ea22045b1353d","name":"Etienne Aazzab","description":"Etienne a contribu\u00e9 depuis 2 ans dans le journal satirique FOUTOU\u2019ART. Il a int\u00e9gr\u00e9 l\u2019\u00e9quipe du \u00ab clic 2014 \u00bb : Collectif local d\u2019informations citoyennes \u00e0 partir de novembre 2013. Il rejoint le Lyon Bondy Blog \u00e0 partir de janvier 2014. Twitter : @AazzabEtienne Ses sujets de pr\u00e9dilection : #Politique #Soci\u00e9t\u00e9 #Sport","sameAs":["https:\/\/x.com\/AazzabEtienne"],"url":"https:\/\/lyonbondyblog.fr\/LBB\/author\/etienne\/"}]}},"_links":{"self":[{"href":"https:\/\/lyonbondyblog.fr\/LBB\/wp-json\/wp\/v2\/posts\/8302","targetHints":{"allow":["GET"]}}],"collection":[{"href":"https:\/\/lyonbondyblog.fr\/LBB\/wp-json\/wp\/v2\/posts"}],"about":[{"href":"https:\/\/lyonbondyblog.fr\/LBB\/wp-json\/wp\/v2\/types\/post"}],"author":[{"embeddable":true,"href":"https:\/\/lyonbondyblog.fr\/LBB\/wp-json\/wp\/v2\/users\/33"}],"replies":[{"embeddable":true,"href":"https:\/\/lyonbondyblog.fr\/LBB\/wp-json\/wp\/v2\/comments?post=8302"}],"version-history":[{"count":0,"href":"https:\/\/lyonbondyblog.fr\/LBB\/wp-json\/wp\/v2\/posts\/8302\/revisions"}],"wp:featuredmedia":[{"embeddable":true,"href":"https:\/\/lyonbondyblog.fr\/LBB\/wp-json\/wp\/v2\/media\/8304"}],"wp:attachment":[{"href":"https:\/\/lyonbondyblog.fr\/LBB\/wp-json\/wp\/v2\/media?parent=8302"}],"wp:term":[{"taxonomy":"category","embeddable":true,"href":"https:\/\/lyonbondyblog.fr\/LBB\/wp-json\/wp\/v2\/categories?post=8302"},{"taxonomy":"post_tag","embeddable":true,"href":"https:\/\/lyonbondyblog.fr\/LBB\/wp-json\/wp\/v2\/tags?post=8302"}],"curies":[{"name":"wp","href":"https:\/\/api.w.org\/{rel}","templated":true}]}}