{"id":8234,"date":"2015-06-04T16:37:50","date_gmt":"2015-06-04T14:37:50","guid":{"rendered":"http:\/\/lyonbondyblog.fr\/LBB\/?p=8234"},"modified":"2015-07-30T21:56:56","modified_gmt":"2015-07-30T19:56:56","slug":"loriginal-j-p-g-saffirme-definitivement","status":"publish","type":"post","link":"https:\/\/lyonbondyblog.fr\/LBB\/loriginal-j-p-g-saffirme-definitivement\/","title":{"rendered":"L\u2019Original\u00a0: J.p.G s\u2019affirme d\u00e9finitivement"},"content":{"rendered":"<p><strong>inoundi, pour le\u00a0troisi\u00e8me show du festival l\u2019Original, le public a appr\u00e9ci\u00e9 avec effervescence la prestation du rappeur villeurbanais J.p.G, vainqueur du Buzz Booster\u00a02015. Ce dernier s\u2019av\u00e8re \u00eatre un grand activiste sur le front du hip-hop lyonnais. Il passait en premi\u00e8re partie de l\u2019am\u00e9ricain Joey Badass. Rencontre. <\/strong><\/p>\n<p>&nbsp;<\/p>\n<p>Tremplin incontournable dans le monde du hip-hop fran\u00e7ais, <a href=\"http:\/\/www.mouv.fr\/evenement-mouv-partenaire-de-la-finale-du-buzz-booster-2015\">le Buzz Booster permet de sortir d\u00e9finitivement de l\u2019ombre des talents<\/a> qui souvent ne sont pas des novices. Dans la r\u00e9gion Rh\u00f4ne-Alpes, Lyon a souvent \u00e9t\u00e9 tr\u00e8s bien repr\u00e9sent\u00e9e avec les M8HS (2009), Nanoo du groupe La Fusillade (2011), l\u2019Inso des M8HS (2012), Yoko (2013) ou Gerri Madani (2014). J.p.G, qui a inscrit son nom au palmar\u00e8s r\u00e9gional de la sixi\u00e8me \u00e9dition, apporte cette ann\u00e9e une touche tout \u00e0 fait diff\u00e9rente.<\/p>\n<p><img loading=\"lazy\" decoding=\"async\" class=\"alignright wp-image-8237 size-full\" src=\"https:\/\/lyonbondyblog.fr\/LBB\/wp-content\/uploads\/2015\/06\/JPG-vainqueur-de-loriginal-Rh\u00f4ne-Alpes.jpg\" alt=\"JPG vainqueur de l'original Rh\u00f4ne Alpes\" width=\"271\" height=\"395\" srcset=\"https:\/\/lyonbondyblog.fr\/LBB\/wp-content\/uploads\/2015\/06\/JPG-vainqueur-de-loriginal-Rh\u00f4ne-Alpes.jpg 271w, https:\/\/lyonbondyblog.fr\/LBB\/wp-content\/uploads\/2015\/06\/JPG-vainqueur-de-loriginal-Rh\u00f4ne-Alpes-206x300.jpg 206w\" sizes=\"auto, (max-width: 271px) 100vw, 271px\" \/>Dans la grande salle du Transbordeur, on revenait aux ambiances du vrai rap fran\u00e7ais. Le flow coulait, le texte s\u2019allongeait dans un \u00e9cho qui a emport\u00e9 la salle. J.p.G et son comparse Nabil sont des po\u00e8tes dont l\u2019attitude tranche avec celle de l\u2019am\u00e9ricain Joey Badass. A la fin du morceau, le beat s\u2019att\u00e9nue et les derni\u00e8res paroles du texte \u00e0 capella coupent le souffle au public.<\/p>\n<p>Le rappeur est n\u00e9 \u00e0 Yaound\u00e9 en 1990,\u00a0<a href=\"http:\/\/fr.wikipedia.org\/wiki\/%C3%89quipe_du_Cameroun_de_football_%C3%A0_la_Coupe_du_monde_1990\">\u00ab\u00a0quand les Lions indomptables sont all\u00e9s jusqu\u2019en quart de finale de la coupe du monde.\u00a0\u00bb<\/a> Tient-il \u00e0 souligner. Pour l\u2019artiste issu des quartiers aux alentours des Buers et de Croix Luizet, la rencontre avec le rap s\u2019est faite en 1993 avec les albums de MC Solar \u00ab\u00a0Qui s\u00e8me le vent r\u00e9colte le tempo\u00a0\u00bb et de Supr\u00eame NTM \u00ab\u00a0Paris sous les bombes\u00a0\u00bb en 1994. Il d\u00e9bute en 2003 avec le groupe Unit\u00e9 Africaine qu\u2019il cr\u00e9e avec son ami rencontr\u00e9 au coll\u00e8ge Nabil (27 ans), d\u00e9sormais son backeur sur sc\u00e8ne.<\/p>\n<h2>Un best of pour commencer<\/h2>\n<p>J.p.G ne fait rien comme les autres. Il aime les parcours al\u00e9atoires. <span id=\"yui_3_16_0_1_1433436860095_11757\">Il sort<\/span>\u00a0le premier morceau enregistr\u00e9 \u00ab\u00a0Still lyonnais\u00a0\u00bb sur la production \u00a0\u00bb Still Dre\u00a0\u00bb alors qu&rsquo;il est en 4\u00e8me.\u00a0En 2011, arrive un premier street albums gratuit de seize titres \u00ab\u00a0Premi\u00e8res esquisses\u00a0\u00bb <a href=\"http:\/\/nemesismusique.com\/artists\/j-p-g\/\">avec le label Nemesis Music<\/a> cr\u00e9e en 2010 avec Nabil et le producteur ALY\u00e9 qui est en fait un premier best of des chansons qu\u2019il avait \u00e9crites avec \u00ab\u00a0Pompafrika\u00a0\u00bb, l\u2019un des titres majeurs de son r\u00e9pertoire.<\/p>\n<p><img loading=\"lazy\" decoding=\"async\" class=\"alignleft wp-image-8238 size-medium\" src=\"https:\/\/lyonbondyblog.fr\/LBB\/wp-content\/uploads\/2015\/06\/jpg-esquissecover-1024x1024-300x300.jpg\" alt=\"jpg-esquissecover-1024x1024\" width=\"300\" height=\"300\" srcset=\"https:\/\/lyonbondyblog.fr\/LBB\/wp-content\/uploads\/2015\/06\/jpg-esquissecover-1024x1024-300x300.jpg 300w, https:\/\/lyonbondyblog.fr\/LBB\/wp-content\/uploads\/2015\/06\/jpg-esquissecover-1024x1024-150x150.jpg 150w, https:\/\/lyonbondyblog.fr\/LBB\/wp-content\/uploads\/2015\/06\/jpg-esquissecover-1024x1024-600x600.jpg 600w, https:\/\/lyonbondyblog.fr\/LBB\/wp-content\/uploads\/2015\/06\/jpg-esquissecover-1024x1024-360x360.jpg 360w, https:\/\/lyonbondyblog.fr\/LBB\/wp-content\/uploads\/2015\/06\/jpg-esquissecover-1024x1024-750x750.jpg 750w, https:\/\/lyonbondyblog.fr\/LBB\/wp-content\/uploads\/2015\/06\/jpg-esquissecover-1024x1024-32x32.jpg 32w, https:\/\/lyonbondyblog.fr\/LBB\/wp-content\/uploads\/2015\/06\/jpg-esquissecover-1024x1024-64x64.jpg 64w, https:\/\/lyonbondyblog.fr\/LBB\/wp-content\/uploads\/2015\/06\/jpg-esquissecover-1024x1024-96x96.jpg 96w, https:\/\/lyonbondyblog.fr\/LBB\/wp-content\/uploads\/2015\/06\/jpg-esquissecover-1024x1024-128x128.jpg 128w, https:\/\/lyonbondyblog.fr\/LBB\/wp-content\/uploads\/2015\/06\/jpg-esquissecover-1024x1024-100x100.jpg 100w, https:\/\/lyonbondyblog.fr\/LBB\/wp-content\/uploads\/2015\/06\/jpg-esquissecover-1024x1024-200x200.jpg 200w, https:\/\/lyonbondyblog.fr\/LBB\/wp-content\/uploads\/2015\/06\/jpg-esquissecover-1024x1024.jpg 1024w\" sizes=\"auto, (max-width: 300px) 100vw, 300px\" \/>La m\u00eame ann\u00e9e, l\u2019album \u00ab\u00a0Un pas vers la vengeance\u00a0\u00bb a rassembl\u00e9 des Lyonnais, des Am\u00e9ricains du label ind\u00e9pendant Hard Hitters\u00a0et des Parisiens sur vingt-trois sons. Lilou des Pockemon, Narco ou Libre Penseur y ont particip\u00e9.<\/p>\n<h2>Un MC activiste et actif<\/h2>\n<p>Le rappeur villeurbannais J.p.G revendique un c\u00f4t\u00e9 activiste dans le hip-hop\u00a0: <em>\u00ab\u00a0Je m\u2019int\u00e9resse \u00e0 la danse et au graphiti, j\u2019ai des nombreux amis breakers. Je n\u2019ai pas vraiment de ranc\u0153ur contre le rap commercial, je fais mon truc. Ceux qui aiment tant mieux, ceux qui n\u2019aiment pas tant pis\u00a0!\u00a0\u00bb<\/em><\/p>\n<p>C\u2019est\u00a0dans cette optique\u00a0qu\u2019il a cr\u00e9\u00e9 \u00ab\u00a0Pass pass le mic\u00a0\u00bb.\u00a0<span id=\"yui_3_16_0_1_1433436860095_12459\">La premi\u00e8re saison de 3 \u00e9pisodes est d\u00e9j\u00e0 sortie et la deuxi\u00e8me comportant 3 volets est pr\u00e9vue pour juin.<\/span> C\u2019est un m\u00e9dia consacr\u00e9 au hip-hop avec des interviews des gens qui sont actifs dans la street culture. Pour lui, le hip-hop doit pousser \u00e0 la r\u00e9flexion et pas seulement divertir.<\/p>\n<p><iframe loading=\"lazy\" title=\"Pass Pass Le Mic - Saison I Episode I\" width=\"1200\" height=\"675\" src=\"https:\/\/www.youtube.com\/embed\/no_gU1yaRvM?feature=oembed\" frameborder=\"0\" allow=\"accelerometer; autoplay; clipboard-write; encrypted-media; gyroscope; picture-in-picture\" allowfullscreen><\/iframe><\/p>\n<p>Il reconna\u00eet \u00eatre tr\u00e8s critique avec les autres MC\u00a0:<\/p>\n<blockquote><p>\u00ab\u00a0Il y a des rappeurs \u00e0 qui j\u2019ai dit qu\u2019ils \u00e9taient nuls mais il y a des styles de musique avec lesquelles je n\u2019ai pas d\u2019affinit\u00e9s. Gerri Madani, ce n\u2019est pas mon style mais il est fort. Mon p\u00e8re m\u2019a appris une chose\u00a0: pas de politique en famille\u00a0! Le hip-hop c\u2019est une grande famille et donc\u2026\u00a0\u00bb<\/p><\/blockquote>\n<h2><img loading=\"lazy\" decoding=\"async\" class=\"aligncenter wp-image-8239 size-full\" src=\"https:\/\/lyonbondyblog.fr\/LBB\/wp-content\/uploads\/2015\/06\/show-3-047.jpg\" alt=\"show 3 047\" width=\"640\" height=\"480\" srcset=\"https:\/\/lyonbondyblog.fr\/LBB\/wp-content\/uploads\/2015\/06\/show-3-047.jpg 640w, https:\/\/lyonbondyblog.fr\/LBB\/wp-content\/uploads\/2015\/06\/show-3-047-300x225.jpg 300w, https:\/\/lyonbondyblog.fr\/LBB\/wp-content\/uploads\/2015\/06\/show-3-047-600x450.jpg 600w\" sizes=\"auto, (max-width: 640px) 100vw, 640px\" \/>Une victoire qui donne de l\u2019air<\/h2>\n<p>Il per\u00e7oit sa victoire au Buzz Booster avec du recul. Ind\u00e9cis et peu motiv\u00e9 au d\u00e9part, c\u2019est l\u2019une des organisatrices de l\u2019Original Delphine Gaillard qui l\u2019a relanc\u00e9 une semaine avant la cl\u00f4ture des inscriptions.<\/p>\n<blockquote><p>\u00ab\u00a0Cette ann\u00e9e \u00e7a s\u2019est jou\u00e9 sur des vid\u00e9os. J\u2019ai envoy\u00e9 une vid\u00e9o d\u2019un live pour mon titre \u201cDe l\u2019air\u201d que j\u2019ai fait pour une association \u201cL\u2019\u00e9tage Folk\u201d qui organise des concerts dans un appartement.\u00a0\u00bb<\/p><\/blockquote>\n<p>En attendant, un album neuf titres en pr\u00e9paration d\u2019ici la fin de l\u2019ann\u00e9e, J.p.G \u00e9cume les sc\u00e8nes et se constitue un emploi du temps sans case vide. Le Villeurbannais fait partie des soldats qui emm\u00e8nent d\u00e9sormais le rap lyonnais vers des horizons nouveaux.<\/p>\n<h4>Vous pouvez \u00e9couter un\u00a0morceau\u00a0produit par J.p.G sur notre playlist en bas de votre \u00e9cran.<\/h4>\n<!-- AddThis Advanced Settings generic via filter on the_content --><!-- AddThis Share Buttons generic via filter on the_content -->","protected":false},"excerpt":{"rendered":"<p>inoundi, pour le\u00a0troisi\u00e8me show du festival l\u2019Original, le public a appr\u00e9ci\u00e9 avec effervescence la prestation du rappeur villeurbanais J.p.G, vainqueur du Buzz Booster\u00a02015. Ce dernier &hellip; <!-- AddThis Advanced Settings generic via filter on wp_trim_excerpt --><!-- AddThis Share Buttons generic via filter on wp_trim_excerpt --><\/p>\n","protected":false},"author":28,"featured_media":8235,"comment_status":"open","ping_status":"open","sticky":false,"template":"","format":"standard","meta":{"_FSMCFIC_featured_image_caption":"","_FSMCFIC_featured_image_nocaption":"","_FSMCFIC_featured_image_hide":"","footnotes":""},"categories":[4],"tags":[1638,1953,1765,564,553,1639,264,1208,101,1764,1720,284,135,440,205,1292,444,267,976,1763],"class_list":["post-8234","post","type-post","status-publish","format-standard","has-post-thumbnail","hentry","category-lyon","tag-1638","tag-ambiance","tag-buzz-booster","tag-concert","tag-croix-luizet","tag-cultures-urbaines","tag-festival","tag-gerri-madani","tag-hip-hop","tag-hip-hop-francais","tag-joey-badass","tag-loriginal","tag-lbb","tag-libre","tag-rap","tag-rap-francais","tag-rappeur","tag-rhone-alpes","tag-transbordeur","tag-yaounde"],"yoast_head":"<!-- This site is optimized with the Yoast SEO plugin v22.8 - https:\/\/yoast.com\/wordpress\/plugins\/seo\/ -->\n<title>L\u2019Original\u00a0: J.p.G s\u2019affirme d\u00e9finitivement - Lyon Bondy Blog<\/title>\n<meta name=\"description\" content=\"Pour le 3e show du festival l\u2019Original, le public a appr\u00e9ci\u00e9 avec ferveur la prestation du rappeur Villeurbannais J.p.G, vainqueur du Buzz Booster 2015\" \/>\n<meta name=\"robots\" content=\"index, follow, max-snippet:-1, max-image-preview:large, max-video-preview:-1\" \/>\n<link rel=\"canonical\" href=\"https:\/\/lyonbondyblog.fr\/LBB\/loriginal-j-p-g-saffirme-definitivement\/\" \/>\n<meta property=\"og:locale\" content=\"fr_FR\" \/>\n<meta property=\"og:type\" content=\"article\" \/>\n<meta property=\"og:title\" content=\"L\u2019Original\u00a0: J.p.G s\u2019affirme d\u00e9finitivement - Lyon Bondy Blog\" \/>\n<meta property=\"og:description\" content=\"Pour le 3e show du festival l\u2019Original, le public a appr\u00e9ci\u00e9 avec ferveur la prestation du rappeur Villeurbannais J.p.G, vainqueur du Buzz Booster 2015\" \/>\n<meta property=\"og:url\" content=\"https:\/\/lyonbondyblog.fr\/LBB\/loriginal-j-p-g-saffirme-definitivement\/\" \/>\n<meta property=\"og:site_name\" content=\"Lyon Bondy Blog\" \/>\n<meta property=\"article:publisher\" content=\"https:\/\/www.facebook.com\/lyonbondyblog\" \/>\n<meta property=\"article:published_time\" content=\"2015-06-04T14:37:50+00:00\" \/>\n<meta property=\"article:modified_time\" content=\"2015-07-30T19:56:56+00:00\" \/>\n<meta property=\"og:image\" content=\"https:\/\/lyonbondyblog.fr\/LBB\/wp-content\/uploads\/2015\/06\/Afficha-show-3.jpg\" \/>\n\t<meta property=\"og:image:width\" content=\"850\" \/>\n\t<meta property=\"og:image:height\" content=\"315\" \/>\n\t<meta property=\"og:image:type\" content=\"image\/jpeg\" \/>\n<meta name=\"author\" content=\"Mohamed Braiki\" \/>\n<meta name=\"twitter:card\" content=\"summary_large_image\" \/>\n<meta name=\"twitter:creator\" content=\"@bondybloglyon\" \/>\n<meta name=\"twitter:site\" content=\"@bondybloglyon\" \/>\n<script type=\"application\/ld+json\" class=\"yoast-schema-graph\">{\"@context\":\"https:\/\/schema.org\",\"@graph\":[{\"@type\":\"Article\",\"@id\":\"https:\/\/lyonbondyblog.fr\/LBB\/loriginal-j-p-g-saffirme-definitivement\/#article\",\"isPartOf\":{\"@id\":\"https:\/\/lyonbondyblog.fr\/LBB\/loriginal-j-p-g-saffirme-definitivement\/\"},\"author\":{\"name\":\"Mohamed Braiki\",\"@id\":\"https:\/\/lyonbondyblog.fr\/LBB\/#\/schema\/person\/558339ea4e67b07f7a2df48e9605b75c\"},\"headline\":\"L\u2019Original\u00a0: J.p.G s\u2019affirme d\u00e9finitivement\",\"datePublished\":\"2015-06-04T14:37:50+00:00\",\"dateModified\":\"2015-07-30T19:56:56+00:00\",\"mainEntityOfPage\":{\"@id\":\"https:\/\/lyonbondyblog.fr\/LBB\/loriginal-j-p-g-saffirme-definitivement\/\"},\"wordCount\":842,\"commentCount\":0,\"publisher\":{\"@id\":\"https:\/\/lyonbondyblog.fr\/LBB\/#organization\"},\"image\":{\"@id\":\"https:\/\/lyonbondyblog.fr\/LBB\/loriginal-j-p-g-saffirme-definitivement\/#primaryimage\"},\"thumbnailUrl\":\"https:\/\/lyonbondyblog.fr\/LBB\/wp-content\/uploads\/2015\/06\/Afficha-show-3.jpg\",\"keywords\":[\"2015\",\"Ambiance\",\"Buzz Booster\",\"Concert\",\"croix luizet\",\"Cultures urbaines\",\"festival\",\"Gerri Madani\",\"hip-hop\",\"hip-hop fran\u00e7ais\",\"Joey Badass\",\"l'Original\",\"LBB\",\"libre\",\"rap\",\"Rap fran\u00e7ais\",\"rappeur\",\"Rh\u00f4ne-Alpes\",\"Transbordeur\",\"Yaound\u00e9\"],\"articleSection\":[\"Lyon\"],\"inLanguage\":\"fr-FR\",\"potentialAction\":[{\"@type\":\"CommentAction\",\"name\":\"Comment\",\"target\":[\"https:\/\/lyonbondyblog.fr\/LBB\/loriginal-j-p-g-saffirme-definitivement\/#respond\"]}]},{\"@type\":\"WebPage\",\"@id\":\"https:\/\/lyonbondyblog.fr\/LBB\/loriginal-j-p-g-saffirme-definitivement\/\",\"url\":\"https:\/\/lyonbondyblog.fr\/LBB\/loriginal-j-p-g-saffirme-definitivement\/\",\"name\":\"L\u2019Original\u00a0: J.p.G s\u2019affirme d\u00e9finitivement - Lyon Bondy Blog\",\"isPartOf\":{\"@id\":\"https:\/\/lyonbondyblog.fr\/LBB\/#website\"},\"primaryImageOfPage\":{\"@id\":\"https:\/\/lyonbondyblog.fr\/LBB\/loriginal-j-p-g-saffirme-definitivement\/#primaryimage\"},\"image\":{\"@id\":\"https:\/\/lyonbondyblog.fr\/LBB\/loriginal-j-p-g-saffirme-definitivement\/#primaryimage\"},\"thumbnailUrl\":\"https:\/\/lyonbondyblog.fr\/LBB\/wp-content\/uploads\/2015\/06\/Afficha-show-3.jpg\",\"datePublished\":\"2015-06-04T14:37:50+00:00\",\"dateModified\":\"2015-07-30T19:56:56+00:00\",\"description\":\"Pour le 3e show du festival l\u2019Original, le public a appr\u00e9ci\u00e9 avec ferveur la prestation du rappeur Villeurbannais J.p.G, vainqueur du Buzz Booster 2015\",\"inLanguage\":\"fr-FR\",\"potentialAction\":[{\"@type\":\"ReadAction\",\"target\":[\"https:\/\/lyonbondyblog.fr\/LBB\/loriginal-j-p-g-saffirme-definitivement\/\"]}]},{\"@type\":\"ImageObject\",\"inLanguage\":\"fr-FR\",\"@id\":\"https:\/\/lyonbondyblog.fr\/LBB\/loriginal-j-p-g-saffirme-definitivement\/#primaryimage\",\"url\":\"https:\/\/lyonbondyblog.fr\/LBB\/wp-content\/uploads\/2015\/06\/Afficha-show-3.jpg\",\"contentUrl\":\"https:\/\/lyonbondyblog.fr\/LBB\/wp-content\/uploads\/2015\/06\/Afficha-show-3.jpg\",\"width\":850,\"height\":315},{\"@type\":\"WebSite\",\"@id\":\"https:\/\/lyonbondyblog.fr\/LBB\/#website\",\"url\":\"https:\/\/lyonbondyblog.fr\/LBB\/\",\"name\":\"Lyon Bondy Blog\",\"description\":\"\",\"publisher\":{\"@id\":\"https:\/\/lyonbondyblog.fr\/LBB\/#organization\"},\"potentialAction\":[{\"@type\":\"SearchAction\",\"target\":{\"@type\":\"EntryPoint\",\"urlTemplate\":\"https:\/\/lyonbondyblog.fr\/LBB\/?s={search_term_string}\"},\"query-input\":\"required name=search_term_string\"}],\"inLanguage\":\"fr-FR\"},{\"@type\":\"Organization\",\"@id\":\"https:\/\/lyonbondyblog.fr\/LBB\/#organization\",\"name\":\"LYON BONDY BLOG\",\"url\":\"https:\/\/lyonbondyblog.fr\/LBB\/\",\"logo\":{\"@type\":\"ImageObject\",\"inLanguage\":\"fr-FR\",\"@id\":\"https:\/\/lyonbondyblog.fr\/LBB\/#\/schema\/logo\/image\/\",\"url\":\"http:\/\/lyonbondyblog.fr\/LBB\/wp-content\/uploads\/2014\/10\/logo-portable-144.png\",\"contentUrl\":\"http:\/\/lyonbondyblog.fr\/LBB\/wp-content\/uploads\/2014\/10\/logo-portable-144.png\",\"width\":144,\"height\":123,\"caption\":\"LYON BONDY BLOG\"},\"image\":{\"@id\":\"https:\/\/lyonbondyblog.fr\/LBB\/#\/schema\/logo\/image\/\"},\"sameAs\":[\"https:\/\/www.facebook.com\/lyonbondyblog\",\"https:\/\/x.com\/bondybloglyon\"]},{\"@type\":\"Person\",\"@id\":\"https:\/\/lyonbondyblog.fr\/LBB\/#\/schema\/person\/558339ea4e67b07f7a2df48e9605b75c\",\"name\":\"Mohamed Braiki\",\"description\":\"Natif de Lyon et enfant des Minguettes, je suis dipl\u00f4m\u00e9 de Lettres de la Fac de Lyon 2 et l\u2019EFAP Rh\u00f4ne Alpes. J\u2019ai roul\u00e9 ma bosse dans des r\u00e9dactions lyonnaises comme la radio Lyon Sport 98.4, Le Progr\u00e8s, Foot 69.fr, Tribune de Lyon et Lyon Capitale. braikimohamed@yahoo.fr\",\"url\":\"https:\/\/lyonbondyblog.fr\/LBB\/author\/mohamed\/\"}]}<\/script>\n<!-- \/ Yoast SEO plugin. -->","yoast_head_json":{"title":"L\u2019Original\u00a0: J.p.G s\u2019affirme d\u00e9finitivement - Lyon Bondy Blog","description":"Pour le 3e show du festival l\u2019Original, le public a appr\u00e9ci\u00e9 avec ferveur la prestation du rappeur Villeurbannais J.p.G, vainqueur du Buzz Booster 2015","robots":{"index":"index","follow":"follow","max-snippet":"max-snippet:-1","max-image-preview":"max-image-preview:large","max-video-preview":"max-video-preview:-1"},"canonical":"https:\/\/lyonbondyblog.fr\/LBB\/loriginal-j-p-g-saffirme-definitivement\/","og_locale":"fr_FR","og_type":"article","og_title":"L\u2019Original\u00a0: J.p.G s\u2019affirme d\u00e9finitivement - Lyon Bondy Blog","og_description":"Pour le 3e show du festival l\u2019Original, le public a appr\u00e9ci\u00e9 avec ferveur la prestation du rappeur Villeurbannais J.p.G, vainqueur du Buzz Booster 2015","og_url":"https:\/\/lyonbondyblog.fr\/LBB\/loriginal-j-p-g-saffirme-definitivement\/","og_site_name":"Lyon Bondy Blog","article_publisher":"https:\/\/www.facebook.com\/lyonbondyblog","article_published_time":"2015-06-04T14:37:50+00:00","article_modified_time":"2015-07-30T19:56:56+00:00","og_image":[{"width":850,"height":315,"url":"https:\/\/lyonbondyblog.fr\/LBB\/wp-content\/uploads\/2015\/06\/Afficha-show-3.jpg","type":"image\/jpeg"}],"author":"Mohamed Braiki","twitter_card":"summary_large_image","twitter_creator":"@bondybloglyon","twitter_site":"@bondybloglyon","schema":{"@context":"https:\/\/schema.org","@graph":[{"@type":"Article","@id":"https:\/\/lyonbondyblog.fr\/LBB\/loriginal-j-p-g-saffirme-definitivement\/#article","isPartOf":{"@id":"https:\/\/lyonbondyblog.fr\/LBB\/loriginal-j-p-g-saffirme-definitivement\/"},"author":{"name":"Mohamed Braiki","@id":"https:\/\/lyonbondyblog.fr\/LBB\/#\/schema\/person\/558339ea4e67b07f7a2df48e9605b75c"},"headline":"L\u2019Original\u00a0: J.p.G s\u2019affirme d\u00e9finitivement","datePublished":"2015-06-04T14:37:50+00:00","dateModified":"2015-07-30T19:56:56+00:00","mainEntityOfPage":{"@id":"https:\/\/lyonbondyblog.fr\/LBB\/loriginal-j-p-g-saffirme-definitivement\/"},"wordCount":842,"commentCount":0,"publisher":{"@id":"https:\/\/lyonbondyblog.fr\/LBB\/#organization"},"image":{"@id":"https:\/\/lyonbondyblog.fr\/LBB\/loriginal-j-p-g-saffirme-definitivement\/#primaryimage"},"thumbnailUrl":"https:\/\/lyonbondyblog.fr\/LBB\/wp-content\/uploads\/2015\/06\/Afficha-show-3.jpg","keywords":["2015","Ambiance","Buzz Booster","Concert","croix luizet","Cultures urbaines","festival","Gerri Madani","hip-hop","hip-hop fran\u00e7ais","Joey Badass","l'Original","LBB","libre","rap","Rap fran\u00e7ais","rappeur","Rh\u00f4ne-Alpes","Transbordeur","Yaound\u00e9"],"articleSection":["Lyon"],"inLanguage":"fr-FR","potentialAction":[{"@type":"CommentAction","name":"Comment","target":["https:\/\/lyonbondyblog.fr\/LBB\/loriginal-j-p-g-saffirme-definitivement\/#respond"]}]},{"@type":"WebPage","@id":"https:\/\/lyonbondyblog.fr\/LBB\/loriginal-j-p-g-saffirme-definitivement\/","url":"https:\/\/lyonbondyblog.fr\/LBB\/loriginal-j-p-g-saffirme-definitivement\/","name":"L\u2019Original\u00a0: J.p.G s\u2019affirme d\u00e9finitivement - Lyon Bondy Blog","isPartOf":{"@id":"https:\/\/lyonbondyblog.fr\/LBB\/#website"},"primaryImageOfPage":{"@id":"https:\/\/lyonbondyblog.fr\/LBB\/loriginal-j-p-g-saffirme-definitivement\/#primaryimage"},"image":{"@id":"https:\/\/lyonbondyblog.fr\/LBB\/loriginal-j-p-g-saffirme-definitivement\/#primaryimage"},"thumbnailUrl":"https:\/\/lyonbondyblog.fr\/LBB\/wp-content\/uploads\/2015\/06\/Afficha-show-3.jpg","datePublished":"2015-06-04T14:37:50+00:00","dateModified":"2015-07-30T19:56:56+00:00","description":"Pour le 3e show du festival l\u2019Original, le public a appr\u00e9ci\u00e9 avec ferveur la prestation du rappeur Villeurbannais J.p.G, vainqueur du Buzz Booster 2015","inLanguage":"fr-FR","potentialAction":[{"@type":"ReadAction","target":["https:\/\/lyonbondyblog.fr\/LBB\/loriginal-j-p-g-saffirme-definitivement\/"]}]},{"@type":"ImageObject","inLanguage":"fr-FR","@id":"https:\/\/lyonbondyblog.fr\/LBB\/loriginal-j-p-g-saffirme-definitivement\/#primaryimage","url":"https:\/\/lyonbondyblog.fr\/LBB\/wp-content\/uploads\/2015\/06\/Afficha-show-3.jpg","contentUrl":"https:\/\/lyonbondyblog.fr\/LBB\/wp-content\/uploads\/2015\/06\/Afficha-show-3.jpg","width":850,"height":315},{"@type":"WebSite","@id":"https:\/\/lyonbondyblog.fr\/LBB\/#website","url":"https:\/\/lyonbondyblog.fr\/LBB\/","name":"Lyon Bondy Blog","description":"","publisher":{"@id":"https:\/\/lyonbondyblog.fr\/LBB\/#organization"},"potentialAction":[{"@type":"SearchAction","target":{"@type":"EntryPoint","urlTemplate":"https:\/\/lyonbondyblog.fr\/LBB\/?s={search_term_string}"},"query-input":"required name=search_term_string"}],"inLanguage":"fr-FR"},{"@type":"Organization","@id":"https:\/\/lyonbondyblog.fr\/LBB\/#organization","name":"LYON BONDY BLOG","url":"https:\/\/lyonbondyblog.fr\/LBB\/","logo":{"@type":"ImageObject","inLanguage":"fr-FR","@id":"https:\/\/lyonbondyblog.fr\/LBB\/#\/schema\/logo\/image\/","url":"http:\/\/lyonbondyblog.fr\/LBB\/wp-content\/uploads\/2014\/10\/logo-portable-144.png","contentUrl":"http:\/\/lyonbondyblog.fr\/LBB\/wp-content\/uploads\/2014\/10\/logo-portable-144.png","width":144,"height":123,"caption":"LYON BONDY BLOG"},"image":{"@id":"https:\/\/lyonbondyblog.fr\/LBB\/#\/schema\/logo\/image\/"},"sameAs":["https:\/\/www.facebook.com\/lyonbondyblog","https:\/\/x.com\/bondybloglyon"]},{"@type":"Person","@id":"https:\/\/lyonbondyblog.fr\/LBB\/#\/schema\/person\/558339ea4e67b07f7a2df48e9605b75c","name":"Mohamed Braiki","description":"Natif de Lyon et enfant des Minguettes, je suis dipl\u00f4m\u00e9 de Lettres de la Fac de Lyon 2 et l\u2019EFAP Rh\u00f4ne Alpes. J\u2019ai roul\u00e9 ma bosse dans des r\u00e9dactions lyonnaises comme la radio Lyon Sport 98.4, Le Progr\u00e8s, Foot 69.fr, Tribune de Lyon et Lyon Capitale. braikimohamed@yahoo.fr","url":"https:\/\/lyonbondyblog.fr\/LBB\/author\/mohamed\/"}]}},"_links":{"self":[{"href":"https:\/\/lyonbondyblog.fr\/LBB\/wp-json\/wp\/v2\/posts\/8234","targetHints":{"allow":["GET"]}}],"collection":[{"href":"https:\/\/lyonbondyblog.fr\/LBB\/wp-json\/wp\/v2\/posts"}],"about":[{"href":"https:\/\/lyonbondyblog.fr\/LBB\/wp-json\/wp\/v2\/types\/post"}],"author":[{"embeddable":true,"href":"https:\/\/lyonbondyblog.fr\/LBB\/wp-json\/wp\/v2\/users\/28"}],"replies":[{"embeddable":true,"href":"https:\/\/lyonbondyblog.fr\/LBB\/wp-json\/wp\/v2\/comments?post=8234"}],"version-history":[{"count":0,"href":"https:\/\/lyonbondyblog.fr\/LBB\/wp-json\/wp\/v2\/posts\/8234\/revisions"}],"wp:featuredmedia":[{"embeddable":true,"href":"https:\/\/lyonbondyblog.fr\/LBB\/wp-json\/wp\/v2\/media\/8235"}],"wp:attachment":[{"href":"https:\/\/lyonbondyblog.fr\/LBB\/wp-json\/wp\/v2\/media?parent=8234"}],"wp:term":[{"taxonomy":"category","embeddable":true,"href":"https:\/\/lyonbondyblog.fr\/LBB\/wp-json\/wp\/v2\/categories?post=8234"},{"taxonomy":"post_tag","embeddable":true,"href":"https:\/\/lyonbondyblog.fr\/LBB\/wp-json\/wp\/v2\/tags?post=8234"}],"curies":[{"name":"wp","href":"https:\/\/api.w.org\/{rel}","templated":true}]}}