{"id":8027,"date":"2015-05-05T16:30:56","date_gmt":"2015-05-05T14:30:56","guid":{"rendered":"http:\/\/lyonbondyblog.fr\/LBB\/?p=8027"},"modified":"2015-05-30T21:13:41","modified_gmt":"2015-05-30T19:13:41","slug":"une-vraie-deuxieme-chance-pour-les-quartiers","status":"publish","type":"post","link":"https:\/\/lyonbondyblog.fr\/LBB\/une-vraie-deuxieme-chance-pour-les-quartiers\/","title":{"rendered":"Une vraie deuxi\u00e8me chance pour les quartiers\u00a0?"},"content":{"rendered":"<p><strong>Rencontre avec Jalal Nadarou, d\u00e9l\u00e9gu\u00e9 au pr\u00e9fet de R\u00e9gion, dont d\u00e9pend le dispositif \u00ab\u00a0pack de la deuxi\u00e8me chance\u00a0\u00bb. Il revient pour nous sur cette cellule emploi et nous explique comment s\u2019effectue le recrutement des jeunes et ce que ce pack peut leur apporter. Mis en place dans la R\u00e9gion Rh\u00f4ne-Alpes depuis 2013, le dispositif devrait s\u2019ouvrir \u00e0 l\u2019ensemble du territoire, avec comme objectif avou\u00e9 de \u00ab\u00a0changer la face de la France\u00a0\u00bb.<\/strong><\/p>\n<p>\u00a9photo : Jalal Nadarou pendant la soir\u00e9e \u00ab\u00a0Double culture au f\u00e9minin, entreprendre ici et ailleurs : d\u00e9fis et \u00e9changes.<\/p>\n<p>Le gouvernement a mis en place les zones de s\u00e9curit\u00e9 prioritaires en juillet 2012. L\u2019ancien pr\u00e9fet Jean-Fran\u00e7ois Carenco a \u00e9t\u00e9 charg\u00e9 d\u00e9but\u00a02013 de cr\u00e9er une cellule emploi par Fran\u00e7ois Lamy, alors ministre d\u00e9l\u00e9gu\u00e9 de la ville. Ce \u00ab\u00a0pack de la deuxi\u00e8me chance\u00a0\u00bb permet \u00e0 des jeunes de s\u2019ins\u00e9rer dans la vie professionnelle et de trouver un logement. Depuis sa cr\u00e9ation, 41 personnes ont \u00e9t\u00e9 suivies et 26 ont \u00e9t\u00e9 plac\u00e9es.<\/p>\n<p>Cette cellule a \u00e9t\u00e9 mise en place lors d\u2019une visite du ministre Fran\u00e7ois Lamy et lors d\u2019une op\u00e9ration de police dans le quartier de la Duch\u00e8re. Le pr\u00e9fet de r\u00e9gion Jean-Fran\u00e7ois Carenco \u00e9tait \u00e9galement pr\u00e9sent<em>. \u00ab \u00c0 ce moment-l\u00e0, ils ont \u00e9t\u00e9 interpell\u00e9s par plusieurs jeunes, par des injures et des petites provocations. Ils disaient que l\u2019\u00c9tat ne faisait rien pour eux. Le pr\u00e9fet de r\u00e9gion leur a alors dit\u00a0: on vous donne rendez-vous, on va vous accompagner. Et si vous \u00eates volontaires, on peut vous aider \u00e0 trouver un emploi, une formation.\u00a0\u00bb<\/em> Explique Jalal Nadarou, d\u00e9l\u00e9gu\u00e9 du pr\u00e9fet. \u00ab\u00a0<em>Mr\u00a0Carenco a demand\u00e9 \u00e0 Jean Bernard Coffy de r\u00e9fl\u00e9chir un peu avec lui sur la mise en place d\u2019une cellule qui accompagnerait ces jeunes qui ne sont plus suivis, ou pour certains qui n\u2019ont jamais \u00e9t\u00e9 \u00e0 p\u00f4le emploi ou la mission locale\u00a0\u00bb. <\/em>C\u2019est de cette fa\u00e7on que la cellule est n\u00e9e, et<em> \u00ab\u00a0ils ont demand\u00e9 \u00e0 Lyazid Belasri de faire partie de cette derni\u00e8re\u00a0\u00bb.<\/em><\/p>\n<h2>Comment se fait le recrutement\u00a0?<\/h2>\n<p>Nombreux sont les candidats qui pourraient b\u00e9n\u00e9ficier de ce pack. Mais le recrutement n\u2019est pas toujours facile. \u00ab\u00a0<em>On parle de jeunes qui pour la plupart habitent dans le quartier politique de la ville. Et dans la d\u00e9marche du pr\u00e9fet de r\u00e9gion, c\u2019\u00e9tait d\u2019identifier des jeunes qui ne sont \u00e0 90\u00a0% pas suivis par les institutions ordinaires, car ils sont en d\u00e9calage avec la soci\u00e9t\u00e9. En m\u00eame temps, le pr\u00e9fet de r\u00e9gion a sign\u00e9 une convention avec la Protection Judiciaire de la Jeunesse pour leur dire \u201cpour les jeunes que vous suivez, et qui sont dans une d\u00e9marche d\u2019insertion pro, on peut vous aider\u201d. Donc on a des jeunes qui sont identifi\u00e9s soit par les d\u00e9l\u00e9gu\u00e9s du pr\u00e9fet, soit par nos partenaires \u2014 \u00e7a peut \u00eatre des \u00e9lus, des associations. G\u00e9n\u00e9ralement c\u2019est par les d\u00e9l\u00e9gu\u00e9s du pr\u00e9fet. Et d\u2019autres jeunes qui nous sont propos\u00e9s par la Protection Judiciaire de la Jeunesse\u00a0\u00bb. <\/em>Les jeunes doivent faire preuve de volontarisme, c\u2019est ce qu\u2019explique le d\u00e9l\u00e9gu\u00e9 du pr\u00e9fet\u00a0: <em>\u00ab\u00a0On travaille avec les bonnes volont\u00e9s\u00a0\u00bb.<\/em><\/p>\n<h2>Un partenariat avec les entreprises<\/h2>\n<p><em>Et Jalal Nadarou de poursuivre\u00a0: \u00ab\u00a0On a utilis\u00e9 deux axes pour les entreprises. On a d\u2019abord identifi\u00e9 les secteurs d\u2019activit\u00e9 porteurs d\u2019emplois et avec lesquels on pouvait travailler parce qu\u2019il y a besoin de main-d\u2019\u0153uvre. Il y a la r\u00e9alit\u00e9 \u00e9conomique, on ne peut pas s\u2019adresser \u00e0 une entreprise dont le secteur d\u2019activit\u00e9 ne peut pas proposer un emploi. On a eu cette d\u00e9marche-l\u00e0, toujours avec le soutien du pr\u00e9fet de r\u00e9gion. Car celui-ci animait la cellule tous les quinze jours dans son bureau.<br \/>\nJ\u2019ai fait une proposition au pr\u00e9fet de r\u00e9gion, car je m\u2019occupe de la chartre entreprise et quartiers dans le d\u00e9partement. C\u2019est une chartre qui a \u00e9t\u00e9 sign\u00e9e par plus de 50 grandes entreprises nationales avec le ministre \u00e0 la ville et le secr\u00e9taire \u00e0 la ville et qui demande \u00e0 certains grands groupes de s\u2019investir sur les quartiers en politique de la ville. J\u2019ai demand\u00e9 \u00e0 certaines entreprises de signer la convention cellule emploi en leur disant, \u201cchaque ann\u00e9e on vous propose quelques jeunes qu\u2019on aura pr\u00e9par\u00e9s en amont et pour lesquels on vous demande de vous engager officiellement pour des postes, p\u00e9riodes de stages, CDD ou des CDI\u201d. On a tous des r\u00e9seaux d\u2019entreprises, le pr\u00e9fet de r\u00e9gion a sollicit\u00e9 par courrier directement des entreprises qu\u2019il connaissait. C\u2019est vrai que cela nous facilite la t\u00e2che.\u00a0\u00bb<\/em><\/p>\n<h2>Des jeunes qui peuvent servir d\u2019exemple<\/h2>\n<p>L\u2019identit\u00e9 et le sentiment d\u2019appartenance sont deux aspects qui rythment la vie des zones concern\u00e9es par le pack de la deuxi\u00e8me chance. Si la situation d\u2019un des jeunes s\u2019am\u00e9liore, cela peut entrainer un effet boule de neige. C\u2019est ce que monsieur Nadarou explique\u00a0:<em> \u00ab\u00a0Pour ce type de jeunes, qui sont en marge du fonctionnement traditionnel, le fait de leur proposer un cadre d\u2019\u00e9volution, soit professionnel soit social \u00e0 travers le b\u00e9n\u00e9volat par exemple, permet \u00e0 ces jeunes de ne plus faire parler d\u2019eux sur leur quartier. En m\u00eame temps comme ils sont identifi\u00e9s par les voisins ou les plus jeunes, cela provoque des d\u00e9clics. Ils se disent \u201csi lui, qui \u00e9tait un leader n\u00e9gatif sur le quartier, se met aujourd\u2019hui \u00e0 travailler, peut-\u00eatre que cela \u00e0 un sens de travailler\u201d, cela sert d\u2019exemple. Il y a cet objectif-l\u00e0 et si chaque sous-pr\u00e9fet met en place cette cellule, qui aujourd\u2019hui est valid\u00e9e par le minist\u00e8re, <strong>on va changer la face de la France.\u00a0\u00bb<br \/>\n<\/strong><\/em><br \/>\nLe projet est actuellement en place dans la r\u00e9gion Rh\u00f4ne-Alpes, mais il devrait \u00eatre appliqu\u00e9 \u00e0 l\u2019ensemble du territoire fran\u00e7ais. Affaire \u00e0 suivre\u2026<\/p>\n<p>&nbsp;<\/p>\n<p>Vid\u00e9o France 3 Rh\u00f4ne-Alpes du 18 mars 2015 (<a href=\"http:\/\/france3-regions.francetvinfo.fr\/rhone-alpes\/2015\/03\/18\/pack-2eme-chance-un-dispositif-pour-les-jeunes-en-rupture-sociale-678101.html\">le lien vers l&rsquo;article l\u00e0)<\/a><\/p>\n<p><iframe loading=\"lazy\" src=\"http:\/\/api.dmcloud.net\/player\/embed\/4f3d114d94a6f66945000325\/5509c18b06361d0660aecf17\/a0e5179ec7334a00a916a7e14a61a81d?exported=1\" width=\"640\" height=\"360\" frameborder=\"0\"><\/iframe><\/p>\n<!-- AddThis Advanced Settings generic via filter on the_content --><!-- AddThis Share Buttons generic via filter on the_content -->","protected":false},"excerpt":{"rendered":"<p>Rencontre avec Jalal Nadarou, d\u00e9l\u00e9gu\u00e9 au pr\u00e9fet de R\u00e9gion, dont d\u00e9pend le dispositif \u00ab\u00a0pack de la deuxi\u00e8me chance\u00a0\u00bb. Il revient pour nous sur cette cellule &hellip; <!-- AddThis Advanced Settings generic via filter on wp_trim_excerpt --><!-- AddThis Share Buttons generic via filter on wp_trim_excerpt --><\/p>\n","protected":false},"author":153,"featured_media":6554,"comment_status":"open","ping_status":"open","sticky":false,"template":"","format":"standard","meta":{"_FSMCFIC_featured_image_caption":"","_FSMCFIC_featured_image_nocaption":"","_FSMCFIC_featured_image_hide":"","footnotes":""},"categories":[8,4,2],"tags":[1589,1544,1585,1584,1590,1583,363,140,400,11,1587,1581,399,216,707,19,10,1436,831,1384,1354,1259,1582,1579,1586,501,1580,304,320,267,1081,1588,1326,390],"class_list":["post-8027","post","type-post","status-publish","format-standard","has-post-thumbnail","hentry","category-france","category-lyon","category-societe","tag-benevolat","tag-contrat-a-duree-indeterminee","tag-contrat-de-travail-a-duree-determinee-en-france","tag-departement-francais","tag-deuxieme-chance-serie-televisee","tag-direction-de-la-protection-judiciaire-de-la-jeunesse-france","tag-emploi","tag-entreprise","tag-etat","tag-france-2","tag-france-3-rhone-alpes","tag-francois-lamy","tag-gouvernement","tag-jeunes","tag-la-duchere","tag-logement","tag-lyon-2","tag-ministre","tag-pole-emploi","tag-police-nationale-france","tag-politique-de-la-ville","tag-prefet-france","tag-prefet-de-departement","tag-prefet-de-region","tag-professionnalisme","tag-recrutement","tag-region-francaise","tag-region-rhone-alpes","tag-rencontre","tag-rhone-alpes","tag-social","tag-sous-prefecture","tag-territoire","tag-travail"],"yoast_head":"<!-- This site is optimized with the Yoast SEO plugin v22.8 - https:\/\/yoast.com\/wordpress\/plugins\/seo\/ -->\n<title>Une vraie deuxi\u00e8me chance pour les quartiers ?<\/title>\n<meta name=\"description\" content=\"Rencontre avec Jalal Nadarou, d\u00e9l\u00e9gu\u00e9 au pr\u00e9fet de R\u00e9gion, dont d\u00e9pend le dispositif \u00ab pack de la deuxi\u00e8me chance \u00bb.\" \/>\n<meta name=\"robots\" content=\"index, follow, max-snippet:-1, max-image-preview:large, max-video-preview:-1\" \/>\n<link rel=\"canonical\" href=\"https:\/\/lyonbondyblog.fr\/LBB\/une-vraie-deuxieme-chance-pour-les-quartiers\/\" \/>\n<meta property=\"og:locale\" content=\"fr_FR\" \/>\n<meta property=\"og:type\" content=\"article\" \/>\n<meta property=\"og:title\" content=\"Une vraie deuxi\u00e8me chance pour les quartiers ?\" \/>\n<meta property=\"og:description\" content=\"Rencontre avec Jalal Nadarou, d\u00e9l\u00e9gu\u00e9 au pr\u00e9fet de R\u00e9gion, dont d\u00e9pend le dispositif \u00ab pack de la deuxi\u00e8me chance \u00bb.\" \/>\n<meta property=\"og:url\" content=\"https:\/\/lyonbondyblog.fr\/LBB\/une-vraie-deuxieme-chance-pour-les-quartiers\/\" \/>\n<meta property=\"og:site_name\" content=\"Lyon Bondy Blog\" \/>\n<meta property=\"article:publisher\" content=\"https:\/\/www.facebook.com\/lyonbondyblog\" \/>\n<meta property=\"article:published_time\" content=\"2015-05-05T14:30:56+00:00\" \/>\n<meta property=\"article:modified_time\" content=\"2015-05-30T19:13:41+00:00\" \/>\n<meta property=\"og:image\" content=\"https:\/\/lyonbondyblog.fr\/LBB\/wp-content\/uploads\/2014\/05\/DSC07746.jpg\" \/>\n\t<meta property=\"og:image:width\" content=\"600\" \/>\n\t<meta property=\"og:image:height\" content=\"400\" \/>\n\t<meta property=\"og:image:type\" content=\"image\/jpeg\" \/>\n<meta name=\"author\" content=\"Auriane Guiot\" \/>\n<meta name=\"twitter:card\" content=\"summary_large_image\" \/>\n<meta name=\"twitter:creator\" content=\"@bondybloglyon\" \/>\n<meta name=\"twitter:site\" content=\"@bondybloglyon\" \/>\n<script type=\"application\/ld+json\" class=\"yoast-schema-graph\">{\"@context\":\"https:\/\/schema.org\",\"@graph\":[{\"@type\":\"Article\",\"@id\":\"https:\/\/lyonbondyblog.fr\/LBB\/une-vraie-deuxieme-chance-pour-les-quartiers\/#article\",\"isPartOf\":{\"@id\":\"https:\/\/lyonbondyblog.fr\/LBB\/une-vraie-deuxieme-chance-pour-les-quartiers\/\"},\"author\":{\"name\":\"Auriane Guiot\",\"@id\":\"https:\/\/lyonbondyblog.fr\/LBB\/#\/schema\/person\/a33e8bc96a4258ee4b13618978a8f7a9\"},\"headline\":\"Une vraie deuxi\u00e8me chance pour les quartiers\u00a0?\",\"datePublished\":\"2015-05-05T14:30:56+00:00\",\"dateModified\":\"2015-05-30T19:13:41+00:00\",\"mainEntityOfPage\":{\"@id\":\"https:\/\/lyonbondyblog.fr\/LBB\/une-vraie-deuxieme-chance-pour-les-quartiers\/\"},\"wordCount\":1057,\"commentCount\":0,\"publisher\":{\"@id\":\"https:\/\/lyonbondyblog.fr\/LBB\/#organization\"},\"image\":{\"@id\":\"https:\/\/lyonbondyblog.fr\/LBB\/une-vraie-deuxieme-chance-pour-les-quartiers\/#primaryimage\"},\"thumbnailUrl\":\"https:\/\/lyonbondyblog.fr\/LBB\/wp-content\/uploads\/2014\/05\/DSC07746.jpg\",\"keywords\":[\"B\u00e9n\u00e9volat\",\"Contrat \u00e0 dur\u00e9e ind\u00e9termin\u00e9e\",\"Contrat de travail \u00e0 dur\u00e9e d\u00e9termin\u00e9e en France\",\"D\u00e9partement fran\u00e7ais\",\"Deuxi\u00e8me Chance (s\u00e9rie t\u00e9l\u00e9vis\u00e9e)\",\"Direction de la protection judiciaire de la jeunesse (France)\",\"emploi\",\"entreprise\",\"etat\",\"france\",\"France 3 Rh\u00f4ne-Alpes\",\"Fran\u00e7ois Lamy\",\"gouvernement\",\"jeunes\",\"la Duch\u00e8re\",\"logement\",\"lyon\",\"Ministre\",\"p\u00f4le emploi\",\"Police nationale (France)\",\"Politique de la ville\",\"Pr\u00e9fet (France)\",\"Pr\u00e9fet de d\u00e9partement\",\"Pr\u00e9fet de r\u00e9gion\",\"Professionnalisme\",\"recrutement\",\"R\u00e9gion fran\u00e7aise\",\"r\u00e9gion Rhone-Alpes\",\"rencontre\",\"Rh\u00f4ne-Alpes\",\"social\",\"Sous-pr\u00e9fecture\",\"Territoire\",\"travail\"],\"articleSection\":[\"France\",\"Lyon\",\"Soci\u00e9t\u00e9\"],\"inLanguage\":\"fr-FR\",\"potentialAction\":[{\"@type\":\"CommentAction\",\"name\":\"Comment\",\"target\":[\"https:\/\/lyonbondyblog.fr\/LBB\/une-vraie-deuxieme-chance-pour-les-quartiers\/#respond\"]}]},{\"@type\":\"WebPage\",\"@id\":\"https:\/\/lyonbondyblog.fr\/LBB\/une-vraie-deuxieme-chance-pour-les-quartiers\/\",\"url\":\"https:\/\/lyonbondyblog.fr\/LBB\/une-vraie-deuxieme-chance-pour-les-quartiers\/\",\"name\":\"Une vraie deuxi\u00e8me chance pour les quartiers ?\",\"isPartOf\":{\"@id\":\"https:\/\/lyonbondyblog.fr\/LBB\/#website\"},\"primaryImageOfPage\":{\"@id\":\"https:\/\/lyonbondyblog.fr\/LBB\/une-vraie-deuxieme-chance-pour-les-quartiers\/#primaryimage\"},\"image\":{\"@id\":\"https:\/\/lyonbondyblog.fr\/LBB\/une-vraie-deuxieme-chance-pour-les-quartiers\/#primaryimage\"},\"thumbnailUrl\":\"https:\/\/lyonbondyblog.fr\/LBB\/wp-content\/uploads\/2014\/05\/DSC07746.jpg\",\"datePublished\":\"2015-05-05T14:30:56+00:00\",\"dateModified\":\"2015-05-30T19:13:41+00:00\",\"description\":\"Rencontre avec Jalal Nadarou, d\u00e9l\u00e9gu\u00e9 au pr\u00e9fet de R\u00e9gion, dont d\u00e9pend le dispositif \u00ab pack de la deuxi\u00e8me chance \u00bb.\",\"inLanguage\":\"fr-FR\",\"potentialAction\":[{\"@type\":\"ReadAction\",\"target\":[\"https:\/\/lyonbondyblog.fr\/LBB\/une-vraie-deuxieme-chance-pour-les-quartiers\/\"]}]},{\"@type\":\"ImageObject\",\"inLanguage\":\"fr-FR\",\"@id\":\"https:\/\/lyonbondyblog.fr\/LBB\/une-vraie-deuxieme-chance-pour-les-quartiers\/#primaryimage\",\"url\":\"https:\/\/lyonbondyblog.fr\/LBB\/wp-content\/uploads\/2014\/05\/DSC07746.jpg\",\"contentUrl\":\"https:\/\/lyonbondyblog.fr\/LBB\/wp-content\/uploads\/2014\/05\/DSC07746.jpg\",\"width\":600,\"height\":400},{\"@type\":\"WebSite\",\"@id\":\"https:\/\/lyonbondyblog.fr\/LBB\/#website\",\"url\":\"https:\/\/lyonbondyblog.fr\/LBB\/\",\"name\":\"Lyon Bondy Blog\",\"description\":\"\",\"publisher\":{\"@id\":\"https:\/\/lyonbondyblog.fr\/LBB\/#organization\"},\"potentialAction\":[{\"@type\":\"SearchAction\",\"target\":{\"@type\":\"EntryPoint\",\"urlTemplate\":\"https:\/\/lyonbondyblog.fr\/LBB\/?s={search_term_string}\"},\"query-input\":\"required name=search_term_string\"}],\"inLanguage\":\"fr-FR\"},{\"@type\":\"Organization\",\"@id\":\"https:\/\/lyonbondyblog.fr\/LBB\/#organization\",\"name\":\"LYON BONDY BLOG\",\"url\":\"https:\/\/lyonbondyblog.fr\/LBB\/\",\"logo\":{\"@type\":\"ImageObject\",\"inLanguage\":\"fr-FR\",\"@id\":\"https:\/\/lyonbondyblog.fr\/LBB\/#\/schema\/logo\/image\/\",\"url\":\"http:\/\/lyonbondyblog.fr\/LBB\/wp-content\/uploads\/2014\/10\/logo-portable-144.png\",\"contentUrl\":\"http:\/\/lyonbondyblog.fr\/LBB\/wp-content\/uploads\/2014\/10\/logo-portable-144.png\",\"width\":144,\"height\":123,\"caption\":\"LYON BONDY BLOG\"},\"image\":{\"@id\":\"https:\/\/lyonbondyblog.fr\/LBB\/#\/schema\/logo\/image\/\"},\"sameAs\":[\"https:\/\/www.facebook.com\/lyonbondyblog\",\"https:\/\/x.com\/bondybloglyon\"]},{\"@type\":\"Person\",\"@id\":\"https:\/\/lyonbondyblog.fr\/LBB\/#\/schema\/person\/a33e8bc96a4258ee4b13618978a8f7a9\",\"name\":\"Auriane Guiot\",\"description\":\"auriane.guiot@hotmail.fr @AurianeGuiot\",\"url\":\"https:\/\/lyonbondyblog.fr\/LBB\/author\/auriane\/\"}]}<\/script>\n<!-- \/ Yoast SEO plugin. -->","yoast_head_json":{"title":"Une vraie deuxi\u00e8me chance pour les quartiers ?","description":"Rencontre avec Jalal Nadarou, d\u00e9l\u00e9gu\u00e9 au pr\u00e9fet de R\u00e9gion, dont d\u00e9pend le dispositif \u00ab pack de la deuxi\u00e8me chance \u00bb.","robots":{"index":"index","follow":"follow","max-snippet":"max-snippet:-1","max-image-preview":"max-image-preview:large","max-video-preview":"max-video-preview:-1"},"canonical":"https:\/\/lyonbondyblog.fr\/LBB\/une-vraie-deuxieme-chance-pour-les-quartiers\/","og_locale":"fr_FR","og_type":"article","og_title":"Une vraie deuxi\u00e8me chance pour les quartiers ?","og_description":"Rencontre avec Jalal Nadarou, d\u00e9l\u00e9gu\u00e9 au pr\u00e9fet de R\u00e9gion, dont d\u00e9pend le dispositif \u00ab pack de la deuxi\u00e8me chance \u00bb.","og_url":"https:\/\/lyonbondyblog.fr\/LBB\/une-vraie-deuxieme-chance-pour-les-quartiers\/","og_site_name":"Lyon Bondy Blog","article_publisher":"https:\/\/www.facebook.com\/lyonbondyblog","article_published_time":"2015-05-05T14:30:56+00:00","article_modified_time":"2015-05-30T19:13:41+00:00","og_image":[{"width":600,"height":400,"url":"https:\/\/lyonbondyblog.fr\/LBB\/wp-content\/uploads\/2014\/05\/DSC07746.jpg","type":"image\/jpeg"}],"author":"Auriane Guiot","twitter_card":"summary_large_image","twitter_creator":"@bondybloglyon","twitter_site":"@bondybloglyon","schema":{"@context":"https:\/\/schema.org","@graph":[{"@type":"Article","@id":"https:\/\/lyonbondyblog.fr\/LBB\/une-vraie-deuxieme-chance-pour-les-quartiers\/#article","isPartOf":{"@id":"https:\/\/lyonbondyblog.fr\/LBB\/une-vraie-deuxieme-chance-pour-les-quartiers\/"},"author":{"name":"Auriane Guiot","@id":"https:\/\/lyonbondyblog.fr\/LBB\/#\/schema\/person\/a33e8bc96a4258ee4b13618978a8f7a9"},"headline":"Une vraie deuxi\u00e8me chance pour les quartiers\u00a0?","datePublished":"2015-05-05T14:30:56+00:00","dateModified":"2015-05-30T19:13:41+00:00","mainEntityOfPage":{"@id":"https:\/\/lyonbondyblog.fr\/LBB\/une-vraie-deuxieme-chance-pour-les-quartiers\/"},"wordCount":1057,"commentCount":0,"publisher":{"@id":"https:\/\/lyonbondyblog.fr\/LBB\/#organization"},"image":{"@id":"https:\/\/lyonbondyblog.fr\/LBB\/une-vraie-deuxieme-chance-pour-les-quartiers\/#primaryimage"},"thumbnailUrl":"https:\/\/lyonbondyblog.fr\/LBB\/wp-content\/uploads\/2014\/05\/DSC07746.jpg","keywords":["B\u00e9n\u00e9volat","Contrat \u00e0 dur\u00e9e ind\u00e9termin\u00e9e","Contrat de travail \u00e0 dur\u00e9e d\u00e9termin\u00e9e en France","D\u00e9partement fran\u00e7ais","Deuxi\u00e8me Chance (s\u00e9rie t\u00e9l\u00e9vis\u00e9e)","Direction de la protection judiciaire de la jeunesse (France)","emploi","entreprise","etat","france","France 3 Rh\u00f4ne-Alpes","Fran\u00e7ois Lamy","gouvernement","jeunes","la Duch\u00e8re","logement","lyon","Ministre","p\u00f4le emploi","Police nationale (France)","Politique de la ville","Pr\u00e9fet (France)","Pr\u00e9fet de d\u00e9partement","Pr\u00e9fet de r\u00e9gion","Professionnalisme","recrutement","R\u00e9gion fran\u00e7aise","r\u00e9gion Rhone-Alpes","rencontre","Rh\u00f4ne-Alpes","social","Sous-pr\u00e9fecture","Territoire","travail"],"articleSection":["France","Lyon","Soci\u00e9t\u00e9"],"inLanguage":"fr-FR","potentialAction":[{"@type":"CommentAction","name":"Comment","target":["https:\/\/lyonbondyblog.fr\/LBB\/une-vraie-deuxieme-chance-pour-les-quartiers\/#respond"]}]},{"@type":"WebPage","@id":"https:\/\/lyonbondyblog.fr\/LBB\/une-vraie-deuxieme-chance-pour-les-quartiers\/","url":"https:\/\/lyonbondyblog.fr\/LBB\/une-vraie-deuxieme-chance-pour-les-quartiers\/","name":"Une vraie deuxi\u00e8me chance pour les quartiers ?","isPartOf":{"@id":"https:\/\/lyonbondyblog.fr\/LBB\/#website"},"primaryImageOfPage":{"@id":"https:\/\/lyonbondyblog.fr\/LBB\/une-vraie-deuxieme-chance-pour-les-quartiers\/#primaryimage"},"image":{"@id":"https:\/\/lyonbondyblog.fr\/LBB\/une-vraie-deuxieme-chance-pour-les-quartiers\/#primaryimage"},"thumbnailUrl":"https:\/\/lyonbondyblog.fr\/LBB\/wp-content\/uploads\/2014\/05\/DSC07746.jpg","datePublished":"2015-05-05T14:30:56+00:00","dateModified":"2015-05-30T19:13:41+00:00","description":"Rencontre avec Jalal Nadarou, d\u00e9l\u00e9gu\u00e9 au pr\u00e9fet de R\u00e9gion, dont d\u00e9pend le dispositif \u00ab pack de la deuxi\u00e8me chance \u00bb.","inLanguage":"fr-FR","potentialAction":[{"@type":"ReadAction","target":["https:\/\/lyonbondyblog.fr\/LBB\/une-vraie-deuxieme-chance-pour-les-quartiers\/"]}]},{"@type":"ImageObject","inLanguage":"fr-FR","@id":"https:\/\/lyonbondyblog.fr\/LBB\/une-vraie-deuxieme-chance-pour-les-quartiers\/#primaryimage","url":"https:\/\/lyonbondyblog.fr\/LBB\/wp-content\/uploads\/2014\/05\/DSC07746.jpg","contentUrl":"https:\/\/lyonbondyblog.fr\/LBB\/wp-content\/uploads\/2014\/05\/DSC07746.jpg","width":600,"height":400},{"@type":"WebSite","@id":"https:\/\/lyonbondyblog.fr\/LBB\/#website","url":"https:\/\/lyonbondyblog.fr\/LBB\/","name":"Lyon Bondy Blog","description":"","publisher":{"@id":"https:\/\/lyonbondyblog.fr\/LBB\/#organization"},"potentialAction":[{"@type":"SearchAction","target":{"@type":"EntryPoint","urlTemplate":"https:\/\/lyonbondyblog.fr\/LBB\/?s={search_term_string}"},"query-input":"required name=search_term_string"}],"inLanguage":"fr-FR"},{"@type":"Organization","@id":"https:\/\/lyonbondyblog.fr\/LBB\/#organization","name":"LYON BONDY BLOG","url":"https:\/\/lyonbondyblog.fr\/LBB\/","logo":{"@type":"ImageObject","inLanguage":"fr-FR","@id":"https:\/\/lyonbondyblog.fr\/LBB\/#\/schema\/logo\/image\/","url":"http:\/\/lyonbondyblog.fr\/LBB\/wp-content\/uploads\/2014\/10\/logo-portable-144.png","contentUrl":"http:\/\/lyonbondyblog.fr\/LBB\/wp-content\/uploads\/2014\/10\/logo-portable-144.png","width":144,"height":123,"caption":"LYON BONDY BLOG"},"image":{"@id":"https:\/\/lyonbondyblog.fr\/LBB\/#\/schema\/logo\/image\/"},"sameAs":["https:\/\/www.facebook.com\/lyonbondyblog","https:\/\/x.com\/bondybloglyon"]},{"@type":"Person","@id":"https:\/\/lyonbondyblog.fr\/LBB\/#\/schema\/person\/a33e8bc96a4258ee4b13618978a8f7a9","name":"Auriane Guiot","description":"auriane.guiot@hotmail.fr @AurianeGuiot","url":"https:\/\/lyonbondyblog.fr\/LBB\/author\/auriane\/"}]}},"_links":{"self":[{"href":"https:\/\/lyonbondyblog.fr\/LBB\/wp-json\/wp\/v2\/posts\/8027","targetHints":{"allow":["GET"]}}],"collection":[{"href":"https:\/\/lyonbondyblog.fr\/LBB\/wp-json\/wp\/v2\/posts"}],"about":[{"href":"https:\/\/lyonbondyblog.fr\/LBB\/wp-json\/wp\/v2\/types\/post"}],"author":[{"embeddable":true,"href":"https:\/\/lyonbondyblog.fr\/LBB\/wp-json\/wp\/v2\/users\/153"}],"replies":[{"embeddable":true,"href":"https:\/\/lyonbondyblog.fr\/LBB\/wp-json\/wp\/v2\/comments?post=8027"}],"version-history":[{"count":0,"href":"https:\/\/lyonbondyblog.fr\/LBB\/wp-json\/wp\/v2\/posts\/8027\/revisions"}],"wp:featuredmedia":[{"embeddable":true,"href":"https:\/\/lyonbondyblog.fr\/LBB\/wp-json\/wp\/v2\/media\/6554"}],"wp:attachment":[{"href":"https:\/\/lyonbondyblog.fr\/LBB\/wp-json\/wp\/v2\/media?parent=8027"}],"wp:term":[{"taxonomy":"category","embeddable":true,"href":"https:\/\/lyonbondyblog.fr\/LBB\/wp-json\/wp\/v2\/categories?post=8027"},{"taxonomy":"post_tag","embeddable":true,"href":"https:\/\/lyonbondyblog.fr\/LBB\/wp-json\/wp\/v2\/tags?post=8027"}],"curies":[{"name":"wp","href":"https:\/\/api.w.org\/{rel}","templated":true}]}}