{"id":8000,"date":"2015-04-22T13:44:48","date_gmt":"2015-04-22T11:44:48","guid":{"rendered":"http:\/\/lyonbondyblog.fr\/LBB\/?p=8000"},"modified":"2015-04-22T13:44:48","modified_gmt":"2015-04-22T11:44:48","slug":"la-ruche-de-la-croix-rousse-pour-une-convention-doccupation","status":"publish","type":"post","link":"https:\/\/lyonbondyblog.fr\/LBB\/la-ruche-de-la-croix-rousse-pour-une-convention-doccupation\/","title":{"rendered":"La ruche de la Croix-Rousse\u00a0: Pour une convention d\u2019occupation\u00a0!"},"content":{"rendered":"<p><strong><span style=\"color: #ff0000;\">Tribune libre.<\/span><\/strong> Depuis un an, l\u2019association \u00ab\u00a0la ruche de la Croix-Rousse\u00a0\u00bb occupe le 33 bis rue du Bon Pasteur, une ancienne fabrique de casquettes, dans le 1er arrondissement de Lyon. L\u2019objectif est de faire de cet espace abandonn\u00e9 par la Ville de Lyon une maison de quartier entour\u00e9e d&rsquo;un jardin partag\u00e9 (1 600m2 en friche) ouvert \u00e0 tous, d\u00e9di\u00e9 aux rencontres et aux cultures.<\/p>\n<p>Le 5 mars, la ruche a re\u00e7u un avis d\u2019expulsion de la ville de Lyon, dont la date butoir sera le 5 mai, soit dans deux semaines&#8230; En un an, la ville n\u2019a jamais voulu<\/p>\n<table class=\"alignright\" style=\"border-color: #030101; background-color: #c4bbbb; width: 350px;\" border=\"5\">\n<tbody>\n<tr>\n<td><strong>Tribune ouverte<\/strong> de l&rsquo;association <a href=\"https:\/\/www.facebook.com\/la.ruche.xrousse\">La Ruche de Croix-Rousse<\/a>.<a href=\"http:\/\/ruche-rencontres-cultures.fr\/\">http:\/\/ruche-rencontres-cultures.fr\/<\/a><\/td>\n<\/tr>\n<\/tbody>\n<\/table>\n<p>ouvrir le dialogue avec nous et toutes nos demandes de rendez-vous sont rest\u00e9es \u00ab\u00a0lettre morte\u00a0\u00bb. Cela malgr\u00e9 le soutien du conseil de quartier \u00ab\u00a0Haut et C\u0153ur des Pentes\u00a0\u00bb, du conseil d\u2019arrondissement du 1er, et d\u2019une p\u00e9tition qui a rassembl\u00e9 3000 signatures, soit plus que le nombre de voix obtenues par la liste \u00ab\u00a0\u00c9videmment Lyon\u00a0\u00bb de G\u00e9rard Collomb dans cet arrondissement aux Municipales 2014. Devant le m\u00e9pris de la ville, le 28 f\u00e9vrier, un collectif de riverains \u00ab\u00a0les pend\u2019arts\u00a0\u00bb envahissait le jardin.<\/p>\n<p>Vendredi dernier (le 17 avril), les services de la ville de Lyon sont venus pour expulser le jardin partag\u00e9 avec le renfort d\u2019huissiers et des forces de police. La raison\u00a0: le terrain est situ\u00e9 en Zone \u00e0 Risques et serait donc dangereux pour ses visiteurs, or toutes les pentes de la Croix-Rousse sont situ\u00e9es en Zones \u00e0 Risques\u00a0! Quant \u00e0 la batisse il r\u00e9sulte d&rsquo;un certificat datant de 2012 d\u00e9livr\u00e9 par la Ville de Lyon elle m\u00eame\u00a0: un Arr\u00eat\u00e9 de <strong>non p\u00e9ril<\/strong>.<\/p>\n<p>Ils ont commenc\u00e9 par vouloir expulser tout le monde, emp\u00eachant la trentaine de riverains pr\u00e9sents d\u2019entrer dans les lieux par un cordon de CRS. Heureusement pour nous, plusieurs parcelles du terrain ont \u00e9t\u00e9 oubli\u00e9es dans l\u2019avis d\u2019expulsion. Les habitants du quartier se sont alors r\u00e9fugi\u00e9s sur le peu de terrain qu\u2019il leur restait \u00e0 d\u00e9fendre. Tout cela s\u2019est d\u00e9roul\u00e9 dans le calme, tant du c\u00f4t\u00e9 des habitants que des forces de l\u2019ordre.<\/p>\n<p>Le m\u00eame jour (vendredi) la Ville de Lyon d\u00e9cide de couper le jardin en deux parties\u00a0: une qui est maintenant interdite et une autre en attente d\u2019une expulsion prochaine.<\/p>\n<p>Lundi soir, une rencontre a eu lieu avec Nathalie Perrin-Gilbert (maire du 1er) pour nous aider dans nos d\u00e9marches et qui nous r\u00e9it\u00e8re son soutien. Les \u00e9lus de premier demandent quatre choses\u00a0: 1) Une convention d\u2019occupation sign\u00e9e entre La Ruche de Croix-Rousse, les Pendarts et la Ville de Lyon. 2) Un acc\u00e8s \u00e0 l\u2019expertise r\u00e9alis\u00e9e par la Ville de Lyon (sur la dangerosit\u00e9 du terrain). 3) Une contre expertise ind\u00e9pendante. 4) Le transfert de la gestion de ces parcelles de la Ville vers la mairie d\u2019arrondissement dans le cadre de la loi PLM.<\/p>\n<p>Nous adressons cette lettre aux \u00e9lus de la Ville de Lyon notamment G\u00e9rard Collomb, Jean-Yves S\u00e9cheresse et Nicole Gay, afin <strong>qu\u2019ils nous accordent une convention d\u2019occupation qui nous permettrait de s\u00e9curiser les lieux et de cr\u00e9er un espace de vie \u00e9cologique, humain et solidaire au c\u0153ur de la m\u00e9tropole lyonnaise. <\/strong><\/p>\n<p>Monsieur le maire, nous esp\u00e9rons que cette demande ne restera pas \u00ab\u00a0lettre morte\u00a0\u00bb.<\/p>\n<p>&nbsp;<\/p>\n<p style=\"text-align: right;\">Tribune ouverte de l&rsquo;association La Ruche de Croix-Rousse. (<a href=\"https:\/\/www.facebook.com\/la.ruche.xrousse\">https:\/\/www.facebook.com\/la.ruche.xrousse<\/a>)<\/p>\n<p style=\"text-align: right;\"><a href=\"http:\/\/ruche-rencontres-cultures.fr\/\">http:\/\/ruche-rencontres-cultures.fr\/<\/a><\/p>\n<p>\u00a0<img loading=\"lazy\" decoding=\"async\" class=\"aligncenter size-full wp-image-8002\" src=\"https:\/\/lyonbondyblog.fr\/LBB\/wp-content\/uploads\/2015\/04\/photo1.jpg\" alt=\"photo1\" width=\"720\" height=\"405\" srcset=\"https:\/\/lyonbondyblog.fr\/LBB\/wp-content\/uploads\/2015\/04\/photo1.jpg 720w, https:\/\/lyonbondyblog.fr\/LBB\/wp-content\/uploads\/2015\/04\/photo1-300x169.jpg 300w, https:\/\/lyonbondyblog.fr\/LBB\/wp-content\/uploads\/2015\/04\/photo1-600x338.jpg 600w\" sizes=\"auto, (max-width: 720px) 100vw, 720px\" \/><\/p>\n<!-- AddThis Advanced Settings generic via filter on the_content --><!-- AddThis Share Buttons generic via filter on the_content -->","protected":false},"excerpt":{"rendered":"<p>Tribune libre. Depuis un an, l\u2019association \u00ab\u00a0la ruche de la Croix-Rousse\u00a0\u00bb occupe le 33 bis rue du Bon Pasteur, une ancienne fabrique de casquettes, dans &hellip; <!-- AddThis Advanced Settings generic via filter on wp_trim_excerpt --><!-- AddThis Share Buttons generic via filter on wp_trim_excerpt --><\/p>\n","protected":false},"author":1,"featured_media":8003,"comment_status":"open","ping_status":"open","sticky":false,"template":"","format":"standard","meta":{"_FSMCFIC_featured_image_caption":"","_FSMCFIC_featured_image_nocaption":"","_FSMCFIC_featured_image_hide":"","footnotes":""},"categories":[4,1546],"tags":[1547,1548,850,1551,1355,1555,1433,1552,1952,873,1406,1341,1553,1277,1065,784,1549,892,1550,1554],"class_list":["post-8000","post","type-post","status-publish","format-standard","has-post-thumbnail","hentry","category-lyon","category-tribune-libre","tag-1er-arrondissement-de-lyon","tag-arrondissement-francais","tag-collectif","tag-compagnies-republicaines-de-securite","tag-conseil-de-quartier","tag-convention-doccupation","tag-convention-europeenne-des-droits-de-lhomme","tag-convention-nationale","tag-culture","tag-gerard-collomb","tag-humanite","tag-la-croix-rousse","tag-la-ruche","tag-metropole","tag-municipales-2014","tag-nathalie-perrin-gilbert","tag-pentes-de-la-croix-rousse","tag-refugies","tag-risque","tag-ville-de-lyon"],"yoast_head":"<!-- This site is optimized with the Yoast SEO plugin v22.8 - https:\/\/yoast.com\/wordpress\/plugins\/seo\/ -->\n<title>La ruche de Croix-Rousse : Pour une convention d\u2019occupation<\/title>\n<meta name=\"description\" content=\"Tribune libre de l&#039;association La ruche de la Croix-Rousse, suite \u00e0 l&#039;avis d&#039;expulsion de la ville de Lyon\" \/>\n<meta name=\"robots\" content=\"index, follow, max-snippet:-1, max-image-preview:large, max-video-preview:-1\" \/>\n<link rel=\"canonical\" href=\"https:\/\/lyonbondyblog.fr\/LBB\/la-ruche-de-la-croix-rousse-pour-une-convention-doccupation\/\" \/>\n<meta property=\"og:locale\" content=\"fr_FR\" \/>\n<meta property=\"og:type\" content=\"article\" \/>\n<meta property=\"og:title\" content=\"La ruche de Croix-Rousse : Pour une convention d\u2019occupation\" \/>\n<meta property=\"og:description\" content=\"Tribune libre de l&#039;association La ruche de la Croix-Rousse, suite \u00e0 l&#039;avis d&#039;expulsion de la ville de Lyon\" \/>\n<meta property=\"og:url\" content=\"https:\/\/lyonbondyblog.fr\/LBB\/la-ruche-de-la-croix-rousse-pour-une-convention-doccupation\/\" \/>\n<meta property=\"og:site_name\" content=\"Lyon Bondy Blog\" \/>\n<meta property=\"article:publisher\" content=\"https:\/\/www.facebook.com\/lyonbondyblog\" \/>\n<meta property=\"article:author\" content=\"https:\/\/www.facebook.com\/lyonbondyblog\" \/>\n<meta property=\"article:published_time\" content=\"2015-04-22T11:44:48+00:00\" \/>\n<meta property=\"og:image\" content=\"https:\/\/lyonbondyblog.fr\/LBB\/wp-content\/uploads\/2015\/04\/photo21.jpg\" \/>\n\t<meta property=\"og:image:width\" content=\"720\" \/>\n\t<meta property=\"og:image:height\" content=\"405\" \/>\n\t<meta property=\"og:image:type\" content=\"image\/jpeg\" \/>\n<meta name=\"author\" content=\"La r\u00e9daction\" \/>\n<meta name=\"twitter:card\" content=\"summary_large_image\" \/>\n<meta name=\"twitter:creator\" content=\"@BondyBlogLyon\" \/>\n<meta name=\"twitter:site\" content=\"@bondybloglyon\" \/>\n<script type=\"application\/ld+json\" class=\"yoast-schema-graph\">{\"@context\":\"https:\/\/schema.org\",\"@graph\":[{\"@type\":\"Article\",\"@id\":\"https:\/\/lyonbondyblog.fr\/LBB\/la-ruche-de-la-croix-rousse-pour-une-convention-doccupation\/#article\",\"isPartOf\":{\"@id\":\"https:\/\/lyonbondyblog.fr\/LBB\/la-ruche-de-la-croix-rousse-pour-une-convention-doccupation\/\"},\"author\":{\"name\":\"La r\u00e9daction\",\"@id\":\"https:\/\/lyonbondyblog.fr\/LBB\/#\/schema\/person\/e45f8d27baac75072daa0be50c409b25\"},\"headline\":\"La ruche de la Croix-Rousse\u00a0: Pour une convention d\u2019occupation\u00a0!\",\"datePublished\":\"2015-04-22T11:44:48+00:00\",\"dateModified\":\"2015-04-22T11:44:48+00:00\",\"mainEntityOfPage\":{\"@id\":\"https:\/\/lyonbondyblog.fr\/LBB\/la-ruche-de-la-croix-rousse-pour-une-convention-doccupation\/\"},\"wordCount\":600,\"commentCount\":0,\"publisher\":{\"@id\":\"https:\/\/lyonbondyblog.fr\/LBB\/#organization\"},\"image\":{\"@id\":\"https:\/\/lyonbondyblog.fr\/LBB\/la-ruche-de-la-croix-rousse-pour-une-convention-doccupation\/#primaryimage\"},\"thumbnailUrl\":\"https:\/\/lyonbondyblog.fr\/LBB\/wp-content\/uploads\/2015\/04\/photo21.jpg\",\"keywords\":[\"1er arrondissement de Lyon\",\"Arrondissement fran\u00e7ais\",\"collectif\",\"Compagnies r\u00e9publicaines de s\u00e9curit\u00e9\",\"Conseil de quartier\",\"convention d\u2019occupation\",\"Convention europ\u00e9enne des droits de l'homme\",\"Convention nationale\",\"Culture\",\"G\u00e9rard Collomb\",\"Humanit\u00e9\",\"La Croix-Rousse\",\"La Ruche\",\"M\u00e9tropole\",\"municipales 2014\",\"Nathalie PERRIN-GILBERT\",\"Pentes de la Croix-Rousse\",\"r\u00e9fugi\u00e9s\",\"Risque\",\"Ville de Lyon\"],\"articleSection\":[\"Lyon\",\"Tribune libre\"],\"inLanguage\":\"fr-FR\",\"potentialAction\":[{\"@type\":\"CommentAction\",\"name\":\"Comment\",\"target\":[\"https:\/\/lyonbondyblog.fr\/LBB\/la-ruche-de-la-croix-rousse-pour-une-convention-doccupation\/#respond\"]}]},{\"@type\":\"WebPage\",\"@id\":\"https:\/\/lyonbondyblog.fr\/LBB\/la-ruche-de-la-croix-rousse-pour-une-convention-doccupation\/\",\"url\":\"https:\/\/lyonbondyblog.fr\/LBB\/la-ruche-de-la-croix-rousse-pour-une-convention-doccupation\/\",\"name\":\"La ruche de Croix-Rousse : Pour une convention d\u2019occupation\",\"isPartOf\":{\"@id\":\"https:\/\/lyonbondyblog.fr\/LBB\/#website\"},\"primaryImageOfPage\":{\"@id\":\"https:\/\/lyonbondyblog.fr\/LBB\/la-ruche-de-la-croix-rousse-pour-une-convention-doccupation\/#primaryimage\"},\"image\":{\"@id\":\"https:\/\/lyonbondyblog.fr\/LBB\/la-ruche-de-la-croix-rousse-pour-une-convention-doccupation\/#primaryimage\"},\"thumbnailUrl\":\"https:\/\/lyonbondyblog.fr\/LBB\/wp-content\/uploads\/2015\/04\/photo21.jpg\",\"datePublished\":\"2015-04-22T11:44:48+00:00\",\"dateModified\":\"2015-04-22T11:44:48+00:00\",\"description\":\"Tribune libre de l'association La ruche de la Croix-Rousse, suite \u00e0 l'avis d'expulsion de la ville de Lyon\",\"inLanguage\":\"fr-FR\",\"potentialAction\":[{\"@type\":\"ReadAction\",\"target\":[\"https:\/\/lyonbondyblog.fr\/LBB\/la-ruche-de-la-croix-rousse-pour-une-convention-doccupation\/\"]}]},{\"@type\":\"ImageObject\",\"inLanguage\":\"fr-FR\",\"@id\":\"https:\/\/lyonbondyblog.fr\/LBB\/la-ruche-de-la-croix-rousse-pour-une-convention-doccupation\/#primaryimage\",\"url\":\"https:\/\/lyonbondyblog.fr\/LBB\/wp-content\/uploads\/2015\/04\/photo21.jpg\",\"contentUrl\":\"https:\/\/lyonbondyblog.fr\/LBB\/wp-content\/uploads\/2015\/04\/photo21.jpg\",\"width\":720,\"height\":405},{\"@type\":\"WebSite\",\"@id\":\"https:\/\/lyonbondyblog.fr\/LBB\/#website\",\"url\":\"https:\/\/lyonbondyblog.fr\/LBB\/\",\"name\":\"Lyon Bondy Blog\",\"description\":\"\",\"publisher\":{\"@id\":\"https:\/\/lyonbondyblog.fr\/LBB\/#organization\"},\"potentialAction\":[{\"@type\":\"SearchAction\",\"target\":{\"@type\":\"EntryPoint\",\"urlTemplate\":\"https:\/\/lyonbondyblog.fr\/LBB\/?s={search_term_string}\"},\"query-input\":\"required name=search_term_string\"}],\"inLanguage\":\"fr-FR\"},{\"@type\":\"Organization\",\"@id\":\"https:\/\/lyonbondyblog.fr\/LBB\/#organization\",\"name\":\"LYON BONDY BLOG\",\"url\":\"https:\/\/lyonbondyblog.fr\/LBB\/\",\"logo\":{\"@type\":\"ImageObject\",\"inLanguage\":\"fr-FR\",\"@id\":\"https:\/\/lyonbondyblog.fr\/LBB\/#\/schema\/logo\/image\/\",\"url\":\"http:\/\/lyonbondyblog.fr\/LBB\/wp-content\/uploads\/2014\/10\/logo-portable-144.png\",\"contentUrl\":\"http:\/\/lyonbondyblog.fr\/LBB\/wp-content\/uploads\/2014\/10\/logo-portable-144.png\",\"width\":144,\"height\":123,\"caption\":\"LYON BONDY BLOG\"},\"image\":{\"@id\":\"https:\/\/lyonbondyblog.fr\/LBB\/#\/schema\/logo\/image\/\"},\"sameAs\":[\"https:\/\/www.facebook.com\/lyonbondyblog\",\"https:\/\/x.com\/bondybloglyon\"]},{\"@type\":\"Person\",\"@id\":\"https:\/\/lyonbondyblog.fr\/LBB\/#\/schema\/person\/e45f8d27baac75072daa0be50c409b25\",\"name\":\"La r\u00e9daction\",\"description\":\"Cr\u00e9e en 2008, la r\u00e9daction du Lyon Bondy Blog s'applique \u00e0 proposer une information locale diff\u00e9rente et compl\u00e9mentaire des m\u00e9dias traditionnels.\",\"sameAs\":[\"https:\/\/www.facebook.com\/lyonbondyblog\",\"https:\/\/x.com\/BondyBlogLyon\"],\"url\":\"https:\/\/lyonbondyblog.fr\/LBB\/author\/admin\/\"}]}<\/script>\n<!-- \/ Yoast SEO plugin. -->","yoast_head_json":{"title":"La ruche de Croix-Rousse : Pour une convention d\u2019occupation","description":"Tribune libre de l'association La ruche de la Croix-Rousse, suite \u00e0 l'avis d'expulsion de la ville de Lyon","robots":{"index":"index","follow":"follow","max-snippet":"max-snippet:-1","max-image-preview":"max-image-preview:large","max-video-preview":"max-video-preview:-1"},"canonical":"https:\/\/lyonbondyblog.fr\/LBB\/la-ruche-de-la-croix-rousse-pour-une-convention-doccupation\/","og_locale":"fr_FR","og_type":"article","og_title":"La ruche de Croix-Rousse : Pour une convention d\u2019occupation","og_description":"Tribune libre de l'association La ruche de la Croix-Rousse, suite \u00e0 l'avis d'expulsion de la ville de Lyon","og_url":"https:\/\/lyonbondyblog.fr\/LBB\/la-ruche-de-la-croix-rousse-pour-une-convention-doccupation\/","og_site_name":"Lyon Bondy Blog","article_publisher":"https:\/\/www.facebook.com\/lyonbondyblog","article_author":"https:\/\/www.facebook.com\/lyonbondyblog","article_published_time":"2015-04-22T11:44:48+00:00","og_image":[{"width":720,"height":405,"url":"https:\/\/lyonbondyblog.fr\/LBB\/wp-content\/uploads\/2015\/04\/photo21.jpg","type":"image\/jpeg"}],"author":"La r\u00e9daction","twitter_card":"summary_large_image","twitter_creator":"@BondyBlogLyon","twitter_site":"@bondybloglyon","schema":{"@context":"https:\/\/schema.org","@graph":[{"@type":"Article","@id":"https:\/\/lyonbondyblog.fr\/LBB\/la-ruche-de-la-croix-rousse-pour-une-convention-doccupation\/#article","isPartOf":{"@id":"https:\/\/lyonbondyblog.fr\/LBB\/la-ruche-de-la-croix-rousse-pour-une-convention-doccupation\/"},"author":{"name":"La r\u00e9daction","@id":"https:\/\/lyonbondyblog.fr\/LBB\/#\/schema\/person\/e45f8d27baac75072daa0be50c409b25"},"headline":"La ruche de la Croix-Rousse\u00a0: Pour une convention d\u2019occupation\u00a0!","datePublished":"2015-04-22T11:44:48+00:00","dateModified":"2015-04-22T11:44:48+00:00","mainEntityOfPage":{"@id":"https:\/\/lyonbondyblog.fr\/LBB\/la-ruche-de-la-croix-rousse-pour-une-convention-doccupation\/"},"wordCount":600,"commentCount":0,"publisher":{"@id":"https:\/\/lyonbondyblog.fr\/LBB\/#organization"},"image":{"@id":"https:\/\/lyonbondyblog.fr\/LBB\/la-ruche-de-la-croix-rousse-pour-une-convention-doccupation\/#primaryimage"},"thumbnailUrl":"https:\/\/lyonbondyblog.fr\/LBB\/wp-content\/uploads\/2015\/04\/photo21.jpg","keywords":["1er arrondissement de Lyon","Arrondissement fran\u00e7ais","collectif","Compagnies r\u00e9publicaines de s\u00e9curit\u00e9","Conseil de quartier","convention d\u2019occupation","Convention europ\u00e9enne des droits de l'homme","Convention nationale","Culture","G\u00e9rard Collomb","Humanit\u00e9","La Croix-Rousse","La Ruche","M\u00e9tropole","municipales 2014","Nathalie PERRIN-GILBERT","Pentes de la Croix-Rousse","r\u00e9fugi\u00e9s","Risque","Ville de Lyon"],"articleSection":["Lyon","Tribune libre"],"inLanguage":"fr-FR","potentialAction":[{"@type":"CommentAction","name":"Comment","target":["https:\/\/lyonbondyblog.fr\/LBB\/la-ruche-de-la-croix-rousse-pour-une-convention-doccupation\/#respond"]}]},{"@type":"WebPage","@id":"https:\/\/lyonbondyblog.fr\/LBB\/la-ruche-de-la-croix-rousse-pour-une-convention-doccupation\/","url":"https:\/\/lyonbondyblog.fr\/LBB\/la-ruche-de-la-croix-rousse-pour-une-convention-doccupation\/","name":"La ruche de Croix-Rousse : Pour une convention d\u2019occupation","isPartOf":{"@id":"https:\/\/lyonbondyblog.fr\/LBB\/#website"},"primaryImageOfPage":{"@id":"https:\/\/lyonbondyblog.fr\/LBB\/la-ruche-de-la-croix-rousse-pour-une-convention-doccupation\/#primaryimage"},"image":{"@id":"https:\/\/lyonbondyblog.fr\/LBB\/la-ruche-de-la-croix-rousse-pour-une-convention-doccupation\/#primaryimage"},"thumbnailUrl":"https:\/\/lyonbondyblog.fr\/LBB\/wp-content\/uploads\/2015\/04\/photo21.jpg","datePublished":"2015-04-22T11:44:48+00:00","dateModified":"2015-04-22T11:44:48+00:00","description":"Tribune libre de l'association La ruche de la Croix-Rousse, suite \u00e0 l'avis d'expulsion de la ville de Lyon","inLanguage":"fr-FR","potentialAction":[{"@type":"ReadAction","target":["https:\/\/lyonbondyblog.fr\/LBB\/la-ruche-de-la-croix-rousse-pour-une-convention-doccupation\/"]}]},{"@type":"ImageObject","inLanguage":"fr-FR","@id":"https:\/\/lyonbondyblog.fr\/LBB\/la-ruche-de-la-croix-rousse-pour-une-convention-doccupation\/#primaryimage","url":"https:\/\/lyonbondyblog.fr\/LBB\/wp-content\/uploads\/2015\/04\/photo21.jpg","contentUrl":"https:\/\/lyonbondyblog.fr\/LBB\/wp-content\/uploads\/2015\/04\/photo21.jpg","width":720,"height":405},{"@type":"WebSite","@id":"https:\/\/lyonbondyblog.fr\/LBB\/#website","url":"https:\/\/lyonbondyblog.fr\/LBB\/","name":"Lyon Bondy Blog","description":"","publisher":{"@id":"https:\/\/lyonbondyblog.fr\/LBB\/#organization"},"potentialAction":[{"@type":"SearchAction","target":{"@type":"EntryPoint","urlTemplate":"https:\/\/lyonbondyblog.fr\/LBB\/?s={search_term_string}"},"query-input":"required name=search_term_string"}],"inLanguage":"fr-FR"},{"@type":"Organization","@id":"https:\/\/lyonbondyblog.fr\/LBB\/#organization","name":"LYON BONDY BLOG","url":"https:\/\/lyonbondyblog.fr\/LBB\/","logo":{"@type":"ImageObject","inLanguage":"fr-FR","@id":"https:\/\/lyonbondyblog.fr\/LBB\/#\/schema\/logo\/image\/","url":"http:\/\/lyonbondyblog.fr\/LBB\/wp-content\/uploads\/2014\/10\/logo-portable-144.png","contentUrl":"http:\/\/lyonbondyblog.fr\/LBB\/wp-content\/uploads\/2014\/10\/logo-portable-144.png","width":144,"height":123,"caption":"LYON BONDY BLOG"},"image":{"@id":"https:\/\/lyonbondyblog.fr\/LBB\/#\/schema\/logo\/image\/"},"sameAs":["https:\/\/www.facebook.com\/lyonbondyblog","https:\/\/x.com\/bondybloglyon"]},{"@type":"Person","@id":"https:\/\/lyonbondyblog.fr\/LBB\/#\/schema\/person\/e45f8d27baac75072daa0be50c409b25","name":"La r\u00e9daction","description":"Cr\u00e9e en 2008, la r\u00e9daction du Lyon Bondy Blog s'applique \u00e0 proposer une information locale diff\u00e9rente et compl\u00e9mentaire des m\u00e9dias traditionnels.","sameAs":["https:\/\/www.facebook.com\/lyonbondyblog","https:\/\/x.com\/BondyBlogLyon"],"url":"https:\/\/lyonbondyblog.fr\/LBB\/author\/admin\/"}]}},"_links":{"self":[{"href":"https:\/\/lyonbondyblog.fr\/LBB\/wp-json\/wp\/v2\/posts\/8000","targetHints":{"allow":["GET"]}}],"collection":[{"href":"https:\/\/lyonbondyblog.fr\/LBB\/wp-json\/wp\/v2\/posts"}],"about":[{"href":"https:\/\/lyonbondyblog.fr\/LBB\/wp-json\/wp\/v2\/types\/post"}],"author":[{"embeddable":true,"href":"https:\/\/lyonbondyblog.fr\/LBB\/wp-json\/wp\/v2\/users\/1"}],"replies":[{"embeddable":true,"href":"https:\/\/lyonbondyblog.fr\/LBB\/wp-json\/wp\/v2\/comments?post=8000"}],"version-history":[{"count":0,"href":"https:\/\/lyonbondyblog.fr\/LBB\/wp-json\/wp\/v2\/posts\/8000\/revisions"}],"wp:featuredmedia":[{"embeddable":true,"href":"https:\/\/lyonbondyblog.fr\/LBB\/wp-json\/wp\/v2\/media\/8003"}],"wp:attachment":[{"href":"https:\/\/lyonbondyblog.fr\/LBB\/wp-json\/wp\/v2\/media?parent=8000"}],"wp:term":[{"taxonomy":"category","embeddable":true,"href":"https:\/\/lyonbondyblog.fr\/LBB\/wp-json\/wp\/v2\/categories?post=8000"},{"taxonomy":"post_tag","embeddable":true,"href":"https:\/\/lyonbondyblog.fr\/LBB\/wp-json\/wp\/v2\/tags?post=8000"}],"curies":[{"name":"wp","href":"https:\/\/api.w.org\/{rel}","templated":true}]}}