{"id":7975,"date":"2015-04-14T12:01:33","date_gmt":"2015-04-14T10:01:33","guid":{"rendered":"http:\/\/lyonbondyblog.fr\/LBB\/?p=7975"},"modified":"2015-04-14T13:43:12","modified_gmt":"2015-04-14T11:43:12","slug":"pascale-crozon-ps-la-parite-dans-les-partis-politiques-doit-etre-appliquee","status":"publish","type":"post","link":"https:\/\/lyonbondyblog.fr\/LBB\/pascale-crozon-ps-la-parite-dans-les-partis-politiques-doit-etre-appliquee\/","title":{"rendered":"Pascale Crozon (PS)\u00a0: \u00ab\u00a0La parit\u00e9 dans les partis politiques doit \u00eatre appliqu\u00e9e\u00a0\u00bb"},"content":{"rendered":"<p><strong>Rencontre avec Pascale Crozon, d\u00e9put\u00e9e PS de la 6\u00e8me circonscription du Rh\u00f4ne en marge d\u2019un vernissage organis\u00e9 par l\u2019association \u00ab\u00a0France-Ethiopie\u00a0\u00bb, pr\u00e9sid\u00e9e par Shoki Alisaid. Nous revenons avec l\u2019ancienne d\u00e9l\u00e9gu\u00e9e r\u00e9gionale charg\u00e9e des droits des femmes sur la parit\u00e9, la candidature aux l\u00e9gislatives de 2017 de Najat Vallaud-Belkacem et sur la f\u00e9minisation des instances sportives.<\/strong><\/p>\n<p><strong>\u00c0 l\u2019Assembl\u00e9e nationale, il n\u2019y a que 151 femmes sur 577 d\u00e9put\u00e9s. Comment peut-on faire pour arriver \u00e0 la parit\u00e9 hommes-femmes dans cette institution\u00a0?<\/strong><\/p>\n<p>La meilleure chose serait de faire la proportionnelle, puisque c\u2019est dans ce cadre-l\u00e0 que nous sommes arriv\u00e9s \u00e0 la parit\u00e9 dans les R\u00e9gions et dans les conseils municipaux, et puis maintenant sous une autre forme, les conseils g\u00e9n\u00e9raux. Dans ces conseils, les femmes repr\u00e9sentaient 12\u00a0%. Aujourd\u2019hui, elles sont 50\u00a0%. Ce qui est un progr\u00e8s \u00e9norme. Je regrette vraiment qu\u2019il n\u2019y ait pas plus de femmes \u00e0 l\u2019Assembl\u00e9e, car elles ont beaucoup de choses \u00e0 apporter. La gauche a amen\u00e9 un contingent important et vous savez que depuis la derni\u00e8re loi qui a \u00e9t\u00e9 vot\u00e9e sur l\u2019\u00e9galit\u00e9 hommes-femmes (lien), il y a une amende de l\u2019\u00c9tat envers les partis politiques qui ne l\u2019appliquent pas. Nous avons essay\u00e9 de voir comment nous pouvions r\u00e9gler le probl\u00e8me de la parit\u00e9. Avec le vote \u00e0 la proportionnelle, nous avons plus que doubl\u00e9 le nombre de femmes. Est-ce que ce sera une bonne chose et est-ce que cela r\u00e8glera le probl\u00e8me\u00a0? Je ne sais pas. D\u00e8s qu\u2019il s\u2019agit d\u2019argent, et surtout pour l\u2019UMP qui a perdu beaucoup d\u2019argent dans cette affaire-l\u00e0, peut-\u00eatre feront-ils un pas en avant\u00a0? C\u2019est quand m\u00eame les partis politiques qui sont responsables de cette affaire. Je pense qu\u2019\u00e0 l\u2019avenir, ils seront plus raisonnables pour respecter la parit\u00e9 au sein de leur groupe parlementaire. Au contraire des hommes, les femmes sont tr\u00e8s actives \u00e0 l\u2019Assembl\u00e9e nationale. Vous regarderez sur les rangs de cette institution, la nuit, elles sont tr\u00e8s pr\u00e9sentes, elles ont beaucoup de choses \u00e0 dire et je trouve qu\u2019il y a, et je ne suis pas la seule \u00e0 le dire, une autre ambiance. Sur la loi sur l\u2019interruption de la grossesse soutenue par Simone Weil, trois femmes \u00e9taient pr\u00e9sentes pour la voter. Encore une fois, sur des questions adress\u00e9es aux femmes, ce sont les hommes qui d\u00e9cident. Au contraire de l\u2019Assembl\u00e9e nationale, le S\u00e9nat a un fait un bond en avant sur cette question.<strong>\u00a0<\/strong><\/p>\n<p><strong>Pour les l\u00e9gislatives\u00a02017, Najat Vallaud-Belkacem (Ministre de l\u2019\u00e9ducation Nationale) devrait \u00eatre candidate. La ville de Villeurbanne laisse sa place de d\u00e9put\u00e9 aux femmes, est-ce une bonne chose\u00a0?<\/strong><\/p>\n<p>Moi j\u2019ai annonc\u00e9 depuis plusieurs semaines que je ne serais pas candidate pour les l\u00e9gislatives. Avec le maire et le secr\u00e9taire de section du parti socialiste, nous avons d\u00e9cid\u00e9 en commun que la meilleure candidate serait Mme\u00a0Vallaud-Belkacem, et qu\u2019il fallait pr\u00e9parer l\u2019avenir. Je connaissais bien Najat, elle ne voulait plus se pr\u00e9senter \u00e0 Lyon \u2014 pour les raisons que vous savez \u2014 et la voyant r\u00e9ussir pleinement au niveau du gouvernement, on s\u2019est dit que nous allions prendre contact avec elle. Elle a trouv\u00e9 une place ici en sachant que tout le monde \u00e9tait d\u2019accord. Il faudra que la section vote, mais cela ne devrait pas poser de probl\u00e8me. Je crois que tout le monde est content de la voir arriver et sa r\u00e9ussite au gouvernement le prouve. Elle a \u00e9galement fait un \u00e9norme travail sur la parit\u00e9 hommes-femmes, je m\u2019en r\u00e9jouis.<\/p>\n<p><strong>La convention Brighton-Helsinki a \u00e9t\u00e9 sign\u00e9e entre Thierry Braillard (secr\u00e9taire d\u2019\u00c9tat aux sports) et Pascale Boistard (secr\u00e9taire d\u2019\u00c9tat aux droits des femmes), concernant la f\u00e9minisation des instances sportives en France. Seulement deux femmes sont pr\u00e9sidentes de f\u00e9d\u00e9rations sportives, ce n\u2019est pas une honte pour la France\u00a0?<\/strong><\/p>\n<p>Une honte, je ne sais pas. Il faut dire aussi aux femmes d\u2019y aller. Ce n\u2019est pas toujours \u00e9vident quand on est dans un milieu plut\u00f4t masculin qui veut garder le pouvoir. Soyons clairs, c\u2019est une histoire de pouvoir. Les femmes savent tr\u00e8s bien que si elles ne participent pas aux instances dirigeantes, elles n\u2019ont aucune possibilit\u00e9 de peser sur les d\u00e9cisions qui sont prises. \u00c0 partir de l\u00e0, effectivement, il faut que les femmes s\u2019impliquent. Ce ne sera pas pour tout de suite, car cela demande du temps. Je milite depuis un certain nombre d\u2019ann\u00e9es au niveau du droit des femmes et je me rends compte que pour arriver \u00e0 l\u2019\u00e9galit\u00e9, il faut toujours passer par des lois. Parce que le pouvoir ne veut pas \u00eatre partag\u00e9. Les hommes qui l\u2019ont ne le partagent pas. Il faut qu\u2019elles soient volontaires, qu\u2019elles aillent de l\u2019avant. J\u2019ai encore entendu \u00e0 propos d\u2019un poste de conseill\u00e8re propos\u00e9 \u00e0 une femme, cette derni\u00e8re disait\u00a0: \u00ab\u00a0Est-ce que je serais capable\u00a0?\u00a0\u00bb C\u2019est marrant, car les hommes ne se posent jamais ces questions. Ils y vont tout de suite.<\/p>\n<!-- AddThis Advanced Settings generic via filter on the_content --><!-- AddThis Share Buttons generic via filter on the_content -->","protected":false},"excerpt":{"rendered":"<p>Rencontre avec Pascale Crozon, d\u00e9put\u00e9e PS de la 6\u00e8me circonscription du Rh\u00f4ne en marge d\u2019un vernissage organis\u00e9 par l\u2019association \u00ab\u00a0France-Ethiopie\u00a0\u00bb, pr\u00e9sid\u00e9e par Shoki Alisaid. Nous &hellip; <!-- AddThis Advanced Settings generic via filter on wp_trim_excerpt --><!-- AddThis Share Buttons generic via filter on wp_trim_excerpt --><\/p>\n","protected":false},"author":33,"featured_media":7976,"comment_status":"open","ping_status":"open","sticky":false,"template":"","format":"standard","meta":{"_FSMCFIC_featured_image_caption":"","_FSMCFIC_featured_image_nocaption":"","_FSMCFIC_featured_image_hide":"","footnotes":""},"categories":[6],"tags":[1504,1500,1502,1275,1432,824,1503,1425,11,1510,1140,1347,1505,1509,343,10,380,1508,1444,1436,1445,1501,1511,1366,1264,1512,1431,1499,818,1411,1422,1507,1506,1081,1349,1266,128],"class_list":["post-7975","post","type-post","status-publish","format-standard","has-post-thumbnail","hentry","category-politique","tag-amendement-loi","tag-assemblee-nationale-france","tag-conseil-general-france","tag-conseil-municipal","tag-droits-des-femmes","tag-egalite","tag-egalite-sociale","tag-equipe-de-france-de-football","tag-france-2","tag-francois-bayrou","tag-francois-hollande","tag-gauche-politique","tag-groupe-parlementaire","tag-henri-guaino","tag-legislatives","tag-lyon-2","tag-maire","tag-marine-le-pen","tag-ministere-de-leducation-nationale","tag-ministre","tag-najat-vallaud-belkacem","tag-parite-sociologie","tag-parite-hommes-femmes","tag-parti-politique","tag-parti-socialiste-france","tag-partis-politiques","tag-pascale-boistard","tag-pascale-crozon","tag-rhone","tag-scrutin-proportionnel-plurinominal","tag-secretaire-detat","tag-senat-france","tag-simone-weil","tag-social","tag-thierry-braillard","tag-union-pour-un-mouvement-populaire","tag-villeurbanne"],"yoast_head":"<!-- This site is optimized with the Yoast SEO plugin v22.8 - https:\/\/yoast.com\/wordpress\/plugins\/seo\/ -->\n<title>Pascale Crozon (PS) \u00abLa parit\u00e9 dans les partis doit \u00eatre appliqu\u00e9e\u00bb<\/title>\n<meta name=\"description\" content=\"Parit\u00e9. Rencontre avec Pascale Crozon, d\u00e9put\u00e9e PS de la 6\u00e8me circonscription du Rh\u00f4ne revient sur la f\u00e9minisation des instances sportives.\" \/>\n<meta name=\"robots\" content=\"index, follow, max-snippet:-1, max-image-preview:large, max-video-preview:-1\" \/>\n<link rel=\"canonical\" href=\"https:\/\/lyonbondyblog.fr\/LBB\/pascale-crozon-ps-la-parite-dans-les-partis-politiques-doit-etre-appliquee\/\" \/>\n<meta property=\"og:locale\" content=\"fr_FR\" \/>\n<meta property=\"og:type\" content=\"article\" \/>\n<meta property=\"og:title\" content=\"Pascale Crozon (PS) \u00abLa parit\u00e9 dans les partis doit \u00eatre appliqu\u00e9e\u00bb\" \/>\n<meta property=\"og:description\" content=\"Parit\u00e9. Rencontre avec Pascale Crozon, d\u00e9put\u00e9e PS de la 6\u00e8me circonscription du Rh\u00f4ne revient sur la f\u00e9minisation des instances sportives.\" \/>\n<meta property=\"og:url\" content=\"https:\/\/lyonbondyblog.fr\/LBB\/pascale-crozon-ps-la-parite-dans-les-partis-politiques-doit-etre-appliquee\/\" \/>\n<meta property=\"og:site_name\" content=\"Lyon Bondy Blog\" \/>\n<meta property=\"article:publisher\" content=\"https:\/\/www.facebook.com\/lyonbondyblog\" \/>\n<meta property=\"article:published_time\" content=\"2015-04-14T10:01:33+00:00\" \/>\n<meta property=\"article:modified_time\" content=\"2015-04-14T11:43:12+00:00\" \/>\n<meta property=\"og:image\" content=\"https:\/\/lyonbondyblog.fr\/LBB\/wp-content\/uploads\/2015\/04\/photo-pascal-crozon.jpg\" \/>\n\t<meta property=\"og:image:width\" content=\"3104\" \/>\n\t<meta property=\"og:image:height\" content=\"1746\" \/>\n\t<meta property=\"og:image:type\" content=\"image\/jpeg\" \/>\n<meta name=\"author\" content=\"Etienne Aazzab\" \/>\n<meta name=\"twitter:card\" content=\"summary_large_image\" \/>\n<meta name=\"twitter:creator\" content=\"@AazzabEtienne\" \/>\n<meta name=\"twitter:site\" content=\"@bondybloglyon\" \/>\n<script type=\"application\/ld+json\" class=\"yoast-schema-graph\">{\"@context\":\"https:\/\/schema.org\",\"@graph\":[{\"@type\":\"Article\",\"@id\":\"https:\/\/lyonbondyblog.fr\/LBB\/pascale-crozon-ps-la-parite-dans-les-partis-politiques-doit-etre-appliquee\/#article\",\"isPartOf\":{\"@id\":\"https:\/\/lyonbondyblog.fr\/LBB\/pascale-crozon-ps-la-parite-dans-les-partis-politiques-doit-etre-appliquee\/\"},\"author\":{\"name\":\"Etienne Aazzab\",\"@id\":\"https:\/\/lyonbondyblog.fr\/LBB\/#\/schema\/person\/5e9904261c1f613c8e6ea22045b1353d\"},\"headline\":\"Pascale Crozon (PS)\u00a0: \u00ab\u00a0La parit\u00e9 dans les partis politiques doit \u00eatre appliqu\u00e9e\u00a0\u00bb\",\"datePublished\":\"2015-04-14T10:01:33+00:00\",\"dateModified\":\"2015-04-14T11:43:12+00:00\",\"mainEntityOfPage\":{\"@id\":\"https:\/\/lyonbondyblog.fr\/LBB\/pascale-crozon-ps-la-parite-dans-les-partis-politiques-doit-etre-appliquee\/\"},\"wordCount\":896,\"commentCount\":0,\"publisher\":{\"@id\":\"https:\/\/lyonbondyblog.fr\/LBB\/#organization\"},\"image\":{\"@id\":\"https:\/\/lyonbondyblog.fr\/LBB\/pascale-crozon-ps-la-parite-dans-les-partis-politiques-doit-etre-appliquee\/#primaryimage\"},\"thumbnailUrl\":\"https:\/\/lyonbondyblog.fr\/LBB\/wp-content\/uploads\/2015\/04\/photo-pascal-crozon.jpg\",\"keywords\":[\"Amendement (loi)\",\"Assembl\u00e9e nationale (France)\",\"Conseil g\u00e9n\u00e9ral (France)\",\"Conseil municipal\",\"Droits des femmes\",\"\u00e9galit\u00e9\",\"\u00c9galit\u00e9 sociale\",\"\u00c9quipe de France de football\",\"france\",\"Fran\u00e7ois Bayrou\",\"Fran\u00e7ois Hollande\",\"Gauche (politique)\",\"Groupe parlementaire\",\"Henri Guaino\",\"l\u00e9gislatives\",\"lyon\",\"maire\",\"Marine Le Pen\",\"Minist\u00e8re de l'\u00c9ducation nationale\",\"Ministre\",\"Najat Vallaud-Belkacem\",\"Parit\u00e9 (sociologie)\",\"parit\u00e9 hommes-femmes\",\"Parti politique\",\"Parti socialiste (France)\",\"partis politiques\",\"Pascale Boistard\",\"Pascale Crozon\",\"rh\u00f4ne\",\"Scrutin proportionnel plurinominal\",\"Secr\u00e9taire d'\u00c9tat\",\"S\u00e9nat (France)\",\"Simone Weil\",\"social\",\"Thierry Braillard\",\"Union pour un mouvement populaire\",\"Villeurbanne\"],\"articleSection\":[\"Politique\"],\"inLanguage\":\"fr-FR\",\"potentialAction\":[{\"@type\":\"CommentAction\",\"name\":\"Comment\",\"target\":[\"https:\/\/lyonbondyblog.fr\/LBB\/pascale-crozon-ps-la-parite-dans-les-partis-politiques-doit-etre-appliquee\/#respond\"]}]},{\"@type\":\"WebPage\",\"@id\":\"https:\/\/lyonbondyblog.fr\/LBB\/pascale-crozon-ps-la-parite-dans-les-partis-politiques-doit-etre-appliquee\/\",\"url\":\"https:\/\/lyonbondyblog.fr\/LBB\/pascale-crozon-ps-la-parite-dans-les-partis-politiques-doit-etre-appliquee\/\",\"name\":\"Pascale Crozon (PS) \u00abLa parit\u00e9 dans les partis doit \u00eatre appliqu\u00e9e\u00bb\",\"isPartOf\":{\"@id\":\"https:\/\/lyonbondyblog.fr\/LBB\/#website\"},\"primaryImageOfPage\":{\"@id\":\"https:\/\/lyonbondyblog.fr\/LBB\/pascale-crozon-ps-la-parite-dans-les-partis-politiques-doit-etre-appliquee\/#primaryimage\"},\"image\":{\"@id\":\"https:\/\/lyonbondyblog.fr\/LBB\/pascale-crozon-ps-la-parite-dans-les-partis-politiques-doit-etre-appliquee\/#primaryimage\"},\"thumbnailUrl\":\"https:\/\/lyonbondyblog.fr\/LBB\/wp-content\/uploads\/2015\/04\/photo-pascal-crozon.jpg\",\"datePublished\":\"2015-04-14T10:01:33+00:00\",\"dateModified\":\"2015-04-14T11:43:12+00:00\",\"description\":\"Parit\u00e9. Rencontre avec Pascale Crozon, d\u00e9put\u00e9e PS de la 6\u00e8me circonscription du Rh\u00f4ne revient sur la f\u00e9minisation des instances sportives.\",\"inLanguage\":\"fr-FR\",\"potentialAction\":[{\"@type\":\"ReadAction\",\"target\":[\"https:\/\/lyonbondyblog.fr\/LBB\/pascale-crozon-ps-la-parite-dans-les-partis-politiques-doit-etre-appliquee\/\"]}]},{\"@type\":\"ImageObject\",\"inLanguage\":\"fr-FR\",\"@id\":\"https:\/\/lyonbondyblog.fr\/LBB\/pascale-crozon-ps-la-parite-dans-les-partis-politiques-doit-etre-appliquee\/#primaryimage\",\"url\":\"https:\/\/lyonbondyblog.fr\/LBB\/wp-content\/uploads\/2015\/04\/photo-pascal-crozon.jpg\",\"contentUrl\":\"https:\/\/lyonbondyblog.fr\/LBB\/wp-content\/uploads\/2015\/04\/photo-pascal-crozon.jpg\",\"width\":3104,\"height\":1746},{\"@type\":\"WebSite\",\"@id\":\"https:\/\/lyonbondyblog.fr\/LBB\/#website\",\"url\":\"https:\/\/lyonbondyblog.fr\/LBB\/\",\"name\":\"Lyon Bondy Blog\",\"description\":\"\",\"publisher\":{\"@id\":\"https:\/\/lyonbondyblog.fr\/LBB\/#organization\"},\"potentialAction\":[{\"@type\":\"SearchAction\",\"target\":{\"@type\":\"EntryPoint\",\"urlTemplate\":\"https:\/\/lyonbondyblog.fr\/LBB\/?s={search_term_string}\"},\"query-input\":\"required name=search_term_string\"}],\"inLanguage\":\"fr-FR\"},{\"@type\":\"Organization\",\"@id\":\"https:\/\/lyonbondyblog.fr\/LBB\/#organization\",\"name\":\"LYON BONDY BLOG\",\"url\":\"https:\/\/lyonbondyblog.fr\/LBB\/\",\"logo\":{\"@type\":\"ImageObject\",\"inLanguage\":\"fr-FR\",\"@id\":\"https:\/\/lyonbondyblog.fr\/LBB\/#\/schema\/logo\/image\/\",\"url\":\"http:\/\/lyonbondyblog.fr\/LBB\/wp-content\/uploads\/2014\/10\/logo-portable-144.png\",\"contentUrl\":\"http:\/\/lyonbondyblog.fr\/LBB\/wp-content\/uploads\/2014\/10\/logo-portable-144.png\",\"width\":144,\"height\":123,\"caption\":\"LYON BONDY BLOG\"},\"image\":{\"@id\":\"https:\/\/lyonbondyblog.fr\/LBB\/#\/schema\/logo\/image\/\"},\"sameAs\":[\"https:\/\/www.facebook.com\/lyonbondyblog\",\"https:\/\/x.com\/bondybloglyon\"]},{\"@type\":\"Person\",\"@id\":\"https:\/\/lyonbondyblog.fr\/LBB\/#\/schema\/person\/5e9904261c1f613c8e6ea22045b1353d\",\"name\":\"Etienne Aazzab\",\"description\":\"Etienne a contribu\u00e9 depuis 2 ans dans le journal satirique FOUTOU\u2019ART. Il a int\u00e9gr\u00e9 l\u2019\u00e9quipe du \u00ab clic 2014 \u00bb : Collectif local d\u2019informations citoyennes \u00e0 partir de novembre 2013. Il rejoint le Lyon Bondy Blog \u00e0 partir de janvier 2014. Twitter : @AazzabEtienne Ses sujets de pr\u00e9dilection : #Politique #Soci\u00e9t\u00e9 #Sport\",\"sameAs\":[\"https:\/\/x.com\/AazzabEtienne\"],\"url\":\"https:\/\/lyonbondyblog.fr\/LBB\/author\/etienne\/\"}]}<\/script>\n<!-- \/ Yoast SEO plugin. -->","yoast_head_json":{"title":"Pascale Crozon (PS) \u00abLa parit\u00e9 dans les partis doit \u00eatre appliqu\u00e9e\u00bb","description":"Parit\u00e9. Rencontre avec Pascale Crozon, d\u00e9put\u00e9e PS de la 6\u00e8me circonscription du Rh\u00f4ne revient sur la f\u00e9minisation des instances sportives.","robots":{"index":"index","follow":"follow","max-snippet":"max-snippet:-1","max-image-preview":"max-image-preview:large","max-video-preview":"max-video-preview:-1"},"canonical":"https:\/\/lyonbondyblog.fr\/LBB\/pascale-crozon-ps-la-parite-dans-les-partis-politiques-doit-etre-appliquee\/","og_locale":"fr_FR","og_type":"article","og_title":"Pascale Crozon (PS) \u00abLa parit\u00e9 dans les partis doit \u00eatre appliqu\u00e9e\u00bb","og_description":"Parit\u00e9. Rencontre avec Pascale Crozon, d\u00e9put\u00e9e PS de la 6\u00e8me circonscription du Rh\u00f4ne revient sur la f\u00e9minisation des instances sportives.","og_url":"https:\/\/lyonbondyblog.fr\/LBB\/pascale-crozon-ps-la-parite-dans-les-partis-politiques-doit-etre-appliquee\/","og_site_name":"Lyon Bondy Blog","article_publisher":"https:\/\/www.facebook.com\/lyonbondyblog","article_published_time":"2015-04-14T10:01:33+00:00","article_modified_time":"2015-04-14T11:43:12+00:00","og_image":[{"width":3104,"height":1746,"url":"https:\/\/lyonbondyblog.fr\/LBB\/wp-content\/uploads\/2015\/04\/photo-pascal-crozon.jpg","type":"image\/jpeg"}],"author":"Etienne Aazzab","twitter_card":"summary_large_image","twitter_creator":"@AazzabEtienne","twitter_site":"@bondybloglyon","schema":{"@context":"https:\/\/schema.org","@graph":[{"@type":"Article","@id":"https:\/\/lyonbondyblog.fr\/LBB\/pascale-crozon-ps-la-parite-dans-les-partis-politiques-doit-etre-appliquee\/#article","isPartOf":{"@id":"https:\/\/lyonbondyblog.fr\/LBB\/pascale-crozon-ps-la-parite-dans-les-partis-politiques-doit-etre-appliquee\/"},"author":{"name":"Etienne Aazzab","@id":"https:\/\/lyonbondyblog.fr\/LBB\/#\/schema\/person\/5e9904261c1f613c8e6ea22045b1353d"},"headline":"Pascale Crozon (PS)\u00a0: \u00ab\u00a0La parit\u00e9 dans les partis politiques doit \u00eatre appliqu\u00e9e\u00a0\u00bb","datePublished":"2015-04-14T10:01:33+00:00","dateModified":"2015-04-14T11:43:12+00:00","mainEntityOfPage":{"@id":"https:\/\/lyonbondyblog.fr\/LBB\/pascale-crozon-ps-la-parite-dans-les-partis-politiques-doit-etre-appliquee\/"},"wordCount":896,"commentCount":0,"publisher":{"@id":"https:\/\/lyonbondyblog.fr\/LBB\/#organization"},"image":{"@id":"https:\/\/lyonbondyblog.fr\/LBB\/pascale-crozon-ps-la-parite-dans-les-partis-politiques-doit-etre-appliquee\/#primaryimage"},"thumbnailUrl":"https:\/\/lyonbondyblog.fr\/LBB\/wp-content\/uploads\/2015\/04\/photo-pascal-crozon.jpg","keywords":["Amendement (loi)","Assembl\u00e9e nationale (France)","Conseil g\u00e9n\u00e9ral (France)","Conseil municipal","Droits des femmes","\u00e9galit\u00e9","\u00c9galit\u00e9 sociale","\u00c9quipe de France de football","france","Fran\u00e7ois Bayrou","Fran\u00e7ois Hollande","Gauche (politique)","Groupe parlementaire","Henri Guaino","l\u00e9gislatives","lyon","maire","Marine Le Pen","Minist\u00e8re de l'\u00c9ducation nationale","Ministre","Najat Vallaud-Belkacem","Parit\u00e9 (sociologie)","parit\u00e9 hommes-femmes","Parti politique","Parti socialiste (France)","partis politiques","Pascale Boistard","Pascale Crozon","rh\u00f4ne","Scrutin proportionnel plurinominal","Secr\u00e9taire d'\u00c9tat","S\u00e9nat (France)","Simone Weil","social","Thierry Braillard","Union pour un mouvement populaire","Villeurbanne"],"articleSection":["Politique"],"inLanguage":"fr-FR","potentialAction":[{"@type":"CommentAction","name":"Comment","target":["https:\/\/lyonbondyblog.fr\/LBB\/pascale-crozon-ps-la-parite-dans-les-partis-politiques-doit-etre-appliquee\/#respond"]}]},{"@type":"WebPage","@id":"https:\/\/lyonbondyblog.fr\/LBB\/pascale-crozon-ps-la-parite-dans-les-partis-politiques-doit-etre-appliquee\/","url":"https:\/\/lyonbondyblog.fr\/LBB\/pascale-crozon-ps-la-parite-dans-les-partis-politiques-doit-etre-appliquee\/","name":"Pascale Crozon (PS) \u00abLa parit\u00e9 dans les partis doit \u00eatre appliqu\u00e9e\u00bb","isPartOf":{"@id":"https:\/\/lyonbondyblog.fr\/LBB\/#website"},"primaryImageOfPage":{"@id":"https:\/\/lyonbondyblog.fr\/LBB\/pascale-crozon-ps-la-parite-dans-les-partis-politiques-doit-etre-appliquee\/#primaryimage"},"image":{"@id":"https:\/\/lyonbondyblog.fr\/LBB\/pascale-crozon-ps-la-parite-dans-les-partis-politiques-doit-etre-appliquee\/#primaryimage"},"thumbnailUrl":"https:\/\/lyonbondyblog.fr\/LBB\/wp-content\/uploads\/2015\/04\/photo-pascal-crozon.jpg","datePublished":"2015-04-14T10:01:33+00:00","dateModified":"2015-04-14T11:43:12+00:00","description":"Parit\u00e9. Rencontre avec Pascale Crozon, d\u00e9put\u00e9e PS de la 6\u00e8me circonscription du Rh\u00f4ne revient sur la f\u00e9minisation des instances sportives.","inLanguage":"fr-FR","potentialAction":[{"@type":"ReadAction","target":["https:\/\/lyonbondyblog.fr\/LBB\/pascale-crozon-ps-la-parite-dans-les-partis-politiques-doit-etre-appliquee\/"]}]},{"@type":"ImageObject","inLanguage":"fr-FR","@id":"https:\/\/lyonbondyblog.fr\/LBB\/pascale-crozon-ps-la-parite-dans-les-partis-politiques-doit-etre-appliquee\/#primaryimage","url":"https:\/\/lyonbondyblog.fr\/LBB\/wp-content\/uploads\/2015\/04\/photo-pascal-crozon.jpg","contentUrl":"https:\/\/lyonbondyblog.fr\/LBB\/wp-content\/uploads\/2015\/04\/photo-pascal-crozon.jpg","width":3104,"height":1746},{"@type":"WebSite","@id":"https:\/\/lyonbondyblog.fr\/LBB\/#website","url":"https:\/\/lyonbondyblog.fr\/LBB\/","name":"Lyon Bondy Blog","description":"","publisher":{"@id":"https:\/\/lyonbondyblog.fr\/LBB\/#organization"},"potentialAction":[{"@type":"SearchAction","target":{"@type":"EntryPoint","urlTemplate":"https:\/\/lyonbondyblog.fr\/LBB\/?s={search_term_string}"},"query-input":"required name=search_term_string"}],"inLanguage":"fr-FR"},{"@type":"Organization","@id":"https:\/\/lyonbondyblog.fr\/LBB\/#organization","name":"LYON BONDY BLOG","url":"https:\/\/lyonbondyblog.fr\/LBB\/","logo":{"@type":"ImageObject","inLanguage":"fr-FR","@id":"https:\/\/lyonbondyblog.fr\/LBB\/#\/schema\/logo\/image\/","url":"http:\/\/lyonbondyblog.fr\/LBB\/wp-content\/uploads\/2014\/10\/logo-portable-144.png","contentUrl":"http:\/\/lyonbondyblog.fr\/LBB\/wp-content\/uploads\/2014\/10\/logo-portable-144.png","width":144,"height":123,"caption":"LYON BONDY BLOG"},"image":{"@id":"https:\/\/lyonbondyblog.fr\/LBB\/#\/schema\/logo\/image\/"},"sameAs":["https:\/\/www.facebook.com\/lyonbondyblog","https:\/\/x.com\/bondybloglyon"]},{"@type":"Person","@id":"https:\/\/lyonbondyblog.fr\/LBB\/#\/schema\/person\/5e9904261c1f613c8e6ea22045b1353d","name":"Etienne Aazzab","description":"Etienne a contribu\u00e9 depuis 2 ans dans le journal satirique FOUTOU\u2019ART. Il a int\u00e9gr\u00e9 l\u2019\u00e9quipe du \u00ab clic 2014 \u00bb : Collectif local d\u2019informations citoyennes \u00e0 partir de novembre 2013. Il rejoint le Lyon Bondy Blog \u00e0 partir de janvier 2014. Twitter : @AazzabEtienne Ses sujets de pr\u00e9dilection : #Politique #Soci\u00e9t\u00e9 #Sport","sameAs":["https:\/\/x.com\/AazzabEtienne"],"url":"https:\/\/lyonbondyblog.fr\/LBB\/author\/etienne\/"}]}},"_links":{"self":[{"href":"https:\/\/lyonbondyblog.fr\/LBB\/wp-json\/wp\/v2\/posts\/7975","targetHints":{"allow":["GET"]}}],"collection":[{"href":"https:\/\/lyonbondyblog.fr\/LBB\/wp-json\/wp\/v2\/posts"}],"about":[{"href":"https:\/\/lyonbondyblog.fr\/LBB\/wp-json\/wp\/v2\/types\/post"}],"author":[{"embeddable":true,"href":"https:\/\/lyonbondyblog.fr\/LBB\/wp-json\/wp\/v2\/users\/33"}],"replies":[{"embeddable":true,"href":"https:\/\/lyonbondyblog.fr\/LBB\/wp-json\/wp\/v2\/comments?post=7975"}],"version-history":[{"count":0,"href":"https:\/\/lyonbondyblog.fr\/LBB\/wp-json\/wp\/v2\/posts\/7975\/revisions"}],"wp:featuredmedia":[{"embeddable":true,"href":"https:\/\/lyonbondyblog.fr\/LBB\/wp-json\/wp\/v2\/media\/7976"}],"wp:attachment":[{"href":"https:\/\/lyonbondyblog.fr\/LBB\/wp-json\/wp\/v2\/media?parent=7975"}],"wp:term":[{"taxonomy":"category","embeddable":true,"href":"https:\/\/lyonbondyblog.fr\/LBB\/wp-json\/wp\/v2\/categories?post=7975"},{"taxonomy":"post_tag","embeddable":true,"href":"https:\/\/lyonbondyblog.fr\/LBB\/wp-json\/wp\/v2\/tags?post=7975"}],"curies":[{"name":"wp","href":"https:\/\/api.w.org\/{rel}","templated":true}]}}