{"id":7949,"date":"2015-04-01T15:01:54","date_gmt":"2015-04-01T13:01:54","guid":{"rendered":"http:\/\/lyonbondyblog.fr\/LBB\/?p=7949"},"modified":"2015-04-01T15:05:37","modified_gmt":"2015-04-01T13:05:37","slug":"kacem-de-la-fontaine-propose-une-fable-a-humour","status":"publish","type":"post","link":"https:\/\/lyonbondyblog.fr\/LBB\/kacem-de-la-fontaine-propose-une-fable-a-humour\/","title":{"rendered":"Kacem de La Fontaine ou l\u2019humour dans les fables"},"content":{"rendered":"<p><strong>Kacem De La Fontaine est la nouvelle trouvaille <a href=\"http:\/\/www.expressions-venissieux.fr\/2011-11-23-un-nouveau-cd-pour-les-ming8-halls-starf\/\">du label artistique Be Cool<\/a>. L\u2019humoriste venu du quartier du Terraillon \u00e0 Bron se fait progressivement une place de choix au milieu d\u2019artistes confirm\u00e9s. Avec des textes respirant la d\u00e9rision ou l\u2019ironie, ses apparitions dans les caf\u00e9s th\u00e9\u00e2tres de la capitale et du Graine de Star Comedy Club de Villeurbanne ne laisse pas indiff\u00e9rents. D\u00e9couverte.<\/strong><\/p>\n<p><strong>Comment t\u2019es venue l\u2019id\u00e9e de te lancer dans l\u2019humour ?<\/strong><\/p>\n<p>Il y a sept ou huit ans, je connaissais <a href=\"https:\/\/www.facebook.com\/rmanbecool?fref=ts\">d\u00e9j\u00e0 Rman Meva<\/a> et <a href=\"https:\/\/www.facebook.com\/nassim.bombo?fref=ts\">Nassim Bombo.<\/a> Lorsqu\u2019on se croisait, on parlait souvent de l\u2019id\u00e9e de se lancer et d\u2019\u00e9crire des blagues. Un jour, on a \u00e9crit quelques lignes avec Rman dans une chicha. On a ferm\u00e9 le cahier et on a laiss\u00e9 tomber. Je l\u2019ai perdu de vue pendant cinq ou six ans. Puis Yasmine, une amie \u00e0 moi qui est la s\u0153ur de Bouchra Beno, m\u2019a incit\u00e9 \u00e0 faire de la com\u00e9die et \u00e0 venir dans le caf\u00e9 th\u00e9\u00e2tre de son p\u00e8re Ali Benosmane, le Graine de Star Comedy Club. C\u2019\u00e9tait aussi le rep\u00e8re de Rman et Nassim. Je les ai contact\u00e9s sur Facebook et ils m\u2019ont conseill\u00e9 de rejoindre <a href=\"https:\/\/www.facebook.com\/vaulx.premieresplanches?fref=ts\">l\u2019association Vaulx Premi\u00e8res Planches<\/a>, fond\u00e9e par Cheia Milouda. Le c\u00f4t\u00e9 familial de cette structure m\u2019a plu et \u00e7a a coll\u00e9. Le VPP m\u2019a offert l\u2019occasion de faire une premi\u00e8re sc\u00e8ne ouverte au Mic-Mac cabaret, le 13 avril dernier \u00e0 la Croix Rousse. Je suis arriv\u00e9 sur sc\u00e8ne. J\u2019avais la tremblote et j\u2019ai eu un gros trou. Ce n\u2019\u00e9tait que ma premi\u00e8re fois, mais cela m\u2019a bien remis en question. On m\u2019a ensuite propos\u00e9 de passer les s\u00e9lections pour le festival Rire d\u2019Automnes octobre en 2014. Je n\u2019ai pas \u00e9t\u00e9 pris et j\u2019\u00e9tais un peu d\u00e9\u00e7u. J\u2019ai pris du recul pendant deux ou trois mois, mais je revenais voir mes amis sur sc\u00e8ne et progressivement, j\u2019ai retrouv\u00e9 l\u2019envie.<\/p>\n<p><strong><img loading=\"lazy\" decoding=\"async\" class=\"alignright size-medium wp-image-7953\" src=\"https:\/\/lyonbondyblog.fr\/LBB\/wp-content\/uploads\/2015\/04\/10458460_1418955251733342_1560258504342852822_n-300x300.jpg\" alt=\"10458460_1418955251733342_1560258504342852822_n\" width=\"300\" height=\"300\" srcset=\"https:\/\/lyonbondyblog.fr\/LBB\/wp-content\/uploads\/2015\/04\/10458460_1418955251733342_1560258504342852822_n-300x300.jpg 300w, https:\/\/lyonbondyblog.fr\/LBB\/wp-content\/uploads\/2015\/04\/10458460_1418955251733342_1560258504342852822_n-150x150.jpg 150w, https:\/\/lyonbondyblog.fr\/LBB\/wp-content\/uploads\/2015\/04\/10458460_1418955251733342_1560258504342852822_n-600x600.jpg 600w, https:\/\/lyonbondyblog.fr\/LBB\/wp-content\/uploads\/2015\/04\/10458460_1418955251733342_1560258504342852822_n-360x360.jpg 360w, https:\/\/lyonbondyblog.fr\/LBB\/wp-content\/uploads\/2015\/04\/10458460_1418955251733342_1560258504342852822_n-32x32.jpg 32w, https:\/\/lyonbondyblog.fr\/LBB\/wp-content\/uploads\/2015\/04\/10458460_1418955251733342_1560258504342852822_n-64x64.jpg 64w, https:\/\/lyonbondyblog.fr\/LBB\/wp-content\/uploads\/2015\/04\/10458460_1418955251733342_1560258504342852822_n-96x96.jpg 96w, https:\/\/lyonbondyblog.fr\/LBB\/wp-content\/uploads\/2015\/04\/10458460_1418955251733342_1560258504342852822_n-128x128.jpg 128w, https:\/\/lyonbondyblog.fr\/LBB\/wp-content\/uploads\/2015\/04\/10458460_1418955251733342_1560258504342852822_n.jpg 640w\" sizes=\"auto, (max-width: 300px) 100vw, 300px\" \/>Qu\u2019as-tu tir\u00e9 de ces premi\u00e8res exp\u00e9riences\u00a0? <\/strong><\/p>\n<p>J\u2019\u00e9tais un fain\u00e9ant et je pensais qu\u2019il fallait improviser. \u00c7a ne marche pas comme \u00e7a. J\u2019ai compris qu\u2019il fallait travailler vraiment avec Nassim, Rman, Fayss\u00a02 Face et Mehdi Ait Hamoudi, notre metteur en sc\u00e8ne. C\u2019est une condition pour avoir le droit de marcher avec eux. Je suis revenu au Graine de Star, j\u2019ai particip\u00e9 au Catch du Rire, Ali m\u2019a donn\u00e9 la chance de monter sur sc\u00e8ne plusieurs fois. J\u2019ai alors acquis une sorte de s\u00e9r\u00e9nit\u00e9. Il y a un mois nous avons effectu\u00e9 \u00e0 Paris un voyage sur quinze jours pour faire des sc\u00e8nes ouvertes sur diff\u00e9rents caf\u00e9s-th\u00e9\u00e2tres. L\u00e0 bas, j\u2019ai jou\u00e9 plus de fois qu\u2019en une ann\u00e9e ici\u00a0! J\u2019ai d\u00e9couvert un autre monde.<\/p>\n<h2>\u00ab\u00a0Porter une barbe n\u2019est pas une fatalit\u00e9\u00a0\u00bb<\/h2>\n<p><strong>Quelles sont tes lignes de conduite\u00a0?<\/strong><\/p>\n<p>Il faut rester dans le vrai, ne pas \u00eatre hypocrite et suivre ses convictions. C\u2019est un domaine exigeant qui n\u00e9cessite \u00e9norm\u00e9ment de travail. Pour la plupart, on n\u2019a pas d\u2019emploi et on vit dans la pr\u00e9carit\u00e9. Les gens ont tendance \u00e0 voir cela comme de la fain\u00e9antise. J\u2019ai pourtant beaucoup travaill\u00e9\u00a0: j\u2019ai \u00e9t\u00e9 installateur de panneaux photovolta\u00efques, g\u00e9rant de mon propre restaurant snack, puis la situation est devenue difficile. Alors autant s\u2019investir \u00e0 fond sur la com\u00e9die\u00a0!<\/p>\n<p><strong><img loading=\"lazy\" decoding=\"async\" class=\"aligncenter size-full wp-image-7951\" src=\"https:\/\/lyonbondyblog.fr\/LBB\/wp-content\/uploads\/2015\/04\/11082925_1426493347646199_1840973779_n.jpg\" alt=\"11082925_1426493347646199_1840973779_n\" width=\"540\" height=\"518\" srcset=\"https:\/\/lyonbondyblog.fr\/LBB\/wp-content\/uploads\/2015\/04\/11082925_1426493347646199_1840973779_n.jpg 540w, https:\/\/lyonbondyblog.fr\/LBB\/wp-content\/uploads\/2015\/04\/11082925_1426493347646199_1840973779_n-300x288.jpg 300w, https:\/\/lyonbondyblog.fr\/LBB\/wp-content\/uploads\/2015\/04\/11082925_1426493347646199_1840973779_n-32x32.jpg 32w\" sizes=\"auto, (max-width: 540px) 100vw, 540px\" \/>Tu as un spectacle en cours d\u2019\u00e9criture\u2026<\/strong><\/p>\n<p>Oui. J\u2019ai un personnage et un univers. Je sais donc o\u00f9 je veux aller. J\u2019use un peu de po\u00e9sie, car il ne faut pas oublier quel est mon nom de sc\u00e8ne. Je joue de mon personnage musulman et j\u2019\u00e9voque le djihadisme. Mon but est d\u2019arriver \u00e0 ma\u00eetriser la langue fran\u00e7aise pour faire comprendre que ce n\u2019est pas parce qu\u2019on a une barbe et qu\u2019on est d\u2019origine maghr\u00e9bine qu\u2019on ne peut ma\u00eetriser la prose. Il faut arr\u00eater de regarder seulement ceux qui s\u2019en sortent par le rap et le foot.<\/p>\n<h2>\u00ab\u00a0Pour aborder ce sujet, il faut avoir les reins solides\u00a0\u00bb<\/h2>\n<p><strong>Pourquoi es tu si attach\u00e9 \u00e0 tes th\u00e8mes de pr\u00e9dilection\u00a0? <\/strong><\/p>\n<p>Quand je monte sur sc\u00e8ne, je ne fais que raconter ma vie. J\u2019essaie de retranscrire toutes mes gal\u00e8res sentimentales, financi\u00e8res et sociales, mais de mani\u00e8re \u00e0 ce que ce soit dr\u00f4le. Mon but est de faire comprendre que je suis fran\u00e7ais et que ce n\u2019est parce que je suis musulman que je vais tout faire exploser. Je pense que les gens ne sont pas b\u00eates. Ils arrivent tout de m\u00eame \u00e0 faire la part la chose. L\u2019humour permet de d\u00e9complexer tout cela. Le rire fait passer le message, mais ce n\u2019est pas aussi facile.<\/p>\n<p><strong><img loading=\"lazy\" decoding=\"async\" class=\"aligncenter size-full wp-image-7952\" src=\"https:\/\/lyonbondyblog.fr\/LBB\/wp-content\/uploads\/2015\/04\/11096819_1426493260979541_721911954_n.jpg\" alt=\"11096819_1426493260979541_721911954_n\" width=\"540\" height=\"368\" srcset=\"https:\/\/lyonbondyblog.fr\/LBB\/wp-content\/uploads\/2015\/04\/11096819_1426493260979541_721911954_n.jpg 540w, https:\/\/lyonbondyblog.fr\/LBB\/wp-content\/uploads\/2015\/04\/11096819_1426493260979541_721911954_n-300x204.jpg 300w\" sizes=\"auto, (max-width: 540px) 100vw, 540px\" \/>N\u2019a-t-on pas un peu peur d\u2019aborder des sujets aussi sensibles en ces temps difficiles\u00a0? <\/strong><\/p>\n<p>Cela d\u00e9pend de la mani\u00e8re dont on am\u00e8ne les choses et avec quel angle on les aborde. Mais il est vrai que c\u2019est plut\u00f4t d\u00e9licat. Il faut avoir les reins solides. Quand je d\u00e9bute un sketch, je dis \u00e0 tout le monde \u00ab\u00a0As salam Alaykum Wa rahmatoulah wa barakatouth\u00a0\u00bb en les regardant bien et pourtant j\u2019arrive \u00e0 les d\u00e9tendre. Ces paroles ne veulent dire que\u00a0: \u00ab\u00a0Que la paix soit avec toi ainsi que la mis\u00e9ricorde de dieu et sa b\u00e9n\u00e9diction\u00a0\u00bb. \u00c0 Paris, je me suis trouv\u00e9 un nouveau public \u00e2g\u00e9 en moyenne de soixante ans et plut\u00f4t bourgeois avec qui le message est plut\u00f4t bien pass\u00e9. Le fait de faire du stand-up me permet de rencontrer des gens d\u2019un milieu diff\u00e9rent.<\/p>\n<h2>\u00ab\u00a0Je d\u00e9testais Jean de La Fontaine\u00a0\u00bb<\/h2>\n<p><strong>Tu portes un nom de sc\u00e8ne tr\u00e8s particulier. Comment t\u2019es venu l\u2019id\u00e9e de ce pseudonyme\u00a0? <\/strong><\/p>\n<p>Lorsque j\u2019\u00e9tais petit, je maudissais cet homme-l\u00e0, car je n\u2019arrivais jamais \u00e0 apprendre mes po\u00e9sies par c\u0153ur. Je prenais des z\u00e9ros et j\u2019\u00e9tais tout le temps puni. Je me suis dit que me lancer dans l\u2019humour avec un symbole fort serait bien. Jean de La Fontaine est une ic\u00f4ne de la po\u00e9sie et puis ses fables ne sont pas juste destin\u00e9es qu\u2019aux enfants. Il y a des morales, des v\u00e9rit\u00e9s et m\u00eame des punchlines (rires)\u00a0! Je suis en train d\u2019apprendre sa biographie et sur mes sketches je m\u2019appuie sur certaines de ses fables, comme avec \u00ab Attentat \u00e0 l\u2019amour\u00a0\u00bb. C\u2019est un sketch o\u00f9 je prends un air froid et je me pr\u00e9sente en face du public en lui expliquant que c\u2019est un po\u00e8me d\u2019amour. En fin de compte on ne sait pas vraiment si je parle d\u2019une femme ou\u2026 d\u2019une bombe. Je d\u00e9veloppe ainsi d\u2019autres po\u00e8mes en lien avec ma vie.<\/p>\n<h2>Pour aller plus loin<\/h2>\n<p><a href=\"https:\/\/lyonbondyblog.fr\/LBB\/le-graine-de-star-comedy-club-un-sketch-de-famille\/\">Le graine de star comedy club, un sketch de famille<\/a><\/p>\n<p><a href=\"https:\/\/lyonbondyblog.fr\/LBB\/festival-rire-dautomnes-la-banlieue-ne-perd-pas-son-sens-de-l-humour\/\">Le Festival rires d&rsquo;automne, la banlieue ne perd pas e sens de l&rsquo;humour<\/a><\/p>\n<!-- AddThis Advanced Settings generic via filter on the_content --><!-- AddThis Share Buttons generic via filter on the_content -->","protected":false},"excerpt":{"rendered":"<p>Kacem De La Fontaine est la nouvelle trouvaille du label artistique Be Cool. L\u2019humoriste venu du quartier du Terraillon \u00e0 Bron se fait progressivement une &hellip; <!-- AddThis Advanced Settings generic via filter on wp_trim_excerpt --><!-- AddThis Share Buttons generic via filter on wp_trim_excerpt --><\/p>\n","protected":false},"author":28,"featured_media":7950,"comment_status":"open","ping_status":"open","sticky":false,"template":"","format":"standard","meta":{"_FSMCFIC_featured_image_caption":"","_FSMCFIC_featured_image_nocaption":"","_FSMCFIC_featured_image_hide":"","footnotes":""},"categories":[4],"tags":[687,1452,657,1456,1015,1457,311,1462,1459,1458,1455,1464,1453,1451,1341,503,1463,1461,1460,773,1313,421,1454,42,128],"class_list":["post-7949","post","type-post","status-publish","format-standard","has-post-thumbnail","hentry","category-lyon","tag-banlieue","tag-be-cool","tag-bron","tag-cabaret","tag-cafe-theatre","tag-catch","tag-comedie","tag-dihydrogene","tag-djihad","tag-francais","tag-graine-de-star","tag-graine-de-star-comedy-club","tag-humoriste","tag-jean-de-la-fontaine","tag-la-croix-rousse","tag-musulman","tag-nassim-bombo","tag-panneau-solaire","tag-pseudonyme","tag-spectacle","tag-stand-up","tag-tendance","tag-terraillon","tag-venissieux","tag-villeurbanne"],"yoast_head":"<!-- This site is optimized with the Yoast SEO plugin v22.8 - https:\/\/yoast.com\/wordpress\/plugins\/seo\/ -->\n<title>Kacem de La Fontaine propose une fable \u00e0 l\u2019humour<\/title>\n<meta name=\"description\" content=\"Kacem De La Fontaine est la nouvelle trouvaille du label artistique Be Cool. L\u2019humoriste du quartier du Terraillon \u00e0 Bron se fait progressivement une place de choix au milieu d\u2019artistes confirm\u00e9s\" \/>\n<meta name=\"robots\" content=\"index, follow, max-snippet:-1, max-image-preview:large, max-video-preview:-1\" \/>\n<link rel=\"canonical\" href=\"https:\/\/lyonbondyblog.fr\/LBB\/kacem-de-la-fontaine-propose-une-fable-a-humour\/\" \/>\n<meta property=\"og:locale\" content=\"fr_FR\" \/>\n<meta property=\"og:type\" content=\"article\" \/>\n<meta property=\"og:title\" content=\"Kacem de La Fontaine propose une fable \u00e0 l\u2019humour\" \/>\n<meta property=\"og:description\" content=\"Kacem De La Fontaine est la nouvelle trouvaille du label artistique Be Cool. L\u2019humoriste du quartier du Terraillon \u00e0 Bron se fait progressivement une place de choix au milieu d\u2019artistes confirm\u00e9s\" \/>\n<meta property=\"og:url\" content=\"https:\/\/lyonbondyblog.fr\/LBB\/kacem-de-la-fontaine-propose-une-fable-a-humour\/\" \/>\n<meta property=\"og:site_name\" content=\"Lyon Bondy Blog\" \/>\n<meta property=\"article:publisher\" content=\"https:\/\/www.facebook.com\/lyonbondyblog\" \/>\n<meta property=\"article:published_time\" content=\"2015-04-01T13:01:54+00:00\" \/>\n<meta property=\"article:modified_time\" content=\"2015-04-01T13:05:37+00:00\" \/>\n<meta property=\"og:image\" content=\"https:\/\/lyonbondyblog.fr\/LBB\/wp-content\/uploads\/2015\/04\/10888505_1398282473800620_11601422403109839_n-1.jpg\" \/>\n\t<meta property=\"og:image:width\" content=\"720\" \/>\n\t<meta property=\"og:image:height\" content=\"459\" \/>\n\t<meta property=\"og:image:type\" content=\"image\/jpeg\" \/>\n<meta name=\"author\" content=\"Mohamed Braiki\" \/>\n<meta name=\"twitter:card\" content=\"summary_large_image\" \/>\n<meta name=\"twitter:creator\" content=\"@bondybloglyon\" \/>\n<meta name=\"twitter:site\" content=\"@bondybloglyon\" \/>\n<script type=\"application\/ld+json\" class=\"yoast-schema-graph\">{\"@context\":\"https:\/\/schema.org\",\"@graph\":[{\"@type\":\"Article\",\"@id\":\"https:\/\/lyonbondyblog.fr\/LBB\/kacem-de-la-fontaine-propose-une-fable-a-humour\/#article\",\"isPartOf\":{\"@id\":\"https:\/\/lyonbondyblog.fr\/LBB\/kacem-de-la-fontaine-propose-une-fable-a-humour\/\"},\"author\":{\"name\":\"Mohamed Braiki\",\"@id\":\"https:\/\/lyonbondyblog.fr\/LBB\/#\/schema\/person\/558339ea4e67b07f7a2df48e9605b75c\"},\"headline\":\"Kacem de La Fontaine ou l\u2019humour dans les fables\",\"datePublished\":\"2015-04-01T13:01:54+00:00\",\"dateModified\":\"2015-04-01T13:05:37+00:00\",\"mainEntityOfPage\":{\"@id\":\"https:\/\/lyonbondyblog.fr\/LBB\/kacem-de-la-fontaine-propose-une-fable-a-humour\/\"},\"wordCount\":1230,\"commentCount\":1,\"publisher\":{\"@id\":\"https:\/\/lyonbondyblog.fr\/LBB\/#organization\"},\"image\":{\"@id\":\"https:\/\/lyonbondyblog.fr\/LBB\/kacem-de-la-fontaine-propose-une-fable-a-humour\/#primaryimage\"},\"thumbnailUrl\":\"https:\/\/lyonbondyblog.fr\/LBB\/wp-content\/uploads\/2015\/04\/10888505_1398282473800620_11601422403109839_n-1.jpg\",\"keywords\":[\"banlieue\",\"Be Cool\",\"Bron\",\"Cabaret\",\"caf\u00e9-th\u00e9\u00e2tre\",\"Catch\",\"com\u00e9die\",\"Dihydrog\u00e8ne\",\"Djihad\",\"Fran\u00e7ais\",\"Graine de star\",\"Graine de Star Comedy Club\",\"Humoriste\",\"Jean de La Fontaine\",\"La Croix-Rousse\",\"musulman\",\"Nassim Bombo\",\"Panneau solaire\",\"Pseudonyme\",\"spectacle\",\"Stand-up\",\"tendance\",\"Terraillon\",\"venissieux\",\"Villeurbanne\"],\"articleSection\":[\"Lyon\"],\"inLanguage\":\"fr-FR\",\"potentialAction\":[{\"@type\":\"CommentAction\",\"name\":\"Comment\",\"target\":[\"https:\/\/lyonbondyblog.fr\/LBB\/kacem-de-la-fontaine-propose-une-fable-a-humour\/#respond\"]}]},{\"@type\":\"WebPage\",\"@id\":\"https:\/\/lyonbondyblog.fr\/LBB\/kacem-de-la-fontaine-propose-une-fable-a-humour\/\",\"url\":\"https:\/\/lyonbondyblog.fr\/LBB\/kacem-de-la-fontaine-propose-une-fable-a-humour\/\",\"name\":\"Kacem de La Fontaine propose une fable \u00e0 l\u2019humour\",\"isPartOf\":{\"@id\":\"https:\/\/lyonbondyblog.fr\/LBB\/#website\"},\"primaryImageOfPage\":{\"@id\":\"https:\/\/lyonbondyblog.fr\/LBB\/kacem-de-la-fontaine-propose-une-fable-a-humour\/#primaryimage\"},\"image\":{\"@id\":\"https:\/\/lyonbondyblog.fr\/LBB\/kacem-de-la-fontaine-propose-une-fable-a-humour\/#primaryimage\"},\"thumbnailUrl\":\"https:\/\/lyonbondyblog.fr\/LBB\/wp-content\/uploads\/2015\/04\/10888505_1398282473800620_11601422403109839_n-1.jpg\",\"datePublished\":\"2015-04-01T13:01:54+00:00\",\"dateModified\":\"2015-04-01T13:05:37+00:00\",\"description\":\"Kacem De La Fontaine est la nouvelle trouvaille du label artistique Be Cool. L\u2019humoriste du quartier du Terraillon \u00e0 Bron se fait progressivement une place de choix au milieu d\u2019artistes confirm\u00e9s\",\"inLanguage\":\"fr-FR\",\"potentialAction\":[{\"@type\":\"ReadAction\",\"target\":[\"https:\/\/lyonbondyblog.fr\/LBB\/kacem-de-la-fontaine-propose-une-fable-a-humour\/\"]}]},{\"@type\":\"ImageObject\",\"inLanguage\":\"fr-FR\",\"@id\":\"https:\/\/lyonbondyblog.fr\/LBB\/kacem-de-la-fontaine-propose-une-fable-a-humour\/#primaryimage\",\"url\":\"https:\/\/lyonbondyblog.fr\/LBB\/wp-content\/uploads\/2015\/04\/10888505_1398282473800620_11601422403109839_n-1.jpg\",\"contentUrl\":\"https:\/\/lyonbondyblog.fr\/LBB\/wp-content\/uploads\/2015\/04\/10888505_1398282473800620_11601422403109839_n-1.jpg\",\"width\":720,\"height\":459},{\"@type\":\"WebSite\",\"@id\":\"https:\/\/lyonbondyblog.fr\/LBB\/#website\",\"url\":\"https:\/\/lyonbondyblog.fr\/LBB\/\",\"name\":\"Lyon Bondy Blog\",\"description\":\"\",\"publisher\":{\"@id\":\"https:\/\/lyonbondyblog.fr\/LBB\/#organization\"},\"potentialAction\":[{\"@type\":\"SearchAction\",\"target\":{\"@type\":\"EntryPoint\",\"urlTemplate\":\"https:\/\/lyonbondyblog.fr\/LBB\/?s={search_term_string}\"},\"query-input\":\"required name=search_term_string\"}],\"inLanguage\":\"fr-FR\"},{\"@type\":\"Organization\",\"@id\":\"https:\/\/lyonbondyblog.fr\/LBB\/#organization\",\"name\":\"LYON BONDY BLOG\",\"url\":\"https:\/\/lyonbondyblog.fr\/LBB\/\",\"logo\":{\"@type\":\"ImageObject\",\"inLanguage\":\"fr-FR\",\"@id\":\"https:\/\/lyonbondyblog.fr\/LBB\/#\/schema\/logo\/image\/\",\"url\":\"http:\/\/lyonbondyblog.fr\/LBB\/wp-content\/uploads\/2014\/10\/logo-portable-144.png\",\"contentUrl\":\"http:\/\/lyonbondyblog.fr\/LBB\/wp-content\/uploads\/2014\/10\/logo-portable-144.png\",\"width\":144,\"height\":123,\"caption\":\"LYON BONDY BLOG\"},\"image\":{\"@id\":\"https:\/\/lyonbondyblog.fr\/LBB\/#\/schema\/logo\/image\/\"},\"sameAs\":[\"https:\/\/www.facebook.com\/lyonbondyblog\",\"https:\/\/x.com\/bondybloglyon\"]},{\"@type\":\"Person\",\"@id\":\"https:\/\/lyonbondyblog.fr\/LBB\/#\/schema\/person\/558339ea4e67b07f7a2df48e9605b75c\",\"name\":\"Mohamed Braiki\",\"description\":\"Natif de Lyon et enfant des Minguettes, je suis dipl\u00f4m\u00e9 de Lettres de la Fac de Lyon 2 et l\u2019EFAP Rh\u00f4ne Alpes. J\u2019ai roul\u00e9 ma bosse dans des r\u00e9dactions lyonnaises comme la radio Lyon Sport 98.4, Le Progr\u00e8s, Foot 69.fr, Tribune de Lyon et Lyon Capitale. braikimohamed@yahoo.fr\",\"url\":\"https:\/\/lyonbondyblog.fr\/LBB\/author\/mohamed\/\"}]}<\/script>\n<!-- \/ Yoast SEO plugin. -->","yoast_head_json":{"title":"Kacem de La Fontaine propose une fable \u00e0 l\u2019humour","description":"Kacem De La Fontaine est la nouvelle trouvaille du label artistique Be Cool. L\u2019humoriste du quartier du Terraillon \u00e0 Bron se fait progressivement une place de choix au milieu d\u2019artistes confirm\u00e9s","robots":{"index":"index","follow":"follow","max-snippet":"max-snippet:-1","max-image-preview":"max-image-preview:large","max-video-preview":"max-video-preview:-1"},"canonical":"https:\/\/lyonbondyblog.fr\/LBB\/kacem-de-la-fontaine-propose-une-fable-a-humour\/","og_locale":"fr_FR","og_type":"article","og_title":"Kacem de La Fontaine propose une fable \u00e0 l\u2019humour","og_description":"Kacem De La Fontaine est la nouvelle trouvaille du label artistique Be Cool. L\u2019humoriste du quartier du Terraillon \u00e0 Bron se fait progressivement une place de choix au milieu d\u2019artistes confirm\u00e9s","og_url":"https:\/\/lyonbondyblog.fr\/LBB\/kacem-de-la-fontaine-propose-une-fable-a-humour\/","og_site_name":"Lyon Bondy Blog","article_publisher":"https:\/\/www.facebook.com\/lyonbondyblog","article_published_time":"2015-04-01T13:01:54+00:00","article_modified_time":"2015-04-01T13:05:37+00:00","og_image":[{"width":720,"height":459,"url":"https:\/\/lyonbondyblog.fr\/LBB\/wp-content\/uploads\/2015\/04\/10888505_1398282473800620_11601422403109839_n-1.jpg","type":"image\/jpeg"}],"author":"Mohamed Braiki","twitter_card":"summary_large_image","twitter_creator":"@bondybloglyon","twitter_site":"@bondybloglyon","schema":{"@context":"https:\/\/schema.org","@graph":[{"@type":"Article","@id":"https:\/\/lyonbondyblog.fr\/LBB\/kacem-de-la-fontaine-propose-une-fable-a-humour\/#article","isPartOf":{"@id":"https:\/\/lyonbondyblog.fr\/LBB\/kacem-de-la-fontaine-propose-une-fable-a-humour\/"},"author":{"name":"Mohamed Braiki","@id":"https:\/\/lyonbondyblog.fr\/LBB\/#\/schema\/person\/558339ea4e67b07f7a2df48e9605b75c"},"headline":"Kacem de La Fontaine ou l\u2019humour dans les fables","datePublished":"2015-04-01T13:01:54+00:00","dateModified":"2015-04-01T13:05:37+00:00","mainEntityOfPage":{"@id":"https:\/\/lyonbondyblog.fr\/LBB\/kacem-de-la-fontaine-propose-une-fable-a-humour\/"},"wordCount":1230,"commentCount":1,"publisher":{"@id":"https:\/\/lyonbondyblog.fr\/LBB\/#organization"},"image":{"@id":"https:\/\/lyonbondyblog.fr\/LBB\/kacem-de-la-fontaine-propose-une-fable-a-humour\/#primaryimage"},"thumbnailUrl":"https:\/\/lyonbondyblog.fr\/LBB\/wp-content\/uploads\/2015\/04\/10888505_1398282473800620_11601422403109839_n-1.jpg","keywords":["banlieue","Be Cool","Bron","Cabaret","caf\u00e9-th\u00e9\u00e2tre","Catch","com\u00e9die","Dihydrog\u00e8ne","Djihad","Fran\u00e7ais","Graine de star","Graine de Star Comedy Club","Humoriste","Jean de La Fontaine","La Croix-Rousse","musulman","Nassim Bombo","Panneau solaire","Pseudonyme","spectacle","Stand-up","tendance","Terraillon","venissieux","Villeurbanne"],"articleSection":["Lyon"],"inLanguage":"fr-FR","potentialAction":[{"@type":"CommentAction","name":"Comment","target":["https:\/\/lyonbondyblog.fr\/LBB\/kacem-de-la-fontaine-propose-une-fable-a-humour\/#respond"]}]},{"@type":"WebPage","@id":"https:\/\/lyonbondyblog.fr\/LBB\/kacem-de-la-fontaine-propose-une-fable-a-humour\/","url":"https:\/\/lyonbondyblog.fr\/LBB\/kacem-de-la-fontaine-propose-une-fable-a-humour\/","name":"Kacem de La Fontaine propose une fable \u00e0 l\u2019humour","isPartOf":{"@id":"https:\/\/lyonbondyblog.fr\/LBB\/#website"},"primaryImageOfPage":{"@id":"https:\/\/lyonbondyblog.fr\/LBB\/kacem-de-la-fontaine-propose-une-fable-a-humour\/#primaryimage"},"image":{"@id":"https:\/\/lyonbondyblog.fr\/LBB\/kacem-de-la-fontaine-propose-une-fable-a-humour\/#primaryimage"},"thumbnailUrl":"https:\/\/lyonbondyblog.fr\/LBB\/wp-content\/uploads\/2015\/04\/10888505_1398282473800620_11601422403109839_n-1.jpg","datePublished":"2015-04-01T13:01:54+00:00","dateModified":"2015-04-01T13:05:37+00:00","description":"Kacem De La Fontaine est la nouvelle trouvaille du label artistique Be Cool. L\u2019humoriste du quartier du Terraillon \u00e0 Bron se fait progressivement une place de choix au milieu d\u2019artistes confirm\u00e9s","inLanguage":"fr-FR","potentialAction":[{"@type":"ReadAction","target":["https:\/\/lyonbondyblog.fr\/LBB\/kacem-de-la-fontaine-propose-une-fable-a-humour\/"]}]},{"@type":"ImageObject","inLanguage":"fr-FR","@id":"https:\/\/lyonbondyblog.fr\/LBB\/kacem-de-la-fontaine-propose-une-fable-a-humour\/#primaryimage","url":"https:\/\/lyonbondyblog.fr\/LBB\/wp-content\/uploads\/2015\/04\/10888505_1398282473800620_11601422403109839_n-1.jpg","contentUrl":"https:\/\/lyonbondyblog.fr\/LBB\/wp-content\/uploads\/2015\/04\/10888505_1398282473800620_11601422403109839_n-1.jpg","width":720,"height":459},{"@type":"WebSite","@id":"https:\/\/lyonbondyblog.fr\/LBB\/#website","url":"https:\/\/lyonbondyblog.fr\/LBB\/","name":"Lyon Bondy Blog","description":"","publisher":{"@id":"https:\/\/lyonbondyblog.fr\/LBB\/#organization"},"potentialAction":[{"@type":"SearchAction","target":{"@type":"EntryPoint","urlTemplate":"https:\/\/lyonbondyblog.fr\/LBB\/?s={search_term_string}"},"query-input":"required name=search_term_string"}],"inLanguage":"fr-FR"},{"@type":"Organization","@id":"https:\/\/lyonbondyblog.fr\/LBB\/#organization","name":"LYON BONDY BLOG","url":"https:\/\/lyonbondyblog.fr\/LBB\/","logo":{"@type":"ImageObject","inLanguage":"fr-FR","@id":"https:\/\/lyonbondyblog.fr\/LBB\/#\/schema\/logo\/image\/","url":"http:\/\/lyonbondyblog.fr\/LBB\/wp-content\/uploads\/2014\/10\/logo-portable-144.png","contentUrl":"http:\/\/lyonbondyblog.fr\/LBB\/wp-content\/uploads\/2014\/10\/logo-portable-144.png","width":144,"height":123,"caption":"LYON BONDY BLOG"},"image":{"@id":"https:\/\/lyonbondyblog.fr\/LBB\/#\/schema\/logo\/image\/"},"sameAs":["https:\/\/www.facebook.com\/lyonbondyblog","https:\/\/x.com\/bondybloglyon"]},{"@type":"Person","@id":"https:\/\/lyonbondyblog.fr\/LBB\/#\/schema\/person\/558339ea4e67b07f7a2df48e9605b75c","name":"Mohamed Braiki","description":"Natif de Lyon et enfant des Minguettes, je suis dipl\u00f4m\u00e9 de Lettres de la Fac de Lyon 2 et l\u2019EFAP Rh\u00f4ne Alpes. J\u2019ai roul\u00e9 ma bosse dans des r\u00e9dactions lyonnaises comme la radio Lyon Sport 98.4, Le Progr\u00e8s, Foot 69.fr, Tribune de Lyon et Lyon Capitale. braikimohamed@yahoo.fr","url":"https:\/\/lyonbondyblog.fr\/LBB\/author\/mohamed\/"}]}},"_links":{"self":[{"href":"https:\/\/lyonbondyblog.fr\/LBB\/wp-json\/wp\/v2\/posts\/7949","targetHints":{"allow":["GET"]}}],"collection":[{"href":"https:\/\/lyonbondyblog.fr\/LBB\/wp-json\/wp\/v2\/posts"}],"about":[{"href":"https:\/\/lyonbondyblog.fr\/LBB\/wp-json\/wp\/v2\/types\/post"}],"author":[{"embeddable":true,"href":"https:\/\/lyonbondyblog.fr\/LBB\/wp-json\/wp\/v2\/users\/28"}],"replies":[{"embeddable":true,"href":"https:\/\/lyonbondyblog.fr\/LBB\/wp-json\/wp\/v2\/comments?post=7949"}],"version-history":[{"count":0,"href":"https:\/\/lyonbondyblog.fr\/LBB\/wp-json\/wp\/v2\/posts\/7949\/revisions"}],"wp:featuredmedia":[{"embeddable":true,"href":"https:\/\/lyonbondyblog.fr\/LBB\/wp-json\/wp\/v2\/media\/7950"}],"wp:attachment":[{"href":"https:\/\/lyonbondyblog.fr\/LBB\/wp-json\/wp\/v2\/media?parent=7949"}],"wp:term":[{"taxonomy":"category","embeddable":true,"href":"https:\/\/lyonbondyblog.fr\/LBB\/wp-json\/wp\/v2\/categories?post=7949"},{"taxonomy":"post_tag","embeddable":true,"href":"https:\/\/lyonbondyblog.fr\/LBB\/wp-json\/wp\/v2\/tags?post=7949"}],"curies":[{"name":"wp","href":"https:\/\/api.w.org\/{rel}","templated":true}]}}