{"id":7944,"date":"2015-03-31T12:58:51","date_gmt":"2015-03-31T10:58:51","guid":{"rendered":"http:\/\/lyonbondyblog.fr\/LBB\/?p=7944"},"modified":"2015-03-31T13:05:05","modified_gmt":"2015-03-31T11:05:05","slug":"radio-emission-speciale-sur-la-fermeture-de-linternat-favre","status":"publish","type":"post","link":"https:\/\/lyonbondyblog.fr\/LBB\/radio-emission-speciale-sur-la-fermeture-de-linternat-favre\/","title":{"rendered":"Radio : Emission sp\u00e9ciale sur la fermeture de l&rsquo;internat Favre"},"content":{"rendered":"<p>Une production M\u00e9dias Citoyens. Avec Emmanuel Hamelin, conseiller municipal UMP, et Isabelle Granjon, conseill\u00e8re municipale PCF, et avec les \u00e9ducatrices Katia Philippe (Intersyndicale internat Aldophe Favre) et Christine Jammet (Intersyndicale FO, Sud, CGT). Aucun \u00e9lu de la municipalit\u00e9 n&rsquo;a souhait\u00e9 participer au d\u00e9bat mais nous restons \u00e0 leur disposition si jamais ils changent d&rsquo;avis.<\/p>\n<p>Emission anim\u00e9e par Jean-Philippe Bonan (Sens public, forum de Lyon) et Thierry Borde (M\u00e9dias Citoyens). Technique par S\u00e9bastien Gonzalvez (Lyon Bondy Blog)<\/p>\n<h2>Le sommaire<\/h2>\n<p>Pr\u00e9sentation du d\u00e9bat et des participants (0-1min 12)<br \/>\nPr\u00e9sentation de l&rsquo;internat (1min12 &#8211; 4min35)<br \/>\nL\u2019\u00e9ducation devrait \u00eatre un sujet de consensus politique g\u00e9n\u00e9ral (4min35 &#8211; 5min 51)<br \/>\nLe positionnement de la majorit\u00e9 municipale, et d&rsquo;Europe Ecologie les Vert sur l&rsquo;internat Favre (5min51 &#8211; 8min 02)<br \/>\nLa question budg\u00e9taire (8min02 &#8211; 15min 15)<br \/>\nLa sp\u00e9cificit\u00e9 de l&rsquo;internat Favre, on y accueille des gens tr\u00e8s diff\u00e9rents, il a une mission d\u2019\u00e9ducation populaire, compl\u00e9mentarit\u00e9 avec l\u2019\u00e9ducation nationale (15min15 &#8211; 19min 23)<br \/>\nCollomb fossoyeur du social \u00e0 Lyon (19min 23 &#8211; 23min 36)<br \/>\nQuelles alternatives pour aider les jeunes en difficult\u00e9s, r\u00e9actions aux propos de Najat Vallaud Belkacem (23min 36 &#8211; 32min 44)<br \/>\nComment expliquer un tel acharnement contre l&rsquo;internat Favre (32min 44 &#8211; 36min 35)<br \/>\nLes limites de la politique du chiffre (36min35 &#8211; 37min53)<br \/>\nQuelles propositions pour sauver l&rsquo;internat Favre (37min53 &#8211; 44min 53)<br \/>\nLa question de la m\u00e9tropole (44min53 &#8211; 51min 20)<br \/>\nL&rsquo;internat Favre symbole de la politique sociale \u00e0 Lyon, Est-ce la fin d&rsquo;une \u00e9poque ? (51min 20 &#8211; 56min15)<\/p>\n<p>&nbsp;<\/p>\n<p>&nbsp;<\/p>\n<p><iframe loading=\"lazy\" src=\"https:\/\/w.soundcloud.com\/player\/?url=https%3A\/\/api.soundcloud.com\/tracks\/197457684&amp;auto_play=false&amp;hide_related=false&amp;show_comments=true&amp;show_user=true&amp;show_reposts=false&amp;visual=true\" width=\"100%\" height=\"600\" frameborder=\"no\" scrolling=\"no\"><\/iframe><\/p>\n<!-- AddThis Advanced Settings generic via filter on the_content --><!-- AddThis Share Buttons generic via filter on the_content -->","protected":false},"excerpt":{"rendered":"<p>Une production M\u00e9dias Citoyens. Avec Emmanuel Hamelin, conseiller municipal UMP, et Isabelle Granjon, conseill\u00e8re municipale PCF, et avec les \u00e9ducatrices Katia Philippe (Intersyndicale internat Aldophe &hellip; <!-- AddThis Advanced Settings generic via filter on wp_trim_excerpt --><!-- AddThis Share Buttons generic via filter on wp_trim_excerpt --><\/p>\n","protected":false},"author":1,"featured_media":7946,"comment_status":"open","ping_status":"open","sticky":false,"template":"","format":"standard","meta":{"_FSMCFIC_featured_image_caption":"","_FSMCFIC_featured_image_nocaption":"","_FSMCFIC_featured_image_hide":"","footnotes":""},"categories":[4,6,2],"tags":[721,1447,1442,1275,1130,351,873,1446,1450,1448,1449,10,112,1372,957,1277,1444,1445,1272,165,1443,1266],"class_list":["post-7944","post","type-post","status-publish","format-standard","has-post-thumbnail","hentry","category-lyon","category-politique","category-societe","tag-bondy-blog","tag-christine-jammet","tag-confederation-generale-du-travail-force-ouvriere","tag-conseil-municipal","tag-education","tag-emmanuel-hamelin","tag-gerard-collomb","tag-internat-etablissement-scolaire","tag-internat-favre","tag-jean-philippe-bonan","tag-katia-philippe","tag-lyon-2","tag-lyon-bondy-blog","tag-manuel-valls","tag-medias-citoyens","tag-metropole","tag-ministere-de-leducation-nationale","tag-najat-vallaud-belkacem","tag-parti-communiste-francais","tag-politique-2","tag-sens-public","tag-union-pour-un-mouvement-populaire"],"yoast_head":"<!-- This site is optimized with the Yoast SEO plugin v22.8 - https:\/\/yoast.com\/wordpress\/plugins\/seo\/ -->\n<title>Radio : Emission sp\u00e9ciale sur la fermeture de l&#039;internat Favre<\/title>\n<meta name=\"description\" content=\"Une production M\u00e9dias Citoyens. Avec Emmanuel Hamelin, Isabelle Granjon et avec les \u00e9ducatrices Katia Philippe et Christine Jammet\" \/>\n<meta name=\"robots\" content=\"index, follow, max-snippet:-1, max-image-preview:large, max-video-preview:-1\" \/>\n<link rel=\"canonical\" href=\"https:\/\/lyonbondyblog.fr\/LBB\/radio-emission-speciale-sur-la-fermeture-de-linternat-favre\/\" \/>\n<meta property=\"og:locale\" content=\"fr_FR\" \/>\n<meta property=\"og:type\" content=\"article\" \/>\n<meta property=\"og:title\" content=\"Radio : Emission sp\u00e9ciale sur la fermeture de l&#039;internat Favre\" \/>\n<meta property=\"og:description\" content=\"Une production M\u00e9dias Citoyens. Avec Emmanuel Hamelin, Isabelle Granjon et avec les \u00e9ducatrices Katia Philippe et Christine Jammet\" \/>\n<meta property=\"og:url\" content=\"https:\/\/lyonbondyblog.fr\/LBB\/radio-emission-speciale-sur-la-fermeture-de-linternat-favre\/\" \/>\n<meta property=\"og:site_name\" content=\"Lyon Bondy Blog\" \/>\n<meta property=\"article:publisher\" content=\"https:\/\/www.facebook.com\/lyonbondyblog\" \/>\n<meta property=\"article:author\" content=\"https:\/\/www.facebook.com\/lyonbondyblog\" \/>\n<meta property=\"article:published_time\" content=\"2015-03-31T10:58:51+00:00\" \/>\n<meta property=\"article:modified_time\" content=\"2015-03-31T11:05:05+00:00\" \/>\n<meta property=\"og:image\" content=\"https:\/\/lyonbondyblog.fr\/LBB\/wp-content\/uploads\/2015\/03\/internat-favre-e1432807523758.jpg\" \/>\n\t<meta property=\"og:image:width\" content=\"1024\" \/>\n\t<meta property=\"og:image:height\" content=\"576\" \/>\n\t<meta property=\"og:image:type\" content=\"image\/jpeg\" \/>\n<meta name=\"author\" content=\"La r\u00e9daction\" \/>\n<meta name=\"twitter:card\" content=\"summary_large_image\" \/>\n<meta name=\"twitter:creator\" content=\"@BondyBlogLyon\" \/>\n<meta name=\"twitter:site\" content=\"@bondybloglyon\" \/>\n<script type=\"application\/ld+json\" class=\"yoast-schema-graph\">{\"@context\":\"https:\/\/schema.org\",\"@graph\":[{\"@type\":\"Article\",\"@id\":\"https:\/\/lyonbondyblog.fr\/LBB\/radio-emission-speciale-sur-la-fermeture-de-linternat-favre\/#article\",\"isPartOf\":{\"@id\":\"https:\/\/lyonbondyblog.fr\/LBB\/radio-emission-speciale-sur-la-fermeture-de-linternat-favre\/\"},\"author\":{\"name\":\"La r\u00e9daction\",\"@id\":\"https:\/\/lyonbondyblog.fr\/LBB\/#\/schema\/person\/e45f8d27baac75072daa0be50c409b25\"},\"headline\":\"Radio : Emission sp\u00e9ciale sur la fermeture de l&rsquo;internat Favre\",\"datePublished\":\"2015-03-31T10:58:51+00:00\",\"dateModified\":\"2015-03-31T11:05:05+00:00\",\"mainEntityOfPage\":{\"@id\":\"https:\/\/lyonbondyblog.fr\/LBB\/radio-emission-speciale-sur-la-fermeture-de-linternat-favre\/\"},\"wordCount\":265,\"commentCount\":0,\"publisher\":{\"@id\":\"https:\/\/lyonbondyblog.fr\/LBB\/#organization\"},\"image\":{\"@id\":\"https:\/\/lyonbondyblog.fr\/LBB\/radio-emission-speciale-sur-la-fermeture-de-linternat-favre\/#primaryimage\"},\"thumbnailUrl\":\"https:\/\/lyonbondyblog.fr\/LBB\/wp-content\/uploads\/2015\/03\/internat-favre-e1432807523758.jpg\",\"keywords\":[\"Bondy Blog\",\"Christine Jammet\",\"Conf\u00e9d\u00e9ration g\u00e9n\u00e9rale du travail - Force ouvri\u00e8re\",\"Conseil municipal\",\"Education\",\"Emmanuel Hamelin\",\"G\u00e9rard Collomb\",\"Internat (\u00e9tablissement scolaire)\",\"internat Favre\",\"Jean-Philippe Bonan\",\"Katia Philippe\",\"lyon\",\"Lyon Bondy Blog\",\"Manuel Valls\",\"M\u00e9dias Citoyens\",\"M\u00e9tropole\",\"Minist\u00e8re de l'\u00c9ducation nationale\",\"Najat Vallaud-Belkacem\",\"Parti communiste fran\u00e7ais\",\"politique\",\"Sens public\",\"Union pour un mouvement populaire\"],\"articleSection\":[\"Lyon\",\"Politique\",\"Soci\u00e9t\u00e9\"],\"inLanguage\":\"fr-FR\",\"potentialAction\":[{\"@type\":\"CommentAction\",\"name\":\"Comment\",\"target\":[\"https:\/\/lyonbondyblog.fr\/LBB\/radio-emission-speciale-sur-la-fermeture-de-linternat-favre\/#respond\"]}]},{\"@type\":\"WebPage\",\"@id\":\"https:\/\/lyonbondyblog.fr\/LBB\/radio-emission-speciale-sur-la-fermeture-de-linternat-favre\/\",\"url\":\"https:\/\/lyonbondyblog.fr\/LBB\/radio-emission-speciale-sur-la-fermeture-de-linternat-favre\/\",\"name\":\"Radio : Emission sp\u00e9ciale sur la fermeture de l'internat Favre\",\"isPartOf\":{\"@id\":\"https:\/\/lyonbondyblog.fr\/LBB\/#website\"},\"primaryImageOfPage\":{\"@id\":\"https:\/\/lyonbondyblog.fr\/LBB\/radio-emission-speciale-sur-la-fermeture-de-linternat-favre\/#primaryimage\"},\"image\":{\"@id\":\"https:\/\/lyonbondyblog.fr\/LBB\/radio-emission-speciale-sur-la-fermeture-de-linternat-favre\/#primaryimage\"},\"thumbnailUrl\":\"https:\/\/lyonbondyblog.fr\/LBB\/wp-content\/uploads\/2015\/03\/internat-favre-e1432807523758.jpg\",\"datePublished\":\"2015-03-31T10:58:51+00:00\",\"dateModified\":\"2015-03-31T11:05:05+00:00\",\"description\":\"Une production M\u00e9dias Citoyens. Avec Emmanuel Hamelin, Isabelle Granjon et avec les \u00e9ducatrices Katia Philippe et Christine Jammet\",\"inLanguage\":\"fr-FR\",\"potentialAction\":[{\"@type\":\"ReadAction\",\"target\":[\"https:\/\/lyonbondyblog.fr\/LBB\/radio-emission-speciale-sur-la-fermeture-de-linternat-favre\/\"]}]},{\"@type\":\"ImageObject\",\"inLanguage\":\"fr-FR\",\"@id\":\"https:\/\/lyonbondyblog.fr\/LBB\/radio-emission-speciale-sur-la-fermeture-de-linternat-favre\/#primaryimage\",\"url\":\"https:\/\/lyonbondyblog.fr\/LBB\/wp-content\/uploads\/2015\/03\/internat-favre-e1432807523758.jpg\",\"contentUrl\":\"https:\/\/lyonbondyblog.fr\/LBB\/wp-content\/uploads\/2015\/03\/internat-favre-e1432807523758.jpg\",\"width\":1024,\"height\":576},{\"@type\":\"WebSite\",\"@id\":\"https:\/\/lyonbondyblog.fr\/LBB\/#website\",\"url\":\"https:\/\/lyonbondyblog.fr\/LBB\/\",\"name\":\"Lyon Bondy Blog\",\"description\":\"\",\"publisher\":{\"@id\":\"https:\/\/lyonbondyblog.fr\/LBB\/#organization\"},\"potentialAction\":[{\"@type\":\"SearchAction\",\"target\":{\"@type\":\"EntryPoint\",\"urlTemplate\":\"https:\/\/lyonbondyblog.fr\/LBB\/?s={search_term_string}\"},\"query-input\":\"required name=search_term_string\"}],\"inLanguage\":\"fr-FR\"},{\"@type\":\"Organization\",\"@id\":\"https:\/\/lyonbondyblog.fr\/LBB\/#organization\",\"name\":\"LYON BONDY BLOG\",\"url\":\"https:\/\/lyonbondyblog.fr\/LBB\/\",\"logo\":{\"@type\":\"ImageObject\",\"inLanguage\":\"fr-FR\",\"@id\":\"https:\/\/lyonbondyblog.fr\/LBB\/#\/schema\/logo\/image\/\",\"url\":\"http:\/\/lyonbondyblog.fr\/LBB\/wp-content\/uploads\/2014\/10\/logo-portable-144.png\",\"contentUrl\":\"http:\/\/lyonbondyblog.fr\/LBB\/wp-content\/uploads\/2014\/10\/logo-portable-144.png\",\"width\":144,\"height\":123,\"caption\":\"LYON BONDY BLOG\"},\"image\":{\"@id\":\"https:\/\/lyonbondyblog.fr\/LBB\/#\/schema\/logo\/image\/\"},\"sameAs\":[\"https:\/\/www.facebook.com\/lyonbondyblog\",\"https:\/\/x.com\/bondybloglyon\"]},{\"@type\":\"Person\",\"@id\":\"https:\/\/lyonbondyblog.fr\/LBB\/#\/schema\/person\/e45f8d27baac75072daa0be50c409b25\",\"name\":\"La r\u00e9daction\",\"description\":\"Cr\u00e9e en 2008, la r\u00e9daction du Lyon Bondy Blog s'applique \u00e0 proposer une information locale diff\u00e9rente et compl\u00e9mentaire des m\u00e9dias traditionnels.\",\"sameAs\":[\"https:\/\/www.facebook.com\/lyonbondyblog\",\"https:\/\/x.com\/BondyBlogLyon\"],\"url\":\"https:\/\/lyonbondyblog.fr\/LBB\/author\/admin\/\"}]}<\/script>\n<!-- \/ Yoast SEO plugin. -->","yoast_head_json":{"title":"Radio : Emission sp\u00e9ciale sur la fermeture de l'internat Favre","description":"Une production M\u00e9dias Citoyens. Avec Emmanuel Hamelin, Isabelle Granjon et avec les \u00e9ducatrices Katia Philippe et Christine Jammet","robots":{"index":"index","follow":"follow","max-snippet":"max-snippet:-1","max-image-preview":"max-image-preview:large","max-video-preview":"max-video-preview:-1"},"canonical":"https:\/\/lyonbondyblog.fr\/LBB\/radio-emission-speciale-sur-la-fermeture-de-linternat-favre\/","og_locale":"fr_FR","og_type":"article","og_title":"Radio : Emission sp\u00e9ciale sur la fermeture de l'internat Favre","og_description":"Une production M\u00e9dias Citoyens. Avec Emmanuel Hamelin, Isabelle Granjon et avec les \u00e9ducatrices Katia Philippe et Christine Jammet","og_url":"https:\/\/lyonbondyblog.fr\/LBB\/radio-emission-speciale-sur-la-fermeture-de-linternat-favre\/","og_site_name":"Lyon Bondy Blog","article_publisher":"https:\/\/www.facebook.com\/lyonbondyblog","article_author":"https:\/\/www.facebook.com\/lyonbondyblog","article_published_time":"2015-03-31T10:58:51+00:00","article_modified_time":"2015-03-31T11:05:05+00:00","og_image":[{"width":1024,"height":576,"url":"https:\/\/lyonbondyblog.fr\/LBB\/wp-content\/uploads\/2015\/03\/internat-favre-e1432807523758.jpg","type":"image\/jpeg"}],"author":"La r\u00e9daction","twitter_card":"summary_large_image","twitter_creator":"@BondyBlogLyon","twitter_site":"@bondybloglyon","schema":{"@context":"https:\/\/schema.org","@graph":[{"@type":"Article","@id":"https:\/\/lyonbondyblog.fr\/LBB\/radio-emission-speciale-sur-la-fermeture-de-linternat-favre\/#article","isPartOf":{"@id":"https:\/\/lyonbondyblog.fr\/LBB\/radio-emission-speciale-sur-la-fermeture-de-linternat-favre\/"},"author":{"name":"La r\u00e9daction","@id":"https:\/\/lyonbondyblog.fr\/LBB\/#\/schema\/person\/e45f8d27baac75072daa0be50c409b25"},"headline":"Radio : Emission sp\u00e9ciale sur la fermeture de l&rsquo;internat Favre","datePublished":"2015-03-31T10:58:51+00:00","dateModified":"2015-03-31T11:05:05+00:00","mainEntityOfPage":{"@id":"https:\/\/lyonbondyblog.fr\/LBB\/radio-emission-speciale-sur-la-fermeture-de-linternat-favre\/"},"wordCount":265,"commentCount":0,"publisher":{"@id":"https:\/\/lyonbondyblog.fr\/LBB\/#organization"},"image":{"@id":"https:\/\/lyonbondyblog.fr\/LBB\/radio-emission-speciale-sur-la-fermeture-de-linternat-favre\/#primaryimage"},"thumbnailUrl":"https:\/\/lyonbondyblog.fr\/LBB\/wp-content\/uploads\/2015\/03\/internat-favre-e1432807523758.jpg","keywords":["Bondy Blog","Christine Jammet","Conf\u00e9d\u00e9ration g\u00e9n\u00e9rale du travail - Force ouvri\u00e8re","Conseil municipal","Education","Emmanuel Hamelin","G\u00e9rard Collomb","Internat (\u00e9tablissement scolaire)","internat Favre","Jean-Philippe Bonan","Katia Philippe","lyon","Lyon Bondy Blog","Manuel Valls","M\u00e9dias Citoyens","M\u00e9tropole","Minist\u00e8re de l'\u00c9ducation nationale","Najat Vallaud-Belkacem","Parti communiste fran\u00e7ais","politique","Sens public","Union pour un mouvement populaire"],"articleSection":["Lyon","Politique","Soci\u00e9t\u00e9"],"inLanguage":"fr-FR","potentialAction":[{"@type":"CommentAction","name":"Comment","target":["https:\/\/lyonbondyblog.fr\/LBB\/radio-emission-speciale-sur-la-fermeture-de-linternat-favre\/#respond"]}]},{"@type":"WebPage","@id":"https:\/\/lyonbondyblog.fr\/LBB\/radio-emission-speciale-sur-la-fermeture-de-linternat-favre\/","url":"https:\/\/lyonbondyblog.fr\/LBB\/radio-emission-speciale-sur-la-fermeture-de-linternat-favre\/","name":"Radio : Emission sp\u00e9ciale sur la fermeture de l'internat Favre","isPartOf":{"@id":"https:\/\/lyonbondyblog.fr\/LBB\/#website"},"primaryImageOfPage":{"@id":"https:\/\/lyonbondyblog.fr\/LBB\/radio-emission-speciale-sur-la-fermeture-de-linternat-favre\/#primaryimage"},"image":{"@id":"https:\/\/lyonbondyblog.fr\/LBB\/radio-emission-speciale-sur-la-fermeture-de-linternat-favre\/#primaryimage"},"thumbnailUrl":"https:\/\/lyonbondyblog.fr\/LBB\/wp-content\/uploads\/2015\/03\/internat-favre-e1432807523758.jpg","datePublished":"2015-03-31T10:58:51+00:00","dateModified":"2015-03-31T11:05:05+00:00","description":"Une production M\u00e9dias Citoyens. Avec Emmanuel Hamelin, Isabelle Granjon et avec les \u00e9ducatrices Katia Philippe et Christine Jammet","inLanguage":"fr-FR","potentialAction":[{"@type":"ReadAction","target":["https:\/\/lyonbondyblog.fr\/LBB\/radio-emission-speciale-sur-la-fermeture-de-linternat-favre\/"]}]},{"@type":"ImageObject","inLanguage":"fr-FR","@id":"https:\/\/lyonbondyblog.fr\/LBB\/radio-emission-speciale-sur-la-fermeture-de-linternat-favre\/#primaryimage","url":"https:\/\/lyonbondyblog.fr\/LBB\/wp-content\/uploads\/2015\/03\/internat-favre-e1432807523758.jpg","contentUrl":"https:\/\/lyonbondyblog.fr\/LBB\/wp-content\/uploads\/2015\/03\/internat-favre-e1432807523758.jpg","width":1024,"height":576},{"@type":"WebSite","@id":"https:\/\/lyonbondyblog.fr\/LBB\/#website","url":"https:\/\/lyonbondyblog.fr\/LBB\/","name":"Lyon Bondy Blog","description":"","publisher":{"@id":"https:\/\/lyonbondyblog.fr\/LBB\/#organization"},"potentialAction":[{"@type":"SearchAction","target":{"@type":"EntryPoint","urlTemplate":"https:\/\/lyonbondyblog.fr\/LBB\/?s={search_term_string}"},"query-input":"required name=search_term_string"}],"inLanguage":"fr-FR"},{"@type":"Organization","@id":"https:\/\/lyonbondyblog.fr\/LBB\/#organization","name":"LYON BONDY BLOG","url":"https:\/\/lyonbondyblog.fr\/LBB\/","logo":{"@type":"ImageObject","inLanguage":"fr-FR","@id":"https:\/\/lyonbondyblog.fr\/LBB\/#\/schema\/logo\/image\/","url":"http:\/\/lyonbondyblog.fr\/LBB\/wp-content\/uploads\/2014\/10\/logo-portable-144.png","contentUrl":"http:\/\/lyonbondyblog.fr\/LBB\/wp-content\/uploads\/2014\/10\/logo-portable-144.png","width":144,"height":123,"caption":"LYON BONDY BLOG"},"image":{"@id":"https:\/\/lyonbondyblog.fr\/LBB\/#\/schema\/logo\/image\/"},"sameAs":["https:\/\/www.facebook.com\/lyonbondyblog","https:\/\/x.com\/bondybloglyon"]},{"@type":"Person","@id":"https:\/\/lyonbondyblog.fr\/LBB\/#\/schema\/person\/e45f8d27baac75072daa0be50c409b25","name":"La r\u00e9daction","description":"Cr\u00e9e en 2008, la r\u00e9daction du Lyon Bondy Blog s'applique \u00e0 proposer une information locale diff\u00e9rente et compl\u00e9mentaire des m\u00e9dias traditionnels.","sameAs":["https:\/\/www.facebook.com\/lyonbondyblog","https:\/\/x.com\/BondyBlogLyon"],"url":"https:\/\/lyonbondyblog.fr\/LBB\/author\/admin\/"}]}},"_links":{"self":[{"href":"https:\/\/lyonbondyblog.fr\/LBB\/wp-json\/wp\/v2\/posts\/7944","targetHints":{"allow":["GET"]}}],"collection":[{"href":"https:\/\/lyonbondyblog.fr\/LBB\/wp-json\/wp\/v2\/posts"}],"about":[{"href":"https:\/\/lyonbondyblog.fr\/LBB\/wp-json\/wp\/v2\/types\/post"}],"author":[{"embeddable":true,"href":"https:\/\/lyonbondyblog.fr\/LBB\/wp-json\/wp\/v2\/users\/1"}],"replies":[{"embeddable":true,"href":"https:\/\/lyonbondyblog.fr\/LBB\/wp-json\/wp\/v2\/comments?post=7944"}],"version-history":[{"count":0,"href":"https:\/\/lyonbondyblog.fr\/LBB\/wp-json\/wp\/v2\/posts\/7944\/revisions"}],"wp:featuredmedia":[{"embeddable":true,"href":"https:\/\/lyonbondyblog.fr\/LBB\/wp-json\/wp\/v2\/media\/7946"}],"wp:attachment":[{"href":"https:\/\/lyonbondyblog.fr\/LBB\/wp-json\/wp\/v2\/media?parent=7944"}],"wp:term":[{"taxonomy":"category","embeddable":true,"href":"https:\/\/lyonbondyblog.fr\/LBB\/wp-json\/wp\/v2\/categories?post=7944"},{"taxonomy":"post_tag","embeddable":true,"href":"https:\/\/lyonbondyblog.fr\/LBB\/wp-json\/wp\/v2\/tags?post=7944"}],"curies":[{"name":"wp","href":"https:\/\/api.w.org\/{rel}","templated":true}]}}