{"id":7804,"date":"2015-02-24T13:36:34","date_gmt":"2015-02-24T12:36:34","guid":{"rendered":"http:\/\/lyonbondyblog.fr\/LBB\/?p=7804"},"modified":"2015-02-24T13:36:34","modified_gmt":"2015-02-24T12:36:34","slug":"blacko-prend-le-temps-pour-ses-fans","status":"publish","type":"post","link":"https:\/\/lyonbondyblog.fr\/LBB\/blacko-prend-le-temps-pour-ses-fans\/","title":{"rendered":"Blacko prend le temps pour ses fans"},"content":{"rendered":"<p><strong>Vendredi, l\u2019ex-membre du groupe Sniper revenait \u00e0 Lyon pour pr\u00e9senter son nouvel EP \u00ab\u00a0Le temps est compt\u00e9\u00a0\u00bb dans le cadre d\u2019une tourn\u00e9e fran\u00e7aise et en attente de l\u2019album \u00ab\u00a0Dualit\u00e9\u00a0\u00bb, qui sort en juin prochain. Un \u00e9v\u00e8nement apr\u00e8s une prise de recul r\u00e9g\u00e9n\u00e9ratrice. Les fans lyonnais ont retrouv\u00e9 un artiste profond et fid\u00e8le \u00e0 lui-m\u00eame.<\/strong><\/p>\n<p>Dans la culture urbaine, Blacko appara\u00eet comme un \u00e9lectron libre. Ne serait-ce que par sa voix et un style reggae qui se pr\u00eate tr\u00e8s largement au flow des plus grands artistes hip-hop.<\/p>\n<p>Karl Appela, de son vrai nom d\u00e9fend avec hardiesse un rap conscient. L\u2019artiste d\u2019origine r\u00e9unionnaise a pris part \u00e0 l\u2019ascension <a href=\"http:\/\/fr.wikipedia.org\/wiki\/Sniper_(groupe)\">du groupe mythique Sniper<\/a> avec Tunisiano et Aketo avant de le quitter en 2008. Son parcours en solo est celui d\u2019un reggaeman engag\u00e9 dont les textes expriment une profondeur \u00e0 part. Personne n\u2019a oubli\u00e9 ce fabuleux duo enregistr\u00e9 avec Soprano en 2007 <a href=\"https:\/\/www.youtube.com\/watch?v=1PhrvI6ecRs\">\u00ab\u00a0Ferme les yeux et imagine-toi\u00a0\u00bb<\/a> extrait de l\u2019album du rappeur marseillais \u00ab\u00a0Puisqu\u2019il faut vivre\u00a0\u00bb.<\/p>\n<h2>Blacko et DJ E-Rise, la bonne formule<img loading=\"lazy\" decoding=\"async\" class=\"alignright size-full wp-image-7810\" src=\"https:\/\/lyonbondyblog.fr\/LBB\/wp-content\/uploads\/2015\/02\/le-temps-est-compte.jpg\" alt=\"le-temps-est-compte\" width=\"300\" height=\"300\" srcset=\"https:\/\/lyonbondyblog.fr\/LBB\/wp-content\/uploads\/2015\/02\/le-temps-est-compte.jpg 300w, https:\/\/lyonbondyblog.fr\/LBB\/wp-content\/uploads\/2015\/02\/le-temps-est-compte-150x150.jpg 150w, https:\/\/lyonbondyblog.fr\/LBB\/wp-content\/uploads\/2015\/02\/le-temps-est-compte-32x32.jpg 32w, https:\/\/lyonbondyblog.fr\/LBB\/wp-content\/uploads\/2015\/02\/le-temps-est-compte-64x64.jpg 64w, https:\/\/lyonbondyblog.fr\/LBB\/wp-content\/uploads\/2015\/02\/le-temps-est-compte-96x96.jpg 96w, https:\/\/lyonbondyblog.fr\/LBB\/wp-content\/uploads\/2015\/02\/le-temps-est-compte-128x128.jpg 128w\" sizes=\"auto, (max-width: 300px) 100vw, 300px\" \/><\/h2>\n<p>Apr\u00e8s un opus sorti en 2010 \u00ab\u00a0Enfant du soleil\u00a0\u00bb qui avait \u00e9t\u00e9 boycott\u00e9 par son label de l\u2019\u00e9poque puis offert gratuitement sur le web au public\u00a0; et un EP \u00ab\u00a0Instant Kaf\u00a0\u00bb en 2011, il pr\u00e9sente un nouveau projet\u00a0: \u00ab\u00a0Le temps est compt\u00e9\u00a0\u00bb.<\/p>\n<p>Cet EP avec sept titres \u2014 dont un featuring <a href=\"http:\/\/fr.wikipedia.org\/wiki\/JoeyStarr\">avec Joey Starr<\/a> \u2014 est pr\u00e9sent\u00e9 comme un v\u00e9ritable retour.<\/p>\n<p>Rencontr\u00e9 dans les loges au moment des balances, Blacko explique\u00a0:<\/p>\n<blockquote><p>\u00ab\u00a0C\u2019est une carte de visite pour ceux qui ne me connaissent pas. Je suis rappeur et reggaeman. J\u2019ai ramen\u00e9 dans le rap les fondamentaux du reggae. Ce qui veut dire\u00a0: passer un message positif car en ce moment dans le rap, il n\u2019y a pas de th\u00e8me.\u00a0\u00bb<\/p><\/blockquote>\n<p>Ce retour est celui d\u2019un artiste qui a grandi \u00e0 la grande \u00e9poque du rap fran\u00e7ais avec NTM, Secteur A ou l\u2019Am\u00e9ricain Method Man (Wu Tang Clan). Un projet pr\u00e9par\u00e9 <a href=\"https:\/\/www.facebook.com\/DJERISE\">avec DJ E-Rise, producteur de renom<\/a> qui a longtemps travaill\u00e9 avec La Fouine, ou Soprano et avec qui il forme un v\u00e9ritable bin\u00f4me.<\/p>\n<blockquote><p>\u00ab\u00a0Avec DJ E-Rise, on se conna\u00eet depuis l\u2019\u00e2ge de 19-20 ans, conc\u00e8de Blacko. Plus jeunes tous les deux, on essayait de s\u2019incruster dans des plans avec Secteur A ou Joey Starr. Aujourd\u2019hui, j\u2019ai besoin de cette complicit\u00e9. Il y a des vrais moments de vie en dehors du travail m\u00eame avec mon manager. Sans \u00e7a, \u00e7a ne fonctionne pas.\u00a0\u00bb<\/p><\/blockquote>\n<h2>Un album parti dans les temps<\/h2>\n<p><img loading=\"lazy\" decoding=\"async\" class=\"alignleft size-full wp-image-7808\" src=\"https:\/\/lyonbondyblog.fr\/LBB\/wp-content\/uploads\/2015\/02\/20150220_212809.jpg\" alt=\"20150220_212809\" width=\"338\" height=\"600\" srcset=\"https:\/\/lyonbondyblog.fr\/LBB\/wp-content\/uploads\/2015\/02\/20150220_212809.jpg 338w, https:\/\/lyonbondyblog.fr\/LBB\/wp-content\/uploads\/2015\/02\/20150220_212809-169x300.jpg 169w\" sizes=\"auto, (max-width: 338px) 100vw, 338px\" \/>Le premier extrait <em>Le temps est compt\u00e9<\/em> a d\u00e9j\u00e0 marqu\u00e9 le public. Le clip a \u00e9t\u00e9 visionn\u00e9 cinq millions de fois sur You Tube\u00a0:<\/p>\n<blockquote><p>\u00ab\u00a0Je n\u2019ai pas encore r\u00e9agi \u00e0 l\u2019accueil surprenant des m\u00e9dias et du public, avoue-t-il. \u00c0 la maison de disque, on ne s\u2019attendait pas \u00e0 \u00e7a. On se disait que ce serait bien de faire 500\u00a0000 vues avec \u201cLe temps est compt\u00e9\u201d. C\u2019est parce que ma musique n\u2019est pas que \u201cstreet\u201d, elle est pour tout le monde. Gr\u00e2ce \u00e0 tout \u00e7a, je vis un tr\u00e8s bon moment.\u00a0\u00bb<\/p>\n<p>\u00ab\u00a0Avec Sniper, on est venu plusieurs fois \u00e0 Lyon. Le public est chaud et puis la ville porte bien son nom puisqu\u2019elle rugit en concert.\u00a0\u00bb S\u2019enthousiasme le rappeur.<\/p><\/blockquote>\n<p>Le Ninkasi Kao est consid\u00e9r\u00e9 comme une des meilleures plateformes locales pour tester ses projets aupr\u00e8s d\u2019un public lyonnais tr\u00e8s exigeant. Ce vendredi, on voyait des bonnets reggae et des dreadlocks, mais aussi beaucoup de passionn\u00e9s de rap. Les deux styles allaient fusionner sur la sc\u00e8ne et dans la salle.<\/p>\n<p>D\u2019entr\u00e9e Blacko exprime une \u00e9nergie \u00e0 part. Sautillant et bondissant sur la sc\u00e8ne, il apporte une inspiration nouvelle. Son extravagance communicative se diff\u00e9rencie de ce qui est propos\u00e9 d\u2019habitude. Le public adh\u00e8re aux nouveaux titres pr\u00e9sent\u00e9s comme \u00ab\u00a0La rue c\u2019est pas ma m\u00e8re\u00a0\u00bb, \u00ab\u00a0Accroch\u00e9 \u00e0 mes r\u00eaves\u00a0\u00bb ou \u00ab\u00a0Pr\u00e9viens-les\u00a0\u00bb. L\u2019enthousiasme et la chaleur en arrivent \u00e0 surprendre Blacko et DJ E-Rise d\u00e8s le d\u00e9but du concert.<\/p>\n<h2>\u00c0 d\u00e9faut des punchlines, des heartlines\u00a0!<\/h2>\n<p>L\u2019ex Sniper a offert un medley des meilleurs titres de Bob Marley en interlude. \u00ab\u00a0No woman, no cry\u00a0\u00bb a raisonn\u00e9 dans le Ninkasi comme dans un grand stade. M\u00eame \u00ab\u00a0Ferme les Yeux et imagine-toi\u00a0\u00bb fait lever les mains en l\u2019air. \u00c0 d\u00e9faut d\u2019\u00eatre le titre du chanteur, il y a des couplets et des refrains qui illuminent une carri\u00e8re.<\/p>\n<p><img loading=\"lazy\" decoding=\"async\" class=\"aligncenter size-full wp-image-7811\" src=\"https:\/\/lyonbondyblog.fr\/LBB\/wp-content\/uploads\/2015\/02\/DSC08767.jpg\" alt=\"DSC08767\" width=\"600\" height=\"338\" srcset=\"https:\/\/lyonbondyblog.fr\/LBB\/wp-content\/uploads\/2015\/02\/DSC08767.jpg 600w, https:\/\/lyonbondyblog.fr\/LBB\/wp-content\/uploads\/2015\/02\/DSC08767-300x169.jpg 300w\" sizes=\"auto, (max-width: 600px) 100vw, 600px\" \/><\/p>\n<p>Le moment le plus attendu du concert est ce titre qui porte l\u2019album et dont les couplets sont des le\u00e7ons \u00e0 eux seuls. Dj E-Rise fait un clin d\u2019\u0153il \u00e0 Blacko et lui glisse\u00a0: <em>\u00ab\u00a0L\u00e0 je crois qu\u2019ils vont tous chanter\u00a0!\u00a0\u00bb<\/em><\/p>\n<p>Le concert s\u2019ach\u00e8ve sur <a href=\"http:\/\/www.13or-du-hiphop.fr\/clip\/blacko-remix-o-t--genasis---coco-8046.html\">le remix \u00ab\u00a0Coco\u00a0\u00bb<\/a> qui est \u00e0 la base un hit de <a href=\"http:\/\/fr.wikipedia.org\/wiki\/O.T._Genasis\">l\u2019Am\u00e9ricain O.T Genasis<\/a> qui pr\u00f4ne la drogue dure. Agac\u00e9 par ces paroles, le rappeur r\u00e9unionnais les a chang\u00e9es pour en faire un texte pr\u00e9ventif et conscient.<\/p>\n<p><img loading=\"lazy\" decoding=\"async\" class=\"aligncenter size-full wp-image-7809\" src=\"https:\/\/lyonbondyblog.fr\/LBB\/wp-content\/uploads\/2015\/02\/DSC08759.jpg\" alt=\"DSC08759\" width=\"600\" height=\"350\" srcset=\"https:\/\/lyonbondyblog.fr\/LBB\/wp-content\/uploads\/2015\/02\/DSC08759.jpg 600w, https:\/\/lyonbondyblog.fr\/LBB\/wp-content\/uploads\/2015\/02\/DSC08759-300x175.jpg 300w\" sizes=\"auto, (max-width: 600px) 100vw, 600px\" \/>Michael et Abdel sont venus sp\u00e9cialement de Dijon pour soutenir l\u2019artiste\u00a0: <em>\u00ab\u00a0Blacko c\u2019est toute notre enfance. Avec Sniper, \u00e7a rappelle de sacr\u00e9s souvenirs. C\u2019est sa voix qui a toujours fait la particularit\u00e9 du groupe. Il a un style qui lui permet de tout faire\u00a0: aussi bien de la trappe ou du reggae. Apr\u00e8s sept ans d\u2019absence, ce ne peut \u00eatre qu\u2019un bon retour.\u00a0\u00bb<\/em><\/p>\n<p>Et de conclure\u00a0:<\/p>\n<p><em>\u00ab\u00a0Pendant le spectacle, on sentait vraiment que les gens l\u2019attendaient. Lui a pris plaisir et il est rest\u00e9 le m\u00eame. Et puis comment oublier sa voix\u00a0?\u00a0\u00bb<\/em><\/p>\n<p><em>\u00a0<\/em><\/p>\n<p>Le temps est compt\u00e9 \u00a0:<\/p>\n<p><iframe loading=\"lazy\" title=\"Blacko - Le Temps est Compt\u00e9 (Clip Officiel)\" width=\"1200\" height=\"675\" src=\"https:\/\/www.youtube.com\/embed\/7J6OrVvzjdY?feature=oembed\" frameborder=\"0\" allow=\"accelerometer; autoplay; clipboard-write; encrypted-media; gyroscope; picture-in-picture\" allowfullscreen><\/iframe><\/p>\n<!-- AddThis Advanced Settings generic via filter on the_content --><!-- AddThis Share Buttons generic via filter on the_content -->","protected":false},"excerpt":{"rendered":"<p>Vendredi, l\u2019ex-membre du groupe Sniper revenait \u00e0 Lyon pour pr\u00e9senter son nouvel EP \u00ab\u00a0Le temps est compt\u00e9\u00a0\u00bb dans le cadre d\u2019une tourn\u00e9e fran\u00e7aise et en &hellip; <!-- AddThis Advanced Settings generic via filter on wp_trim_excerpt --><!-- AddThis Share Buttons generic via filter on wp_trim_excerpt --><\/p>\n","protected":false},"author":28,"featured_media":7806,"comment_status":"open","ping_status":"open","sticky":false,"template":"","format":"standard","meta":{"_FSMCFIC_featured_image_caption":"","_FSMCFIC_featured_image_nocaption":"","_FSMCFIC_featured_image_hide":"","footnotes":""},"categories":[5],"tags":[1282,1300,564,1284,1301,1287,217,101,1283,1291,135,10,1295,1302,1299,1298,205,1292,1286,444,1288,1294,1285,1289,773,1293,1290,1296,1297],"class_list":["post-7804","post","type-post","status-publish","format-standard","has-post-thumbnail","hentry","category-ambiance","tag-blacko","tag-bob-marley","tag-concert","tag-dj-e-rise","tag-dreadlocks","tag-electron-libre-album","tag-etats-unis","tag-hip-hop","tag-joey-starr","tag-joeystarr","tag-lbb","tag-lyon-2","tag-method-man","tag-ninkasi-kao","tag-no-cry","tag-no-woman","tag-rap","tag-rap-francais","tag-rap-politique","tag-rappeur","tag-reggae","tag-secteur-a","tag-sniper-groupe","tag-soprano-rappeur","tag-spectacle","tag-supreme-ntm","tag-tunisiano","tag-wu-tang-clan","tag-youtube"],"yoast_head":"<!-- This site is optimized with the Yoast SEO plugin v22.8 - https:\/\/yoast.com\/wordpress\/plugins\/seo\/ -->\n<title>Blacko prend le temps pour ses fans<\/title>\n<meta name=\"description\" content=\"Blacko, l\u2019ex-membre du groupe Sniper revenait \u00e0 Lyon pour pr\u00e9senter son EP \u00ab Le temps est compt\u00e9 \u00bb.\" \/>\n<meta name=\"robots\" content=\"index, follow, max-snippet:-1, max-image-preview:large, max-video-preview:-1\" \/>\n<link rel=\"canonical\" href=\"https:\/\/lyonbondyblog.fr\/LBB\/blacko-prend-le-temps-pour-ses-fans\/\" \/>\n<meta property=\"og:locale\" content=\"fr_FR\" \/>\n<meta property=\"og:type\" content=\"article\" \/>\n<meta property=\"og:title\" content=\"Blacko prend le temps pour ses fans\" \/>\n<meta property=\"og:description\" content=\"Blacko, l\u2019ex-membre du groupe Sniper revenait \u00e0 Lyon pour pr\u00e9senter son EP \u00ab Le temps est compt\u00e9 \u00bb.\" \/>\n<meta property=\"og:url\" content=\"https:\/\/lyonbondyblog.fr\/LBB\/blacko-prend-le-temps-pour-ses-fans\/\" \/>\n<meta property=\"og:site_name\" content=\"Lyon Bondy Blog\" \/>\n<meta property=\"article:publisher\" content=\"https:\/\/www.facebook.com\/lyonbondyblog\" \/>\n<meta property=\"article:published_time\" content=\"2015-02-24T12:36:34+00:00\" \/>\n<meta property=\"og:image\" content=\"https:\/\/lyonbondyblog.fr\/LBB\/wp-content\/uploads\/2015\/02\/20150220_211810.jpg\" \/>\n\t<meta property=\"og:image:width\" content=\"600\" \/>\n\t<meta property=\"og:image:height\" content=\"338\" \/>\n\t<meta property=\"og:image:type\" content=\"image\/jpeg\" \/>\n<meta name=\"author\" content=\"Mohamed Braiki\" \/>\n<meta name=\"twitter:card\" content=\"summary_large_image\" \/>\n<meta name=\"twitter:creator\" content=\"@bondybloglyon\" \/>\n<meta name=\"twitter:site\" content=\"@bondybloglyon\" \/>\n<script type=\"application\/ld+json\" class=\"yoast-schema-graph\">{\"@context\":\"https:\/\/schema.org\",\"@graph\":[{\"@type\":\"Article\",\"@id\":\"https:\/\/lyonbondyblog.fr\/LBB\/blacko-prend-le-temps-pour-ses-fans\/#article\",\"isPartOf\":{\"@id\":\"https:\/\/lyonbondyblog.fr\/LBB\/blacko-prend-le-temps-pour-ses-fans\/\"},\"author\":{\"name\":\"Mohamed Braiki\",\"@id\":\"https:\/\/lyonbondyblog.fr\/LBB\/#\/schema\/person\/558339ea4e67b07f7a2df48e9605b75c\"},\"headline\":\"Blacko prend le temps pour ses fans\",\"datePublished\":\"2015-02-24T12:36:34+00:00\",\"dateModified\":\"2015-02-24T12:36:34+00:00\",\"mainEntityOfPage\":{\"@id\":\"https:\/\/lyonbondyblog.fr\/LBB\/blacko-prend-le-temps-pour-ses-fans\/\"},\"wordCount\":983,\"commentCount\":0,\"publisher\":{\"@id\":\"https:\/\/lyonbondyblog.fr\/LBB\/#organization\"},\"image\":{\"@id\":\"https:\/\/lyonbondyblog.fr\/LBB\/blacko-prend-le-temps-pour-ses-fans\/#primaryimage\"},\"thumbnailUrl\":\"https:\/\/lyonbondyblog.fr\/LBB\/wp-content\/uploads\/2015\/02\/20150220_211810.jpg\",\"keywords\":[\"Blacko\",\"Bob Marley\",\"Concert\",\"DJ E-Rise\",\"Dreadlocks\",\"\u00c9lectron libre (album)\",\"\u00c9tats-Unis\",\"hip-hop\",\"Joey Starr\",\"JoeyStarr\",\"LBB\",\"lyon\",\"Method Man\",\"Ninkasi Kao\",\"No Cry\",\"No Woman\",\"rap\",\"Rap fran\u00e7ais\",\"Rap politique\",\"rappeur\",\"Reggae\",\"Secteur \u00c4\",\"Sniper (groupe)\",\"Soprano (rappeur)\",\"spectacle\",\"Supr\u00eame NTM\",\"Tunisiano\",\"Wu-Tang Clan\",\"YouTube\"],\"articleSection\":[\"Ambiance\"],\"inLanguage\":\"fr-FR\",\"potentialAction\":[{\"@type\":\"CommentAction\",\"name\":\"Comment\",\"target\":[\"https:\/\/lyonbondyblog.fr\/LBB\/blacko-prend-le-temps-pour-ses-fans\/#respond\"]}]},{\"@type\":\"WebPage\",\"@id\":\"https:\/\/lyonbondyblog.fr\/LBB\/blacko-prend-le-temps-pour-ses-fans\/\",\"url\":\"https:\/\/lyonbondyblog.fr\/LBB\/blacko-prend-le-temps-pour-ses-fans\/\",\"name\":\"Blacko prend le temps pour ses fans\",\"isPartOf\":{\"@id\":\"https:\/\/lyonbondyblog.fr\/LBB\/#website\"},\"primaryImageOfPage\":{\"@id\":\"https:\/\/lyonbondyblog.fr\/LBB\/blacko-prend-le-temps-pour-ses-fans\/#primaryimage\"},\"image\":{\"@id\":\"https:\/\/lyonbondyblog.fr\/LBB\/blacko-prend-le-temps-pour-ses-fans\/#primaryimage\"},\"thumbnailUrl\":\"https:\/\/lyonbondyblog.fr\/LBB\/wp-content\/uploads\/2015\/02\/20150220_211810.jpg\",\"datePublished\":\"2015-02-24T12:36:34+00:00\",\"dateModified\":\"2015-02-24T12:36:34+00:00\",\"description\":\"Blacko, l\u2019ex-membre du groupe Sniper revenait \u00e0 Lyon pour pr\u00e9senter son EP \u00ab Le temps est compt\u00e9 \u00bb.\",\"inLanguage\":\"fr-FR\",\"potentialAction\":[{\"@type\":\"ReadAction\",\"target\":[\"https:\/\/lyonbondyblog.fr\/LBB\/blacko-prend-le-temps-pour-ses-fans\/\"]}]},{\"@type\":\"ImageObject\",\"inLanguage\":\"fr-FR\",\"@id\":\"https:\/\/lyonbondyblog.fr\/LBB\/blacko-prend-le-temps-pour-ses-fans\/#primaryimage\",\"url\":\"https:\/\/lyonbondyblog.fr\/LBB\/wp-content\/uploads\/2015\/02\/20150220_211810.jpg\",\"contentUrl\":\"https:\/\/lyonbondyblog.fr\/LBB\/wp-content\/uploads\/2015\/02\/20150220_211810.jpg\",\"width\":600,\"height\":338},{\"@type\":\"WebSite\",\"@id\":\"https:\/\/lyonbondyblog.fr\/LBB\/#website\",\"url\":\"https:\/\/lyonbondyblog.fr\/LBB\/\",\"name\":\"Lyon Bondy Blog\",\"description\":\"\",\"publisher\":{\"@id\":\"https:\/\/lyonbondyblog.fr\/LBB\/#organization\"},\"potentialAction\":[{\"@type\":\"SearchAction\",\"target\":{\"@type\":\"EntryPoint\",\"urlTemplate\":\"https:\/\/lyonbondyblog.fr\/LBB\/?s={search_term_string}\"},\"query-input\":\"required name=search_term_string\"}],\"inLanguage\":\"fr-FR\"},{\"@type\":\"Organization\",\"@id\":\"https:\/\/lyonbondyblog.fr\/LBB\/#organization\",\"name\":\"LYON BONDY BLOG\",\"url\":\"https:\/\/lyonbondyblog.fr\/LBB\/\",\"logo\":{\"@type\":\"ImageObject\",\"inLanguage\":\"fr-FR\",\"@id\":\"https:\/\/lyonbondyblog.fr\/LBB\/#\/schema\/logo\/image\/\",\"url\":\"http:\/\/lyonbondyblog.fr\/LBB\/wp-content\/uploads\/2014\/10\/logo-portable-144.png\",\"contentUrl\":\"http:\/\/lyonbondyblog.fr\/LBB\/wp-content\/uploads\/2014\/10\/logo-portable-144.png\",\"width\":144,\"height\":123,\"caption\":\"LYON BONDY BLOG\"},\"image\":{\"@id\":\"https:\/\/lyonbondyblog.fr\/LBB\/#\/schema\/logo\/image\/\"},\"sameAs\":[\"https:\/\/www.facebook.com\/lyonbondyblog\",\"https:\/\/x.com\/bondybloglyon\"]},{\"@type\":\"Person\",\"@id\":\"https:\/\/lyonbondyblog.fr\/LBB\/#\/schema\/person\/558339ea4e67b07f7a2df48e9605b75c\",\"name\":\"Mohamed Braiki\",\"description\":\"Natif de Lyon et enfant des Minguettes, je suis dipl\u00f4m\u00e9 de Lettres de la Fac de Lyon 2 et l\u2019EFAP Rh\u00f4ne Alpes. J\u2019ai roul\u00e9 ma bosse dans des r\u00e9dactions lyonnaises comme la radio Lyon Sport 98.4, Le Progr\u00e8s, Foot 69.fr, Tribune de Lyon et Lyon Capitale. braikimohamed@yahoo.fr\",\"url\":\"https:\/\/lyonbondyblog.fr\/LBB\/author\/mohamed\/\"}]}<\/script>\n<!-- \/ Yoast SEO plugin. -->","yoast_head_json":{"title":"Blacko prend le temps pour ses fans","description":"Blacko, l\u2019ex-membre du groupe Sniper revenait \u00e0 Lyon pour pr\u00e9senter son EP \u00ab Le temps est compt\u00e9 \u00bb.","robots":{"index":"index","follow":"follow","max-snippet":"max-snippet:-1","max-image-preview":"max-image-preview:large","max-video-preview":"max-video-preview:-1"},"canonical":"https:\/\/lyonbondyblog.fr\/LBB\/blacko-prend-le-temps-pour-ses-fans\/","og_locale":"fr_FR","og_type":"article","og_title":"Blacko prend le temps pour ses fans","og_description":"Blacko, l\u2019ex-membre du groupe Sniper revenait \u00e0 Lyon pour pr\u00e9senter son EP \u00ab Le temps est compt\u00e9 \u00bb.","og_url":"https:\/\/lyonbondyblog.fr\/LBB\/blacko-prend-le-temps-pour-ses-fans\/","og_site_name":"Lyon Bondy Blog","article_publisher":"https:\/\/www.facebook.com\/lyonbondyblog","article_published_time":"2015-02-24T12:36:34+00:00","og_image":[{"width":600,"height":338,"url":"https:\/\/lyonbondyblog.fr\/LBB\/wp-content\/uploads\/2015\/02\/20150220_211810.jpg","type":"image\/jpeg"}],"author":"Mohamed Braiki","twitter_card":"summary_large_image","twitter_creator":"@bondybloglyon","twitter_site":"@bondybloglyon","schema":{"@context":"https:\/\/schema.org","@graph":[{"@type":"Article","@id":"https:\/\/lyonbondyblog.fr\/LBB\/blacko-prend-le-temps-pour-ses-fans\/#article","isPartOf":{"@id":"https:\/\/lyonbondyblog.fr\/LBB\/blacko-prend-le-temps-pour-ses-fans\/"},"author":{"name":"Mohamed Braiki","@id":"https:\/\/lyonbondyblog.fr\/LBB\/#\/schema\/person\/558339ea4e67b07f7a2df48e9605b75c"},"headline":"Blacko prend le temps pour ses fans","datePublished":"2015-02-24T12:36:34+00:00","dateModified":"2015-02-24T12:36:34+00:00","mainEntityOfPage":{"@id":"https:\/\/lyonbondyblog.fr\/LBB\/blacko-prend-le-temps-pour-ses-fans\/"},"wordCount":983,"commentCount":0,"publisher":{"@id":"https:\/\/lyonbondyblog.fr\/LBB\/#organization"},"image":{"@id":"https:\/\/lyonbondyblog.fr\/LBB\/blacko-prend-le-temps-pour-ses-fans\/#primaryimage"},"thumbnailUrl":"https:\/\/lyonbondyblog.fr\/LBB\/wp-content\/uploads\/2015\/02\/20150220_211810.jpg","keywords":["Blacko","Bob Marley","Concert","DJ E-Rise","Dreadlocks","\u00c9lectron libre (album)","\u00c9tats-Unis","hip-hop","Joey Starr","JoeyStarr","LBB","lyon","Method Man","Ninkasi Kao","No Cry","No Woman","rap","Rap fran\u00e7ais","Rap politique","rappeur","Reggae","Secteur \u00c4","Sniper (groupe)","Soprano (rappeur)","spectacle","Supr\u00eame NTM","Tunisiano","Wu-Tang Clan","YouTube"],"articleSection":["Ambiance"],"inLanguage":"fr-FR","potentialAction":[{"@type":"CommentAction","name":"Comment","target":["https:\/\/lyonbondyblog.fr\/LBB\/blacko-prend-le-temps-pour-ses-fans\/#respond"]}]},{"@type":"WebPage","@id":"https:\/\/lyonbondyblog.fr\/LBB\/blacko-prend-le-temps-pour-ses-fans\/","url":"https:\/\/lyonbondyblog.fr\/LBB\/blacko-prend-le-temps-pour-ses-fans\/","name":"Blacko prend le temps pour ses fans","isPartOf":{"@id":"https:\/\/lyonbondyblog.fr\/LBB\/#website"},"primaryImageOfPage":{"@id":"https:\/\/lyonbondyblog.fr\/LBB\/blacko-prend-le-temps-pour-ses-fans\/#primaryimage"},"image":{"@id":"https:\/\/lyonbondyblog.fr\/LBB\/blacko-prend-le-temps-pour-ses-fans\/#primaryimage"},"thumbnailUrl":"https:\/\/lyonbondyblog.fr\/LBB\/wp-content\/uploads\/2015\/02\/20150220_211810.jpg","datePublished":"2015-02-24T12:36:34+00:00","dateModified":"2015-02-24T12:36:34+00:00","description":"Blacko, l\u2019ex-membre du groupe Sniper revenait \u00e0 Lyon pour pr\u00e9senter son EP \u00ab Le temps est compt\u00e9 \u00bb.","inLanguage":"fr-FR","potentialAction":[{"@type":"ReadAction","target":["https:\/\/lyonbondyblog.fr\/LBB\/blacko-prend-le-temps-pour-ses-fans\/"]}]},{"@type":"ImageObject","inLanguage":"fr-FR","@id":"https:\/\/lyonbondyblog.fr\/LBB\/blacko-prend-le-temps-pour-ses-fans\/#primaryimage","url":"https:\/\/lyonbondyblog.fr\/LBB\/wp-content\/uploads\/2015\/02\/20150220_211810.jpg","contentUrl":"https:\/\/lyonbondyblog.fr\/LBB\/wp-content\/uploads\/2015\/02\/20150220_211810.jpg","width":600,"height":338},{"@type":"WebSite","@id":"https:\/\/lyonbondyblog.fr\/LBB\/#website","url":"https:\/\/lyonbondyblog.fr\/LBB\/","name":"Lyon Bondy Blog","description":"","publisher":{"@id":"https:\/\/lyonbondyblog.fr\/LBB\/#organization"},"potentialAction":[{"@type":"SearchAction","target":{"@type":"EntryPoint","urlTemplate":"https:\/\/lyonbondyblog.fr\/LBB\/?s={search_term_string}"},"query-input":"required name=search_term_string"}],"inLanguage":"fr-FR"},{"@type":"Organization","@id":"https:\/\/lyonbondyblog.fr\/LBB\/#organization","name":"LYON BONDY BLOG","url":"https:\/\/lyonbondyblog.fr\/LBB\/","logo":{"@type":"ImageObject","inLanguage":"fr-FR","@id":"https:\/\/lyonbondyblog.fr\/LBB\/#\/schema\/logo\/image\/","url":"http:\/\/lyonbondyblog.fr\/LBB\/wp-content\/uploads\/2014\/10\/logo-portable-144.png","contentUrl":"http:\/\/lyonbondyblog.fr\/LBB\/wp-content\/uploads\/2014\/10\/logo-portable-144.png","width":144,"height":123,"caption":"LYON BONDY BLOG"},"image":{"@id":"https:\/\/lyonbondyblog.fr\/LBB\/#\/schema\/logo\/image\/"},"sameAs":["https:\/\/www.facebook.com\/lyonbondyblog","https:\/\/x.com\/bondybloglyon"]},{"@type":"Person","@id":"https:\/\/lyonbondyblog.fr\/LBB\/#\/schema\/person\/558339ea4e67b07f7a2df48e9605b75c","name":"Mohamed Braiki","description":"Natif de Lyon et enfant des Minguettes, je suis dipl\u00f4m\u00e9 de Lettres de la Fac de Lyon 2 et l\u2019EFAP Rh\u00f4ne Alpes. J\u2019ai roul\u00e9 ma bosse dans des r\u00e9dactions lyonnaises comme la radio Lyon Sport 98.4, Le Progr\u00e8s, Foot 69.fr, Tribune de Lyon et Lyon Capitale. braikimohamed@yahoo.fr","url":"https:\/\/lyonbondyblog.fr\/LBB\/author\/mohamed\/"}]}},"_links":{"self":[{"href":"https:\/\/lyonbondyblog.fr\/LBB\/wp-json\/wp\/v2\/posts\/7804","targetHints":{"allow":["GET"]}}],"collection":[{"href":"https:\/\/lyonbondyblog.fr\/LBB\/wp-json\/wp\/v2\/posts"}],"about":[{"href":"https:\/\/lyonbondyblog.fr\/LBB\/wp-json\/wp\/v2\/types\/post"}],"author":[{"embeddable":true,"href":"https:\/\/lyonbondyblog.fr\/LBB\/wp-json\/wp\/v2\/users\/28"}],"replies":[{"embeddable":true,"href":"https:\/\/lyonbondyblog.fr\/LBB\/wp-json\/wp\/v2\/comments?post=7804"}],"version-history":[{"count":0,"href":"https:\/\/lyonbondyblog.fr\/LBB\/wp-json\/wp\/v2\/posts\/7804\/revisions"}],"wp:featuredmedia":[{"embeddable":true,"href":"https:\/\/lyonbondyblog.fr\/LBB\/wp-json\/wp\/v2\/media\/7806"}],"wp:attachment":[{"href":"https:\/\/lyonbondyblog.fr\/LBB\/wp-json\/wp\/v2\/media?parent=7804"}],"wp:term":[{"taxonomy":"category","embeddable":true,"href":"https:\/\/lyonbondyblog.fr\/LBB\/wp-json\/wp\/v2\/categories?post=7804"},{"taxonomy":"post_tag","embeddable":true,"href":"https:\/\/lyonbondyblog.fr\/LBB\/wp-json\/wp\/v2\/tags?post=7804"}],"curies":[{"name":"wp","href":"https:\/\/api.w.org\/{rel}","templated":true}]}}