{"id":7741,"date":"2015-02-13T13:51:10","date_gmt":"2015-02-13T12:51:10","guid":{"rendered":"http:\/\/lyonbondyblog.fr\/LBB\/?p=7741"},"modified":"2015-02-25T21:08:50","modified_gmt":"2015-02-25T20:08:50","slug":"systeme-frontiere-djihadistes","status":"publish","type":"post","link":"https:\/\/lyonbondyblog.fr\/LBB\/systeme-frontiere-djihadistes\/","title":{"rendered":"#Syst\u00e8me #Fronti\u00e8res #djihadistes"},"content":{"rendered":"<p><strong>La probl\u00e9matique du passage des fronti\u00e8res \u00e9tait une question secondaire dans l\u2019esprit des Fran\u00e7ais, qui ne voyagent que tr\u00e8s rarement \u00ab\u00a0hors des clous\u00a0\u00bb, c\u2019est-\u00e0-dire dans les pays \u00e0 risques. Cependant les questions de s\u00e9curit\u00e9 int\u00e9rieure poussent l\u2019opinion publique \u00e0 se pencher sur cette probl\u00e9matique. Le LBB a fait l\u2019exp\u00e9rience du passage des fronti\u00e8res pour vous \u00e9clairer sur le sujet.<\/strong><\/p>\n<p>Nous sommes tous conscients que pour se rendre dans certains pays, il nous faut obtenir un visa. Et selon le pays, la proc\u00e9dure est plus ou moins longue et minutieuse.<\/p>\n<p>Dans un souci d\u2019ouverture au tourisme, des pays permettent d\u2019effectuer la proc\u00e9dure \u00e0 l\u2019arriv\u00e9e au sein m\u00eame de l\u2019a\u00e9roport pour faciliter les choses. C\u2019est le cas de la Jordanie et de l\u2019Iran. D\u2019autres pays moins soucieux du tourisme que de leur s\u00e9curit\u00e9 int\u00e9rieure effectuent une v\u00e9rification pr\u00e9alable. Pour cela, il faut se rendre au consulat du pays en question et laisser votre passeport pendant quelques jours.<\/p>\n<p>L\u2019obtention du visa est une proc\u00e9dure. Le tampon d\u2019entr\u00e9e et de sortie en est une autre. C\u2019est-\u00e0-dire que si le visa est parfois n\u00e9cessaire, il ne suffit pas. Un tampon vous sera automatiquement appos\u00e9 sur le passeport pour renseigner vos dates d\u2019entr\u00e9e et de sortie du territoire, notamment pour des soucis de dur\u00e9e de visa. Le syst\u00e8me de tampon est le seul proc\u00e9d\u00e9 par lequel les autorit\u00e9s peuvent avoir une trace du passage d\u2019un individu \u00e0 l\u2019une de leurs fronti\u00e8res.<\/p>\n<p>Par exemple, si un individu fran\u00e7ais envoie par courrier son passeport en Tunisie \u00e0 un de ses amis tunisiens qui lui ressemblent physiquement et \u00e0 qui le visa d\u2019entr\u00e9e en France est syst\u00e9matiquement refus\u00e9, l\u2019ami ne peut simplement pas sortir du territoire tunisien avec le passeport de son ami, car il n\u2019a pas de tampon d\u2019entr\u00e9e.<\/p>\n<p>En effet, il existe beaucoup de sp\u00e9culations et de l\u00e9gendes urbaines autour du prix du passeport fran\u00e7ais au march\u00e9 noir, alors que celui-ci ne vaut rien sans tampon d\u2019entr\u00e9e ou de sortie.<\/p>\n<h2>Des usages douaniers<\/h2>\n<p>Une fois arriv\u00e9 \u00e0 une douane (sans parler des filtres de bagages), un agent contr\u00f4le dans un premier temps votre passeport et sa correspondance avec votre faci\u00e8s. Et dans un second temps la coh\u00e9rence des tampons de sortie et d\u2019entr\u00e9e (dates entr\u00e9es\/sorties). Des pays refusent l\u2019acc\u00e8s \u00e0 certaines nationalit\u00e9s ou aux personnes ayant s\u00e9journ\u00e9 au sein de pays avec lesquels les relations diplomatiques sont rompues.<\/p>\n<p>En ce sens, le Liban, l\u2019Iran ou d\u2019autres pays refusent l\u2019acc\u00e8s des personnes ayant un visa isra\u00e9lien sur leur passeport. Il faut interpr\u00e9ter cela dans le sens effectif, c\u2019est-\u00e0-dire que si vous avez s\u00e9journ\u00e9 en Isra\u00ebl, mais que vous avez refait votre passeport entre temps, ou si vous avez pu faire apposer le visa isra\u00e9lien sur une feuille volante (pratique courante), vous pourrez acc\u00e9der aux pays du fait qu\u2019il n\u2019existe plus de trace de votre passage en Isra\u00ebl sur votre passeport.<\/p>\n<figure id=\"attachment_7739\" aria-describedby=\"caption-attachment-7739\" style=\"width: 740px\" class=\"wp-caption aligncenter\"><img loading=\"lazy\" decoding=\"async\" class=\"wp-image-7739 size-full\" src=\"https:\/\/lyonbondyblog.fr\/LBB\/wp-content\/uploads\/2015\/02\/Unknown-6-e1423827520174.jpg\" alt=\"\" width=\"740\" height=\"296\" \/><figcaption id=\"caption-attachment-7739\" class=\"wp-caption-text\">Les pays o\u00f9 on ne peut se rendre avec un tampon isra\u00e9lien sur son passeport. \u00c0 noter que les l\u00e9gislations et la diplomatie \u00e9voluant d\u2019une mani\u00e8re tr\u00e8s rapide, les lignes changent assez rapidement. M\u00eame si le pays accepte les passeports avec un tampon isra\u00e9lien, il faut quand m\u00eame le refaire ou le faire tamponner sur une feuille volante pour \u00e9viter les d\u00e9sagr\u00e9ments<\/figcaption><\/figure>\n<h2>La notion de trace<\/h2>\n<p>La notion de trace prend ici tout son sens. Une fois ces informations r\u00e9colt\u00e9es, il existe un proc\u00e9d\u00e9 tr\u00e8s simple pour les v\u00e9rifier. En effet, comme on a pu le voir pr\u00e9c\u00e9demment, un passeport se change\u00a0(suite \u00e0 une perte, un vol ou une expiration). D\u00e8s lors, plus aucune trace de votre passage dans tel ou tel pays n\u2019existe.<\/p>\n<p>Les manifestes de vols permettent \u00e0 certains services douaniers de v\u00e9rifier o\u00f9 une personne s\u2019est rendue par avion. En effet, la s\u00e9curit\u00e9 nationale peut contraindre les compagnies a\u00e9riennes \u00e0 communiquer leurs fichiers aux services douaniers. Les \u00c9tats-Unis en font un usage accru. En un seul clic, les services douaniers peuvent savoir dans quel pays vous vous \u00eates rendu. Mais seulement par avion.<\/p>\n<p>En effet, si un individu se rend en Iran par la Turquie par voie terrestre, les services douaniers ne pourront pas avoir connaissance de son passage en Iran si ce dernier a chang\u00e9 son passeport entre-temps pour diverses raisons (expiration, perte, vol).<\/p>\n<p>Finalement, dans un souci de s\u00e9curit\u00e9 int\u00e9rieure, les services douaniers en collaboration avec la s\u00e9curit\u00e9 nationale redoublent d\u2019imagination. Cela complexifie les syst\u00e8mes de filtres aux fronti\u00e8res, les outils comme le tampon ne suffisant plus \u00e0 garantir un filtre effectif.<\/p>\n<h2>Mobilit\u00e9 des djihadistes et carence du syst\u00e8me fran\u00e7ais<\/h2>\n<p>Le djihad de ceux qui pr\u00f4nent une interpr\u00e9tation violente de l\u2019Islam \u00e0 l\u2019image des guerres saintes qui ont orn\u00e9 le d\u00e9but de notre aire, est de nos jours orient\u00e9 essentiellement vers la Syrie. Il existe d\u2019autres destinations (Libye, Y\u00e9men, Afghanistan, Le Sahel), mais elles sont moins courues et plus difficiles d\u2019acc\u00e8s par les djihadistes.<\/p>\n<p>Le parcours de ces djihadistes est presque de notori\u00e9t\u00e9 publique. Ces individus prennent un vol pour Istanbul (Turquie), puis un vol interne d\u2019Istanbul vers une ville pr\u00e8s de la fronti\u00e8re Turquo-Syrienne dont nous ne communiquerons pas le nom pour \u00e9viter les d\u00e9routes.<\/p>\n<p>Il est donc ais\u00e9 pour les autorit\u00e9s fran\u00e7aises de conna\u00eetre des personnes qui se rendent dans ces zones. En effet, d\u00e8s lors que le tampon d\u2019entr\u00e9e en Turquie est pr\u00e9sent sur les passeports et que les manifestes de vols fournis par les compagnies a\u00e9riennes (g\u00e9n\u00e9ralement Turkish Airlines) montrent que ces individus se sont rendus dans une zone tr\u00e8s peu touristique, les autorit\u00e9s ont tout de suite des soup\u00e7ons. Un \u00e9lagage doit ensuite \u00eatre effectu\u00e9 par les autorit\u00e9s pour \u00e9liminer les journalistes et les humanitaires de la liste des vrais candidats au djihad, qui eux sont mis sous surveillance.<\/p>\n<p>Cependant le nombre excessif de candidats et le peu de moyens op\u00e9rationnels des services de la DGSE et DGSI permettent \u00e0 certaines personnes de passer entre les mailles du filet&#8230; Mais \u00e7a, vous le savez d\u00e9j\u00e0.<\/p>\n<h2>L\u2019exp\u00e9rience du LBB<\/h2>\n<p>Nous avons donc d\u00e9cid\u00e9 de nous rendre dans plusieurs pays afin de v\u00e9rifier toutes ces exigences. Pour nous rendre en Inde, le visa est obligatoire. Nous avons donc fait la demande pour deux passeports. Le premier nous a \u00e9t\u00e9 retourn\u00e9 au bout de deux semaines, le second au bout d\u2019un mois. Preuve qu\u2019un contr\u00f4le plus abouti a \u00e9t\u00e9 pratiqu\u00e9 sur le second. Ensuite, nous avons d\u00e9cid\u00e9 de tester un pays pour lequel la s\u00e9curit\u00e9 est cens\u00e9e \u00eatre plus renforc\u00e9e\u00a0: Le Liban. Pour s\u2019y rendre, la seule exigence particuli\u00e8re est qu\u2019il ne doit pas y avoir de tampon isra\u00e9lien sur le passeport. Ce qui \u00e9tait notre cas. Le passage \u00e0 la douane libanaise s\u2019est effectu\u00e9 sans probl\u00e8me. De plus les citoyens fran\u00e7ais n\u2019ont pas besoin de visa et sont donc exon\u00e9r\u00e9s de taxe de visa.<\/p>\n<p>Pour l\u2019Iran, nous avions cru que cela aurait \u00e9t\u00e9 plus difficile, eu \u00e9gard aux rumeurs que l\u2019on peut entendre, notamment dans les films hollywoodiens. Eh bien non\u00a0! Le visa s\u2019effectue \u00e0 notre arriv\u00e9e \u00e0 l\u2019a\u00e9roport et seulement dix petites minutes suffisent pour que le douanier v\u00e9rifie le logement ou l\u2019h\u00f4tel dans lequel nous nous rendons.<\/p>\n<p>En ce qui concerne l\u2019entr\u00e9e au sein d\u2019un pays en proie \u00e0 une guerre civile, tout d\u00e9pend g\u00e9n\u00e9ralement du degr\u00e9 d\u2019anarchie et des zones tenu par les rebelles. L\u2019exemple de la Syrie est un cas d\u2019\u00e9cole. Les r\u00e9gions du nord, frontali\u00e8res avec la Turquie, sont globalement tenues par les rebelles, qu\u2019ils soient extr\u00e9mistes ou mod\u00e9r\u00e9s. Les fronti\u00e8res de ces zones sont de vrais gruy\u00e8res. \u00c0 l\u2019exception de quelques blocus effectu\u00e9s par les autorit\u00e9s turques de temps \u00e0 autre, tout le monde peut les emprunter pour passer en Syrie.<\/p>\n<p>Les fronti\u00e8res du sud (Jordanie) et de l\u2019ouest (Liban) sont encore tenues dans leur plus grande partie par le r\u00e9gime en place. Ce qui veut dire que le passage de ces fronti\u00e8res se fait selon les l\u00e9gislations en vigueur. Le Visa est d\u2019ailleurs difficile \u00e0 obtenir. C\u2019est comme \u00e7a que le LBB s\u2019est fray\u00e9 un chemin pour se rendre en Syrie en aout 2013. <a href=\"https:\/\/lyonbondyblog.fr\/LBB\/un-blogueur-a-mumbai-episode-3-damas-ou-presque\/\">Mais \u00e7a, c\u2019est une autre histoire.<\/a><\/p>\n<!-- AddThis Advanced Settings generic via filter on the_content --><!-- AddThis Share Buttons generic via filter on the_content -->","protected":false},"excerpt":{"rendered":"<p>La probl\u00e9matique du passage des fronti\u00e8res \u00e9tait une question secondaire dans l\u2019esprit des Fran\u00e7ais, qui ne voyagent que tr\u00e8s rarement \u00ab\u00a0hors des clous\u00a0\u00bb, c\u2019est-\u00e0-dire dans &hellip; <!-- AddThis Advanced Settings generic via filter on wp_trim_excerpt --><!-- AddThis Share Buttons generic via filter on wp_trim_excerpt --><\/p>\n","protected":false},"author":1,"featured_media":7742,"comment_status":"open","ping_status":"open","sticky":false,"template":"","format":"standard","meta":{"_FSMCFIC_featured_image_caption":"","_FSMCFIC_featured_image_nocaption":"","_FSMCFIC_featured_image_hide":"","footnotes":""},"categories":[9],"tags":[1230,1231,249,434,429,562,1141,217,11,1222,372,293,505,840,243,14,135,902,103,10,1083,1227,131,1228,245,1229,27,1221],"class_list":["post-7741","post","type-post","status-publish","format-standard","has-post-thumbnail","hentry","category-international","tag-afghanistan","tag-airport","tag-citoyens","tag-consul","tag-consulat","tag-controle","tag-diplomatie","tag-etats-unis","tag-france-2","tag-frontieres","tag-inde","tag-iran","tag-islam","tag-israel","tag-istanbul","tag-journalistes","tag-lbb","tag-liban","tag-libye","tag-lyon-2","tag-nationalites","tag-securite-interieure","tag-tourisme","tag-turkish-airlines","tag-turquie","tag-twitter","tag-usa","tag-visa"],"yoast_head":"<!-- This site is optimized with the Yoast SEO plugin v22.8 - https:\/\/yoast.com\/wordpress\/plugins\/seo\/ -->\n<title>La probl\u00e9matique du passage de fronti\u00e8res<\/title>\n<meta name=\"description\" content=\"Les questions de s\u00e9curit\u00e9 int\u00e9rieure poussent l\u2019opinion publique \u00e0 se pencher sur la probl\u00e9matique du passage de fronti\u00e8res.\" \/>\n<meta name=\"robots\" content=\"index, follow, max-snippet:-1, max-image-preview:large, max-video-preview:-1\" \/>\n<link rel=\"canonical\" href=\"https:\/\/lyonbondyblog.fr\/LBB\/systeme-frontiere-djihadistes\/\" \/>\n<meta property=\"og:locale\" content=\"fr_FR\" \/>\n<meta property=\"og:type\" content=\"article\" \/>\n<meta property=\"og:title\" content=\"La probl\u00e9matique du passage de fronti\u00e8res\" \/>\n<meta property=\"og:description\" content=\"Les questions de s\u00e9curit\u00e9 int\u00e9rieure poussent l\u2019opinion publique \u00e0 se pencher sur la probl\u00e9matique du passage de fronti\u00e8res.\" \/>\n<meta property=\"og:url\" content=\"https:\/\/lyonbondyblog.fr\/LBB\/systeme-frontiere-djihadistes\/\" \/>\n<meta property=\"og:site_name\" content=\"Lyon Bondy Blog\" \/>\n<meta property=\"article:publisher\" content=\"https:\/\/www.facebook.com\/lyonbondyblog\" \/>\n<meta property=\"article:author\" content=\"https:\/\/www.facebook.com\/lyonbondyblog\" \/>\n<meta property=\"article:published_time\" content=\"2015-02-13T12:51:10+00:00\" \/>\n<meta property=\"article:modified_time\" content=\"2015-02-25T20:08:50+00:00\" \/>\n<meta property=\"og:image\" content=\"https:\/\/lyonbondyblog.fr\/LBB\/wp-content\/uploads\/2015\/02\/photo-by-Magharebia-via-flickr-CC-BY-2.0.jpg\" \/>\n\t<meta property=\"og:image:width\" content=\"640\" \/>\n\t<meta property=\"og:image:height\" content=\"479\" \/>\n\t<meta property=\"og:image:type\" content=\"image\/jpeg\" \/>\n<meta name=\"author\" content=\"La r\u00e9daction\" \/>\n<meta name=\"twitter:card\" content=\"summary_large_image\" \/>\n<meta name=\"twitter:creator\" content=\"@BondyBlogLyon\" \/>\n<meta name=\"twitter:site\" content=\"@bondybloglyon\" \/>\n<script type=\"application\/ld+json\" class=\"yoast-schema-graph\">{\"@context\":\"https:\/\/schema.org\",\"@graph\":[{\"@type\":\"Article\",\"@id\":\"https:\/\/lyonbondyblog.fr\/LBB\/systeme-frontiere-djihadistes\/#article\",\"isPartOf\":{\"@id\":\"https:\/\/lyonbondyblog.fr\/LBB\/systeme-frontiere-djihadistes\/\"},\"author\":{\"name\":\"La r\u00e9daction\",\"@id\":\"https:\/\/lyonbondyblog.fr\/LBB\/#\/schema\/person\/e45f8d27baac75072daa0be50c409b25\"},\"headline\":\"#Syst\u00e8me #Fronti\u00e8res #djihadistes\",\"datePublished\":\"2015-02-13T12:51:10+00:00\",\"dateModified\":\"2015-02-25T20:08:50+00:00\",\"mainEntityOfPage\":{\"@id\":\"https:\/\/lyonbondyblog.fr\/LBB\/systeme-frontiere-djihadistes\/\"},\"wordCount\":1522,\"commentCount\":0,\"publisher\":{\"@id\":\"https:\/\/lyonbondyblog.fr\/LBB\/#organization\"},\"image\":{\"@id\":\"https:\/\/lyonbondyblog.fr\/LBB\/systeme-frontiere-djihadistes\/#primaryimage\"},\"thumbnailUrl\":\"https:\/\/lyonbondyblog.fr\/LBB\/wp-content\/uploads\/2015\/02\/photo-by-Magharebia-via-flickr-CC-BY-2.0.jpg\",\"keywords\":[\"Afghanistan\",\"Airport\",\"citoyens\",\"consul\",\"consulat\",\"contr\u00f4le\",\"diplomatie\",\"\u00c9tats-Unis\",\"france\",\"fronti\u00e8res\",\"Inde\",\"iran\",\"islam\",\"Isra\u00ebl\",\"Istanbul\",\"journalistes\",\"LBB\",\"liban\",\"Libye\",\"lyon\",\"nationalit\u00e9s\",\"s\u00e9curit\u00e9 int\u00e9rieure\",\"tourisme\",\"Turkish Airlines\",\"Turquie\",\"Twitter\",\"usa\",\"visa\"],\"articleSection\":[\"International\"],\"inLanguage\":\"fr-FR\",\"potentialAction\":[{\"@type\":\"CommentAction\",\"name\":\"Comment\",\"target\":[\"https:\/\/lyonbondyblog.fr\/LBB\/systeme-frontiere-djihadistes\/#respond\"]}]},{\"@type\":\"WebPage\",\"@id\":\"https:\/\/lyonbondyblog.fr\/LBB\/systeme-frontiere-djihadistes\/\",\"url\":\"https:\/\/lyonbondyblog.fr\/LBB\/systeme-frontiere-djihadistes\/\",\"name\":\"La probl\u00e9matique du passage de fronti\u00e8res\",\"isPartOf\":{\"@id\":\"https:\/\/lyonbondyblog.fr\/LBB\/#website\"},\"primaryImageOfPage\":{\"@id\":\"https:\/\/lyonbondyblog.fr\/LBB\/systeme-frontiere-djihadistes\/#primaryimage\"},\"image\":{\"@id\":\"https:\/\/lyonbondyblog.fr\/LBB\/systeme-frontiere-djihadistes\/#primaryimage\"},\"thumbnailUrl\":\"https:\/\/lyonbondyblog.fr\/LBB\/wp-content\/uploads\/2015\/02\/photo-by-Magharebia-via-flickr-CC-BY-2.0.jpg\",\"datePublished\":\"2015-02-13T12:51:10+00:00\",\"dateModified\":\"2015-02-25T20:08:50+00:00\",\"description\":\"Les questions de s\u00e9curit\u00e9 int\u00e9rieure poussent l\u2019opinion publique \u00e0 se pencher sur la probl\u00e9matique du passage de fronti\u00e8res.\",\"inLanguage\":\"fr-FR\",\"potentialAction\":[{\"@type\":\"ReadAction\",\"target\":[\"https:\/\/lyonbondyblog.fr\/LBB\/systeme-frontiere-djihadistes\/\"]}]},{\"@type\":\"ImageObject\",\"inLanguage\":\"fr-FR\",\"@id\":\"https:\/\/lyonbondyblog.fr\/LBB\/systeme-frontiere-djihadistes\/#primaryimage\",\"url\":\"https:\/\/lyonbondyblog.fr\/LBB\/wp-content\/uploads\/2015\/02\/photo-by-Magharebia-via-flickr-CC-BY-2.0.jpg\",\"contentUrl\":\"https:\/\/lyonbondyblog.fr\/LBB\/wp-content\/uploads\/2015\/02\/photo-by-Magharebia-via-flickr-CC-BY-2.0.jpg\",\"width\":640,\"height\":479,\"caption\":\"Poste fronti\u00e8re entre l'Alg\u00e9rie te le Maroc. photo by Magharebia via flickr (CC BY 2.0)\"},{\"@type\":\"WebSite\",\"@id\":\"https:\/\/lyonbondyblog.fr\/LBB\/#website\",\"url\":\"https:\/\/lyonbondyblog.fr\/LBB\/\",\"name\":\"Lyon Bondy Blog\",\"description\":\"\",\"publisher\":{\"@id\":\"https:\/\/lyonbondyblog.fr\/LBB\/#organization\"},\"potentialAction\":[{\"@type\":\"SearchAction\",\"target\":{\"@type\":\"EntryPoint\",\"urlTemplate\":\"https:\/\/lyonbondyblog.fr\/LBB\/?s={search_term_string}\"},\"query-input\":\"required name=search_term_string\"}],\"inLanguage\":\"fr-FR\"},{\"@type\":\"Organization\",\"@id\":\"https:\/\/lyonbondyblog.fr\/LBB\/#organization\",\"name\":\"LYON BONDY BLOG\",\"url\":\"https:\/\/lyonbondyblog.fr\/LBB\/\",\"logo\":{\"@type\":\"ImageObject\",\"inLanguage\":\"fr-FR\",\"@id\":\"https:\/\/lyonbondyblog.fr\/LBB\/#\/schema\/logo\/image\/\",\"url\":\"http:\/\/lyonbondyblog.fr\/LBB\/wp-content\/uploads\/2014\/10\/logo-portable-144.png\",\"contentUrl\":\"http:\/\/lyonbondyblog.fr\/LBB\/wp-content\/uploads\/2014\/10\/logo-portable-144.png\",\"width\":144,\"height\":123,\"caption\":\"LYON BONDY BLOG\"},\"image\":{\"@id\":\"https:\/\/lyonbondyblog.fr\/LBB\/#\/schema\/logo\/image\/\"},\"sameAs\":[\"https:\/\/www.facebook.com\/lyonbondyblog\",\"https:\/\/x.com\/bondybloglyon\"]},{\"@type\":\"Person\",\"@id\":\"https:\/\/lyonbondyblog.fr\/LBB\/#\/schema\/person\/e45f8d27baac75072daa0be50c409b25\",\"name\":\"La r\u00e9daction\",\"description\":\"Cr\u00e9e en 2008, la r\u00e9daction du Lyon Bondy Blog s'applique \u00e0 proposer une information locale diff\u00e9rente et compl\u00e9mentaire des m\u00e9dias traditionnels.\",\"sameAs\":[\"https:\/\/www.facebook.com\/lyonbondyblog\",\"https:\/\/x.com\/BondyBlogLyon\"],\"url\":\"https:\/\/lyonbondyblog.fr\/LBB\/author\/admin\/\"}]}<\/script>\n<!-- \/ Yoast SEO plugin. -->","yoast_head_json":{"title":"La probl\u00e9matique du passage de fronti\u00e8res","description":"Les questions de s\u00e9curit\u00e9 int\u00e9rieure poussent l\u2019opinion publique \u00e0 se pencher sur la probl\u00e9matique du passage de fronti\u00e8res.","robots":{"index":"index","follow":"follow","max-snippet":"max-snippet:-1","max-image-preview":"max-image-preview:large","max-video-preview":"max-video-preview:-1"},"canonical":"https:\/\/lyonbondyblog.fr\/LBB\/systeme-frontiere-djihadistes\/","og_locale":"fr_FR","og_type":"article","og_title":"La probl\u00e9matique du passage de fronti\u00e8res","og_description":"Les questions de s\u00e9curit\u00e9 int\u00e9rieure poussent l\u2019opinion publique \u00e0 se pencher sur la probl\u00e9matique du passage de fronti\u00e8res.","og_url":"https:\/\/lyonbondyblog.fr\/LBB\/systeme-frontiere-djihadistes\/","og_site_name":"Lyon Bondy Blog","article_publisher":"https:\/\/www.facebook.com\/lyonbondyblog","article_author":"https:\/\/www.facebook.com\/lyonbondyblog","article_published_time":"2015-02-13T12:51:10+00:00","article_modified_time":"2015-02-25T20:08:50+00:00","og_image":[{"width":640,"height":479,"url":"https:\/\/lyonbondyblog.fr\/LBB\/wp-content\/uploads\/2015\/02\/photo-by-Magharebia-via-flickr-CC-BY-2.0.jpg","type":"image\/jpeg"}],"author":"La r\u00e9daction","twitter_card":"summary_large_image","twitter_creator":"@BondyBlogLyon","twitter_site":"@bondybloglyon","schema":{"@context":"https:\/\/schema.org","@graph":[{"@type":"Article","@id":"https:\/\/lyonbondyblog.fr\/LBB\/systeme-frontiere-djihadistes\/#article","isPartOf":{"@id":"https:\/\/lyonbondyblog.fr\/LBB\/systeme-frontiere-djihadistes\/"},"author":{"name":"La r\u00e9daction","@id":"https:\/\/lyonbondyblog.fr\/LBB\/#\/schema\/person\/e45f8d27baac75072daa0be50c409b25"},"headline":"#Syst\u00e8me #Fronti\u00e8res #djihadistes","datePublished":"2015-02-13T12:51:10+00:00","dateModified":"2015-02-25T20:08:50+00:00","mainEntityOfPage":{"@id":"https:\/\/lyonbondyblog.fr\/LBB\/systeme-frontiere-djihadistes\/"},"wordCount":1522,"commentCount":0,"publisher":{"@id":"https:\/\/lyonbondyblog.fr\/LBB\/#organization"},"image":{"@id":"https:\/\/lyonbondyblog.fr\/LBB\/systeme-frontiere-djihadistes\/#primaryimage"},"thumbnailUrl":"https:\/\/lyonbondyblog.fr\/LBB\/wp-content\/uploads\/2015\/02\/photo-by-Magharebia-via-flickr-CC-BY-2.0.jpg","keywords":["Afghanistan","Airport","citoyens","consul","consulat","contr\u00f4le","diplomatie","\u00c9tats-Unis","france","fronti\u00e8res","Inde","iran","islam","Isra\u00ebl","Istanbul","journalistes","LBB","liban","Libye","lyon","nationalit\u00e9s","s\u00e9curit\u00e9 int\u00e9rieure","tourisme","Turkish Airlines","Turquie","Twitter","usa","visa"],"articleSection":["International"],"inLanguage":"fr-FR","potentialAction":[{"@type":"CommentAction","name":"Comment","target":["https:\/\/lyonbondyblog.fr\/LBB\/systeme-frontiere-djihadistes\/#respond"]}]},{"@type":"WebPage","@id":"https:\/\/lyonbondyblog.fr\/LBB\/systeme-frontiere-djihadistes\/","url":"https:\/\/lyonbondyblog.fr\/LBB\/systeme-frontiere-djihadistes\/","name":"La probl\u00e9matique du passage de fronti\u00e8res","isPartOf":{"@id":"https:\/\/lyonbondyblog.fr\/LBB\/#website"},"primaryImageOfPage":{"@id":"https:\/\/lyonbondyblog.fr\/LBB\/systeme-frontiere-djihadistes\/#primaryimage"},"image":{"@id":"https:\/\/lyonbondyblog.fr\/LBB\/systeme-frontiere-djihadistes\/#primaryimage"},"thumbnailUrl":"https:\/\/lyonbondyblog.fr\/LBB\/wp-content\/uploads\/2015\/02\/photo-by-Magharebia-via-flickr-CC-BY-2.0.jpg","datePublished":"2015-02-13T12:51:10+00:00","dateModified":"2015-02-25T20:08:50+00:00","description":"Les questions de s\u00e9curit\u00e9 int\u00e9rieure poussent l\u2019opinion publique \u00e0 se pencher sur la probl\u00e9matique du passage de fronti\u00e8res.","inLanguage":"fr-FR","potentialAction":[{"@type":"ReadAction","target":["https:\/\/lyonbondyblog.fr\/LBB\/systeme-frontiere-djihadistes\/"]}]},{"@type":"ImageObject","inLanguage":"fr-FR","@id":"https:\/\/lyonbondyblog.fr\/LBB\/systeme-frontiere-djihadistes\/#primaryimage","url":"https:\/\/lyonbondyblog.fr\/LBB\/wp-content\/uploads\/2015\/02\/photo-by-Magharebia-via-flickr-CC-BY-2.0.jpg","contentUrl":"https:\/\/lyonbondyblog.fr\/LBB\/wp-content\/uploads\/2015\/02\/photo-by-Magharebia-via-flickr-CC-BY-2.0.jpg","width":640,"height":479,"caption":"Poste fronti\u00e8re entre l'Alg\u00e9rie te le Maroc. photo by Magharebia via flickr (CC BY 2.0)"},{"@type":"WebSite","@id":"https:\/\/lyonbondyblog.fr\/LBB\/#website","url":"https:\/\/lyonbondyblog.fr\/LBB\/","name":"Lyon Bondy Blog","description":"","publisher":{"@id":"https:\/\/lyonbondyblog.fr\/LBB\/#organization"},"potentialAction":[{"@type":"SearchAction","target":{"@type":"EntryPoint","urlTemplate":"https:\/\/lyonbondyblog.fr\/LBB\/?s={search_term_string}"},"query-input":"required name=search_term_string"}],"inLanguage":"fr-FR"},{"@type":"Organization","@id":"https:\/\/lyonbondyblog.fr\/LBB\/#organization","name":"LYON BONDY BLOG","url":"https:\/\/lyonbondyblog.fr\/LBB\/","logo":{"@type":"ImageObject","inLanguage":"fr-FR","@id":"https:\/\/lyonbondyblog.fr\/LBB\/#\/schema\/logo\/image\/","url":"http:\/\/lyonbondyblog.fr\/LBB\/wp-content\/uploads\/2014\/10\/logo-portable-144.png","contentUrl":"http:\/\/lyonbondyblog.fr\/LBB\/wp-content\/uploads\/2014\/10\/logo-portable-144.png","width":144,"height":123,"caption":"LYON BONDY BLOG"},"image":{"@id":"https:\/\/lyonbondyblog.fr\/LBB\/#\/schema\/logo\/image\/"},"sameAs":["https:\/\/www.facebook.com\/lyonbondyblog","https:\/\/x.com\/bondybloglyon"]},{"@type":"Person","@id":"https:\/\/lyonbondyblog.fr\/LBB\/#\/schema\/person\/e45f8d27baac75072daa0be50c409b25","name":"La r\u00e9daction","description":"Cr\u00e9e en 2008, la r\u00e9daction du Lyon Bondy Blog s'applique \u00e0 proposer une information locale diff\u00e9rente et compl\u00e9mentaire des m\u00e9dias traditionnels.","sameAs":["https:\/\/www.facebook.com\/lyonbondyblog","https:\/\/x.com\/BondyBlogLyon"],"url":"https:\/\/lyonbondyblog.fr\/LBB\/author\/admin\/"}]}},"_links":{"self":[{"href":"https:\/\/lyonbondyblog.fr\/LBB\/wp-json\/wp\/v2\/posts\/7741","targetHints":{"allow":["GET"]}}],"collection":[{"href":"https:\/\/lyonbondyblog.fr\/LBB\/wp-json\/wp\/v2\/posts"}],"about":[{"href":"https:\/\/lyonbondyblog.fr\/LBB\/wp-json\/wp\/v2\/types\/post"}],"author":[{"embeddable":true,"href":"https:\/\/lyonbondyblog.fr\/LBB\/wp-json\/wp\/v2\/users\/1"}],"replies":[{"embeddable":true,"href":"https:\/\/lyonbondyblog.fr\/LBB\/wp-json\/wp\/v2\/comments?post=7741"}],"version-history":[{"count":0,"href":"https:\/\/lyonbondyblog.fr\/LBB\/wp-json\/wp\/v2\/posts\/7741\/revisions"}],"wp:featuredmedia":[{"embeddable":true,"href":"https:\/\/lyonbondyblog.fr\/LBB\/wp-json\/wp\/v2\/media\/7742"}],"wp:attachment":[{"href":"https:\/\/lyonbondyblog.fr\/LBB\/wp-json\/wp\/v2\/media?parent=7741"}],"wp:term":[{"taxonomy":"category","embeddable":true,"href":"https:\/\/lyonbondyblog.fr\/LBB\/wp-json\/wp\/v2\/categories?post=7741"},{"taxonomy":"post_tag","embeddable":true,"href":"https:\/\/lyonbondyblog.fr\/LBB\/wp-json\/wp\/v2\/tags?post=7741"}],"curies":[{"name":"wp","href":"https:\/\/api.w.org\/{rel}","templated":true}]}}