{"id":7701,"date":"2015-02-04T15:14:25","date_gmt":"2015-02-04T14:14:25","guid":{"rendered":"http:\/\/lyonbondyblog.fr\/LBB\/?p=7701"},"modified":"2015-02-27T15:33:47","modified_gmt":"2015-02-27T14:33:47","slug":"rap-de-la-fusillade-a-revover-la-legende-vaudaise","status":"publish","type":"post","link":"https:\/\/lyonbondyblog.fr\/LBB\/rap-de-la-fusillade-a-revover-la-legende-vaudaise\/","title":{"rendered":"De La Fusillade \u00e0 Revolver, la l\u00e9gende vaudaise du rap"},"content":{"rendered":"<p><strong>Vaulx-en-Velin a engendr\u00e9 de nombreux artistes hip-hop. Leur influence est largement reconnue par les passionn\u00e9s. Certains ont pass\u00e9 un cap en sortant des albums, en cr\u00e9ant leur label ou en signant avec des grands noms. En attendant d\u2019obtenir une reconnaissance plus importante dans un contexte compliqu\u00e9 pour le rap lyonnais. Tour d\u2019horizon du rap vaudais. \u00a0<\/strong><\/p>\n<p>&nbsp;<\/p>\n<p>La commune de Vaulx-en-Velin et ses quarante-trois mille habitants ne sont pas du genre \u00e0 afficher leurs stigmates du pass\u00e9. <a href=\"http:\/\/fr.wikipedia.org\/wiki\/%C3%89meutes_urbaines_fran%C3%A7aises\">L\u2019\u00e9poque des soul\u00e8vements urbains<\/a> (1990 et 1994) a \u00e9t\u00e9 laiss\u00e9e derri\u00e8re vie esis fait partie du patrimoine. La jeunesse vaudaise revendique son identit\u00e9 et la musique ou le stand-up sont des alternatives qui se sont largement ancr\u00e9es dans la culture locale.<\/p>\n<h2>Nanoo et La Fusillade, dans la lign\u00e9e des pr\u00e9curseurs<\/h2>\n<p>Nanoo, Brice-fa et Nado font partie du paysage structurel depuis plus de quinze ans. Le groupe La Fusillade, form\u00e9 dans la MJC du quartier de l\u2019Ecoin sous la Combe en 2006, est issu \u00e0 la base du collectif GSI-BDF. Ces artistes ont sorti le premier projet rap \u00e0 Vaulx-en-Velin en 2003, un album 12\u00a0titres (+ 2 instrus) intitul\u00e9 \u00ab\u00a0Ma vie est un film\u00a0\u00bb. Nanoo est \u00e9galement connu pour avoir remport\u00e9 le concours Buzz Booster Rh\u00f4ne Alpes en 2011 en solo. Un tremplin national destin\u00e9 \u00e0 sortir de l\u2019ombre les rappeurs r\u00e9gionaux et leur offrir de nouvelles opportunit\u00e9s. Cet automne, le groupe vient de sortir un EP \u00ab\u00a0Une balle perdue\u00a0\u00bb.<\/p>\n<p><img loading=\"lazy\" decoding=\"async\" class=\"aligncenter size-full wp-image-7710\" src=\"https:\/\/lyonbondyblog.fr\/LBB\/wp-content\/uploads\/2015\/02\/La-Fusillade-a-marquu00E9-lhistoire-du-rap-u00E0-Vaulx-en-Velin.jpg\" alt=\"La Fusillade a marquu00E9 l'histoire du rap u00E0 Vaulx en Velin\" width=\"600\" height=\"399\" srcset=\"https:\/\/lyonbondyblog.fr\/LBB\/wp-content\/uploads\/2015\/02\/La-Fusillade-a-marquu00E9-lhistoire-du-rap-u00E0-Vaulx-en-Velin.jpg 600w, https:\/\/lyonbondyblog.fr\/LBB\/wp-content\/uploads\/2015\/02\/La-Fusillade-a-marquu00E9-lhistoire-du-rap-u00E0-Vaulx-en-Velin-300x199.jpg 300w\" sizes=\"auto, (max-width: 600px) 100vw, 600px\" \/><\/p>\n<blockquote><p>\u00ab\u00a0\u00c0 Vaulx-en-Velin, on a pas mal de groupes et d\u2019artistes. C\u2019est tr\u00e8s positif car cela montre qu\u2019ici, il n\u2019y a pas que des faits divers ou de la violence explique Nanoo. Ce qui pousse les gens \u00e0 avancer, c\u2019est l\u2019envie d\u2019aller \u00e0 l\u2019oppos\u00e9 de ce que les m\u00e9dias relaient. Revolver est aussi une v\u00e9ritable r\u00e9f\u00e9rence chez nous et le label Olympic Records travaille d\u2019arrache-pied\u00a0! L\u2019important c\u2019est que notre ville \u00e9merge.\u00a0\u00bb<\/p><\/blockquote>\n<p>Clip de La Fusillade D\u00e9barquement<\/p>\n<p><iframe loading=\"lazy\" title=\"La Fusillade - D\u00e9barquement (Clip Officiel)\" width=\"1200\" height=\"675\" src=\"https:\/\/www.youtube.com\/embed\/bScx2QFQY2U?feature=oembed\" frameborder=\"0\" allow=\"accelerometer; autoplay; clipboard-write; encrypted-media; gyroscope; picture-in-picture\" allowfullscreen><\/iframe><\/p>\n<h2>Olympic Records\u00a0: la qu\u00eate constante du succ\u00e8s<\/h2>\n<p>\u00c0 l\u2019image <a href=\"http:\/\/www.planetariumvv.com\/\">du plan\u00e9tarium<\/a> ou du centre <a href=\"http:\/\/www.centrecharliechaplin.com\/\">culturel Charlie Chaplin<\/a>, les Vaudais aiment les structures. Le label Olympic Records a \u00e9t\u00e9 fond\u00e9 par Gerri Madani et Baki RS en ao\u00fbt 2013. Bas\u00e9 \u00e0 Lyon, il a pignon sur rue dans le milieu. Venus tous les deux du quartier de La Balme \u00e0 Vaulx-en-Velin, Gerri Madani et son manager Ludovic Mehala ne doutent de rien. Les clips en t\u00e9moignent\u00a0: belles cylindr\u00e9es, maquilleurs, danseurs, plateaux de tournages et r\u00e9alisateurs reconnus. Madani a \u00e9galement glan\u00e9 en 2014 le Buzz Booster Rh\u00f4ne Alpes avant d\u2019\u00eatre programm\u00e9 au dernier festival l\u2019Original. Apr\u00e8s avoir sorti l\u2019EP \u00ab\u00a0Coup d\u2019envoi\u00a0\u00bb au printemps dernier, il se pr\u00e9pare \u00e0 la sortie d\u2019un nouvel album \u00ab\u00a0Ma part du butin\u00a0\u00bb.<\/p>\n<blockquote><p>\u00ab\u00a0Vaulx-en-Velin est mon berceau, j\u2019y ai grandi. Cette affluence d\u2019artistes est due au fait qu\u2019il y a toujours eu chez nous des <a href=\"http:\/\/www.avaulxjazz.com\/\">festivals comme \u00c0 Vaulx Jazz<\/a> par exemple. On est habit\u00e9 par la musique. L\u2019un de mes voisins \u00e9tait un membre des Pockemon Crew\u00a0!\u00a0\u00bb<\/p><\/blockquote>\n<p>Le rappeur trentenaire se souvient des \u00e9v\u00e8nements de 1990\u00a0: <em>\u00ab\u00a0C\u2019\u00e9tait chaud\u00a0! On \u00e9tait petits et morts de trouille\u00a0! Les \u00e9meutes font partie de notre histoire, \u00e7a a jou\u00e9 dans notre identit\u00e9. M\u00eame les Am\u00e9ricains m\u2019en ont parl\u00e9 plus tard quand j\u2019ai visit\u00e9 New York.\u00a0\u00bb<\/em><\/p>\n<p><img loading=\"lazy\" decoding=\"async\" class=\"aligncenter size-full wp-image-7704\" src=\"https:\/\/lyonbondyblog.fr\/LBB\/wp-content\/uploads\/2015\/02\/Gerri-Madani-et-Baki-RS-avec-le-public-lyonnais.jpg\" alt=\"Gerri Madani et Baki-RS avec le public lyonnais\" width=\"600\" height=\"450\" srcset=\"https:\/\/lyonbondyblog.fr\/LBB\/wp-content\/uploads\/2015\/02\/Gerri-Madani-et-Baki-RS-avec-le-public-lyonnais.jpg 600w, https:\/\/lyonbondyblog.fr\/LBB\/wp-content\/uploads\/2015\/02\/Gerri-Madani-et-Baki-RS-avec-le-public-lyonnais-300x225.jpg 300w\" sizes=\"auto, (max-width: 600px) 100vw, 600px\" \/><\/p>\n<p>Beaucoup se souviennent du titre de Baki-RS \u00ab\u00a0Villeurbanne-Vaulx\u00a0\u00bb en 2010 interpr\u00e9t\u00e9 en featuring avec Madani, Revolver et Paul Gogoun. Il a \u00e9t\u00e9 vu plus d\u2019un million de fois sur YouTube, ce qui demeure un fait tr\u00e8s rare dans le Rh\u00f4ne. L\u2019artiste n\u00e9 \u00e0 Kinshasa d\u00e9fend actuellement une nouvelle street tape Bokeba Music.<\/p>\n<p>Clip Villeurbanne Vaulx<\/p>\n<p><iframe loading=\"lazy\" title=\"RAP LY69NNAIS - BAKI-RS -  VILLEURBANNE VAULX.  2011\" width=\"1200\" height=\"675\" src=\"https:\/\/www.youtube.com\/embed\/CLiwK1Ou7-0?feature=oembed\" frameborder=\"0\" allow=\"accelerometer; autoplay; clipboard-write; encrypted-media; gyroscope; picture-in-picture\" allowfullscreen><\/iframe><\/p>\n<h2>GSX\u00a0: une signature et une br\u00e8che\u2026<\/h2>\n<p>En novembre 2014, La Fouine sort la Mixtape Capitale du Crime\u00a04 fin\u00a02014. Le duo GSX, qui a sign\u00e9 avec le label Banlieue Sale, \u00ab\u00a0pose\u00a0\u00bb sur deux titres\u00a0: \u00ab\u00a0Conseil d\u2019ami\u00a0\u00bb et \u00ab\u00a0Il y aura des bless\u00e9s\u00a0\u00bb. Sur la pochette du CD, on aper\u00e7oit les deux artistes du quartier des Verch\u00e8res aux c\u00f4t\u00e9s de leur nouveau mentor mais aussi de grands noms comme Canardo ou Sultan. Le rap lyonnais a-t-il enfin trouv\u00e9 une cr\u00e9dibilit\u00e9\u00a0?<\/p>\n<p>Le rappeur de Trappes n\u2019a pas h\u00e9sit\u00e9 \u00e0 faire le d\u00e9placement depuis ses bases floridiennes pour venir tourner le clip \u00ab Il y aura des bless\u00e9s\u00a0\u00bb entre les HLM de Vaulx-en-Velin en septembre dernier.<\/p>\n<p>Darino, Guizmo et RS-fa, qui \u00e9taient pr\u00e9sents au tout d\u00e9but avant de quitter le groupe, \u00e9mergent avec le titre \u00ab\u00a0Ca va le faire\u00a0\u00bb en 2010. Un featuring enregistr\u00e9 avec Tunisiano du groupe Sniper. Leur t\u00e9m\u00e9rit\u00e9 et leur volont\u00e9 apr\u00e8s un v\u00e9ritable parcours du combattant paient. Et les premi\u00e8res parties les plus prestigieuses (Rim\u2019K, l\u2019Algerino\u2026) leur sont propos\u00e9es.<\/p>\n<p>L\u2019humoriste Fayss\u00a02 Face \u00e9tait auparavant le beatmaker de GSX, form\u00e9 il y a une d\u00e9cennie. Il les a rencontr\u00e9s en 2007 et a produit le titre \u00ab\u00a0\u00c7a va le faire\u00a0\u00bb\u00a0: <em>\u00ab\u00a0Leur carri\u00e8re a mis du temps \u00e0 d\u00e9coller car il manquait la communication. Chez nous c\u2019est ce qui fait d\u00e9faut. Les gens ne veulent se professionnaliser qu\u2019en prenant les c\u00f4t\u00e9s positifs comme les cachets. Avoir une notori\u00e9t\u00e9 \u00e7a demande beaucoup de travail et de temps.\u00a0\u00bb<\/em><\/p>\n<blockquote><p>Pour lui, la signature de GSX n\u2019est pas celle de la derni\u00e8re chance m\u00eame si \u00ab\u00a0les gens attendent depuis tellement longtemps. Il y a eu une d\u00e9sesp\u00e9rance malgr\u00e9 le succ\u00e8s du Lyonnais Cassus Belli. Le duo a fait une belle apparition sur Capitale du crime\u00a04, mais il faut attendre de voir ce qu\u2019il va nous proposer en tant que \u201cproduit GSX\u201d. On ne sait pas encore ce qui va se passer derri\u00e8re. Il leur faudra travailler sur l\u2019aspect cr\u00e9atif. En tout cas, esp\u00e9rerons qu\u2019ils auront retenu les le\u00e7ons du pass\u00e9. Je leur souhaite beaucoup de r\u00e9ussite\u00a0!\u00a0\u00bb<\/p><\/blockquote>\n<p>Clip\u00a0de GSX et La Fouine tourn\u00e9e \u00e0 Vaulx-en-Velin\u00a0: \u00ab Il y aura des bless\u00e9s\u00a0\u00bb<\/p>\n<p><iframe loading=\"lazy\" title=\"La Fouine feat GSX - Il y aura des bless\u00e9s\" width=\"1200\" height=\"675\" src=\"https:\/\/www.youtube.com\/embed\/Z9DnaYRZGWg?feature=oembed\" frameborder=\"0\" allow=\"accelerometer; autoplay; clipboard-write; encrypted-media; gyroscope; picture-in-picture\" allowfullscreen><\/iframe><\/p>\n<h2>Revolver\u00a0: \u00ab\u00a0on se conna\u00eet tous \u00e0 Vaux en Velin\u00a0\u00bb<\/h2>\n<p>Revolver est une entit\u00e9 locale. Papi\u2019s, L.I.S, Skal.P, Dawed et Moha font partie d\u2019un \u00e9lan novateur. Toujours convi\u00e9s aux f\u00eates organis\u00e9es par la municipalit\u00e9, les rappeurs du quartier de La Thibaude, \u00e2g\u00e9s de 24 \u00e0 27 ans, ont sorti d\u00e9j\u00e0 trois EP depuis leur cr\u00e9ation il y a neuf ans, dont un dernier en 2014\u00a0: \u00ab\u00a0Il \u00e9tait une fois\u00a0\u00bb. Un nouveau projet en ind\u00e9pendant est dans les tuyaux courant\u00a02015\u00a0: \u00ab\u00a0Casse pas ta tape\u00a0\u00bb.<\/p>\n<p><em>\u00ab\u00a0Vaulx-en-Velin est une ville qui a \u00e9t\u00e9 longtemps stigmatis\u00e9e. Aujourd\u2019hui, elle se d\u00e9veloppe au niveau culturel m\u00eame si ses acteurs \u00e9voluent encore dans l\u2019ombre.\u00a0\u00bb<\/em> Analyse Moha. Le rappeur n\u2019a pas v\u00e9cu comme Gerri Madani les \u00e9meutes de 1990 mais plut\u00f4t celles de 2005\u00a0: <em>\u00ab\u00a0Gr\u00e2ce aux \u00e9meutes, il y a eu un regard qui s\u2019est pos\u00e9 sur notre ville. Mais cela lui a permis d\u2019\u00eatre mise en avant au niveau musical.\u00a0\u00bb<\/em><\/p>\n<p><em>\u00ab\u00a0Ici, celui que l\u2019on peut consid\u00e9rer comme le grand fr\u00e8re, c\u2019est Nanoo dit Moha. Tout le monde se conna\u00eet, mais le probl\u00e8me c\u2019est que chacun travaille dans son coin.\u00a0\u00bb<\/em>\u00a0C&rsquo;est bien ce qui manque \u00e0 Lyon, un \u00e9lan collectif.<\/p>\n<p><a href=\"https:\/\/lyonbondyblog.fr\/LBB\/wp-content\/uploads\/2015\/02\/Le-rappeur-Baki-RS-lors-du-tournage-dun-clip.jpg\"><img loading=\"lazy\" decoding=\"async\" class=\"aligncenter size-full wp-image-7708\" src=\"https:\/\/lyonbondyblog.fr\/LBB\/wp-content\/uploads\/2015\/02\/Le-rappeur-Baki-RS-lors-du-tournage-dun-clip.jpg\" alt=\"Le rappeur Baki-RS lors du tournage d'un clip\" width=\"600\" height=\"337\" srcset=\"https:\/\/lyonbondyblog.fr\/LBB\/wp-content\/uploads\/2015\/02\/Le-rappeur-Baki-RS-lors-du-tournage-dun-clip.jpg 600w, https:\/\/lyonbondyblog.fr\/LBB\/wp-content\/uploads\/2015\/02\/Le-rappeur-Baki-RS-lors-du-tournage-dun-clip-300x168.jpg 300w\" sizes=\"auto, (max-width: 600px) 100vw, 600px\" \/><\/a><\/p>\n<p>&nbsp;<\/p>\n<h2>Pour aller plus loin\u00a0:<\/h2>\n<h3><a href=\"https:\/\/lyonbondyblog.fr\/LBB\/festival-loriginal-soiree-madany-family\/\">Une soir\u00e9e avec la Madani Family\u00a0<\/a><\/h3>\n<h3><a href=\"%20https:\/\/lyonbondyblog.fr\/LBB\/gerry-madani-rappeur-olympien-aborde-marseille\/\">Gerri Madani\u00a0: le rappeur olympien aborde Marseille\u00a0<\/a><\/h3>\n<h3><a href=\"http:\/\/www.69flow.fr\/nanoo-je-ne-suis-rien-sans-la-fusillade\/\">Article\u00a069 Flow\u00a0: Nanoo\u00a0: \u00ab\u00a0Je ne fais rien sans La Fusillade\u00a0\u00bb\u00a0<\/a><\/h3>\n<!-- AddThis Advanced Settings generic via filter on the_content --><!-- AddThis Share Buttons generic via filter on the_content -->","protected":false},"excerpt":{"rendered":"<p>Vaulx-en-Velin a engendr\u00e9 de nombreux artistes hip-hop. Leur influence est largement reconnue par les passionn\u00e9s. Certains ont pass\u00e9 un cap en sortant des albums, en &hellip; <!-- AddThis Advanced Settings generic via filter on wp_trim_excerpt --><!-- AddThis Share Buttons generic via filter on wp_trim_excerpt --><\/p>\n","protected":false},"author":28,"featured_media":7840,"comment_status":"open","ping_status":"open","sticky":false,"template":"","format":"standard","meta":{"_FSMCFIC_featured_image_caption":"","_FSMCFIC_featured_image_nocaption":"","_FSMCFIC_featured_image_hide":"","footnotes":""},"categories":[5,3,2],"tags":[909,1024,397,687,850,799,1952,111,264,1208,101,302,216,522,974,135,10,112,635,128],"class_list":["post-7701","post","type-post","status-publish","format-standard","has-post-thumbnail","hentry","category-ambiance","category-culture","category-societe","tag-69flow","tag-albums","tag-alternative","tag-banlieue","tag-collectif","tag-crew","tag-culture","tag-danse","tag-festival","tag-gerri-madani","tag-hip-hop","tag-independant","tag-jeunes","tag-jeunesse","tag-la-fouine","tag-lbb","tag-lyon-2","tag-lyon-bondy-blog","tag-vaulx-en-velin","tag-villeurbanne"],"yoast_head":"<!-- This site is optimized with the Yoast SEO plugin v22.8 - https:\/\/yoast.com\/wordpress\/plugins\/seo\/ -->\n<title>Rap\u00a0: De La Fusillade \u00e0 Revolver, la l\u00e9gende vaudaise<\/title>\n<meta name=\"description\" content=\"Vaulx-en-Velin a engendr\u00e9 de nombreux artistes hip-hop. Certains ont sorti des albums, cr\u00e9\u00e9 leur label ou sign\u00e9 avec des grands noms. Tour d\u2019horizon.\" \/>\n<meta name=\"robots\" content=\"index, follow, max-snippet:-1, max-image-preview:large, max-video-preview:-1\" \/>\n<link rel=\"canonical\" href=\"https:\/\/lyonbondyblog.fr\/LBB\/rap-de-la-fusillade-a-revover-la-legende-vaudaise\/\" \/>\n<meta property=\"og:locale\" content=\"fr_FR\" \/>\n<meta property=\"og:type\" content=\"article\" \/>\n<meta property=\"og:title\" content=\"Rap\u00a0: De La Fusillade \u00e0 Revolver, la l\u00e9gende vaudaise\" \/>\n<meta property=\"og:description\" content=\"Vaulx-en-Velin a engendr\u00e9 de nombreux artistes hip-hop. Certains ont sorti des albums, cr\u00e9\u00e9 leur label ou sign\u00e9 avec des grands noms. Tour d\u2019horizon.\" \/>\n<meta property=\"og:url\" content=\"https:\/\/lyonbondyblog.fr\/LBB\/rap-de-la-fusillade-a-revover-la-legende-vaudaise\/\" \/>\n<meta property=\"og:site_name\" content=\"Lyon Bondy Blog\" \/>\n<meta property=\"article:publisher\" content=\"https:\/\/www.facebook.com\/lyonbondyblog\" \/>\n<meta property=\"article:published_time\" content=\"2015-02-04T14:14:25+00:00\" \/>\n<meta property=\"article:modified_time\" content=\"2015-02-27T14:33:47+00:00\" \/>\n<meta property=\"og:image\" content=\"https:\/\/lyonbondyblog.fr\/LBB\/wp-content\/uploads\/2015\/02\/Revolver-en-concert1.jpg\" \/>\n\t<meta property=\"og:image:width\" content=\"960\" \/>\n\t<meta property=\"og:image:height\" content=\"720\" \/>\n\t<meta property=\"og:image:type\" content=\"image\/jpeg\" \/>\n<meta name=\"author\" content=\"Mohamed Braiki\" \/>\n<meta name=\"twitter:card\" content=\"summary_large_image\" \/>\n<meta name=\"twitter:creator\" content=\"@bondybloglyon\" \/>\n<meta name=\"twitter:site\" content=\"@bondybloglyon\" \/>\n<script type=\"application\/ld+json\" class=\"yoast-schema-graph\">{\"@context\":\"https:\/\/schema.org\",\"@graph\":[{\"@type\":\"Article\",\"@id\":\"https:\/\/lyonbondyblog.fr\/LBB\/rap-de-la-fusillade-a-revover-la-legende-vaudaise\/#article\",\"isPartOf\":{\"@id\":\"https:\/\/lyonbondyblog.fr\/LBB\/rap-de-la-fusillade-a-revover-la-legende-vaudaise\/\"},\"author\":{\"name\":\"Mohamed Braiki\",\"@id\":\"https:\/\/lyonbondyblog.fr\/LBB\/#\/schema\/person\/558339ea4e67b07f7a2df48e9605b75c\"},\"headline\":\"De La Fusillade \u00e0 Revolver, la l\u00e9gende vaudaise du rap\",\"datePublished\":\"2015-02-04T14:14:25+00:00\",\"dateModified\":\"2015-02-27T14:33:47+00:00\",\"mainEntityOfPage\":{\"@id\":\"https:\/\/lyonbondyblog.fr\/LBB\/rap-de-la-fusillade-a-revover-la-legende-vaudaise\/\"},\"wordCount\":1295,\"commentCount\":2,\"publisher\":{\"@id\":\"https:\/\/lyonbondyblog.fr\/LBB\/#organization\"},\"image\":{\"@id\":\"https:\/\/lyonbondyblog.fr\/LBB\/rap-de-la-fusillade-a-revover-la-legende-vaudaise\/#primaryimage\"},\"thumbnailUrl\":\"https:\/\/lyonbondyblog.fr\/LBB\/wp-content\/uploads\/2015\/02\/Revolver-en-concert1.jpg\",\"keywords\":[\"69flow\",\"Albums\",\"alternative\",\"banlieue\",\"collectif\",\"crew\",\"Culture\",\"danse\",\"festival\",\"Gerri Madani\",\"hip-hop\",\"ind\u00e9pendant\",\"jeunes\",\"jeunesse\",\"La Fouine\",\"LBB\",\"lyon\",\"Lyon Bondy Blog\",\"Vaulx-en-Velin\",\"Villeurbanne\"],\"articleSection\":[\"Ambiance\",\"Culture\",\"Soci\u00e9t\u00e9\"],\"inLanguage\":\"fr-FR\",\"potentialAction\":[{\"@type\":\"CommentAction\",\"name\":\"Comment\",\"target\":[\"https:\/\/lyonbondyblog.fr\/LBB\/rap-de-la-fusillade-a-revover-la-legende-vaudaise\/#respond\"]}]},{\"@type\":\"WebPage\",\"@id\":\"https:\/\/lyonbondyblog.fr\/LBB\/rap-de-la-fusillade-a-revover-la-legende-vaudaise\/\",\"url\":\"https:\/\/lyonbondyblog.fr\/LBB\/rap-de-la-fusillade-a-revover-la-legende-vaudaise\/\",\"name\":\"Rap\u00a0: De La Fusillade \u00e0 Revolver, la l\u00e9gende vaudaise\",\"isPartOf\":{\"@id\":\"https:\/\/lyonbondyblog.fr\/LBB\/#website\"},\"primaryImageOfPage\":{\"@id\":\"https:\/\/lyonbondyblog.fr\/LBB\/rap-de-la-fusillade-a-revover-la-legende-vaudaise\/#primaryimage\"},\"image\":{\"@id\":\"https:\/\/lyonbondyblog.fr\/LBB\/rap-de-la-fusillade-a-revover-la-legende-vaudaise\/#primaryimage\"},\"thumbnailUrl\":\"https:\/\/lyonbondyblog.fr\/LBB\/wp-content\/uploads\/2015\/02\/Revolver-en-concert1.jpg\",\"datePublished\":\"2015-02-04T14:14:25+00:00\",\"dateModified\":\"2015-02-27T14:33:47+00:00\",\"description\":\"Vaulx-en-Velin a engendr\u00e9 de nombreux artistes hip-hop. Certains ont sorti des albums, cr\u00e9\u00e9 leur label ou sign\u00e9 avec des grands noms. Tour d\u2019horizon.\",\"inLanguage\":\"fr-FR\",\"potentialAction\":[{\"@type\":\"ReadAction\",\"target\":[\"https:\/\/lyonbondyblog.fr\/LBB\/rap-de-la-fusillade-a-revover-la-legende-vaudaise\/\"]}]},{\"@type\":\"ImageObject\",\"inLanguage\":\"fr-FR\",\"@id\":\"https:\/\/lyonbondyblog.fr\/LBB\/rap-de-la-fusillade-a-revover-la-legende-vaudaise\/#primaryimage\",\"url\":\"https:\/\/lyonbondyblog.fr\/LBB\/wp-content\/uploads\/2015\/02\/Revolver-en-concert1.jpg\",\"contentUrl\":\"https:\/\/lyonbondyblog.fr\/LBB\/wp-content\/uploads\/2015\/02\/Revolver-en-concert1.jpg\",\"width\":960,\"height\":720},{\"@type\":\"WebSite\",\"@id\":\"https:\/\/lyonbondyblog.fr\/LBB\/#website\",\"url\":\"https:\/\/lyonbondyblog.fr\/LBB\/\",\"name\":\"Lyon Bondy Blog\",\"description\":\"\",\"publisher\":{\"@id\":\"https:\/\/lyonbondyblog.fr\/LBB\/#organization\"},\"potentialAction\":[{\"@type\":\"SearchAction\",\"target\":{\"@type\":\"EntryPoint\",\"urlTemplate\":\"https:\/\/lyonbondyblog.fr\/LBB\/?s={search_term_string}\"},\"query-input\":\"required name=search_term_string\"}],\"inLanguage\":\"fr-FR\"},{\"@type\":\"Organization\",\"@id\":\"https:\/\/lyonbondyblog.fr\/LBB\/#organization\",\"name\":\"LYON BONDY BLOG\",\"url\":\"https:\/\/lyonbondyblog.fr\/LBB\/\",\"logo\":{\"@type\":\"ImageObject\",\"inLanguage\":\"fr-FR\",\"@id\":\"https:\/\/lyonbondyblog.fr\/LBB\/#\/schema\/logo\/image\/\",\"url\":\"http:\/\/lyonbondyblog.fr\/LBB\/wp-content\/uploads\/2014\/10\/logo-portable-144.png\",\"contentUrl\":\"http:\/\/lyonbondyblog.fr\/LBB\/wp-content\/uploads\/2014\/10\/logo-portable-144.png\",\"width\":144,\"height\":123,\"caption\":\"LYON BONDY BLOG\"},\"image\":{\"@id\":\"https:\/\/lyonbondyblog.fr\/LBB\/#\/schema\/logo\/image\/\"},\"sameAs\":[\"https:\/\/www.facebook.com\/lyonbondyblog\",\"https:\/\/x.com\/bondybloglyon\"]},{\"@type\":\"Person\",\"@id\":\"https:\/\/lyonbondyblog.fr\/LBB\/#\/schema\/person\/558339ea4e67b07f7a2df48e9605b75c\",\"name\":\"Mohamed Braiki\",\"description\":\"Natif de Lyon et enfant des Minguettes, je suis dipl\u00f4m\u00e9 de Lettres de la Fac de Lyon 2 et l\u2019EFAP Rh\u00f4ne Alpes. J\u2019ai roul\u00e9 ma bosse dans des r\u00e9dactions lyonnaises comme la radio Lyon Sport 98.4, Le Progr\u00e8s, Foot 69.fr, Tribune de Lyon et Lyon Capitale. braikimohamed@yahoo.fr\",\"url\":\"https:\/\/lyonbondyblog.fr\/LBB\/author\/mohamed\/\"}]}<\/script>\n<!-- \/ Yoast SEO plugin. -->","yoast_head_json":{"title":"Rap\u00a0: De La Fusillade \u00e0 Revolver, la l\u00e9gende vaudaise","description":"Vaulx-en-Velin a engendr\u00e9 de nombreux artistes hip-hop. Certains ont sorti des albums, cr\u00e9\u00e9 leur label ou sign\u00e9 avec des grands noms. Tour d\u2019horizon.","robots":{"index":"index","follow":"follow","max-snippet":"max-snippet:-1","max-image-preview":"max-image-preview:large","max-video-preview":"max-video-preview:-1"},"canonical":"https:\/\/lyonbondyblog.fr\/LBB\/rap-de-la-fusillade-a-revover-la-legende-vaudaise\/","og_locale":"fr_FR","og_type":"article","og_title":"Rap\u00a0: De La Fusillade \u00e0 Revolver, la l\u00e9gende vaudaise","og_description":"Vaulx-en-Velin a engendr\u00e9 de nombreux artistes hip-hop. Certains ont sorti des albums, cr\u00e9\u00e9 leur label ou sign\u00e9 avec des grands noms. Tour d\u2019horizon.","og_url":"https:\/\/lyonbondyblog.fr\/LBB\/rap-de-la-fusillade-a-revover-la-legende-vaudaise\/","og_site_name":"Lyon Bondy Blog","article_publisher":"https:\/\/www.facebook.com\/lyonbondyblog","article_published_time":"2015-02-04T14:14:25+00:00","article_modified_time":"2015-02-27T14:33:47+00:00","og_image":[{"width":960,"height":720,"url":"https:\/\/lyonbondyblog.fr\/LBB\/wp-content\/uploads\/2015\/02\/Revolver-en-concert1.jpg","type":"image\/jpeg"}],"author":"Mohamed Braiki","twitter_card":"summary_large_image","twitter_creator":"@bondybloglyon","twitter_site":"@bondybloglyon","schema":{"@context":"https:\/\/schema.org","@graph":[{"@type":"Article","@id":"https:\/\/lyonbondyblog.fr\/LBB\/rap-de-la-fusillade-a-revover-la-legende-vaudaise\/#article","isPartOf":{"@id":"https:\/\/lyonbondyblog.fr\/LBB\/rap-de-la-fusillade-a-revover-la-legende-vaudaise\/"},"author":{"name":"Mohamed Braiki","@id":"https:\/\/lyonbondyblog.fr\/LBB\/#\/schema\/person\/558339ea4e67b07f7a2df48e9605b75c"},"headline":"De La Fusillade \u00e0 Revolver, la l\u00e9gende vaudaise du rap","datePublished":"2015-02-04T14:14:25+00:00","dateModified":"2015-02-27T14:33:47+00:00","mainEntityOfPage":{"@id":"https:\/\/lyonbondyblog.fr\/LBB\/rap-de-la-fusillade-a-revover-la-legende-vaudaise\/"},"wordCount":1295,"commentCount":2,"publisher":{"@id":"https:\/\/lyonbondyblog.fr\/LBB\/#organization"},"image":{"@id":"https:\/\/lyonbondyblog.fr\/LBB\/rap-de-la-fusillade-a-revover-la-legende-vaudaise\/#primaryimage"},"thumbnailUrl":"https:\/\/lyonbondyblog.fr\/LBB\/wp-content\/uploads\/2015\/02\/Revolver-en-concert1.jpg","keywords":["69flow","Albums","alternative","banlieue","collectif","crew","Culture","danse","festival","Gerri Madani","hip-hop","ind\u00e9pendant","jeunes","jeunesse","La Fouine","LBB","lyon","Lyon Bondy Blog","Vaulx-en-Velin","Villeurbanne"],"articleSection":["Ambiance","Culture","Soci\u00e9t\u00e9"],"inLanguage":"fr-FR","potentialAction":[{"@type":"CommentAction","name":"Comment","target":["https:\/\/lyonbondyblog.fr\/LBB\/rap-de-la-fusillade-a-revover-la-legende-vaudaise\/#respond"]}]},{"@type":"WebPage","@id":"https:\/\/lyonbondyblog.fr\/LBB\/rap-de-la-fusillade-a-revover-la-legende-vaudaise\/","url":"https:\/\/lyonbondyblog.fr\/LBB\/rap-de-la-fusillade-a-revover-la-legende-vaudaise\/","name":"Rap\u00a0: De La Fusillade \u00e0 Revolver, la l\u00e9gende vaudaise","isPartOf":{"@id":"https:\/\/lyonbondyblog.fr\/LBB\/#website"},"primaryImageOfPage":{"@id":"https:\/\/lyonbondyblog.fr\/LBB\/rap-de-la-fusillade-a-revover-la-legende-vaudaise\/#primaryimage"},"image":{"@id":"https:\/\/lyonbondyblog.fr\/LBB\/rap-de-la-fusillade-a-revover-la-legende-vaudaise\/#primaryimage"},"thumbnailUrl":"https:\/\/lyonbondyblog.fr\/LBB\/wp-content\/uploads\/2015\/02\/Revolver-en-concert1.jpg","datePublished":"2015-02-04T14:14:25+00:00","dateModified":"2015-02-27T14:33:47+00:00","description":"Vaulx-en-Velin a engendr\u00e9 de nombreux artistes hip-hop. Certains ont sorti des albums, cr\u00e9\u00e9 leur label ou sign\u00e9 avec des grands noms. Tour d\u2019horizon.","inLanguage":"fr-FR","potentialAction":[{"@type":"ReadAction","target":["https:\/\/lyonbondyblog.fr\/LBB\/rap-de-la-fusillade-a-revover-la-legende-vaudaise\/"]}]},{"@type":"ImageObject","inLanguage":"fr-FR","@id":"https:\/\/lyonbondyblog.fr\/LBB\/rap-de-la-fusillade-a-revover-la-legende-vaudaise\/#primaryimage","url":"https:\/\/lyonbondyblog.fr\/LBB\/wp-content\/uploads\/2015\/02\/Revolver-en-concert1.jpg","contentUrl":"https:\/\/lyonbondyblog.fr\/LBB\/wp-content\/uploads\/2015\/02\/Revolver-en-concert1.jpg","width":960,"height":720},{"@type":"WebSite","@id":"https:\/\/lyonbondyblog.fr\/LBB\/#website","url":"https:\/\/lyonbondyblog.fr\/LBB\/","name":"Lyon Bondy Blog","description":"","publisher":{"@id":"https:\/\/lyonbondyblog.fr\/LBB\/#organization"},"potentialAction":[{"@type":"SearchAction","target":{"@type":"EntryPoint","urlTemplate":"https:\/\/lyonbondyblog.fr\/LBB\/?s={search_term_string}"},"query-input":"required name=search_term_string"}],"inLanguage":"fr-FR"},{"@type":"Organization","@id":"https:\/\/lyonbondyblog.fr\/LBB\/#organization","name":"LYON BONDY BLOG","url":"https:\/\/lyonbondyblog.fr\/LBB\/","logo":{"@type":"ImageObject","inLanguage":"fr-FR","@id":"https:\/\/lyonbondyblog.fr\/LBB\/#\/schema\/logo\/image\/","url":"http:\/\/lyonbondyblog.fr\/LBB\/wp-content\/uploads\/2014\/10\/logo-portable-144.png","contentUrl":"http:\/\/lyonbondyblog.fr\/LBB\/wp-content\/uploads\/2014\/10\/logo-portable-144.png","width":144,"height":123,"caption":"LYON BONDY BLOG"},"image":{"@id":"https:\/\/lyonbondyblog.fr\/LBB\/#\/schema\/logo\/image\/"},"sameAs":["https:\/\/www.facebook.com\/lyonbondyblog","https:\/\/x.com\/bondybloglyon"]},{"@type":"Person","@id":"https:\/\/lyonbondyblog.fr\/LBB\/#\/schema\/person\/558339ea4e67b07f7a2df48e9605b75c","name":"Mohamed Braiki","description":"Natif de Lyon et enfant des Minguettes, je suis dipl\u00f4m\u00e9 de Lettres de la Fac de Lyon 2 et l\u2019EFAP Rh\u00f4ne Alpes. J\u2019ai roul\u00e9 ma bosse dans des r\u00e9dactions lyonnaises comme la radio Lyon Sport 98.4, Le Progr\u00e8s, Foot 69.fr, Tribune de Lyon et Lyon Capitale. braikimohamed@yahoo.fr","url":"https:\/\/lyonbondyblog.fr\/LBB\/author\/mohamed\/"}]}},"_links":{"self":[{"href":"https:\/\/lyonbondyblog.fr\/LBB\/wp-json\/wp\/v2\/posts\/7701","targetHints":{"allow":["GET"]}}],"collection":[{"href":"https:\/\/lyonbondyblog.fr\/LBB\/wp-json\/wp\/v2\/posts"}],"about":[{"href":"https:\/\/lyonbondyblog.fr\/LBB\/wp-json\/wp\/v2\/types\/post"}],"author":[{"embeddable":true,"href":"https:\/\/lyonbondyblog.fr\/LBB\/wp-json\/wp\/v2\/users\/28"}],"replies":[{"embeddable":true,"href":"https:\/\/lyonbondyblog.fr\/LBB\/wp-json\/wp\/v2\/comments?post=7701"}],"version-history":[{"count":0,"href":"https:\/\/lyonbondyblog.fr\/LBB\/wp-json\/wp\/v2\/posts\/7701\/revisions"}],"wp:featuredmedia":[{"embeddable":true,"href":"https:\/\/lyonbondyblog.fr\/LBB\/wp-json\/wp\/v2\/media\/7840"}],"wp:attachment":[{"href":"https:\/\/lyonbondyblog.fr\/LBB\/wp-json\/wp\/v2\/media?parent=7701"}],"wp:term":[{"taxonomy":"category","embeddable":true,"href":"https:\/\/lyonbondyblog.fr\/LBB\/wp-json\/wp\/v2\/categories?post=7701"},{"taxonomy":"post_tag","embeddable":true,"href":"https:\/\/lyonbondyblog.fr\/LBB\/wp-json\/wp\/v2\/tags?post=7701"}],"curies":[{"name":"wp","href":"https:\/\/api.w.org\/{rel}","templated":true}]}}