{"id":7529,"date":"2014-12-02T15:08:30","date_gmt":"2014-12-02T14:08:30","guid":{"rendered":"http:\/\/lyonbondyblog.fr\/LBB\/?p=7529"},"modified":"2015-05-31T10:18:49","modified_gmt":"2015-05-31T08:18:49","slug":"dossier-prostitution-pascale-boistard-ministre-droits-des-femmes-il-faut-responsabiliser-le-client","status":"publish","type":"post","link":"https:\/\/lyonbondyblog.fr\/LBB\/dossier-prostitution-pascale-boistard-ministre-droits-des-femmes-il-faut-responsabiliser-le-client\/","title":{"rendered":"EXCLU LBB &#8211; Pascale Boistard (Ministre Droits des femmes)\u00a0: \u00ab\u00a0Il faut responsabiliser le client\u00a0\u00bb"},"content":{"rendered":"<p><strong><span style=\"color: #ff0000;\">EXCLU LBB.<\/span> Abolitionnistes et r\u00e9glementaristes sont en conflits ouverts sur le terrain de la prostitution. Dans le cadre de notre dossier sur la prostitution, Mme\u00a0Pascale Boistard, Secr\u00e9taire d\u2019\u00c9tat charg\u00e9e des Droits des femmes, nous explique le travail \u00e0 accomplir dans les ann\u00e9es \u00e0 venir sur ce sujet tr\u00e8s sensible.\u00a0<\/strong><strong>ITW r\u00e9alis\u00e9e le 17 octobre dernier.<\/strong><\/p>\n<p>&nbsp;<\/p>\n<p><strong>En 1999, la Su\u00e8de est le premier pays \u00e0 abolir la prostitution. Tous les \u00c9tats d\u2019Europe du Sud essayent de l\u2019abroger chacun de leur c\u00f4t\u00e9. Quel va \u00eatre le travail de la France dans les ann\u00e9es \u00e0 venir pour proscrire la prostitution\u00a0?<\/strong><\/p>\n<p>Pour la France, les parlementaires de l\u2019Assembl\u00e9e nationale se sont saisis de cette question et ont effectu\u00e9 un \u00e9norme travail d\u2019audition \u00e0 ce sujet. Ils ont donc d\u00e9pos\u00e9 une loi, vot\u00e9e \u00e0 la majorit\u00e9 absolue le 4 d\u00e9cembre 2013, qui a \u00e9t\u00e9 en partie discut\u00e9e au sein d\u2019une commission sp\u00e9ciale au S\u00e9nat en juillet dernier, et qui aujourd\u2019hui est en attente d\u2019une inscription au calendrier du S\u00e9nat pour que la discussion et le processus d\u00e9mocratique sur cette loi puissent continuer.<\/p>\n<p><strong>Deux groupes parlementaires plut\u00f4t proches du PS, EELV (Europe \u00c9cologie Les Verts) et le PRG (parti radical de gauche) ont vot\u00e9 contre cette loi\u2026 <\/strong><\/p>\n<p>Certaines personnes, mais pas tous. En ce qui concerne le vote de la loi, elle a \u00e9t\u00e9 vot\u00e9e en premi\u00e8re lecture \u00e0 plus de 66\u00a0% de pr\u00e9sence (NDLR\u00a084\u00a0% de pr\u00e9sence). Ce qui veut dire que cette loi est un d\u00e9bat important dans la soci\u00e9t\u00e9 et qui d\u00e9passe tous les clivages politiques. Par exemple, dimanche dernier (NDLR\u00a0Le 12 octobre 2014), j\u2019\u00e9tais aux c\u00f4t\u00e9s de <a href=\"http:\/\/marchepourlabolition.wordpress.com\">Rosen Hicher, pour l\u2019accueillir et marcher \u00e0 ses c\u00f4t\u00e9s<\/a>. Il y a eu un rassemblement. Par exemple, Julien Bayou, qui est membre des Verts, paradait en leur nom. Il est venu soutenir cette d\u00e9marche.<\/p>\n<p><strong><img loading=\"lazy\" decoding=\"async\" class=\"aligncenter size-full wp-image-7530\" src=\"https:\/\/lyonbondyblog.fr\/LBB\/wp-content\/uploads\/2014\/12\/DSC08145.jpg\" alt=\"DSC08145\" width=\"600\" height=\"338\" srcset=\"https:\/\/lyonbondyblog.fr\/LBB\/wp-content\/uploads\/2014\/12\/DSC08145.jpg 600w, https:\/\/lyonbondyblog.fr\/LBB\/wp-content\/uploads\/2014\/12\/DSC08145-300x169.jpg 300w\" sizes=\"auto, (max-width: 600px) 100vw, 600px\" \/>On parle pour la prostitution de r\u00e9seaux mafieux. Comment allez-vous lutter avec les autres pays membres de l\u2019Union europ\u00e9enne pour les combattre\u00a0?<\/strong><\/p>\n<p>\u00c9videmment, il y a des rencontres europ\u00e9ennes r\u00e9guli\u00e8res sur le sujet concernant le droit des femmes, cela concerne \u00e9galement des hommes. Je vais d\u00e9j\u00e0 accompagner, sans pr\u00e9jug\u00e9s, les parlementaires qui ont fait ce travail pour que justement cette loi suive son processus d\u00e9mocratique, avec le d\u00e9bat parlementaire qui aura lieu \u00e0 la fois \u00e0 l\u2019Assembl\u00e9e nationale et au S\u00e9nat. Car ce texte sera amen\u00e9 aussi en deuxi\u00e8me lecture \u00e0 l\u2019Assembl\u00e9e nationale. Parall\u00e8lement \u00e0 cela, il y aura des discussions sur diff\u00e9rents sujets au niveau europ\u00e9en, par exemple sur les violences faites aux femmes. Une rencontre est pr\u00e9vue \u00e0 Rome le 22 octobre, sous l\u2019\u00e9gide de la pr\u00e9sidence italienne, qui organise plusieurs d\u00e9bats notamment sur la violence faite aux femmes.<\/p>\n<p><strong>Rosen Hicher a march\u00e9 pour interpeller les \u00e9lus et sensibiliser les gens sur la question de prostitution. \u00c0 chaque fois que le gouvernement propose une nouvelle r\u00e9forme, chaque association y va de sa patte personnelle, ce qui provoque une cacophonie g\u00e9n\u00e9rale au niveau de la population. Dans ce sens, abolitionnistes et r\u00e9glementaristes ne travaillent pas main dans la main. N\u2019est-ce pas dommageable\u00a0?<\/strong><\/p>\n<p>C\u2019est normal qu\u2019elles ne travaillent pas ensemble. Je pense que ce qui les rassemble, c\u2019est par exemple d\u2019autres points de la loi comme l\u2019accompagnement des prostitu\u00e9es qui souhaitent s\u2019en sortir et de lutter contre les syst\u00e8mes mafieux. Elles travaillent notamment sur l\u2019accompagnement sanitaire et social des personnes qui sont victimes de la prostitution et qui souhaitent s\u2019en sortir. Elles se rejoignent sur la loi promue en 2002, sur le racolage passif, qui a mis en danger les prostitu\u00e9es. Pour la loi vot\u00e9e le 4 d\u00e9cembre, elles en sont d\u00e9saccord total, car les abolitionnistes souhaitent mettre un terme \u00e0 la prostitution et les r\u00e9glementaristes veulent que les prostitu\u00e9es soient consid\u00e9r\u00e9es comme des travailleuses \u00e0 part enti\u00e8re. Pour le vote de cette loi, j\u2019\u00e9tais d\u00e9put\u00e9e lors de la premi\u00e8re lecture \u00e0 l\u2019assembl\u00e9e. J\u2019ai vot\u00e9 avec la partie responsabilisation du client. Il se trouve qu\u2019au S\u00e9nat, le travail de la commission sp\u00e9ciale a sorti cet aspect. Donc, le d\u00e9bat tourne beaucoup autour cette question m\u00eame si la loi est plus compl\u00e8te que cela. Moi, je pense comme le dit si bien Rosen Hicher\u00a0: \u00ab\u00a0Effectivement, ne pas travailler sur la responsabilisation du client pose un certain probl\u00e8me \u00e0 la validit\u00e9 du dispositif, car lorsqu\u2019on ne travaille pas sur cette question, on accepte d\u2019embl\u00e9e que le corps d\u2019une femme ou d\u2019un homme puisse \u00eatre vendu, nou\u00e9, achet\u00e9 et pris de force et que cela fait partie d\u2019un processus de violence organis\u00e9e par des r\u00e9seaux mafieux ou d\u2019autres\u00a0\u00bb. Voil\u00e0 en gros o\u00f9 se situe une partie du d\u00e9bat.<\/p>\n<figure id=\"attachment_7533\" aria-describedby=\"caption-attachment-7533\" style=\"width: 253px\" class=\"wp-caption alignright\"><img loading=\"lazy\" decoding=\"async\" class=\"wp-image-7533 size-full\" src=\"https:\/\/lyonbondyblog.fr\/LBB\/wp-content\/uploads\/2014\/12\/Infographie-Prostitution-V2-01.jpg\" alt=\"Infographie Prostitution V2\" width=\"253\" height=\"600\" srcset=\"https:\/\/lyonbondyblog.fr\/LBB\/wp-content\/uploads\/2014\/12\/Infographie-Prostitution-V2-01.jpg 253w, https:\/\/lyonbondyblog.fr\/LBB\/wp-content\/uploads\/2014\/12\/Infographie-Prostitution-V2-01-126x300.jpg 126w\" sizes=\"auto, (max-width: 253px) 100vw, 253px\" \/><figcaption id=\"caption-attachment-7533\" class=\"wp-caption-text\">\u00a9 Quentin Laignel \/ Nesri Graphism<\/figcaption><\/figure>\n<p><strong>Revenons sur le texte de loi. Le chapitre quatre\u00a0stipule l\u2019interdiction d\u2019un achat sexuel. Les associations telles que le STRASS (syndicat du travail sexuel) est pour la l\u00e9galisation de la prostitution. Les abolitionnistes disent\u00a0: \u00ab\u00a0Si on l\u00e9galise la prostitution, les femmes qui cherchent un emploi, on leur proposera d\u2019\u00eatre prostitu\u00e9e\u00a0\u00bb. Le combat de Thierry Schaffauser (pr\u00e9sident du Strass) ne pose-t-il pas un probl\u00e8me\u00a0?<\/strong><\/p>\n<p>Moi, ce que j\u2019ai entendu comme d\u00e9bat, ce n\u2019est pas celui-ci. Mais l\u2019autre d\u00e9bat serait que des prostitu\u00e9es auraient choisi la prostitution et elles seraient tr\u00e8s heureuses d\u2019effectuer des actes de prostitution. Moi, je n\u2019ai pas \u00e0 pr\u00e9juger qui est libre et qui ne l\u2019est pas. Ce que je sais aujourd\u2019hui, et c\u2019est v\u00e9rifi\u00e9 par des statistitisques. C\u2019est que 90\u00a0% de la prostitution est organis\u00e9 par des r\u00e9seaux mafieux. Ce matin, j\u2019\u00e9tais aupr\u00e8s d\u2019une association qui accueille de jeunes mineurs compl\u00e8tement mis en esclavage et qui ont subi des violences psychiques et physiques extr\u00eamement fortes. Et qui aujourd\u2019hui sont en train de se reconstruire gr\u00e2ce \u00e0 ce r\u00e9seau associatif. Il y a quelques prostitu\u00e9es qui le choisissent.<\/p>\n<p>Comme vous \u00eates \u00e0 Lyon, je vous rappelle qu\u2019une jeune fille mineure apr\u00e8s un viol a \u00e9t\u00e9 contrainte de se soumettre \u00e0 un r\u00e9seau de prostitution. En France, beaucoup de ces filles tr\u00e8s jeunes, d\u2019origines \u00e9trang\u00e8res, ne trouvent pas forc\u00e9ment de points de relais pour en parler par peur de repr\u00e9sailles. C\u2019est un sujet de soci\u00e9t\u00e9 extr\u00eamement important. C\u2019est aussi un probl\u00e8me de traite humaine dans beaucoup de cas aujourd\u2019hui dans notre pays.<\/p>\n<p><strong>Justement, ne serait-il pas pertinent de proposer un d\u00e9bat sur cette question \u00e0 l\u2019ONU ou \u00e0 l\u2019OMS\u00a0?<\/strong><\/p>\n<p>Je pense qu\u2019elle est d\u00e9battue dans toutes les instances internationales. Le probl\u00e8me de la traite humaine est un probl\u00e8me mondial. Comme je vous le disais tout \u00e0 l\u2019heure, beaucoup de ces r\u00e9seaux mafieux appartiennent \u00e0 des r\u00e9seaux europ\u00e9ens et internationaux, comme le cas de jeunes nig\u00e9rianes qui sont en France exploit\u00e9es par des r\u00e9seaux issus de ce m\u00eame pays.<\/p>\n<p><strong>Mme\u00a0Vallaud Belkacem s\u2019\u00e9tait empar\u00e9e de cette question. Elle avait fait fermer un \u00e9norme site d\u2019escortes qui s\u2019appelait NIAMODEL (rouvert depuis). Mais d\u2019autres sites, tels que Vivastreet, permettent \u00e0 la fois de trouver un bureau et une escorte. La fermeture de ce site, n\u2019est-elle pas un coup d\u2019\u00e9p\u00e9e dans l\u2019eau\u00a0?<\/strong><\/p>\n<p>On peut avoir cette impression. Mais si d\u00e8s aujourd\u2019hui, on ne peut rien faire, c\u2019est qu\u2019il va y avoir ce type de d\u00e9veloppement. On constate sur ce genre de sites qu\u2019il y a de plus en plus de jeunes mineurs qui se prostituent, souvent d\u2019origines \u00e9trang\u00e8res et \u00e9galement de jeunes Fran\u00e7aises. Donc, on ne peut pas baisser les bras face \u00e0 cela. \u00c9videmment, cette loi doit permettre le recul des actes de violence que subissent les prostitu\u00e9es avec leurs clients. C\u2019est pour cela qu\u2019un travail de p\u00e9dagogie s\u2019impose. On peut constater qu\u2019en Su\u00e8de, qui a adopt\u00e9 une r\u00e9glementation en 1999, cette prostitution a pu reculer. Et ils ont pu agir sur la responsabilisation du client, \u00e0 savoir une prise de conscience de ces personnes.<\/p>\n<p><strong>Depuis dix ans \u00e0 travers internet, on banalise le sexe. Un travail p\u00e9dagogique s\u2019impose\u00a0?<\/strong><\/p>\n<p>Ce n\u2019est pas une question de banalisation du sexe. Le probl\u00e8me que nous avons, c\u2019est la banalisation du corps humain. Surtout sur le corps de la femme, pour lequel nous nous battons depuis une quarantaine d\u2019ann\u00e9es. Il y a un retour en arri\u00e8re de la part des jeunes. Nous avons aussi gr\u00e2ce \u00e0 la loi du 4 aout, entam\u00e9 un travail que le CSA va mener sur ces questions, pour justement regarder les d\u00e9rives sexistes et la fin des st\u00e9r\u00e9otypes. C\u2019est un travail que l\u2019on doit faire d\u00e8s le plus jeune \u00e2ge, parce que le respect de l\u2019autre fait partie de l\u2019\u00e9ducation. Tout cela doit contribuer \u00e0 terme, \u00e0 rendre une dignit\u00e9 aux personnes. Que ce soit femmes, hommes, filles ou gar\u00e7ons. R\u00e9instaurer du respect dans notre soci\u00e9t\u00e9. Il ne s\u2019agit pas de faire de la morale, mais il faut justement faire reculer les violences dans notre pays.<\/p>\n<p><strong>Pr\u00e9cision : La loi sur syst\u00e8me prostitutionnel sera examin\u00e9e par le S\u00e9nat au premier semestre 2015<\/strong><\/p>\n<!-- AddThis Advanced Settings generic via filter on the_content --><!-- AddThis Share Buttons generic via filter on the_content -->","protected":false},"excerpt":{"rendered":"<p>EXCLU LBB. Abolitionnistes et r\u00e9glementaristes sont en conflits ouverts sur le terrain de la prostitution. Dans le cadre de notre dossier sur la prostitution, Mme\u00a0Pascale &hellip; <!-- AddThis Advanced Settings generic via filter on wp_trim_excerpt --><!-- AddThis Share Buttons generic via filter on wp_trim_excerpt --><\/p>\n","protected":false},"author":33,"featured_media":7534,"comment_status":"open","ping_status":"open","sticky":false,"template":"","format":"standard","meta":{"_FSMCFIC_featured_image_caption":"","_FSMCFIC_featured_image_nocaption":"","_FSMCFIC_featured_image_hide":"","footnotes":""},"categories":[8,6,1185,2],"tags":[614,1172,435,603,803,45,569,11,399,410,152,297,135,10,375,165,1166,1174,805,1175,1081,514],"class_list":["post-7529","post","type-post","status-publish","format-standard","has-post-thumbnail","hentry","category-france","category-politique","category-prostitution1","category-societe","tag-614","tag-abolitionnistes","tag-association","tag-debat","tag-esclavage","tag-europe","tag-europeen","tag-france-2","tag-gouvernement","tag-international-2","tag-interview","tag-jeune","tag-lbb","tag-lyon-2","tag-mission","tag-politique-2","tag-prostitution","tag-racolage","tag-rassemblement","tag-sexe","tag-social","tag-violences"],"yoast_head":"<!-- This site is optimized with the Yoast SEO plugin v22.8 - https:\/\/yoast.com\/wordpress\/plugins\/seo\/ -->\n<title>Prostitution- Pascale Boistard\u00a0\u00abIl faut responsabiliser le client\u00bb<\/title>\n<meta name=\"description\" content=\"Pascale Boistard, Secr\u00e9taire d\u2019\u00c9tat Droits des femmes explique le travail \u00e0 accomplir dans les ann\u00e9es \u00e0 venirvenir sur le sujet sensible de la prostitution\" \/>\n<meta name=\"robots\" content=\"index, follow, max-snippet:-1, max-image-preview:large, max-video-preview:-1\" \/>\n<link rel=\"canonical\" href=\"https:\/\/lyonbondyblog.fr\/LBB\/dossier-prostitution-pascale-boistard-ministre-droits-des-femmes-il-faut-responsabiliser-le-client\/\" \/>\n<meta property=\"og:locale\" content=\"fr_FR\" \/>\n<meta property=\"og:type\" content=\"article\" \/>\n<meta property=\"og:title\" content=\"Prostitution- Pascale Boistard\u00a0\u00abIl faut responsabiliser le client\u00bb\" \/>\n<meta property=\"og:description\" content=\"Pascale Boistard, Secr\u00e9taire d\u2019\u00c9tat Droits des femmes explique le travail \u00e0 accomplir dans les ann\u00e9es \u00e0 venirvenir sur le sujet sensible de la prostitution\" \/>\n<meta property=\"og:url\" content=\"https:\/\/lyonbondyblog.fr\/LBB\/dossier-prostitution-pascale-boistard-ministre-droits-des-femmes-il-faut-responsabiliser-le-client\/\" \/>\n<meta property=\"og:site_name\" content=\"Lyon Bondy Blog\" \/>\n<meta property=\"article:publisher\" content=\"https:\/\/www.facebook.com\/lyonbondyblog\" \/>\n<meta property=\"article:published_time\" content=\"2014-12-02T14:08:30+00:00\" \/>\n<meta property=\"article:modified_time\" content=\"2015-05-31T08:18:49+00:00\" \/>\n<meta property=\"og:image\" content=\"https:\/\/lyonbondyblog.fr\/LBB\/wp-content\/uploads\/2014\/12\/Pascale-boistard-\u00a9philippe-Grangeaud.jpg\" \/>\n\t<meta property=\"og:image:width\" content=\"640\" \/>\n\t<meta property=\"og:image:height\" content=\"427\" \/>\n\t<meta property=\"og:image:type\" content=\"image\/jpeg\" \/>\n<meta name=\"author\" content=\"Etienne Aazzab\" \/>\n<meta name=\"twitter:card\" content=\"summary_large_image\" \/>\n<meta name=\"twitter:creator\" content=\"@AazzabEtienne\" \/>\n<meta name=\"twitter:site\" content=\"@bondybloglyon\" \/>\n<script type=\"application\/ld+json\" class=\"yoast-schema-graph\">{\"@context\":\"https:\/\/schema.org\",\"@graph\":[{\"@type\":\"Article\",\"@id\":\"https:\/\/lyonbondyblog.fr\/LBB\/dossier-prostitution-pascale-boistard-ministre-droits-des-femmes-il-faut-responsabiliser-le-client\/#article\",\"isPartOf\":{\"@id\":\"https:\/\/lyonbondyblog.fr\/LBB\/dossier-prostitution-pascale-boistard-ministre-droits-des-femmes-il-faut-responsabiliser-le-client\/\"},\"author\":{\"name\":\"Etienne Aazzab\",\"@id\":\"https:\/\/lyonbondyblog.fr\/LBB\/#\/schema\/person\/5e9904261c1f613c8e6ea22045b1353d\"},\"headline\":\"EXCLU LBB &#8211; Pascale Boistard (Ministre Droits des femmes)\u00a0: \u00ab\u00a0Il faut responsabiliser le client\u00a0\u00bb\",\"datePublished\":\"2014-12-02T14:08:30+00:00\",\"dateModified\":\"2015-05-31T08:18:49+00:00\",\"mainEntityOfPage\":{\"@id\":\"https:\/\/lyonbondyblog.fr\/LBB\/dossier-prostitution-pascale-boistard-ministre-droits-des-femmes-il-faut-responsabiliser-le-client\/\"},\"wordCount\":1641,\"commentCount\":0,\"publisher\":{\"@id\":\"https:\/\/lyonbondyblog.fr\/LBB\/#organization\"},\"image\":{\"@id\":\"https:\/\/lyonbondyblog.fr\/LBB\/dossier-prostitution-pascale-boistard-ministre-droits-des-femmes-il-faut-responsabiliser-le-client\/#primaryimage\"},\"thumbnailUrl\":\"https:\/\/lyonbondyblog.fr\/LBB\/wp-content\/uploads\/2014\/12\/Pascale-boistard-\u00a9philippe-Grangeaud.jpg\",\"keywords\":[\"2014\",\"abolitionnistes\",\"association\",\"d\u00e9bat\",\"esclavage\",\"europe\",\"europ\u00e9en\",\"france\",\"gouvernement\",\"international\",\"interview\",\"jeune\",\"LBB\",\"lyon\",\"mission\",\"politique\",\"prostitution\",\"racolage\",\"rassemblement\",\"sexe\",\"social\",\"violences\"],\"articleSection\":[\"France\",\"Politique\",\"Prostitution\",\"Soci\u00e9t\u00e9\"],\"inLanguage\":\"fr-FR\",\"potentialAction\":[{\"@type\":\"CommentAction\",\"name\":\"Comment\",\"target\":[\"https:\/\/lyonbondyblog.fr\/LBB\/dossier-prostitution-pascale-boistard-ministre-droits-des-femmes-il-faut-responsabiliser-le-client\/#respond\"]}]},{\"@type\":\"WebPage\",\"@id\":\"https:\/\/lyonbondyblog.fr\/LBB\/dossier-prostitution-pascale-boistard-ministre-droits-des-femmes-il-faut-responsabiliser-le-client\/\",\"url\":\"https:\/\/lyonbondyblog.fr\/LBB\/dossier-prostitution-pascale-boistard-ministre-droits-des-femmes-il-faut-responsabiliser-le-client\/\",\"name\":\"Prostitution- Pascale Boistard\u00a0\u00abIl faut responsabiliser le client\u00bb\",\"isPartOf\":{\"@id\":\"https:\/\/lyonbondyblog.fr\/LBB\/#website\"},\"primaryImageOfPage\":{\"@id\":\"https:\/\/lyonbondyblog.fr\/LBB\/dossier-prostitution-pascale-boistard-ministre-droits-des-femmes-il-faut-responsabiliser-le-client\/#primaryimage\"},\"image\":{\"@id\":\"https:\/\/lyonbondyblog.fr\/LBB\/dossier-prostitution-pascale-boistard-ministre-droits-des-femmes-il-faut-responsabiliser-le-client\/#primaryimage\"},\"thumbnailUrl\":\"https:\/\/lyonbondyblog.fr\/LBB\/wp-content\/uploads\/2014\/12\/Pascale-boistard-\u00a9philippe-Grangeaud.jpg\",\"datePublished\":\"2014-12-02T14:08:30+00:00\",\"dateModified\":\"2015-05-31T08:18:49+00:00\",\"description\":\"Pascale Boistard, Secr\u00e9taire d\u2019\u00c9tat Droits des femmes explique le travail \u00e0 accomplir dans les ann\u00e9es \u00e0 venirvenir sur le sujet sensible de la prostitution\",\"inLanguage\":\"fr-FR\",\"potentialAction\":[{\"@type\":\"ReadAction\",\"target\":[\"https:\/\/lyonbondyblog.fr\/LBB\/dossier-prostitution-pascale-boistard-ministre-droits-des-femmes-il-faut-responsabiliser-le-client\/\"]}]},{\"@type\":\"ImageObject\",\"inLanguage\":\"fr-FR\",\"@id\":\"https:\/\/lyonbondyblog.fr\/LBB\/dossier-prostitution-pascale-boistard-ministre-droits-des-femmes-il-faut-responsabiliser-le-client\/#primaryimage\",\"url\":\"https:\/\/lyonbondyblog.fr\/LBB\/wp-content\/uploads\/2014\/12\/Pascale-boistard-\u00a9philippe-Grangeaud.jpg\",\"contentUrl\":\"https:\/\/lyonbondyblog.fr\/LBB\/wp-content\/uploads\/2014\/12\/Pascale-boistard-\u00a9philippe-Grangeaud.jpg\",\"width\":640,\"height\":427,\"caption\":\"Pascale boistard \u00a9philippe Grangeaud\"},{\"@type\":\"WebSite\",\"@id\":\"https:\/\/lyonbondyblog.fr\/LBB\/#website\",\"url\":\"https:\/\/lyonbondyblog.fr\/LBB\/\",\"name\":\"Lyon Bondy Blog\",\"description\":\"\",\"publisher\":{\"@id\":\"https:\/\/lyonbondyblog.fr\/LBB\/#organization\"},\"potentialAction\":[{\"@type\":\"SearchAction\",\"target\":{\"@type\":\"EntryPoint\",\"urlTemplate\":\"https:\/\/lyonbondyblog.fr\/LBB\/?s={search_term_string}\"},\"query-input\":\"required name=search_term_string\"}],\"inLanguage\":\"fr-FR\"},{\"@type\":\"Organization\",\"@id\":\"https:\/\/lyonbondyblog.fr\/LBB\/#organization\",\"name\":\"LYON BONDY BLOG\",\"url\":\"https:\/\/lyonbondyblog.fr\/LBB\/\",\"logo\":{\"@type\":\"ImageObject\",\"inLanguage\":\"fr-FR\",\"@id\":\"https:\/\/lyonbondyblog.fr\/LBB\/#\/schema\/logo\/image\/\",\"url\":\"http:\/\/lyonbondyblog.fr\/LBB\/wp-content\/uploads\/2014\/10\/logo-portable-144.png\",\"contentUrl\":\"http:\/\/lyonbondyblog.fr\/LBB\/wp-content\/uploads\/2014\/10\/logo-portable-144.png\",\"width\":144,\"height\":123,\"caption\":\"LYON BONDY BLOG\"},\"image\":{\"@id\":\"https:\/\/lyonbondyblog.fr\/LBB\/#\/schema\/logo\/image\/\"},\"sameAs\":[\"https:\/\/www.facebook.com\/lyonbondyblog\",\"https:\/\/x.com\/bondybloglyon\"]},{\"@type\":\"Person\",\"@id\":\"https:\/\/lyonbondyblog.fr\/LBB\/#\/schema\/person\/5e9904261c1f613c8e6ea22045b1353d\",\"name\":\"Etienne Aazzab\",\"description\":\"Etienne a contribu\u00e9 depuis 2 ans dans le journal satirique FOUTOU\u2019ART. Il a int\u00e9gr\u00e9 l\u2019\u00e9quipe du \u00ab clic 2014 \u00bb : Collectif local d\u2019informations citoyennes \u00e0 partir de novembre 2013. Il rejoint le Lyon Bondy Blog \u00e0 partir de janvier 2014. Twitter : @AazzabEtienne Ses sujets de pr\u00e9dilection : #Politique #Soci\u00e9t\u00e9 #Sport\",\"sameAs\":[\"https:\/\/x.com\/AazzabEtienne\"],\"url\":\"https:\/\/lyonbondyblog.fr\/LBB\/author\/etienne\/\"}]}<\/script>\n<!-- \/ Yoast SEO plugin. -->","yoast_head_json":{"title":"Prostitution- Pascale Boistard\u00a0\u00abIl faut responsabiliser le client\u00bb","description":"Pascale Boistard, Secr\u00e9taire d\u2019\u00c9tat Droits des femmes explique le travail \u00e0 accomplir dans les ann\u00e9es \u00e0 venirvenir sur le sujet sensible de la prostitution","robots":{"index":"index","follow":"follow","max-snippet":"max-snippet:-1","max-image-preview":"max-image-preview:large","max-video-preview":"max-video-preview:-1"},"canonical":"https:\/\/lyonbondyblog.fr\/LBB\/dossier-prostitution-pascale-boistard-ministre-droits-des-femmes-il-faut-responsabiliser-le-client\/","og_locale":"fr_FR","og_type":"article","og_title":"Prostitution- Pascale Boistard\u00a0\u00abIl faut responsabiliser le client\u00bb","og_description":"Pascale Boistard, Secr\u00e9taire d\u2019\u00c9tat Droits des femmes explique le travail \u00e0 accomplir dans les ann\u00e9es \u00e0 venirvenir sur le sujet sensible de la prostitution","og_url":"https:\/\/lyonbondyblog.fr\/LBB\/dossier-prostitution-pascale-boistard-ministre-droits-des-femmes-il-faut-responsabiliser-le-client\/","og_site_name":"Lyon Bondy Blog","article_publisher":"https:\/\/www.facebook.com\/lyonbondyblog","article_published_time":"2014-12-02T14:08:30+00:00","article_modified_time":"2015-05-31T08:18:49+00:00","og_image":[{"width":640,"height":427,"url":"https:\/\/lyonbondyblog.fr\/LBB\/wp-content\/uploads\/2014\/12\/Pascale-boistard-\u00a9philippe-Grangeaud.jpg","type":"image\/jpeg"}],"author":"Etienne Aazzab","twitter_card":"summary_large_image","twitter_creator":"@AazzabEtienne","twitter_site":"@bondybloglyon","schema":{"@context":"https:\/\/schema.org","@graph":[{"@type":"Article","@id":"https:\/\/lyonbondyblog.fr\/LBB\/dossier-prostitution-pascale-boistard-ministre-droits-des-femmes-il-faut-responsabiliser-le-client\/#article","isPartOf":{"@id":"https:\/\/lyonbondyblog.fr\/LBB\/dossier-prostitution-pascale-boistard-ministre-droits-des-femmes-il-faut-responsabiliser-le-client\/"},"author":{"name":"Etienne Aazzab","@id":"https:\/\/lyonbondyblog.fr\/LBB\/#\/schema\/person\/5e9904261c1f613c8e6ea22045b1353d"},"headline":"EXCLU LBB &#8211; Pascale Boistard (Ministre Droits des femmes)\u00a0: \u00ab\u00a0Il faut responsabiliser le client\u00a0\u00bb","datePublished":"2014-12-02T14:08:30+00:00","dateModified":"2015-05-31T08:18:49+00:00","mainEntityOfPage":{"@id":"https:\/\/lyonbondyblog.fr\/LBB\/dossier-prostitution-pascale-boistard-ministre-droits-des-femmes-il-faut-responsabiliser-le-client\/"},"wordCount":1641,"commentCount":0,"publisher":{"@id":"https:\/\/lyonbondyblog.fr\/LBB\/#organization"},"image":{"@id":"https:\/\/lyonbondyblog.fr\/LBB\/dossier-prostitution-pascale-boistard-ministre-droits-des-femmes-il-faut-responsabiliser-le-client\/#primaryimage"},"thumbnailUrl":"https:\/\/lyonbondyblog.fr\/LBB\/wp-content\/uploads\/2014\/12\/Pascale-boistard-\u00a9philippe-Grangeaud.jpg","keywords":["2014","abolitionnistes","association","d\u00e9bat","esclavage","europe","europ\u00e9en","france","gouvernement","international","interview","jeune","LBB","lyon","mission","politique","prostitution","racolage","rassemblement","sexe","social","violences"],"articleSection":["France","Politique","Prostitution","Soci\u00e9t\u00e9"],"inLanguage":"fr-FR","potentialAction":[{"@type":"CommentAction","name":"Comment","target":["https:\/\/lyonbondyblog.fr\/LBB\/dossier-prostitution-pascale-boistard-ministre-droits-des-femmes-il-faut-responsabiliser-le-client\/#respond"]}]},{"@type":"WebPage","@id":"https:\/\/lyonbondyblog.fr\/LBB\/dossier-prostitution-pascale-boistard-ministre-droits-des-femmes-il-faut-responsabiliser-le-client\/","url":"https:\/\/lyonbondyblog.fr\/LBB\/dossier-prostitution-pascale-boistard-ministre-droits-des-femmes-il-faut-responsabiliser-le-client\/","name":"Prostitution- Pascale Boistard\u00a0\u00abIl faut responsabiliser le client\u00bb","isPartOf":{"@id":"https:\/\/lyonbondyblog.fr\/LBB\/#website"},"primaryImageOfPage":{"@id":"https:\/\/lyonbondyblog.fr\/LBB\/dossier-prostitution-pascale-boistard-ministre-droits-des-femmes-il-faut-responsabiliser-le-client\/#primaryimage"},"image":{"@id":"https:\/\/lyonbondyblog.fr\/LBB\/dossier-prostitution-pascale-boistard-ministre-droits-des-femmes-il-faut-responsabiliser-le-client\/#primaryimage"},"thumbnailUrl":"https:\/\/lyonbondyblog.fr\/LBB\/wp-content\/uploads\/2014\/12\/Pascale-boistard-\u00a9philippe-Grangeaud.jpg","datePublished":"2014-12-02T14:08:30+00:00","dateModified":"2015-05-31T08:18:49+00:00","description":"Pascale Boistard, Secr\u00e9taire d\u2019\u00c9tat Droits des femmes explique le travail \u00e0 accomplir dans les ann\u00e9es \u00e0 venirvenir sur le sujet sensible de la prostitution","inLanguage":"fr-FR","potentialAction":[{"@type":"ReadAction","target":["https:\/\/lyonbondyblog.fr\/LBB\/dossier-prostitution-pascale-boistard-ministre-droits-des-femmes-il-faut-responsabiliser-le-client\/"]}]},{"@type":"ImageObject","inLanguage":"fr-FR","@id":"https:\/\/lyonbondyblog.fr\/LBB\/dossier-prostitution-pascale-boistard-ministre-droits-des-femmes-il-faut-responsabiliser-le-client\/#primaryimage","url":"https:\/\/lyonbondyblog.fr\/LBB\/wp-content\/uploads\/2014\/12\/Pascale-boistard-\u00a9philippe-Grangeaud.jpg","contentUrl":"https:\/\/lyonbondyblog.fr\/LBB\/wp-content\/uploads\/2014\/12\/Pascale-boistard-\u00a9philippe-Grangeaud.jpg","width":640,"height":427,"caption":"Pascale boistard \u00a9philippe Grangeaud"},{"@type":"WebSite","@id":"https:\/\/lyonbondyblog.fr\/LBB\/#website","url":"https:\/\/lyonbondyblog.fr\/LBB\/","name":"Lyon Bondy Blog","description":"","publisher":{"@id":"https:\/\/lyonbondyblog.fr\/LBB\/#organization"},"potentialAction":[{"@type":"SearchAction","target":{"@type":"EntryPoint","urlTemplate":"https:\/\/lyonbondyblog.fr\/LBB\/?s={search_term_string}"},"query-input":"required name=search_term_string"}],"inLanguage":"fr-FR"},{"@type":"Organization","@id":"https:\/\/lyonbondyblog.fr\/LBB\/#organization","name":"LYON BONDY BLOG","url":"https:\/\/lyonbondyblog.fr\/LBB\/","logo":{"@type":"ImageObject","inLanguage":"fr-FR","@id":"https:\/\/lyonbondyblog.fr\/LBB\/#\/schema\/logo\/image\/","url":"http:\/\/lyonbondyblog.fr\/LBB\/wp-content\/uploads\/2014\/10\/logo-portable-144.png","contentUrl":"http:\/\/lyonbondyblog.fr\/LBB\/wp-content\/uploads\/2014\/10\/logo-portable-144.png","width":144,"height":123,"caption":"LYON BONDY BLOG"},"image":{"@id":"https:\/\/lyonbondyblog.fr\/LBB\/#\/schema\/logo\/image\/"},"sameAs":["https:\/\/www.facebook.com\/lyonbondyblog","https:\/\/x.com\/bondybloglyon"]},{"@type":"Person","@id":"https:\/\/lyonbondyblog.fr\/LBB\/#\/schema\/person\/5e9904261c1f613c8e6ea22045b1353d","name":"Etienne Aazzab","description":"Etienne a contribu\u00e9 depuis 2 ans dans le journal satirique FOUTOU\u2019ART. Il a int\u00e9gr\u00e9 l\u2019\u00e9quipe du \u00ab clic 2014 \u00bb : Collectif local d\u2019informations citoyennes \u00e0 partir de novembre 2013. Il rejoint le Lyon Bondy Blog \u00e0 partir de janvier 2014. Twitter : @AazzabEtienne Ses sujets de pr\u00e9dilection : #Politique #Soci\u00e9t\u00e9 #Sport","sameAs":["https:\/\/x.com\/AazzabEtienne"],"url":"https:\/\/lyonbondyblog.fr\/LBB\/author\/etienne\/"}]}},"_links":{"self":[{"href":"https:\/\/lyonbondyblog.fr\/LBB\/wp-json\/wp\/v2\/posts\/7529","targetHints":{"allow":["GET"]}}],"collection":[{"href":"https:\/\/lyonbondyblog.fr\/LBB\/wp-json\/wp\/v2\/posts"}],"about":[{"href":"https:\/\/lyonbondyblog.fr\/LBB\/wp-json\/wp\/v2\/types\/post"}],"author":[{"embeddable":true,"href":"https:\/\/lyonbondyblog.fr\/LBB\/wp-json\/wp\/v2\/users\/33"}],"replies":[{"embeddable":true,"href":"https:\/\/lyonbondyblog.fr\/LBB\/wp-json\/wp\/v2\/comments?post=7529"}],"version-history":[{"count":0,"href":"https:\/\/lyonbondyblog.fr\/LBB\/wp-json\/wp\/v2\/posts\/7529\/revisions"}],"wp:featuredmedia":[{"embeddable":true,"href":"https:\/\/lyonbondyblog.fr\/LBB\/wp-json\/wp\/v2\/media\/7534"}],"wp:attachment":[{"href":"https:\/\/lyonbondyblog.fr\/LBB\/wp-json\/wp\/v2\/media?parent=7529"}],"wp:term":[{"taxonomy":"category","embeddable":true,"href":"https:\/\/lyonbondyblog.fr\/LBB\/wp-json\/wp\/v2\/categories?post=7529"},{"taxonomy":"post_tag","embeddable":true,"href":"https:\/\/lyonbondyblog.fr\/LBB\/wp-json\/wp\/v2\/tags?post=7529"}],"curies":[{"name":"wp","href":"https:\/\/api.w.org\/{rel}","templated":true}]}}