{"id":7343,"date":"2014-10-27T15:12:49","date_gmt":"2014-10-27T14:12:49","guid":{"rendered":"http:\/\/lyonbondyblog.fr\/LBB\/?p=7343"},"modified":"2014-10-29T15:18:30","modified_gmt":"2014-10-29T14:18:30","slug":"cheia-milouda-lange-gardien-des-enfants-de-humour","status":"publish","type":"post","link":"https:\/\/lyonbondyblog.fr\/LBB\/cheia-milouda-lange-gardien-des-enfants-de-humour\/","title":{"rendered":"Cheia Milouda, l\u2019ange gardien des enfants de l\u2019humour"},"content":{"rendered":"<p><strong>La fondatrice de Vaulx Premi\u00e8res Planche \u00e9met une aura tr\u00e8s forte aupr\u00e8s des espoirs du stand-up et de l\u2019improvisation. Dans le cadre de l\u2019association, l\u2019adjointe administrative \u00e2g\u00e9e de 50 ans et issue du quartier de La Thibaude guide les artistes dans leur carri\u00e8re qui eux m\u00eame n\u2019h\u00e9sitent jamais \u00e0 lui exprimer leur reconnaissance dans les m\u00e9dias et sur sc\u00e8ne. Le festival Rires D\u2019automne, remport\u00e9 cette ann\u00e9e par Harry Nichen, demeure l\u2019une de ses plus belles r\u00e9ussites. Entretien.<\/strong><\/p>\n<p>&nbsp;<\/p>\n<p><strong><img loading=\"lazy\" decoding=\"async\" class=\"alignleft size-medium wp-image-7359\" src=\"https:\/\/lyonbondyblog.fr\/LBB\/wp-content\/uploads\/2014\/10\/Cheia-Milouda-300x279.jpg\" alt=\"Cheia Milouda\" width=\"300\" height=\"279\" srcset=\"https:\/\/lyonbondyblog.fr\/LBB\/wp-content\/uploads\/2014\/10\/Cheia-Milouda-300x279.jpg 300w, https:\/\/lyonbondyblog.fr\/LBB\/wp-content\/uploads\/2014\/10\/Cheia-Milouda.jpg 400w\" sizes=\"auto, (max-width: 300px) 100vw, 300px\" \/>Peux-tu me retracer la gen\u00e8se de l\u2019association Vaulx Premi\u00e8res Planches\u00a0?\u00a0\u00a0<\/strong><\/p>\n<p>L\u2019association a \u00e9t\u00e9 cr\u00e9\u00e9e en 2006. Moi et quatre des amis avions \u00e9t\u00e9 contact\u00e9 en tant qu\u2019habitantes par la mairie pour cr\u00e9er une pi\u00e8ce pour l\u2019\u00e9cole Fr\u00e9d\u00e9rico Garcia Llorca. Une fois qu\u2019elle a \u00e9t\u00e9 achev\u00e9e et pr\u00e9sent\u00e9e, nous sommes rest\u00e9es sur notre faim malgr\u00e9 le noyau qui s\u2019\u00e9tait cr\u00e9\u00e9. Pour continuer, on nous a soumis l\u2019id\u00e9e d\u2019une association et c\u2019est de l\u00e0 que Vaulx Premi\u00e8res Planches s\u2019est cr\u00e9\u00e9e. Cela a germ\u00e9 tout de suite gr\u00e2ce \u00e0 des spectacles d\u2019improvisation suivis de d\u00e9bats. Mes amies et moi avions ce besoin de monter sur sc\u00e8ne et de communiquer, d\u00e9battre \u00e0 travers l\u2019humour. C\u2019\u00e9tait plus ludique qu\u2019autre chose. Au bout de deux ans, le maire de l\u2019\u00e9poque Maurice Charrier est venu \u00e0 notre premi\u00e8re cr\u00e9ation \u00ab\u00a0Il fait trop froid dehors\u00a0\u00bb. Il parlait d\u2019une SDF qui vivait dans une all\u00e9e et sympathisait avec les jeunes de cette all\u00e9e. Ceux-ci la trouvent d\u00e9c\u00e9d\u00e9e dans cette m\u00eame all\u00e9e. On d\u00e9couvre la vie de ce personnage \u00e0 travers les r\u00e9actions des habitants de l\u2019immeuble et des jeunes.\u00a0\u00a0 \u00a0Les personnages qui racontent toute son histoire de son vivant.<\/p>\n<p><strong>Comment Vaulx Premi\u00e8res Planches est il devenu ce fameux tremplin pour les jeunes humoristes bas\u00e9s en banlieue\u00a0? \u00a0 \u00a0<\/strong><\/p>\n<p>Vaulx Premi\u00e8res Planche a rev\u00eatu cette cape en 2012 lorsque Rman s\u2019est r\u00e9v\u00e9l\u00e9. L\u2019id\u00e9e du festival Rires d\u2019Automnes germait dans ma t\u00eate depuis bien longtemps d\u00e9j\u00e0. J\u2019avais pr\u00e9sent\u00e9 les grandes lignes d\u2019un projet en 2007 qui a \u00e9chou\u00e9 pour des questions de budget puis j\u2019ai \u00e9t\u00e9 pouss\u00e9 par l\u2019adjoint de la culture de l\u2019\u00e9poque et le duo d\u2019humoristes Amine et Rachid qui forment le groupe Is no good. On a utilis\u00e9 le cirque Imagine au Carr\u00e9 de Soie \u00e0 Vaulx-en-Velin en 2012. Nous d\u00e9butions en tant que novices avec de nombreuses questions \u00e0 r\u00e9gler (techniciens, locations, budget\u2026). La premi\u00e8re ann\u00e9e, on faisait le concours le vendredi et le festival le samedi. Aujourd\u2019hui il est \u00e0 une semaine du festival.<\/p>\n<p><img loading=\"lazy\" decoding=\"async\" class=\"aligncenter size-full wp-image-7362\" src=\"https:\/\/lyonbondyblog.fr\/LBB\/wp-content\/uploads\/2014\/10\/Toujours-aupr\u00e8s-de-ses-prot\u00e9g\u00e9s.jpg\" alt=\"Toujours aupr\u00e8s de ses prot\u00e9g\u00e9s\" width=\"600\" height=\"291\" srcset=\"https:\/\/lyonbondyblog.fr\/LBB\/wp-content\/uploads\/2014\/10\/Toujours-aupr\u00e8s-de-ses-prot\u00e9g\u00e9s.jpg 600w, https:\/\/lyonbondyblog.fr\/LBB\/wp-content\/uploads\/2014\/10\/Toujours-aupr\u00e8s-de-ses-prot\u00e9g\u00e9s-300x145.jpg 300w\" sizes=\"auto, (max-width: 600px) 100vw, 600px\" \/><\/p>\n<p><strong>Le Festival Rire D\u2019automnes que l\u2019on a pu appr\u00e9cier au d\u00e9but du mois d\u2019octobre est un peu la cl\u00e9 de vo\u00fbte du festival\u2026<\/strong><\/p>\n<p>Il permet d\u2019ouvrir la porte \u00e0 des jeunes qui ne sont pas encore rod\u00e9s, les mettre en contact avec des laur\u00e9ats et m\u00eame des pros. C\u2019est tr\u00e8s important que ces derniers discutent avec des laur\u00e9ats pour leur expliquer l\u2019envers du rideau. Il y en a toujours dix. La premi\u00e8re ann\u00e9e, ils pr\u00e9sentaient deux ou trois minutes. Aujourd\u2019hui, ils ont dix minutes pour pr\u00e9senter. Au Jamel Comedy Club, ils ont cinq minutes. On ne cherche pas que des humoristes, mais aussi des magiciens et des contorsionnistes. La premi\u00e8re ann\u00e9e, on a eu des chanteurs aussi. Les artistes sont pay\u00e9s avec un contrat. Le budget est de 6 000 euros cette ann\u00e9e. Pour nous, c\u2019est beaucoup. La mairie et l\u2019Etat participent \u00e0 hauteur de 3 600 euros.<\/p>\n<p><strong>C\u2019est difficile de faire venir une grande personnalit\u00e9 comme Booder en tant que ma\u00eetre de c\u00e9r\u00e9monie\u00a0?<\/strong><\/p>\n<p>Il faut avoir les contacts. Depuis deux ans, c\u2019est gr\u00e2ce \u00e0 Amine d\u2019Is no Good que sa pr\u00e9sence est possible. Et puis il est tr\u00e8s accessible, c\u2019est quelqu\u2019un qui discute volontiers avec les jeunes et c\u2019est tr\u00e8s important pour eux. C\u2019est mieux qu\u2019une vitrine.<\/p>\n<p><img loading=\"lazy\" decoding=\"async\" class=\"alignright size-medium wp-image-7361\" src=\"https:\/\/lyonbondyblog.fr\/LBB\/wp-content\/uploads\/2014\/10\/logo-VPP-282x300.jpg\" alt=\"logo VPP\" width=\"282\" height=\"300\" srcset=\"https:\/\/lyonbondyblog.fr\/LBB\/wp-content\/uploads\/2014\/10\/logo-VPP-282x300.jpg 282w, https:\/\/lyonbondyblog.fr\/LBB\/wp-content\/uploads\/2014\/10\/logo-VPP.jpg 300w\" sizes=\"auto, (max-width: 282px) 100vw, 282px\" \/><\/p>\n<p><strong>Certains de ces artistes issus de Vaulx Premi\u00e8res Planches et m\u00eame du concours du festival amorcent leur carri\u00e8re\u2026 \u00a0<\/strong><\/p>\n<p>Rman, Nassim Bombo et Lionel Lacroute r\u00e9alisent un beau parcours. Fayss to Face, qui a fini deuxi\u00e8me de cette \u00e9dition\u00a02014, a un avenir tr\u00e8s prometteur. Lui qui est d\u00e9j\u00e0 dans la vid\u00e9o est tr\u00e8s perfectionniste et il n\u2019arr\u00eatera pas tant qu\u2019il n\u2019aura pas atteint un tr\u00e8s bon niveau.<\/p>\n<p><strong>Tu dis avec beaucoup d\u2019humour que tu es celle qui leur donne les coups\u00a0! Que leur apportes-tu concr\u00e8tement\u00a0?\u00a0\u00a0<\/strong><\/p>\n<p>Je suis plus pr\u00e9sente au niveau p\u00e9dagogique. Au niveau artistique c\u2019est Mehdi Ait Hamoudi qui est coach, car il a un dipl\u00f4me de com\u00e9dien. En termes financiers, nous sommes pr\u00e9sents pour les d\u00e9placements lors des concours qui ont tout de m\u00eame un co\u00fbt. Ils ne pourraient pas se l\u2019offrir tout seuls. Nous sommes une grande famille\u00a0et il faut se soutenir les uns et les autres\u00a0! Quand on se d\u00e9place \u00e0 Clichy sous Bois ou ailleurs, on nous remarque, car nous sommes tr\u00e8s soud\u00e9s. Ce n\u2019est pas chacun pour soi.<\/p>\n<p><strong>Tu dois g\u00e9rer aussi de vraies personnalit\u00e9s\u2026<br \/>\n<\/strong><\/p>\n<p>Ils ont chacun leurs traits de caract\u00e8re et leurs histoires aussi. Rman, il ne faut surtout pas le caresser dans le sens du poil. Lui dire que c\u2019\u00e9tait bien \u00e0 la sortie de la sc\u00e8ne alors que ce n\u2019\u00e9tait pas le cas, c\u2019est s\u2019exposer \u00e0 un regard en trois temps\u00a0! La premi\u00e8re fois que je l\u2019ai vu, il m\u2019a \u00e9t\u00e9 pr\u00e9sent\u00e9 lors de matchs d\u2019improvisation et j\u2019ai trouv\u00e9 en lui un vrai potentiel. Je l\u2019ai incit\u00e9 \u00e0 s\u2019inscrire au concours et il a gagn\u00e9. Nassim Bombo, je l\u2019avais remarqu\u00e9 \u00e0 la salle Victor Jarra il y a bien longtemps auparavant et je lui ai trouv\u00e9 \u00e9galement du potentiel. Je l\u2019ai revu il y a deux ans devant un bureau de tabac et je l\u2019ai incit\u00e9 \u00e0 venir. L\u2019ann\u00e9e derni\u00e8re il a fini par se pr\u00e9senter au festival et il a fini deuxi\u00e8me au concours puis a remport\u00e9 le concours de Clichy. Lionel Lacroute est l\u00e0 depuis l\u2019ann\u00e9e derni\u00e8re. Il n\u2019a pas \u00e9t\u00e9 plac\u00e9 sur le podium. Il est venu pour se perfectionner.<\/p>\n<p><strong>Penses-tu que la situation des artistes intermittents du spectacle va s\u2019am\u00e9liorer\u00a0?<br \/>\n<\/strong><\/p>\n<p>D\u2019ici deux ou trois ans, les choses vont bouger, mais pour l\u2019instant on est ralenti par la crise. C\u2019est pour cela qu\u2019on a fait des tarifs d\u2019entr\u00e9e tr\u00e8s bas au festival Rires d\u2019Automnes (10 euros). Lyon est une plaque tournante de l\u2019humour. Paris est satur\u00e9. Le festival Rires d\u2019Automnes est entr\u00e9 dans sa phase de maturit\u00e9. On commence \u00e0 y croire.<\/p>\n<p>&nbsp;<\/p>\n<h1>Sur le m\u00eame sujet<\/h1>\n<h1 class=\"post-title title title-large entry-title\"><a title=\"Festival Rire d\u2019Automnes\u00a0: la banlieue ne perd pas son sens de l\u2019humour\" href=\"https:\/\/lyonbondyblog.fr\/LBB\/festival-rire-dautomnes-la-banlieue-ne-perd-pas-son-sens-de-l-humour\/\">Le festival de rire Vaulx Premi\u00e8res Planches<\/a><\/h1>\n<!-- AddThis Advanced Settings generic via filter on the_content --><!-- AddThis Share Buttons generic via filter on the_content -->","protected":false},"excerpt":{"rendered":"<p>La fondatrice de Vaulx Premi\u00e8res Planche \u00e9met une aura tr\u00e8s forte aupr\u00e8s des espoirs du stand-up et de l\u2019improvisation. Dans le cadre de l\u2019association, l\u2019adjointe &hellip; <!-- AddThis Advanced Settings generic via filter on wp_trim_excerpt --><!-- AddThis Share Buttons generic via filter on wp_trim_excerpt --><\/p>\n","protected":false},"author":28,"featured_media":7360,"comment_status":"open","ping_status":"open","sticky":false,"template":"","format":"standard","meta":{"_FSMCFIC_featured_image_caption":"","_FSMCFIC_featured_image_nocaption":"","_FSMCFIC_featured_image_hide":"","footnotes":""},"categories":[5,4],"tags":[614,687,815,264,1145,216,10,556,635],"class_list":["post-7343","post","type-post","status-publish","format-standard","has-post-thumbnail","hentry","category-ambiance","category-lyon","tag-614","tag-banlieue","tag-carre-de-soie","tag-festival","tag-jamel-comedy-club","tag-jeunes","tag-lyon-2","tag-quartier","tag-vaulx-en-velin"],"yoast_head":"<!-- This site is optimized with the Yoast SEO plugin v22.8 - https:\/\/yoast.com\/wordpress\/plugins\/seo\/ -->\n<title>Cheia Milouda, l\u2019ange gardien des enfants de l\u2019humour<\/title>\n<meta name=\"description\" content=\"La fondatrice de Vaulx Premi\u00e8res Planche \u00e9met une aura tr\u00e8s forte aupr\u00e8s des espoirs du stand-up et de l\u2019improvisation.\" \/>\n<meta name=\"robots\" content=\"index, follow, max-snippet:-1, max-image-preview:large, max-video-preview:-1\" \/>\n<link rel=\"canonical\" href=\"https:\/\/lyonbondyblog.fr\/LBB\/cheia-milouda-lange-gardien-des-enfants-de-humour\/\" \/>\n<meta property=\"og:locale\" content=\"fr_FR\" \/>\n<meta property=\"og:type\" content=\"article\" \/>\n<meta property=\"og:title\" content=\"Cheia Milouda, l\u2019ange gardien des enfants de l\u2019humour\" \/>\n<meta property=\"og:description\" content=\"La fondatrice de Vaulx Premi\u00e8res Planche \u00e9met une aura tr\u00e8s forte aupr\u00e8s des espoirs du stand-up et de l\u2019improvisation.\" \/>\n<meta property=\"og:url\" content=\"https:\/\/lyonbondyblog.fr\/LBB\/cheia-milouda-lange-gardien-des-enfants-de-humour\/\" \/>\n<meta property=\"og:site_name\" content=\"Lyon Bondy Blog\" \/>\n<meta property=\"article:publisher\" content=\"https:\/\/www.facebook.com\/lyonbondyblog\" \/>\n<meta property=\"article:published_time\" content=\"2014-10-27T14:12:49+00:00\" \/>\n<meta property=\"article:modified_time\" content=\"2014-10-29T14:18:30+00:00\" \/>\n<meta property=\"og:image\" content=\"https:\/\/lyonbondyblog.fr\/LBB\/wp-content\/uploads\/2014\/10\/Les-trois-mousquetaires-de-VPP.jpg\" \/>\n\t<meta property=\"og:image:width\" content=\"600\" \/>\n\t<meta property=\"og:image:height\" content=\"389\" \/>\n\t<meta property=\"og:image:type\" content=\"image\/jpeg\" \/>\n<meta name=\"author\" content=\"Mohamed Braiki\" \/>\n<meta name=\"twitter:card\" content=\"summary_large_image\" \/>\n<meta name=\"twitter:creator\" content=\"@bondybloglyon\" \/>\n<meta name=\"twitter:site\" content=\"@bondybloglyon\" \/>\n<script type=\"application\/ld+json\" class=\"yoast-schema-graph\">{\"@context\":\"https:\/\/schema.org\",\"@graph\":[{\"@type\":\"Article\",\"@id\":\"https:\/\/lyonbondyblog.fr\/LBB\/cheia-milouda-lange-gardien-des-enfants-de-humour\/#article\",\"isPartOf\":{\"@id\":\"https:\/\/lyonbondyblog.fr\/LBB\/cheia-milouda-lange-gardien-des-enfants-de-humour\/\"},\"author\":{\"name\":\"Mohamed Braiki\",\"@id\":\"https:\/\/lyonbondyblog.fr\/LBB\/#\/schema\/person\/558339ea4e67b07f7a2df48e9605b75c\"},\"headline\":\"Cheia Milouda, l\u2019ange gardien des enfants de l\u2019humour\",\"datePublished\":\"2014-10-27T14:12:49+00:00\",\"dateModified\":\"2014-10-29T14:18:30+00:00\",\"mainEntityOfPage\":{\"@id\":\"https:\/\/lyonbondyblog.fr\/LBB\/cheia-milouda-lange-gardien-des-enfants-de-humour\/\"},\"wordCount\":1230,\"commentCount\":0,\"publisher\":{\"@id\":\"https:\/\/lyonbondyblog.fr\/LBB\/#organization\"},\"image\":{\"@id\":\"https:\/\/lyonbondyblog.fr\/LBB\/cheia-milouda-lange-gardien-des-enfants-de-humour\/#primaryimage\"},\"thumbnailUrl\":\"https:\/\/lyonbondyblog.fr\/LBB\/wp-content\/uploads\/2014\/10\/Les-trois-mousquetaires-de-VPP.jpg\",\"keywords\":[\"2014\",\"banlieue\",\"carr\u00e9 de Soie\",\"festival\",\"Jamel Comedy Club\",\"jeunes\",\"lyon\",\"quartier\",\"Vaulx-en-Velin\"],\"articleSection\":[\"Ambiance\",\"Lyon\"],\"inLanguage\":\"fr-FR\",\"potentialAction\":[{\"@type\":\"CommentAction\",\"name\":\"Comment\",\"target\":[\"https:\/\/lyonbondyblog.fr\/LBB\/cheia-milouda-lange-gardien-des-enfants-de-humour\/#respond\"]}]},{\"@type\":\"WebPage\",\"@id\":\"https:\/\/lyonbondyblog.fr\/LBB\/cheia-milouda-lange-gardien-des-enfants-de-humour\/\",\"url\":\"https:\/\/lyonbondyblog.fr\/LBB\/cheia-milouda-lange-gardien-des-enfants-de-humour\/\",\"name\":\"Cheia Milouda, l\u2019ange gardien des enfants de l\u2019humour\",\"isPartOf\":{\"@id\":\"https:\/\/lyonbondyblog.fr\/LBB\/#website\"},\"primaryImageOfPage\":{\"@id\":\"https:\/\/lyonbondyblog.fr\/LBB\/cheia-milouda-lange-gardien-des-enfants-de-humour\/#primaryimage\"},\"image\":{\"@id\":\"https:\/\/lyonbondyblog.fr\/LBB\/cheia-milouda-lange-gardien-des-enfants-de-humour\/#primaryimage\"},\"thumbnailUrl\":\"https:\/\/lyonbondyblog.fr\/LBB\/wp-content\/uploads\/2014\/10\/Les-trois-mousquetaires-de-VPP.jpg\",\"datePublished\":\"2014-10-27T14:12:49+00:00\",\"dateModified\":\"2014-10-29T14:18:30+00:00\",\"description\":\"La fondatrice de Vaulx Premi\u00e8res Planche \u00e9met une aura tr\u00e8s forte aupr\u00e8s des espoirs du stand-up et de l\u2019improvisation.\",\"inLanguage\":\"fr-FR\",\"potentialAction\":[{\"@type\":\"ReadAction\",\"target\":[\"https:\/\/lyonbondyblog.fr\/LBB\/cheia-milouda-lange-gardien-des-enfants-de-humour\/\"]}]},{\"@type\":\"ImageObject\",\"inLanguage\":\"fr-FR\",\"@id\":\"https:\/\/lyonbondyblog.fr\/LBB\/cheia-milouda-lange-gardien-des-enfants-de-humour\/#primaryimage\",\"url\":\"https:\/\/lyonbondyblog.fr\/LBB\/wp-content\/uploads\/2014\/10\/Les-trois-mousquetaires-de-VPP.jpg\",\"contentUrl\":\"https:\/\/lyonbondyblog.fr\/LBB\/wp-content\/uploads\/2014\/10\/Les-trois-mousquetaires-de-VPP.jpg\",\"width\":600,\"height\":389},{\"@type\":\"WebSite\",\"@id\":\"https:\/\/lyonbondyblog.fr\/LBB\/#website\",\"url\":\"https:\/\/lyonbondyblog.fr\/LBB\/\",\"name\":\"Lyon Bondy Blog\",\"description\":\"\",\"publisher\":{\"@id\":\"https:\/\/lyonbondyblog.fr\/LBB\/#organization\"},\"potentialAction\":[{\"@type\":\"SearchAction\",\"target\":{\"@type\":\"EntryPoint\",\"urlTemplate\":\"https:\/\/lyonbondyblog.fr\/LBB\/?s={search_term_string}\"},\"query-input\":\"required name=search_term_string\"}],\"inLanguage\":\"fr-FR\"},{\"@type\":\"Organization\",\"@id\":\"https:\/\/lyonbondyblog.fr\/LBB\/#organization\",\"name\":\"LYON BONDY BLOG\",\"url\":\"https:\/\/lyonbondyblog.fr\/LBB\/\",\"logo\":{\"@type\":\"ImageObject\",\"inLanguage\":\"fr-FR\",\"@id\":\"https:\/\/lyonbondyblog.fr\/LBB\/#\/schema\/logo\/image\/\",\"url\":\"http:\/\/lyonbondyblog.fr\/LBB\/wp-content\/uploads\/2014\/10\/logo-portable-144.png\",\"contentUrl\":\"http:\/\/lyonbondyblog.fr\/LBB\/wp-content\/uploads\/2014\/10\/logo-portable-144.png\",\"width\":144,\"height\":123,\"caption\":\"LYON BONDY BLOG\"},\"image\":{\"@id\":\"https:\/\/lyonbondyblog.fr\/LBB\/#\/schema\/logo\/image\/\"},\"sameAs\":[\"https:\/\/www.facebook.com\/lyonbondyblog\",\"https:\/\/x.com\/bondybloglyon\"]},{\"@type\":\"Person\",\"@id\":\"https:\/\/lyonbondyblog.fr\/LBB\/#\/schema\/person\/558339ea4e67b07f7a2df48e9605b75c\",\"name\":\"Mohamed Braiki\",\"description\":\"Natif de Lyon et enfant des Minguettes, je suis dipl\u00f4m\u00e9 de Lettres de la Fac de Lyon 2 et l\u2019EFAP Rh\u00f4ne Alpes. J\u2019ai roul\u00e9 ma bosse dans des r\u00e9dactions lyonnaises comme la radio Lyon Sport 98.4, Le Progr\u00e8s, Foot 69.fr, Tribune de Lyon et Lyon Capitale. braikimohamed@yahoo.fr\",\"url\":\"https:\/\/lyonbondyblog.fr\/LBB\/author\/mohamed\/\"}]}<\/script>\n<!-- \/ Yoast SEO plugin. -->","yoast_head_json":{"title":"Cheia Milouda, l\u2019ange gardien des enfants de l\u2019humour","description":"La fondatrice de Vaulx Premi\u00e8res Planche \u00e9met une aura tr\u00e8s forte aupr\u00e8s des espoirs du stand-up et de l\u2019improvisation.","robots":{"index":"index","follow":"follow","max-snippet":"max-snippet:-1","max-image-preview":"max-image-preview:large","max-video-preview":"max-video-preview:-1"},"canonical":"https:\/\/lyonbondyblog.fr\/LBB\/cheia-milouda-lange-gardien-des-enfants-de-humour\/","og_locale":"fr_FR","og_type":"article","og_title":"Cheia Milouda, l\u2019ange gardien des enfants de l\u2019humour","og_description":"La fondatrice de Vaulx Premi\u00e8res Planche \u00e9met une aura tr\u00e8s forte aupr\u00e8s des espoirs du stand-up et de l\u2019improvisation.","og_url":"https:\/\/lyonbondyblog.fr\/LBB\/cheia-milouda-lange-gardien-des-enfants-de-humour\/","og_site_name":"Lyon Bondy Blog","article_publisher":"https:\/\/www.facebook.com\/lyonbondyblog","article_published_time":"2014-10-27T14:12:49+00:00","article_modified_time":"2014-10-29T14:18:30+00:00","og_image":[{"width":600,"height":389,"url":"https:\/\/lyonbondyblog.fr\/LBB\/wp-content\/uploads\/2014\/10\/Les-trois-mousquetaires-de-VPP.jpg","type":"image\/jpeg"}],"author":"Mohamed Braiki","twitter_card":"summary_large_image","twitter_creator":"@bondybloglyon","twitter_site":"@bondybloglyon","schema":{"@context":"https:\/\/schema.org","@graph":[{"@type":"Article","@id":"https:\/\/lyonbondyblog.fr\/LBB\/cheia-milouda-lange-gardien-des-enfants-de-humour\/#article","isPartOf":{"@id":"https:\/\/lyonbondyblog.fr\/LBB\/cheia-milouda-lange-gardien-des-enfants-de-humour\/"},"author":{"name":"Mohamed Braiki","@id":"https:\/\/lyonbondyblog.fr\/LBB\/#\/schema\/person\/558339ea4e67b07f7a2df48e9605b75c"},"headline":"Cheia Milouda, l\u2019ange gardien des enfants de l\u2019humour","datePublished":"2014-10-27T14:12:49+00:00","dateModified":"2014-10-29T14:18:30+00:00","mainEntityOfPage":{"@id":"https:\/\/lyonbondyblog.fr\/LBB\/cheia-milouda-lange-gardien-des-enfants-de-humour\/"},"wordCount":1230,"commentCount":0,"publisher":{"@id":"https:\/\/lyonbondyblog.fr\/LBB\/#organization"},"image":{"@id":"https:\/\/lyonbondyblog.fr\/LBB\/cheia-milouda-lange-gardien-des-enfants-de-humour\/#primaryimage"},"thumbnailUrl":"https:\/\/lyonbondyblog.fr\/LBB\/wp-content\/uploads\/2014\/10\/Les-trois-mousquetaires-de-VPP.jpg","keywords":["2014","banlieue","carr\u00e9 de Soie","festival","Jamel Comedy Club","jeunes","lyon","quartier","Vaulx-en-Velin"],"articleSection":["Ambiance","Lyon"],"inLanguage":"fr-FR","potentialAction":[{"@type":"CommentAction","name":"Comment","target":["https:\/\/lyonbondyblog.fr\/LBB\/cheia-milouda-lange-gardien-des-enfants-de-humour\/#respond"]}]},{"@type":"WebPage","@id":"https:\/\/lyonbondyblog.fr\/LBB\/cheia-milouda-lange-gardien-des-enfants-de-humour\/","url":"https:\/\/lyonbondyblog.fr\/LBB\/cheia-milouda-lange-gardien-des-enfants-de-humour\/","name":"Cheia Milouda, l\u2019ange gardien des enfants de l\u2019humour","isPartOf":{"@id":"https:\/\/lyonbondyblog.fr\/LBB\/#website"},"primaryImageOfPage":{"@id":"https:\/\/lyonbondyblog.fr\/LBB\/cheia-milouda-lange-gardien-des-enfants-de-humour\/#primaryimage"},"image":{"@id":"https:\/\/lyonbondyblog.fr\/LBB\/cheia-milouda-lange-gardien-des-enfants-de-humour\/#primaryimage"},"thumbnailUrl":"https:\/\/lyonbondyblog.fr\/LBB\/wp-content\/uploads\/2014\/10\/Les-trois-mousquetaires-de-VPP.jpg","datePublished":"2014-10-27T14:12:49+00:00","dateModified":"2014-10-29T14:18:30+00:00","description":"La fondatrice de Vaulx Premi\u00e8res Planche \u00e9met une aura tr\u00e8s forte aupr\u00e8s des espoirs du stand-up et de l\u2019improvisation.","inLanguage":"fr-FR","potentialAction":[{"@type":"ReadAction","target":["https:\/\/lyonbondyblog.fr\/LBB\/cheia-milouda-lange-gardien-des-enfants-de-humour\/"]}]},{"@type":"ImageObject","inLanguage":"fr-FR","@id":"https:\/\/lyonbondyblog.fr\/LBB\/cheia-milouda-lange-gardien-des-enfants-de-humour\/#primaryimage","url":"https:\/\/lyonbondyblog.fr\/LBB\/wp-content\/uploads\/2014\/10\/Les-trois-mousquetaires-de-VPP.jpg","contentUrl":"https:\/\/lyonbondyblog.fr\/LBB\/wp-content\/uploads\/2014\/10\/Les-trois-mousquetaires-de-VPP.jpg","width":600,"height":389},{"@type":"WebSite","@id":"https:\/\/lyonbondyblog.fr\/LBB\/#website","url":"https:\/\/lyonbondyblog.fr\/LBB\/","name":"Lyon Bondy Blog","description":"","publisher":{"@id":"https:\/\/lyonbondyblog.fr\/LBB\/#organization"},"potentialAction":[{"@type":"SearchAction","target":{"@type":"EntryPoint","urlTemplate":"https:\/\/lyonbondyblog.fr\/LBB\/?s={search_term_string}"},"query-input":"required name=search_term_string"}],"inLanguage":"fr-FR"},{"@type":"Organization","@id":"https:\/\/lyonbondyblog.fr\/LBB\/#organization","name":"LYON BONDY BLOG","url":"https:\/\/lyonbondyblog.fr\/LBB\/","logo":{"@type":"ImageObject","inLanguage":"fr-FR","@id":"https:\/\/lyonbondyblog.fr\/LBB\/#\/schema\/logo\/image\/","url":"http:\/\/lyonbondyblog.fr\/LBB\/wp-content\/uploads\/2014\/10\/logo-portable-144.png","contentUrl":"http:\/\/lyonbondyblog.fr\/LBB\/wp-content\/uploads\/2014\/10\/logo-portable-144.png","width":144,"height":123,"caption":"LYON BONDY BLOG"},"image":{"@id":"https:\/\/lyonbondyblog.fr\/LBB\/#\/schema\/logo\/image\/"},"sameAs":["https:\/\/www.facebook.com\/lyonbondyblog","https:\/\/x.com\/bondybloglyon"]},{"@type":"Person","@id":"https:\/\/lyonbondyblog.fr\/LBB\/#\/schema\/person\/558339ea4e67b07f7a2df48e9605b75c","name":"Mohamed Braiki","description":"Natif de Lyon et enfant des Minguettes, je suis dipl\u00f4m\u00e9 de Lettres de la Fac de Lyon 2 et l\u2019EFAP Rh\u00f4ne Alpes. J\u2019ai roul\u00e9 ma bosse dans des r\u00e9dactions lyonnaises comme la radio Lyon Sport 98.4, Le Progr\u00e8s, Foot 69.fr, Tribune de Lyon et Lyon Capitale. braikimohamed@yahoo.fr","url":"https:\/\/lyonbondyblog.fr\/LBB\/author\/mohamed\/"}]}},"_links":{"self":[{"href":"https:\/\/lyonbondyblog.fr\/LBB\/wp-json\/wp\/v2\/posts\/7343","targetHints":{"allow":["GET"]}}],"collection":[{"href":"https:\/\/lyonbondyblog.fr\/LBB\/wp-json\/wp\/v2\/posts"}],"about":[{"href":"https:\/\/lyonbondyblog.fr\/LBB\/wp-json\/wp\/v2\/types\/post"}],"author":[{"embeddable":true,"href":"https:\/\/lyonbondyblog.fr\/LBB\/wp-json\/wp\/v2\/users\/28"}],"replies":[{"embeddable":true,"href":"https:\/\/lyonbondyblog.fr\/LBB\/wp-json\/wp\/v2\/comments?post=7343"}],"version-history":[{"count":0,"href":"https:\/\/lyonbondyblog.fr\/LBB\/wp-json\/wp\/v2\/posts\/7343\/revisions"}],"wp:featuredmedia":[{"embeddable":true,"href":"https:\/\/lyonbondyblog.fr\/LBB\/wp-json\/wp\/v2\/media\/7360"}],"wp:attachment":[{"href":"https:\/\/lyonbondyblog.fr\/LBB\/wp-json\/wp\/v2\/media?parent=7343"}],"wp:term":[{"taxonomy":"category","embeddable":true,"href":"https:\/\/lyonbondyblog.fr\/LBB\/wp-json\/wp\/v2\/categories?post=7343"},{"taxonomy":"post_tag","embeddable":true,"href":"https:\/\/lyonbondyblog.fr\/LBB\/wp-json\/wp\/v2\/tags?post=7343"}],"curies":[{"name":"wp","href":"https:\/\/api.w.org\/{rel}","templated":true}]}}