{"id":7302,"date":"2014-10-15T09:25:00","date_gmt":"2014-10-15T07:25:00","guid":{"rendered":"http:\/\/lyonbondyblog.fr\/LBB\/?p=7302"},"modified":"2014-10-14T17:10:13","modified_gmt":"2014-10-14T15:10:13","slug":"maxwell-lechat-lyon-va-quitter-cage","status":"publish","type":"post","link":"https:\/\/lyonbondyblog.fr\/LBB\/maxwell-lechat-lyon-va-quitter-cage\/","title":{"rendered":"Maxwell Lechat\u00a0: le Lyon va quitter sa cage"},"content":{"rendered":"<p><strong>Maxwell Lechat est un rappeur de 38 ans d\u2019origine angolaise. Son premier album \u00ab\u00a0identidade perdida\u00a0\u00bb (identit\u00e9 perdue en portugais) et ses textes tr\u00e8s engag\u00e9s l\u2019ont forc\u00e9 \u00e0 quitter son pays. Il est venu se r\u00e9fugier en France, dans la commune de Vaulx-en-Velin, en 2006.<\/strong><\/p>\n<p>&nbsp;<\/p>\n<p>Apr\u00e8s avoir travaill\u00e9 avec des artistes comme Gerri Madani (Ndlr vous pouvez consulter les articles du LBB sur Gerri Madani <a href=\"https:\/\/lyonbondyblog.fr\/LBB\/festival-loriginal-soiree-madany-family\/\">ici<\/a> et <a href=\"https:\/\/lyonbondyblog.fr\/LBB\/gerry-madani-rappeur-olympien-aborde-marseille\/\">l\u00e0<\/a>) ou Baki RS, Maxwell se consacre aujourd\u2019hui \u00e0 sa propre musique. Dans son dernier clip \u00ab\u00a0Cin\u00e9ma\u00a0\u00bb, le producteur, choriste et compositeur offre un rap cadenc\u00e9, caract\u00e9ris\u00e9 par des sonorit\u00e9s nouvelles qui rappellent ses origines.<\/p>\n<p>https:\/\/www.youtube.com\/watch?v=PZbJIB6CW_I<\/p>\n<p>Avec son label ind\u00e9pendant Miauhstyle Music, Maxwell d\u00e9voile une nouvelle fa\u00e7on de consid\u00e9rer le rap lyonnais. Quatre artistes travaillent actuellement pour ce label avec un objectif commun\u00a0: aller vers l\u2019autre et aider les talents lyonnais \u00e0 percer dans la musique. D\u2019apr\u00e8s Maxwell, si Lyon n\u2019a jamais r\u00e9ussi \u00e0 se faire une place sur la sc\u00e8ne fran\u00e7aise c\u2019est parce que la ville n\u2019a pas une identit\u00e9 suffisamment prononc\u00e9e. D\u00e9termin\u00e9 comme jamais, Maxwell veut inciter les Lyonnais \u00e0 cr\u00e9er cette identit\u00e9 et la propager dans l\u2019agglom\u00e9ration pour se faire conna\u00eetre et reconna\u00eetre.<\/p>\n<p>C\u2019est avec un dynamisme et un amour hors du commun pour la capitale des Gaules que Maxwell Lechat et Miauhstyle Music ont mis en place un projet plus ambitieux que jamais\u00a0: la danse du Lyon.<\/p>\n<p>Enjou\u00e9 comme un enfant la veille de No\u00ebl, Maxwell raconte les ambitions de ce projet innovant.<\/p>\n<h2>\u00ab\u00a0II faut montrer qu\u2019on a une belle ville, qu\u2019on est capable de faire quelque chose d\u2019original\u00a0\u00bb<\/h2>\n<p>Maxwell nous explique que Lyon a besoin d\u2019un tremplin pour se mettre au m\u00eame niveau que Paris ou Marseille\u00a0:<\/p>\n<blockquote><p>\u00ab\u00a0La danse du Lyon\u00a0! C\u2019est ce dont on a besoin\u00a0!\u00a0\u00bb s\u2019exclame-t-il. \u00ab\u00a0Il faut que chacun participe, ce n\u2019est pas grand-chose, juste un petit pas de danse devant nos cam\u00e9ras. Si le nombre de participants augmente, les gens s\u2019y int\u00e9resseront et on gagnera en cr\u00e9dibilit\u00e9\u00a0\u00bb.<\/p><\/blockquote>\n<p><img loading=\"lazy\" decoding=\"async\" class=\"aligncenter wp-image-7311 size-full\" src=\"https:\/\/lyonbondyblog.fr\/LBB\/wp-content\/uploads\/2014\/10\/maxwell-s2dalife-studio-lyon-1-e1413299253871.jpg\" alt=\"maxwell-s2dalife-studio-lyon-1\" width=\"600\" height=\"402\" \/>Le label Miauhstyle projette d\u2019inviter un certain nombre de t\u00eates d\u2019affiche lyonnaises \u00e0 participer \u00e0 la danse afin d\u2019aider le projet \u00e0 se lancer. En postant le r\u00e9sultat de ses collaborations sur les r\u00e9seaux sociaux, le label esp\u00e8re \u00e9veiller la curiosit\u00e9 du plus grand nombre.<\/p>\n<h2>Son nouveau single \u00ab\u00a0Un dernier verre\u00a0\u00bb sort le 20 octobre prochain<\/h2>\n<p>Le projet la danse du Lyon est en fait une introduction \u00e0 l\u2019album du m\u00eame nom sur lequel Maxwell travaille activement depuis des mois. Mais en attendant de se tr\u00e9mousser sur cette curieuse java, Lechat souhaite gagner en l\u00e9gitimit\u00e9 \u00e0 Lyon. Il est actuellement en pleines n\u00e9gociations avec les \u00e9lus pour obtenir des autorisations de tournages dans diff\u00e9rentes places lyonnaises.<\/p>\n<p>Avant de lancer ce projet qu\u2019il couve depuis des mois, Maxwell veut en mettre plein la vue avec son nouveau single \u00ab\u00a0Un dernier verre\u00a0\u00bb dont la sortie est pr\u00e9vue le 20 octobre prochain. Suspense\u2026<\/p>\n<!-- AddThis Advanced Settings generic via filter on the_content --><!-- AddThis Share Buttons generic via filter on the_content -->","protected":false},"excerpt":{"rendered":"<p>Maxwell Lechat est un rappeur de 38 ans d\u2019origine angolaise. Son premier album \u00ab\u00a0identidade perdida\u00a0\u00bb (identit\u00e9 perdue en portugais) et ses textes tr\u00e8s engag\u00e9s l\u2019ont &hellip; <!-- AddThis Advanced Settings generic via filter on wp_trim_excerpt --><!-- AddThis Share Buttons generic via filter on wp_trim_excerpt --><\/p>\n","protected":false},"author":41,"featured_media":7312,"comment_status":"open","ping_status":"open","sticky":false,"template":"","format":"standard","meta":{"_FSMCFIC_featured_image_caption":"","_FSMCFIC_featured_image_nocaption":"","_FSMCFIC_featured_image_hide":"","footnotes":""},"categories":[5,3],"tags":[101,135,10,444,635],"class_list":["post-7302","post","type-post","status-publish","format-standard","has-post-thumbnail","hentry","category-ambiance","category-culture","tag-hip-hop","tag-lbb","tag-lyon-2","tag-rappeur","tag-vaulx-en-velin"],"yoast_head":"<!-- This site is optimized with the Yoast SEO plugin v22.8 - https:\/\/yoast.com\/wordpress\/plugins\/seo\/ -->\n<title>Maxwell Lechat\u00a0: le Lyon va quitter sa cage - Lyon Bondy Blog<\/title>\n<meta name=\"description\" content=\"Maxwell Lechat est un rappeur de 38 ans d\u2019origine angolaise. Son premier album \u00ab identidade perdida \u00bb (identit\u00e9 perdue en portugais) et ses textes tr\u00e8s engag\u00e9s l\u2019ont forc\u00e9 \u00e0 quitter son pays. Il est venu se r\u00e9fugier en France, dans la commune de Vaulx-en-Velin, en 2006.\" \/>\n<meta name=\"robots\" content=\"index, follow, max-snippet:-1, max-image-preview:large, max-video-preview:-1\" \/>\n<link rel=\"canonical\" href=\"https:\/\/lyonbondyblog.fr\/LBB\/maxwell-lechat-lyon-va-quitter-cage\/\" \/>\n<meta property=\"og:locale\" content=\"fr_FR\" \/>\n<meta property=\"og:type\" content=\"article\" \/>\n<meta property=\"og:title\" content=\"Maxwell Lechat\u00a0: le Lyon va quitter sa cage - Lyon Bondy Blog\" \/>\n<meta property=\"og:description\" content=\"Maxwell Lechat est un rappeur de 38 ans d\u2019origine angolaise. Son premier album \u00ab identidade perdida \u00bb (identit\u00e9 perdue en portugais) et ses textes tr\u00e8s engag\u00e9s l\u2019ont forc\u00e9 \u00e0 quitter son pays. Il est venu se r\u00e9fugier en France, dans la commune de Vaulx-en-Velin, en 2006.\" \/>\n<meta property=\"og:url\" content=\"https:\/\/lyonbondyblog.fr\/LBB\/maxwell-lechat-lyon-va-quitter-cage\/\" \/>\n<meta property=\"og:site_name\" content=\"Lyon Bondy Blog\" \/>\n<meta property=\"article:publisher\" content=\"https:\/\/www.facebook.com\/lyonbondyblog\" \/>\n<meta property=\"article:published_time\" content=\"2014-10-15T07:25:00+00:00\" \/>\n<meta property=\"article:modified_time\" content=\"2014-10-14T15:10:13+00:00\" \/>\n<meta property=\"og:image\" content=\"https:\/\/lyonbondyblog.fr\/LBB\/wp-content\/uploads\/2014\/10\/maxwell-s2dalife-studio-lyon-8.jpg\" \/>\n\t<meta property=\"og:image:width\" content=\"800\" \/>\n\t<meta property=\"og:image:height\" content=\"536\" \/>\n\t<meta property=\"og:image:type\" content=\"image\/jpeg\" \/>\n<meta name=\"author\" content=\"Farah Fabre\" \/>\n<meta name=\"twitter:card\" content=\"summary_large_image\" \/>\n<meta name=\"twitter:creator\" content=\"@bondybloglyon\" \/>\n<meta name=\"twitter:site\" content=\"@bondybloglyon\" \/>\n<script type=\"application\/ld+json\" class=\"yoast-schema-graph\">{\"@context\":\"https:\/\/schema.org\",\"@graph\":[{\"@type\":\"Article\",\"@id\":\"https:\/\/lyonbondyblog.fr\/LBB\/maxwell-lechat-lyon-va-quitter-cage\/#article\",\"isPartOf\":{\"@id\":\"https:\/\/lyonbondyblog.fr\/LBB\/maxwell-lechat-lyon-va-quitter-cage\/\"},\"author\":{\"name\":\"Farah Fabre\",\"@id\":\"https:\/\/lyonbondyblog.fr\/LBB\/#\/schema\/person\/65da936efbad1b338eab2e2386d63c92\"},\"headline\":\"Maxwell Lechat\u00a0: le Lyon va quitter sa cage\",\"datePublished\":\"2014-10-15T07:25:00+00:00\",\"dateModified\":\"2014-10-14T15:10:13+00:00\",\"mainEntityOfPage\":{\"@id\":\"https:\/\/lyonbondyblog.fr\/LBB\/maxwell-lechat-lyon-va-quitter-cage\/\"},\"wordCount\":534,\"commentCount\":0,\"publisher\":{\"@id\":\"https:\/\/lyonbondyblog.fr\/LBB\/#organization\"},\"image\":{\"@id\":\"https:\/\/lyonbondyblog.fr\/LBB\/maxwell-lechat-lyon-va-quitter-cage\/#primaryimage\"},\"thumbnailUrl\":\"https:\/\/lyonbondyblog.fr\/LBB\/wp-content\/uploads\/2014\/10\/maxwell-s2dalife-studio-lyon-8.jpg\",\"keywords\":[\"hip-hop\",\"LBB\",\"lyon\",\"rappeur\",\"Vaulx-en-Velin\"],\"articleSection\":[\"Ambiance\",\"Culture\"],\"inLanguage\":\"fr-FR\",\"potentialAction\":[{\"@type\":\"CommentAction\",\"name\":\"Comment\",\"target\":[\"https:\/\/lyonbondyblog.fr\/LBB\/maxwell-lechat-lyon-va-quitter-cage\/#respond\"]}]},{\"@type\":\"WebPage\",\"@id\":\"https:\/\/lyonbondyblog.fr\/LBB\/maxwell-lechat-lyon-va-quitter-cage\/\",\"url\":\"https:\/\/lyonbondyblog.fr\/LBB\/maxwell-lechat-lyon-va-quitter-cage\/\",\"name\":\"Maxwell Lechat\u00a0: le Lyon va quitter sa cage - Lyon Bondy Blog\",\"isPartOf\":{\"@id\":\"https:\/\/lyonbondyblog.fr\/LBB\/#website\"},\"primaryImageOfPage\":{\"@id\":\"https:\/\/lyonbondyblog.fr\/LBB\/maxwell-lechat-lyon-va-quitter-cage\/#primaryimage\"},\"image\":{\"@id\":\"https:\/\/lyonbondyblog.fr\/LBB\/maxwell-lechat-lyon-va-quitter-cage\/#primaryimage\"},\"thumbnailUrl\":\"https:\/\/lyonbondyblog.fr\/LBB\/wp-content\/uploads\/2014\/10\/maxwell-s2dalife-studio-lyon-8.jpg\",\"datePublished\":\"2014-10-15T07:25:00+00:00\",\"dateModified\":\"2014-10-14T15:10:13+00:00\",\"description\":\"Maxwell Lechat est un rappeur de 38 ans d\u2019origine angolaise. Son premier album \u00ab identidade perdida \u00bb (identit\u00e9 perdue en portugais) et ses textes tr\u00e8s engag\u00e9s l\u2019ont forc\u00e9 \u00e0 quitter son pays. Il est venu se r\u00e9fugier en France, dans la commune de Vaulx-en-Velin, en 2006.\",\"inLanguage\":\"fr-FR\",\"potentialAction\":[{\"@type\":\"ReadAction\",\"target\":[\"https:\/\/lyonbondyblog.fr\/LBB\/maxwell-lechat-lyon-va-quitter-cage\/\"]}]},{\"@type\":\"ImageObject\",\"inLanguage\":\"fr-FR\",\"@id\":\"https:\/\/lyonbondyblog.fr\/LBB\/maxwell-lechat-lyon-va-quitter-cage\/#primaryimage\",\"url\":\"https:\/\/lyonbondyblog.fr\/LBB\/wp-content\/uploads\/2014\/10\/maxwell-s2dalife-studio-lyon-8.jpg\",\"contentUrl\":\"https:\/\/lyonbondyblog.fr\/LBB\/wp-content\/uploads\/2014\/10\/maxwell-s2dalife-studio-lyon-8.jpg\",\"width\":800,\"height\":536},{\"@type\":\"WebSite\",\"@id\":\"https:\/\/lyonbondyblog.fr\/LBB\/#website\",\"url\":\"https:\/\/lyonbondyblog.fr\/LBB\/\",\"name\":\"Lyon Bondy Blog\",\"description\":\"\",\"publisher\":{\"@id\":\"https:\/\/lyonbondyblog.fr\/LBB\/#organization\"},\"potentialAction\":[{\"@type\":\"SearchAction\",\"target\":{\"@type\":\"EntryPoint\",\"urlTemplate\":\"https:\/\/lyonbondyblog.fr\/LBB\/?s={search_term_string}\"},\"query-input\":\"required name=search_term_string\"}],\"inLanguage\":\"fr-FR\"},{\"@type\":\"Organization\",\"@id\":\"https:\/\/lyonbondyblog.fr\/LBB\/#organization\",\"name\":\"LYON BONDY BLOG\",\"url\":\"https:\/\/lyonbondyblog.fr\/LBB\/\",\"logo\":{\"@type\":\"ImageObject\",\"inLanguage\":\"fr-FR\",\"@id\":\"https:\/\/lyonbondyblog.fr\/LBB\/#\/schema\/logo\/image\/\",\"url\":\"http:\/\/lyonbondyblog.fr\/LBB\/wp-content\/uploads\/2014\/10\/logo-portable-144.png\",\"contentUrl\":\"http:\/\/lyonbondyblog.fr\/LBB\/wp-content\/uploads\/2014\/10\/logo-portable-144.png\",\"width\":144,\"height\":123,\"caption\":\"LYON BONDY BLOG\"},\"image\":{\"@id\":\"https:\/\/lyonbondyblog.fr\/LBB\/#\/schema\/logo\/image\/\"},\"sameAs\":[\"https:\/\/www.facebook.com\/lyonbondyblog\",\"https:\/\/x.com\/bondybloglyon\"]},{\"@type\":\"Person\",\"@id\":\"https:\/\/lyonbondyblog.fr\/LBB\/#\/schema\/person\/65da936efbad1b338eab2e2386d63c92\",\"name\":\"Farah Fabre\",\"url\":\"https:\/\/lyonbondyblog.fr\/LBB\/author\/farah\/\"}]}<\/script>\n<!-- \/ Yoast SEO plugin. -->","yoast_head_json":{"title":"Maxwell Lechat\u00a0: le Lyon va quitter sa cage - Lyon Bondy Blog","description":"Maxwell Lechat est un rappeur de 38 ans d\u2019origine angolaise. Son premier album \u00ab identidade perdida \u00bb (identit\u00e9 perdue en portugais) et ses textes tr\u00e8s engag\u00e9s l\u2019ont forc\u00e9 \u00e0 quitter son pays. Il est venu se r\u00e9fugier en France, dans la commune de Vaulx-en-Velin, en 2006.","robots":{"index":"index","follow":"follow","max-snippet":"max-snippet:-1","max-image-preview":"max-image-preview:large","max-video-preview":"max-video-preview:-1"},"canonical":"https:\/\/lyonbondyblog.fr\/LBB\/maxwell-lechat-lyon-va-quitter-cage\/","og_locale":"fr_FR","og_type":"article","og_title":"Maxwell Lechat\u00a0: le Lyon va quitter sa cage - Lyon Bondy Blog","og_description":"Maxwell Lechat est un rappeur de 38 ans d\u2019origine angolaise. Son premier album \u00ab identidade perdida \u00bb (identit\u00e9 perdue en portugais) et ses textes tr\u00e8s engag\u00e9s l\u2019ont forc\u00e9 \u00e0 quitter son pays. Il est venu se r\u00e9fugier en France, dans la commune de Vaulx-en-Velin, en 2006.","og_url":"https:\/\/lyonbondyblog.fr\/LBB\/maxwell-lechat-lyon-va-quitter-cage\/","og_site_name":"Lyon Bondy Blog","article_publisher":"https:\/\/www.facebook.com\/lyonbondyblog","article_published_time":"2014-10-15T07:25:00+00:00","article_modified_time":"2014-10-14T15:10:13+00:00","og_image":[{"width":800,"height":536,"url":"https:\/\/lyonbondyblog.fr\/LBB\/wp-content\/uploads\/2014\/10\/maxwell-s2dalife-studio-lyon-8.jpg","type":"image\/jpeg"}],"author":"Farah Fabre","twitter_card":"summary_large_image","twitter_creator":"@bondybloglyon","twitter_site":"@bondybloglyon","schema":{"@context":"https:\/\/schema.org","@graph":[{"@type":"Article","@id":"https:\/\/lyonbondyblog.fr\/LBB\/maxwell-lechat-lyon-va-quitter-cage\/#article","isPartOf":{"@id":"https:\/\/lyonbondyblog.fr\/LBB\/maxwell-lechat-lyon-va-quitter-cage\/"},"author":{"name":"Farah Fabre","@id":"https:\/\/lyonbondyblog.fr\/LBB\/#\/schema\/person\/65da936efbad1b338eab2e2386d63c92"},"headline":"Maxwell Lechat\u00a0: le Lyon va quitter sa cage","datePublished":"2014-10-15T07:25:00+00:00","dateModified":"2014-10-14T15:10:13+00:00","mainEntityOfPage":{"@id":"https:\/\/lyonbondyblog.fr\/LBB\/maxwell-lechat-lyon-va-quitter-cage\/"},"wordCount":534,"commentCount":0,"publisher":{"@id":"https:\/\/lyonbondyblog.fr\/LBB\/#organization"},"image":{"@id":"https:\/\/lyonbondyblog.fr\/LBB\/maxwell-lechat-lyon-va-quitter-cage\/#primaryimage"},"thumbnailUrl":"https:\/\/lyonbondyblog.fr\/LBB\/wp-content\/uploads\/2014\/10\/maxwell-s2dalife-studio-lyon-8.jpg","keywords":["hip-hop","LBB","lyon","rappeur","Vaulx-en-Velin"],"articleSection":["Ambiance","Culture"],"inLanguage":"fr-FR","potentialAction":[{"@type":"CommentAction","name":"Comment","target":["https:\/\/lyonbondyblog.fr\/LBB\/maxwell-lechat-lyon-va-quitter-cage\/#respond"]}]},{"@type":"WebPage","@id":"https:\/\/lyonbondyblog.fr\/LBB\/maxwell-lechat-lyon-va-quitter-cage\/","url":"https:\/\/lyonbondyblog.fr\/LBB\/maxwell-lechat-lyon-va-quitter-cage\/","name":"Maxwell Lechat\u00a0: le Lyon va quitter sa cage - Lyon Bondy Blog","isPartOf":{"@id":"https:\/\/lyonbondyblog.fr\/LBB\/#website"},"primaryImageOfPage":{"@id":"https:\/\/lyonbondyblog.fr\/LBB\/maxwell-lechat-lyon-va-quitter-cage\/#primaryimage"},"image":{"@id":"https:\/\/lyonbondyblog.fr\/LBB\/maxwell-lechat-lyon-va-quitter-cage\/#primaryimage"},"thumbnailUrl":"https:\/\/lyonbondyblog.fr\/LBB\/wp-content\/uploads\/2014\/10\/maxwell-s2dalife-studio-lyon-8.jpg","datePublished":"2014-10-15T07:25:00+00:00","dateModified":"2014-10-14T15:10:13+00:00","description":"Maxwell Lechat est un rappeur de 38 ans d\u2019origine angolaise. Son premier album \u00ab identidade perdida \u00bb (identit\u00e9 perdue en portugais) et ses textes tr\u00e8s engag\u00e9s l\u2019ont forc\u00e9 \u00e0 quitter son pays. Il est venu se r\u00e9fugier en France, dans la commune de Vaulx-en-Velin, en 2006.","inLanguage":"fr-FR","potentialAction":[{"@type":"ReadAction","target":["https:\/\/lyonbondyblog.fr\/LBB\/maxwell-lechat-lyon-va-quitter-cage\/"]}]},{"@type":"ImageObject","inLanguage":"fr-FR","@id":"https:\/\/lyonbondyblog.fr\/LBB\/maxwell-lechat-lyon-va-quitter-cage\/#primaryimage","url":"https:\/\/lyonbondyblog.fr\/LBB\/wp-content\/uploads\/2014\/10\/maxwell-s2dalife-studio-lyon-8.jpg","contentUrl":"https:\/\/lyonbondyblog.fr\/LBB\/wp-content\/uploads\/2014\/10\/maxwell-s2dalife-studio-lyon-8.jpg","width":800,"height":536},{"@type":"WebSite","@id":"https:\/\/lyonbondyblog.fr\/LBB\/#website","url":"https:\/\/lyonbondyblog.fr\/LBB\/","name":"Lyon Bondy Blog","description":"","publisher":{"@id":"https:\/\/lyonbondyblog.fr\/LBB\/#organization"},"potentialAction":[{"@type":"SearchAction","target":{"@type":"EntryPoint","urlTemplate":"https:\/\/lyonbondyblog.fr\/LBB\/?s={search_term_string}"},"query-input":"required name=search_term_string"}],"inLanguage":"fr-FR"},{"@type":"Organization","@id":"https:\/\/lyonbondyblog.fr\/LBB\/#organization","name":"LYON BONDY BLOG","url":"https:\/\/lyonbondyblog.fr\/LBB\/","logo":{"@type":"ImageObject","inLanguage":"fr-FR","@id":"https:\/\/lyonbondyblog.fr\/LBB\/#\/schema\/logo\/image\/","url":"http:\/\/lyonbondyblog.fr\/LBB\/wp-content\/uploads\/2014\/10\/logo-portable-144.png","contentUrl":"http:\/\/lyonbondyblog.fr\/LBB\/wp-content\/uploads\/2014\/10\/logo-portable-144.png","width":144,"height":123,"caption":"LYON BONDY BLOG"},"image":{"@id":"https:\/\/lyonbondyblog.fr\/LBB\/#\/schema\/logo\/image\/"},"sameAs":["https:\/\/www.facebook.com\/lyonbondyblog","https:\/\/x.com\/bondybloglyon"]},{"@type":"Person","@id":"https:\/\/lyonbondyblog.fr\/LBB\/#\/schema\/person\/65da936efbad1b338eab2e2386d63c92","name":"Farah Fabre","url":"https:\/\/lyonbondyblog.fr\/LBB\/author\/farah\/"}]}},"_links":{"self":[{"href":"https:\/\/lyonbondyblog.fr\/LBB\/wp-json\/wp\/v2\/posts\/7302","targetHints":{"allow":["GET"]}}],"collection":[{"href":"https:\/\/lyonbondyblog.fr\/LBB\/wp-json\/wp\/v2\/posts"}],"about":[{"href":"https:\/\/lyonbondyblog.fr\/LBB\/wp-json\/wp\/v2\/types\/post"}],"author":[{"embeddable":true,"href":"https:\/\/lyonbondyblog.fr\/LBB\/wp-json\/wp\/v2\/users\/41"}],"replies":[{"embeddable":true,"href":"https:\/\/lyonbondyblog.fr\/LBB\/wp-json\/wp\/v2\/comments?post=7302"}],"version-history":[{"count":0,"href":"https:\/\/lyonbondyblog.fr\/LBB\/wp-json\/wp\/v2\/posts\/7302\/revisions"}],"wp:featuredmedia":[{"embeddable":true,"href":"https:\/\/lyonbondyblog.fr\/LBB\/wp-json\/wp\/v2\/media\/7312"}],"wp:attachment":[{"href":"https:\/\/lyonbondyblog.fr\/LBB\/wp-json\/wp\/v2\/media?parent=7302"}],"wp:term":[{"taxonomy":"category","embeddable":true,"href":"https:\/\/lyonbondyblog.fr\/LBB\/wp-json\/wp\/v2\/categories?post=7302"},{"taxonomy":"post_tag","embeddable":true,"href":"https:\/\/lyonbondyblog.fr\/LBB\/wp-json\/wp\/v2\/tags?post=7302"}],"curies":[{"name":"wp","href":"https:\/\/api.w.org\/{rel}","templated":true}]}}