{"id":7291,"date":"2014-10-14T14:46:37","date_gmt":"2014-10-14T12:46:37","guid":{"rendered":"http:\/\/lyonbondyblog.fr\/LBB\/?p=7291"},"modified":"2014-11-24T17:43:56","modified_gmt":"2014-11-24T16:43:56","slug":"sami-kdhir-voyage-provoque-prise-conscience","status":"publish","type":"post","link":"https:\/\/lyonbondyblog.fr\/LBB\/sami-kdhir-voyage-provoque-prise-conscience\/","title":{"rendered":"Sami Kdhir\u00a0: \u00ab\u00a0le voyage provoque la prise de conscience\u00a0\u00bb"},"content":{"rendered":"<p><strong>Son premier roman \u00ab\u00a0Sursis sans fronti\u00e8res\u00a0\u00bb, \u00e9dit\u00e9 <a href=\"http:\/\/www.edilivre.com\/deposez-votre-manuscrit.html?gclid=CJPk8f2o_sACFQEFaQodxqYAAQ\">chez Edilivre<\/a>, appara\u00eet comme un v\u00e9ritable exercice de style et de rh\u00e9torique. L\u2019essai est transform\u00e9 pour le jeune chef d&rsquo;entreprise\u00a0passionn\u00e9 du Mexique. Sami Kdhir livre un tableau sombre, mais r\u00e9aliste d\u2019une jeunesse fragile mani\u00e9e par le trafic de drogue. D\u00e9couverte. \u00a0 \u00a0<\/strong><\/p>\n<p><strong>Livre-nous la quatri\u00e8me de couv&rsquo; \u00bb de ton roman\u2026<\/strong><\/p>\n<p>C\u2019est l\u2019histoire de Belgacem, un jeune des Minguettes qui rentre dans l\u2019ill\u00e9galit\u00e9 sans se poser plus de questions sur son environnement. Il choisit toujours la facilit\u00e9 au point d\u2019\u00eatre pris dans un encha\u00eenement d\u2019\u00e9v\u00e8nements. On ne sait pas tout de suite qui est vraiment le personnage principal. Celui-ci se r\u00e9v\u00e8le au bout de quelques chapitres. C\u2019est important de cr\u00e9er un environnement avec des interactions et toutes sortes de personnages qui interviennent m\u00eame \u00e0 diff\u00e9rentes \u00e9poques. Il y a d\u2019abord le chef, Lotfi, qui est turbulent et martyrise les autres depuis son adolescence. Puis arrive Belgacem, son lieutenant qu\u2019on isole donc un peu au d\u00e9but avant de le faire \u00e9voluer dans un monde qui lui est totalement \u00e9tranger apr\u00e8s un voyage forc\u00e9. Il va avoir \u00e0 faire \u00e0 un monde nouveau.<\/p>\n<figure id=\"attachment_7294\" aria-describedby=\"caption-attachment-7294\" style=\"width: 600px\" class=\"wp-caption aligncenter\"><img loading=\"lazy\" decoding=\"async\" class=\"wp-image-7294 size-full\" src=\"https:\/\/lyonbondyblog.fr\/LBB\/wp-content\/uploads\/2014\/10\/un-livre-intriguant-qui-invite-\u00e0-l\u2019\u00e9vasion-e1413289621751.jpg\" alt=\"un livre intriguant qui invite \u00e0 l\u2019\u00e9vasion\" width=\"600\" height=\"435\" \/><figcaption id=\"caption-attachment-7294\" class=\"wp-caption-text\">un livre intriguant qui invite \u00e0 l\u2019\u00e9vasion<\/figcaption><\/figure>\n<h2>\u00ab\u00a0J\u2019ai trouv\u00e9 ma place ailleurs\u00a0\u00bb<\/h2>\n<p><strong>Quels sont tes liens avec la banlieue\u00a0?\u00a0\u00a0\u00a0\u00a0\u00a0\u00a0\u00a0\u00a0\u00a0\u00a0\u00a0\u00a0<\/strong><\/p>\n<p>Paradoxalement, je n\u2019ai jamais vraiment v\u00e9cu dans la p\u00e9riph\u00e9rie lyonnaise, mais \u00e0 la place du Pont (Lyon 3\u00e8me) qui subit finalement le m\u00eame genre de probl\u00e8mes et donc les m\u00eames clich\u00e9s. J\u2019\u00e9tais trop jeune pour vivre les \u00e9meutes de 1983 aux Minguettes et j\u2019ai les souvenirs des \u00e9meutes de 1991 \u00e0 Vaulx-en-Velin. On grandit dans la d\u00e9sinformation. Les m\u00e9dias reprennent certaines informations et on sait que ce n\u2019est pas exact. Au final, on se marginalise \u00e0 cause de cet interm\u00e9diaire qui montre le reste de la population comme des sauvages. J\u2019ai v\u00e9cu ce qui s\u2019est pass\u00e9 en 2005 \u00e0 Clichy-sous-Bois comme de la surench\u00e8re. Apr\u00e8s, cela provoque une comp\u00e9tition malsaine entre les quartiers.<\/p>\n<p><strong>Le th\u00e8me du voyage prend une grande place dans ce roman\u2026<\/strong><\/p>\n<p>C\u2019est symbolique, un r\u00e9flexe personnel. Je n\u2019ai pas le m\u00eame parcours que Belgacem, car j\u2019ai fait des \u00e9tudes et j\u2019ai \u00e9t\u00e9 \u00e9loign\u00e9 de tout cela. Mais je n\u2019ai jamais vraiment trouv\u00e9 ma place en France. C\u2019est en partant \u00e0 l\u2019\u00e9tranger que j\u2019ai eu l\u2019impression que l\u2019on se rendait compte de mes capacit\u00e9s. Le changement est brutal pour Belgacem avec son voyage vers le Mexique. Autant en France, il monte dans l\u2019ill\u00e9galit\u00e9, autant l\u00e0 bas il va vers une prise de conscience.<\/p>\n<h2>\u00ab\u00a0J\u2019ai \u00e9crit ce roman en quinze jours\u00a0\u00bb<\/h2>\n<p><strong>Tu n\u2019as pas \u00e9crit ce roman en France\u2026<\/strong><\/p>\n<p>Je l\u2019ai \u00e9crit \u00e0 Acapulco au Mexique o\u00f9 je me suis isol\u00e9 pendant quinze jours. L\u2019id\u00e9e d\u2019\u00e9crire ce livre m\u2019\u00e9tait venue en mars 2011 et je l\u2019ai laiss\u00e9 germer jusqu\u2019en mai 2013. J\u2019y \u00e9tais all\u00e9 pour quelques mois et je me souviens qu\u2019il pleuvait alors j\u2019en ai profit\u00e9 pour me donner \u00e0 fond. J\u2019ai \u00e9tudi\u00e9 en Espagne, je suis parti au Mexique dans le cadre d\u2019un \u00e9change pendant un an et j\u2019ai jou\u00e9 au football dans une \u00e9quipe universitaire. Depuis j\u2019y retourne d\u00e8s que je peux. La ville de mon c\u0153ur demeure Acapulco, car elle d\u00e9gage beaucoup de dynamisme et d\u2019\u00e9nergie. Elle est tr\u00e8s populaire. J\u2019essaie de la d\u00e9crire le mieux possible dans ce livre.<\/p>\n<p><strong>Quel cahier des charges as-tu suivi pour \u00e9crire \u00ab\u00a0Sursis sans fronti\u00e8re\u00a0\u00bb\u00a0?<\/strong><\/p>\n<p>Je ne suis pas tr\u00e8s litt\u00e9raire et dans l\u2019\u00e9criture de mon livre j\u2019ai essay\u00e9 de casser les codes. J\u2019ai volontiers utilis\u00e9 l\u2019argot. Il y a des insultes aussi. C\u2019est du franc-parler, un argot plut\u00f4t local avec un peu de verlan et \u00e7a donne plus de sinc\u00e9rit\u00e9 pour d\u00e9crire les situations, alors j\u2019y suis all\u00e9 avec insouciance. Mais face \u00e0 la critique, je me suis dit que tr\u00e8s peu de gens font la d\u00e9marche d\u2019\u00e9crire.<\/p>\n<p><img loading=\"lazy\" decoding=\"async\" class=\"alignright size-medium wp-image-7295\" src=\"https:\/\/lyonbondyblog.fr\/LBB\/wp-content\/uploads\/2014\/10\/Sami-Kdhir-2-200x300.jpg\" alt=\"Sami Kdhir 2\" width=\"200\" height=\"300\" srcset=\"https:\/\/lyonbondyblog.fr\/LBB\/wp-content\/uploads\/2014\/10\/Sami-Kdhir-2-200x300.jpg 200w, https:\/\/lyonbondyblog.fr\/LBB\/wp-content\/uploads\/2014\/10\/Sami-Kdhir-2.jpg 640w\" sizes=\"auto, (max-width: 200px) 100vw, 200px\" \/><\/p>\n<p><strong>Il y a aussi un lexique plut\u00f4t altruiste pour tous les lecteurs\u2026<\/strong><\/p>\n<p>Oui. Au tout d\u00e9but, il y a ce lexique qui explique les arabismes et m\u00eame une sorte de bande originale qui r\u00e9pertorie les musiques cit\u00e9es dans le texte (Kerry James, Cheb Hasni\u2026). Je me suis inspir\u00e9 de la mani\u00e8re de faire <a href=\"http:\/\/fr.wikipedia.org\/wiki\/Rachid_Santaki\">de l\u2019\u00e9crivain Rachid Santaki<\/a> (auteur de \u00ab\u00a0La petite cit\u00e9 dans la prairie\u00a0\u00bb et \u00ab\u00a0Flic ou Caillera\u00a0\u00bb). Cela ne m\u2019emp\u00eache pas d\u2019utiliser le langage soutenu aussi. Le lexique est l\u00e0 pour les gens qui ont un langage plus soutenu et qui ne sont pas habitu\u00e9s \u00e0 \u00ab\u00a0la rh\u00e9torique de la rue\u00a0\u00bb.<\/p>\n<p><strong>Pour quel public ce roman est-il destin\u00e9\u00a0?<\/strong><\/p>\n<p>Le meilleur public, ce serait les jeunes pour qu\u2019\u00e0 travers ces lignes, ils aient l\u2019occasion de voir autre chose, d\u2019\u00e9tudier. Le parcours de Belgacem peut inspirer, car les degr\u00e9s de l\u2019environnement influent \u00e9galement sur la personne. La jeunesse veut tout, tout de suite. Elle est impatiente. Mon but c\u2019est de faire \u00e9voluer ce personnage totalement perdu \u00e0 travers cela. Il y a des probl\u00e8mes qui sont ouvertement soulev\u00e9s.<\/p>\n<p><strong>Celui de l\u2019utra-lib\u00e9ralisme en est un\u2026<\/strong><\/p>\n<p>\u00c0 travers le trafic. Belgacem a des qualit\u00e9s de gestions qui lui sont plus ou moins utiles dans une soci\u00e9t\u00e9 capitaliste. En banlieue, les gens consomment sans vraiment \u00e9pargner, comme les classes moyennes. Cet ultralib\u00e9ralisme, on le retrouve aussi au Mexique. Aux feux rouges, il y a des vendeurs \u00e0 la sauvette. C\u2019est bien plus probant qu\u2019en France\u00a0!<\/p>\n<p><strong>Ce n\u2019est que le Tome\u00a01. Et le Tome\u00a02\u00a0?<\/strong><\/p>\n<p>Le Tome\u00a02 s\u2019intitulera Le Champ des narcos. Il y aura un retour en France, d\u2019autres personnages qui vont interf\u00e9rer et le Mexique sera toujours une sc\u00e8ne principale. Il sera livr\u00e9 en f\u00e9vrier 2015. Je vais partir \u00e0 l\u2019\u00e9tranger au Mexique pour l\u2019\u00e9crire, car j\u2019ai besoin de \u00e7a.<\/p>\n<p>&nbsp;<\/p>\n<p>Vid\u00e9o\u00a0: bande annonce de \u00ab\u00a0Sursis sans fronti\u00e8re\u00a0\u00bb<\/p>\n<p><iframe loading=\"lazy\" title=\"Bande annonce de Sursis sans fronti\u00e8res Tome 1 aux Editions Edilivre\" width=\"1200\" height=\"675\" src=\"https:\/\/www.youtube.com\/embed\/0I9L7FfE5Qo?feature=oembed\" frameborder=\"0\" allow=\"accelerometer; autoplay; clipboard-write; encrypted-media; gyroscope; picture-in-picture\" allowfullscreen><\/iframe><\/p>\n<!-- AddThis Advanced Settings generic via filter on the_content --><!-- AddThis Share Buttons generic via filter on the_content -->","protected":false},"excerpt":{"rendered":"<p>Son premier roman \u00ab\u00a0Sursis sans fronti\u00e8res\u00a0\u00bb, \u00e9dit\u00e9 chez Edilivre, appara\u00eet comme un v\u00e9ritable exercice de style et de rh\u00e9torique. L\u2019essai est transform\u00e9 pour le jeune &hellip; <!-- AddThis Advanced Settings generic via filter on wp_trim_excerpt --><!-- AddThis Share Buttons generic via filter on wp_trim_excerpt --><\/p>\n","protected":false},"author":28,"featured_media":7293,"comment_status":"open","ping_status":"open","sticky":false,"template":"","format":"standard","meta":{"_FSMCFIC_featured_image_caption":"","_FSMCFIC_featured_image_nocaption":"","_FSMCFIC_featured_image_hide":"","footnotes":""},"categories":[4,2],"tags":[937,614,687,135,770,556,635],"class_list":["post-7291","post","type-post","status-publish","format-standard","has-post-thumbnail","hentry","category-lyon","category-societe","tag-937","tag-614","tag-banlieue","tag-lbb","tag-minguettes","tag-quartier","tag-vaulx-en-velin"],"yoast_head":"<!-- This site is optimized with the Yoast SEO plugin v22.8 - https:\/\/yoast.com\/wordpress\/plugins\/seo\/ -->\n<title>Sami Kdhir : \u00ab le voyage provoque la prise de conscience \u00bb<\/title>\n<meta name=\"robots\" content=\"index, follow, max-snippet:-1, max-image-preview:large, max-video-preview:-1\" \/>\n<link rel=\"canonical\" href=\"https:\/\/lyonbondyblog.fr\/LBB\/sami-kdhir-voyage-provoque-prise-conscience\/\" \/>\n<meta property=\"og:locale\" content=\"fr_FR\" \/>\n<meta property=\"og:type\" content=\"article\" \/>\n<meta property=\"og:title\" content=\"Sami Kdhir : \u00ab le voyage provoque la prise de conscience \u00bb\" \/>\n<meta property=\"og:description\" content=\"Son premier roman \u00ab\u00a0Sursis sans fronti\u00e8res\u00a0\u00bb, \u00e9dit\u00e9 chez Edilivre, appara\u00eet comme un v\u00e9ritable exercice de style et de rh\u00e9torique. L\u2019essai est transform\u00e9 pour le jeune &hellip;\" \/>\n<meta property=\"og:url\" content=\"https:\/\/lyonbondyblog.fr\/LBB\/sami-kdhir-voyage-provoque-prise-conscience\/\" \/>\n<meta property=\"og:site_name\" content=\"Lyon Bondy Blog\" \/>\n<meta property=\"article:publisher\" content=\"https:\/\/www.facebook.com\/lyonbondyblog\" \/>\n<meta property=\"article:published_time\" content=\"2014-10-14T12:46:37+00:00\" \/>\n<meta property=\"article:modified_time\" content=\"2014-11-24T16:43:56+00:00\" \/>\n<meta property=\"og:image\" content=\"https:\/\/lyonbondyblog.fr\/LBB\/wp-content\/uploads\/2014\/10\/Sursis-sans-fronti\u00e8re-un-billet-pour-l\u00e9vasion.jpg\" \/>\n\t<meta property=\"og:image:width\" content=\"960\" \/>\n\t<meta property=\"og:image:height\" content=\"720\" \/>\n\t<meta property=\"og:image:type\" content=\"image\/jpeg\" \/>\n<meta name=\"author\" content=\"Mohamed Braiki\" \/>\n<meta name=\"twitter:card\" content=\"summary_large_image\" \/>\n<meta name=\"twitter:creator\" content=\"@bondybloglyon\" \/>\n<meta name=\"twitter:site\" content=\"@bondybloglyon\" \/>\n<script type=\"application\/ld+json\" class=\"yoast-schema-graph\">{\"@context\":\"https:\/\/schema.org\",\"@graph\":[{\"@type\":\"Article\",\"@id\":\"https:\/\/lyonbondyblog.fr\/LBB\/sami-kdhir-voyage-provoque-prise-conscience\/#article\",\"isPartOf\":{\"@id\":\"https:\/\/lyonbondyblog.fr\/LBB\/sami-kdhir-voyage-provoque-prise-conscience\/\"},\"author\":{\"name\":\"Mohamed Braiki\",\"@id\":\"https:\/\/lyonbondyblog.fr\/LBB\/#\/schema\/person\/558339ea4e67b07f7a2df48e9605b75c\"},\"headline\":\"Sami Kdhir\u00a0: \u00ab\u00a0le voyage provoque la prise de conscience\u00a0\u00bb\",\"datePublished\":\"2014-10-14T12:46:37+00:00\",\"dateModified\":\"2014-11-24T16:43:56+00:00\",\"mainEntityOfPage\":{\"@id\":\"https:\/\/lyonbondyblog.fr\/LBB\/sami-kdhir-voyage-provoque-prise-conscience\/\"},\"wordCount\":1074,\"commentCount\":0,\"publisher\":{\"@id\":\"https:\/\/lyonbondyblog.fr\/LBB\/#organization\"},\"image\":{\"@id\":\"https:\/\/lyonbondyblog.fr\/LBB\/sami-kdhir-voyage-provoque-prise-conscience\/#primaryimage\"},\"thumbnailUrl\":\"https:\/\/lyonbondyblog.fr\/LBB\/wp-content\/uploads\/2014\/10\/Sursis-sans-fronti\u00e8re-un-billet-pour-l\u00e9vasion.jpg\",\"keywords\":[\"1983\",\"2014\",\"banlieue\",\"LBB\",\"Minguettes\",\"quartier\",\"Vaulx-en-Velin\"],\"articleSection\":[\"Lyon\",\"Soci\u00e9t\u00e9\"],\"inLanguage\":\"fr-FR\",\"potentialAction\":[{\"@type\":\"CommentAction\",\"name\":\"Comment\",\"target\":[\"https:\/\/lyonbondyblog.fr\/LBB\/sami-kdhir-voyage-provoque-prise-conscience\/#respond\"]}]},{\"@type\":\"WebPage\",\"@id\":\"https:\/\/lyonbondyblog.fr\/LBB\/sami-kdhir-voyage-provoque-prise-conscience\/\",\"url\":\"https:\/\/lyonbondyblog.fr\/LBB\/sami-kdhir-voyage-provoque-prise-conscience\/\",\"name\":\"Sami Kdhir : \u00ab le voyage provoque la prise de conscience \u00bb\",\"isPartOf\":{\"@id\":\"https:\/\/lyonbondyblog.fr\/LBB\/#website\"},\"primaryImageOfPage\":{\"@id\":\"https:\/\/lyonbondyblog.fr\/LBB\/sami-kdhir-voyage-provoque-prise-conscience\/#primaryimage\"},\"image\":{\"@id\":\"https:\/\/lyonbondyblog.fr\/LBB\/sami-kdhir-voyage-provoque-prise-conscience\/#primaryimage\"},\"thumbnailUrl\":\"https:\/\/lyonbondyblog.fr\/LBB\/wp-content\/uploads\/2014\/10\/Sursis-sans-fronti\u00e8re-un-billet-pour-l\u00e9vasion.jpg\",\"datePublished\":\"2014-10-14T12:46:37+00:00\",\"dateModified\":\"2014-11-24T16:43:56+00:00\",\"inLanguage\":\"fr-FR\",\"potentialAction\":[{\"@type\":\"ReadAction\",\"target\":[\"https:\/\/lyonbondyblog.fr\/LBB\/sami-kdhir-voyage-provoque-prise-conscience\/\"]}]},{\"@type\":\"ImageObject\",\"inLanguage\":\"fr-FR\",\"@id\":\"https:\/\/lyonbondyblog.fr\/LBB\/sami-kdhir-voyage-provoque-prise-conscience\/#primaryimage\",\"url\":\"https:\/\/lyonbondyblog.fr\/LBB\/wp-content\/uploads\/2014\/10\/Sursis-sans-fronti\u00e8re-un-billet-pour-l\u00e9vasion.jpg\",\"contentUrl\":\"https:\/\/lyonbondyblog.fr\/LBB\/wp-content\/uploads\/2014\/10\/Sursis-sans-fronti\u00e8re-un-billet-pour-l\u00e9vasion.jpg\",\"width\":960,\"height\":720,\"caption\":\"Sursis sans fronti\u00e8re, un billet pour l'\u00e9vasion\"},{\"@type\":\"WebSite\",\"@id\":\"https:\/\/lyonbondyblog.fr\/LBB\/#website\",\"url\":\"https:\/\/lyonbondyblog.fr\/LBB\/\",\"name\":\"Lyon Bondy Blog\",\"description\":\"\",\"publisher\":{\"@id\":\"https:\/\/lyonbondyblog.fr\/LBB\/#organization\"},\"potentialAction\":[{\"@type\":\"SearchAction\",\"target\":{\"@type\":\"EntryPoint\",\"urlTemplate\":\"https:\/\/lyonbondyblog.fr\/LBB\/?s={search_term_string}\"},\"query-input\":\"required name=search_term_string\"}],\"inLanguage\":\"fr-FR\"},{\"@type\":\"Organization\",\"@id\":\"https:\/\/lyonbondyblog.fr\/LBB\/#organization\",\"name\":\"LYON BONDY BLOG\",\"url\":\"https:\/\/lyonbondyblog.fr\/LBB\/\",\"logo\":{\"@type\":\"ImageObject\",\"inLanguage\":\"fr-FR\",\"@id\":\"https:\/\/lyonbondyblog.fr\/LBB\/#\/schema\/logo\/image\/\",\"url\":\"http:\/\/lyonbondyblog.fr\/LBB\/wp-content\/uploads\/2014\/10\/logo-portable-144.png\",\"contentUrl\":\"http:\/\/lyonbondyblog.fr\/LBB\/wp-content\/uploads\/2014\/10\/logo-portable-144.png\",\"width\":144,\"height\":123,\"caption\":\"LYON BONDY BLOG\"},\"image\":{\"@id\":\"https:\/\/lyonbondyblog.fr\/LBB\/#\/schema\/logo\/image\/\"},\"sameAs\":[\"https:\/\/www.facebook.com\/lyonbondyblog\",\"https:\/\/x.com\/bondybloglyon\"]},{\"@type\":\"Person\",\"@id\":\"https:\/\/lyonbondyblog.fr\/LBB\/#\/schema\/person\/558339ea4e67b07f7a2df48e9605b75c\",\"name\":\"Mohamed Braiki\",\"description\":\"Natif de Lyon et enfant des Minguettes, je suis dipl\u00f4m\u00e9 de Lettres de la Fac de Lyon 2 et l\u2019EFAP Rh\u00f4ne Alpes. J\u2019ai roul\u00e9 ma bosse dans des r\u00e9dactions lyonnaises comme la radio Lyon Sport 98.4, Le Progr\u00e8s, Foot 69.fr, Tribune de Lyon et Lyon Capitale. braikimohamed@yahoo.fr\",\"url\":\"https:\/\/lyonbondyblog.fr\/LBB\/author\/mohamed\/\"}]}<\/script>\n<!-- \/ Yoast SEO plugin. -->","yoast_head_json":{"title":"Sami Kdhir : \u00ab le voyage provoque la prise de conscience \u00bb","robots":{"index":"index","follow":"follow","max-snippet":"max-snippet:-1","max-image-preview":"max-image-preview:large","max-video-preview":"max-video-preview:-1"},"canonical":"https:\/\/lyonbondyblog.fr\/LBB\/sami-kdhir-voyage-provoque-prise-conscience\/","og_locale":"fr_FR","og_type":"article","og_title":"Sami Kdhir : \u00ab le voyage provoque la prise de conscience \u00bb","og_description":"Son premier roman \u00ab\u00a0Sursis sans fronti\u00e8res\u00a0\u00bb, \u00e9dit\u00e9 chez Edilivre, appara\u00eet comme un v\u00e9ritable exercice de style et de rh\u00e9torique. L\u2019essai est transform\u00e9 pour le jeune &hellip;","og_url":"https:\/\/lyonbondyblog.fr\/LBB\/sami-kdhir-voyage-provoque-prise-conscience\/","og_site_name":"Lyon Bondy Blog","article_publisher":"https:\/\/www.facebook.com\/lyonbondyblog","article_published_time":"2014-10-14T12:46:37+00:00","article_modified_time":"2014-11-24T16:43:56+00:00","og_image":[{"width":960,"height":720,"url":"https:\/\/lyonbondyblog.fr\/LBB\/wp-content\/uploads\/2014\/10\/Sursis-sans-fronti\u00e8re-un-billet-pour-l\u00e9vasion.jpg","type":"image\/jpeg"}],"author":"Mohamed Braiki","twitter_card":"summary_large_image","twitter_creator":"@bondybloglyon","twitter_site":"@bondybloglyon","schema":{"@context":"https:\/\/schema.org","@graph":[{"@type":"Article","@id":"https:\/\/lyonbondyblog.fr\/LBB\/sami-kdhir-voyage-provoque-prise-conscience\/#article","isPartOf":{"@id":"https:\/\/lyonbondyblog.fr\/LBB\/sami-kdhir-voyage-provoque-prise-conscience\/"},"author":{"name":"Mohamed Braiki","@id":"https:\/\/lyonbondyblog.fr\/LBB\/#\/schema\/person\/558339ea4e67b07f7a2df48e9605b75c"},"headline":"Sami Kdhir\u00a0: \u00ab\u00a0le voyage provoque la prise de conscience\u00a0\u00bb","datePublished":"2014-10-14T12:46:37+00:00","dateModified":"2014-11-24T16:43:56+00:00","mainEntityOfPage":{"@id":"https:\/\/lyonbondyblog.fr\/LBB\/sami-kdhir-voyage-provoque-prise-conscience\/"},"wordCount":1074,"commentCount":0,"publisher":{"@id":"https:\/\/lyonbondyblog.fr\/LBB\/#organization"},"image":{"@id":"https:\/\/lyonbondyblog.fr\/LBB\/sami-kdhir-voyage-provoque-prise-conscience\/#primaryimage"},"thumbnailUrl":"https:\/\/lyonbondyblog.fr\/LBB\/wp-content\/uploads\/2014\/10\/Sursis-sans-fronti\u00e8re-un-billet-pour-l\u00e9vasion.jpg","keywords":["1983","2014","banlieue","LBB","Minguettes","quartier","Vaulx-en-Velin"],"articleSection":["Lyon","Soci\u00e9t\u00e9"],"inLanguage":"fr-FR","potentialAction":[{"@type":"CommentAction","name":"Comment","target":["https:\/\/lyonbondyblog.fr\/LBB\/sami-kdhir-voyage-provoque-prise-conscience\/#respond"]}]},{"@type":"WebPage","@id":"https:\/\/lyonbondyblog.fr\/LBB\/sami-kdhir-voyage-provoque-prise-conscience\/","url":"https:\/\/lyonbondyblog.fr\/LBB\/sami-kdhir-voyage-provoque-prise-conscience\/","name":"Sami Kdhir : \u00ab le voyage provoque la prise de conscience \u00bb","isPartOf":{"@id":"https:\/\/lyonbondyblog.fr\/LBB\/#website"},"primaryImageOfPage":{"@id":"https:\/\/lyonbondyblog.fr\/LBB\/sami-kdhir-voyage-provoque-prise-conscience\/#primaryimage"},"image":{"@id":"https:\/\/lyonbondyblog.fr\/LBB\/sami-kdhir-voyage-provoque-prise-conscience\/#primaryimage"},"thumbnailUrl":"https:\/\/lyonbondyblog.fr\/LBB\/wp-content\/uploads\/2014\/10\/Sursis-sans-fronti\u00e8re-un-billet-pour-l\u00e9vasion.jpg","datePublished":"2014-10-14T12:46:37+00:00","dateModified":"2014-11-24T16:43:56+00:00","inLanguage":"fr-FR","potentialAction":[{"@type":"ReadAction","target":["https:\/\/lyonbondyblog.fr\/LBB\/sami-kdhir-voyage-provoque-prise-conscience\/"]}]},{"@type":"ImageObject","inLanguage":"fr-FR","@id":"https:\/\/lyonbondyblog.fr\/LBB\/sami-kdhir-voyage-provoque-prise-conscience\/#primaryimage","url":"https:\/\/lyonbondyblog.fr\/LBB\/wp-content\/uploads\/2014\/10\/Sursis-sans-fronti\u00e8re-un-billet-pour-l\u00e9vasion.jpg","contentUrl":"https:\/\/lyonbondyblog.fr\/LBB\/wp-content\/uploads\/2014\/10\/Sursis-sans-fronti\u00e8re-un-billet-pour-l\u00e9vasion.jpg","width":960,"height":720,"caption":"Sursis sans fronti\u00e8re, un billet pour l'\u00e9vasion"},{"@type":"WebSite","@id":"https:\/\/lyonbondyblog.fr\/LBB\/#website","url":"https:\/\/lyonbondyblog.fr\/LBB\/","name":"Lyon Bondy Blog","description":"","publisher":{"@id":"https:\/\/lyonbondyblog.fr\/LBB\/#organization"},"potentialAction":[{"@type":"SearchAction","target":{"@type":"EntryPoint","urlTemplate":"https:\/\/lyonbondyblog.fr\/LBB\/?s={search_term_string}"},"query-input":"required name=search_term_string"}],"inLanguage":"fr-FR"},{"@type":"Organization","@id":"https:\/\/lyonbondyblog.fr\/LBB\/#organization","name":"LYON BONDY BLOG","url":"https:\/\/lyonbondyblog.fr\/LBB\/","logo":{"@type":"ImageObject","inLanguage":"fr-FR","@id":"https:\/\/lyonbondyblog.fr\/LBB\/#\/schema\/logo\/image\/","url":"http:\/\/lyonbondyblog.fr\/LBB\/wp-content\/uploads\/2014\/10\/logo-portable-144.png","contentUrl":"http:\/\/lyonbondyblog.fr\/LBB\/wp-content\/uploads\/2014\/10\/logo-portable-144.png","width":144,"height":123,"caption":"LYON BONDY BLOG"},"image":{"@id":"https:\/\/lyonbondyblog.fr\/LBB\/#\/schema\/logo\/image\/"},"sameAs":["https:\/\/www.facebook.com\/lyonbondyblog","https:\/\/x.com\/bondybloglyon"]},{"@type":"Person","@id":"https:\/\/lyonbondyblog.fr\/LBB\/#\/schema\/person\/558339ea4e67b07f7a2df48e9605b75c","name":"Mohamed Braiki","description":"Natif de Lyon et enfant des Minguettes, je suis dipl\u00f4m\u00e9 de Lettres de la Fac de Lyon 2 et l\u2019EFAP Rh\u00f4ne Alpes. J\u2019ai roul\u00e9 ma bosse dans des r\u00e9dactions lyonnaises comme la radio Lyon Sport 98.4, Le Progr\u00e8s, Foot 69.fr, Tribune de Lyon et Lyon Capitale. braikimohamed@yahoo.fr","url":"https:\/\/lyonbondyblog.fr\/LBB\/author\/mohamed\/"}]}},"_links":{"self":[{"href":"https:\/\/lyonbondyblog.fr\/LBB\/wp-json\/wp\/v2\/posts\/7291","targetHints":{"allow":["GET"]}}],"collection":[{"href":"https:\/\/lyonbondyblog.fr\/LBB\/wp-json\/wp\/v2\/posts"}],"about":[{"href":"https:\/\/lyonbondyblog.fr\/LBB\/wp-json\/wp\/v2\/types\/post"}],"author":[{"embeddable":true,"href":"https:\/\/lyonbondyblog.fr\/LBB\/wp-json\/wp\/v2\/users\/28"}],"replies":[{"embeddable":true,"href":"https:\/\/lyonbondyblog.fr\/LBB\/wp-json\/wp\/v2\/comments?post=7291"}],"version-history":[{"count":0,"href":"https:\/\/lyonbondyblog.fr\/LBB\/wp-json\/wp\/v2\/posts\/7291\/revisions"}],"wp:featuredmedia":[{"embeddable":true,"href":"https:\/\/lyonbondyblog.fr\/LBB\/wp-json\/wp\/v2\/media\/7293"}],"wp:attachment":[{"href":"https:\/\/lyonbondyblog.fr\/LBB\/wp-json\/wp\/v2\/media?parent=7291"}],"wp:term":[{"taxonomy":"category","embeddable":true,"href":"https:\/\/lyonbondyblog.fr\/LBB\/wp-json\/wp\/v2\/categories?post=7291"},{"taxonomy":"post_tag","embeddable":true,"href":"https:\/\/lyonbondyblog.fr\/LBB\/wp-json\/wp\/v2\/tags?post=7291"}],"curies":[{"name":"wp","href":"https:\/\/api.w.org\/{rel}","templated":true}]}}