{"id":7283,"date":"2014-10-13T13:16:55","date_gmt":"2014-10-13T11:16:55","guid":{"rendered":"http:\/\/lyonbondyblog.fr\/LBB\/?p=7283"},"modified":"2014-10-13T13:16:55","modified_gmt":"2014-10-13T11:16:55","slug":"thomas-rudigoz-veut-travailler-les-acteurs-sociaux","status":"publish","type":"post","link":"https:\/\/lyonbondyblog.fr\/LBB\/thomas-rudigoz-veut-travailler-les-acteurs-sociaux\/","title":{"rendered":"Thomas Rudigoz (maire 5\u00e8me) veut travailler avec tous les acteurs sociaux"},"content":{"rendered":"<p><strong>Interview de rentr\u00e9e avec Thomas Rudigoz, le nouveau maire PS du 5\u00e8me qui succ\u00e8de \u00e0 Alexandrine Pesson (PS), maire depuis 2001, dans un arrondissement o\u00f9 la question des identitaires pr\u00e9occupe les habitants. Un nouveau maire qui conna\u00eet bien la question des extr\u00eames droites puisqu\u2019il \u00e9tait dans l\u2019\u00e9quipe d\u2019Anne-Marie Comparini (ancienne pr\u00e9sidente UDF de la R\u00e9gion Rh\u00f4ne-Alpes) lors de la bataille contre Charles Million en 1998, qui s\u2019\u00e9tait fait \u00e9lire avec les voix du FN avant l\u2019invalidation de l\u2019\u00e9lection au b\u00e9n\u00e9fice de Comparini.<\/strong><\/p>\n<p>&nbsp;<\/p>\n<p><strong>Quels sont les premiers projets que vous allez mettre en place\u00a0?<\/strong><\/p>\n<p>On en a un certain nombre : le scolaire, la petite enfance, l\u2019am\u00e9lioration des \u00e9quipements sportifs et des am\u00e9nagements urbains, la s\u00e9curit\u00e9 et le transport. Nous l\u2019avions d\u00e9j\u00e0 annonc\u00e9 pendant notre campagne. Maintenant, on rentre dans une p\u00e9riode qui va \u00eatre cruciale\u00a0: les arbitrages du maire et pr\u00e9sident du Grand Lyon.<\/p>\n<p>Des nouvelles nous sont arriv\u00e9es depuis l\u2019\u00c9tat sur des r\u00e9ductions budg\u00e9taires cons\u00e9quentes, qui seront aussi appliqu\u00e9es aux collectivit\u00e9s territoriales. Cela repr\u00e9sente 11 milliards d\u2019euros (ndlr\u00a0: pour la France). Pour la ville de Lyon, cela repr\u00e9senterait 40 millions d\u2019euros au plus fort de la baisse. Monsieur\u00a0Collomb tente un arbitrage au niveau du budget par arrondissement. Nous essayons de discuter avec les adjoints en fonction des priorit\u00e9s.<\/p>\n<p><strong>On note de gros probl\u00e8mes de connexion entre le bas et le haut du 5\u00e8me arrondissement. Les populations ne sont pas forc\u00e9ment les m\u00eames et chaque quartier poss\u00e8de sa propre histoire. Comment mettre du lien social \u00e0 l\u2019\u00e9chelle de l\u2019arrondissement, et r\u00e9tablir cette connexion entre le haut et le bas\u00a0?<\/strong><\/p>\n<p>J\u2019essaye d\u2019\u00eatre vigilant sur ce probl\u00e8me. C\u2019est un d\u00e9tail. Par exemple, la soir\u00e9e des nouveaux arrivants du 5\u00e8me \u00e9tait toujours organis\u00e9e sur le haut dans la salle des f\u00eates municipales de la Garenne. Pour cette ann\u00e9e, elle sera au mus\u00e9e Gadagne. Ce n\u2019est pas grand-chose, mais c\u2019est pour montrer que le bas (St Jean et St Georges) s\u2019implique dans les activit\u00e9s du 5\u00e8me. Pour la biennale de la danse, les MJC ont travaill\u00e9 entre elles. On essayera de continuer ces connexions. Nous, \u00e0 la mairie, on peut \u00eatre facilitateur, mais il faut que tout le monde travaille ensemble. On voit \u00e9galement que sur certains quartiers, des associations jouent la concurrence pour des enjeux de petits pouvoirs. J\u2019essaye d\u2019\u00eatre pr\u00e9sent sur le terrain aupr\u00e8s de ces structures, et les aider \u00e0 se d\u00e9velopper sur plusieurs projets. C\u2019est extr\u00eamement important.<\/p>\n<p>&nbsp;<\/p>\n<figure id=\"attachment_7286\" aria-describedby=\"caption-attachment-7286\" style=\"width: 600px\" class=\"wp-caption aligncenter\"><img loading=\"lazy\" decoding=\"async\" class=\"size-full wp-image-7286\" src=\"https:\/\/lyonbondyblog.fr\/LBB\/wp-content\/uploads\/2014\/10\/Photo-mairie-du-5\u00e8me-arrondissement-de-de-Lyon.jpg\" alt=\"Mairie du 5\u00e8me arrondissement de  de Lyon\" width=\"600\" height=\"365\" srcset=\"https:\/\/lyonbondyblog.fr\/LBB\/wp-content\/uploads\/2014\/10\/Photo-mairie-du-5\u00e8me-arrondissement-de-de-Lyon.jpg 600w, https:\/\/lyonbondyblog.fr\/LBB\/wp-content\/uploads\/2014\/10\/Photo-mairie-du-5\u00e8me-arrondissement-de-de-Lyon-300x182.jpg 300w\" sizes=\"auto, (max-width: 600px) 100vw, 600px\" \/><figcaption id=\"caption-attachment-7286\" class=\"wp-caption-text\">Mairie du 5\u00e8me arrondissement de de Lyon<\/figcaption><\/figure>\n<table class=\"alignright\" style=\"border-color: #000000; width: 200px;\" border=\"5\">\n<tbody>\n<tr>\n<td>Le LBB r\u00e9alise des entretiens avec les maires d\u2019arrondissements et des villes de banlieue. A venir\u00a0: Nathalie Perrin Gilbert (Gram, 1er arrondissement), Pascal Blache (droite, 6\u00e8me)<\/td>\n<\/tr>\n<\/tbody>\n<\/table>\n<p><strong>Dans le 5\u00e8me arrondissement, il y a beaucoup de quartiers populaires (Genet, Pierre Valdo, M\u00e9nival, S\u0153ur Janin et Champvert). Qu\u2019allez-vous faire dans ces quartiers\u00a0?<\/strong><\/p>\n<p>Sur S\u0153ur Janin, nous mettons en place un nouvel \u00e9quipement sportif. L\u2019id\u00e9e est d\u2019arriver \u00e0 recr\u00e9er du lien. C\u2019est une demande des jeunes. Pendant neuf ans, ces terrains n\u2019\u00e9taient plus occup\u00e9s. Donc ces jeunes ont fait part de leur m\u00e9contentement avec quelques d\u00e9gradations, pour marquer le terrain. C\u2019est un quartier sensible. Il fait partie des nouvelles classifications du gouvernement.<\/p>\n<p>&nbsp;<\/p>\n<p><strong>Le 14 f\u00e9vrier 2014, deux mineurs se sont fait agresser dans le quartier de St-Jean par des identitaires. La question identitaire fait peur aux habitants et aux commer\u00e7ants. Quelle sera votre politique vis-\u00e0-vis des identitaires\u00a0?<\/strong><\/p>\n<p>C\u2019est un dossier complexe. Une fois par mois, je fais le point avec la police nationale et la police municipale. C\u2019est un dossier qui est toujours \u00e0 l\u2019ordre du jour. Par exemple, la traboule, situ\u00e9e dans la mont\u00e9e du Change (lieu des identitaires). Nous l\u2019avons suivi de tr\u00e8s pr\u00e8s, car ils avaient engag\u00e9 des travaux pour agrandir ce local. Un de mes adjoints avait remarqu\u00e9 ces travaux. Nous avons demand\u00e9 au service de l\u2019urbanisme s\u2019ils avaient entam\u00e9 des proc\u00e9dures pour avoir leur permis de construire. Ce service leur a rendu une petite visite, et a remarqu\u00e9 que des gens travaillaient, mais qu\u2019ils n\u2019avaient aucune autorisation. Donc, nous leur avons fait un courrier, en leur demandant d\u2019arr\u00eater les travaux. Pour l\u2019instant, tout est suspendu. Encore une fois, nous ne sommes pas l\u2019Etat, mais on fait preuve de vigilance. Nous ne pouvons pas tol\u00e9rer d\u2019avoir ce type de pr\u00e9sence dans ce quartier. En plus, c\u2019est un d\u00e9voiement de l\u2019identit\u00e9, avec leurs d\u00e9lires identitaires. De plus, ce quartier est d\u2019origine florentine (Florence, Italie), pendant la Renaissance, ce n\u2019\u00e9tait pas des Lyonnais purs souches. Ils font un amalgame avec le Moyen-Age. Ils sont dans des \u00ab\u00a0planes\u00a0\u00bb id\u00e9ologiques. Ces\u00a0\u00ab fachos\u00a0\u00bb ne doivent pas faire la loi dans ce quartier.<\/p>\n<!-- AddThis Advanced Settings generic via filter on the_content --><!-- AddThis Share Buttons generic via filter on the_content -->","protected":false},"excerpt":{"rendered":"<p>Interview de rentr\u00e9e avec Thomas Rudigoz, le nouveau maire PS du 5\u00e8me qui succ\u00e8de \u00e0 Alexandrine Pesson (PS), maire depuis 2001, dans un arrondissement o\u00f9 &hellip; <!-- AddThis Advanced Settings generic via filter on wp_trim_excerpt --><!-- AddThis Share Buttons generic via filter on wp_trim_excerpt --><\/p>\n","protected":false},"author":33,"featured_media":7285,"comment_status":"open","ping_status":"open","sticky":false,"template":"","format":"standard","meta":{"_FSMCFIC_featured_image_caption":"","_FSMCFIC_featured_image_nocaption":"","_FSMCFIC_featured_image_hide":"","footnotes":""},"categories":[4,6],"tags":[614,1156,135,10,380,747,267],"class_list":["post-7283","post","type-post","status-publish","format-standard","has-post-thumbnail","hentry","category-lyon","category-politique","tag-614","tag-identitaires","tag-lbb","tag-lyon-2","tag-maire","tag-mairie","tag-rhone-alpes"],"yoast_head":"<!-- This site is optimized with the Yoast SEO plugin v22.8 - https:\/\/yoast.com\/wordpress\/plugins\/seo\/ -->\n<title>Thomas Rudigoz veut travailler avec tous les acteurs sociaux<\/title>\n<meta name=\"description\" content=\"Interview de rentr\u00e9e avec Thomas Rudigoz, le nouveau maire PS du 5\u00e8me arrondissement du Lyon\" \/>\n<meta name=\"robots\" content=\"index, follow, max-snippet:-1, max-image-preview:large, max-video-preview:-1\" \/>\n<link rel=\"canonical\" href=\"https:\/\/lyonbondyblog.fr\/LBB\/thomas-rudigoz-veut-travailler-les-acteurs-sociaux\/\" \/>\n<meta property=\"og:locale\" content=\"fr_FR\" \/>\n<meta property=\"og:type\" content=\"article\" \/>\n<meta property=\"og:title\" content=\"Thomas Rudigoz veut travailler avec tous les acteurs sociaux\" \/>\n<meta property=\"og:description\" content=\"Interview de rentr\u00e9e avec Thomas Rudigoz, le nouveau maire PS du 5\u00e8me arrondissement du Lyon\" \/>\n<meta property=\"og:url\" content=\"https:\/\/lyonbondyblog.fr\/LBB\/thomas-rudigoz-veut-travailler-les-acteurs-sociaux\/\" \/>\n<meta property=\"og:site_name\" content=\"Lyon Bondy Blog\" \/>\n<meta property=\"article:publisher\" content=\"https:\/\/www.facebook.com\/lyonbondyblog\" \/>\n<meta property=\"article:published_time\" content=\"2014-10-13T11:16:55+00:00\" \/>\n<meta property=\"og:image\" content=\"https:\/\/lyonbondyblog.fr\/LBB\/wp-content\/uploads\/2014\/10\/Photo-Thomas-Rudigoz-maire-du-5\u00e8me-arrondissement-de-de-Lyon.jpg\" \/>\n\t<meta property=\"og:image:width\" content=\"600\" \/>\n\t<meta property=\"og:image:height\" content=\"367\" \/>\n\t<meta property=\"og:image:type\" content=\"image\/jpeg\" \/>\n<meta name=\"author\" content=\"Etienne Aazzab\" \/>\n<meta name=\"twitter:card\" content=\"summary_large_image\" \/>\n<meta name=\"twitter:creator\" content=\"@AazzabEtienne\" \/>\n<meta name=\"twitter:site\" content=\"@bondybloglyon\" \/>\n<script type=\"application\/ld+json\" class=\"yoast-schema-graph\">{\"@context\":\"https:\/\/schema.org\",\"@graph\":[{\"@type\":\"Article\",\"@id\":\"https:\/\/lyonbondyblog.fr\/LBB\/thomas-rudigoz-veut-travailler-les-acteurs-sociaux\/#article\",\"isPartOf\":{\"@id\":\"https:\/\/lyonbondyblog.fr\/LBB\/thomas-rudigoz-veut-travailler-les-acteurs-sociaux\/\"},\"author\":{\"name\":\"Etienne Aazzab\",\"@id\":\"https:\/\/lyonbondyblog.fr\/LBB\/#\/schema\/person\/5e9904261c1f613c8e6ea22045b1353d\"},\"headline\":\"Thomas Rudigoz (maire 5\u00e8me) veut travailler avec tous les acteurs sociaux\",\"datePublished\":\"2014-10-13T11:16:55+00:00\",\"dateModified\":\"2014-10-13T11:16:55+00:00\",\"mainEntityOfPage\":{\"@id\":\"https:\/\/lyonbondyblog.fr\/LBB\/thomas-rudigoz-veut-travailler-les-acteurs-sociaux\/\"},\"wordCount\":871,\"commentCount\":0,\"publisher\":{\"@id\":\"https:\/\/lyonbondyblog.fr\/LBB\/#organization\"},\"image\":{\"@id\":\"https:\/\/lyonbondyblog.fr\/LBB\/thomas-rudigoz-veut-travailler-les-acteurs-sociaux\/#primaryimage\"},\"thumbnailUrl\":\"https:\/\/lyonbondyblog.fr\/LBB\/wp-content\/uploads\/2014\/10\/Photo-Thomas-Rudigoz-maire-du-5\u00e8me-arrondissement-de-de-Lyon.jpg\",\"keywords\":[\"2014\",\"identitaires\",\"LBB\",\"lyon\",\"maire\",\"mairie\",\"Rh\u00f4ne-Alpes\"],\"articleSection\":[\"Lyon\",\"Politique\"],\"inLanguage\":\"fr-FR\",\"potentialAction\":[{\"@type\":\"CommentAction\",\"name\":\"Comment\",\"target\":[\"https:\/\/lyonbondyblog.fr\/LBB\/thomas-rudigoz-veut-travailler-les-acteurs-sociaux\/#respond\"]}]},{\"@type\":\"WebPage\",\"@id\":\"https:\/\/lyonbondyblog.fr\/LBB\/thomas-rudigoz-veut-travailler-les-acteurs-sociaux\/\",\"url\":\"https:\/\/lyonbondyblog.fr\/LBB\/thomas-rudigoz-veut-travailler-les-acteurs-sociaux\/\",\"name\":\"Thomas Rudigoz veut travailler avec tous les acteurs sociaux\",\"isPartOf\":{\"@id\":\"https:\/\/lyonbondyblog.fr\/LBB\/#website\"},\"primaryImageOfPage\":{\"@id\":\"https:\/\/lyonbondyblog.fr\/LBB\/thomas-rudigoz-veut-travailler-les-acteurs-sociaux\/#primaryimage\"},\"image\":{\"@id\":\"https:\/\/lyonbondyblog.fr\/LBB\/thomas-rudigoz-veut-travailler-les-acteurs-sociaux\/#primaryimage\"},\"thumbnailUrl\":\"https:\/\/lyonbondyblog.fr\/LBB\/wp-content\/uploads\/2014\/10\/Photo-Thomas-Rudigoz-maire-du-5\u00e8me-arrondissement-de-de-Lyon.jpg\",\"datePublished\":\"2014-10-13T11:16:55+00:00\",\"dateModified\":\"2014-10-13T11:16:55+00:00\",\"description\":\"Interview de rentr\u00e9e avec Thomas Rudigoz, le nouveau maire PS du 5\u00e8me arrondissement du Lyon\",\"inLanguage\":\"fr-FR\",\"potentialAction\":[{\"@type\":\"ReadAction\",\"target\":[\"https:\/\/lyonbondyblog.fr\/LBB\/thomas-rudigoz-veut-travailler-les-acteurs-sociaux\/\"]}]},{\"@type\":\"ImageObject\",\"inLanguage\":\"fr-FR\",\"@id\":\"https:\/\/lyonbondyblog.fr\/LBB\/thomas-rudigoz-veut-travailler-les-acteurs-sociaux\/#primaryimage\",\"url\":\"https:\/\/lyonbondyblog.fr\/LBB\/wp-content\/uploads\/2014\/10\/Photo-Thomas-Rudigoz-maire-du-5\u00e8me-arrondissement-de-de-Lyon.jpg\",\"contentUrl\":\"https:\/\/lyonbondyblog.fr\/LBB\/wp-content\/uploads\/2014\/10\/Photo-Thomas-Rudigoz-maire-du-5\u00e8me-arrondissement-de-de-Lyon.jpg\",\"width\":600,\"height\":367,\"caption\":\"Thomas Rudigoz, maire du 5\u00e8me arrondissement de de Lyon\"},{\"@type\":\"WebSite\",\"@id\":\"https:\/\/lyonbondyblog.fr\/LBB\/#website\",\"url\":\"https:\/\/lyonbondyblog.fr\/LBB\/\",\"name\":\"Lyon Bondy Blog\",\"description\":\"\",\"publisher\":{\"@id\":\"https:\/\/lyonbondyblog.fr\/LBB\/#organization\"},\"potentialAction\":[{\"@type\":\"SearchAction\",\"target\":{\"@type\":\"EntryPoint\",\"urlTemplate\":\"https:\/\/lyonbondyblog.fr\/LBB\/?s={search_term_string}\"},\"query-input\":\"required name=search_term_string\"}],\"inLanguage\":\"fr-FR\"},{\"@type\":\"Organization\",\"@id\":\"https:\/\/lyonbondyblog.fr\/LBB\/#organization\",\"name\":\"LYON BONDY BLOG\",\"url\":\"https:\/\/lyonbondyblog.fr\/LBB\/\",\"logo\":{\"@type\":\"ImageObject\",\"inLanguage\":\"fr-FR\",\"@id\":\"https:\/\/lyonbondyblog.fr\/LBB\/#\/schema\/logo\/image\/\",\"url\":\"http:\/\/lyonbondyblog.fr\/LBB\/wp-content\/uploads\/2014\/10\/logo-portable-144.png\",\"contentUrl\":\"http:\/\/lyonbondyblog.fr\/LBB\/wp-content\/uploads\/2014\/10\/logo-portable-144.png\",\"width\":144,\"height\":123,\"caption\":\"LYON BONDY BLOG\"},\"image\":{\"@id\":\"https:\/\/lyonbondyblog.fr\/LBB\/#\/schema\/logo\/image\/\"},\"sameAs\":[\"https:\/\/www.facebook.com\/lyonbondyblog\",\"https:\/\/x.com\/bondybloglyon\"]},{\"@type\":\"Person\",\"@id\":\"https:\/\/lyonbondyblog.fr\/LBB\/#\/schema\/person\/5e9904261c1f613c8e6ea22045b1353d\",\"name\":\"Etienne Aazzab\",\"description\":\"Etienne a contribu\u00e9 depuis 2 ans dans le journal satirique FOUTOU\u2019ART. Il a int\u00e9gr\u00e9 l\u2019\u00e9quipe du \u00ab clic 2014 \u00bb : Collectif local d\u2019informations citoyennes \u00e0 partir de novembre 2013. Il rejoint le Lyon Bondy Blog \u00e0 partir de janvier 2014. Twitter : @AazzabEtienne Ses sujets de pr\u00e9dilection : #Politique #Soci\u00e9t\u00e9 #Sport\",\"sameAs\":[\"https:\/\/x.com\/AazzabEtienne\"],\"url\":\"https:\/\/lyonbondyblog.fr\/LBB\/author\/etienne\/\"}]}<\/script>\n<!-- \/ Yoast SEO plugin. -->","yoast_head_json":{"title":"Thomas Rudigoz veut travailler avec tous les acteurs sociaux","description":"Interview de rentr\u00e9e avec Thomas Rudigoz, le nouveau maire PS du 5\u00e8me arrondissement du Lyon","robots":{"index":"index","follow":"follow","max-snippet":"max-snippet:-1","max-image-preview":"max-image-preview:large","max-video-preview":"max-video-preview:-1"},"canonical":"https:\/\/lyonbondyblog.fr\/LBB\/thomas-rudigoz-veut-travailler-les-acteurs-sociaux\/","og_locale":"fr_FR","og_type":"article","og_title":"Thomas Rudigoz veut travailler avec tous les acteurs sociaux","og_description":"Interview de rentr\u00e9e avec Thomas Rudigoz, le nouveau maire PS du 5\u00e8me arrondissement du Lyon","og_url":"https:\/\/lyonbondyblog.fr\/LBB\/thomas-rudigoz-veut-travailler-les-acteurs-sociaux\/","og_site_name":"Lyon Bondy Blog","article_publisher":"https:\/\/www.facebook.com\/lyonbondyblog","article_published_time":"2014-10-13T11:16:55+00:00","og_image":[{"width":600,"height":367,"url":"https:\/\/lyonbondyblog.fr\/LBB\/wp-content\/uploads\/2014\/10\/Photo-Thomas-Rudigoz-maire-du-5\u00e8me-arrondissement-de-de-Lyon.jpg","type":"image\/jpeg"}],"author":"Etienne Aazzab","twitter_card":"summary_large_image","twitter_creator":"@AazzabEtienne","twitter_site":"@bondybloglyon","schema":{"@context":"https:\/\/schema.org","@graph":[{"@type":"Article","@id":"https:\/\/lyonbondyblog.fr\/LBB\/thomas-rudigoz-veut-travailler-les-acteurs-sociaux\/#article","isPartOf":{"@id":"https:\/\/lyonbondyblog.fr\/LBB\/thomas-rudigoz-veut-travailler-les-acteurs-sociaux\/"},"author":{"name":"Etienne Aazzab","@id":"https:\/\/lyonbondyblog.fr\/LBB\/#\/schema\/person\/5e9904261c1f613c8e6ea22045b1353d"},"headline":"Thomas Rudigoz (maire 5\u00e8me) veut travailler avec tous les acteurs sociaux","datePublished":"2014-10-13T11:16:55+00:00","dateModified":"2014-10-13T11:16:55+00:00","mainEntityOfPage":{"@id":"https:\/\/lyonbondyblog.fr\/LBB\/thomas-rudigoz-veut-travailler-les-acteurs-sociaux\/"},"wordCount":871,"commentCount":0,"publisher":{"@id":"https:\/\/lyonbondyblog.fr\/LBB\/#organization"},"image":{"@id":"https:\/\/lyonbondyblog.fr\/LBB\/thomas-rudigoz-veut-travailler-les-acteurs-sociaux\/#primaryimage"},"thumbnailUrl":"https:\/\/lyonbondyblog.fr\/LBB\/wp-content\/uploads\/2014\/10\/Photo-Thomas-Rudigoz-maire-du-5\u00e8me-arrondissement-de-de-Lyon.jpg","keywords":["2014","identitaires","LBB","lyon","maire","mairie","Rh\u00f4ne-Alpes"],"articleSection":["Lyon","Politique"],"inLanguage":"fr-FR","potentialAction":[{"@type":"CommentAction","name":"Comment","target":["https:\/\/lyonbondyblog.fr\/LBB\/thomas-rudigoz-veut-travailler-les-acteurs-sociaux\/#respond"]}]},{"@type":"WebPage","@id":"https:\/\/lyonbondyblog.fr\/LBB\/thomas-rudigoz-veut-travailler-les-acteurs-sociaux\/","url":"https:\/\/lyonbondyblog.fr\/LBB\/thomas-rudigoz-veut-travailler-les-acteurs-sociaux\/","name":"Thomas Rudigoz veut travailler avec tous les acteurs sociaux","isPartOf":{"@id":"https:\/\/lyonbondyblog.fr\/LBB\/#website"},"primaryImageOfPage":{"@id":"https:\/\/lyonbondyblog.fr\/LBB\/thomas-rudigoz-veut-travailler-les-acteurs-sociaux\/#primaryimage"},"image":{"@id":"https:\/\/lyonbondyblog.fr\/LBB\/thomas-rudigoz-veut-travailler-les-acteurs-sociaux\/#primaryimage"},"thumbnailUrl":"https:\/\/lyonbondyblog.fr\/LBB\/wp-content\/uploads\/2014\/10\/Photo-Thomas-Rudigoz-maire-du-5\u00e8me-arrondissement-de-de-Lyon.jpg","datePublished":"2014-10-13T11:16:55+00:00","dateModified":"2014-10-13T11:16:55+00:00","description":"Interview de rentr\u00e9e avec Thomas Rudigoz, le nouveau maire PS du 5\u00e8me arrondissement du Lyon","inLanguage":"fr-FR","potentialAction":[{"@type":"ReadAction","target":["https:\/\/lyonbondyblog.fr\/LBB\/thomas-rudigoz-veut-travailler-les-acteurs-sociaux\/"]}]},{"@type":"ImageObject","inLanguage":"fr-FR","@id":"https:\/\/lyonbondyblog.fr\/LBB\/thomas-rudigoz-veut-travailler-les-acteurs-sociaux\/#primaryimage","url":"https:\/\/lyonbondyblog.fr\/LBB\/wp-content\/uploads\/2014\/10\/Photo-Thomas-Rudigoz-maire-du-5\u00e8me-arrondissement-de-de-Lyon.jpg","contentUrl":"https:\/\/lyonbondyblog.fr\/LBB\/wp-content\/uploads\/2014\/10\/Photo-Thomas-Rudigoz-maire-du-5\u00e8me-arrondissement-de-de-Lyon.jpg","width":600,"height":367,"caption":"Thomas Rudigoz, maire du 5\u00e8me arrondissement de de Lyon"},{"@type":"WebSite","@id":"https:\/\/lyonbondyblog.fr\/LBB\/#website","url":"https:\/\/lyonbondyblog.fr\/LBB\/","name":"Lyon Bondy Blog","description":"","publisher":{"@id":"https:\/\/lyonbondyblog.fr\/LBB\/#organization"},"potentialAction":[{"@type":"SearchAction","target":{"@type":"EntryPoint","urlTemplate":"https:\/\/lyonbondyblog.fr\/LBB\/?s={search_term_string}"},"query-input":"required name=search_term_string"}],"inLanguage":"fr-FR"},{"@type":"Organization","@id":"https:\/\/lyonbondyblog.fr\/LBB\/#organization","name":"LYON BONDY BLOG","url":"https:\/\/lyonbondyblog.fr\/LBB\/","logo":{"@type":"ImageObject","inLanguage":"fr-FR","@id":"https:\/\/lyonbondyblog.fr\/LBB\/#\/schema\/logo\/image\/","url":"http:\/\/lyonbondyblog.fr\/LBB\/wp-content\/uploads\/2014\/10\/logo-portable-144.png","contentUrl":"http:\/\/lyonbondyblog.fr\/LBB\/wp-content\/uploads\/2014\/10\/logo-portable-144.png","width":144,"height":123,"caption":"LYON BONDY BLOG"},"image":{"@id":"https:\/\/lyonbondyblog.fr\/LBB\/#\/schema\/logo\/image\/"},"sameAs":["https:\/\/www.facebook.com\/lyonbondyblog","https:\/\/x.com\/bondybloglyon"]},{"@type":"Person","@id":"https:\/\/lyonbondyblog.fr\/LBB\/#\/schema\/person\/5e9904261c1f613c8e6ea22045b1353d","name":"Etienne Aazzab","description":"Etienne a contribu\u00e9 depuis 2 ans dans le journal satirique FOUTOU\u2019ART. Il a int\u00e9gr\u00e9 l\u2019\u00e9quipe du \u00ab clic 2014 \u00bb : Collectif local d\u2019informations citoyennes \u00e0 partir de novembre 2013. Il rejoint le Lyon Bondy Blog \u00e0 partir de janvier 2014. Twitter : @AazzabEtienne Ses sujets de pr\u00e9dilection : #Politique #Soci\u00e9t\u00e9 #Sport","sameAs":["https:\/\/x.com\/AazzabEtienne"],"url":"https:\/\/lyonbondyblog.fr\/LBB\/author\/etienne\/"}]}},"_links":{"self":[{"href":"https:\/\/lyonbondyblog.fr\/LBB\/wp-json\/wp\/v2\/posts\/7283","targetHints":{"allow":["GET"]}}],"collection":[{"href":"https:\/\/lyonbondyblog.fr\/LBB\/wp-json\/wp\/v2\/posts"}],"about":[{"href":"https:\/\/lyonbondyblog.fr\/LBB\/wp-json\/wp\/v2\/types\/post"}],"author":[{"embeddable":true,"href":"https:\/\/lyonbondyblog.fr\/LBB\/wp-json\/wp\/v2\/users\/33"}],"replies":[{"embeddable":true,"href":"https:\/\/lyonbondyblog.fr\/LBB\/wp-json\/wp\/v2\/comments?post=7283"}],"version-history":[{"count":0,"href":"https:\/\/lyonbondyblog.fr\/LBB\/wp-json\/wp\/v2\/posts\/7283\/revisions"}],"wp:featuredmedia":[{"embeddable":true,"href":"https:\/\/lyonbondyblog.fr\/LBB\/wp-json\/wp\/v2\/media\/7285"}],"wp:attachment":[{"href":"https:\/\/lyonbondyblog.fr\/LBB\/wp-json\/wp\/v2\/media?parent=7283"}],"wp:term":[{"taxonomy":"category","embeddable":true,"href":"https:\/\/lyonbondyblog.fr\/LBB\/wp-json\/wp\/v2\/categories?post=7283"},{"taxonomy":"post_tag","embeddable":true,"href":"https:\/\/lyonbondyblog.fr\/LBB\/wp-json\/wp\/v2\/tags?post=7283"}],"curies":[{"name":"wp","href":"https:\/\/api.w.org\/{rel}","templated":true}]}}