{"id":7251,"date":"2014-10-01T14:19:32","date_gmt":"2014-10-01T12:19:32","guid":{"rendered":"http:\/\/lyonbondyblog.fr\/LBB\/?p=7251"},"modified":"2014-10-07T14:21:31","modified_gmt":"2014-10-07T12:21:31","slug":"lancement-de-la-saison-sport-2014-2015-la-banlieue-lyonnaise-vivier-incontournable","status":"publish","type":"post","link":"https:\/\/lyonbondyblog.fr\/LBB\/lancement-de-la-saison-sport-2014-2015-la-banlieue-lyonnaise-vivier-incontournable\/","title":{"rendered":"Lancement de la saison sportive\u00a02014-2015\u00a0: la banlieue lyonnaise, vivier incontournable"},"content":{"rendered":"<p><strong>Les \u00e9quipes professionnelles lyonnaises \u00e9taient invit\u00e9es pour le lancement en grande pompe de la saison\u00a02014-2015 des \u00e9quipes de niveau national \u00e0 l\u2019h\u00f4tel de ville de Lyon. Celles-ci sont de plus en plus pr\u00e9sentes en banlieue lyonnaise. Le Lyon Bondy Blog a soulev\u00e9 la question du r\u00f4le des clubs dans les quartiers avec les invit\u00e9s pr\u00e9sents. \u00a0 \u00a0<\/strong><\/p>\n<p>Ingr\u00e9dient\u00a0: placer un cadre prestigieux pour cr\u00e9er le lien entre des disciplines et des clubs dont les histoires, les budgets et les affluences n\u2019ont rien en commun. \u00c0 part le combat men\u00e9 en p\u00e9riph\u00e9rie. C\u2019\u00e9taient bien les repr\u00e9sentants exclusivement lyonnais qui avaient re\u00e7u un carton d\u2019invitation puisque l\u2019ASVEL ou d\u2019autres grandes formations de l\u2019agglom\u00e9ration n\u2019\u00e9taient pas pr\u00e9sentes sur le parvis de l\u2019h\u00f4tel de ville. En tout, ils \u00e9taient cinq repr\u00e9sentants nationaux de l\u2019\u00e9lite (Olympique Lyonnais, LOU Rugby, Lyon Basket f\u00e9minin, Lyon Hockey Club, ASUL Lyon Volley). L\u2019ann\u00e9e sportive \u00e9tait en fait d\u00e9j\u00e0 lanc\u00e9e pour certains. L\u2019Olympique Lyonnais, arriv\u00e9 en grande pompe sur la Place de la Com\u00e9die, se r\u00e9jouissait de son dernier succ\u00e8s face \u00e0 Lorient (4-0) et le LOU Rugby sortait glorifi\u00e9 de sa joute contre Castres Olympique (28-18) dans le Top\u00a014. Chacun des pr\u00e9sidents de <a href=\"http:\/\/www.gerardcollomb2014.fr\/la-parole-yann-cucherat\/\">clubs<\/a>, plus ou moins m\u00e9diatis\u00e9s, est mont\u00e9 \u00e0 la tribune en compagnie <a href=\"http:\/\/www.gerardcollomb2014.fr\/la-parole-yann-cucherat\/\">de Yann Cucherat<\/a>, nouvel adjoint aux sports et ancien gymnaste de haut niveau (titres nationaux et europ\u00e9ens, participations aux championnats du monde et aux JO). Les mots d\u2019ordre \u00e9taient coh\u00e9sion, formation et surtout continuit\u00e9. Cela concernait surtout le rugby et le hockey sur glace, dont les \u00e9quipes venaient d\u2019acc\u00e9der respectivement au Top\u00a014 et \u00e0 la ligue Magnus.<\/p>\n<figure id=\"attachment_7254\" aria-describedby=\"caption-attachment-7254\" style=\"width: 600px\" class=\"wp-caption aligncenter\"><img loading=\"lazy\" decoding=\"async\" class=\"wp-image-7254 size-full\" src=\"https:\/\/lyonbondyblog.fr\/LBB\/wp-content\/uploads\/2014\/10\/WP_20140929_052.jpg\" alt=\"WP_20140929_052\" width=\"600\" height=\"337\" srcset=\"https:\/\/lyonbondyblog.fr\/LBB\/wp-content\/uploads\/2014\/10\/WP_20140929_052.jpg 600w, https:\/\/lyonbondyblog.fr\/LBB\/wp-content\/uploads\/2014\/10\/WP_20140929_052-300x168.jpg 300w\" sizes=\"auto, (max-width: 600px) 100vw, 600px\" \/><figcaption id=\"caption-attachment-7254\" class=\"wp-caption-text\">L\u2019adjoint des sports Yann Cucherat et les pr\u00e9sidents des clubs (de gauche \u00e0 droite : K.Todorov, G. Berthet, JM Aulas, Y. Cucherat, Yann Roubert, N. Forel)<\/figcaption><\/figure>\n<h1>\u00ab\u00a0Jouer un r\u00f4le en banlieue\u00a0\u00bb<\/h1>\n<p>Les banlieues lyonnaises \u00e9taient \u00e9galement \u00e0 l\u2019ordre du jour avec des \u00e9quipes, des dirigeants et des sportifs tr\u00e8s concern\u00e9s. Comme le pr\u00e9sident du LOU, Yann Roubert, dont le club chevauche le huiti\u00e8me arrondissement et V\u00e9nissieux\u00a0: <em>\u00ab\u00a0On essaie d\u2019ouvrir le rugby qui n\u2019est pas forc\u00e9ment le plus facile d\u2019acc\u00e8s. Il n\u2019y a rien qui nous rendrait plus heureux de jouer un r\u00f4le incitatif \u00e0 travers la r\u00e9ussite de certains joueurs. Beaucoup d\u2019acteurs sportifs ont conscience du r\u00f4le qu\u2019ils ont \u00e0 jouer \u00e0 travers leur attractivit\u00e9. Nos interventions dans les \u00e9coles en p\u00e9riph\u00e9rie et notamment sur le plateau de La Duch\u00e8re en t\u00e9moignent qui viennent aussi au stade Matmut pour d\u00e9couvrir nos structures. Nous travaillons avec des associations comme <a href=\"http:\/\/www.clownattitude.com\/clowns-hopital.php\">Les Clowns \u00e0 l\u2019h\u00f4pital<\/a>, <a href=\"http:\/\/fr.wikipedia.org\/wiki\/Un_maillot_pour_la_vie\">un maillot pour la vie<\/a> ou <a href=\"http:\/\/www.sportdanslaville.com\/\">Sport dans la ville<\/a>.\u00a0\u00bb<\/em><\/p>\n<p>Vainqueur de la ligue des champions\u00a02006 avec le FC Barcelone, Ludovic Giuly est n\u00e9 \u00e0 V\u00e9nissieux et a fait une partie de sa scolarit\u00e9 au coll\u00e8ge Elsa Triolet aux Minguettes. Le joueur et pr\u00e9sident d\u2019honneur du MDA Foot Chasselay reconna\u00eet\u00a0: <em>\u00ab\u00a0M\u00eame si les abonnements et les licences sont un frein pour les jeunes des cit\u00e9s, on fait le maximum en tant que b\u00e9n\u00e9voles pour ouvrir les portes des stades. Les subventions des municipalit\u00e9s sont bien s\u00fbr un vecteur. Beaucoup de jeunes de banlieue int\u00e8grent les centres de formation comme l\u2019OL car on va chercher \u00e0 la source, dans les quartiers.\u00a0\u00bb<\/em><\/p>\n<p>Form\u00e9 \u00e0 l\u2019Olympique Lyonnais, le d\u00e9fenseur Mehdi Zeffane, fra\u00eechement s\u00e9lectionn\u00e9 en \u00e9quipe d\u2019Alg\u00e9rie, ne cachait pas ses objectifs de qualification en coupe d\u2019Europe pour cette saison avant de noter\u00a0:<\/p>\n<blockquote><p>\u00ab\u00a0Nous nous d\u00e9pla\u00e7ons souvent pour des rencontres avec les supporters dans les quartiers. Cela entretient une flamme chez eux, mais aussi une envie de r\u00e9ussir \u00e9galement. Le football offre beaucoup de choses comme la possibilit\u00e9 de voyager et d\u00e9couvrir plusieurs cultures ou pays. C\u2019est l\u00e0 qu\u2019on se rend compte du chemin parcouru. Mais il faut savoir garder la t\u00eate froide.\u00a0\u00bb<\/p><\/blockquote>\n<figure id=\"attachment_7252\" aria-describedby=\"caption-attachment-7252\" style=\"width: 600px\" class=\"wp-caption aligncenter\"><img loading=\"lazy\" decoding=\"async\" class=\"size-full wp-image-7252\" src=\"https:\/\/lyonbondyblog.fr\/LBB\/wp-content\/uploads\/2014\/10\/WP_20140929_012.jpg\" alt=\"Les joueurs de l\u2019Olympique lyonnais pr\u00e9sents \u00e0 l\u2019h\u00f4tel de ville\" width=\"600\" height=\"337\" srcset=\"https:\/\/lyonbondyblog.fr\/LBB\/wp-content\/uploads\/2014\/10\/WP_20140929_012.jpg 600w, https:\/\/lyonbondyblog.fr\/LBB\/wp-content\/uploads\/2014\/10\/WP_20140929_012-300x168.jpg 300w\" sizes=\"auto, (max-width: 600px) 100vw, 600px\" \/><figcaption id=\"caption-attachment-7252\" class=\"wp-caption-text\">Les joueurs de l\u2019Olympique lyonnais pr\u00e9sents \u00e0 l\u2019h\u00f4tel de ville<\/figcaption><\/figure>\n<h1>Faire le lien entre l\u2019associatif et la formation<\/h1>\n<blockquote><p>\u00ab\u00a0Ces grandes \u00e9quipes professionnelles doivent \u00eatre un exemple pour nos plus jeunes, appuie l\u2019adjoint Yann Cucherat. Le sport de haut niveau, qu\u2019il soit professionnel ou ax\u00e9 autour de l\u2019olympisme, doit tirer les jeunes vers le haut. Le tissu associatif a vocation \u00e0 \u00eatre le plus cons\u00e9quent possible pour alimenter les centres de formation. Si le maillage se fait bien entre ces deux \u00e9chelons, tout va dans le bon sens.\u00a0\u00bb<\/p><\/blockquote>\n<p>Les sports consid\u00e9r\u00e9s comme \u00ab\u00a0trop ferm\u00e9s\u00a0\u00bb commencent \u00e0 se d\u00e9mystifier. D\u2019une part gr\u00e2ce aux efforts du Lou Rugby. Mais aussi de Lyon Hockey Club et son concept <a href=\"http:\/\/www.lhcleslions.com\/ice-hockey-academy-concept.html\">Ice Hockey Academy<\/a> qui consiste \u00e0 installer des patinoires \u00e9ph\u00e9m\u00e8res dans des quartiers de\u00a0Vaulx-en-Velin ou Givors par exemple. 15 000 enfants en ont b\u00e9n\u00e9fici\u00e9 depuis cinq ans.<\/p>\n<p><iframe loading=\"lazy\" title=\"Les \u00e9quipes lyonnaises sous les ors de la R\u00e9publique\" width=\"1200\" height=\"675\" src=\"https:\/\/www.youtube.com\/embed\/fR741ibC3LQ?feature=oembed\" frameborder=\"0\" allow=\"accelerometer; autoplay; clipboard-write; encrypted-media; gyroscope; picture-in-picture\" allowfullscreen><\/iframe><\/p>\n<!-- AddThis Advanced Settings generic via filter on the_content --><!-- AddThis Share Buttons generic via filter on the_content -->","protected":false},"excerpt":{"rendered":"<p>Les \u00e9quipes professionnelles lyonnaises \u00e9taient invit\u00e9es pour le lancement en grande pompe de la saison\u00a02014-2015 des \u00e9quipes de niveau national \u00e0 l\u2019h\u00f4tel de ville de &hellip; <!-- AddThis Advanced Settings generic via filter on wp_trim_excerpt --><!-- AddThis Share Buttons generic via filter on wp_trim_excerpt --><\/p>\n","protected":false},"author":28,"featured_media":7253,"comment_status":"open","ping_status":"open","sticky":false,"template":"","format":"standard","meta":{"_FSMCFIC_featured_image_caption":"","_FSMCFIC_featured_image_nocaption":"","_FSMCFIC_featured_image_hide":"","footnotes":""},"categories":[4],"tags":[614,687,624,707,135,112,29,780,164],"class_list":["post-7251","post","type-post","status-publish","format-standard","has-post-thumbnail","hentry","category-lyon","tag-614","tag-banlieue","tag-football","tag-la-duchere","tag-lbb","tag-lyon-bondy-blog","tag-sport","tag-supporter","tag-yann-cucherat"],"yoast_head":"<!-- This site is optimized with the Yoast SEO plugin v22.8 - https:\/\/yoast.com\/wordpress\/plugins\/seo\/ -->\n<title>Saison des sports\u00a0: la banlieue lyonnaise, vivier incontournable<\/title>\n<meta name=\"description\" content=\"Les \u00e9quipes professionnelles lyonnaises de sport \u00e9taient invit\u00e9es pour le lancement en grande pompe de la saison sportive 2014-2015 \u00e0 l\u2019h\u00f4tel de ville.\" \/>\n<meta name=\"robots\" content=\"index, follow, max-snippet:-1, max-image-preview:large, max-video-preview:-1\" \/>\n<link rel=\"canonical\" href=\"https:\/\/lyonbondyblog.fr\/LBB\/lancement-de-la-saison-sport-2014-2015-la-banlieue-lyonnaise-vivier-incontournable\/\" \/>\n<meta property=\"og:locale\" content=\"fr_FR\" \/>\n<meta property=\"og:type\" content=\"article\" \/>\n<meta property=\"og:title\" content=\"Saison des sports\u00a0: la banlieue lyonnaise, vivier incontournable\" \/>\n<meta property=\"og:description\" content=\"Les \u00e9quipes professionnelles lyonnaises de sport \u00e9taient invit\u00e9es pour le lancement en grande pompe de la saison sportive 2014-2015 \u00e0 l\u2019h\u00f4tel de ville.\" \/>\n<meta property=\"og:url\" content=\"https:\/\/lyonbondyblog.fr\/LBB\/lancement-de-la-saison-sport-2014-2015-la-banlieue-lyonnaise-vivier-incontournable\/\" \/>\n<meta property=\"og:site_name\" content=\"Lyon Bondy Blog\" \/>\n<meta property=\"article:publisher\" content=\"https:\/\/www.facebook.com\/lyonbondyblog\" \/>\n<meta property=\"article:published_time\" content=\"2014-10-01T12:19:32+00:00\" \/>\n<meta property=\"article:modified_time\" content=\"2014-10-07T12:21:31+00:00\" \/>\n<meta property=\"og:image\" content=\"https:\/\/lyonbondyblog.fr\/LBB\/wp-content\/uploads\/2014\/10\/WP_20140929_051.jpg\" \/>\n\t<meta property=\"og:image:width\" content=\"600\" \/>\n\t<meta property=\"og:image:height\" content=\"337\" \/>\n\t<meta property=\"og:image:type\" content=\"image\/jpeg\" \/>\n<meta name=\"author\" content=\"Mohamed Braiki\" \/>\n<meta name=\"twitter:card\" content=\"summary_large_image\" \/>\n<meta name=\"twitter:creator\" content=\"@bondybloglyon\" \/>\n<meta name=\"twitter:site\" content=\"@bondybloglyon\" \/>\n<script type=\"application\/ld+json\" class=\"yoast-schema-graph\">{\"@context\":\"https:\/\/schema.org\",\"@graph\":[{\"@type\":\"Article\",\"@id\":\"https:\/\/lyonbondyblog.fr\/LBB\/lancement-de-la-saison-sport-2014-2015-la-banlieue-lyonnaise-vivier-incontournable\/#article\",\"isPartOf\":{\"@id\":\"https:\/\/lyonbondyblog.fr\/LBB\/lancement-de-la-saison-sport-2014-2015-la-banlieue-lyonnaise-vivier-incontournable\/\"},\"author\":{\"name\":\"Mohamed Braiki\",\"@id\":\"https:\/\/lyonbondyblog.fr\/LBB\/#\/schema\/person\/558339ea4e67b07f7a2df48e9605b75c\"},\"headline\":\"Lancement de la saison sportive\u00a02014-2015\u00a0: la banlieue lyonnaise, vivier incontournable\",\"datePublished\":\"2014-10-01T12:19:32+00:00\",\"dateModified\":\"2014-10-07T12:21:31+00:00\",\"mainEntityOfPage\":{\"@id\":\"https:\/\/lyonbondyblog.fr\/LBB\/lancement-de-la-saison-sport-2014-2015-la-banlieue-lyonnaise-vivier-incontournable\/\"},\"wordCount\":885,\"commentCount\":0,\"publisher\":{\"@id\":\"https:\/\/lyonbondyblog.fr\/LBB\/#organization\"},\"image\":{\"@id\":\"https:\/\/lyonbondyblog.fr\/LBB\/lancement-de-la-saison-sport-2014-2015-la-banlieue-lyonnaise-vivier-incontournable\/#primaryimage\"},\"thumbnailUrl\":\"https:\/\/lyonbondyblog.fr\/LBB\/wp-content\/uploads\/2014\/10\/WP_20140929_051.jpg\",\"keywords\":[\"2014\",\"banlieue\",\"Football\",\"la Duch\u00e8re\",\"LBB\",\"Lyon Bondy Blog\",\"sport\",\"supporter\",\"yann cucherat\"],\"articleSection\":[\"Lyon\"],\"inLanguage\":\"fr-FR\",\"potentialAction\":[{\"@type\":\"CommentAction\",\"name\":\"Comment\",\"target\":[\"https:\/\/lyonbondyblog.fr\/LBB\/lancement-de-la-saison-sport-2014-2015-la-banlieue-lyonnaise-vivier-incontournable\/#respond\"]}]},{\"@type\":\"WebPage\",\"@id\":\"https:\/\/lyonbondyblog.fr\/LBB\/lancement-de-la-saison-sport-2014-2015-la-banlieue-lyonnaise-vivier-incontournable\/\",\"url\":\"https:\/\/lyonbondyblog.fr\/LBB\/lancement-de-la-saison-sport-2014-2015-la-banlieue-lyonnaise-vivier-incontournable\/\",\"name\":\"Saison des sports\u00a0: la banlieue lyonnaise, vivier incontournable\",\"isPartOf\":{\"@id\":\"https:\/\/lyonbondyblog.fr\/LBB\/#website\"},\"primaryImageOfPage\":{\"@id\":\"https:\/\/lyonbondyblog.fr\/LBB\/lancement-de-la-saison-sport-2014-2015-la-banlieue-lyonnaise-vivier-incontournable\/#primaryimage\"},\"image\":{\"@id\":\"https:\/\/lyonbondyblog.fr\/LBB\/lancement-de-la-saison-sport-2014-2015-la-banlieue-lyonnaise-vivier-incontournable\/#primaryimage\"},\"thumbnailUrl\":\"https:\/\/lyonbondyblog.fr\/LBB\/wp-content\/uploads\/2014\/10\/WP_20140929_051.jpg\",\"datePublished\":\"2014-10-01T12:19:32+00:00\",\"dateModified\":\"2014-10-07T12:21:31+00:00\",\"description\":\"Les \u00e9quipes professionnelles lyonnaises de sport \u00e9taient invit\u00e9es pour le lancement en grande pompe de la saison sportive 2014-2015 \u00e0 l\u2019h\u00f4tel de ville.\",\"inLanguage\":\"fr-FR\",\"potentialAction\":[{\"@type\":\"ReadAction\",\"target\":[\"https:\/\/lyonbondyblog.fr\/LBB\/lancement-de-la-saison-sport-2014-2015-la-banlieue-lyonnaise-vivier-incontournable\/\"]}]},{\"@type\":\"ImageObject\",\"inLanguage\":\"fr-FR\",\"@id\":\"https:\/\/lyonbondyblog.fr\/LBB\/lancement-de-la-saison-sport-2014-2015-la-banlieue-lyonnaise-vivier-incontournable\/#primaryimage\",\"url\":\"https:\/\/lyonbondyblog.fr\/LBB\/wp-content\/uploads\/2014\/10\/WP_20140929_051.jpg\",\"contentUrl\":\"https:\/\/lyonbondyblog.fr\/LBB\/wp-content\/uploads\/2014\/10\/WP_20140929_051.jpg\",\"width\":600,\"height\":337,\"caption\":\"L'adjoint aux sports Yann Cucherat au micro pour la nouvelle saison sportive des clubs lyonnais\"},{\"@type\":\"WebSite\",\"@id\":\"https:\/\/lyonbondyblog.fr\/LBB\/#website\",\"url\":\"https:\/\/lyonbondyblog.fr\/LBB\/\",\"name\":\"Lyon Bondy Blog\",\"description\":\"\",\"publisher\":{\"@id\":\"https:\/\/lyonbondyblog.fr\/LBB\/#organization\"},\"potentialAction\":[{\"@type\":\"SearchAction\",\"target\":{\"@type\":\"EntryPoint\",\"urlTemplate\":\"https:\/\/lyonbondyblog.fr\/LBB\/?s={search_term_string}\"},\"query-input\":\"required name=search_term_string\"}],\"inLanguage\":\"fr-FR\"},{\"@type\":\"Organization\",\"@id\":\"https:\/\/lyonbondyblog.fr\/LBB\/#organization\",\"name\":\"LYON BONDY BLOG\",\"url\":\"https:\/\/lyonbondyblog.fr\/LBB\/\",\"logo\":{\"@type\":\"ImageObject\",\"inLanguage\":\"fr-FR\",\"@id\":\"https:\/\/lyonbondyblog.fr\/LBB\/#\/schema\/logo\/image\/\",\"url\":\"http:\/\/lyonbondyblog.fr\/LBB\/wp-content\/uploads\/2014\/10\/logo-portable-144.png\",\"contentUrl\":\"http:\/\/lyonbondyblog.fr\/LBB\/wp-content\/uploads\/2014\/10\/logo-portable-144.png\",\"width\":144,\"height\":123,\"caption\":\"LYON BONDY BLOG\"},\"image\":{\"@id\":\"https:\/\/lyonbondyblog.fr\/LBB\/#\/schema\/logo\/image\/\"},\"sameAs\":[\"https:\/\/www.facebook.com\/lyonbondyblog\",\"https:\/\/x.com\/bondybloglyon\"]},{\"@type\":\"Person\",\"@id\":\"https:\/\/lyonbondyblog.fr\/LBB\/#\/schema\/person\/558339ea4e67b07f7a2df48e9605b75c\",\"name\":\"Mohamed Braiki\",\"description\":\"Natif de Lyon et enfant des Minguettes, je suis dipl\u00f4m\u00e9 de Lettres de la Fac de Lyon 2 et l\u2019EFAP Rh\u00f4ne Alpes. J\u2019ai roul\u00e9 ma bosse dans des r\u00e9dactions lyonnaises comme la radio Lyon Sport 98.4, Le Progr\u00e8s, Foot 69.fr, Tribune de Lyon et Lyon Capitale. braikimohamed@yahoo.fr\",\"url\":\"https:\/\/lyonbondyblog.fr\/LBB\/author\/mohamed\/\"}]}<\/script>\n<!-- \/ Yoast SEO plugin. -->","yoast_head_json":{"title":"Saison des sports\u00a0: la banlieue lyonnaise, vivier incontournable","description":"Les \u00e9quipes professionnelles lyonnaises de sport \u00e9taient invit\u00e9es pour le lancement en grande pompe de la saison sportive 2014-2015 \u00e0 l\u2019h\u00f4tel de ville.","robots":{"index":"index","follow":"follow","max-snippet":"max-snippet:-1","max-image-preview":"max-image-preview:large","max-video-preview":"max-video-preview:-1"},"canonical":"https:\/\/lyonbondyblog.fr\/LBB\/lancement-de-la-saison-sport-2014-2015-la-banlieue-lyonnaise-vivier-incontournable\/","og_locale":"fr_FR","og_type":"article","og_title":"Saison des sports\u00a0: la banlieue lyonnaise, vivier incontournable","og_description":"Les \u00e9quipes professionnelles lyonnaises de sport \u00e9taient invit\u00e9es pour le lancement en grande pompe de la saison sportive 2014-2015 \u00e0 l\u2019h\u00f4tel de ville.","og_url":"https:\/\/lyonbondyblog.fr\/LBB\/lancement-de-la-saison-sport-2014-2015-la-banlieue-lyonnaise-vivier-incontournable\/","og_site_name":"Lyon Bondy Blog","article_publisher":"https:\/\/www.facebook.com\/lyonbondyblog","article_published_time":"2014-10-01T12:19:32+00:00","article_modified_time":"2014-10-07T12:21:31+00:00","og_image":[{"width":600,"height":337,"url":"https:\/\/lyonbondyblog.fr\/LBB\/wp-content\/uploads\/2014\/10\/WP_20140929_051.jpg","type":"image\/jpeg"}],"author":"Mohamed Braiki","twitter_card":"summary_large_image","twitter_creator":"@bondybloglyon","twitter_site":"@bondybloglyon","schema":{"@context":"https:\/\/schema.org","@graph":[{"@type":"Article","@id":"https:\/\/lyonbondyblog.fr\/LBB\/lancement-de-la-saison-sport-2014-2015-la-banlieue-lyonnaise-vivier-incontournable\/#article","isPartOf":{"@id":"https:\/\/lyonbondyblog.fr\/LBB\/lancement-de-la-saison-sport-2014-2015-la-banlieue-lyonnaise-vivier-incontournable\/"},"author":{"name":"Mohamed Braiki","@id":"https:\/\/lyonbondyblog.fr\/LBB\/#\/schema\/person\/558339ea4e67b07f7a2df48e9605b75c"},"headline":"Lancement de la saison sportive\u00a02014-2015\u00a0: la banlieue lyonnaise, vivier incontournable","datePublished":"2014-10-01T12:19:32+00:00","dateModified":"2014-10-07T12:21:31+00:00","mainEntityOfPage":{"@id":"https:\/\/lyonbondyblog.fr\/LBB\/lancement-de-la-saison-sport-2014-2015-la-banlieue-lyonnaise-vivier-incontournable\/"},"wordCount":885,"commentCount":0,"publisher":{"@id":"https:\/\/lyonbondyblog.fr\/LBB\/#organization"},"image":{"@id":"https:\/\/lyonbondyblog.fr\/LBB\/lancement-de-la-saison-sport-2014-2015-la-banlieue-lyonnaise-vivier-incontournable\/#primaryimage"},"thumbnailUrl":"https:\/\/lyonbondyblog.fr\/LBB\/wp-content\/uploads\/2014\/10\/WP_20140929_051.jpg","keywords":["2014","banlieue","Football","la Duch\u00e8re","LBB","Lyon Bondy Blog","sport","supporter","yann cucherat"],"articleSection":["Lyon"],"inLanguage":"fr-FR","potentialAction":[{"@type":"CommentAction","name":"Comment","target":["https:\/\/lyonbondyblog.fr\/LBB\/lancement-de-la-saison-sport-2014-2015-la-banlieue-lyonnaise-vivier-incontournable\/#respond"]}]},{"@type":"WebPage","@id":"https:\/\/lyonbondyblog.fr\/LBB\/lancement-de-la-saison-sport-2014-2015-la-banlieue-lyonnaise-vivier-incontournable\/","url":"https:\/\/lyonbondyblog.fr\/LBB\/lancement-de-la-saison-sport-2014-2015-la-banlieue-lyonnaise-vivier-incontournable\/","name":"Saison des sports\u00a0: la banlieue lyonnaise, vivier incontournable","isPartOf":{"@id":"https:\/\/lyonbondyblog.fr\/LBB\/#website"},"primaryImageOfPage":{"@id":"https:\/\/lyonbondyblog.fr\/LBB\/lancement-de-la-saison-sport-2014-2015-la-banlieue-lyonnaise-vivier-incontournable\/#primaryimage"},"image":{"@id":"https:\/\/lyonbondyblog.fr\/LBB\/lancement-de-la-saison-sport-2014-2015-la-banlieue-lyonnaise-vivier-incontournable\/#primaryimage"},"thumbnailUrl":"https:\/\/lyonbondyblog.fr\/LBB\/wp-content\/uploads\/2014\/10\/WP_20140929_051.jpg","datePublished":"2014-10-01T12:19:32+00:00","dateModified":"2014-10-07T12:21:31+00:00","description":"Les \u00e9quipes professionnelles lyonnaises de sport \u00e9taient invit\u00e9es pour le lancement en grande pompe de la saison sportive 2014-2015 \u00e0 l\u2019h\u00f4tel de ville.","inLanguage":"fr-FR","potentialAction":[{"@type":"ReadAction","target":["https:\/\/lyonbondyblog.fr\/LBB\/lancement-de-la-saison-sport-2014-2015-la-banlieue-lyonnaise-vivier-incontournable\/"]}]},{"@type":"ImageObject","inLanguage":"fr-FR","@id":"https:\/\/lyonbondyblog.fr\/LBB\/lancement-de-la-saison-sport-2014-2015-la-banlieue-lyonnaise-vivier-incontournable\/#primaryimage","url":"https:\/\/lyonbondyblog.fr\/LBB\/wp-content\/uploads\/2014\/10\/WP_20140929_051.jpg","contentUrl":"https:\/\/lyonbondyblog.fr\/LBB\/wp-content\/uploads\/2014\/10\/WP_20140929_051.jpg","width":600,"height":337,"caption":"L'adjoint aux sports Yann Cucherat au micro pour la nouvelle saison sportive des clubs lyonnais"},{"@type":"WebSite","@id":"https:\/\/lyonbondyblog.fr\/LBB\/#website","url":"https:\/\/lyonbondyblog.fr\/LBB\/","name":"Lyon Bondy Blog","description":"","publisher":{"@id":"https:\/\/lyonbondyblog.fr\/LBB\/#organization"},"potentialAction":[{"@type":"SearchAction","target":{"@type":"EntryPoint","urlTemplate":"https:\/\/lyonbondyblog.fr\/LBB\/?s={search_term_string}"},"query-input":"required name=search_term_string"}],"inLanguage":"fr-FR"},{"@type":"Organization","@id":"https:\/\/lyonbondyblog.fr\/LBB\/#organization","name":"LYON BONDY BLOG","url":"https:\/\/lyonbondyblog.fr\/LBB\/","logo":{"@type":"ImageObject","inLanguage":"fr-FR","@id":"https:\/\/lyonbondyblog.fr\/LBB\/#\/schema\/logo\/image\/","url":"http:\/\/lyonbondyblog.fr\/LBB\/wp-content\/uploads\/2014\/10\/logo-portable-144.png","contentUrl":"http:\/\/lyonbondyblog.fr\/LBB\/wp-content\/uploads\/2014\/10\/logo-portable-144.png","width":144,"height":123,"caption":"LYON BONDY BLOG"},"image":{"@id":"https:\/\/lyonbondyblog.fr\/LBB\/#\/schema\/logo\/image\/"},"sameAs":["https:\/\/www.facebook.com\/lyonbondyblog","https:\/\/x.com\/bondybloglyon"]},{"@type":"Person","@id":"https:\/\/lyonbondyblog.fr\/LBB\/#\/schema\/person\/558339ea4e67b07f7a2df48e9605b75c","name":"Mohamed Braiki","description":"Natif de Lyon et enfant des Minguettes, je suis dipl\u00f4m\u00e9 de Lettres de la Fac de Lyon 2 et l\u2019EFAP Rh\u00f4ne Alpes. J\u2019ai roul\u00e9 ma bosse dans des r\u00e9dactions lyonnaises comme la radio Lyon Sport 98.4, Le Progr\u00e8s, Foot 69.fr, Tribune de Lyon et Lyon Capitale. braikimohamed@yahoo.fr","url":"https:\/\/lyonbondyblog.fr\/LBB\/author\/mohamed\/"}]}},"_links":{"self":[{"href":"https:\/\/lyonbondyblog.fr\/LBB\/wp-json\/wp\/v2\/posts\/7251","targetHints":{"allow":["GET"]}}],"collection":[{"href":"https:\/\/lyonbondyblog.fr\/LBB\/wp-json\/wp\/v2\/posts"}],"about":[{"href":"https:\/\/lyonbondyblog.fr\/LBB\/wp-json\/wp\/v2\/types\/post"}],"author":[{"embeddable":true,"href":"https:\/\/lyonbondyblog.fr\/LBB\/wp-json\/wp\/v2\/users\/28"}],"replies":[{"embeddable":true,"href":"https:\/\/lyonbondyblog.fr\/LBB\/wp-json\/wp\/v2\/comments?post=7251"}],"version-history":[{"count":0,"href":"https:\/\/lyonbondyblog.fr\/LBB\/wp-json\/wp\/v2\/posts\/7251\/revisions"}],"wp:featuredmedia":[{"embeddable":true,"href":"https:\/\/lyonbondyblog.fr\/LBB\/wp-json\/wp\/v2\/media\/7253"}],"wp:attachment":[{"href":"https:\/\/lyonbondyblog.fr\/LBB\/wp-json\/wp\/v2\/media?parent=7251"}],"wp:term":[{"taxonomy":"category","embeddable":true,"href":"https:\/\/lyonbondyblog.fr\/LBB\/wp-json\/wp\/v2\/categories?post=7251"},{"taxonomy":"post_tag","embeddable":true,"href":"https:\/\/lyonbondyblog.fr\/LBB\/wp-json\/wp\/v2\/tags?post=7251"}],"curies":[{"name":"wp","href":"https:\/\/api.w.org\/{rel}","templated":true}]}}