{"id":7150,"date":"2014-09-29T14:30:15","date_gmt":"2014-09-29T12:30:15","guid":{"rendered":"http:\/\/lyonbondyblog.fr\/LBB\/?p=7150"},"modified":"2015-05-31T23:07:17","modified_gmt":"2015-05-31T21:07:17","slug":"rman-meva-lhumoriste-sort-chrysalide","status":"publish","type":"post","link":"https:\/\/lyonbondyblog.fr\/LBB\/rman-meva-lhumoriste-sort-chrysalide\/","title":{"rendered":"L&rsquo;humoriste Rman Meva sort de sa chrysalide\u00a0\u00a0\u00a0\u00a0"},"content":{"rendered":"<p><strong>La carri\u00e8re de l\u2019humoriste Rman Meva prend cette ann\u00e9e un autre tournant. Son spectacle <a href=\"https:\/\/www.facebook.com\/rmanbecool?fref=ts\">l\u2019Effet Papillon<\/a> sera pr\u00e9sent\u00e9 en novembre 2014. L\u2019\u00e9ducateur sportif a fait une entr\u00e9e remarqu\u00e9e au Jamel Comedy Club au d\u00e9but de l\u2019\u00e9t\u00e9. En marge de ses prestations r\u00e9guli\u00e8res aux Graines de Star Comedy Club \u00e0 Paris, il pr\u00e9pare <a href=\"https:\/\/www.facebook.com\/pages\/Festival-Rires-dAutomne\/333908850033646\">le festival Rires D\u2019Automnes \u00e0 Vaulx-en-Velin<\/a> \u00e0 partir du 3 octobre prochain dont il sera l\u2019un des principaux repr\u00e9sentants lyonnais. Le V\u00e9nissian revient sur la relation qui lie l\u2019humour et la banlieue.<\/strong><\/p>\n<p><strong><img loading=\"lazy\" decoding=\"async\" width=\"600\" height=\"400\" class=\"aligncenter size-full wp-image-7154\" src=\"https:\/\/lyonbondyblog.fr\/LBB\/wp-content\/uploads\/2014\/09\/rman-Une.jpg\" alt=\"rman Une\" srcset=\"https:\/\/lyonbondyblog.fr\/LBB\/wp-content\/uploads\/2014\/09\/rman-Une.jpg 600w, https:\/\/lyonbondyblog.fr\/LBB\/wp-content\/uploads\/2014\/09\/rman-Une-300x200.jpg 300w\" sizes=\"auto, (max-width: 600px) 100vw, 600px\" \/><\/strong><\/p>\n<p><strong>Selon toi, Lyon est-il une grande place de l\u2019humour en France\u00a0?\u00a0\u00a0 <\/strong><\/p>\n<p>Florence Foresti, Laurent Gerra ou Alexandre Astier sont Lyonnais. Ils ont un univers qui leur appartient et je trouve cela magnifique. Ici, il y a un style, le Lyonnais sait vendre son humour. Ce qu\u2019on ne trouve pas ailleurs, c\u2019est la qualit\u00e9 du public. Il est d\u2019une exigence implacable. Et c\u2019est de l\u00e0 qu\u2019il faut tirer sa force en tant qu\u2019artiste. Tous les plus grands viennent \u00e0 Lyon et font les premi\u00e8res dates de leurs tourn\u00e9es dans nos caf\u00e9s th\u00e9\u00e2tres et nos grandes salles pour tester leurs vannes et roder leurs spectacles\u00a0!<\/p>\n<p><strong>Y a-t-il une rel\u00e8ve dans les banlieues lyonnaises\u00a0?<\/strong><\/p>\n<p>\u00c0 Lyon, il y a un potentiel au niveau com\u00e9die et stand-up \u00e0 d\u00e9velopper dans les banlieues. J\u2019ai donn\u00e9 des cours d\u2019\u00e9critures ou d\u2019improvisation et j\u2019ai pu me rendre compte moi-m\u00eame de l\u2019\u00e9nergie que les jeunes d\u00e9gagent surtout quand ils le d\u00e9couvrent. \u00c0 V\u00e9nissieux, ma ville d\u2019origine, on voit des com\u00e9dies musicales tr\u00e8s abouties jou\u00e9es par des CP\u00a0! Pour moi, il n\u2019y a que la rel\u00e8ve, mais pas \u00ab\u00a0un avant\u00a0\u00bb.<\/p>\n<h1>Le m\u00e9tissage, un th\u00e8me majeur<\/h1>\n<p><strong>Il y a des p\u00f4les qui contribuent \u00e0 faire d\u00e9couvrir l\u2019humour \u00e0 ces jeunes\u2026 <\/strong><\/p>\n<p>\u00c0 V\u00e9nissieux, il y a Be Cool Comedy Crew, que j\u2019ai lanc\u00e9 cet \u00e9t\u00e9 2014 avec quatre amis, et <a href=\"https:\/\/www.facebook.com\/vaulx.premieresplanches\">Vaulx Premi\u00e8res Planches<\/a> qui m\u2019ont d\u00e9couvert et o\u00f9 j\u2019ai gagn\u00e9 le concours A Vos Rires en 2012. C\u2019est d\u2019ailleurs la pr\u00e9sidente Che\u00efa Milouda qui m\u2019a apport\u00e9 la fibre. \u00c0 Vaulx-en-Velin, c\u2019est la p\u00e9dagogie avec l\u2019\u00e9criture, les cours d\u2019improvisation qui priment et \u00e0 Be Cool Comedy Crew, il y a un vrai d\u00e9veloppement artistique, plus professionnel. <a href=\"http:\/\/www.youtube.com\/watch?v=5jbiFX1OgCQ\">Avec mon coll\u00e8gue Nassim Bombo<\/a>, nous t\u00e2chons de porter \u00e0 bout de bras nos projets une fois qu\u2019ils sont \u00e9labor\u00e9s.<\/p>\n<p><strong>Parle-nous de ton nouveau spectacle L\u2019Effet Papillon\u00a0? <\/strong><\/p>\n<p>Je suis d\u2019origine marocaine et camerounaise et c\u2019est mon premier battement d\u2019ailes. J\u2019explique dans ce spectacle que quand on est issu de deux communaut\u00e9s pas vraiment favoris\u00e9es en France, il vaut mieux \u00eatre humoriste, car la vie est plut\u00f4t dr\u00f4le. Je ne suis pas communautariste, mais je joue sur mon multiculturalisme, ma double \u00e9ducation. Je parle aussi de ma sexualit\u00e9 ou de la rencontre de mes parents. Le m\u00e9tissage est une question importante de mon spectacle. J\u2019explique la difficult\u00e9 de grandir avec et les questions que cela suscite, car selon moi les vrais exclus sont les m\u00e9tisses.<\/p>\n<p>&nbsp;<\/p>\n<figure id=\"attachment_7152\" aria-describedby=\"caption-attachment-7152\" style=\"width: 540px\" class=\"wp-caption aligncenter\"><img loading=\"lazy\" decoding=\"async\" class=\"wp-image-7152 size-full\" src=\"https:\/\/lyonbondyblog.fr\/LBB\/wp-content\/uploads\/2014\/09\/Affiche-du-nouveau-spectacle-de-Rman.jpg\" alt=\"Photo\u00a0: Affiche du spectacle l\u2019Effet papillon\" width=\"540\" height=\"540\" srcset=\"https:\/\/lyonbondyblog.fr\/LBB\/wp-content\/uploads\/2014\/09\/Affiche-du-nouveau-spectacle-de-Rman.jpg 540w, https:\/\/lyonbondyblog.fr\/LBB\/wp-content\/uploads\/2014\/09\/Affiche-du-nouveau-spectacle-de-Rman-150x150.jpg 150w, https:\/\/lyonbondyblog.fr\/LBB\/wp-content\/uploads\/2014\/09\/Affiche-du-nouveau-spectacle-de-Rman-300x300.jpg 300w, https:\/\/lyonbondyblog.fr\/LBB\/wp-content\/uploads\/2014\/09\/Affiche-du-nouveau-spectacle-de-Rman-50x50.jpg 50w, https:\/\/lyonbondyblog.fr\/LBB\/wp-content\/uploads\/2014\/09\/Affiche-du-nouveau-spectacle-de-Rman-180x180.jpg 180w, https:\/\/lyonbondyblog.fr\/LBB\/wp-content\/uploads\/2014\/09\/Affiche-du-nouveau-spectacle-de-Rman-32x32.jpg 32w, https:\/\/lyonbondyblog.fr\/LBB\/wp-content\/uploads\/2014\/09\/Affiche-du-nouveau-spectacle-de-Rman-64x64.jpg 64w, https:\/\/lyonbondyblog.fr\/LBB\/wp-content\/uploads\/2014\/09\/Affiche-du-nouveau-spectacle-de-Rman-96x96.jpg 96w, https:\/\/lyonbondyblog.fr\/LBB\/wp-content\/uploads\/2014\/09\/Affiche-du-nouveau-spectacle-de-Rman-128x128.jpg 128w\" sizes=\"auto, (max-width: 540px) 100vw, 540px\" \/><figcaption id=\"caption-attachment-7152\" class=\"wp-caption-text\">Affiche du spectacle l\u2019Effet papillon<\/figcaption><\/figure>\n<p>&nbsp;<\/p>\n<p><strong>Ce texte aurait-il une port\u00e9e politique\u00a0? <\/strong><\/p>\n<p>Personnellement, je suis moi m\u00eame apolitique, mais j\u2019ai un texte intitul\u00e9 la d\u00e9macratie o\u00f9 j\u2019explique que La France est un bordel tenu par un maquereau qui n\u2019est autre que Fran\u00e7ois Hollande. Ses prostitu\u00e9es sont les Fran\u00e7ais de souche, les sans papiers ou les immigr\u00e9s. C\u2019est moi qui tiens le r\u00f4le de ce maquereau et j\u2019explique au public la mani\u00e8re dont je vais manipuler le peuple pendant cinq ans. En fait ce spectacle a plus une port\u00e9e sociale, car l\u2019image de la banlieue est tr\u00e8s n\u00e9gative au d\u00e9but, mais n\u2019importe qui peut s\u2019en sortir comme le papillon de sa chrysalide. Cela peut permettre de comprendre que l\u2019on peut devenir ce que l\u2019on veut \u00eatre.<\/p>\n<h1>Faire briller Vaulx-en-Velin par le rire<\/h1>\n<p><strong>Tu as jou\u00e9 au Jamel Comedy Club en juin dernier. C\u2019est une cons\u00e9cration\u2026 <\/strong><\/p>\n<p>Je l\u2019ai vu de loin \u00e0 l\u2019occasion du Jamel Comedy Club en juin dernier. C\u2019est vrai que c\u2019\u00e9tait un bon moment. J\u2019avais des dates pr\u00e9vues au printemps \u00e0 Paris au Paname Caf\u00e9, je faisais la tourn\u00e9e des sc\u00e8nes ouvertes avec Nassim Bombo avec une certaine audace. J\u2019ai rencontr\u00e9 une personne qui travaillait pour Jamel Debouze qui m\u2019a sugg\u00e9r\u00e9 de lui envoyer des vid\u00e9os. \u00c0 savoir que j\u2019en avais d\u00e9j\u00e0 livr\u00e9 six (rires). Un mois apr\u00e8s on m\u2019a appel\u00e9 et je suis remont\u00e9 pour pr\u00e9senter un extrait de l\u2019Effet papillon. J\u2019ai jou\u00e9 un sketch de six minutes \u00e9voquant ma sexualit\u00e9. Jamel \u00e9tait dans la salle ce jour-l\u00e0, mais je ne l\u2019ai vu que de loin. Ce serait l\u2019\u00e9quivalent d\u2019un freestyle sur Skyrock pour un rappeur et j\u2019ai eu des bons retours sur les r\u00e9seaux sociaux.<\/p>\n<p><iframe loading=\"lazy\" src=\"\/\/www.youtube.com\/embed\/8XEae2gK--0\" width=\"560\" height=\"315\" frameborder=\"0\" allowfullscreen=\"allowfullscreen\"><\/iframe><\/p>\n<p><strong>Tu pr\u00e9pares d\u00e9sormais le festival Rires d\u2019Automnes le 3 octobre \u00e0 Vaulx-en-Velin\u2026<\/strong><\/p>\n<p>C\u2019est le plus grand festival d\u2019humour dans le Rh\u00f4ne, organis\u00e9 par mon amie Che\u00efa Minouda. Vaulx-en-Velin a une histoire pas forc\u00e9ment positive et la meilleure mani\u00e8re de la faire enfin briller aux yeux du public, c\u2019est par le rire. Il y a des humoristes de tous bords comme Foudil Kaibou, Antoine Demor ou Booder et son humour corrosif qui font du stand-up, de l\u2019improvisation ou de l\u2019imitation. On y trouve tout\u00a0! L\u2019\u00e9clectisme de l\u2019humour que l\u2019on ne retrouve pas forc\u00e9ment dans tous les caf\u00e9s th\u00e9\u00e2tres. Je suis tr\u00e8s impliqu\u00e9 dans ce festival, c\u2019est mon troisi\u00e8me passage en trois ans. De tels \u00e9v\u00e8nements sont le moyen pour les banlieues d\u2019apporter de la confiance en soi. Il faut arr\u00eater de mettre les banlieusards dans le rap et le foot. Il faut sublimer le travail des gens comme le Pockemon Crew ou les grapheurs qui font le tour du monde pour exprimer leur art.<\/p>\n<p><img loading=\"lazy\" decoding=\"async\" class=\"alignright wp-image-7151 \" src=\"https:\/\/lyonbondyblog.fr\/LBB\/wp-content\/uploads\/2014\/09\/Affiche-du-festival-Rires-d\u2019Automnes-224x300.jpg\" alt=\"Affiche du festival Rires d\u2019Automnes\" width=\"294\" height=\"394\" srcset=\"https:\/\/lyonbondyblog.fr\/LBB\/wp-content\/uploads\/2014\/09\/Affiche-du-festival-Rires-d\u2019Automnes-224x300.jpg 224w, https:\/\/lyonbondyblog.fr\/LBB\/wp-content\/uploads\/2014\/09\/Affiche-du-festival-Rires-d\u2019Automnes.jpg 449w\" sizes=\"auto, (max-width: 294px) 100vw, 294px\" \/><\/p>\n<p><strong>Comment per\u00e7ois-tu ta relation avec ton public\u00a0?<\/strong><\/p>\n<p>J\u2019ai la chance d\u2019avoir un public jeune, mais aussi plus vieux que moi. Ce que je raconte est universel. J\u2019essaie de toucher le plus large possible. Je pense que pour un homme de trente ans, j\u2019ai le v\u00e9cu le plus dr\u00f4le qu\u2019on puisse imaginer. Cela f\u00e9d\u00e8re beaucoup plus.<\/p>\n<p><strong>Et avec le succ\u00e8s\u00a0? <\/strong><\/p>\n<p>La course \u00e0 la gloire ce n\u2019est pas mon truc. Cela fait cinq ans que je suis dans les animations et les \u00e9v\u00e8nements et que je monte sur sc\u00e8ne. On peut dire que j\u2019ai un passif. Mais pour avoir un nom, c\u2019est \u00e0 moi de travailler. Il faut se cr\u00e9er sa place. D\u2019ailleurs, je ne vais pas attendre Jamel Debbouze pour y arriver. Quand les gens me demandent si je percerai un jour je leur r\u00e9ponds franchement\u00a0: \u00ab\u00a0Si \u00e7a trouve, je ne percerai pas\u00a0!\u00a0\u00bb J\u2019invite les jeunes \u00e0 bouger, \u00e0 harceler les mairies avec les demandes de subventions. Mon r\u00eave, ce serait de faire un festival \u00e0 la Place des Terreaux pour montrer que les banlieusards sont capables de grandes choses. Sinon, je r\u00eaverai de faire le tour des stades comme Jean Marie Bigard (rires). Je garderai toujours mon humour \u00e9ducatif et mon rapport toujours tr\u00e8s fort avec les jeunes.<\/p>\n<p>&nbsp;<\/p>\n<!-- AddThis Advanced Settings generic via filter on the_content --><!-- AddThis Share Buttons generic via filter on the_content -->","protected":false},"excerpt":{"rendered":"<p>La carri\u00e8re de l\u2019humoriste Rman Meva prend cette ann\u00e9e un autre tournant. Son spectacle l\u2019Effet Papillon sera pr\u00e9sent\u00e9 en novembre 2014. L\u2019\u00e9ducateur sportif a fait &hellip; <!-- AddThis Advanced Settings generic via filter on wp_trim_excerpt --><!-- AddThis Share Buttons generic via filter on wp_trim_excerpt --><\/p>\n","protected":false},"author":28,"featured_media":7154,"comment_status":"open","ping_status":"open","sticky":false,"template":"","format":"standard","meta":{"_FSMCFIC_featured_image_caption":"","_FSMCFIC_featured_image_nocaption":"","_FSMCFIC_featured_image_hide":"","footnotes":""},"categories":[5,3,2],"tags":[614,687,311,264,1146,1145,10,1081,773,635],"class_list":["post-7150","post","type-post","status-publish","format-standard","has-post-thumbnail","hentry","category-ambiance","category-culture","category-societe","tag-614","tag-banlieue","tag-comedie","tag-festival","tag-florence-foresti","tag-jamel-comedy-club","tag-lyon-2","tag-social","tag-spectacle","tag-vaulx-en-velin"],"yoast_head":"<!-- This site is optimized with the Yoast SEO plugin v22.8 - https:\/\/yoast.com\/wordpress\/plugins\/seo\/ -->\n<title>Rman Meva l&#039;humoriste sort de sa chrysalide<\/title>\n<meta name=\"description\" content=\"Rencontre avec l&#039;humoriste lyonnais Rman Meva, pass\u00e9 au Jamel Comedy Club en juin dernier.\" \/>\n<meta name=\"robots\" content=\"index, follow, max-snippet:-1, max-image-preview:large, max-video-preview:-1\" \/>\n<link rel=\"canonical\" href=\"https:\/\/lyonbondyblog.fr\/LBB\/rman-meva-lhumoriste-sort-chrysalide\/\" \/>\n<meta property=\"og:locale\" content=\"fr_FR\" \/>\n<meta property=\"og:type\" content=\"article\" \/>\n<meta property=\"og:title\" content=\"Rman Meva l&#039;humoriste sort de sa chrysalide\" \/>\n<meta property=\"og:description\" content=\"Rencontre avec l&#039;humoriste lyonnais Rman Meva, pass\u00e9 au Jamel Comedy Club en juin dernier.\" \/>\n<meta property=\"og:url\" content=\"https:\/\/lyonbondyblog.fr\/LBB\/rman-meva-lhumoriste-sort-chrysalide\/\" \/>\n<meta property=\"og:site_name\" content=\"Lyon Bondy Blog\" \/>\n<meta property=\"article:publisher\" content=\"https:\/\/www.facebook.com\/lyonbondyblog\" \/>\n<meta property=\"article:published_time\" content=\"2014-09-29T12:30:15+00:00\" \/>\n<meta property=\"article:modified_time\" content=\"2015-05-31T21:07:17+00:00\" \/>\n<meta property=\"og:image\" content=\"https:\/\/lyonbondyblog.fr\/LBB\/wp-content\/uploads\/2014\/09\/rman-Une.jpg\" \/>\n\t<meta property=\"og:image:width\" content=\"600\" \/>\n\t<meta property=\"og:image:height\" content=\"400\" \/>\n\t<meta property=\"og:image:type\" content=\"image\/jpeg\" \/>\n<meta name=\"author\" content=\"Mohamed Braiki\" \/>\n<meta name=\"twitter:card\" content=\"summary_large_image\" \/>\n<meta name=\"twitter:creator\" content=\"@bondybloglyon\" \/>\n<meta name=\"twitter:site\" content=\"@bondybloglyon\" \/>\n<script type=\"application\/ld+json\" class=\"yoast-schema-graph\">{\"@context\":\"https:\/\/schema.org\",\"@graph\":[{\"@type\":\"Article\",\"@id\":\"https:\/\/lyonbondyblog.fr\/LBB\/rman-meva-lhumoriste-sort-chrysalide\/#article\",\"isPartOf\":{\"@id\":\"https:\/\/lyonbondyblog.fr\/LBB\/rman-meva-lhumoriste-sort-chrysalide\/\"},\"author\":{\"name\":\"Mohamed Braiki\",\"@id\":\"https:\/\/lyonbondyblog.fr\/LBB\/#\/schema\/person\/558339ea4e67b07f7a2df48e9605b75c\"},\"headline\":\"L&rsquo;humoriste Rman Meva sort de sa chrysalide\u00a0\u00a0\u00a0\u00a0\",\"datePublished\":\"2014-09-29T12:30:15+00:00\",\"dateModified\":\"2015-05-31T21:07:17+00:00\",\"mainEntityOfPage\":{\"@id\":\"https:\/\/lyonbondyblog.fr\/LBB\/rman-meva-lhumoriste-sort-chrysalide\/\"},\"wordCount\":1302,\"commentCount\":0,\"publisher\":{\"@id\":\"https:\/\/lyonbondyblog.fr\/LBB\/#organization\"},\"image\":{\"@id\":\"https:\/\/lyonbondyblog.fr\/LBB\/rman-meva-lhumoriste-sort-chrysalide\/#primaryimage\"},\"thumbnailUrl\":\"https:\/\/lyonbondyblog.fr\/LBB\/wp-content\/uploads\/2014\/09\/rman-Une.jpg\",\"keywords\":[\"2014\",\"banlieue\",\"com\u00e9die\",\"festival\",\"Florence Foresti\",\"Jamel Comedy Club\",\"lyon\",\"social\",\"spectacle\",\"Vaulx-en-Velin\"],\"articleSection\":[\"Ambiance\",\"Culture\",\"Soci\u00e9t\u00e9\"],\"inLanguage\":\"fr-FR\",\"potentialAction\":[{\"@type\":\"CommentAction\",\"name\":\"Comment\",\"target\":[\"https:\/\/lyonbondyblog.fr\/LBB\/rman-meva-lhumoriste-sort-chrysalide\/#respond\"]}]},{\"@type\":\"WebPage\",\"@id\":\"https:\/\/lyonbondyblog.fr\/LBB\/rman-meva-lhumoriste-sort-chrysalide\/\",\"url\":\"https:\/\/lyonbondyblog.fr\/LBB\/rman-meva-lhumoriste-sort-chrysalide\/\",\"name\":\"Rman Meva l'humoriste sort de sa chrysalide\",\"isPartOf\":{\"@id\":\"https:\/\/lyonbondyblog.fr\/LBB\/#website\"},\"primaryImageOfPage\":{\"@id\":\"https:\/\/lyonbondyblog.fr\/LBB\/rman-meva-lhumoriste-sort-chrysalide\/#primaryimage\"},\"image\":{\"@id\":\"https:\/\/lyonbondyblog.fr\/LBB\/rman-meva-lhumoriste-sort-chrysalide\/#primaryimage\"},\"thumbnailUrl\":\"https:\/\/lyonbondyblog.fr\/LBB\/wp-content\/uploads\/2014\/09\/rman-Une.jpg\",\"datePublished\":\"2014-09-29T12:30:15+00:00\",\"dateModified\":\"2015-05-31T21:07:17+00:00\",\"description\":\"Rencontre avec l'humoriste lyonnais Rman Meva, pass\u00e9 au Jamel Comedy Club en juin dernier.\",\"inLanguage\":\"fr-FR\",\"potentialAction\":[{\"@type\":\"ReadAction\",\"target\":[\"https:\/\/lyonbondyblog.fr\/LBB\/rman-meva-lhumoriste-sort-chrysalide\/\"]}]},{\"@type\":\"ImageObject\",\"inLanguage\":\"fr-FR\",\"@id\":\"https:\/\/lyonbondyblog.fr\/LBB\/rman-meva-lhumoriste-sort-chrysalide\/#primaryimage\",\"url\":\"https:\/\/lyonbondyblog.fr\/LBB\/wp-content\/uploads\/2014\/09\/rman-Une.jpg\",\"contentUrl\":\"https:\/\/lyonbondyblog.fr\/LBB\/wp-content\/uploads\/2014\/09\/rman-Une.jpg\",\"width\":600,\"height\":400},{\"@type\":\"WebSite\",\"@id\":\"https:\/\/lyonbondyblog.fr\/LBB\/#website\",\"url\":\"https:\/\/lyonbondyblog.fr\/LBB\/\",\"name\":\"Lyon Bondy Blog\",\"description\":\"\",\"publisher\":{\"@id\":\"https:\/\/lyonbondyblog.fr\/LBB\/#organization\"},\"potentialAction\":[{\"@type\":\"SearchAction\",\"target\":{\"@type\":\"EntryPoint\",\"urlTemplate\":\"https:\/\/lyonbondyblog.fr\/LBB\/?s={search_term_string}\"},\"query-input\":\"required name=search_term_string\"}],\"inLanguage\":\"fr-FR\"},{\"@type\":\"Organization\",\"@id\":\"https:\/\/lyonbondyblog.fr\/LBB\/#organization\",\"name\":\"LYON BONDY BLOG\",\"url\":\"https:\/\/lyonbondyblog.fr\/LBB\/\",\"logo\":{\"@type\":\"ImageObject\",\"inLanguage\":\"fr-FR\",\"@id\":\"https:\/\/lyonbondyblog.fr\/LBB\/#\/schema\/logo\/image\/\",\"url\":\"http:\/\/lyonbondyblog.fr\/LBB\/wp-content\/uploads\/2014\/10\/logo-portable-144.png\",\"contentUrl\":\"http:\/\/lyonbondyblog.fr\/LBB\/wp-content\/uploads\/2014\/10\/logo-portable-144.png\",\"width\":144,\"height\":123,\"caption\":\"LYON BONDY BLOG\"},\"image\":{\"@id\":\"https:\/\/lyonbondyblog.fr\/LBB\/#\/schema\/logo\/image\/\"},\"sameAs\":[\"https:\/\/www.facebook.com\/lyonbondyblog\",\"https:\/\/x.com\/bondybloglyon\"]},{\"@type\":\"Person\",\"@id\":\"https:\/\/lyonbondyblog.fr\/LBB\/#\/schema\/person\/558339ea4e67b07f7a2df48e9605b75c\",\"name\":\"Mohamed Braiki\",\"description\":\"Natif de Lyon et enfant des Minguettes, je suis dipl\u00f4m\u00e9 de Lettres de la Fac de Lyon 2 et l\u2019EFAP Rh\u00f4ne Alpes. J\u2019ai roul\u00e9 ma bosse dans des r\u00e9dactions lyonnaises comme la radio Lyon Sport 98.4, Le Progr\u00e8s, Foot 69.fr, Tribune de Lyon et Lyon Capitale. braikimohamed@yahoo.fr\",\"url\":\"https:\/\/lyonbondyblog.fr\/LBB\/author\/mohamed\/\"}]}<\/script>\n<!-- \/ Yoast SEO plugin. -->","yoast_head_json":{"title":"Rman Meva l'humoriste sort de sa chrysalide","description":"Rencontre avec l'humoriste lyonnais Rman Meva, pass\u00e9 au Jamel Comedy Club en juin dernier.","robots":{"index":"index","follow":"follow","max-snippet":"max-snippet:-1","max-image-preview":"max-image-preview:large","max-video-preview":"max-video-preview:-1"},"canonical":"https:\/\/lyonbondyblog.fr\/LBB\/rman-meva-lhumoriste-sort-chrysalide\/","og_locale":"fr_FR","og_type":"article","og_title":"Rman Meva l'humoriste sort de sa chrysalide","og_description":"Rencontre avec l'humoriste lyonnais Rman Meva, pass\u00e9 au Jamel Comedy Club en juin dernier.","og_url":"https:\/\/lyonbondyblog.fr\/LBB\/rman-meva-lhumoriste-sort-chrysalide\/","og_site_name":"Lyon Bondy Blog","article_publisher":"https:\/\/www.facebook.com\/lyonbondyblog","article_published_time":"2014-09-29T12:30:15+00:00","article_modified_time":"2015-05-31T21:07:17+00:00","og_image":[{"width":600,"height":400,"url":"https:\/\/lyonbondyblog.fr\/LBB\/wp-content\/uploads\/2014\/09\/rman-Une.jpg","type":"image\/jpeg"}],"author":"Mohamed Braiki","twitter_card":"summary_large_image","twitter_creator":"@bondybloglyon","twitter_site":"@bondybloglyon","schema":{"@context":"https:\/\/schema.org","@graph":[{"@type":"Article","@id":"https:\/\/lyonbondyblog.fr\/LBB\/rman-meva-lhumoriste-sort-chrysalide\/#article","isPartOf":{"@id":"https:\/\/lyonbondyblog.fr\/LBB\/rman-meva-lhumoriste-sort-chrysalide\/"},"author":{"name":"Mohamed Braiki","@id":"https:\/\/lyonbondyblog.fr\/LBB\/#\/schema\/person\/558339ea4e67b07f7a2df48e9605b75c"},"headline":"L&rsquo;humoriste Rman Meva sort de sa chrysalide\u00a0\u00a0\u00a0\u00a0","datePublished":"2014-09-29T12:30:15+00:00","dateModified":"2015-05-31T21:07:17+00:00","mainEntityOfPage":{"@id":"https:\/\/lyonbondyblog.fr\/LBB\/rman-meva-lhumoriste-sort-chrysalide\/"},"wordCount":1302,"commentCount":0,"publisher":{"@id":"https:\/\/lyonbondyblog.fr\/LBB\/#organization"},"image":{"@id":"https:\/\/lyonbondyblog.fr\/LBB\/rman-meva-lhumoriste-sort-chrysalide\/#primaryimage"},"thumbnailUrl":"https:\/\/lyonbondyblog.fr\/LBB\/wp-content\/uploads\/2014\/09\/rman-Une.jpg","keywords":["2014","banlieue","com\u00e9die","festival","Florence Foresti","Jamel Comedy Club","lyon","social","spectacle","Vaulx-en-Velin"],"articleSection":["Ambiance","Culture","Soci\u00e9t\u00e9"],"inLanguage":"fr-FR","potentialAction":[{"@type":"CommentAction","name":"Comment","target":["https:\/\/lyonbondyblog.fr\/LBB\/rman-meva-lhumoriste-sort-chrysalide\/#respond"]}]},{"@type":"WebPage","@id":"https:\/\/lyonbondyblog.fr\/LBB\/rman-meva-lhumoriste-sort-chrysalide\/","url":"https:\/\/lyonbondyblog.fr\/LBB\/rman-meva-lhumoriste-sort-chrysalide\/","name":"Rman Meva l'humoriste sort de sa chrysalide","isPartOf":{"@id":"https:\/\/lyonbondyblog.fr\/LBB\/#website"},"primaryImageOfPage":{"@id":"https:\/\/lyonbondyblog.fr\/LBB\/rman-meva-lhumoriste-sort-chrysalide\/#primaryimage"},"image":{"@id":"https:\/\/lyonbondyblog.fr\/LBB\/rman-meva-lhumoriste-sort-chrysalide\/#primaryimage"},"thumbnailUrl":"https:\/\/lyonbondyblog.fr\/LBB\/wp-content\/uploads\/2014\/09\/rman-Une.jpg","datePublished":"2014-09-29T12:30:15+00:00","dateModified":"2015-05-31T21:07:17+00:00","description":"Rencontre avec l'humoriste lyonnais Rman Meva, pass\u00e9 au Jamel Comedy Club en juin dernier.","inLanguage":"fr-FR","potentialAction":[{"@type":"ReadAction","target":["https:\/\/lyonbondyblog.fr\/LBB\/rman-meva-lhumoriste-sort-chrysalide\/"]}]},{"@type":"ImageObject","inLanguage":"fr-FR","@id":"https:\/\/lyonbondyblog.fr\/LBB\/rman-meva-lhumoriste-sort-chrysalide\/#primaryimage","url":"https:\/\/lyonbondyblog.fr\/LBB\/wp-content\/uploads\/2014\/09\/rman-Une.jpg","contentUrl":"https:\/\/lyonbondyblog.fr\/LBB\/wp-content\/uploads\/2014\/09\/rman-Une.jpg","width":600,"height":400},{"@type":"WebSite","@id":"https:\/\/lyonbondyblog.fr\/LBB\/#website","url":"https:\/\/lyonbondyblog.fr\/LBB\/","name":"Lyon Bondy Blog","description":"","publisher":{"@id":"https:\/\/lyonbondyblog.fr\/LBB\/#organization"},"potentialAction":[{"@type":"SearchAction","target":{"@type":"EntryPoint","urlTemplate":"https:\/\/lyonbondyblog.fr\/LBB\/?s={search_term_string}"},"query-input":"required name=search_term_string"}],"inLanguage":"fr-FR"},{"@type":"Organization","@id":"https:\/\/lyonbondyblog.fr\/LBB\/#organization","name":"LYON BONDY BLOG","url":"https:\/\/lyonbondyblog.fr\/LBB\/","logo":{"@type":"ImageObject","inLanguage":"fr-FR","@id":"https:\/\/lyonbondyblog.fr\/LBB\/#\/schema\/logo\/image\/","url":"http:\/\/lyonbondyblog.fr\/LBB\/wp-content\/uploads\/2014\/10\/logo-portable-144.png","contentUrl":"http:\/\/lyonbondyblog.fr\/LBB\/wp-content\/uploads\/2014\/10\/logo-portable-144.png","width":144,"height":123,"caption":"LYON BONDY BLOG"},"image":{"@id":"https:\/\/lyonbondyblog.fr\/LBB\/#\/schema\/logo\/image\/"},"sameAs":["https:\/\/www.facebook.com\/lyonbondyblog","https:\/\/x.com\/bondybloglyon"]},{"@type":"Person","@id":"https:\/\/lyonbondyblog.fr\/LBB\/#\/schema\/person\/558339ea4e67b07f7a2df48e9605b75c","name":"Mohamed Braiki","description":"Natif de Lyon et enfant des Minguettes, je suis dipl\u00f4m\u00e9 de Lettres de la Fac de Lyon 2 et l\u2019EFAP Rh\u00f4ne Alpes. J\u2019ai roul\u00e9 ma bosse dans des r\u00e9dactions lyonnaises comme la radio Lyon Sport 98.4, Le Progr\u00e8s, Foot 69.fr, Tribune de Lyon et Lyon Capitale. braikimohamed@yahoo.fr","url":"https:\/\/lyonbondyblog.fr\/LBB\/author\/mohamed\/"}]}},"_links":{"self":[{"href":"https:\/\/lyonbondyblog.fr\/LBB\/wp-json\/wp\/v2\/posts\/7150","targetHints":{"allow":["GET"]}}],"collection":[{"href":"https:\/\/lyonbondyblog.fr\/LBB\/wp-json\/wp\/v2\/posts"}],"about":[{"href":"https:\/\/lyonbondyblog.fr\/LBB\/wp-json\/wp\/v2\/types\/post"}],"author":[{"embeddable":true,"href":"https:\/\/lyonbondyblog.fr\/LBB\/wp-json\/wp\/v2\/users\/28"}],"replies":[{"embeddable":true,"href":"https:\/\/lyonbondyblog.fr\/LBB\/wp-json\/wp\/v2\/comments?post=7150"}],"version-history":[{"count":0,"href":"https:\/\/lyonbondyblog.fr\/LBB\/wp-json\/wp\/v2\/posts\/7150\/revisions"}],"wp:featuredmedia":[{"embeddable":true,"href":"https:\/\/lyonbondyblog.fr\/LBB\/wp-json\/wp\/v2\/media\/7154"}],"wp:attachment":[{"href":"https:\/\/lyonbondyblog.fr\/LBB\/wp-json\/wp\/v2\/media?parent=7150"}],"wp:term":[{"taxonomy":"category","embeddable":true,"href":"https:\/\/lyonbondyblog.fr\/LBB\/wp-json\/wp\/v2\/categories?post=7150"},{"taxonomy":"post_tag","embeddable":true,"href":"https:\/\/lyonbondyblog.fr\/LBB\/wp-json\/wp\/v2\/tags?post=7150"}],"curies":[{"name":"wp","href":"https:\/\/api.w.org\/{rel}","templated":true}]}}