{"id":7125,"date":"2014-07-25T17:35:06","date_gmt":"2014-07-25T15:35:06","guid":{"rendered":"http:\/\/lyonbondyblog.fr\/LBB\/?p=7125"},"modified":"2014-07-25T17:39:58","modified_gmt":"2014-07-25T15:39:58","slug":"reforme-rythmes-scolaires-etienne","status":"publish","type":"post","link":"https:\/\/lyonbondyblog.fr\/LBB\/reforme-rythmes-scolaires-etienne\/","title":{"rendered":"R\u00e9forme des rythmes scolaires : Une cacophonie g\u00e9n\u00e9rale"},"content":{"rendered":"<p><strong>\u00c0 partir de septembre, les nouveaux rythmes scolaires arrivent dans le Grand Lyon. Malgr\u00e9 la mont\u00e9e au cr\u00e9neau de certains \u00e9lus, cette r\u00e9forme sera bien mise en place pour la rentr\u00e9e prochaine. Les parents d\u2019\u00e9l\u00e8ves y sont totalement oppos\u00e9s, et confondent souvent p\u00e9riscolaire et scolaire. Pour vous, le LBB a enqu\u00eat\u00e9 dans trois communes avec des avis divergeant sur la question\u00a0: Villeurbanne, Rillieux-la-Pape et Irigny.<\/strong><\/p>\n<p><img loading=\"lazy\" decoding=\"async\" width=\"600\" height=\"319\" class=\"aligncenter size-full wp-image-7131\" src=\"https:\/\/lyonbondyblog.fr\/LBB\/wp-content\/uploads\/2014\/07\/sieste-pedagogique.jpg\" alt=\"sieste pedagogique\" srcset=\"https:\/\/lyonbondyblog.fr\/LBB\/wp-content\/uploads\/2014\/07\/sieste-pedagogique.jpg 600w, https:\/\/lyonbondyblog.fr\/LBB\/wp-content\/uploads\/2014\/07\/sieste-pedagogique-300x159.jpg 300w\" sizes=\"auto, (max-width: 600px) 100vw, 600px\" \/><\/p>\n<h2>Villeurbanne, la souplesse est de rigueur<\/h2>\n<p>Jean-Paul Bret l\u2019avait annonc\u00e9 pendant sa campagne des municipales\u00a0: \u00ab\u00a0Entre 15\u00a0h\u00a045 et 16\u00a0h\u00a030, je ne peux rien faire, mais je vais garder vos enfants\u00a0\u00bb. C\u2019est le d\u00e9cret Peillon qui sera appliqu\u00e9. Damien Berthilier, adjoint \u00e0 l\u2019\u00e9ducation et ancien pr\u00e9sident de LMDE (mutuelle des \u00e9tudiants) prend l\u2019affaire en main. Il annonce les nouveaux am\u00e9nagements de la rentr\u00e9e \u00e0 travers une plaquette envoy\u00e9e \u00e0 toutes les familles concern\u00e9es. L\u2019enseignement se fera sur quatre jours et demi (mercredi matin travaill\u00e9). Toutes les organisations syndicales et de parents d\u2019\u00e9l\u00e8ves s\u2019accordent \u00e0 dire que Villeurbanne aura la meilleure organisation scolaire. Pour cela, la pr\u00e9sidente de la FCPE nous d\u00e9clare\u00a0: <em>\u00ab\u00a0Villeurbanne a pr\u00e9sent\u00e9 une semaine du d\u00e9cret Peillon avec des journ\u00e9es all\u00e9g\u00e9es. Pour nous, c\u2019est une chose acceptable. Cette ville est dans les clous\u00a0\u00bb<\/em>. La PEEP r\u00e9torque\u00a0: <em>\u00ab\u00a0Pour cette r\u00e9forme Mr\u00a0Bret a \u00e9t\u00e9 clair d\u00e8s le d\u00e9but\u00a0\u00bb<\/em>. Seul le p\u00e9riscolaire sera payant. Les parents d\u2019\u00e9l\u00e8ves confondent les deux choses. Ils croient, \u00e0 tort, payer l\u2019enseignement de leurs enfants.<\/p>\n<p><img loading=\"lazy\" decoding=\"async\" width=\"600\" height=\"296\" class=\"aligncenter size-full wp-image-7132\" src=\"https:\/\/lyonbondyblog.fr\/LBB\/wp-content\/uploads\/2014\/07\/eleve-dort.jpg\" alt=\"eleve dort\" srcset=\"https:\/\/lyonbondyblog.fr\/LBB\/wp-content\/uploads\/2014\/07\/eleve-dort.jpg 600w, https:\/\/lyonbondyblog.fr\/LBB\/wp-content\/uploads\/2014\/07\/eleve-dort-300x148.jpg 300w\" sizes=\"auto, (max-width: 600px) 100vw, 600px\" \/><\/p>\n<h2>Rillieux-la-Pape, l\u2019argument \u00e9lectoral<\/h2>\n<p>En effet \u00e0 Rillieux, personne ne voulait entendre parler de cette r\u00e9forme. Le nouveau maire Mr\u00a0Vincendet (UMP) nous en parle\u00a0: <em>\u00ab\u00a0En premier lieu, je suis toujours oppos\u00e9 \u00e0 cette r\u00e9forme. Simplement, pour gouverner, il faut pr\u00e9voir. Mais elle ne convient \u00e0 personne, tant aux parents d\u2019\u00e9l\u00e8ves qu\u2019aux directeurs des \u00e9coles. Nous sommes l\u00e0 pour am\u00e9liorer l\u2019enseignement au sein de nos \u00e9coles, on mettra l\u2019accent sur l\u2019aide aux devoirs. Mr\u00a0Hamon est bien gentil de nous imposer \u00e7a, mais il faut toujours faire mieux avec peu de moyens. Il faut faire preuve d\u2019imagination.\u00a0\u00bb<\/em> La semaine sera de quatre jours et demi avec le mercredi matin travaill\u00e9. Un questionnaire \u00e0 choix multiples a \u00e9t\u00e9 envoy\u00e9 \u00e0 chaque famille pour leur soumettre le choix de la \u00bd journ\u00e9e non travaill\u00e9e. Les agents territoriaux de la ville prendront le relais des instituteurs \u00e0 partir de 16\u00a0h\u00a030 jusqu\u2019\u00e0 18\u00a0h. Mme le Coarer, pr\u00e9sidente de la FCPE, nous parle de l\u2019organisation de Rillieux\u00a0: <em>\u00ab\u00a0Il y a eu plusieurs propositions. Ils (NDLR\u00a0La mairie) sont revenus en arri\u00e8re. Au d\u00e9part, le maire \u00e9tait parti pour des semaines all\u00e9g\u00e9es. Nous, on \u00e9tait pour que l\u2019apprentissage de l\u2019enfant soit all\u00e9g\u00e9. C\u2019est-\u00e0-dire des journ\u00e9es qui ne d\u00e9passent pas 5\u00a0h\u00a015. Nous, on se rattache plus \u00e0 l\u2019apprentissage \u00e0 l\u2019\u00e9cole qu\u2019au p\u00e9riscolaire\u00a0\u00bb<\/em>. Mme\u00a0Cotaz-Bertholet, pr\u00e9sidente de la PEEP, r\u00e9torque\u00a0: <em>\u00ab\u00a0Il faut faire une r\u00e9forme en changeant le temps scolaire. Au niveau du minist\u00e8re de l\u2019\u00c9ducation, on demande une nouvelle organisation des mairies. Si on suivait exactement, il aurait fallu des enseignements le matin, une grande pause m\u00e9ridienne, cours \u00e0 15\u00a0h avec une fin \u00e0 16\u00a0h\u00a030\u00a0\u00bb<\/em>.<\/p>\n<p><img loading=\"lazy\" decoding=\"async\" width=\"600\" height=\"295\" class=\"aligncenter size-full wp-image-7138\" src=\"https:\/\/lyonbondyblog.fr\/LBB\/wp-content\/uploads\/2014\/07\/cage-foot1.jpg\" alt=\"cage foot\" srcset=\"https:\/\/lyonbondyblog.fr\/LBB\/wp-content\/uploads\/2014\/07\/cage-foot1.jpg 600w, https:\/\/lyonbondyblog.fr\/LBB\/wp-content\/uploads\/2014\/07\/cage-foot1-300x147.jpg 300w\" sizes=\"auto, (max-width: 600px) 100vw, 600px\" \/><\/p>\n<h2>Irigny, un monde de\u00a0\u00ab\u00a0bisounours\u00a0\u00bb<\/h2>\n<p>Irigny est une ville test pour cette r\u00e9forme. Mis en place \u00e0 la rentr\u00e9e\u00a02013, tout le monde est \u00e0 la m\u00eame enseigne, priv\u00e9 comme public. Mme\u00a0Ranchin, adjointe \u00e0 l\u2019\u00e9ducation, d\u00e9clare\u00a0: <em>\u00ab\u00a0Cette r\u00e9forme est g\u00e9niale pour les enfants\u00a0\u00bb<\/em>. Pour cette ann\u00e9e de transition, certains instituteurs \u00e9taient r\u00e9ticents. Les parents constatent que leurs enfants sont de plus en plus fatigu\u00e9s malgr\u00e9 l\u2019all\u00e9gement des horaires. La pr\u00e9sidente de la FCPE nous parle du cas d\u2019Irigny\u00a0: <em>\u00ab\u00a0Tout le monde est \u00e0 la m\u00eame enseigne, c\u2019est une bonne chose\u00a0\u00bb<\/em>. La PEEP nous rappelle les effets naus\u00e9abonds de ces nouveaux rythmes scolaires\u00a0sur les enfants\u00a0: <em>\u00ab\u00a0D\u2019apr\u00e8s les directeurs d\u2019\u00e9coles, les enfants qui sont en maternelle sont de plus en plus fatigu\u00e9s. De toute fa\u00e7on, c\u2019est toujours les m\u00eames qui trinquent.\u00a0\u00bb<\/em> Toutes les associations de cette commune sont mises \u00e0 contribution, notamment l\u2019\u00e9cole de musique, le Patad\u00f4me, et la Cabane \u00e0 oiseaux. Elles nous rappellent la lassitude des enfants apr\u00e8s la fin des cours.<\/p>\n<p>&nbsp;<\/p>\n<h2>Le co\u00fbt du p\u00e9riscolaire par commune<\/h2>\n<table border=\"8\" cellpadding=\"3\">\n<tbody>\n<tr>\n<td><strong>Commune<\/strong><\/td>\n<td><strong>Nb \u00e9l\u00e8ves<\/strong><\/td>\n<td><strong>Co\u00fbt total annuel<\/strong><\/td>\n<td><strong>Subvention Caf annuelle<\/strong><\/td>\n<td><strong>Subvention mairie annuelle<\/strong><\/td>\n<td><strong>Cout annuel par famille<\/strong><\/td>\n<td><strong>Cout annuel par enfant<\/strong><\/td>\n<td><strong>Jours par semaine<\/strong><\/td>\n<td><\/td>\n<\/tr>\n<tr>\n<td>\u00a0Villeurbanne<\/td>\n<td>\u00a012 813<\/td>\n<td>4 700 000\u20ac<\/td>\n<td>\u00a01 700 000 \u20ac<\/td>\n<td>6 400 000\u20ac<\/td>\n<td>\u00a0CF 2200 : 240\u20ac \/ CF 400 : 30\u20ac<\/td>\n<td>\u00a0300 \u20ac<\/td>\n<td>\u00a04,5<\/td>\n<td><\/td>\n<\/tr>\n<tr>\n<td>Rillieux-la-Pape<\/td>\n<td>\u00a03 300<\/td>\n<td>450 000\u20ac<\/td>\n<td>NC<\/td>\n<td>NC<\/td>\n<td>NC<\/td>\n<td>150 \u20ac<\/td>\n<td>\u00a04,5<\/td>\n<td><\/td>\n<\/tr>\n<tr>\n<td>\u00a0Irigny<\/td>\n<td>\u00a0700<\/td>\n<td>80 000\u20ac<\/td>\n<td>\u00a040 000 \u20ac<\/td>\n<td>\u00a040 000\u20ac<\/td>\n<td>\u00a0CF 2200 : 50\u20ac \/ CF 400 : 20\u20ac<\/td>\n<td>\u00a0350 \u20ac<\/td>\n<td>4,5<\/td>\n<td><\/td>\n<\/tr>\n<\/tbody>\n<\/table>\n<h2><\/h2>\n<h2>\u00c0 la sortie des \u00e9coles, les parents s\u2019insurgent contre cette loi<\/h2>\n<p>\u00c0 Villeurbanne, les parents ne comprennent pas la nouvelle organisation scolaire impos\u00e9e \u00e0 la rentr\u00e9e. Une maman nous interpelle\u00a0: <em>\u00ab\u00a0Je suis tr\u00e8s inqui\u00e8te pour mes enfants. Je ne sais pas si l\u2019enseignement va \u00eatre de qualit\u00e9. Cela va \u00eatre tr\u00e8s compliqu\u00e9 \u00e0 g\u00e9rer, je vais devoir prendre beaucoup plus de jours de cong\u00e9, car une nounou, \u00e7a co\u00fbte cher. Moi je fais partie des classes moyennes et je trouve le prix choquant pour les activit\u00e9s p\u00e9riscolaires, mais de toute fa\u00e7on \u00e0 Villeurbanne on a l\u2019habitude, c\u2019est toujours les classes moyennes qui paient. Moi je pense que si \u00e7a continue comme \u00e7a, je vais inscrire mes enfants dans le priv\u00e9, au moins je serai plus tranquille\u00a0\u00bb<\/em>. \u00c0 Rillieux, c\u2019est la m\u00eame inqui\u00e9tude pour l\u2019apprentissage. Quelques parents nous glissent une phrase\u00a0: <em>\u00ab\u00a0Franchement, nous, on en a marre. Nous aussi si \u00e7a continue on va mettre nos enfants dans le priv\u00e9. Au moins c\u2019est plus souple\u00a0\u00bb<\/em>. \u00c9galement une nounou nous d\u00e9clare\u00a0: <em>\u00ab\u00a0Ces rythmes scolaires vont me demander \u00e9norm\u00e9ment de travail, car tous les parents n\u2019ont pas les m\u00eames emplois du temps, il va falloir s\u2019organiser.\u00a0\u00bb<\/em><\/p>\n<p>Comme bien souvent avec une r\u00e9forme gouvernementale, les parents se sentent pris \u00e0 la gorge. L\u2019information sur ces rythmes scolaires a tr\u00e8s mal circul\u00e9 et l\u2019incompr\u00e9hension est g\u00e9n\u00e9rale, comme le notent les assciations de parents d\u2019\u00e9l\u00e8ves. La rentr\u00e9e\u00a02014 sera chaude sur tous les points de vue. Am\u00e9liorer les choses a toujours un prix.<\/p>\n<!-- AddThis Advanced Settings generic via filter on the_content --><!-- AddThis Share Buttons generic via filter on the_content -->","protected":false},"excerpt":{"rendered":"<p>\u00c0 partir de septembre, les nouveaux rythmes scolaires arrivent dans le Grand Lyon. Malgr\u00e9 la mont\u00e9e au cr\u00e9neau de certains \u00e9lus, cette r\u00e9forme sera bien &hellip; <!-- AddThis Advanced Settings generic via filter on wp_trim_excerpt --><!-- AddThis Share Buttons generic via filter on wp_trim_excerpt --><\/p>\n","protected":false},"author":33,"featured_media":7141,"comment_status":"open","ping_status":"open","sticky":false,"template":"","format":"standard","meta":{"_FSMCFIC_featured_image_caption":"","_FSMCFIC_featured_image_nocaption":"","_FSMCFIC_featured_image_hide":"","footnotes":""},"categories":[4],"tags":[614,435,11,399,1077,1143,890,135,262,1076,128],"class_list":["post-7125","post","type-post","status-publish","format-standard","has-post-thumbnail","hentry","category-lyon","tag-614","tag-association","tag-france-2","tag-gouvernement","tag-grand-lyon","tag-irigny","tag-jean-paul-bret","tag-lbb","tag-municipales","tag-rillieux-la-pape-2","tag-villeurbanne"],"yoast_head":"<!-- This site is optimized with the Yoast SEO plugin v22.8 - https:\/\/yoast.com\/wordpress\/plugins\/seo\/ -->\n<title>R\u00e9forme des rythmes scolaires : Une cacophonie g\u00e9n\u00e9rale<\/title>\n<meta name=\"description\" content=\"La r\u00e9forme des rythmes scolaires \u00e0 Villeurbanne, Irigny et Rillieux-la-Pape\" \/>\n<meta name=\"robots\" content=\"index, follow, max-snippet:-1, max-image-preview:large, max-video-preview:-1\" \/>\n<link rel=\"canonical\" href=\"https:\/\/lyonbondyblog.fr\/LBB\/reforme-rythmes-scolaires-etienne\/\" \/>\n<meta property=\"og:locale\" content=\"fr_FR\" \/>\n<meta property=\"og:type\" content=\"article\" \/>\n<meta property=\"og:title\" content=\"R\u00e9forme des rythmes scolaires : Une cacophonie g\u00e9n\u00e9rale\" \/>\n<meta property=\"og:description\" content=\"La r\u00e9forme des rythmes scolaires \u00e0 Villeurbanne, Irigny et Rillieux-la-Pape\" \/>\n<meta property=\"og:url\" content=\"https:\/\/lyonbondyblog.fr\/LBB\/reforme-rythmes-scolaires-etienne\/\" \/>\n<meta property=\"og:site_name\" content=\"Lyon Bondy Blog\" \/>\n<meta property=\"article:publisher\" content=\"https:\/\/www.facebook.com\/lyonbondyblog\" \/>\n<meta property=\"article:published_time\" content=\"2014-07-25T15:35:06+00:00\" \/>\n<meta property=\"article:modified_time\" content=\"2014-07-25T15:39:58+00:00\" \/>\n<meta property=\"og:image\" content=\"https:\/\/lyonbondyblog.fr\/LBB\/wp-content\/uploads\/2014\/07\/image-une.jpg\" \/>\n\t<meta property=\"og:image:width\" content=\"600\" \/>\n\t<meta property=\"og:image:height\" content=\"400\" \/>\n\t<meta property=\"og:image:type\" content=\"image\/jpeg\" \/>\n<meta name=\"author\" content=\"Etienne Aazzab\" \/>\n<meta name=\"twitter:card\" content=\"summary_large_image\" \/>\n<meta name=\"twitter:creator\" content=\"@AazzabEtienne\" \/>\n<meta name=\"twitter:site\" content=\"@bondybloglyon\" \/>\n<script type=\"application\/ld+json\" class=\"yoast-schema-graph\">{\"@context\":\"https:\/\/schema.org\",\"@graph\":[{\"@type\":\"Article\",\"@id\":\"https:\/\/lyonbondyblog.fr\/LBB\/reforme-rythmes-scolaires-etienne\/#article\",\"isPartOf\":{\"@id\":\"https:\/\/lyonbondyblog.fr\/LBB\/reforme-rythmes-scolaires-etienne\/\"},\"author\":{\"name\":\"Etienne Aazzab\",\"@id\":\"https:\/\/lyonbondyblog.fr\/LBB\/#\/schema\/person\/5e9904261c1f613c8e6ea22045b1353d\"},\"headline\":\"R\u00e9forme des rythmes scolaires : Une cacophonie g\u00e9n\u00e9rale\",\"datePublished\":\"2014-07-25T15:35:06+00:00\",\"dateModified\":\"2014-07-25T15:39:58+00:00\",\"mainEntityOfPage\":{\"@id\":\"https:\/\/lyonbondyblog.fr\/LBB\/reforme-rythmes-scolaires-etienne\/\"},\"wordCount\":1072,\"commentCount\":0,\"publisher\":{\"@id\":\"https:\/\/lyonbondyblog.fr\/LBB\/#organization\"},\"image\":{\"@id\":\"https:\/\/lyonbondyblog.fr\/LBB\/reforme-rythmes-scolaires-etienne\/#primaryimage\"},\"thumbnailUrl\":\"https:\/\/lyonbondyblog.fr\/LBB\/wp-content\/uploads\/2014\/07\/image-une.jpg\",\"keywords\":[\"2014\",\"association\",\"france\",\"gouvernement\",\"grand lyon\",\"Irigny\",\"Jean-Paul Bret\",\"LBB\",\"municipales\",\"Rillieux-la-Pape\",\"Villeurbanne\"],\"articleSection\":[\"Lyon\"],\"inLanguage\":\"fr-FR\",\"potentialAction\":[{\"@type\":\"CommentAction\",\"name\":\"Comment\",\"target\":[\"https:\/\/lyonbondyblog.fr\/LBB\/reforme-rythmes-scolaires-etienne\/#respond\"]}]},{\"@type\":\"WebPage\",\"@id\":\"https:\/\/lyonbondyblog.fr\/LBB\/reforme-rythmes-scolaires-etienne\/\",\"url\":\"https:\/\/lyonbondyblog.fr\/LBB\/reforme-rythmes-scolaires-etienne\/\",\"name\":\"R\u00e9forme des rythmes scolaires : Une cacophonie g\u00e9n\u00e9rale\",\"isPartOf\":{\"@id\":\"https:\/\/lyonbondyblog.fr\/LBB\/#website\"},\"primaryImageOfPage\":{\"@id\":\"https:\/\/lyonbondyblog.fr\/LBB\/reforme-rythmes-scolaires-etienne\/#primaryimage\"},\"image\":{\"@id\":\"https:\/\/lyonbondyblog.fr\/LBB\/reforme-rythmes-scolaires-etienne\/#primaryimage\"},\"thumbnailUrl\":\"https:\/\/lyonbondyblog.fr\/LBB\/wp-content\/uploads\/2014\/07\/image-une.jpg\",\"datePublished\":\"2014-07-25T15:35:06+00:00\",\"dateModified\":\"2014-07-25T15:39:58+00:00\",\"description\":\"La r\u00e9forme des rythmes scolaires \u00e0 Villeurbanne, Irigny et Rillieux-la-Pape\",\"inLanguage\":\"fr-FR\",\"potentialAction\":[{\"@type\":\"ReadAction\",\"target\":[\"https:\/\/lyonbondyblog.fr\/LBB\/reforme-rythmes-scolaires-etienne\/\"]}]},{\"@type\":\"ImageObject\",\"inLanguage\":\"fr-FR\",\"@id\":\"https:\/\/lyonbondyblog.fr\/LBB\/reforme-rythmes-scolaires-etienne\/#primaryimage\",\"url\":\"https:\/\/lyonbondyblog.fr\/LBB\/wp-content\/uploads\/2014\/07\/image-une.jpg\",\"contentUrl\":\"https:\/\/lyonbondyblog.fr\/LBB\/wp-content\/uploads\/2014\/07\/image-une.jpg\",\"width\":600,\"height\":400},{\"@type\":\"WebSite\",\"@id\":\"https:\/\/lyonbondyblog.fr\/LBB\/#website\",\"url\":\"https:\/\/lyonbondyblog.fr\/LBB\/\",\"name\":\"Lyon Bondy Blog\",\"description\":\"\",\"publisher\":{\"@id\":\"https:\/\/lyonbondyblog.fr\/LBB\/#organization\"},\"potentialAction\":[{\"@type\":\"SearchAction\",\"target\":{\"@type\":\"EntryPoint\",\"urlTemplate\":\"https:\/\/lyonbondyblog.fr\/LBB\/?s={search_term_string}\"},\"query-input\":\"required name=search_term_string\"}],\"inLanguage\":\"fr-FR\"},{\"@type\":\"Organization\",\"@id\":\"https:\/\/lyonbondyblog.fr\/LBB\/#organization\",\"name\":\"LYON BONDY BLOG\",\"url\":\"https:\/\/lyonbondyblog.fr\/LBB\/\",\"logo\":{\"@type\":\"ImageObject\",\"inLanguage\":\"fr-FR\",\"@id\":\"https:\/\/lyonbondyblog.fr\/LBB\/#\/schema\/logo\/image\/\",\"url\":\"http:\/\/lyonbondyblog.fr\/LBB\/wp-content\/uploads\/2014\/10\/logo-portable-144.png\",\"contentUrl\":\"http:\/\/lyonbondyblog.fr\/LBB\/wp-content\/uploads\/2014\/10\/logo-portable-144.png\",\"width\":144,\"height\":123,\"caption\":\"LYON BONDY BLOG\"},\"image\":{\"@id\":\"https:\/\/lyonbondyblog.fr\/LBB\/#\/schema\/logo\/image\/\"},\"sameAs\":[\"https:\/\/www.facebook.com\/lyonbondyblog\",\"https:\/\/x.com\/bondybloglyon\"]},{\"@type\":\"Person\",\"@id\":\"https:\/\/lyonbondyblog.fr\/LBB\/#\/schema\/person\/5e9904261c1f613c8e6ea22045b1353d\",\"name\":\"Etienne Aazzab\",\"description\":\"Etienne a contribu\u00e9 depuis 2 ans dans le journal satirique FOUTOU\u2019ART. Il a int\u00e9gr\u00e9 l\u2019\u00e9quipe du \u00ab clic 2014 \u00bb : Collectif local d\u2019informations citoyennes \u00e0 partir de novembre 2013. Il rejoint le Lyon Bondy Blog \u00e0 partir de janvier 2014. Twitter : @AazzabEtienne Ses sujets de pr\u00e9dilection : #Politique #Soci\u00e9t\u00e9 #Sport\",\"sameAs\":[\"https:\/\/x.com\/AazzabEtienne\"],\"url\":\"https:\/\/lyonbondyblog.fr\/LBB\/author\/etienne\/\"}]}<\/script>\n<!-- \/ Yoast SEO plugin. -->","yoast_head_json":{"title":"R\u00e9forme des rythmes scolaires : Une cacophonie g\u00e9n\u00e9rale","description":"La r\u00e9forme des rythmes scolaires \u00e0 Villeurbanne, Irigny et Rillieux-la-Pape","robots":{"index":"index","follow":"follow","max-snippet":"max-snippet:-1","max-image-preview":"max-image-preview:large","max-video-preview":"max-video-preview:-1"},"canonical":"https:\/\/lyonbondyblog.fr\/LBB\/reforme-rythmes-scolaires-etienne\/","og_locale":"fr_FR","og_type":"article","og_title":"R\u00e9forme des rythmes scolaires : Une cacophonie g\u00e9n\u00e9rale","og_description":"La r\u00e9forme des rythmes scolaires \u00e0 Villeurbanne, Irigny et Rillieux-la-Pape","og_url":"https:\/\/lyonbondyblog.fr\/LBB\/reforme-rythmes-scolaires-etienne\/","og_site_name":"Lyon Bondy Blog","article_publisher":"https:\/\/www.facebook.com\/lyonbondyblog","article_published_time":"2014-07-25T15:35:06+00:00","article_modified_time":"2014-07-25T15:39:58+00:00","og_image":[{"width":600,"height":400,"url":"https:\/\/lyonbondyblog.fr\/LBB\/wp-content\/uploads\/2014\/07\/image-une.jpg","type":"image\/jpeg"}],"author":"Etienne Aazzab","twitter_card":"summary_large_image","twitter_creator":"@AazzabEtienne","twitter_site":"@bondybloglyon","schema":{"@context":"https:\/\/schema.org","@graph":[{"@type":"Article","@id":"https:\/\/lyonbondyblog.fr\/LBB\/reforme-rythmes-scolaires-etienne\/#article","isPartOf":{"@id":"https:\/\/lyonbondyblog.fr\/LBB\/reforme-rythmes-scolaires-etienne\/"},"author":{"name":"Etienne Aazzab","@id":"https:\/\/lyonbondyblog.fr\/LBB\/#\/schema\/person\/5e9904261c1f613c8e6ea22045b1353d"},"headline":"R\u00e9forme des rythmes scolaires : Une cacophonie g\u00e9n\u00e9rale","datePublished":"2014-07-25T15:35:06+00:00","dateModified":"2014-07-25T15:39:58+00:00","mainEntityOfPage":{"@id":"https:\/\/lyonbondyblog.fr\/LBB\/reforme-rythmes-scolaires-etienne\/"},"wordCount":1072,"commentCount":0,"publisher":{"@id":"https:\/\/lyonbondyblog.fr\/LBB\/#organization"},"image":{"@id":"https:\/\/lyonbondyblog.fr\/LBB\/reforme-rythmes-scolaires-etienne\/#primaryimage"},"thumbnailUrl":"https:\/\/lyonbondyblog.fr\/LBB\/wp-content\/uploads\/2014\/07\/image-une.jpg","keywords":["2014","association","france","gouvernement","grand lyon","Irigny","Jean-Paul Bret","LBB","municipales","Rillieux-la-Pape","Villeurbanne"],"articleSection":["Lyon"],"inLanguage":"fr-FR","potentialAction":[{"@type":"CommentAction","name":"Comment","target":["https:\/\/lyonbondyblog.fr\/LBB\/reforme-rythmes-scolaires-etienne\/#respond"]}]},{"@type":"WebPage","@id":"https:\/\/lyonbondyblog.fr\/LBB\/reforme-rythmes-scolaires-etienne\/","url":"https:\/\/lyonbondyblog.fr\/LBB\/reforme-rythmes-scolaires-etienne\/","name":"R\u00e9forme des rythmes scolaires : Une cacophonie g\u00e9n\u00e9rale","isPartOf":{"@id":"https:\/\/lyonbondyblog.fr\/LBB\/#website"},"primaryImageOfPage":{"@id":"https:\/\/lyonbondyblog.fr\/LBB\/reforme-rythmes-scolaires-etienne\/#primaryimage"},"image":{"@id":"https:\/\/lyonbondyblog.fr\/LBB\/reforme-rythmes-scolaires-etienne\/#primaryimage"},"thumbnailUrl":"https:\/\/lyonbondyblog.fr\/LBB\/wp-content\/uploads\/2014\/07\/image-une.jpg","datePublished":"2014-07-25T15:35:06+00:00","dateModified":"2014-07-25T15:39:58+00:00","description":"La r\u00e9forme des rythmes scolaires \u00e0 Villeurbanne, Irigny et Rillieux-la-Pape","inLanguage":"fr-FR","potentialAction":[{"@type":"ReadAction","target":["https:\/\/lyonbondyblog.fr\/LBB\/reforme-rythmes-scolaires-etienne\/"]}]},{"@type":"ImageObject","inLanguage":"fr-FR","@id":"https:\/\/lyonbondyblog.fr\/LBB\/reforme-rythmes-scolaires-etienne\/#primaryimage","url":"https:\/\/lyonbondyblog.fr\/LBB\/wp-content\/uploads\/2014\/07\/image-une.jpg","contentUrl":"https:\/\/lyonbondyblog.fr\/LBB\/wp-content\/uploads\/2014\/07\/image-une.jpg","width":600,"height":400},{"@type":"WebSite","@id":"https:\/\/lyonbondyblog.fr\/LBB\/#website","url":"https:\/\/lyonbondyblog.fr\/LBB\/","name":"Lyon Bondy Blog","description":"","publisher":{"@id":"https:\/\/lyonbondyblog.fr\/LBB\/#organization"},"potentialAction":[{"@type":"SearchAction","target":{"@type":"EntryPoint","urlTemplate":"https:\/\/lyonbondyblog.fr\/LBB\/?s={search_term_string}"},"query-input":"required name=search_term_string"}],"inLanguage":"fr-FR"},{"@type":"Organization","@id":"https:\/\/lyonbondyblog.fr\/LBB\/#organization","name":"LYON BONDY BLOG","url":"https:\/\/lyonbondyblog.fr\/LBB\/","logo":{"@type":"ImageObject","inLanguage":"fr-FR","@id":"https:\/\/lyonbondyblog.fr\/LBB\/#\/schema\/logo\/image\/","url":"http:\/\/lyonbondyblog.fr\/LBB\/wp-content\/uploads\/2014\/10\/logo-portable-144.png","contentUrl":"http:\/\/lyonbondyblog.fr\/LBB\/wp-content\/uploads\/2014\/10\/logo-portable-144.png","width":144,"height":123,"caption":"LYON BONDY BLOG"},"image":{"@id":"https:\/\/lyonbondyblog.fr\/LBB\/#\/schema\/logo\/image\/"},"sameAs":["https:\/\/www.facebook.com\/lyonbondyblog","https:\/\/x.com\/bondybloglyon"]},{"@type":"Person","@id":"https:\/\/lyonbondyblog.fr\/LBB\/#\/schema\/person\/5e9904261c1f613c8e6ea22045b1353d","name":"Etienne Aazzab","description":"Etienne a contribu\u00e9 depuis 2 ans dans le journal satirique FOUTOU\u2019ART. Il a int\u00e9gr\u00e9 l\u2019\u00e9quipe du \u00ab clic 2014 \u00bb : Collectif local d\u2019informations citoyennes \u00e0 partir de novembre 2013. Il rejoint le Lyon Bondy Blog \u00e0 partir de janvier 2014. Twitter : @AazzabEtienne Ses sujets de pr\u00e9dilection : #Politique #Soci\u00e9t\u00e9 #Sport","sameAs":["https:\/\/x.com\/AazzabEtienne"],"url":"https:\/\/lyonbondyblog.fr\/LBB\/author\/etienne\/"}]}},"_links":{"self":[{"href":"https:\/\/lyonbondyblog.fr\/LBB\/wp-json\/wp\/v2\/posts\/7125","targetHints":{"allow":["GET"]}}],"collection":[{"href":"https:\/\/lyonbondyblog.fr\/LBB\/wp-json\/wp\/v2\/posts"}],"about":[{"href":"https:\/\/lyonbondyblog.fr\/LBB\/wp-json\/wp\/v2\/types\/post"}],"author":[{"embeddable":true,"href":"https:\/\/lyonbondyblog.fr\/LBB\/wp-json\/wp\/v2\/users\/33"}],"replies":[{"embeddable":true,"href":"https:\/\/lyonbondyblog.fr\/LBB\/wp-json\/wp\/v2\/comments?post=7125"}],"version-history":[{"count":0,"href":"https:\/\/lyonbondyblog.fr\/LBB\/wp-json\/wp\/v2\/posts\/7125\/revisions"}],"wp:featuredmedia":[{"embeddable":true,"href":"https:\/\/lyonbondyblog.fr\/LBB\/wp-json\/wp\/v2\/media\/7141"}],"wp:attachment":[{"href":"https:\/\/lyonbondyblog.fr\/LBB\/wp-json\/wp\/v2\/media?parent=7125"}],"wp:term":[{"taxonomy":"category","embeddable":true,"href":"https:\/\/lyonbondyblog.fr\/LBB\/wp-json\/wp\/v2\/categories?post=7125"},{"taxonomy":"post_tag","embeddable":true,"href":"https:\/\/lyonbondyblog.fr\/LBB\/wp-json\/wp\/v2\/tags?post=7125"}],"curies":[{"name":"wp","href":"https:\/\/api.w.org\/{rel}","templated":true}]}}