{"id":6938,"date":"2014-06-26T17:05:12","date_gmt":"2014-06-26T15:05:12","guid":{"rendered":"http:\/\/lyonbondyblog.fr\/LBB\/?p=6938"},"modified":"2014-06-26T17:05:12","modified_gmt":"2014-06-26T15:05:12","slug":"engagement-etudiant","status":"publish","type":"post","link":"https:\/\/lyonbondyblog.fr\/LBB\/engagement-etudiant\/","title":{"rendered":"L\u2019engagement \u00e9tudiant a des visages"},"content":{"rendered":"<p class=\"p1\"><strong>Entre deux matches de la Coupe du Monde, ce jeudi 19 juin a eu lieu le vernissage de l\u2019exposition photo \u00ab Egos \u00e9gaux\u00a0\u00bb \u00e0 la Maison des \u00e9tudiants de la ville de Lyon. Cette exposition photo vise \u00e0 valoriser les jeunes \u00e9tudiants engag\u00e9s associativement. Elle prend place sur deux lieux distincts\u00a0: la biblioth\u00e8que Chevreuil et la Maison des \u00e9tudiants de Lyon 7e. La premi\u00e8re pr\u00e9sentera des clich\u00e9s originaux en argentiques et l\u2019autre exposera le long de ses murs des photos en vitrophanie.<\/strong><\/p>\n<p class=\"p1\"><img loading=\"lazy\" decoding=\"async\" width=\"600\" height=\"412\" class=\"aligncenter size-full wp-image-6939\" src=\"https:\/\/lyonbondyblog.fr\/LBB\/wp-content\/uploads\/2014\/06\/DSC07934.jpg\" alt=\"DSC07934\" srcset=\"https:\/\/lyonbondyblog.fr\/LBB\/wp-content\/uploads\/2014\/06\/DSC07934.jpg 600w, https:\/\/lyonbondyblog.fr\/LBB\/wp-content\/uploads\/2014\/06\/DSC07934-300x206.jpg 300w\" sizes=\"auto, (max-width: 600px) 100vw, 600px\" \/><\/p>\n<p class=\"p1\">Pendant quelques jours l\u2019engagement \u00e9tudiant aura des visages. Et c\u2019est en partenariat avec la Maison des \u00e9tudiants de Lyon 7e et l\u2019association Vidrio que le projet de photographie \u00ab <em>E<\/em><i>gos \u00e9gaux<\/i>\u00a0\u00bb a vu le jour. Lors de ce vernissage quelques engag\u00e9s politiques et associatifs n\u2019ont pas h\u00e9sit\u00e9 \u00e0 r\u00e9pondre pr\u00e9sent. Les journalistes du Progr\u00e8s et de TLM ont aussi fait le d\u00e9placement. L\u2019objectif d\u2019\u00ab Egos \u00e9gaux\u00a0\u00bb\u00a0 est de mettre en valeur les \u00e9tudiants engag\u00e9s dans la vie associative de leur environnement, comme nous l\u2019a expliqu\u00e9 Cl\u00e9mentine Hervault, charg\u00e9e de projet \u00e0 Vidrio. Ainsi accompagn\u00e9 de son Hasselblad, l\u2019un des photographes sp\u00e9cialistes de l\u2019argentique, Kevin Pailler, a jou\u00e9 le jeu en photographiant sept jeunes engag\u00e9s. Les jeunes sont issus de diff\u00e9rentes associations telles que Future au Pr\u00e9sent, Esprits Critiques, Apagri, AFEV,\u2026 Chaque portrait d\u2019\u00e9tudiant r\u00e9alis\u00e9 est associ\u00e9 \u00e0 celui d\u2019une personnalit\u00e9 de la musique. Ce parall\u00e8le \u00e9tant fait, permet de mettre en lumi\u00e8re l\u2019engagement et la cr\u00e9ativit\u00e9 commune aux deux personnages. Loin de vouloir devenir une vedette, Jean de l\u2019association Apagri n\u2019h\u00e9site pas \u00e0 rappeler que derri\u00e8re leur portrait se dessine tout le soutien et l\u2019engagement des membres de leur association.<\/p>\n<h2 class=\"p1\">Kevin Pailler, un photographe engag\u00e9<\/h2>\n<p><img loading=\"lazy\" decoding=\"async\" width=\"600\" height=\"450\" class=\"aligncenter size-full wp-image-6941\" src=\"https:\/\/lyonbondyblog.fr\/LBB\/wp-content\/uploads\/2014\/06\/DSC07940.jpg\" alt=\"DSC07940\" srcset=\"https:\/\/lyonbondyblog.fr\/LBB\/wp-content\/uploads\/2014\/06\/DSC07940.jpg 600w, https:\/\/lyonbondyblog.fr\/LBB\/wp-content\/uploads\/2014\/06\/DSC07940-300x225.jpg 300w\" sizes=\"auto, (max-width: 600px) 100vw, 600px\" \/><\/p>\n<p class=\"p1\">En parlant de cr\u00e9ativit\u00e9, le photographe n\u2019est pas un des moindres dans le milieu. Kevin Pailler milite depuis quelques ann\u00e9es pour conserver la m\u00e9thode de la photographie argentique. Il nous affirme lui-m\u00eame que ce choix rel\u00e8ve d\u2019un v\u00e9ritable engagement face au d\u00e9veloppement accru du num\u00e9rique. Pour lui l\u2019argentique est gage de qualit\u00e9 pour avoir un travail bien fait. Bien que certains en doute, la photographie reste un vrai m\u00e9tier. Il a donc utilis\u00e9 son regard d\u2019artiste pour mettre en valeur le travail des jeunes face aux\u00a0 personnalit\u00e9s de la musique. Il ne nous a pas cach\u00e9 que <i>\u00ab\u00a0travailler avec ces jeunes \u00e9tait beaucoup plus cool et confortable, il n\u2019y a pas eu de travail en amont j\u2019ai juste regard\u00e9 le type d\u2019association dans lequel ils \u0153uvraient, et tout se faisait au feeling.\u00a0<\/i>\u00bb<\/p>\n<h2 class=\"p1\">\u00ab\u00a0Montrer de l\u2019ext\u00e9rieur ce qui se passe \u00e0 l\u2019int\u00e9rieur\u00a0\u00bb<\/h2>\n<p><img loading=\"lazy\" decoding=\"async\" width=\"600\" height=\"478\" class=\"aligncenter size-full wp-image-6940\" src=\"https:\/\/lyonbondyblog.fr\/LBB\/wp-content\/uploads\/2014\/06\/DSC07938.jpg\" alt=\"DSC07938\" srcset=\"https:\/\/lyonbondyblog.fr\/LBB\/wp-content\/uploads\/2014\/06\/DSC07938.jpg 600w, https:\/\/lyonbondyblog.fr\/LBB\/wp-content\/uploads\/2014\/06\/DSC07938-300x239.jpg 300w\" sizes=\"auto, (max-width: 600px) 100vw, 600px\" \/><\/p>\n<p class=\"p1\">Ce projet initi\u00e9 par la Maison des \u00e9tudiants de la ville de Lyon 7e t\u00e9moigne d\u2019une volont\u00e9 de montrer les actions qui s\u2019y d\u00e9roulent. Brigitte R\u00e9galdie responsable de la p\u00e9pini\u00e8re associative (Maisons des \u00e9tudiants) nous confie que \u00ab\u00a0<i>cela faisait longtemps qu\u2019on voulait montrer de l\u2019ext\u00e9rieur ce qui se passe \u00e0 l\u2019int\u00e9rieur\u00a0<\/i>\u00bb. C\u2019est donc tout naturellement que Vidrio a men\u00e9 ce projet en partenariat avec la p\u00e9pini\u00e8re. Il est important de rappeler que cette association vise \u00e0 exposer les \u0153uvres d\u2019art dans tous les lieux du quotidien. Le but \u00e9tant de toucher plusieurs lieux culturels isol\u00e9s de la culture. Il sera donc possible d\u2019observer les tirages originaux des photos argentiques \u00e0 biblioth\u00e8que Chevreul jusqu\u2019au 19 juillet. L\u2019exposition en vitrophanie \u00e0 la Maison des \u00e9tudiants sera visible encore pendant quelques mois.<\/p>\n<p class=\"p1\">Lorsqu\u2019on demande aux \u00e9tudiants leur ressenti face au projet, Oc\u00e9ane, membre de l\u2019association Futur au pr\u00e9sent, nous t\u00e9moigne que \u00ab\u00a0<i>derri\u00e8re la MDE il y a une vie\u00a0! Ce projet est une super fen\u00eatre d\u2019entr\u00e9e<\/i>\u00a0\u00bb. Si vous voulez savoir \u00e0 quel star a \u00e9t\u00e9 associ\u00e9 Oc\u00e9ane, il ne vous reste plus qu\u2019\u00e0 vous rendre \u00e0 la biblioth\u00e8que Chevreul avant le 19 juillet.<\/p>\n<p class=\"p1\" style=\"text-align: right;\"><strong><em><span style=\"color: #000000;\">Myrl\u00e8ne FARNOUX<\/span><\/em><\/strong><\/p>\n<!-- AddThis Advanced Settings generic via filter on the_content --><!-- AddThis Share Buttons generic via filter on the_content -->","protected":false},"excerpt":{"rendered":"<p>Entre deux matches de la Coupe du Monde, ce jeudi 19 juin a eu lieu le vernissage de l\u2019exposition photo \u00ab Egos \u00e9gaux\u00a0\u00bb \u00e0 la &hellip; <!-- AddThis Advanced Settings generic via filter on wp_trim_excerpt --><!-- AddThis Share Buttons generic via filter on wp_trim_excerpt --><\/p>\n","protected":false},"author":1,"featured_media":6939,"comment_status":"open","ping_status":"open","sticky":false,"template":"","format":"standard","meta":{"_FSMCFIC_featured_image_caption":"","_FSMCFIC_featured_image_nocaption":"","_FSMCFIC_featured_image_hide":"","footnotes":""},"categories":[4],"tags":[614,87,1952,502,20,10,437],"class_list":["post-6938","post","type-post","status-publish","format-standard","has-post-thumbnail","hentry","category-lyon","tag-614","tag-associatif","tag-culture","tag-engagement","tag-etudiant","tag-lyon-2","tag-photographie"],"yoast_head":"<!-- This site is optimized with the Yoast SEO plugin v22.8 - https:\/\/yoast.com\/wordpress\/plugins\/seo\/ -->\n<title>L\u2019engagement \u00e9tudiant a des visages<\/title>\n<meta name=\"description\" content=\"Jeudi 19 juin a eu lieu le vernissage de l\u2019expo photos \u00ab Egos \u00e9gaux \u00bb \u00e0 la Maison des \u00e9tudiants. Cette expo valorise l&#039;engagement associatif des \u00e9tudiants\" \/>\n<meta name=\"robots\" content=\"index, follow, max-snippet:-1, max-image-preview:large, max-video-preview:-1\" \/>\n<link rel=\"canonical\" href=\"https:\/\/lyonbondyblog.fr\/LBB\/engagement-etudiant\/\" \/>\n<meta property=\"og:locale\" content=\"fr_FR\" \/>\n<meta property=\"og:type\" content=\"article\" \/>\n<meta property=\"og:title\" content=\"L\u2019engagement \u00e9tudiant a des visages\" \/>\n<meta property=\"og:description\" content=\"Jeudi 19 juin a eu lieu le vernissage de l\u2019expo photos \u00ab Egos \u00e9gaux \u00bb \u00e0 la Maison des \u00e9tudiants. Cette expo valorise l&#039;engagement associatif des \u00e9tudiants\" \/>\n<meta property=\"og:url\" content=\"https:\/\/lyonbondyblog.fr\/LBB\/engagement-etudiant\/\" \/>\n<meta property=\"og:site_name\" content=\"Lyon Bondy Blog\" \/>\n<meta property=\"article:publisher\" content=\"https:\/\/www.facebook.com\/lyonbondyblog\" \/>\n<meta property=\"article:author\" content=\"https:\/\/www.facebook.com\/lyonbondyblog\" \/>\n<meta property=\"article:published_time\" content=\"2014-06-26T15:05:12+00:00\" \/>\n<meta property=\"og:image\" content=\"https:\/\/lyonbondyblog.fr\/LBB\/wp-content\/uploads\/2014\/06\/DSC07934.jpg\" \/>\n\t<meta property=\"og:image:width\" content=\"600\" \/>\n\t<meta property=\"og:image:height\" content=\"412\" \/>\n\t<meta property=\"og:image:type\" content=\"image\/jpeg\" \/>\n<meta name=\"author\" content=\"La r\u00e9daction\" \/>\n<meta name=\"twitter:card\" content=\"summary_large_image\" \/>\n<meta name=\"twitter:creator\" content=\"@BondyBlogLyon\" \/>\n<meta name=\"twitter:site\" content=\"@bondybloglyon\" \/>\n<script type=\"application\/ld+json\" class=\"yoast-schema-graph\">{\"@context\":\"https:\/\/schema.org\",\"@graph\":[{\"@type\":\"Article\",\"@id\":\"https:\/\/lyonbondyblog.fr\/LBB\/engagement-etudiant\/#article\",\"isPartOf\":{\"@id\":\"https:\/\/lyonbondyblog.fr\/LBB\/engagement-etudiant\/\"},\"author\":{\"name\":\"La r\u00e9daction\",\"@id\":\"https:\/\/lyonbondyblog.fr\/LBB\/#\/schema\/person\/e45f8d27baac75072daa0be50c409b25\"},\"headline\":\"L\u2019engagement \u00e9tudiant a des visages\",\"datePublished\":\"2014-06-26T15:05:12+00:00\",\"dateModified\":\"2014-06-26T15:05:12+00:00\",\"mainEntityOfPage\":{\"@id\":\"https:\/\/lyonbondyblog.fr\/LBB\/engagement-etudiant\/\"},\"wordCount\":693,\"commentCount\":0,\"publisher\":{\"@id\":\"https:\/\/lyonbondyblog.fr\/LBB\/#organization\"},\"image\":{\"@id\":\"https:\/\/lyonbondyblog.fr\/LBB\/engagement-etudiant\/#primaryimage\"},\"thumbnailUrl\":\"https:\/\/lyonbondyblog.fr\/LBB\/wp-content\/uploads\/2014\/06\/DSC07934.jpg\",\"keywords\":[\"2014\",\"Associatif\",\"Culture\",\"engagement\",\"\u00e9tudiant\",\"lyon\",\"photographie\"],\"articleSection\":[\"Lyon\"],\"inLanguage\":\"fr-FR\",\"potentialAction\":[{\"@type\":\"CommentAction\",\"name\":\"Comment\",\"target\":[\"https:\/\/lyonbondyblog.fr\/LBB\/engagement-etudiant\/#respond\"]}]},{\"@type\":\"WebPage\",\"@id\":\"https:\/\/lyonbondyblog.fr\/LBB\/engagement-etudiant\/\",\"url\":\"https:\/\/lyonbondyblog.fr\/LBB\/engagement-etudiant\/\",\"name\":\"L\u2019engagement \u00e9tudiant a des visages\",\"isPartOf\":{\"@id\":\"https:\/\/lyonbondyblog.fr\/LBB\/#website\"},\"primaryImageOfPage\":{\"@id\":\"https:\/\/lyonbondyblog.fr\/LBB\/engagement-etudiant\/#primaryimage\"},\"image\":{\"@id\":\"https:\/\/lyonbondyblog.fr\/LBB\/engagement-etudiant\/#primaryimage\"},\"thumbnailUrl\":\"https:\/\/lyonbondyblog.fr\/LBB\/wp-content\/uploads\/2014\/06\/DSC07934.jpg\",\"datePublished\":\"2014-06-26T15:05:12+00:00\",\"dateModified\":\"2014-06-26T15:05:12+00:00\",\"description\":\"Jeudi 19 juin a eu lieu le vernissage de l\u2019expo photos \u00ab Egos \u00e9gaux \u00bb \u00e0 la Maison des \u00e9tudiants. Cette expo valorise l'engagement associatif des \u00e9tudiants\",\"inLanguage\":\"fr-FR\",\"potentialAction\":[{\"@type\":\"ReadAction\",\"target\":[\"https:\/\/lyonbondyblog.fr\/LBB\/engagement-etudiant\/\"]}]},{\"@type\":\"ImageObject\",\"inLanguage\":\"fr-FR\",\"@id\":\"https:\/\/lyonbondyblog.fr\/LBB\/engagement-etudiant\/#primaryimage\",\"url\":\"https:\/\/lyonbondyblog.fr\/LBB\/wp-content\/uploads\/2014\/06\/DSC07934.jpg\",\"contentUrl\":\"https:\/\/lyonbondyblog.fr\/LBB\/wp-content\/uploads\/2014\/06\/DSC07934.jpg\",\"width\":600,\"height\":412},{\"@type\":\"WebSite\",\"@id\":\"https:\/\/lyonbondyblog.fr\/LBB\/#website\",\"url\":\"https:\/\/lyonbondyblog.fr\/LBB\/\",\"name\":\"Lyon Bondy Blog\",\"description\":\"\",\"publisher\":{\"@id\":\"https:\/\/lyonbondyblog.fr\/LBB\/#organization\"},\"potentialAction\":[{\"@type\":\"SearchAction\",\"target\":{\"@type\":\"EntryPoint\",\"urlTemplate\":\"https:\/\/lyonbondyblog.fr\/LBB\/?s={search_term_string}\"},\"query-input\":\"required name=search_term_string\"}],\"inLanguage\":\"fr-FR\"},{\"@type\":\"Organization\",\"@id\":\"https:\/\/lyonbondyblog.fr\/LBB\/#organization\",\"name\":\"LYON BONDY BLOG\",\"url\":\"https:\/\/lyonbondyblog.fr\/LBB\/\",\"logo\":{\"@type\":\"ImageObject\",\"inLanguage\":\"fr-FR\",\"@id\":\"https:\/\/lyonbondyblog.fr\/LBB\/#\/schema\/logo\/image\/\",\"url\":\"http:\/\/lyonbondyblog.fr\/LBB\/wp-content\/uploads\/2014\/10\/logo-portable-144.png\",\"contentUrl\":\"http:\/\/lyonbondyblog.fr\/LBB\/wp-content\/uploads\/2014\/10\/logo-portable-144.png\",\"width\":144,\"height\":123,\"caption\":\"LYON BONDY BLOG\"},\"image\":{\"@id\":\"https:\/\/lyonbondyblog.fr\/LBB\/#\/schema\/logo\/image\/\"},\"sameAs\":[\"https:\/\/www.facebook.com\/lyonbondyblog\",\"https:\/\/x.com\/bondybloglyon\"]},{\"@type\":\"Person\",\"@id\":\"https:\/\/lyonbondyblog.fr\/LBB\/#\/schema\/person\/e45f8d27baac75072daa0be50c409b25\",\"name\":\"La r\u00e9daction\",\"description\":\"Cr\u00e9e en 2008, la r\u00e9daction du Lyon Bondy Blog s'applique \u00e0 proposer une information locale diff\u00e9rente et compl\u00e9mentaire des m\u00e9dias traditionnels.\",\"sameAs\":[\"https:\/\/www.facebook.com\/lyonbondyblog\",\"https:\/\/x.com\/BondyBlogLyon\"],\"url\":\"https:\/\/lyonbondyblog.fr\/LBB\/author\/admin\/\"}]}<\/script>\n<!-- \/ Yoast SEO plugin. -->","yoast_head_json":{"title":"L\u2019engagement \u00e9tudiant a des visages","description":"Jeudi 19 juin a eu lieu le vernissage de l\u2019expo photos \u00ab Egos \u00e9gaux \u00bb \u00e0 la Maison des \u00e9tudiants. Cette expo valorise l'engagement associatif des \u00e9tudiants","robots":{"index":"index","follow":"follow","max-snippet":"max-snippet:-1","max-image-preview":"max-image-preview:large","max-video-preview":"max-video-preview:-1"},"canonical":"https:\/\/lyonbondyblog.fr\/LBB\/engagement-etudiant\/","og_locale":"fr_FR","og_type":"article","og_title":"L\u2019engagement \u00e9tudiant a des visages","og_description":"Jeudi 19 juin a eu lieu le vernissage de l\u2019expo photos \u00ab Egos \u00e9gaux \u00bb \u00e0 la Maison des \u00e9tudiants. Cette expo valorise l'engagement associatif des \u00e9tudiants","og_url":"https:\/\/lyonbondyblog.fr\/LBB\/engagement-etudiant\/","og_site_name":"Lyon Bondy Blog","article_publisher":"https:\/\/www.facebook.com\/lyonbondyblog","article_author":"https:\/\/www.facebook.com\/lyonbondyblog","article_published_time":"2014-06-26T15:05:12+00:00","og_image":[{"width":600,"height":412,"url":"https:\/\/lyonbondyblog.fr\/LBB\/wp-content\/uploads\/2014\/06\/DSC07934.jpg","type":"image\/jpeg"}],"author":"La r\u00e9daction","twitter_card":"summary_large_image","twitter_creator":"@BondyBlogLyon","twitter_site":"@bondybloglyon","schema":{"@context":"https:\/\/schema.org","@graph":[{"@type":"Article","@id":"https:\/\/lyonbondyblog.fr\/LBB\/engagement-etudiant\/#article","isPartOf":{"@id":"https:\/\/lyonbondyblog.fr\/LBB\/engagement-etudiant\/"},"author":{"name":"La r\u00e9daction","@id":"https:\/\/lyonbondyblog.fr\/LBB\/#\/schema\/person\/e45f8d27baac75072daa0be50c409b25"},"headline":"L\u2019engagement \u00e9tudiant a des visages","datePublished":"2014-06-26T15:05:12+00:00","dateModified":"2014-06-26T15:05:12+00:00","mainEntityOfPage":{"@id":"https:\/\/lyonbondyblog.fr\/LBB\/engagement-etudiant\/"},"wordCount":693,"commentCount":0,"publisher":{"@id":"https:\/\/lyonbondyblog.fr\/LBB\/#organization"},"image":{"@id":"https:\/\/lyonbondyblog.fr\/LBB\/engagement-etudiant\/#primaryimage"},"thumbnailUrl":"https:\/\/lyonbondyblog.fr\/LBB\/wp-content\/uploads\/2014\/06\/DSC07934.jpg","keywords":["2014","Associatif","Culture","engagement","\u00e9tudiant","lyon","photographie"],"articleSection":["Lyon"],"inLanguage":"fr-FR","potentialAction":[{"@type":"CommentAction","name":"Comment","target":["https:\/\/lyonbondyblog.fr\/LBB\/engagement-etudiant\/#respond"]}]},{"@type":"WebPage","@id":"https:\/\/lyonbondyblog.fr\/LBB\/engagement-etudiant\/","url":"https:\/\/lyonbondyblog.fr\/LBB\/engagement-etudiant\/","name":"L\u2019engagement \u00e9tudiant a des visages","isPartOf":{"@id":"https:\/\/lyonbondyblog.fr\/LBB\/#website"},"primaryImageOfPage":{"@id":"https:\/\/lyonbondyblog.fr\/LBB\/engagement-etudiant\/#primaryimage"},"image":{"@id":"https:\/\/lyonbondyblog.fr\/LBB\/engagement-etudiant\/#primaryimage"},"thumbnailUrl":"https:\/\/lyonbondyblog.fr\/LBB\/wp-content\/uploads\/2014\/06\/DSC07934.jpg","datePublished":"2014-06-26T15:05:12+00:00","dateModified":"2014-06-26T15:05:12+00:00","description":"Jeudi 19 juin a eu lieu le vernissage de l\u2019expo photos \u00ab Egos \u00e9gaux \u00bb \u00e0 la Maison des \u00e9tudiants. Cette expo valorise l'engagement associatif des \u00e9tudiants","inLanguage":"fr-FR","potentialAction":[{"@type":"ReadAction","target":["https:\/\/lyonbondyblog.fr\/LBB\/engagement-etudiant\/"]}]},{"@type":"ImageObject","inLanguage":"fr-FR","@id":"https:\/\/lyonbondyblog.fr\/LBB\/engagement-etudiant\/#primaryimage","url":"https:\/\/lyonbondyblog.fr\/LBB\/wp-content\/uploads\/2014\/06\/DSC07934.jpg","contentUrl":"https:\/\/lyonbondyblog.fr\/LBB\/wp-content\/uploads\/2014\/06\/DSC07934.jpg","width":600,"height":412},{"@type":"WebSite","@id":"https:\/\/lyonbondyblog.fr\/LBB\/#website","url":"https:\/\/lyonbondyblog.fr\/LBB\/","name":"Lyon Bondy Blog","description":"","publisher":{"@id":"https:\/\/lyonbondyblog.fr\/LBB\/#organization"},"potentialAction":[{"@type":"SearchAction","target":{"@type":"EntryPoint","urlTemplate":"https:\/\/lyonbondyblog.fr\/LBB\/?s={search_term_string}"},"query-input":"required name=search_term_string"}],"inLanguage":"fr-FR"},{"@type":"Organization","@id":"https:\/\/lyonbondyblog.fr\/LBB\/#organization","name":"LYON BONDY BLOG","url":"https:\/\/lyonbondyblog.fr\/LBB\/","logo":{"@type":"ImageObject","inLanguage":"fr-FR","@id":"https:\/\/lyonbondyblog.fr\/LBB\/#\/schema\/logo\/image\/","url":"http:\/\/lyonbondyblog.fr\/LBB\/wp-content\/uploads\/2014\/10\/logo-portable-144.png","contentUrl":"http:\/\/lyonbondyblog.fr\/LBB\/wp-content\/uploads\/2014\/10\/logo-portable-144.png","width":144,"height":123,"caption":"LYON BONDY BLOG"},"image":{"@id":"https:\/\/lyonbondyblog.fr\/LBB\/#\/schema\/logo\/image\/"},"sameAs":["https:\/\/www.facebook.com\/lyonbondyblog","https:\/\/x.com\/bondybloglyon"]},{"@type":"Person","@id":"https:\/\/lyonbondyblog.fr\/LBB\/#\/schema\/person\/e45f8d27baac75072daa0be50c409b25","name":"La r\u00e9daction","description":"Cr\u00e9e en 2008, la r\u00e9daction du Lyon Bondy Blog s'applique \u00e0 proposer une information locale diff\u00e9rente et compl\u00e9mentaire des m\u00e9dias traditionnels.","sameAs":["https:\/\/www.facebook.com\/lyonbondyblog","https:\/\/x.com\/BondyBlogLyon"],"url":"https:\/\/lyonbondyblog.fr\/LBB\/author\/admin\/"}]}},"_links":{"self":[{"href":"https:\/\/lyonbondyblog.fr\/LBB\/wp-json\/wp\/v2\/posts\/6938","targetHints":{"allow":["GET"]}}],"collection":[{"href":"https:\/\/lyonbondyblog.fr\/LBB\/wp-json\/wp\/v2\/posts"}],"about":[{"href":"https:\/\/lyonbondyblog.fr\/LBB\/wp-json\/wp\/v2\/types\/post"}],"author":[{"embeddable":true,"href":"https:\/\/lyonbondyblog.fr\/LBB\/wp-json\/wp\/v2\/users\/1"}],"replies":[{"embeddable":true,"href":"https:\/\/lyonbondyblog.fr\/LBB\/wp-json\/wp\/v2\/comments?post=6938"}],"version-history":[{"count":0,"href":"https:\/\/lyonbondyblog.fr\/LBB\/wp-json\/wp\/v2\/posts\/6938\/revisions"}],"wp:featuredmedia":[{"embeddable":true,"href":"https:\/\/lyonbondyblog.fr\/LBB\/wp-json\/wp\/v2\/media\/6939"}],"wp:attachment":[{"href":"https:\/\/lyonbondyblog.fr\/LBB\/wp-json\/wp\/v2\/media?parent=6938"}],"wp:term":[{"taxonomy":"category","embeddable":true,"href":"https:\/\/lyonbondyblog.fr\/LBB\/wp-json\/wp\/v2\/categories?post=6938"},{"taxonomy":"post_tag","embeddable":true,"href":"https:\/\/lyonbondyblog.fr\/LBB\/wp-json\/wp\/v2\/tags?post=6938"}],"curies":[{"name":"wp","href":"https:\/\/api.w.org\/{rel}","templated":true}]}}