{"id":6899,"date":"2014-06-21T22:04:13","date_gmt":"2014-06-21T20:04:13","guid":{"rendered":"http:\/\/lyonbondyblog.fr\/LBB\/?p=6899"},"modified":"2014-06-21T23:16:17","modified_gmt":"2014-06-21T21:16:17","slug":"coupe-du-monde-2014-vivre-les-bleus","status":"publish","type":"post","link":"https:\/\/lyonbondyblog.fr\/LBB\/coupe-du-monde-2014-vivre-les-bleus\/","title":{"rendered":"Coupe du monde\u00a02014\u00a0: Vivre les Bleus ensemble\u2026"},"content":{"rendered":"<p><strong>Les adolescents du projet Brasil\u00a02014 attendaient cette journ\u00e9e avec impatience. Elle s\u2019est finie en apoth\u00e9ose avec une large victoire de La France (5-2) sur les Suisses et une qualification pour les huiti\u00e8mes de finale. Le th\u00e8me de cette sortie demeurait toutefois l\u2019\u00e9change car ils \u00e9taient accompagn\u00e9s par les jeunes br\u00e9siliens issus des quartiers populaires. R\u00e9cit d\u2019un match v\u00e9cu en commun.<\/strong><\/p>\n<figure id=\"attachment_6903\" aria-describedby=\"caption-attachment-6903\" style=\"width: 600px\" class=\"wp-caption aligncenter\"><img loading=\"lazy\" decoding=\"async\" class=\"wp-image-6903 size-full\" src=\"https:\/\/lyonbondyblog.fr\/LBB\/wp-content\/uploads\/2014\/06\/Fran\u00e7ais-et-Br\u00e9siliens-ont-v\u00e9cu-le-point-d\u2019orgue-de-cette-aventure-en-commun.jpg\" alt=\"Fran\u00e7ais et Br\u00e9siliens ont v\u00e9cu le point d\u2019orgue de cette aventure en commun\" width=\"600\" height=\"392\" srcset=\"https:\/\/lyonbondyblog.fr\/LBB\/wp-content\/uploads\/2014\/06\/Fran\u00e7ais-et-Br\u00e9siliens-ont-v\u00e9cu-le-point-d\u2019orgue-de-cette-aventure-en-commun.jpg 600w, https:\/\/lyonbondyblog.fr\/LBB\/wp-content\/uploads\/2014\/06\/Fran\u00e7ais-et-Br\u00e9siliens-ont-v\u00e9cu-le-point-d\u2019orgue-de-cette-aventure-en-commun-300x196.jpg 300w\" sizes=\"auto, (max-width: 600px) 100vw, 600px\" \/><figcaption id=\"caption-attachment-6903\" class=\"wp-caption-text\">\u00a9 Sport&rsquo;A Vie. Fran\u00e7ais et Br\u00e9siliens ont v\u00e9cu le point d\u2019orgue de cette aventure en commun<\/figcaption><\/figure>\n<p>Les adolescents de Sport\u2019A Vie l\u2019attendaient comme un jour saint. Le match France \u2013 Suisse \u00e9tait le point d\u2019orgue de leur formidable p\u00e9riple fait de d\u00e9couverte et <a href=\"http:\/\/www.sportavie.fr\/blog-brasil-2014\/\">de rencontres qu\u2019ils retranscrivent dans un blog consultable sur le site de l\u2019association<\/a>. Dans le cadre de cette deuxi\u00e8me journ\u00e9e de la poule H confrontant les Bleus, les Helv\u00e8tes, l\u2019\u00c9quateur et le Honduras, le pr\u00e9sident Rachid Djouadi avait \u00e9labor\u00e9 avec son \u00e9quipe et ses partenaires un programme tr\u00e8s sp\u00e9cifique allant r\u00e9solument dans le sens de la g\u00e9n\u00e9rosit\u00e9 et de la philanthropie.<\/p>\n<p>Mercredi, les trente-sept adolescents rhodaniens, is\u00e9rois et franciliens \u00e9taient convi\u00e9s au Complexo Esportivo Manoelito Lima pour rencontrer les enfants du centre scolaire Francisco Leite dont certains \u00e9taient issus des favelas et d\u2019autres quartiers populaires de Salvador de Bahia. \u00c2g\u00e9s de onze \u00e0 quatorze ans, les jeunes brazileiros ont re\u00e7u des cadeaux de la part de leurs invit\u00e9s fran\u00e7ais\u00a0: chaussures de sport, tee-shirts, casquettes, ballons\u2026<\/p>\n<figure id=\"attachment_6900\" aria-describedby=\"caption-attachment-6900\" style=\"width: 600px\" class=\"wp-caption aligncenter\"><a href=\"https:\/\/lyonbondyblog.fr\/LBB\/wp-content\/uploads\/2014\/06\/des-\u00e9changes-francos-br\u00e9siliens-\u00e9mouvants.jpg\"><img loading=\"lazy\" decoding=\"async\" class=\"wp-image-6900 size-full\" src=\"https:\/\/lyonbondyblog.fr\/LBB\/wp-content\/uploads\/2014\/06\/des-\u00e9changes-francos-br\u00e9siliens-\u00e9mouvants.jpg\" alt=\"des \u00e9changes francos-br\u00e9siliens \u00e9mouvants\" width=\"600\" height=\"409\" srcset=\"https:\/\/lyonbondyblog.fr\/LBB\/wp-content\/uploads\/2014\/06\/des-\u00e9changes-francos-br\u00e9siliens-\u00e9mouvants.jpg 600w, https:\/\/lyonbondyblog.fr\/LBB\/wp-content\/uploads\/2014\/06\/des-\u00e9changes-francos-br\u00e9siliens-\u00e9mouvants-300x204.jpg 300w\" sizes=\"auto, (max-width: 600px) 100vw, 600px\" \/><\/a><figcaption id=\"caption-attachment-6900\" class=\"wp-caption-text\">Des \u00e9changes francos-br\u00e9siliens \u00e9mouvants<\/figcaption><\/figure>\n<p>Puis des tournois de football, handball et basket donnant lieu \u00e0 de belles confrontations s\u2019\u00e9taient organis\u00e9s. Cela a permis de casser le mythe du joueur br\u00e9silien surdou\u00e9 et imbattable. Certains Fran\u00e7ais ont pu \u00e9taler leur talent.<\/p>\n<p>Les jeunes Fran\u00e7ais et Soteropolitanos se sont retrouv\u00e9s ce vendredi matin \u00e0 dix heures <img loading=\"lazy\" decoding=\"async\" width=\"120\" height=\"120\" class=\"alignright size-full wp-image-6906\" src=\"https:\/\/lyonbondyblog.fr\/LBB\/wp-content\/uploads\/2014\/06\/Les-adolescents-fran\u00e7ais-en-phase-avec-leurs-amis-br\u00e9siliens.jpg\" alt=\"Les adolescents fran\u00e7ais en phase avec leurs amis br\u00e9siliens\" srcset=\"https:\/\/lyonbondyblog.fr\/LBB\/wp-content\/uploads\/2014\/06\/Les-adolescents-fran\u00e7ais-en-phase-avec-leurs-amis-br\u00e9siliens.jpg 120w, https:\/\/lyonbondyblog.fr\/LBB\/wp-content\/uploads\/2014\/06\/Les-adolescents-fran\u00e7ais-en-phase-avec-leurs-amis-br\u00e9siliens-50x50.jpg 50w, https:\/\/lyonbondyblog.fr\/LBB\/wp-content\/uploads\/2014\/06\/Les-adolescents-fran\u00e7ais-en-phase-avec-leurs-amis-br\u00e9siliens-32x32.jpg 32w, https:\/\/lyonbondyblog.fr\/LBB\/wp-content\/uploads\/2014\/06\/Les-adolescents-fran\u00e7ais-en-phase-avec-leurs-amis-br\u00e9siliens-64x64.jpg 64w, https:\/\/lyonbondyblog.fr\/LBB\/wp-content\/uploads\/2014\/06\/Les-adolescents-fran\u00e7ais-en-phase-avec-leurs-amis-br\u00e9siliens-96x96.jpg 96w\" sizes=\"auto, (max-width: 120px) 100vw, 120px\" \/>pour une visite dans le quartier du Pelourinho o\u00f9 ils se sont rendus sur les diff\u00e9rentes places et points de vue. Ils ont \u00e9galement pris le c\u00e9l\u00e8bre Elevador Lacerda, ascenseur qui relie la ville haute et la ville basse avant d\u2019arpenter le grand march\u00e9 int\u00e9rieur. L\u2019association avait acquis cent cinquante places pour le match dont quatre-vingt-dix \u00e9taient offertes aux \u00e9l\u00e8ves br\u00e9siliens et \u00e0 leurs professeurs.<\/p>\n<h2>Le stade de Bahia devenu l\u2019ar\u00e8ne de Sport\u2019A Vie<\/h2>\n<p>Les supporters de Sport\u2019A Vie et Club Diversit\u00e9 Rh\u00f4ne Alpes ont pu d\u00e9couvrir l\u2019apr\u00e8s-midi le stade Arena Fonte Nova (52\u00a0000 places), dont les constructions ont d\u00e9but\u00e9 en 2010 et qui a co\u00fbt\u00e9 592 millions de Reals br\u00e9siliens (195 millions d\u2019euros environ). L\u2019enceinte accueille les \u00e9quipes de l\u2018Esporte Club de Bahia, de l\u2019Esporte Club de Vitoria ou de l\u2019\u00e9quipe nationale. Elle se trouve s\u00e9par\u00e9e des favelas par une route nationale. C\u2019est encore l\u2019une des images des in\u00e9galit\u00e9s sociales marquant le pays.<\/p>\n<p>Une syndicaliste manifestant le matin dans le Pelourinho contre l\u2019organisation de la coupe du monde confiait\u00a0:<\/p>\n<blockquote><p>\u00ab\u00a0Nous ne sommes pas contre le football, ni l\u2019\u00e9v\u00e8nement en lui-m\u00eame, mais la mani\u00e8re dont il a \u00e9t\u00e9 organis\u00e9 au Br\u00e9sil en n\u00e9gligeant les probl\u00e8mes de sant\u00e9 et d\u2019\u00e9ducation. Des milliards ont donc \u00e9t\u00e9 gaspill\u00e9s. C\u2019\u00e9tait l\u2019\u00e9quivalent de ce qui a \u00e9t\u00e9 d\u00e9pens\u00e9 pour les coupes du monde Allemande (2006) et Sud Africaine (2010).\u00a0\u00bb<\/p><\/blockquote>\n<p>Abou Dieng (38ans) l\u2019un des encadrants de Sport\u2019A Vie restait tr\u00e8s positif quant aux retours\u00a0:<\/p>\n<blockquote><p>\u00ab\u00a0Organiser cette rencontre dans le cadre de France-Suisse avec des jeunes br\u00e9siliens, c\u2019est ce qu\u2019il y a de plus symbolique. L\u2019aboutissement du projet Sport\u2019A Vie aura \u00e9t\u00e9 de rassembler les jeunes qui ne se connaissaient pas \u00e0 la base. Il y a eu plusieurs partenaires et associations qui y ont contribu\u00e9 comme le Rh\u00f4ne Alpes Diversit\u00e9 ou le club de foot grenoblois GF\u00a038, mais la plus grande r\u00e9ussite demeure bien la cohabitation. Au Pelourinho, nous avons \u00e9t\u00e9 tr\u00e8s bien accueillis. Nos jeunes sont devenus de vraies mascottes. Ce qui est touchant, c\u2019est de voir les petits Br\u00e9siliens chanter Allez les Bleus avec leurs nouveaux camarades.\u00a0\u00bb<\/p><\/blockquote>\n<figure id=\"attachment_6904\" aria-describedby=\"caption-attachment-6904\" style=\"width: 600px\" class=\"wp-caption aligncenter\"><a href=\"https:\/\/lyonbondyblog.fr\/LBB\/wp-content\/uploads\/2014\/06\/Un-match-intense-dans-un-stade-magnifique.jpg\"><img loading=\"lazy\" decoding=\"async\" class=\"wp-image-6904 size-full\" src=\"https:\/\/lyonbondyblog.fr\/LBB\/wp-content\/uploads\/2014\/06\/Un-match-intense-dans-un-stade-magnifique.jpg\" alt=\"Un match intense dans un stade magnifique\" width=\"600\" height=\"394\" srcset=\"https:\/\/lyonbondyblog.fr\/LBB\/wp-content\/uploads\/2014\/06\/Un-match-intense-dans-un-stade-magnifique.jpg 600w, https:\/\/lyonbondyblog.fr\/LBB\/wp-content\/uploads\/2014\/06\/Un-match-intense-dans-un-stade-magnifique-300x197.jpg 300w\" sizes=\"auto, (max-width: 600px) 100vw, 600px\" \/><\/a><figcaption id=\"caption-attachment-6904\" class=\"wp-caption-text\">\u00a9 Sport&rsquo;A Vie. Un match intense dans un stade magnifique<\/figcaption><\/figure>\n<p>Apr\u00e8s la victoire probante des Bleus et des buts de Giroud (17e), Matuidi (18e), Valbuena (41e), Benzema (66e), Sissoko (73e), la f\u00eate fut totale. M\u00eame si \u00a0Dzemaili (80<sup>\u00e8me<\/sup>) et Xhaka (86<sup>\u00e8me<\/sup>) sauvaient l\u2019honneur des Suisses en fin de rencontre.<\/p>\n<!-- AddThis Advanced Settings generic via filter on the_content --><!-- AddThis Share Buttons generic via filter on the_content -->","protected":false},"excerpt":{"rendered":"<p>Les adolescents du projet Brasil\u00a02014 attendaient cette journ\u00e9e avec impatience. Elle s\u2019est finie en apoth\u00e9ose avec une large victoire de La France (5-2) sur les &hellip; <!-- AddThis Advanced Settings generic via filter on wp_trim_excerpt --><!-- AddThis Share Buttons generic via filter on wp_trim_excerpt --><\/p>\n","protected":false},"author":28,"featured_media":6903,"comment_status":"open","ping_status":"open","sticky":false,"template":"","format":"standard","meta":{"_FSMCFIC_featured_image_caption":"","_FSMCFIC_featured_image_nocaption":"","_FSMCFIC_featured_image_hide":"","footnotes":""},"categories":[5,9,2],"tags":[614,696,314,830,978,824,624,216,10,818,780],"class_list":["post-6899","post","type-post","status-publish","format-standard","has-post-thumbnail","hentry","category-ambiance","category-international","category-societe","tag-614","tag-adolescent","tag-associations","tag-bresil","tag-coupe-du-monde","tag-egalite","tag-football","tag-jeunes","tag-lyon-2","tag-rhone","tag-supporter"],"yoast_head":"<!-- This site is optimized with the Yoast SEO plugin v22.8 - https:\/\/yoast.com\/wordpress\/plugins\/seo\/ -->\n<title>Coupe du monde\u00a02014\u00a0: Vivre les Bleus ensemble<\/title>\n<meta name=\"description\" content=\"4\u00e8me \u00e9pisodes des aventures du LBB au Br\u00e9sil pour suivre la Coupe du monde de football. Les jeunes ont assist\u00e9 \u00e0 France-Suisse avec des jeunes br\u00e9siliens.\" \/>\n<meta name=\"robots\" content=\"index, follow, max-snippet:-1, max-image-preview:large, max-video-preview:-1\" \/>\n<link rel=\"canonical\" href=\"https:\/\/lyonbondyblog.fr\/LBB\/coupe-du-monde-2014-vivre-les-bleus\/\" \/>\n<meta property=\"og:locale\" content=\"fr_FR\" \/>\n<meta property=\"og:type\" content=\"article\" \/>\n<meta property=\"og:title\" content=\"Coupe du monde\u00a02014\u00a0: Vivre les Bleus ensemble\" \/>\n<meta property=\"og:description\" content=\"4\u00e8me \u00e9pisodes des aventures du LBB au Br\u00e9sil pour suivre la Coupe du monde de football. Les jeunes ont assist\u00e9 \u00e0 France-Suisse avec des jeunes br\u00e9siliens.\" \/>\n<meta property=\"og:url\" content=\"https:\/\/lyonbondyblog.fr\/LBB\/coupe-du-monde-2014-vivre-les-bleus\/\" \/>\n<meta property=\"og:site_name\" content=\"Lyon Bondy Blog\" \/>\n<meta property=\"article:publisher\" content=\"https:\/\/www.facebook.com\/lyonbondyblog\" \/>\n<meta property=\"article:published_time\" content=\"2014-06-21T20:04:13+00:00\" \/>\n<meta property=\"article:modified_time\" content=\"2014-06-21T21:16:17+00:00\" \/>\n<meta property=\"og:image\" content=\"https:\/\/lyonbondyblog.fr\/LBB\/wp-content\/uploads\/2014\/06\/Fran\u00e7ais-et-Br\u00e9siliens-ont-v\u00e9cu-le-point-d\u2019orgue-de-cette-aventure-en-commun.jpg\" \/>\n\t<meta property=\"og:image:width\" content=\"600\" \/>\n\t<meta property=\"og:image:height\" content=\"392\" \/>\n\t<meta property=\"og:image:type\" content=\"image\/jpeg\" \/>\n<meta name=\"author\" content=\"Mohamed Braiki\" \/>\n<meta name=\"twitter:card\" content=\"summary_large_image\" \/>\n<meta name=\"twitter:creator\" content=\"@bondybloglyon\" \/>\n<meta name=\"twitter:site\" content=\"@bondybloglyon\" \/>\n<script type=\"application\/ld+json\" class=\"yoast-schema-graph\">{\"@context\":\"https:\/\/schema.org\",\"@graph\":[{\"@type\":\"Article\",\"@id\":\"https:\/\/lyonbondyblog.fr\/LBB\/coupe-du-monde-2014-vivre-les-bleus\/#article\",\"isPartOf\":{\"@id\":\"https:\/\/lyonbondyblog.fr\/LBB\/coupe-du-monde-2014-vivre-les-bleus\/\"},\"author\":{\"name\":\"Mohamed Braiki\",\"@id\":\"https:\/\/lyonbondyblog.fr\/LBB\/#\/schema\/person\/558339ea4e67b07f7a2df48e9605b75c\"},\"headline\":\"Coupe du monde\u00a02014\u00a0: Vivre les Bleus ensemble\u2026\",\"datePublished\":\"2014-06-21T20:04:13+00:00\",\"dateModified\":\"2014-06-21T21:16:17+00:00\",\"mainEntityOfPage\":{\"@id\":\"https:\/\/lyonbondyblog.fr\/LBB\/coupe-du-monde-2014-vivre-les-bleus\/\"},\"wordCount\":795,\"commentCount\":1,\"publisher\":{\"@id\":\"https:\/\/lyonbondyblog.fr\/LBB\/#organization\"},\"image\":{\"@id\":\"https:\/\/lyonbondyblog.fr\/LBB\/coupe-du-monde-2014-vivre-les-bleus\/#primaryimage\"},\"thumbnailUrl\":\"https:\/\/lyonbondyblog.fr\/LBB\/wp-content\/uploads\/2014\/06\/Fran\u00e7ais-et-Br\u00e9siliens-ont-v\u00e9cu-le-point-d\u2019orgue-de-cette-aventure-en-commun.jpg\",\"keywords\":[\"2014\",\"adolescent\",\"associations\",\"Br\u00e9sil\",\"coupe du monde\",\"\u00e9galit\u00e9\",\"Football\",\"jeunes\",\"lyon\",\"rh\u00f4ne\",\"supporter\"],\"articleSection\":[\"Ambiance\",\"International\",\"Soci\u00e9t\u00e9\"],\"inLanguage\":\"fr-FR\",\"potentialAction\":[{\"@type\":\"CommentAction\",\"name\":\"Comment\",\"target\":[\"https:\/\/lyonbondyblog.fr\/LBB\/coupe-du-monde-2014-vivre-les-bleus\/#respond\"]}]},{\"@type\":\"WebPage\",\"@id\":\"https:\/\/lyonbondyblog.fr\/LBB\/coupe-du-monde-2014-vivre-les-bleus\/\",\"url\":\"https:\/\/lyonbondyblog.fr\/LBB\/coupe-du-monde-2014-vivre-les-bleus\/\",\"name\":\"Coupe du monde\u00a02014\u00a0: Vivre les Bleus ensemble\",\"isPartOf\":{\"@id\":\"https:\/\/lyonbondyblog.fr\/LBB\/#website\"},\"primaryImageOfPage\":{\"@id\":\"https:\/\/lyonbondyblog.fr\/LBB\/coupe-du-monde-2014-vivre-les-bleus\/#primaryimage\"},\"image\":{\"@id\":\"https:\/\/lyonbondyblog.fr\/LBB\/coupe-du-monde-2014-vivre-les-bleus\/#primaryimage\"},\"thumbnailUrl\":\"https:\/\/lyonbondyblog.fr\/LBB\/wp-content\/uploads\/2014\/06\/Fran\u00e7ais-et-Br\u00e9siliens-ont-v\u00e9cu-le-point-d\u2019orgue-de-cette-aventure-en-commun.jpg\",\"datePublished\":\"2014-06-21T20:04:13+00:00\",\"dateModified\":\"2014-06-21T21:16:17+00:00\",\"description\":\"4\u00e8me \u00e9pisodes des aventures du LBB au Br\u00e9sil pour suivre la Coupe du monde de football. Les jeunes ont assist\u00e9 \u00e0 France-Suisse avec des jeunes br\u00e9siliens.\",\"inLanguage\":\"fr-FR\",\"potentialAction\":[{\"@type\":\"ReadAction\",\"target\":[\"https:\/\/lyonbondyblog.fr\/LBB\/coupe-du-monde-2014-vivre-les-bleus\/\"]}]},{\"@type\":\"ImageObject\",\"inLanguage\":\"fr-FR\",\"@id\":\"https:\/\/lyonbondyblog.fr\/LBB\/coupe-du-monde-2014-vivre-les-bleus\/#primaryimage\",\"url\":\"https:\/\/lyonbondyblog.fr\/LBB\/wp-content\/uploads\/2014\/06\/Fran\u00e7ais-et-Br\u00e9siliens-ont-v\u00e9cu-le-point-d\u2019orgue-de-cette-aventure-en-commun.jpg\",\"contentUrl\":\"https:\/\/lyonbondyblog.fr\/LBB\/wp-content\/uploads\/2014\/06\/Fran\u00e7ais-et-Br\u00e9siliens-ont-v\u00e9cu-le-point-d\u2019orgue-de-cette-aventure-en-commun.jpg\",\"width\":600,\"height\":392,\"caption\":\"\u00a9 Sport'A Vie\"},{\"@type\":\"WebSite\",\"@id\":\"https:\/\/lyonbondyblog.fr\/LBB\/#website\",\"url\":\"https:\/\/lyonbondyblog.fr\/LBB\/\",\"name\":\"Lyon Bondy Blog\",\"description\":\"\",\"publisher\":{\"@id\":\"https:\/\/lyonbondyblog.fr\/LBB\/#organization\"},\"potentialAction\":[{\"@type\":\"SearchAction\",\"target\":{\"@type\":\"EntryPoint\",\"urlTemplate\":\"https:\/\/lyonbondyblog.fr\/LBB\/?s={search_term_string}\"},\"query-input\":\"required name=search_term_string\"}],\"inLanguage\":\"fr-FR\"},{\"@type\":\"Organization\",\"@id\":\"https:\/\/lyonbondyblog.fr\/LBB\/#organization\",\"name\":\"LYON BONDY BLOG\",\"url\":\"https:\/\/lyonbondyblog.fr\/LBB\/\",\"logo\":{\"@type\":\"ImageObject\",\"inLanguage\":\"fr-FR\",\"@id\":\"https:\/\/lyonbondyblog.fr\/LBB\/#\/schema\/logo\/image\/\",\"url\":\"http:\/\/lyonbondyblog.fr\/LBB\/wp-content\/uploads\/2014\/10\/logo-portable-144.png\",\"contentUrl\":\"http:\/\/lyonbondyblog.fr\/LBB\/wp-content\/uploads\/2014\/10\/logo-portable-144.png\",\"width\":144,\"height\":123,\"caption\":\"LYON BONDY BLOG\"},\"image\":{\"@id\":\"https:\/\/lyonbondyblog.fr\/LBB\/#\/schema\/logo\/image\/\"},\"sameAs\":[\"https:\/\/www.facebook.com\/lyonbondyblog\",\"https:\/\/x.com\/bondybloglyon\"]},{\"@type\":\"Person\",\"@id\":\"https:\/\/lyonbondyblog.fr\/LBB\/#\/schema\/person\/558339ea4e67b07f7a2df48e9605b75c\",\"name\":\"Mohamed Braiki\",\"description\":\"Natif de Lyon et enfant des Minguettes, je suis dipl\u00f4m\u00e9 de Lettres de la Fac de Lyon 2 et l\u2019EFAP Rh\u00f4ne Alpes. J\u2019ai roul\u00e9 ma bosse dans des r\u00e9dactions lyonnaises comme la radio Lyon Sport 98.4, Le Progr\u00e8s, Foot 69.fr, Tribune de Lyon et Lyon Capitale. braikimohamed@yahoo.fr\",\"url\":\"https:\/\/lyonbondyblog.fr\/LBB\/author\/mohamed\/\"}]}<\/script>\n<!-- \/ Yoast SEO plugin. -->","yoast_head_json":{"title":"Coupe du monde\u00a02014\u00a0: Vivre les Bleus ensemble","description":"4\u00e8me \u00e9pisodes des aventures du LBB au Br\u00e9sil pour suivre la Coupe du monde de football. Les jeunes ont assist\u00e9 \u00e0 France-Suisse avec des jeunes br\u00e9siliens.","robots":{"index":"index","follow":"follow","max-snippet":"max-snippet:-1","max-image-preview":"max-image-preview:large","max-video-preview":"max-video-preview:-1"},"canonical":"https:\/\/lyonbondyblog.fr\/LBB\/coupe-du-monde-2014-vivre-les-bleus\/","og_locale":"fr_FR","og_type":"article","og_title":"Coupe du monde\u00a02014\u00a0: Vivre les Bleus ensemble","og_description":"4\u00e8me \u00e9pisodes des aventures du LBB au Br\u00e9sil pour suivre la Coupe du monde de football. Les jeunes ont assist\u00e9 \u00e0 France-Suisse avec des jeunes br\u00e9siliens.","og_url":"https:\/\/lyonbondyblog.fr\/LBB\/coupe-du-monde-2014-vivre-les-bleus\/","og_site_name":"Lyon Bondy Blog","article_publisher":"https:\/\/www.facebook.com\/lyonbondyblog","article_published_time":"2014-06-21T20:04:13+00:00","article_modified_time":"2014-06-21T21:16:17+00:00","og_image":[{"width":600,"height":392,"url":"https:\/\/lyonbondyblog.fr\/LBB\/wp-content\/uploads\/2014\/06\/Fran\u00e7ais-et-Br\u00e9siliens-ont-v\u00e9cu-le-point-d\u2019orgue-de-cette-aventure-en-commun.jpg","type":"image\/jpeg"}],"author":"Mohamed Braiki","twitter_card":"summary_large_image","twitter_creator":"@bondybloglyon","twitter_site":"@bondybloglyon","schema":{"@context":"https:\/\/schema.org","@graph":[{"@type":"Article","@id":"https:\/\/lyonbondyblog.fr\/LBB\/coupe-du-monde-2014-vivre-les-bleus\/#article","isPartOf":{"@id":"https:\/\/lyonbondyblog.fr\/LBB\/coupe-du-monde-2014-vivre-les-bleus\/"},"author":{"name":"Mohamed Braiki","@id":"https:\/\/lyonbondyblog.fr\/LBB\/#\/schema\/person\/558339ea4e67b07f7a2df48e9605b75c"},"headline":"Coupe du monde\u00a02014\u00a0: Vivre les Bleus ensemble\u2026","datePublished":"2014-06-21T20:04:13+00:00","dateModified":"2014-06-21T21:16:17+00:00","mainEntityOfPage":{"@id":"https:\/\/lyonbondyblog.fr\/LBB\/coupe-du-monde-2014-vivre-les-bleus\/"},"wordCount":795,"commentCount":1,"publisher":{"@id":"https:\/\/lyonbondyblog.fr\/LBB\/#organization"},"image":{"@id":"https:\/\/lyonbondyblog.fr\/LBB\/coupe-du-monde-2014-vivre-les-bleus\/#primaryimage"},"thumbnailUrl":"https:\/\/lyonbondyblog.fr\/LBB\/wp-content\/uploads\/2014\/06\/Fran\u00e7ais-et-Br\u00e9siliens-ont-v\u00e9cu-le-point-d\u2019orgue-de-cette-aventure-en-commun.jpg","keywords":["2014","adolescent","associations","Br\u00e9sil","coupe du monde","\u00e9galit\u00e9","Football","jeunes","lyon","rh\u00f4ne","supporter"],"articleSection":["Ambiance","International","Soci\u00e9t\u00e9"],"inLanguage":"fr-FR","potentialAction":[{"@type":"CommentAction","name":"Comment","target":["https:\/\/lyonbondyblog.fr\/LBB\/coupe-du-monde-2014-vivre-les-bleus\/#respond"]}]},{"@type":"WebPage","@id":"https:\/\/lyonbondyblog.fr\/LBB\/coupe-du-monde-2014-vivre-les-bleus\/","url":"https:\/\/lyonbondyblog.fr\/LBB\/coupe-du-monde-2014-vivre-les-bleus\/","name":"Coupe du monde\u00a02014\u00a0: Vivre les Bleus ensemble","isPartOf":{"@id":"https:\/\/lyonbondyblog.fr\/LBB\/#website"},"primaryImageOfPage":{"@id":"https:\/\/lyonbondyblog.fr\/LBB\/coupe-du-monde-2014-vivre-les-bleus\/#primaryimage"},"image":{"@id":"https:\/\/lyonbondyblog.fr\/LBB\/coupe-du-monde-2014-vivre-les-bleus\/#primaryimage"},"thumbnailUrl":"https:\/\/lyonbondyblog.fr\/LBB\/wp-content\/uploads\/2014\/06\/Fran\u00e7ais-et-Br\u00e9siliens-ont-v\u00e9cu-le-point-d\u2019orgue-de-cette-aventure-en-commun.jpg","datePublished":"2014-06-21T20:04:13+00:00","dateModified":"2014-06-21T21:16:17+00:00","description":"4\u00e8me \u00e9pisodes des aventures du LBB au Br\u00e9sil pour suivre la Coupe du monde de football. Les jeunes ont assist\u00e9 \u00e0 France-Suisse avec des jeunes br\u00e9siliens.","inLanguage":"fr-FR","potentialAction":[{"@type":"ReadAction","target":["https:\/\/lyonbondyblog.fr\/LBB\/coupe-du-monde-2014-vivre-les-bleus\/"]}]},{"@type":"ImageObject","inLanguage":"fr-FR","@id":"https:\/\/lyonbondyblog.fr\/LBB\/coupe-du-monde-2014-vivre-les-bleus\/#primaryimage","url":"https:\/\/lyonbondyblog.fr\/LBB\/wp-content\/uploads\/2014\/06\/Fran\u00e7ais-et-Br\u00e9siliens-ont-v\u00e9cu-le-point-d\u2019orgue-de-cette-aventure-en-commun.jpg","contentUrl":"https:\/\/lyonbondyblog.fr\/LBB\/wp-content\/uploads\/2014\/06\/Fran\u00e7ais-et-Br\u00e9siliens-ont-v\u00e9cu-le-point-d\u2019orgue-de-cette-aventure-en-commun.jpg","width":600,"height":392,"caption":"\u00a9 Sport'A Vie"},{"@type":"WebSite","@id":"https:\/\/lyonbondyblog.fr\/LBB\/#website","url":"https:\/\/lyonbondyblog.fr\/LBB\/","name":"Lyon Bondy Blog","description":"","publisher":{"@id":"https:\/\/lyonbondyblog.fr\/LBB\/#organization"},"potentialAction":[{"@type":"SearchAction","target":{"@type":"EntryPoint","urlTemplate":"https:\/\/lyonbondyblog.fr\/LBB\/?s={search_term_string}"},"query-input":"required name=search_term_string"}],"inLanguage":"fr-FR"},{"@type":"Organization","@id":"https:\/\/lyonbondyblog.fr\/LBB\/#organization","name":"LYON BONDY BLOG","url":"https:\/\/lyonbondyblog.fr\/LBB\/","logo":{"@type":"ImageObject","inLanguage":"fr-FR","@id":"https:\/\/lyonbondyblog.fr\/LBB\/#\/schema\/logo\/image\/","url":"http:\/\/lyonbondyblog.fr\/LBB\/wp-content\/uploads\/2014\/10\/logo-portable-144.png","contentUrl":"http:\/\/lyonbondyblog.fr\/LBB\/wp-content\/uploads\/2014\/10\/logo-portable-144.png","width":144,"height":123,"caption":"LYON BONDY BLOG"},"image":{"@id":"https:\/\/lyonbondyblog.fr\/LBB\/#\/schema\/logo\/image\/"},"sameAs":["https:\/\/www.facebook.com\/lyonbondyblog","https:\/\/x.com\/bondybloglyon"]},{"@type":"Person","@id":"https:\/\/lyonbondyblog.fr\/LBB\/#\/schema\/person\/558339ea4e67b07f7a2df48e9605b75c","name":"Mohamed Braiki","description":"Natif de Lyon et enfant des Minguettes, je suis dipl\u00f4m\u00e9 de Lettres de la Fac de Lyon 2 et l\u2019EFAP Rh\u00f4ne Alpes. J\u2019ai roul\u00e9 ma bosse dans des r\u00e9dactions lyonnaises comme la radio Lyon Sport 98.4, Le Progr\u00e8s, Foot 69.fr, Tribune de Lyon et Lyon Capitale. braikimohamed@yahoo.fr","url":"https:\/\/lyonbondyblog.fr\/LBB\/author\/mohamed\/"}]}},"_links":{"self":[{"href":"https:\/\/lyonbondyblog.fr\/LBB\/wp-json\/wp\/v2\/posts\/6899","targetHints":{"allow":["GET"]}}],"collection":[{"href":"https:\/\/lyonbondyblog.fr\/LBB\/wp-json\/wp\/v2\/posts"}],"about":[{"href":"https:\/\/lyonbondyblog.fr\/LBB\/wp-json\/wp\/v2\/types\/post"}],"author":[{"embeddable":true,"href":"https:\/\/lyonbondyblog.fr\/LBB\/wp-json\/wp\/v2\/users\/28"}],"replies":[{"embeddable":true,"href":"https:\/\/lyonbondyblog.fr\/LBB\/wp-json\/wp\/v2\/comments?post=6899"}],"version-history":[{"count":0,"href":"https:\/\/lyonbondyblog.fr\/LBB\/wp-json\/wp\/v2\/posts\/6899\/revisions"}],"wp:featuredmedia":[{"embeddable":true,"href":"https:\/\/lyonbondyblog.fr\/LBB\/wp-json\/wp\/v2\/media\/6903"}],"wp:attachment":[{"href":"https:\/\/lyonbondyblog.fr\/LBB\/wp-json\/wp\/v2\/media?parent=6899"}],"wp:term":[{"taxonomy":"category","embeddable":true,"href":"https:\/\/lyonbondyblog.fr\/LBB\/wp-json\/wp\/v2\/categories?post=6899"},{"taxonomy":"post_tag","embeddable":true,"href":"https:\/\/lyonbondyblog.fr\/LBB\/wp-json\/wp\/v2\/tags?post=6899"}],"curies":[{"name":"wp","href":"https:\/\/api.w.org\/{rel}","templated":true}]}}