{"id":688,"date":"2012-08-30T14:47:54","date_gmt":"2012-08-30T12:47:54","guid":{"rendered":"http:\/\/lyonbondyblog.fr\/LBB\/?p=688"},"modified":"2013-07-18T15:11:53","modified_gmt":"2013-07-18T13:11:53","slug":"le-systeme-francais-humilie-ses-concitoyens","status":"publish","type":"post","link":"https:\/\/lyonbondyblog.fr\/LBB\/le-systeme-francais-humilie-ses-concitoyens\/","title":{"rendered":"\u00ab Le syst\u00e8me fran\u00e7ais humilie ses concitoyens \u00bb"},"content":{"rendered":"<p><strong>La conf\u00e9rence introductive, intitul\u00e9e \u00ab <em>soci\u00e9t\u00e9 de la confiance, soci\u00e9t\u00e9 de la d\u00e9fiance<\/em> \u00bb a plong\u00e9e l&rsquo;h\u00e9micycle dans le vif du sujet. Entre constat am\u00e8re d&rsquo;une communaut\u00e9 nationale au bord de l&rsquo;implosion et message d&rsquo;espoir pour le futur, nos deux interlocuteurs ont livr\u00e9 leurs analyses. Seconde partie avec Jean-Paul Delevoye.<\/strong><\/p>\n<p><a href=\"https:\/\/lyonbondyblog.fr\/LBB\/wp-content\/uploads\/2013\/07\/Jean-paul-delevoye.jpg\"><img loading=\"lazy\" decoding=\"async\" width=\"400\" height=\"200\" class=\"aligncenter size-full wp-image-689\" alt=\"Jean paul delevoye\" src=\"https:\/\/lyonbondyblog.fr\/LBB\/wp-content\/uploads\/2013\/07\/Jean-paul-delevoye.jpg\" srcset=\"https:\/\/lyonbondyblog.fr\/LBB\/wp-content\/uploads\/2013\/07\/Jean-paul-delevoye.jpg 400w, https:\/\/lyonbondyblog.fr\/LBB\/wp-content\/uploads\/2013\/07\/Jean-paul-delevoye-300x150.jpg 300w\" sizes=\"auto, (max-width: 400px) 100vw, 400px\" \/><\/a><\/p>\n<div>\n<p>En tant que m\u00e9diateur de la R\u00e9publique durant sept ann\u00e9es, Jean-Paul Delevoye a \u00e9t\u00e9 interpell\u00e9 par la violence des relations humaines, notamment dans le domaine scolaire. De part son exp\u00e9rience, l&rsquo;actuel pr\u00e9sident du Conseil \u00e9conomique, social et environnemental (CESE) n&rsquo;h\u00e9site pas \u00e0 remettre en cause la logique de la soci\u00e9t\u00e9 fran\u00e7aise- <a href=\"http:\/\/www.hors-des-clous.fr\/node\/259\">\u00e0 l&rsquo;instar de Yann Algan<\/a>.<\/p>\n<p>Partant de la conjoncture europ\u00e9enne et fran\u00e7aise marqu\u00e9e par une profonde modification \u00e9conomique et soci\u00e9tale, Jean-Paul Delevoye s&rsquo;interroge sur la capacit\u00e9 \u00e0 surmonter les difficult\u00e9s. A l&rsquo;heure o\u00f9 les communaut\u00e9s europ\u00e9ennes sont confront\u00e9es \u00e0 une remise en cause de leurs mod\u00e8les sociaux, o\u00f9 la croissance ne d\u00e9passe que tr\u00e8s rarement 1%. L&rsquo;intervenant pr\u00e9dit une modification des comportements ainsi qu&rsquo;une autre approche par rapport au temps. Alors que les derni\u00e8res d\u00e9cennies ont \u00e9t\u00e9 marqu\u00e9s par une farouche volont\u00e9 d&rsquo;acqu\u00e9rir des biens, Jean-Paul Develoye estime que le bonheur n&rsquo;est plus dans l&rsquo;acquisition mais dans l&rsquo;usage, ni dans le mat\u00e9riel mais plut\u00f4t \u00e0 chercher dans le spirituel.<\/p>\n<p><strong>\u00ab\u00a0Etude + dipl\u00f4me \u2260 salaire\u00a0\u00bb<\/strong><\/p>\n<p>De ce constat g\u00e9n\u00e9ral, l&rsquo;ancien parlementaire met en cause le manque d&rsquo;esp\u00e9rance chez les citoyens. Jonglant avec les exemples internationaux, Jean-Paul Delevoye explique que le d\u00e9clenchement du Printemps Arabe en Tunisie est d\u00fb \u00e0 un sentiment de d\u00e9sesp\u00e9rance qui provoque un sentiment d&rsquo;humiliation. En effet, l&rsquo;\u00e9quation \u00ab\u00a0\u00e9tude + dipl\u00f4me = salaire\u00a0\u00bb n&rsquo;\u00e9tant plus un calcul exact alors que l&rsquo;investissement dans ce domaine reste tr\u00e8s fort, la d\u00e9ception peut susciter des r\u00e9actions tr\u00e8s vives. En effet, le mouvement des jeunes dipl\u00f4m\u00e9s exclus du march\u00e9 du travail \u00e0 \u00e9t\u00e9 tr\u00e8s important dans le soul\u00e8vement arabe. L&rsquo;ancien ministre affirme que \u00ab\u00a0<em>le syst\u00e8me humilie ses citoyens<\/em>\u00a0\u00bb. Cette donn\u00e9e n&rsquo;est pas r\u00e9serv\u00e9e exclusivement aux populations arabes pr\u00e9-r\u00e9volutionnaire. Cela devient une constante, au sein m\u00eame de la soci\u00e9t\u00e9 fran\u00e7aise. On constate en effet une progression du d\u00e9classement professionnel : au vue de la conjoncture, nombre de salari\u00e9s acceptent un poste moins bien qualifi\u00e9 et moins bien r\u00e9mun\u00e9r\u00e9 par rapport \u00e0 leur comp\u00e9tence.<\/p>\n<p><strong>La fin du r\u00eave<\/strong><\/p>\n<p>Cette d\u00e9sesp\u00e9rance induit la \u00ab\u00a0fin du r\u00eave\u00a0\u00bb. Aujourd&rsquo;hui, \u00ab\u00a0on ne r\u00eave plus\u00a0\u00bb estime le maire de Bapaume. Ce dernier pense que la jeune g\u00e9n\u00e9ration doit faire face d\u00e8s le plus jeune \u00e2ge \u00e0 la cruaut\u00e9 du monde. \u00ab\u00a0L&rsquo;ancienne g\u00e9n\u00e9ration\u00a0\u00bb \u00e9tait prot\u00e9g\u00e9e jusqu&rsquo;\u00e0 \u00e0 un certain \u00e2ge de ces maux soci\u00e9taux\u00a0: difficult\u00e9 du monde, difficult\u00e9s familiales&#8230;<\/p>\n<p>La discussion est aussi devenue une denr\u00e9e rare. Jean-Paul Delevoye met en avant un paradoxe. Alors que la communication n&rsquo;a jamais \u00e9t\u00e9 aussi facile par le biais des technologies, le Pr\u00e9sident explique \u00ab\u00a0<em>qu&rsquo;on se parle de plus en plus mais qu&rsquo;on s&rsquo;entend de moins en moins<\/em>\u00a0\u00bb. L&#8217;empathie entre les citoyens semble se r\u00e9duire, un mur \u00e9motionnel tend \u00e0 s&rsquo;\u00e9riger.<\/p>\n<p>Constatant que les jeunes d&rsquo;aujourd&rsquo;hui ont un probl\u00e8me de confiance en soi, M. Delevoye met en cause la logique soci\u00e9tale fran\u00e7aise. En effet, il estime que \u00ab <em>contrairement aux autres pays, les politiques publiques fran\u00e7aises nous mettent devant nos \u00e9checs et non devant nos r\u00e9ussites<\/em>\u00a0\u00bb.<\/p>\n<p>Face \u00e0 cette scl\u00e9rose, le Pr\u00e9sident du CESE invite la \u00ab\u00a0force citoyenne\u00a0\u00bb \u00e0 remettre en cause ce syst\u00e8me. L&rsquo;appel est lanc\u00e9.<\/p>\n<\/div>\n<!-- AddThis Advanced Settings generic via filter on the_content --><!-- AddThis Share Buttons generic via filter on the_content -->","protected":false},"excerpt":{"rendered":"<p>La conf\u00e9rence introductive, intitul\u00e9e \u00ab soci\u00e9t\u00e9 de la confiance, soci\u00e9t\u00e9 de la d\u00e9fiance \u00bb a plong\u00e9e l&rsquo;h\u00e9micycle dans le vif du sujet. Entre constat am\u00e8re &hellip; <!-- AddThis Advanced Settings generic via filter on wp_trim_excerpt --><!-- AddThis Share Buttons generic via filter on wp_trim_excerpt --><\/p>\n","protected":false},"author":11,"featured_media":689,"comment_status":"open","ping_status":"open","sticky":false,"template":"","format":"standard","meta":{"_FSMCFIC_featured_image_caption":"","_FSMCFIC_featured_image_nocaption":"","_FSMCFIC_featured_image_hide":"","footnotes":""},"categories":[2],"tags":[249,250,248],"class_list":["post-688","post","type-post","status-publish","format-standard","has-post-thumbnail","hentry","category-societe","tag-citoyens","tag-humiliation","tag-jean-paul-delevoye"],"yoast_head":"<!-- This site is optimized with the Yoast SEO plugin v22.8 - https:\/\/yoast.com\/wordpress\/plugins\/seo\/ -->\n<title>\u00ab Le syst\u00e8me fran\u00e7ais humilie ses concitoyens \u00bb - Lyon Bondy Blog<\/title>\n<meta name=\"robots\" content=\"index, follow, max-snippet:-1, max-image-preview:large, max-video-preview:-1\" \/>\n<link rel=\"canonical\" href=\"https:\/\/lyonbondyblog.fr\/LBB\/le-systeme-francais-humilie-ses-concitoyens\/\" \/>\n<meta property=\"og:locale\" content=\"fr_FR\" \/>\n<meta property=\"og:type\" content=\"article\" \/>\n<meta property=\"og:title\" content=\"\u00ab Le syst\u00e8me fran\u00e7ais humilie ses concitoyens \u00bb - Lyon Bondy Blog\" \/>\n<meta property=\"og:description\" content=\"La conf\u00e9rence introductive, intitul\u00e9e \u00ab soci\u00e9t\u00e9 de la confiance, soci\u00e9t\u00e9 de la d\u00e9fiance \u00bb a plong\u00e9e l&rsquo;h\u00e9micycle dans le vif du sujet. Entre constat am\u00e8re &hellip;\" \/>\n<meta property=\"og:url\" content=\"https:\/\/lyonbondyblog.fr\/LBB\/le-systeme-francais-humilie-ses-concitoyens\/\" \/>\n<meta property=\"og:site_name\" content=\"Lyon Bondy Blog\" \/>\n<meta property=\"article:publisher\" content=\"https:\/\/www.facebook.com\/lyonbondyblog\" \/>\n<meta property=\"article:published_time\" content=\"2012-08-30T12:47:54+00:00\" \/>\n<meta property=\"article:modified_time\" content=\"2013-07-18T13:11:53+00:00\" \/>\n<meta property=\"og:image\" content=\"https:\/\/lyonbondyblog.fr\/LBB\/wp-content\/uploads\/2013\/07\/Jean-paul-delevoye.jpg\" \/>\n\t<meta property=\"og:image:width\" content=\"400\" \/>\n\t<meta property=\"og:image:height\" content=\"200\" \/>\n\t<meta property=\"og:image:type\" content=\"image\/jpeg\" \/>\n<meta name=\"author\" content=\"Maxime Hanssen\" \/>\n<meta name=\"twitter:card\" content=\"summary_large_image\" \/>\n<meta name=\"twitter:creator\" content=\"@HanssenMaxime\" \/>\n<meta name=\"twitter:site\" content=\"@bondybloglyon\" \/>\n<script type=\"application\/ld+json\" class=\"yoast-schema-graph\">{\"@context\":\"https:\/\/schema.org\",\"@graph\":[{\"@type\":\"Article\",\"@id\":\"https:\/\/lyonbondyblog.fr\/LBB\/le-systeme-francais-humilie-ses-concitoyens\/#article\",\"isPartOf\":{\"@id\":\"https:\/\/lyonbondyblog.fr\/LBB\/le-systeme-francais-humilie-ses-concitoyens\/\"},\"author\":{\"name\":\"Maxime Hanssen\",\"@id\":\"https:\/\/lyonbondyblog.fr\/LBB\/#\/schema\/person\/cc7d2de10d3ff4c29231fcdd3dc720c8\"},\"headline\":\"\u00ab Le syst\u00e8me fran\u00e7ais humilie ses concitoyens \u00bb\",\"datePublished\":\"2012-08-30T12:47:54+00:00\",\"dateModified\":\"2013-07-18T13:11:53+00:00\",\"mainEntityOfPage\":{\"@id\":\"https:\/\/lyonbondyblog.fr\/LBB\/le-systeme-francais-humilie-ses-concitoyens\/\"},\"wordCount\":633,\"commentCount\":0,\"publisher\":{\"@id\":\"https:\/\/lyonbondyblog.fr\/LBB\/#organization\"},\"image\":{\"@id\":\"https:\/\/lyonbondyblog.fr\/LBB\/le-systeme-francais-humilie-ses-concitoyens\/#primaryimage\"},\"thumbnailUrl\":\"https:\/\/lyonbondyblog.fr\/LBB\/wp-content\/uploads\/2013\/07\/Jean-paul-delevoye.jpg\",\"keywords\":[\"citoyens\",\"humiliation\",\"Jean-Paul Delevoye\"],\"articleSection\":[\"Soci\u00e9t\u00e9\"],\"inLanguage\":\"fr-FR\",\"potentialAction\":[{\"@type\":\"CommentAction\",\"name\":\"Comment\",\"target\":[\"https:\/\/lyonbondyblog.fr\/LBB\/le-systeme-francais-humilie-ses-concitoyens\/#respond\"]}]},{\"@type\":\"WebPage\",\"@id\":\"https:\/\/lyonbondyblog.fr\/LBB\/le-systeme-francais-humilie-ses-concitoyens\/\",\"url\":\"https:\/\/lyonbondyblog.fr\/LBB\/le-systeme-francais-humilie-ses-concitoyens\/\",\"name\":\"\u00ab Le syst\u00e8me fran\u00e7ais humilie ses concitoyens \u00bb - Lyon Bondy Blog\",\"isPartOf\":{\"@id\":\"https:\/\/lyonbondyblog.fr\/LBB\/#website\"},\"primaryImageOfPage\":{\"@id\":\"https:\/\/lyonbondyblog.fr\/LBB\/le-systeme-francais-humilie-ses-concitoyens\/#primaryimage\"},\"image\":{\"@id\":\"https:\/\/lyonbondyblog.fr\/LBB\/le-systeme-francais-humilie-ses-concitoyens\/#primaryimage\"},\"thumbnailUrl\":\"https:\/\/lyonbondyblog.fr\/LBB\/wp-content\/uploads\/2013\/07\/Jean-paul-delevoye.jpg\",\"datePublished\":\"2012-08-30T12:47:54+00:00\",\"dateModified\":\"2013-07-18T13:11:53+00:00\",\"inLanguage\":\"fr-FR\",\"potentialAction\":[{\"@type\":\"ReadAction\",\"target\":[\"https:\/\/lyonbondyblog.fr\/LBB\/le-systeme-francais-humilie-ses-concitoyens\/\"]}]},{\"@type\":\"ImageObject\",\"inLanguage\":\"fr-FR\",\"@id\":\"https:\/\/lyonbondyblog.fr\/LBB\/le-systeme-francais-humilie-ses-concitoyens\/#primaryimage\",\"url\":\"https:\/\/lyonbondyblog.fr\/LBB\/wp-content\/uploads\/2013\/07\/Jean-paul-delevoye.jpg\",\"contentUrl\":\"https:\/\/lyonbondyblog.fr\/LBB\/wp-content\/uploads\/2013\/07\/Jean-paul-delevoye.jpg\",\"width\":400,\"height\":200},{\"@type\":\"WebSite\",\"@id\":\"https:\/\/lyonbondyblog.fr\/LBB\/#website\",\"url\":\"https:\/\/lyonbondyblog.fr\/LBB\/\",\"name\":\"Lyon Bondy Blog\",\"description\":\"\",\"publisher\":{\"@id\":\"https:\/\/lyonbondyblog.fr\/LBB\/#organization\"},\"potentialAction\":[{\"@type\":\"SearchAction\",\"target\":{\"@type\":\"EntryPoint\",\"urlTemplate\":\"https:\/\/lyonbondyblog.fr\/LBB\/?s={search_term_string}\"},\"query-input\":\"required name=search_term_string\"}],\"inLanguage\":\"fr-FR\"},{\"@type\":\"Organization\",\"@id\":\"https:\/\/lyonbondyblog.fr\/LBB\/#organization\",\"name\":\"LYON BONDY BLOG\",\"url\":\"https:\/\/lyonbondyblog.fr\/LBB\/\",\"logo\":{\"@type\":\"ImageObject\",\"inLanguage\":\"fr-FR\",\"@id\":\"https:\/\/lyonbondyblog.fr\/LBB\/#\/schema\/logo\/image\/\",\"url\":\"http:\/\/lyonbondyblog.fr\/LBB\/wp-content\/uploads\/2014\/10\/logo-portable-144.png\",\"contentUrl\":\"http:\/\/lyonbondyblog.fr\/LBB\/wp-content\/uploads\/2014\/10\/logo-portable-144.png\",\"width\":144,\"height\":123,\"caption\":\"LYON BONDY BLOG\"},\"image\":{\"@id\":\"https:\/\/lyonbondyblog.fr\/LBB\/#\/schema\/logo\/image\/\"},\"sameAs\":[\"https:\/\/www.facebook.com\/lyonbondyblog\",\"https:\/\/x.com\/bondybloglyon\"]},{\"@type\":\"Person\",\"@id\":\"https:\/\/lyonbondyblog.fr\/LBB\/#\/schema\/person\/cc7d2de10d3ff4c29231fcdd3dc720c8\",\"name\":\"Maxime Hanssen\",\"description\":\"Ex Service civique au #LBB. Dipl\u00f4m\u00e9 d'une ma\u00eetrise d'Histoire apr\u00e8s un m\u00e9moire de recherche sur l'histoire politique de la Hongrie. Journaliste \u00e0 Acteurs de l'\u00e9conomie - La Tribune. En formation professionnelle \u00e0 l'ESJ Lille Pro. Contributeur \u00e9ternel au LBB et citoyen europ\u00e9en.\",\"sameAs\":[\"https:\/\/x.com\/HanssenMaxime\"],\"url\":\"https:\/\/lyonbondyblog.fr\/LBB\/author\/maxime\/\"}]}<\/script>\n<!-- \/ Yoast SEO plugin. -->","yoast_head_json":{"title":"\u00ab Le syst\u00e8me fran\u00e7ais humilie ses concitoyens \u00bb - Lyon Bondy Blog","robots":{"index":"index","follow":"follow","max-snippet":"max-snippet:-1","max-image-preview":"max-image-preview:large","max-video-preview":"max-video-preview:-1"},"canonical":"https:\/\/lyonbondyblog.fr\/LBB\/le-systeme-francais-humilie-ses-concitoyens\/","og_locale":"fr_FR","og_type":"article","og_title":"\u00ab Le syst\u00e8me fran\u00e7ais humilie ses concitoyens \u00bb - Lyon Bondy Blog","og_description":"La conf\u00e9rence introductive, intitul\u00e9e \u00ab soci\u00e9t\u00e9 de la confiance, soci\u00e9t\u00e9 de la d\u00e9fiance \u00bb a plong\u00e9e l&rsquo;h\u00e9micycle dans le vif du sujet. Entre constat am\u00e8re &hellip;","og_url":"https:\/\/lyonbondyblog.fr\/LBB\/le-systeme-francais-humilie-ses-concitoyens\/","og_site_name":"Lyon Bondy Blog","article_publisher":"https:\/\/www.facebook.com\/lyonbondyblog","article_published_time":"2012-08-30T12:47:54+00:00","article_modified_time":"2013-07-18T13:11:53+00:00","og_image":[{"width":400,"height":200,"url":"https:\/\/lyonbondyblog.fr\/LBB\/wp-content\/uploads\/2013\/07\/Jean-paul-delevoye.jpg","type":"image\/jpeg"}],"author":"Maxime Hanssen","twitter_card":"summary_large_image","twitter_creator":"@HanssenMaxime","twitter_site":"@bondybloglyon","schema":{"@context":"https:\/\/schema.org","@graph":[{"@type":"Article","@id":"https:\/\/lyonbondyblog.fr\/LBB\/le-systeme-francais-humilie-ses-concitoyens\/#article","isPartOf":{"@id":"https:\/\/lyonbondyblog.fr\/LBB\/le-systeme-francais-humilie-ses-concitoyens\/"},"author":{"name":"Maxime Hanssen","@id":"https:\/\/lyonbondyblog.fr\/LBB\/#\/schema\/person\/cc7d2de10d3ff4c29231fcdd3dc720c8"},"headline":"\u00ab Le syst\u00e8me fran\u00e7ais humilie ses concitoyens \u00bb","datePublished":"2012-08-30T12:47:54+00:00","dateModified":"2013-07-18T13:11:53+00:00","mainEntityOfPage":{"@id":"https:\/\/lyonbondyblog.fr\/LBB\/le-systeme-francais-humilie-ses-concitoyens\/"},"wordCount":633,"commentCount":0,"publisher":{"@id":"https:\/\/lyonbondyblog.fr\/LBB\/#organization"},"image":{"@id":"https:\/\/lyonbondyblog.fr\/LBB\/le-systeme-francais-humilie-ses-concitoyens\/#primaryimage"},"thumbnailUrl":"https:\/\/lyonbondyblog.fr\/LBB\/wp-content\/uploads\/2013\/07\/Jean-paul-delevoye.jpg","keywords":["citoyens","humiliation","Jean-Paul Delevoye"],"articleSection":["Soci\u00e9t\u00e9"],"inLanguage":"fr-FR","potentialAction":[{"@type":"CommentAction","name":"Comment","target":["https:\/\/lyonbondyblog.fr\/LBB\/le-systeme-francais-humilie-ses-concitoyens\/#respond"]}]},{"@type":"WebPage","@id":"https:\/\/lyonbondyblog.fr\/LBB\/le-systeme-francais-humilie-ses-concitoyens\/","url":"https:\/\/lyonbondyblog.fr\/LBB\/le-systeme-francais-humilie-ses-concitoyens\/","name":"\u00ab Le syst\u00e8me fran\u00e7ais humilie ses concitoyens \u00bb - Lyon Bondy Blog","isPartOf":{"@id":"https:\/\/lyonbondyblog.fr\/LBB\/#website"},"primaryImageOfPage":{"@id":"https:\/\/lyonbondyblog.fr\/LBB\/le-systeme-francais-humilie-ses-concitoyens\/#primaryimage"},"image":{"@id":"https:\/\/lyonbondyblog.fr\/LBB\/le-systeme-francais-humilie-ses-concitoyens\/#primaryimage"},"thumbnailUrl":"https:\/\/lyonbondyblog.fr\/LBB\/wp-content\/uploads\/2013\/07\/Jean-paul-delevoye.jpg","datePublished":"2012-08-30T12:47:54+00:00","dateModified":"2013-07-18T13:11:53+00:00","inLanguage":"fr-FR","potentialAction":[{"@type":"ReadAction","target":["https:\/\/lyonbondyblog.fr\/LBB\/le-systeme-francais-humilie-ses-concitoyens\/"]}]},{"@type":"ImageObject","inLanguage":"fr-FR","@id":"https:\/\/lyonbondyblog.fr\/LBB\/le-systeme-francais-humilie-ses-concitoyens\/#primaryimage","url":"https:\/\/lyonbondyblog.fr\/LBB\/wp-content\/uploads\/2013\/07\/Jean-paul-delevoye.jpg","contentUrl":"https:\/\/lyonbondyblog.fr\/LBB\/wp-content\/uploads\/2013\/07\/Jean-paul-delevoye.jpg","width":400,"height":200},{"@type":"WebSite","@id":"https:\/\/lyonbondyblog.fr\/LBB\/#website","url":"https:\/\/lyonbondyblog.fr\/LBB\/","name":"Lyon Bondy Blog","description":"","publisher":{"@id":"https:\/\/lyonbondyblog.fr\/LBB\/#organization"},"potentialAction":[{"@type":"SearchAction","target":{"@type":"EntryPoint","urlTemplate":"https:\/\/lyonbondyblog.fr\/LBB\/?s={search_term_string}"},"query-input":"required name=search_term_string"}],"inLanguage":"fr-FR"},{"@type":"Organization","@id":"https:\/\/lyonbondyblog.fr\/LBB\/#organization","name":"LYON BONDY BLOG","url":"https:\/\/lyonbondyblog.fr\/LBB\/","logo":{"@type":"ImageObject","inLanguage":"fr-FR","@id":"https:\/\/lyonbondyblog.fr\/LBB\/#\/schema\/logo\/image\/","url":"http:\/\/lyonbondyblog.fr\/LBB\/wp-content\/uploads\/2014\/10\/logo-portable-144.png","contentUrl":"http:\/\/lyonbondyblog.fr\/LBB\/wp-content\/uploads\/2014\/10\/logo-portable-144.png","width":144,"height":123,"caption":"LYON BONDY BLOG"},"image":{"@id":"https:\/\/lyonbondyblog.fr\/LBB\/#\/schema\/logo\/image\/"},"sameAs":["https:\/\/www.facebook.com\/lyonbondyblog","https:\/\/x.com\/bondybloglyon"]},{"@type":"Person","@id":"https:\/\/lyonbondyblog.fr\/LBB\/#\/schema\/person\/cc7d2de10d3ff4c29231fcdd3dc720c8","name":"Maxime Hanssen","description":"Ex Service civique au #LBB. Dipl\u00f4m\u00e9 d'une ma\u00eetrise d'Histoire apr\u00e8s un m\u00e9moire de recherche sur l'histoire politique de la Hongrie. Journaliste \u00e0 Acteurs de l'\u00e9conomie - La Tribune. En formation professionnelle \u00e0 l'ESJ Lille Pro. Contributeur \u00e9ternel au LBB et citoyen europ\u00e9en.","sameAs":["https:\/\/x.com\/HanssenMaxime"],"url":"https:\/\/lyonbondyblog.fr\/LBB\/author\/maxime\/"}]}},"_links":{"self":[{"href":"https:\/\/lyonbondyblog.fr\/LBB\/wp-json\/wp\/v2\/posts\/688","targetHints":{"allow":["GET"]}}],"collection":[{"href":"https:\/\/lyonbondyblog.fr\/LBB\/wp-json\/wp\/v2\/posts"}],"about":[{"href":"https:\/\/lyonbondyblog.fr\/LBB\/wp-json\/wp\/v2\/types\/post"}],"author":[{"embeddable":true,"href":"https:\/\/lyonbondyblog.fr\/LBB\/wp-json\/wp\/v2\/users\/11"}],"replies":[{"embeddable":true,"href":"https:\/\/lyonbondyblog.fr\/LBB\/wp-json\/wp\/v2\/comments?post=688"}],"version-history":[{"count":0,"href":"https:\/\/lyonbondyblog.fr\/LBB\/wp-json\/wp\/v2\/posts\/688\/revisions"}],"wp:featuredmedia":[{"embeddable":true,"href":"https:\/\/lyonbondyblog.fr\/LBB\/wp-json\/wp\/v2\/media\/689"}],"wp:attachment":[{"href":"https:\/\/lyonbondyblog.fr\/LBB\/wp-json\/wp\/v2\/media?parent=688"}],"wp:term":[{"taxonomy":"category","embeddable":true,"href":"https:\/\/lyonbondyblog.fr\/LBB\/wp-json\/wp\/v2\/categories?post=688"},{"taxonomy":"post_tag","embeddable":true,"href":"https:\/\/lyonbondyblog.fr\/LBB\/wp-json\/wp\/v2\/tags?post=688"}],"curies":[{"name":"wp","href":"https:\/\/api.w.org\/{rel}","templated":true}]}}