{"id":683,"date":"2012-06-11T14:42:10","date_gmt":"2012-06-11T12:42:10","guid":{"rendered":"http:\/\/lyonbondyblog.fr\/LBB\/?p=683"},"modified":"2013-07-18T15:12:25","modified_gmt":"2013-07-18T13:12:25","slug":"de-saint-etienne-a-new-york-le-chemin-de-lindependance","status":"publish","type":"post","link":"https:\/\/lyonbondyblog.fr\/LBB\/de-saint-etienne-a-new-york-le-chemin-de-lindependance\/","title":{"rendered":"De Saint-Etienne \u00e0 New-York : le chemin de l\u2019ind\u00e9pendance"},"content":{"rendered":"<p><strong>Le Comoedia accueillait l\u2019avant-premi\u00e8re lyonnaise de \u00ab Rude Boy Story \u00bb, un documentaire retra\u00e7ant le parcours atypique du groupe de reggae fran\u00e7ais \u00ab Dub. Incorporation \u00bb, une formation de r\u00e9f\u00e9rence au sein de cet univers musical. Loin de la puissance des majors, le r\u00e9alisateur -Kamir M\u00e9ridja- nous livre un brillant exemple d\u2019un groupe ind\u00e9pendant.<\/strong><\/p>\n<p><a href=\"https:\/\/lyonbondyblog.fr\/LBB\/wp-content\/uploads\/2013\/07\/Dub_Inc1.jpg\"><img loading=\"lazy\" decoding=\"async\" width=\"600\" height=\"300\" class=\"aligncenter size-full wp-image-685\" alt=\"Dub_Inc\" src=\"https:\/\/lyonbondyblog.fr\/LBB\/wp-content\/uploads\/2013\/07\/Dub_Inc1.jpg\" srcset=\"https:\/\/lyonbondyblog.fr\/LBB\/wp-content\/uploads\/2013\/07\/Dub_Inc1.jpg 600w, https:\/\/lyonbondyblog.fr\/LBB\/wp-content\/uploads\/2013\/07\/Dub_Inc1-300x150.jpg 300w\" sizes=\"auto, (max-width: 600px) 100vw, 600px\" \/><\/a><\/p>\n<p><em>\u00ab Tu connais un endroit pour sortir ? -Oui dans le centre-ville, mais je te pr\u00e9viens, il n\u2019y a pas dub inc. -Dub Inc, c\u2019est-\u00e0-dire ? -Ba il n\u2019y a pas foule ! \u00bb<\/em>. Lorsqu\u2019un nom de groupe devient une expression populaire, c\u2019est qu\u2019il a r\u00e9ussi \u00e0 marquer les esprits. Cette anecdote soci\u00e9tale racont\u00e9e par un spectateur d\u00e9nonce un fait bien plus profond : la machine m\u00e9diatique, incarn\u00e9e par les Majors et les plans marketings, n\u2019a pas le monopole de faire et de d\u00e9faire le succ\u00e8s musical. Une autre voie peut \u00eatre trac\u00e9e, certainement plus difficile mais qui assure une totale libert\u00e9 au groupe, bas\u00e9e sur des valeurs humaines.<\/p>\n<p><strong>Sur la Roots<\/strong><\/p>\n<p>Depuis la fermeture des mines en 1973, Saint-Etienne doit faire face \u00e0 de nombreuses difficult\u00e9s \u00e9conomiques. Malgr\u00e9 tout, cette cit\u00e9 rayonne par sa culture, notamment dans le domaine du Reggae. A la fin des ann\u00e9es 1990, une bande d\u2019amis d\u00e9cide de s\u2019inspirer de leurs pr\u00e9d\u00e9cesseurs et se lance sur sc\u00e8ne. D\u2019abord dans la cour du lyc\u00e9e, puis rapidement, le groupe enchaine les bars et les petits festivals. Compensant le manque d\u2019argent et d\u2019appuis institutionnels locaux par une motivation sans faille, Dub Incorporation va s\u00e9duire la r\u00e9gion au gr\u00e8s de prestations \u00e9nergiques et de textes engag\u00e9s. Komlan, l\u2019un des deux chanteurs se rappelle : \u00ab M\u00eame si on avait rien dans les poches et que le concert n\u2019\u00e9tait que tr\u00e8s peu r\u00e9mun\u00e9r\u00e9, on y allait quand m\u00eame ! \u00bb. L\u2019envie de jouer et de partager sans penser \u00e0 l\u2019aspect financier, voil\u00e0 certainement l\u2019un des cr\u00e9dos \u00e0 suivre pour tout groupe ind\u00e9pendant.<\/p>\n<p>&nbsp;<\/p>\n<p>Loin des sentiers battus, Dub Inc continue son ascension. Entre les tourn\u00e9es, le groupe sort plusieurs albums, tous autoproduits. El\u00e9ment important de l\u2019ind\u00e9pendance d\u2019un groupe, l\u2019autoproduction de \u00ab A \u00e0 Z \u00bb des opus est pour la formation for\u00e9zienne une grande fiert\u00e9. Cela permet de composer et d\u2019enregistrer en toute libert\u00e9, de faire ce \u00ab qu\u2019on aime vraiment, sans pression commerciale \u00bb t\u00e9moigne l\u2019un des membres du groupe.<\/p>\n<p>&nbsp;<\/p>\n<p><strong>Ostracisme m\u00e9diatique<\/strong><\/p>\n<p>&nbsp;<\/p>\n<p>L\u2019envergure du groupe est en perp\u00e9tuelle \u00e9volution. Par le succ\u00e8s des Cds et par le bouche \u00e0 oreille de leurs prestations sc\u00e9niques, la Dub Inc s\u2019impose comme un pilier du paysage reggae fran\u00e7ais. Le groupe joue \u00e0 guichet ferm\u00e9 dans les plus grandes salles hexagonales. Les Z\u00e9niths deviennent leurs quotidiens. Les programmateurs des plus grands festivals se penchent sur ce groupe qui attire les foules : Vieilles Charrues, Pal\u00e9o\u2026Le groupe ne se contente pas du territoire fran\u00e7ais : Dub Inc se produit dans toute l\u2019Europe, en Jama\u00efque et jusqu\u2019\u00e0 New-York. Cette r\u00e9ussite instaure un paradoxe. Comment une formation qui rencontre un tel succ\u00e8s artistique n\u2019est-elle jamais dans la lumi\u00e8re m\u00e9diatique ?<\/p>\n<p>&nbsp;<\/p>\n<p>\u00ab Zigo \u00bb, le batteur, pense que le groupe fait face \u00e0 un v\u00e9ritable \u00ab boycottage \u00bb de la part des m\u00e9dias. La formation semble partager une certaine frustration \u00e0 cet \u00e9gard. Mike, un des chanteurs du groupe Sins\u00e9milia, explique que tout musicien \u00e0 plaisir de passer \u00e0 la radio. Ne serais-ce que pour faire d\u00e9couvrir sa musique \u00e0 un maximum de monde.<\/p>\n<p>&nbsp;<\/p>\n<p>De nombreux journalistes, sp\u00e9cialis\u00e9s dans la presse musicale, pr\u00e9sents sur les grands festivals expliquent que leurs r\u00e9dacteurs en chefs privil\u00e9gient la couverture des groupes soutenus par des majors et poss\u00e9dant d\u00e9j\u00e0 une forte notori\u00e9t\u00e9, une reconnaissance en grande partie fabriqu\u00e9e par les plans marketings. Ainsi, de nombreux groupes, dont Dub Inc, passent inaper\u00e7us sur la sc\u00e8ne m\u00e9diatique alors qu\u2019ils font gonfler de fa\u00e7on exponentielle l\u2019affluence des festivals.<\/p>\n<p>&nbsp;<\/p>\n<p><strong>Ph\u00e9nom\u00e8ne social.<\/strong><\/p>\n<p>&nbsp;<\/p>\n<p>Loin de cette exclusion des plateaux TV, des ondes radios et de la presse g\u00e9n\u00e9raliste, Dub Inc a toujours \u00e9t\u00e9 port\u00e9 par ses fans. Les afficionados se reconnaissent dans les textes humains et engag\u00e9s qui traitent des probl\u00e8mes conjoncturels, aussi bien \u00e9conomiques, politiques que sociaux. Ces paroles conscientes trouvent un \u00e9cho fort chez une population qui ressent les m\u00eames injustices et les m\u00eames probl\u00e9matiques. En somme, la Dub inc se mue en n\u00e9o-romantique reprenant le flambeau de h\u00e9ros pour proclamer tout haut ce qu\u2019une frange de la soci\u00e9t\u00e9 pense tout bas. Par ses affluences record et ses innombrables concerts jou\u00e9s \u00e0 guichets ferm\u00e9s, la Dub Inc appara\u00eet bien comme un ph\u00e9nom\u00e8ne social dont leur ind\u00e9pendance en est la garante.<\/p>\n<p>&nbsp;<\/p>\n<p>Une autonomie sans limites, une libert\u00e9 sans fronti\u00e8re dont la motivation profonde est celle de jouer et de partager leur musique, loin des contraintes mercantilistes impos\u00e9es pour les majors. Zigo r\u00e9sume l\u2019ind\u00e9pendance en un exemple :<em> \u00ab L ind\u00e9pendance, c\u2019est s\u2019amuser \u00e0 faire ce qu\u2019on veut, sans se fixer de limites. Si un type nous contacte pour venir jouer dans son bar au Vietnam, si on peut le faire, on le fait !\u00bb<\/em><\/p>\n<!-- AddThis Advanced Settings generic via filter on the_content --><!-- AddThis Share Buttons generic via filter on the_content -->","protected":false},"excerpt":{"rendered":"<p>Le Comoedia accueillait l\u2019avant-premi\u00e8re lyonnaise de \u00ab Rude Boy Story \u00bb, un documentaire retra\u00e7ant le parcours atypique du groupe de reggae fran\u00e7ais \u00ab Dub. Incorporation &hellip; <!-- AddThis Advanced Settings generic via filter on wp_trim_excerpt --><!-- AddThis Share Buttons generic via filter on wp_trim_excerpt --><\/p>\n","protected":false},"author":11,"featured_media":684,"comment_status":"open","ping_status":"open","sticky":false,"template":"","format":"standard","meta":{"_FSMCFIC_featured_image_caption":"","_FSMCFIC_featured_image_nocaption":"","_FSMCFIC_featured_image_hide":"","footnotes":""},"categories":[3],"tags":[247,246],"class_list":["post-683","post","type-post","status-publish","format-standard","has-post-thumbnail","hentry","category-culture","tag-dub-inc","tag-new-york"],"yoast_head":"<!-- This site is optimized with the Yoast SEO plugin v22.8 - https:\/\/yoast.com\/wordpress\/plugins\/seo\/ -->\n<title>De Saint-Etienne \u00e0 New-York : le chemin de l\u2019ind\u00e9pendance - Lyon Bondy Blog<\/title>\n<meta name=\"robots\" content=\"index, follow, max-snippet:-1, max-image-preview:large, max-video-preview:-1\" \/>\n<link rel=\"canonical\" href=\"https:\/\/lyonbondyblog.fr\/LBB\/de-saint-etienne-a-new-york-le-chemin-de-lindependance\/\" \/>\n<meta property=\"og:locale\" content=\"fr_FR\" \/>\n<meta property=\"og:type\" content=\"article\" \/>\n<meta property=\"og:title\" content=\"De Saint-Etienne \u00e0 New-York : le chemin de l\u2019ind\u00e9pendance - Lyon Bondy Blog\" \/>\n<meta property=\"og:description\" content=\"Le Comoedia accueillait l\u2019avant-premi\u00e8re lyonnaise de \u00ab Rude Boy Story \u00bb, un documentaire retra\u00e7ant le parcours atypique du groupe de reggae fran\u00e7ais \u00ab Dub. Incorporation &hellip;\" \/>\n<meta property=\"og:url\" content=\"https:\/\/lyonbondyblog.fr\/LBB\/de-saint-etienne-a-new-york-le-chemin-de-lindependance\/\" \/>\n<meta property=\"og:site_name\" content=\"Lyon Bondy Blog\" \/>\n<meta property=\"article:publisher\" content=\"https:\/\/www.facebook.com\/lyonbondyblog\" \/>\n<meta property=\"article:published_time\" content=\"2012-06-11T12:42:10+00:00\" \/>\n<meta property=\"article:modified_time\" content=\"2013-07-18T13:12:25+00:00\" \/>\n<meta property=\"og:image\" content=\"https:\/\/lyonbondyblog.fr\/LBB\/wp-content\/uploads\/2013\/07\/Dub_Inc.jpg\" \/>\n\t<meta property=\"og:image:width\" content=\"600\" \/>\n\t<meta property=\"og:image:height\" content=\"300\" \/>\n\t<meta property=\"og:image:type\" content=\"image\/jpeg\" \/>\n<meta name=\"author\" content=\"Maxime Hanssen\" \/>\n<meta name=\"twitter:card\" content=\"summary_large_image\" \/>\n<meta name=\"twitter:creator\" content=\"@HanssenMaxime\" \/>\n<meta name=\"twitter:site\" content=\"@bondybloglyon\" \/>\n<script type=\"application\/ld+json\" class=\"yoast-schema-graph\">{\"@context\":\"https:\/\/schema.org\",\"@graph\":[{\"@type\":\"Article\",\"@id\":\"https:\/\/lyonbondyblog.fr\/LBB\/de-saint-etienne-a-new-york-le-chemin-de-lindependance\/#article\",\"isPartOf\":{\"@id\":\"https:\/\/lyonbondyblog.fr\/LBB\/de-saint-etienne-a-new-york-le-chemin-de-lindependance\/\"},\"author\":{\"name\":\"Maxime Hanssen\",\"@id\":\"https:\/\/lyonbondyblog.fr\/LBB\/#\/schema\/person\/cc7d2de10d3ff4c29231fcdd3dc720c8\"},\"headline\":\"De Saint-Etienne \u00e0 New-York : le chemin de l\u2019ind\u00e9pendance\",\"datePublished\":\"2012-06-11T12:42:10+00:00\",\"dateModified\":\"2013-07-18T13:12:25+00:00\",\"mainEntityOfPage\":{\"@id\":\"https:\/\/lyonbondyblog.fr\/LBB\/de-saint-etienne-a-new-york-le-chemin-de-lindependance\/\"},\"wordCount\":927,\"commentCount\":0,\"publisher\":{\"@id\":\"https:\/\/lyonbondyblog.fr\/LBB\/#organization\"},\"image\":{\"@id\":\"https:\/\/lyonbondyblog.fr\/LBB\/de-saint-etienne-a-new-york-le-chemin-de-lindependance\/#primaryimage\"},\"thumbnailUrl\":\"https:\/\/lyonbondyblog.fr\/LBB\/wp-content\/uploads\/2013\/07\/Dub_Inc.jpg\",\"keywords\":[\"Dub Inc\",\"New York\"],\"articleSection\":[\"Culture\"],\"inLanguage\":\"fr-FR\",\"potentialAction\":[{\"@type\":\"CommentAction\",\"name\":\"Comment\",\"target\":[\"https:\/\/lyonbondyblog.fr\/LBB\/de-saint-etienne-a-new-york-le-chemin-de-lindependance\/#respond\"]}]},{\"@type\":\"WebPage\",\"@id\":\"https:\/\/lyonbondyblog.fr\/LBB\/de-saint-etienne-a-new-york-le-chemin-de-lindependance\/\",\"url\":\"https:\/\/lyonbondyblog.fr\/LBB\/de-saint-etienne-a-new-york-le-chemin-de-lindependance\/\",\"name\":\"De Saint-Etienne \u00e0 New-York : le chemin de l\u2019ind\u00e9pendance - Lyon Bondy Blog\",\"isPartOf\":{\"@id\":\"https:\/\/lyonbondyblog.fr\/LBB\/#website\"},\"primaryImageOfPage\":{\"@id\":\"https:\/\/lyonbondyblog.fr\/LBB\/de-saint-etienne-a-new-york-le-chemin-de-lindependance\/#primaryimage\"},\"image\":{\"@id\":\"https:\/\/lyonbondyblog.fr\/LBB\/de-saint-etienne-a-new-york-le-chemin-de-lindependance\/#primaryimage\"},\"thumbnailUrl\":\"https:\/\/lyonbondyblog.fr\/LBB\/wp-content\/uploads\/2013\/07\/Dub_Inc.jpg\",\"datePublished\":\"2012-06-11T12:42:10+00:00\",\"dateModified\":\"2013-07-18T13:12:25+00:00\",\"inLanguage\":\"fr-FR\",\"potentialAction\":[{\"@type\":\"ReadAction\",\"target\":[\"https:\/\/lyonbondyblog.fr\/LBB\/de-saint-etienne-a-new-york-le-chemin-de-lindependance\/\"]}]},{\"@type\":\"ImageObject\",\"inLanguage\":\"fr-FR\",\"@id\":\"https:\/\/lyonbondyblog.fr\/LBB\/de-saint-etienne-a-new-york-le-chemin-de-lindependance\/#primaryimage\",\"url\":\"https:\/\/lyonbondyblog.fr\/LBB\/wp-content\/uploads\/2013\/07\/Dub_Inc.jpg\",\"contentUrl\":\"https:\/\/lyonbondyblog.fr\/LBB\/wp-content\/uploads\/2013\/07\/Dub_Inc.jpg\",\"width\":600,\"height\":300},{\"@type\":\"WebSite\",\"@id\":\"https:\/\/lyonbondyblog.fr\/LBB\/#website\",\"url\":\"https:\/\/lyonbondyblog.fr\/LBB\/\",\"name\":\"Lyon Bondy Blog\",\"description\":\"\",\"publisher\":{\"@id\":\"https:\/\/lyonbondyblog.fr\/LBB\/#organization\"},\"potentialAction\":[{\"@type\":\"SearchAction\",\"target\":{\"@type\":\"EntryPoint\",\"urlTemplate\":\"https:\/\/lyonbondyblog.fr\/LBB\/?s={search_term_string}\"},\"query-input\":\"required name=search_term_string\"}],\"inLanguage\":\"fr-FR\"},{\"@type\":\"Organization\",\"@id\":\"https:\/\/lyonbondyblog.fr\/LBB\/#organization\",\"name\":\"LYON BONDY BLOG\",\"url\":\"https:\/\/lyonbondyblog.fr\/LBB\/\",\"logo\":{\"@type\":\"ImageObject\",\"inLanguage\":\"fr-FR\",\"@id\":\"https:\/\/lyonbondyblog.fr\/LBB\/#\/schema\/logo\/image\/\",\"url\":\"http:\/\/lyonbondyblog.fr\/LBB\/wp-content\/uploads\/2014\/10\/logo-portable-144.png\",\"contentUrl\":\"http:\/\/lyonbondyblog.fr\/LBB\/wp-content\/uploads\/2014\/10\/logo-portable-144.png\",\"width\":144,\"height\":123,\"caption\":\"LYON BONDY BLOG\"},\"image\":{\"@id\":\"https:\/\/lyonbondyblog.fr\/LBB\/#\/schema\/logo\/image\/\"},\"sameAs\":[\"https:\/\/www.facebook.com\/lyonbondyblog\",\"https:\/\/x.com\/bondybloglyon\"]},{\"@type\":\"Person\",\"@id\":\"https:\/\/lyonbondyblog.fr\/LBB\/#\/schema\/person\/cc7d2de10d3ff4c29231fcdd3dc720c8\",\"name\":\"Maxime Hanssen\",\"description\":\"Ex Service civique au #LBB. Dipl\u00f4m\u00e9 d'une ma\u00eetrise d'Histoire apr\u00e8s un m\u00e9moire de recherche sur l'histoire politique de la Hongrie. Journaliste \u00e0 Acteurs de l'\u00e9conomie - La Tribune. En formation professionnelle \u00e0 l'ESJ Lille Pro. Contributeur \u00e9ternel au LBB et citoyen europ\u00e9en.\",\"sameAs\":[\"https:\/\/x.com\/HanssenMaxime\"],\"url\":\"https:\/\/lyonbondyblog.fr\/LBB\/author\/maxime\/\"}]}<\/script>\n<!-- \/ Yoast SEO plugin. -->","yoast_head_json":{"title":"De Saint-Etienne \u00e0 New-York : le chemin de l\u2019ind\u00e9pendance - Lyon Bondy Blog","robots":{"index":"index","follow":"follow","max-snippet":"max-snippet:-1","max-image-preview":"max-image-preview:large","max-video-preview":"max-video-preview:-1"},"canonical":"https:\/\/lyonbondyblog.fr\/LBB\/de-saint-etienne-a-new-york-le-chemin-de-lindependance\/","og_locale":"fr_FR","og_type":"article","og_title":"De Saint-Etienne \u00e0 New-York : le chemin de l\u2019ind\u00e9pendance - Lyon Bondy Blog","og_description":"Le Comoedia accueillait l\u2019avant-premi\u00e8re lyonnaise de \u00ab Rude Boy Story \u00bb, un documentaire retra\u00e7ant le parcours atypique du groupe de reggae fran\u00e7ais \u00ab Dub. Incorporation &hellip;","og_url":"https:\/\/lyonbondyblog.fr\/LBB\/de-saint-etienne-a-new-york-le-chemin-de-lindependance\/","og_site_name":"Lyon Bondy Blog","article_publisher":"https:\/\/www.facebook.com\/lyonbondyblog","article_published_time":"2012-06-11T12:42:10+00:00","article_modified_time":"2013-07-18T13:12:25+00:00","og_image":[{"width":600,"height":300,"url":"https:\/\/lyonbondyblog.fr\/LBB\/wp-content\/uploads\/2013\/07\/Dub_Inc.jpg","type":"image\/jpeg"}],"author":"Maxime Hanssen","twitter_card":"summary_large_image","twitter_creator":"@HanssenMaxime","twitter_site":"@bondybloglyon","schema":{"@context":"https:\/\/schema.org","@graph":[{"@type":"Article","@id":"https:\/\/lyonbondyblog.fr\/LBB\/de-saint-etienne-a-new-york-le-chemin-de-lindependance\/#article","isPartOf":{"@id":"https:\/\/lyonbondyblog.fr\/LBB\/de-saint-etienne-a-new-york-le-chemin-de-lindependance\/"},"author":{"name":"Maxime Hanssen","@id":"https:\/\/lyonbondyblog.fr\/LBB\/#\/schema\/person\/cc7d2de10d3ff4c29231fcdd3dc720c8"},"headline":"De Saint-Etienne \u00e0 New-York : le chemin de l\u2019ind\u00e9pendance","datePublished":"2012-06-11T12:42:10+00:00","dateModified":"2013-07-18T13:12:25+00:00","mainEntityOfPage":{"@id":"https:\/\/lyonbondyblog.fr\/LBB\/de-saint-etienne-a-new-york-le-chemin-de-lindependance\/"},"wordCount":927,"commentCount":0,"publisher":{"@id":"https:\/\/lyonbondyblog.fr\/LBB\/#organization"},"image":{"@id":"https:\/\/lyonbondyblog.fr\/LBB\/de-saint-etienne-a-new-york-le-chemin-de-lindependance\/#primaryimage"},"thumbnailUrl":"https:\/\/lyonbondyblog.fr\/LBB\/wp-content\/uploads\/2013\/07\/Dub_Inc.jpg","keywords":["Dub Inc","New York"],"articleSection":["Culture"],"inLanguage":"fr-FR","potentialAction":[{"@type":"CommentAction","name":"Comment","target":["https:\/\/lyonbondyblog.fr\/LBB\/de-saint-etienne-a-new-york-le-chemin-de-lindependance\/#respond"]}]},{"@type":"WebPage","@id":"https:\/\/lyonbondyblog.fr\/LBB\/de-saint-etienne-a-new-york-le-chemin-de-lindependance\/","url":"https:\/\/lyonbondyblog.fr\/LBB\/de-saint-etienne-a-new-york-le-chemin-de-lindependance\/","name":"De Saint-Etienne \u00e0 New-York : le chemin de l\u2019ind\u00e9pendance - Lyon Bondy Blog","isPartOf":{"@id":"https:\/\/lyonbondyblog.fr\/LBB\/#website"},"primaryImageOfPage":{"@id":"https:\/\/lyonbondyblog.fr\/LBB\/de-saint-etienne-a-new-york-le-chemin-de-lindependance\/#primaryimage"},"image":{"@id":"https:\/\/lyonbondyblog.fr\/LBB\/de-saint-etienne-a-new-york-le-chemin-de-lindependance\/#primaryimage"},"thumbnailUrl":"https:\/\/lyonbondyblog.fr\/LBB\/wp-content\/uploads\/2013\/07\/Dub_Inc.jpg","datePublished":"2012-06-11T12:42:10+00:00","dateModified":"2013-07-18T13:12:25+00:00","inLanguage":"fr-FR","potentialAction":[{"@type":"ReadAction","target":["https:\/\/lyonbondyblog.fr\/LBB\/de-saint-etienne-a-new-york-le-chemin-de-lindependance\/"]}]},{"@type":"ImageObject","inLanguage":"fr-FR","@id":"https:\/\/lyonbondyblog.fr\/LBB\/de-saint-etienne-a-new-york-le-chemin-de-lindependance\/#primaryimage","url":"https:\/\/lyonbondyblog.fr\/LBB\/wp-content\/uploads\/2013\/07\/Dub_Inc.jpg","contentUrl":"https:\/\/lyonbondyblog.fr\/LBB\/wp-content\/uploads\/2013\/07\/Dub_Inc.jpg","width":600,"height":300},{"@type":"WebSite","@id":"https:\/\/lyonbondyblog.fr\/LBB\/#website","url":"https:\/\/lyonbondyblog.fr\/LBB\/","name":"Lyon Bondy Blog","description":"","publisher":{"@id":"https:\/\/lyonbondyblog.fr\/LBB\/#organization"},"potentialAction":[{"@type":"SearchAction","target":{"@type":"EntryPoint","urlTemplate":"https:\/\/lyonbondyblog.fr\/LBB\/?s={search_term_string}"},"query-input":"required name=search_term_string"}],"inLanguage":"fr-FR"},{"@type":"Organization","@id":"https:\/\/lyonbondyblog.fr\/LBB\/#organization","name":"LYON BONDY BLOG","url":"https:\/\/lyonbondyblog.fr\/LBB\/","logo":{"@type":"ImageObject","inLanguage":"fr-FR","@id":"https:\/\/lyonbondyblog.fr\/LBB\/#\/schema\/logo\/image\/","url":"http:\/\/lyonbondyblog.fr\/LBB\/wp-content\/uploads\/2014\/10\/logo-portable-144.png","contentUrl":"http:\/\/lyonbondyblog.fr\/LBB\/wp-content\/uploads\/2014\/10\/logo-portable-144.png","width":144,"height":123,"caption":"LYON BONDY BLOG"},"image":{"@id":"https:\/\/lyonbondyblog.fr\/LBB\/#\/schema\/logo\/image\/"},"sameAs":["https:\/\/www.facebook.com\/lyonbondyblog","https:\/\/x.com\/bondybloglyon"]},{"@type":"Person","@id":"https:\/\/lyonbondyblog.fr\/LBB\/#\/schema\/person\/cc7d2de10d3ff4c29231fcdd3dc720c8","name":"Maxime Hanssen","description":"Ex Service civique au #LBB. Dipl\u00f4m\u00e9 d'une ma\u00eetrise d'Histoire apr\u00e8s un m\u00e9moire de recherche sur l'histoire politique de la Hongrie. Journaliste \u00e0 Acteurs de l'\u00e9conomie - La Tribune. En formation professionnelle \u00e0 l'ESJ Lille Pro. Contributeur \u00e9ternel au LBB et citoyen europ\u00e9en.","sameAs":["https:\/\/x.com\/HanssenMaxime"],"url":"https:\/\/lyonbondyblog.fr\/LBB\/author\/maxime\/"}]}},"_links":{"self":[{"href":"https:\/\/lyonbondyblog.fr\/LBB\/wp-json\/wp\/v2\/posts\/683","targetHints":{"allow":["GET"]}}],"collection":[{"href":"https:\/\/lyonbondyblog.fr\/LBB\/wp-json\/wp\/v2\/posts"}],"about":[{"href":"https:\/\/lyonbondyblog.fr\/LBB\/wp-json\/wp\/v2\/types\/post"}],"author":[{"embeddable":true,"href":"https:\/\/lyonbondyblog.fr\/LBB\/wp-json\/wp\/v2\/users\/11"}],"replies":[{"embeddable":true,"href":"https:\/\/lyonbondyblog.fr\/LBB\/wp-json\/wp\/v2\/comments?post=683"}],"version-history":[{"count":0,"href":"https:\/\/lyonbondyblog.fr\/LBB\/wp-json\/wp\/v2\/posts\/683\/revisions"}],"wp:featuredmedia":[{"embeddable":true,"href":"https:\/\/lyonbondyblog.fr\/LBB\/wp-json\/wp\/v2\/media\/684"}],"wp:attachment":[{"href":"https:\/\/lyonbondyblog.fr\/LBB\/wp-json\/wp\/v2\/media?parent=683"}],"wp:term":[{"taxonomy":"category","embeddable":true,"href":"https:\/\/lyonbondyblog.fr\/LBB\/wp-json\/wp\/v2\/categories?post=683"},{"taxonomy":"post_tag","embeddable":true,"href":"https:\/\/lyonbondyblog.fr\/LBB\/wp-json\/wp\/v2\/tags?post=683"}],"curies":[{"name":"wp","href":"https:\/\/api.w.org\/{rel}","templated":true}]}}