{"id":667,"date":"2013-03-04T13:52:32","date_gmt":"2013-03-04T12:52:32","guid":{"rendered":"http:\/\/lyonbondyblog.fr\/LBB\/?p=667"},"modified":"2013-07-18T14:00:08","modified_gmt":"2013-07-18T12:00:08","slug":"la-bande-dessinee-historique-une-aventure-artistique","status":"publish","type":"post","link":"https:\/\/lyonbondyblog.fr\/LBB\/la-bande-dessinee-historique-une-aventure-artistique\/","title":{"rendered":"La bande dessin\u00e9e historique : une aventure artistique"},"content":{"rendered":"<p><strong>\u00c9crire l\u2019Histoire en bulles\u2026 Lors d\u2019une conf\u00e9rence organis\u00e9e \u00e0 la biblioth\u00e8que de la Part Dieu le mardi 12 f\u00e9vrier 2013, l\u2019historien Pascal Ory est revenu la valeur historique de certaines BD, en compagnie des illustrateurs-sc\u00e9naristes Maximilien Leroy et Emmanuel Moynot.<\/strong><\/p>\n<p><a href=\"https:\/\/lyonbondyblog.fr\/LBB\/wp-content\/uploads\/2013\/07\/bd-historique_goldman_1.jpg\"><img loading=\"lazy\" decoding=\"async\" width=\"400\" height=\"314\" class=\"aligncenter size-full wp-image-668\" alt=\"bd historique_goldman_1\" src=\"https:\/\/lyonbondyblog.fr\/LBB\/wp-content\/uploads\/2013\/07\/bd-historique_goldman_1.jpg\" srcset=\"https:\/\/lyonbondyblog.fr\/LBB\/wp-content\/uploads\/2013\/07\/bd-historique_goldman_1.jpg 400w, https:\/\/lyonbondyblog.fr\/LBB\/wp-content\/uploads\/2013\/07\/bd-historique_goldman_1-300x235.jpg 300w\" sizes=\"auto, (max-width: 400px) 100vw, 400px\" \/><\/a><\/p>\n<p>\u00ab <em>La bande<\/em> <em>dessin\u00e9e est devenue un art majeur depuis environ une g\u00e9n\u00e9ration<\/em> \u00bb\u00a0 \u00bb \u00bbselon <a href=\"http:\/\/www.librairiedialogues.fr\/personne\/pascal-ory\/79427\/\">Pascal Ory, historien<\/a>. Auparavant le genre se destinait principalement \u00e0 un public jeune. Certaines BD avaient pour vocation d&rsquo;int\u00e9resser et d&rsquo;\u00e9duquer les enfants. Le journal de Spirou imagin\u00e9 en 1938 par Jean Dupuis, catholique pratiquant, en est un exemple. Aujourd&rsquo;hui, la jeunesse n&rsquo;est plus la seule concern\u00e9e par ce m\u00e9dia, toutes les g\u00e9n\u00e9rations lisent des bandes dessin\u00e9es, qu\u2019elles soient satiriques, humoristiques mais aussi historiques&#8230;<\/p>\n<p><strong>Un travail d\u2019enqu\u00eate?<\/strong><\/p>\n<p>\u00ab <em> Entre le journaliste, l&rsquo;historien, le sociologue, l&rsquo;ethnologue et m\u00eame le policier, il y a quand m\u00eame des cousinages. Pour toutes ces professions, il s&rsquo;agit d&rsquo;un travail d&rsquo;observation et d&rsquo;enqu\u00eate<\/em> \u00bb rappelle Pascal Ory.<br \/>\nLe travail d&rsquo;enqu\u00eate constitue donc la base essentielle du travail du b\u00e9d\u00e9aste au m\u00eame titre qu&rsquo;un documentariste ou un cin\u00e9aste. <a href=\"http:\/\/maximilienleroy.fr\/\">Maximilien Le Roy, sc\u00e9nariste et dessinateur de BD <\/a>nuance la conception de son travail: \u00ab <em>je ne suis pas historien. Si je m&rsquo;appuie sur leurs travaux et qu&rsquo;ils sont primordiaux dans mes recherches, ils ont d\u00e9j\u00e0 tout fait, moi je lis<\/em>. \u00bb Quand \u00e0 <a href=\"http:\/\/%20http:\/\/www.bedetheque.com\/auteur-276-BD-Moynot-Emmanuel.html\">Emmanuel Moynot, illustrateur de BD<\/a>, il consid\u00e8re que le b\u00e9d\u00e9aste \u00ab<em> peut tout faire, du moment qu&rsquo;il ne leurre pas le lecteur<\/em> \u00bb.<br \/>\nPouvoir tout faire, c&rsquo;est ce qui permet au cr\u00e9ateur de BD de se d\u00e9tacher de l&rsquo;historien et d&rsquo;exprimer son talent artistique \u00e0 travers un processus de cr\u00e9ation.<\/p>\n<p><strong>Une<\/strong> <strong>cr\u00e9ation enti\u00e8rement libre<\/strong><\/p>\n<p>La fa\u00e7on de travailler varie d&rsquo;un auteur \u00e0 l&rsquo;autre ; tout comme le choix des graphismes, de l\u2019enqu\u00eate et des personnages, qu\u2019ils soient r\u00e9els ou fictifs. Pour sa derni\u00e8re parution <a href=\"http:\/\/%20http:\/\/blogs.mediapart.fr\/edition\/comic-strip\/article\/200212\/dans-la-nuit-la-liberte-nous-ecoute\">Dans la nuit, la libert\u00e9 nous \u00e9coute<\/a>, Maximilien Le Roy s&rsquo;est rendu au Vietnam pour rencontrer les personnes ayant crois\u00e9 le chemin de son personnage principal. Celui-ci, Albert Clavier, est d\u2019ailleurs encore vivant aujourd\u2019hui. Auparavant il s&rsquo;est beaucoup document\u00e9 sur l&rsquo;histoire coloniale de la France, puisque le r\u00e9cit se d\u00e9roule \u00e0 l&rsquo;\u00e9poque de la guerre d&rsquo;Indochine. Les entretiens avec cet ancien soldat, h\u00e9ros de ce livre, constitue aussi une grande part du travail. Quant au graphisme, il l&rsquo;adapte au texte : \u00ab<em> c&rsquo;est en me rendant sur place que je d\u00e9cide de comment je vais m&rsquo;exprimer et mettre en couleur <\/em>\u00bb. Pour Emmanuel Moynot, lorsqu&rsquo;une id\u00e9e d&rsquo;histoire lui vient, elle na\u00eet d\u2019une envie \u00e9go\u00efste. C\u2019est le cas pour <a href=\"http:\/\/www.bedetheque.com\/serie-29370-BD-Pierre-Goldman-la-vie-d-un-autre.html\">Pierre Goldman, la vie d\u2019un autre<\/a>, son dernier ouvrage: \u00ab <em>C&rsquo;est au d\u00e9part le myst\u00e8re qui m&rsquo;a attir\u00e9, je voulais comprendre le personnage de Pierre Goldman<\/em> \u00bb.<\/p>\n<p><strong>Entre<\/strong> <strong>histoire et fiction : un genre ambivalent<\/strong><\/p>\n<p>Certains auteurs int\u00e8grent des documents historiques au sein de leurs ouvrages. \u00ab <em>Ce n&rsquo;est pas pour cr\u00e9dibiliser le propos mais pour faire connaitre les textes<\/em>\u00bb, pr\u00e9cise Maximilien Le Roy. Pour Pascal Ory,\u00a0 \u00ab <em>La valeur historique de ces BD pose les m\u00eames questions qu\u2019au cin\u00e9ma. On passe d\u2019\u0153uvre tr\u00e8s document\u00e9es \u00e0 d\u2019autres plus fictionnelles.<\/em>\u00bb<br \/>\n\u00ab <em>Les questions du genre et du r\u00f4le de la bande-dessin\u00e9e sont les pr\u00e9occupations des journalistes<\/em> \u00bb explique Maximilien Le Roy. Il ajoute : \u00ab <em>quand on cr\u00e9e, on ne se pose pas la question de la cat\u00e9gorie dans laquelle on va rentrer. [\u2026] Si c&rsquo;\u00e9tait le cas, \u00e7a enl\u00e8verait une bonne partie de la cr\u00e9ativit\u00e9. Les journalistes cherchent toujours \u00e0 faire entrer notre travail dans des cat\u00e9gories et souvent lorsqu&rsquo;on lit des critiques, ils donnent des interpr\u00e9tations auxquelles on n&rsquo;a jamais pens\u00e9. C&rsquo;est assez dr\u00f4le.<\/em> \u00bb<br \/>\nSi pour ces auteurs, la BD historique n&rsquo;entre pas dans un sous genre, n&rsquo;a pas non plus pour fonction premi\u00e8re d&rsquo;\u00e9duquer, il est incontestable \u00ab <em>que la BD peut influencer l&rsquo;inconscient, <\/em>comme le rappelle Pascal Ory,<em> puisque tout ce qui est production culturelle forme une \u00e9poque.<\/em>\u00bb<\/p>\n<!-- AddThis Advanced Settings generic via filter on the_content --><!-- AddThis Share Buttons generic via filter on the_content -->","protected":false},"excerpt":{"rendered":"<p>\u00c9crire l\u2019Histoire en bulles\u2026 Lors d\u2019une conf\u00e9rence organis\u00e9e \u00e0 la biblioth\u00e8que de la Part Dieu le mardi 12 f\u00e9vrier 2013, l\u2019historien Pascal Ory est revenu &hellip; <!-- AddThis Advanced Settings generic via filter on wp_trim_excerpt --><!-- AddThis Share Buttons generic via filter on wp_trim_excerpt --><\/p>\n","protected":false},"author":17,"featured_media":669,"comment_status":"open","ping_status":"open","sticky":false,"template":"","format":"standard","meta":{"_FSMCFIC_featured_image_caption":"","_FSMCFIC_featured_image_nocaption":"","_FSMCFIC_featured_image_hide":"","footnotes":""},"categories":[3,4],"tags":[240,238,241,237,239],"class_list":["post-667","post","type-post","status-publish","format-standard","has-post-thumbnail","hentry","category-culture","category-lyon","tag-bande-dessinee","tag-emmanuel-moynot","tag-histoire","tag-maximilien-leroy","tag-pascal-ory"],"yoast_head":"<!-- This site is optimized with the Yoast SEO plugin v22.8 - https:\/\/yoast.com\/wordpress\/plugins\/seo\/ -->\n<title>La bande dessin\u00e9e historique : une aventure artistique - Lyon Bondy Blog<\/title>\n<meta name=\"robots\" content=\"index, follow, max-snippet:-1, max-image-preview:large, max-video-preview:-1\" \/>\n<link rel=\"canonical\" href=\"https:\/\/lyonbondyblog.fr\/LBB\/la-bande-dessinee-historique-une-aventure-artistique\/\" \/>\n<meta property=\"og:locale\" content=\"fr_FR\" \/>\n<meta property=\"og:type\" content=\"article\" \/>\n<meta property=\"og:title\" content=\"La bande dessin\u00e9e historique : une aventure artistique - Lyon Bondy Blog\" \/>\n<meta property=\"og:description\" content=\"\u00c9crire l\u2019Histoire en bulles\u2026 Lors d\u2019une conf\u00e9rence organis\u00e9e \u00e0 la biblioth\u00e8que de la Part Dieu le mardi 12 f\u00e9vrier 2013, l\u2019historien Pascal Ory est revenu &hellip;\" \/>\n<meta property=\"og:url\" content=\"https:\/\/lyonbondyblog.fr\/LBB\/la-bande-dessinee-historique-une-aventure-artistique\/\" \/>\n<meta property=\"og:site_name\" content=\"Lyon Bondy Blog\" \/>\n<meta property=\"article:publisher\" content=\"https:\/\/www.facebook.com\/lyonbondyblog\" \/>\n<meta property=\"article:published_time\" content=\"2013-03-04T12:52:32+00:00\" \/>\n<meta property=\"article:modified_time\" content=\"2013-07-18T12:00:08+00:00\" \/>\n<meta property=\"og:image\" content=\"https:\/\/lyonbondyblog.fr\/LBB\/wp-content\/uploads\/2013\/07\/bd-historique_goldman_banni\u00e8re.jpg\" \/>\n\t<meta property=\"og:image:width\" content=\"380\" \/>\n\t<meta property=\"og:image:height\" content=\"189\" \/>\n\t<meta property=\"og:image:type\" content=\"image\/jpeg\" \/>\n<meta name=\"author\" content=\"Elsa Laniesse\" \/>\n<meta name=\"twitter:card\" content=\"summary_large_image\" \/>\n<meta name=\"twitter:creator\" content=\"@bondybloglyon\" \/>\n<meta name=\"twitter:site\" content=\"@bondybloglyon\" \/>\n<script type=\"application\/ld+json\" class=\"yoast-schema-graph\">{\"@context\":\"https:\/\/schema.org\",\"@graph\":[{\"@type\":\"Article\",\"@id\":\"https:\/\/lyonbondyblog.fr\/LBB\/la-bande-dessinee-historique-une-aventure-artistique\/#article\",\"isPartOf\":{\"@id\":\"https:\/\/lyonbondyblog.fr\/LBB\/la-bande-dessinee-historique-une-aventure-artistique\/\"},\"author\":{\"name\":\"Elsa Laniesse\",\"@id\":\"https:\/\/lyonbondyblog.fr\/LBB\/#\/schema\/person\/fa54602a4231b430ed6b9892a791c5ac\"},\"headline\":\"La bande dessin\u00e9e historique : une aventure artistique\",\"datePublished\":\"2013-03-04T12:52:32+00:00\",\"dateModified\":\"2013-07-18T12:00:08+00:00\",\"mainEntityOfPage\":{\"@id\":\"https:\/\/lyonbondyblog.fr\/LBB\/la-bande-dessinee-historique-une-aventure-artistique\/\"},\"wordCount\":700,\"commentCount\":0,\"publisher\":{\"@id\":\"https:\/\/lyonbondyblog.fr\/LBB\/#organization\"},\"image\":{\"@id\":\"https:\/\/lyonbondyblog.fr\/LBB\/la-bande-dessinee-historique-une-aventure-artistique\/#primaryimage\"},\"thumbnailUrl\":\"https:\/\/lyonbondyblog.fr\/LBB\/wp-content\/uploads\/2013\/07\/bd-historique_goldman_banni\u00e8re.jpg\",\"keywords\":[\"bande dessin\u00e9e\",\"Emmanuel Moynot\",\"histoire\",\"Maximilien Leroy\",\"Pascal Ory\"],\"articleSection\":[\"Culture\",\"Lyon\"],\"inLanguage\":\"fr-FR\",\"potentialAction\":[{\"@type\":\"CommentAction\",\"name\":\"Comment\",\"target\":[\"https:\/\/lyonbondyblog.fr\/LBB\/la-bande-dessinee-historique-une-aventure-artistique\/#respond\"]}]},{\"@type\":\"WebPage\",\"@id\":\"https:\/\/lyonbondyblog.fr\/LBB\/la-bande-dessinee-historique-une-aventure-artistique\/\",\"url\":\"https:\/\/lyonbondyblog.fr\/LBB\/la-bande-dessinee-historique-une-aventure-artistique\/\",\"name\":\"La bande dessin\u00e9e historique : une aventure artistique - Lyon Bondy Blog\",\"isPartOf\":{\"@id\":\"https:\/\/lyonbondyblog.fr\/LBB\/#website\"},\"primaryImageOfPage\":{\"@id\":\"https:\/\/lyonbondyblog.fr\/LBB\/la-bande-dessinee-historique-une-aventure-artistique\/#primaryimage\"},\"image\":{\"@id\":\"https:\/\/lyonbondyblog.fr\/LBB\/la-bande-dessinee-historique-une-aventure-artistique\/#primaryimage\"},\"thumbnailUrl\":\"https:\/\/lyonbondyblog.fr\/LBB\/wp-content\/uploads\/2013\/07\/bd-historique_goldman_banni\u00e8re.jpg\",\"datePublished\":\"2013-03-04T12:52:32+00:00\",\"dateModified\":\"2013-07-18T12:00:08+00:00\",\"inLanguage\":\"fr-FR\",\"potentialAction\":[{\"@type\":\"ReadAction\",\"target\":[\"https:\/\/lyonbondyblog.fr\/LBB\/la-bande-dessinee-historique-une-aventure-artistique\/\"]}]},{\"@type\":\"ImageObject\",\"inLanguage\":\"fr-FR\",\"@id\":\"https:\/\/lyonbondyblog.fr\/LBB\/la-bande-dessinee-historique-une-aventure-artistique\/#primaryimage\",\"url\":\"https:\/\/lyonbondyblog.fr\/LBB\/wp-content\/uploads\/2013\/07\/bd-historique_goldman_banni\u00e8re.jpg\",\"contentUrl\":\"https:\/\/lyonbondyblog.fr\/LBB\/wp-content\/uploads\/2013\/07\/bd-historique_goldman_banni\u00e8re.jpg\",\"width\":380,\"height\":189},{\"@type\":\"WebSite\",\"@id\":\"https:\/\/lyonbondyblog.fr\/LBB\/#website\",\"url\":\"https:\/\/lyonbondyblog.fr\/LBB\/\",\"name\":\"Lyon Bondy Blog\",\"description\":\"\",\"publisher\":{\"@id\":\"https:\/\/lyonbondyblog.fr\/LBB\/#organization\"},\"potentialAction\":[{\"@type\":\"SearchAction\",\"target\":{\"@type\":\"EntryPoint\",\"urlTemplate\":\"https:\/\/lyonbondyblog.fr\/LBB\/?s={search_term_string}\"},\"query-input\":\"required name=search_term_string\"}],\"inLanguage\":\"fr-FR\"},{\"@type\":\"Organization\",\"@id\":\"https:\/\/lyonbondyblog.fr\/LBB\/#organization\",\"name\":\"LYON BONDY BLOG\",\"url\":\"https:\/\/lyonbondyblog.fr\/LBB\/\",\"logo\":{\"@type\":\"ImageObject\",\"inLanguage\":\"fr-FR\",\"@id\":\"https:\/\/lyonbondyblog.fr\/LBB\/#\/schema\/logo\/image\/\",\"url\":\"http:\/\/lyonbondyblog.fr\/LBB\/wp-content\/uploads\/2014\/10\/logo-portable-144.png\",\"contentUrl\":\"http:\/\/lyonbondyblog.fr\/LBB\/wp-content\/uploads\/2014\/10\/logo-portable-144.png\",\"width\":144,\"height\":123,\"caption\":\"LYON BONDY BLOG\"},\"image\":{\"@id\":\"https:\/\/lyonbondyblog.fr\/LBB\/#\/schema\/logo\/image\/\"},\"sameAs\":[\"https:\/\/www.facebook.com\/lyonbondyblog\",\"https:\/\/x.com\/bondybloglyon\"]},{\"@type\":\"Person\",\"@id\":\"https:\/\/lyonbondyblog.fr\/LBB\/#\/schema\/person\/fa54602a4231b430ed6b9892a791c5ac\",\"name\":\"Elsa Laniesse\",\"url\":\"https:\/\/lyonbondyblog.fr\/LBB\/author\/elsa\/\"}]}<\/script>\n<!-- \/ Yoast SEO plugin. -->","yoast_head_json":{"title":"La bande dessin\u00e9e historique : une aventure artistique - Lyon Bondy Blog","robots":{"index":"index","follow":"follow","max-snippet":"max-snippet:-1","max-image-preview":"max-image-preview:large","max-video-preview":"max-video-preview:-1"},"canonical":"https:\/\/lyonbondyblog.fr\/LBB\/la-bande-dessinee-historique-une-aventure-artistique\/","og_locale":"fr_FR","og_type":"article","og_title":"La bande dessin\u00e9e historique : une aventure artistique - Lyon Bondy Blog","og_description":"\u00c9crire l\u2019Histoire en bulles\u2026 Lors d\u2019une conf\u00e9rence organis\u00e9e \u00e0 la biblioth\u00e8que de la Part Dieu le mardi 12 f\u00e9vrier 2013, l\u2019historien Pascal Ory est revenu &hellip;","og_url":"https:\/\/lyonbondyblog.fr\/LBB\/la-bande-dessinee-historique-une-aventure-artistique\/","og_site_name":"Lyon Bondy Blog","article_publisher":"https:\/\/www.facebook.com\/lyonbondyblog","article_published_time":"2013-03-04T12:52:32+00:00","article_modified_time":"2013-07-18T12:00:08+00:00","og_image":[{"width":380,"height":189,"url":"https:\/\/lyonbondyblog.fr\/LBB\/wp-content\/uploads\/2013\/07\/bd-historique_goldman_banni\u00e8re.jpg","type":"image\/jpeg"}],"author":"Elsa Laniesse","twitter_card":"summary_large_image","twitter_creator":"@bondybloglyon","twitter_site":"@bondybloglyon","schema":{"@context":"https:\/\/schema.org","@graph":[{"@type":"Article","@id":"https:\/\/lyonbondyblog.fr\/LBB\/la-bande-dessinee-historique-une-aventure-artistique\/#article","isPartOf":{"@id":"https:\/\/lyonbondyblog.fr\/LBB\/la-bande-dessinee-historique-une-aventure-artistique\/"},"author":{"name":"Elsa Laniesse","@id":"https:\/\/lyonbondyblog.fr\/LBB\/#\/schema\/person\/fa54602a4231b430ed6b9892a791c5ac"},"headline":"La bande dessin\u00e9e historique : une aventure artistique","datePublished":"2013-03-04T12:52:32+00:00","dateModified":"2013-07-18T12:00:08+00:00","mainEntityOfPage":{"@id":"https:\/\/lyonbondyblog.fr\/LBB\/la-bande-dessinee-historique-une-aventure-artistique\/"},"wordCount":700,"commentCount":0,"publisher":{"@id":"https:\/\/lyonbondyblog.fr\/LBB\/#organization"},"image":{"@id":"https:\/\/lyonbondyblog.fr\/LBB\/la-bande-dessinee-historique-une-aventure-artistique\/#primaryimage"},"thumbnailUrl":"https:\/\/lyonbondyblog.fr\/LBB\/wp-content\/uploads\/2013\/07\/bd-historique_goldman_banni\u00e8re.jpg","keywords":["bande dessin\u00e9e","Emmanuel Moynot","histoire","Maximilien Leroy","Pascal Ory"],"articleSection":["Culture","Lyon"],"inLanguage":"fr-FR","potentialAction":[{"@type":"CommentAction","name":"Comment","target":["https:\/\/lyonbondyblog.fr\/LBB\/la-bande-dessinee-historique-une-aventure-artistique\/#respond"]}]},{"@type":"WebPage","@id":"https:\/\/lyonbondyblog.fr\/LBB\/la-bande-dessinee-historique-une-aventure-artistique\/","url":"https:\/\/lyonbondyblog.fr\/LBB\/la-bande-dessinee-historique-une-aventure-artistique\/","name":"La bande dessin\u00e9e historique : une aventure artistique - Lyon Bondy Blog","isPartOf":{"@id":"https:\/\/lyonbondyblog.fr\/LBB\/#website"},"primaryImageOfPage":{"@id":"https:\/\/lyonbondyblog.fr\/LBB\/la-bande-dessinee-historique-une-aventure-artistique\/#primaryimage"},"image":{"@id":"https:\/\/lyonbondyblog.fr\/LBB\/la-bande-dessinee-historique-une-aventure-artistique\/#primaryimage"},"thumbnailUrl":"https:\/\/lyonbondyblog.fr\/LBB\/wp-content\/uploads\/2013\/07\/bd-historique_goldman_banni\u00e8re.jpg","datePublished":"2013-03-04T12:52:32+00:00","dateModified":"2013-07-18T12:00:08+00:00","inLanguage":"fr-FR","potentialAction":[{"@type":"ReadAction","target":["https:\/\/lyonbondyblog.fr\/LBB\/la-bande-dessinee-historique-une-aventure-artistique\/"]}]},{"@type":"ImageObject","inLanguage":"fr-FR","@id":"https:\/\/lyonbondyblog.fr\/LBB\/la-bande-dessinee-historique-une-aventure-artistique\/#primaryimage","url":"https:\/\/lyonbondyblog.fr\/LBB\/wp-content\/uploads\/2013\/07\/bd-historique_goldman_banni\u00e8re.jpg","contentUrl":"https:\/\/lyonbondyblog.fr\/LBB\/wp-content\/uploads\/2013\/07\/bd-historique_goldman_banni\u00e8re.jpg","width":380,"height":189},{"@type":"WebSite","@id":"https:\/\/lyonbondyblog.fr\/LBB\/#website","url":"https:\/\/lyonbondyblog.fr\/LBB\/","name":"Lyon Bondy Blog","description":"","publisher":{"@id":"https:\/\/lyonbondyblog.fr\/LBB\/#organization"},"potentialAction":[{"@type":"SearchAction","target":{"@type":"EntryPoint","urlTemplate":"https:\/\/lyonbondyblog.fr\/LBB\/?s={search_term_string}"},"query-input":"required name=search_term_string"}],"inLanguage":"fr-FR"},{"@type":"Organization","@id":"https:\/\/lyonbondyblog.fr\/LBB\/#organization","name":"LYON BONDY BLOG","url":"https:\/\/lyonbondyblog.fr\/LBB\/","logo":{"@type":"ImageObject","inLanguage":"fr-FR","@id":"https:\/\/lyonbondyblog.fr\/LBB\/#\/schema\/logo\/image\/","url":"http:\/\/lyonbondyblog.fr\/LBB\/wp-content\/uploads\/2014\/10\/logo-portable-144.png","contentUrl":"http:\/\/lyonbondyblog.fr\/LBB\/wp-content\/uploads\/2014\/10\/logo-portable-144.png","width":144,"height":123,"caption":"LYON BONDY BLOG"},"image":{"@id":"https:\/\/lyonbondyblog.fr\/LBB\/#\/schema\/logo\/image\/"},"sameAs":["https:\/\/www.facebook.com\/lyonbondyblog","https:\/\/x.com\/bondybloglyon"]},{"@type":"Person","@id":"https:\/\/lyonbondyblog.fr\/LBB\/#\/schema\/person\/fa54602a4231b430ed6b9892a791c5ac","name":"Elsa Laniesse","url":"https:\/\/lyonbondyblog.fr\/LBB\/author\/elsa\/"}]}},"_links":{"self":[{"href":"https:\/\/lyonbondyblog.fr\/LBB\/wp-json\/wp\/v2\/posts\/667","targetHints":{"allow":["GET"]}}],"collection":[{"href":"https:\/\/lyonbondyblog.fr\/LBB\/wp-json\/wp\/v2\/posts"}],"about":[{"href":"https:\/\/lyonbondyblog.fr\/LBB\/wp-json\/wp\/v2\/types\/post"}],"author":[{"embeddable":true,"href":"https:\/\/lyonbondyblog.fr\/LBB\/wp-json\/wp\/v2\/users\/17"}],"replies":[{"embeddable":true,"href":"https:\/\/lyonbondyblog.fr\/LBB\/wp-json\/wp\/v2\/comments?post=667"}],"version-history":[{"count":0,"href":"https:\/\/lyonbondyblog.fr\/LBB\/wp-json\/wp\/v2\/posts\/667\/revisions"}],"wp:featuredmedia":[{"embeddable":true,"href":"https:\/\/lyonbondyblog.fr\/LBB\/wp-json\/wp\/v2\/media\/669"}],"wp:attachment":[{"href":"https:\/\/lyonbondyblog.fr\/LBB\/wp-json\/wp\/v2\/media?parent=667"}],"wp:term":[{"taxonomy":"category","embeddable":true,"href":"https:\/\/lyonbondyblog.fr\/LBB\/wp-json\/wp\/v2\/categories?post=667"},{"taxonomy":"post_tag","embeddable":true,"href":"https:\/\/lyonbondyblog.fr\/LBB\/wp-json\/wp\/v2\/tags?post=667"}],"curies":[{"name":"wp","href":"https:\/\/api.w.org\/{rel}","templated":true}]}}