{"id":6552,"date":"2014-05-02T18:30:59","date_gmt":"2014-05-02T16:30:59","guid":{"rendered":"http:\/\/lyonbondyblog.fr\/LBB\/?p=6552"},"modified":"2014-05-16T19:01:02","modified_gmt":"2014-05-16T17:01:02","slug":"double-culture-au-feminin-debats-distinctions-les-femmes-marocaines-region","status":"publish","type":"post","link":"https:\/\/lyonbondyblog.fr\/LBB\/double-culture-au-feminin-debats-distinctions-les-femmes-marocaines-region\/","title":{"rendered":"\u00ab Double culture au f\u00e9minin \u00bb : D\u00e9bats et distinctions pour les femmes marocaines de la R\u00e9gion"},"content":{"rendered":"<p><strong>Le consulat du Maroc organisait le samedi 26 avril 2014, l\u2019\u00e9v\u00e8nement \u00ab\u00a0Double culture au f\u00e9minin, entreprendre ici et ailleurs\u00a0: d\u00e9fis et \u00e9changes\u00a0\u00bb.<\/strong><\/p>\n<p><img loading=\"lazy\" decoding=\"async\" width=\"600\" height=\"400\" class=\"aligncenter size-full wp-image-6556\" src=\"https:\/\/lyonbondyblog.fr\/LBB\/wp-content\/uploads\/2014\/05\/Num\u00e9riser-2.jpg\" alt=\"Num\u00e9riser 2\" srcset=\"https:\/\/lyonbondyblog.fr\/LBB\/wp-content\/uploads\/2014\/05\/Num\u00e9riser-2.jpg 600w, https:\/\/lyonbondyblog.fr\/LBB\/wp-content\/uploads\/2014\/05\/Num\u00e9riser-2-300x200.jpg 300w\" sizes=\"auto, (max-width: 600px) 100vw, 600px\" \/><\/p>\n<p>Ce projet est organis\u00e9 par Latifa Jbabdi, d\u00e9put\u00e9e du Maroc, sous le haut patronn\u00e2t de Sa Majest\u00e9 le roi du Maroc Mohamed VI\u00a0: \u00ab\u00a0Renforcer les capacit\u00e9s d\u2019int\u00e9gration, d\u2019interaction et d\u2019implications des femmes marocaines immigr\u00e9es en France par le biais d\u2019une information de qualit\u00e9, d\u2019un accompagnement effectif et efficace.\u00a0\u00bb<\/p>\n<p>Madame Le Consul du Maroc (Chafika El Habti) explique la soir\u00e9e.<\/p>\n<p><iframe loading=\"lazy\" src=\"\/\/www.mixcloud.com\/widget\/iframe\/?feed=http%3A%2F%2Fwww.mixcloud.com%2FLyonbondyblog%2Fitw-chafika-el-habti%2F&amp;mini=1&amp;embed_uuid=6d5d7c19-5d02-4319-b229-d26082e8e34c&amp;replace=0&amp;hide_cover=1&amp;stylecolor=4f2a73&amp;embed_type=widget_standard&amp;hide_tracklist=1\" width=\"660\" height=\"60\" frameborder=\"0\"><\/iframe><\/p>\n<p><img loading=\"lazy\" decoding=\"async\" width=\"600\" height=\"400\" class=\"aligncenter size-full wp-image-6558\" src=\"https:\/\/lyonbondyblog.fr\/LBB\/wp-content\/uploads\/2014\/05\/2DSC07776.jpg\" alt=\"2DSC07776\" srcset=\"https:\/\/lyonbondyblog.fr\/LBB\/wp-content\/uploads\/2014\/05\/2DSC07776.jpg 600w, https:\/\/lyonbondyblog.fr\/LBB\/wp-content\/uploads\/2014\/05\/2DSC07776-300x200.jpg 300w\" sizes=\"auto, (max-width: 600px) 100vw, 600px\" \/><\/p>\n<div style=\"clear: both; height: 3px; width: 652px;\"><\/div>\n<p style=\"display: block; font-size: 11px; font-family: 'Open Sans',Helvetica,Arial,sans-serif; margin: 0px; padding: 3px 4px; color: #999999; width: 652px;\"><a style=\"color: #4f2a73; font-weight: bold;\" href=\"http:\/\/www.mixcloud.com\/Lyonbondyblog\/itw-chafika-el-habti\/?utm_source=widget&amp;amp;utm_medium=web&amp;amp;utm_campaign=base_links&amp;amp;utm_term=resource_link\" target=\"_blank\">Itw chafika el habti<\/a> by <a style=\"color: #4f2a73; font-weight: bold;\" href=\"http:\/\/www.mixcloud.com\/Lyonbondyblog\/?utm_source=widget&amp;amp;utm_medium=web&amp;amp;utm_campaign=base_links&amp;amp;utm_term=profile_link\" target=\"_blank\">Lyonbondyblog<\/a> on <a style=\"color: #4f2a73; font-weight: bold;\" href=\"http:\/\/www.mixcloud.com\/?utm_source=widget&amp;utm_medium=web&amp;utm_campaign=base_links&amp;utm_term=homepage_link\" target=\"_blank\"> Mixcloud<\/a><\/p>\n<div style=\"clear: both; height: 3px; width: 652px;\"><\/div>\n<p>Le principe est de mettre en avant les femmes (sportives, politiques et civiles), r\u00e9compens\u00e9es par des troph\u00e9es (fibules) en fonction de leur investissement sur l\u2019ann\u00e9e civile.<\/p>\n<p>Malika Bazeggaa (humoriste) fibule coup de c\u0153ur<\/p>\n<p><iframe loading=\"lazy\" src=\"\/\/www.mixcloud.com\/widget\/iframe\/?feed=http%3A%2F%2Fwww.mixcloud.com%2FLyonbondyblog%2Fitw%2F&amp;mini=1&amp;embed_uuid=b848cd7d-bb6d-4adf-8ca3-9feb2ae6dc3a&amp;replace=0&amp;hide_cover=1&amp;stylecolor=4f2a73&amp;embed_type=widget_standard&amp;hide_tracklist=1\" width=\"660\" height=\"60\" frameborder=\"0\"><\/iframe><\/p>\n<div style=\"clear: both; height: 3px; width: 652px;\"><\/div>\n<p style=\"display: block; font-size: 11px; font-family: 'Open Sans', Helvetica, Arial, sans-serif; margin: 0px; padding: 3px 4px; color: #999999; width: 652px;\"><a style=\"color: #4f2a73; font-weight: bold;\" href=\"http:\/\/www.mixcloud.com\/Lyonbondyblog\/itw\/?utm_source=widget&amp;amp;utm_medium=web&amp;amp;utm_campaign=base_links&amp;amp;utm_term=resource_link\" target=\"_blank\">Itw<\/a> by <a style=\"color: #4f2a73; font-weight: bold;\" href=\"http:\/\/www.mixcloud.com\/Lyonbondyblog\/?utm_source=widget&amp;amp;utm_medium=web&amp;amp;utm_campaign=base_links&amp;amp;utm_term=profile_link\" target=\"_blank\">Lyonbondyblog<\/a> on <a style=\"color: #4f2a73; font-weight: bold;\" href=\"http:\/\/www.mixcloud.com\/?utm_source=widget&amp;utm_medium=web&amp;utm_campaign=base_links&amp;utm_term=homepage_link\" target=\"_blank\"> Mixcloud<\/a><\/p>\n<div style=\"clear: both; height: 3px; width: 652px;\"><\/div>\n<p><img loading=\"lazy\" decoding=\"async\" width=\"300\" height=\"200\" class=\"alignleft size-medium wp-image-6557\" src=\"https:\/\/lyonbondyblog.fr\/LBB\/wp-content\/uploads\/2014\/05\/DSC07737-300x200.jpg\" alt=\"DSC07737\" srcset=\"https:\/\/lyonbondyblog.fr\/LBB\/wp-content\/uploads\/2014\/05\/DSC07737-300x200.jpg 300w, https:\/\/lyonbondyblog.fr\/LBB\/wp-content\/uploads\/2014\/05\/DSC07737.jpg 600w\" sizes=\"auto, (max-width: 300px) 100vw, 300px\" \/>Parmi les personnalit\u00e9s politiques pr\u00e9sentes\u00a0: Nathalie Perrin-Gilbert (Gram) maire du 1<sup>er<\/sup> arrondissement, Andr\u00e9 Gachet (Gram) maire adjoint du 1<sup>er<\/sup>, Laurence Fautra (maire UMP) de D\u00e9cines, Said Intidam (PS) adjoint aux sports du 5<sup>\u00e8me<\/sup> arrondissement, Christelle Madeleine (UDI) \u00e9lue du 9<sup>\u00e8me<\/sup>, Anais Nadarou (UMP) maire adjointe de Tassin-la-Demi-Lune, Leila Oufkir (PS) adjointe sortante de la mairie de Chamb\u00e9ry et Jalal Nadarou D\u00e9l\u00e9gu\u00e9 aupr\u00e8s du Pr\u00e9fet du Rh\u00f4ne. Madame Nadarou, maman de Jalal Nadarou, a remport\u00e9 le troph\u00e9e honorifique de la parentalit\u00e9<\/p>\n<p><iframe loading=\"lazy\" src=\"\/\/www.mixcloud.com\/widget\/iframe\/?feed=http%3A%2F%2Fwww.mixcloud.com%2FLyonbondyblog%2Fitw-mme-nadarou%2F&amp;mini=1&amp;embed_uuid=d0490453-3f75-4c97-9ed2-2491b1e8c785&amp;replace=0&amp;hide_cover=1&amp;stylecolor=4f2a73&amp;embed_type=widget_standard&amp;hide_tracklist=1\" width=\"660\" height=\"60\" frameborder=\"0\"><\/iframe><\/p>\n<div style=\"clear: both; height: 3px; width: 652px;\"><\/div>\n<p style=\"display: block; font-size: 11px; font-family: 'Open Sans',Helvetica,Arial,sans-serif; margin: 0px; padding: 3px 4px; color: #999999; width: 652px;\"><a style=\"color: #4f2a73; font-weight: bold;\" href=\"http:\/\/www.mixcloud.com\/Lyonbondyblog\/itw-mme-nadarou\/?utm_source=widget&amp;amp;utm_medium=web&amp;amp;utm_campaign=base_links&amp;amp;utm_term=resource_link\" target=\"_blank\">Itw Mme Nadarou<\/a> by <a style=\"color: #4f2a73; font-weight: bold;\" href=\"http:\/\/www.mixcloud.com\/Lyonbondyblog\/?utm_source=widget&amp;amp;utm_medium=web&amp;amp;utm_campaign=base_links&amp;amp;utm_term=profile_link\" target=\"_blank\">Lyonbondyblog<\/a> on <a style=\"color: #4f2a73; font-weight: bold;\" href=\"http:\/\/www.mixcloud.com\/?utm_source=widget&amp;utm_medium=web&amp;utm_campaign=base_links&amp;utm_term=homepage_link\" target=\"_blank\"> Mixcloud<\/a><\/p>\n<p style=\"display: block; font-size: 11px; font-family: 'Open Sans',Helvetica,Arial,sans-serif; margin: 0px; padding: 3px 4px; color: #999999; width: 652px;\"><img loading=\"lazy\" decoding=\"async\" width=\"600\" height=\"400\" class=\"aligncenter size-full wp-image-6559\" src=\"https:\/\/lyonbondyblog.fr\/LBB\/wp-content\/uploads\/2014\/05\/DSC07743.jpg\" alt=\"DSC07743\" srcset=\"https:\/\/lyonbondyblog.fr\/LBB\/wp-content\/uploads\/2014\/05\/DSC07743.jpg 600w, https:\/\/lyonbondyblog.fr\/LBB\/wp-content\/uploads\/2014\/05\/DSC07743-300x200.jpg 300w\" sizes=\"auto, (max-width: 600px) 100vw, 600px\" \/><\/p>\n<div style=\"clear: both; height: 3px; width: 652px;\"><\/div>\n<p>&nbsp;<\/p>\n<!-- AddThis Advanced Settings generic via filter on the_content --><!-- AddThis Share Buttons generic via filter on the_content -->","protected":false},"excerpt":{"rendered":"<p>Le consulat du Maroc organisait le samedi 26 avril 2014, l\u2019\u00e9v\u00e8nement \u00ab\u00a0Double culture au f\u00e9minin, entreprendre ici et ailleurs\u00a0: d\u00e9fis et \u00e9changes\u00a0\u00bb. Ce projet est &hellip; <!-- AddThis Advanced Settings generic via filter on wp_trim_excerpt --><!-- AddThis Share Buttons generic via filter on wp_trim_excerpt --><\/p>\n","protected":false},"author":33,"featured_media":6554,"comment_status":"open","ping_status":"open","sticky":false,"template":"","format":"standard","meta":{"_FSMCFIC_featured_image_caption":"","_FSMCFIC_featured_image_nocaption":"","_FSMCFIC_featured_image_hide":"","footnotes":""},"categories":[4],"tags":[434,429,1952,568,10,1091,784],"class_list":["post-6552","post","type-post","status-publish","format-standard","has-post-thumbnail","hentry","category-lyon","tag-consul","tag-consulat","tag-culture","tag-echange","tag-lyon-2","tag-maroc","tag-nathalie-perrin-gilbert"],"yoast_head":"<!-- This site is optimized with the Yoast SEO plugin v22.8 - https:\/\/yoast.com\/wordpress\/plugins\/seo\/ -->\n<title>\u00ab Double culture au f\u00e9minin \u00bb : D\u00e9bats et distinctions pour les femmes marocaines de la R\u00e9gion - Lyon Bondy Blog<\/title>\n<meta name=\"robots\" content=\"index, follow, max-snippet:-1, max-image-preview:large, max-video-preview:-1\" \/>\n<link rel=\"canonical\" href=\"https:\/\/lyonbondyblog.fr\/LBB\/double-culture-au-feminin-debats-distinctions-les-femmes-marocaines-region\/\" \/>\n<meta property=\"og:locale\" content=\"fr_FR\" \/>\n<meta property=\"og:type\" content=\"article\" \/>\n<meta property=\"og:title\" content=\"\u00ab Double culture au f\u00e9minin \u00bb : D\u00e9bats et distinctions pour les femmes marocaines de la R\u00e9gion - Lyon Bondy Blog\" \/>\n<meta property=\"og:description\" content=\"Le consulat du Maroc organisait le samedi 26 avril 2014, l\u2019\u00e9v\u00e8nement \u00ab\u00a0Double culture au f\u00e9minin, entreprendre ici et ailleurs\u00a0: d\u00e9fis et \u00e9changes\u00a0\u00bb. Ce projet est &hellip;\" \/>\n<meta property=\"og:url\" content=\"https:\/\/lyonbondyblog.fr\/LBB\/double-culture-au-feminin-debats-distinctions-les-femmes-marocaines-region\/\" \/>\n<meta property=\"og:site_name\" content=\"Lyon Bondy Blog\" \/>\n<meta property=\"article:publisher\" content=\"https:\/\/www.facebook.com\/lyonbondyblog\" \/>\n<meta property=\"article:published_time\" content=\"2014-05-02T16:30:59+00:00\" \/>\n<meta property=\"article:modified_time\" content=\"2014-05-16T17:01:02+00:00\" \/>\n<meta property=\"og:image\" content=\"https:\/\/lyonbondyblog.fr\/LBB\/wp-content\/uploads\/2014\/05\/DSC07746.jpg\" \/>\n\t<meta property=\"og:image:width\" content=\"600\" \/>\n\t<meta property=\"og:image:height\" content=\"400\" \/>\n\t<meta property=\"og:image:type\" content=\"image\/jpeg\" \/>\n<meta name=\"author\" content=\"Etienne Aazzab\" \/>\n<meta name=\"twitter:card\" content=\"summary_large_image\" \/>\n<meta name=\"twitter:creator\" content=\"@AazzabEtienne\" \/>\n<meta name=\"twitter:site\" content=\"@bondybloglyon\" \/>\n<script type=\"application\/ld+json\" class=\"yoast-schema-graph\">{\"@context\":\"https:\/\/schema.org\",\"@graph\":[{\"@type\":\"Article\",\"@id\":\"https:\/\/lyonbondyblog.fr\/LBB\/double-culture-au-feminin-debats-distinctions-les-femmes-marocaines-region\/#article\",\"isPartOf\":{\"@id\":\"https:\/\/lyonbondyblog.fr\/LBB\/double-culture-au-feminin-debats-distinctions-les-femmes-marocaines-region\/\"},\"author\":{\"name\":\"Etienne Aazzab\",\"@id\":\"https:\/\/lyonbondyblog.fr\/LBB\/#\/schema\/person\/5e9904261c1f613c8e6ea22045b1353d\"},\"headline\":\"\u00ab Double culture au f\u00e9minin \u00bb : D\u00e9bats et distinctions pour les femmes marocaines de la R\u00e9gion\",\"datePublished\":\"2014-05-02T16:30:59+00:00\",\"dateModified\":\"2014-05-16T17:01:02+00:00\",\"mainEntityOfPage\":{\"@id\":\"https:\/\/lyonbondyblog.fr\/LBB\/double-culture-au-feminin-debats-distinctions-les-femmes-marocaines-region\/\"},\"wordCount\":262,\"commentCount\":0,\"publisher\":{\"@id\":\"https:\/\/lyonbondyblog.fr\/LBB\/#organization\"},\"image\":{\"@id\":\"https:\/\/lyonbondyblog.fr\/LBB\/double-culture-au-feminin-debats-distinctions-les-femmes-marocaines-region\/#primaryimage\"},\"thumbnailUrl\":\"https:\/\/lyonbondyblog.fr\/LBB\/wp-content\/uploads\/2014\/05\/DSC07746.jpg\",\"keywords\":[\"consul\",\"consulat\",\"Culture\",\"\u00e9change\",\"lyon\",\"maroc\",\"Nathalie PERRIN-GILBERT\"],\"articleSection\":[\"Lyon\"],\"inLanguage\":\"fr-FR\",\"potentialAction\":[{\"@type\":\"CommentAction\",\"name\":\"Comment\",\"target\":[\"https:\/\/lyonbondyblog.fr\/LBB\/double-culture-au-feminin-debats-distinctions-les-femmes-marocaines-region\/#respond\"]}]},{\"@type\":\"WebPage\",\"@id\":\"https:\/\/lyonbondyblog.fr\/LBB\/double-culture-au-feminin-debats-distinctions-les-femmes-marocaines-region\/\",\"url\":\"https:\/\/lyonbondyblog.fr\/LBB\/double-culture-au-feminin-debats-distinctions-les-femmes-marocaines-region\/\",\"name\":\"\u00ab Double culture au f\u00e9minin \u00bb : D\u00e9bats et distinctions pour les femmes marocaines de la R\u00e9gion - Lyon Bondy Blog\",\"isPartOf\":{\"@id\":\"https:\/\/lyonbondyblog.fr\/LBB\/#website\"},\"primaryImageOfPage\":{\"@id\":\"https:\/\/lyonbondyblog.fr\/LBB\/double-culture-au-feminin-debats-distinctions-les-femmes-marocaines-region\/#primaryimage\"},\"image\":{\"@id\":\"https:\/\/lyonbondyblog.fr\/LBB\/double-culture-au-feminin-debats-distinctions-les-femmes-marocaines-region\/#primaryimage\"},\"thumbnailUrl\":\"https:\/\/lyonbondyblog.fr\/LBB\/wp-content\/uploads\/2014\/05\/DSC07746.jpg\",\"datePublished\":\"2014-05-02T16:30:59+00:00\",\"dateModified\":\"2014-05-16T17:01:02+00:00\",\"inLanguage\":\"fr-FR\",\"potentialAction\":[{\"@type\":\"ReadAction\",\"target\":[\"https:\/\/lyonbondyblog.fr\/LBB\/double-culture-au-feminin-debats-distinctions-les-femmes-marocaines-region\/\"]}]},{\"@type\":\"ImageObject\",\"inLanguage\":\"fr-FR\",\"@id\":\"https:\/\/lyonbondyblog.fr\/LBB\/double-culture-au-feminin-debats-distinctions-les-femmes-marocaines-region\/#primaryimage\",\"url\":\"https:\/\/lyonbondyblog.fr\/LBB\/wp-content\/uploads\/2014\/05\/DSC07746.jpg\",\"contentUrl\":\"https:\/\/lyonbondyblog.fr\/LBB\/wp-content\/uploads\/2014\/05\/DSC07746.jpg\",\"width\":600,\"height\":400},{\"@type\":\"WebSite\",\"@id\":\"https:\/\/lyonbondyblog.fr\/LBB\/#website\",\"url\":\"https:\/\/lyonbondyblog.fr\/LBB\/\",\"name\":\"Lyon Bondy Blog\",\"description\":\"\",\"publisher\":{\"@id\":\"https:\/\/lyonbondyblog.fr\/LBB\/#organization\"},\"potentialAction\":[{\"@type\":\"SearchAction\",\"target\":{\"@type\":\"EntryPoint\",\"urlTemplate\":\"https:\/\/lyonbondyblog.fr\/LBB\/?s={search_term_string}\"},\"query-input\":\"required name=search_term_string\"}],\"inLanguage\":\"fr-FR\"},{\"@type\":\"Organization\",\"@id\":\"https:\/\/lyonbondyblog.fr\/LBB\/#organization\",\"name\":\"LYON BONDY BLOG\",\"url\":\"https:\/\/lyonbondyblog.fr\/LBB\/\",\"logo\":{\"@type\":\"ImageObject\",\"inLanguage\":\"fr-FR\",\"@id\":\"https:\/\/lyonbondyblog.fr\/LBB\/#\/schema\/logo\/image\/\",\"url\":\"http:\/\/lyonbondyblog.fr\/LBB\/wp-content\/uploads\/2014\/10\/logo-portable-144.png\",\"contentUrl\":\"http:\/\/lyonbondyblog.fr\/LBB\/wp-content\/uploads\/2014\/10\/logo-portable-144.png\",\"width\":144,\"height\":123,\"caption\":\"LYON BONDY BLOG\"},\"image\":{\"@id\":\"https:\/\/lyonbondyblog.fr\/LBB\/#\/schema\/logo\/image\/\"},\"sameAs\":[\"https:\/\/www.facebook.com\/lyonbondyblog\",\"https:\/\/x.com\/bondybloglyon\"]},{\"@type\":\"Person\",\"@id\":\"https:\/\/lyonbondyblog.fr\/LBB\/#\/schema\/person\/5e9904261c1f613c8e6ea22045b1353d\",\"name\":\"Etienne Aazzab\",\"description\":\"Etienne a contribu\u00e9 depuis 2 ans dans le journal satirique FOUTOU\u2019ART. Il a int\u00e9gr\u00e9 l\u2019\u00e9quipe du \u00ab clic 2014 \u00bb : Collectif local d\u2019informations citoyennes \u00e0 partir de novembre 2013. Il rejoint le Lyon Bondy Blog \u00e0 partir de janvier 2014. Twitter : @AazzabEtienne Ses sujets de pr\u00e9dilection : #Politique #Soci\u00e9t\u00e9 #Sport\",\"sameAs\":[\"https:\/\/x.com\/AazzabEtienne\"],\"url\":\"https:\/\/lyonbondyblog.fr\/LBB\/author\/etienne\/\"}]}<\/script>\n<!-- \/ Yoast SEO plugin. -->","yoast_head_json":{"title":"\u00ab Double culture au f\u00e9minin \u00bb : D\u00e9bats et distinctions pour les femmes marocaines de la R\u00e9gion - Lyon Bondy Blog","robots":{"index":"index","follow":"follow","max-snippet":"max-snippet:-1","max-image-preview":"max-image-preview:large","max-video-preview":"max-video-preview:-1"},"canonical":"https:\/\/lyonbondyblog.fr\/LBB\/double-culture-au-feminin-debats-distinctions-les-femmes-marocaines-region\/","og_locale":"fr_FR","og_type":"article","og_title":"\u00ab Double culture au f\u00e9minin \u00bb : D\u00e9bats et distinctions pour les femmes marocaines de la R\u00e9gion - Lyon Bondy Blog","og_description":"Le consulat du Maroc organisait le samedi 26 avril 2014, l\u2019\u00e9v\u00e8nement \u00ab\u00a0Double culture au f\u00e9minin, entreprendre ici et ailleurs\u00a0: d\u00e9fis et \u00e9changes\u00a0\u00bb. Ce projet est &hellip;","og_url":"https:\/\/lyonbondyblog.fr\/LBB\/double-culture-au-feminin-debats-distinctions-les-femmes-marocaines-region\/","og_site_name":"Lyon Bondy Blog","article_publisher":"https:\/\/www.facebook.com\/lyonbondyblog","article_published_time":"2014-05-02T16:30:59+00:00","article_modified_time":"2014-05-16T17:01:02+00:00","og_image":[{"width":600,"height":400,"url":"https:\/\/lyonbondyblog.fr\/LBB\/wp-content\/uploads\/2014\/05\/DSC07746.jpg","type":"image\/jpeg"}],"author":"Etienne Aazzab","twitter_card":"summary_large_image","twitter_creator":"@AazzabEtienne","twitter_site":"@bondybloglyon","schema":{"@context":"https:\/\/schema.org","@graph":[{"@type":"Article","@id":"https:\/\/lyonbondyblog.fr\/LBB\/double-culture-au-feminin-debats-distinctions-les-femmes-marocaines-region\/#article","isPartOf":{"@id":"https:\/\/lyonbondyblog.fr\/LBB\/double-culture-au-feminin-debats-distinctions-les-femmes-marocaines-region\/"},"author":{"name":"Etienne Aazzab","@id":"https:\/\/lyonbondyblog.fr\/LBB\/#\/schema\/person\/5e9904261c1f613c8e6ea22045b1353d"},"headline":"\u00ab Double culture au f\u00e9minin \u00bb : D\u00e9bats et distinctions pour les femmes marocaines de la R\u00e9gion","datePublished":"2014-05-02T16:30:59+00:00","dateModified":"2014-05-16T17:01:02+00:00","mainEntityOfPage":{"@id":"https:\/\/lyonbondyblog.fr\/LBB\/double-culture-au-feminin-debats-distinctions-les-femmes-marocaines-region\/"},"wordCount":262,"commentCount":0,"publisher":{"@id":"https:\/\/lyonbondyblog.fr\/LBB\/#organization"},"image":{"@id":"https:\/\/lyonbondyblog.fr\/LBB\/double-culture-au-feminin-debats-distinctions-les-femmes-marocaines-region\/#primaryimage"},"thumbnailUrl":"https:\/\/lyonbondyblog.fr\/LBB\/wp-content\/uploads\/2014\/05\/DSC07746.jpg","keywords":["consul","consulat","Culture","\u00e9change","lyon","maroc","Nathalie PERRIN-GILBERT"],"articleSection":["Lyon"],"inLanguage":"fr-FR","potentialAction":[{"@type":"CommentAction","name":"Comment","target":["https:\/\/lyonbondyblog.fr\/LBB\/double-culture-au-feminin-debats-distinctions-les-femmes-marocaines-region\/#respond"]}]},{"@type":"WebPage","@id":"https:\/\/lyonbondyblog.fr\/LBB\/double-culture-au-feminin-debats-distinctions-les-femmes-marocaines-region\/","url":"https:\/\/lyonbondyblog.fr\/LBB\/double-culture-au-feminin-debats-distinctions-les-femmes-marocaines-region\/","name":"\u00ab Double culture au f\u00e9minin \u00bb : D\u00e9bats et distinctions pour les femmes marocaines de la R\u00e9gion - Lyon Bondy Blog","isPartOf":{"@id":"https:\/\/lyonbondyblog.fr\/LBB\/#website"},"primaryImageOfPage":{"@id":"https:\/\/lyonbondyblog.fr\/LBB\/double-culture-au-feminin-debats-distinctions-les-femmes-marocaines-region\/#primaryimage"},"image":{"@id":"https:\/\/lyonbondyblog.fr\/LBB\/double-culture-au-feminin-debats-distinctions-les-femmes-marocaines-region\/#primaryimage"},"thumbnailUrl":"https:\/\/lyonbondyblog.fr\/LBB\/wp-content\/uploads\/2014\/05\/DSC07746.jpg","datePublished":"2014-05-02T16:30:59+00:00","dateModified":"2014-05-16T17:01:02+00:00","inLanguage":"fr-FR","potentialAction":[{"@type":"ReadAction","target":["https:\/\/lyonbondyblog.fr\/LBB\/double-culture-au-feminin-debats-distinctions-les-femmes-marocaines-region\/"]}]},{"@type":"ImageObject","inLanguage":"fr-FR","@id":"https:\/\/lyonbondyblog.fr\/LBB\/double-culture-au-feminin-debats-distinctions-les-femmes-marocaines-region\/#primaryimage","url":"https:\/\/lyonbondyblog.fr\/LBB\/wp-content\/uploads\/2014\/05\/DSC07746.jpg","contentUrl":"https:\/\/lyonbondyblog.fr\/LBB\/wp-content\/uploads\/2014\/05\/DSC07746.jpg","width":600,"height":400},{"@type":"WebSite","@id":"https:\/\/lyonbondyblog.fr\/LBB\/#website","url":"https:\/\/lyonbondyblog.fr\/LBB\/","name":"Lyon Bondy Blog","description":"","publisher":{"@id":"https:\/\/lyonbondyblog.fr\/LBB\/#organization"},"potentialAction":[{"@type":"SearchAction","target":{"@type":"EntryPoint","urlTemplate":"https:\/\/lyonbondyblog.fr\/LBB\/?s={search_term_string}"},"query-input":"required name=search_term_string"}],"inLanguage":"fr-FR"},{"@type":"Organization","@id":"https:\/\/lyonbondyblog.fr\/LBB\/#organization","name":"LYON BONDY BLOG","url":"https:\/\/lyonbondyblog.fr\/LBB\/","logo":{"@type":"ImageObject","inLanguage":"fr-FR","@id":"https:\/\/lyonbondyblog.fr\/LBB\/#\/schema\/logo\/image\/","url":"http:\/\/lyonbondyblog.fr\/LBB\/wp-content\/uploads\/2014\/10\/logo-portable-144.png","contentUrl":"http:\/\/lyonbondyblog.fr\/LBB\/wp-content\/uploads\/2014\/10\/logo-portable-144.png","width":144,"height":123,"caption":"LYON BONDY BLOG"},"image":{"@id":"https:\/\/lyonbondyblog.fr\/LBB\/#\/schema\/logo\/image\/"},"sameAs":["https:\/\/www.facebook.com\/lyonbondyblog","https:\/\/x.com\/bondybloglyon"]},{"@type":"Person","@id":"https:\/\/lyonbondyblog.fr\/LBB\/#\/schema\/person\/5e9904261c1f613c8e6ea22045b1353d","name":"Etienne Aazzab","description":"Etienne a contribu\u00e9 depuis 2 ans dans le journal satirique FOUTOU\u2019ART. Il a int\u00e9gr\u00e9 l\u2019\u00e9quipe du \u00ab clic 2014 \u00bb : Collectif local d\u2019informations citoyennes \u00e0 partir de novembre 2013. Il rejoint le Lyon Bondy Blog \u00e0 partir de janvier 2014. Twitter : @AazzabEtienne Ses sujets de pr\u00e9dilection : #Politique #Soci\u00e9t\u00e9 #Sport","sameAs":["https:\/\/x.com\/AazzabEtienne"],"url":"https:\/\/lyonbondyblog.fr\/LBB\/author\/etienne\/"}]}},"_links":{"self":[{"href":"https:\/\/lyonbondyblog.fr\/LBB\/wp-json\/wp\/v2\/posts\/6552","targetHints":{"allow":["GET"]}}],"collection":[{"href":"https:\/\/lyonbondyblog.fr\/LBB\/wp-json\/wp\/v2\/posts"}],"about":[{"href":"https:\/\/lyonbondyblog.fr\/LBB\/wp-json\/wp\/v2\/types\/post"}],"author":[{"embeddable":true,"href":"https:\/\/lyonbondyblog.fr\/LBB\/wp-json\/wp\/v2\/users\/33"}],"replies":[{"embeddable":true,"href":"https:\/\/lyonbondyblog.fr\/LBB\/wp-json\/wp\/v2\/comments?post=6552"}],"version-history":[{"count":0,"href":"https:\/\/lyonbondyblog.fr\/LBB\/wp-json\/wp\/v2\/posts\/6552\/revisions"}],"wp:featuredmedia":[{"embeddable":true,"href":"https:\/\/lyonbondyblog.fr\/LBB\/wp-json\/wp\/v2\/media\/6554"}],"wp:attachment":[{"href":"https:\/\/lyonbondyblog.fr\/LBB\/wp-json\/wp\/v2\/media?parent=6552"}],"wp:term":[{"taxonomy":"category","embeddable":true,"href":"https:\/\/lyonbondyblog.fr\/LBB\/wp-json\/wp\/v2\/categories?post=6552"},{"taxonomy":"post_tag","embeddable":true,"href":"https:\/\/lyonbondyblog.fr\/LBB\/wp-json\/wp\/v2\/tags?post=6552"}],"curies":[{"name":"wp","href":"https:\/\/api.w.org\/{rel}","templated":true}]}}