{"id":6506,"date":"2014-05-06T17:20:14","date_gmt":"2014-05-06T15:20:14","guid":{"rendered":"http:\/\/lyonbondyblog.fr\/LBB\/?p=6506"},"modified":"2014-05-06T17:13:53","modified_gmt":"2014-05-06T15:13:53","slug":"gerry-madani-rappeur-olympien-aborde-marseille","status":"publish","type":"post","link":"https:\/\/lyonbondyblog.fr\/LBB\/gerry-madani-rappeur-olympien-aborde-marseille\/","title":{"rendered":"Gerry Madani\u00a0: Le rappeur olympien aborde Marseille"},"content":{"rendered":"<p><strong>\u00c0 32 ans, l\u2019artiste originaire de Vaulx-en-Velin vit l\u2019une des ann\u00e9es les plus intenses de sa carri\u00e8re. Finaliste <a href=\"https:\/\/www.facebook.com\/buzzboosterfrance\">du Buzz Booster organis\u00e9 \u00e0 Marseille le 10 mai prochain,<\/a> il effectuera un bapt\u00eame de feu au festival l\u2019Original le 17 mai avant de sortir son prochain EP \u00ab\u00a0Coup d\u2019envoi\u00a0\u00bb en juin. Il a re\u00e7u le LBB dans le studio d\u2019Olympic Records. Entretien.<\/strong><\/p>\n<figure id=\"attachment_6513\" aria-describedby=\"caption-attachment-6513\" style=\"width: 600px\" class=\"wp-caption aligncenter\"><img loading=\"lazy\" decoding=\"async\" class=\"wp-image-6513 size-full\" src=\"https:\/\/lyonbondyblog.fr\/LBB\/wp-content\/uploads\/2014\/05\/Gerry-Madani-dans-son-studio-dOlympic-Records.jpg\" alt=\"Gerry Madani dans son studio d'Olympic Records\" width=\"600\" height=\"600\" srcset=\"https:\/\/lyonbondyblog.fr\/LBB\/wp-content\/uploads\/2014\/05\/Gerry-Madani-dans-son-studio-dOlympic-Records.jpg 600w, https:\/\/lyonbondyblog.fr\/LBB\/wp-content\/uploads\/2014\/05\/Gerry-Madani-dans-son-studio-dOlympic-Records-150x150.jpg 150w, https:\/\/lyonbondyblog.fr\/LBB\/wp-content\/uploads\/2014\/05\/Gerry-Madani-dans-son-studio-dOlympic-Records-300x300.jpg 300w, https:\/\/lyonbondyblog.fr\/LBB\/wp-content\/uploads\/2014\/05\/Gerry-Madani-dans-son-studio-dOlympic-Records-50x50.jpg 50w, https:\/\/lyonbondyblog.fr\/LBB\/wp-content\/uploads\/2014\/05\/Gerry-Madani-dans-son-studio-dOlympic-Records-180x180.jpg 180w, https:\/\/lyonbondyblog.fr\/LBB\/wp-content\/uploads\/2014\/05\/Gerry-Madani-dans-son-studio-dOlympic-Records-32x32.jpg 32w, https:\/\/lyonbondyblog.fr\/LBB\/wp-content\/uploads\/2014\/05\/Gerry-Madani-dans-son-studio-dOlympic-Records-64x64.jpg 64w, https:\/\/lyonbondyblog.fr\/LBB\/wp-content\/uploads\/2014\/05\/Gerry-Madani-dans-son-studio-dOlympic-Records-96x96.jpg 96w, https:\/\/lyonbondyblog.fr\/LBB\/wp-content\/uploads\/2014\/05\/Gerry-Madani-dans-son-studio-dOlympic-Records-128x128.jpg 128w\" sizes=\"auto, (max-width: 600px) 100vw, 600px\" \/><figcaption id=\"caption-attachment-6513\" class=\"wp-caption-text\">Gerry Madani dans son studio d&rsquo;Olympic Records<\/figcaption><\/figure>\n<p class=\"p1\"><strong>Quelle est la gen\u00e8se de ta carri\u00e8re\u00a0?<\/strong><\/p>\n<p class=\"p1\">La musique fait partie de ma vie depuis l\u2019enfance. Je jouais au piano et je chantais dans les chorales.\u00a0En grandissant, j\u2019\u00e9crivais des textes de rap tout en \u00e9coutant ce qui se faisait dans le milieu. Je me suis alors demand\u00e9 si je pouvais contribuer \u00e0 tout cela. Je suis entr\u00e9 dans des collectifs locaux comme Business Flou ou 1 cas pour 2 pour \u00e9voluer\u2026<\/p>\n<p class=\"p1\">David Adelon un ami de mon quartier (La Balme) avait cr\u00e9\u00e9 avec sa s\u0153ur Carole un label appel\u00e9 B23 Production \u00e0 Paris. Il m\u2019a fait une proposition et en 2007, j\u2019ai sign\u00e9 mon premier contrat.<\/p>\n<p class=\"p1\"><strong>Se sent-on plus valoris\u00e9 quand on est sign\u00e9\u00a0?<\/strong><\/p>\n<p class=\"p1\">Bien s\u00fbr. Je n\u2019avais plus qu\u2019un job\u00a0: \u00e9crire et enregistrer. Les photos et les interviews, c\u2019\u00e9tait tout nouveau pour moi. On commen\u00e7ait \u00e0 m\u2019\u00e9voquer des projets de <a href=\"http:\/\/fr.wikipedia.org\/wiki\/Sefyu\"><span class=\"s1\">featuring avec Sefyu<\/span><\/a> ou <a href=\"http:\/\/fr.wikipedia.org\/wiki\/NTM\"><span class=\"s1\">NTM\u00a0!<\/span><\/a><\/p>\n<figure id=\"attachment_6514\" aria-describedby=\"caption-attachment-6514\" style=\"width: 225px\" class=\"wp-caption alignright\"><img loading=\"lazy\" decoding=\"async\" class=\"wp-image-6514 size-medium\" src=\"https:\/\/lyonbondyblog.fr\/LBB\/wp-content\/uploads\/2014\/05\/Gerry-Madani-en-pleine-inspiration-225x300.jpg\" alt=\"Gerry Madani en pleine inspiration\" width=\"225\" height=\"300\" srcset=\"https:\/\/lyonbondyblog.fr\/LBB\/wp-content\/uploads\/2014\/05\/Gerry-Madani-en-pleine-inspiration-225x300.jpg 225w, https:\/\/lyonbondyblog.fr\/LBB\/wp-content\/uploads\/2014\/05\/Gerry-Madani-en-pleine-inspiration.jpg 450w\" sizes=\"auto, (max-width: 225px) 100vw, 225px\" \/><figcaption id=\"caption-attachment-6514\" class=\"wp-caption-text\">Gerry Madani en pleine inspiration<\/figcaption><\/figure>\n<p class=\"p1\">J\u2019enregistrais alors un street album \u00e9ponyme intitul\u00e9e \u00ab\u00a0Gerry Madani\u00a0\u00bb, mais des tensions au sein du label se sont cr\u00e9\u00e9es entre les patrons du B23. Sans doute pour des raisons financi\u00e8res\u2026<\/p>\n<p class=\"p1\">Cela a affect\u00e9 le reste de l\u2019\u00e9quipe. L\u2019enregistrement s\u2019achevait et le pressage des CD \u00e9tait en cours. Il ne restait plus qu\u2019\u00e0 mettre en place la communication.<\/p>\n<p class=\"p1\">Tout est tomb\u00e9 \u00e0 l\u2019eau et je me suis retrouv\u00e9 avec cinq mille CD dont je ne savais que faire\u00a0! Je me suis mis \u00e0 les distribuer gratuitement\u2026<\/p>\n<p class=\"p1\">Cela m\u2019a permis de comprendre les r\u00e9alit\u00e9s du show-business.<\/p>\n<p class=\"p1\"><strong>Comment as-tu remont\u00e9 la pente\u00a0?<\/strong><\/p>\n<p class=\"p1\">Apr\u00e8s une pause de 2008 \u00e0 2010, <a href=\"http:\/\/baki-rs69.skyrock.com\/\"><span class=\"s1\">mon ami Baki-RS<\/span><\/a> \u2014 aujourd\u2019hui <a href=\"http:\/\/olympicrecords-label.com\/\"><span class=\"s1\">sous contrat avec Olympic Records<\/span><\/a> \u2014 avait \u00e9t\u00e9 enthousiasm\u00e9 par mon street album. Il a tent\u00e9 de me convaincre \u00e0 un retour. Il a alors mont\u00e9 le groupe GBRS que je soutenais. Ils ont compos\u00e9 le titre <a href=\"http:\/\/www.youtube.com\/watch?v=4IaGbz2aBHE\"><span class=\"s1\">\u00ab\u00a0Villeurbanne Vaux\u00a0\u00bb qui a fait pr\u00e8s d\u2019un million de vues<\/span><\/a> avec moi et des artistes comme <a href=\"http:\/\/www.casusbelliofficiel.com\/\"><span class=\"s1\">Cassus Belli<\/span><\/a> ou <a href=\"http:\/\/www.youtube.com\/watch?v=bNd8NUDb4jI\"><span class=\"s1\">Revolver<\/span><\/a> pour ne citer qu\u2019eux. La vid\u00e9o r\u00e9alis\u00e9e par Alexandre Kosmakis a \u00e9t\u00e9 le premier \u00ab\u00a0clip ghetto\u00a0\u00bb \u00e0 Lyon. Il a m\u00eame provoqu\u00e9 les d\u00e9bats avec les Parisiens et les Marseillais. Apr\u00e8s cet \u00e9v\u00e8nement, je suis reparti en studio et j\u2019ai sorti les vid\u00e9os <a href=\"http:\/\/www.youtube.com\/watch?v=NIS6QSchHso\"><span class=\"s1\">\u00ab\u00a0Arrache toi\u00a0\u00bb<\/span><\/a> et <a href=\"http:\/\/www.youtube.com\/watch?v=bSooRDv0mMY\"><span class=\"s1\">\u00ab\u00a0Virage Nord\u00a0\u00bb<\/span><\/a> en 2010.<\/p>\n<h2 class=\"p2\">Le Buzz booster, un premier pas vers la reconnaissance<\/h2>\n<p class=\"p2\"><strong>Puis il y a eu l\u2019arriv\u00e9e du b\u00e9b\u00e9\u00a0: le studio Olympic Records\u2026<\/strong><\/p>\n<p class=\"p1\">Il fallait passer aux choses s\u00e9rieuses et trouver un endroit o\u00f9 travailler. Celui d\u2019Olympic Records (dans le 9\u00e8me arrondissement) s\u2019appelait \u00e0 l\u2019origine TK1. Avant de l\u2019acqu\u00e9rir avec mon manager et associ\u00e9 Ludovic Mehala, on y enregistrait d\u00e9j\u00e0 des featurings avec d\u2019autres rappeurs lyonnais. Le propri\u00e9taire nous a fait une proposition et nous avons saut\u00e9 sur l\u2019occasion. \u00c0 la fin des travaux, j\u2019y faisais un morceau par jour avec mon Beatmaker pendant six mois. J\u2019exprimais toute mon ancienne frustration au point d\u2019en tomber malade (Rires). Apr\u00e8s, j\u2019ai d\u00fb changer ma perception de la productivit\u00e9. Toutefois, Olympic Records n\u2019est pas un aboutissement, c\u2019est le commencement du d\u00e9but.<\/p>\n<p class=\"p1\"><strong>Tu es le porte-drapeau lyonnais en finale du Buzz booster. Quel est le concept de cet \u00e9v\u00e8nement\u00a0?<\/strong><\/p>\n<p class=\"p1\">C\u2019est un tremplin national lanc\u00e9 en 2007 \u00e0 Lyon par l\u2019Original et qui permet de mettre en lumi\u00e8re les meilleurs espoirs du hip-hop avec des jurys qui jugent les prestations des artistes (dix \u00e0 quinze minutes). Ces derniers sont compos\u00e9s de journalistes, d\u2019anciens rappeurs, de producteurs. Apr\u00e8s des comp\u00e9titions r\u00e9gionales, les vainqueurs se trouvent en finale nationale. Cette ann\u00e9e ce sera donc \u00e0 Marseille (L\u2019Affranchi). Le champion a la possibilit\u00e9 de faire une tourn\u00e9e dans toute la France, d\u2019\u00eatre partout sur la toile et de b\u00e9n\u00e9ficier d\u2019aides non n\u00e9gligeables pour sa communication. Mais au d\u00e9part, cette comp\u00e9tition permet de faire le buzz.<\/p>\n<p class=\"p1\"><strong>Que t\u2019inspires cette comp\u00e9tition\u00a0?<\/strong><\/p>\n<p class=\"p1\">La responsable de la communication d\u2019Olympic Records m\u2019avait inscrit \u00e0 mon insu. Ce genre de concours ne me parlait pas. Baki-RS y \u00e9tait all\u00e9 deux ou trois fois. Je ne comprenais pas sa d\u00e9marche. Pourtant, je suis all\u00e9 voir des champions Rh\u00f4ne-Alpins comme <a href=\"http:\/\/www.69flow.fr\/tag\/nanoo-lunderground\/\"><span class=\"s1\">Nanoo (2011)<\/span><\/a> ou <a href=\"http:\/\/www.leprogres.fr\/rhone\/2013\/03\/24\/yoko-j-aimerais-que-lyon-soit-reconnu-dans-le-milieu-du-rap\"><span class=\"s1\">Yoko (2012)<\/span><\/a>. Je me suis quand m\u00eame lanc\u00e9 dans les r\u00e9p\u00e9titions \u00e0 une semaine des sessions r\u00e9gionales. J\u2019ai emmen\u00e9 une \u00e9quipe avec mon DJ et nous nous sommes rendus au Transbordeur <a href=\"http:\/\/blog.transbordeur.fr\/2013\/10\/23\/tremplin-buzz-booster-samedi-soir-en-premiere-partie-de-kaaris-complet\/\"><span class=\"s1\">le 25 octobre 2013 pour cette \u00e9preuve qui avait lieu en premi\u00e8re partie du concert de Kaaris.<\/span><\/a> Apr\u00e8s avoir gagn\u00e9, je trouve d\u00e9sormais ce concept r\u00e9v\u00e9lateur et formateur.<\/p>\n<p class=\"p1\">La responsable de la communication d\u2019Olympic Records m\u2019avait inscrit \u00e0 mon insu. Ce genre de concours ne me parlait pas. Baki-RS y \u00e9tait all\u00e9 deux ou trois fois. Je ne comprenais pas sa d\u00e9marche. Pourtant, je suis all\u00e9 voir des champions Rh\u00f4ne-Alpins comme <a href=\"http:\/\/www.69flow.fr\/tag\/nanoo-lunderground\/\"><span class=\"s1\">Nanoo (2011)<\/span><\/a> ou <a href=\"http:\/\/www.leprogres.fr\/rhone\/2013\/03\/24\/yoko-j-aimerais-que-lyon-soit-reconnu-dans-le-milieu-du-rap\"><span class=\"s1\">Yoko (2012)<\/span><\/a>. Je me suis quand m\u00eame lanc\u00e9 dans les r\u00e9p\u00e9titions \u00e0 une semaine des sessions r\u00e9gionales. J\u2019ai emmen\u00e9 une \u00e9quipe avec mon DJ et nous nous sommes rendus au Transbordeur <a href=\"http:\/\/blog.transbordeur.fr\/2013\/10\/23\/tremplin-buzz-booster-samedi-soir-en-premiere-partie-de-kaaris-complet\/\"><span class=\"s1\">le 25 octobre 2013 pour cette \u00e9preuve qui avait lieu en premi\u00e8re partie du concert de Kaaris.<\/span><\/a> Apr\u00e8s avoir gagn\u00e9, je trouve d\u00e9sormais ce concept r\u00e9v\u00e9lateur et formateur.<\/p>\n<p class=\"p1\"><strong>Jusqu\u2019ici quels ont \u00e9t\u00e9 tes principaux rivaux\u00a0?<\/strong><\/p>\n<p class=\"p1\">Mon principal adversaire \u00e9tait le groupe Bad Scientifi\u2019 X de Grenoble avec qui j\u2019avais fait un clip. Au Buzz Booster, il y avait une bonne ambiance entre nous. C\u2019\u00e9tait plus un challenge qu\u2019autre chose. On ne se regardait pas de travers, loin de l\u00e0\u00a0! C\u2019est tr\u00e8s fair-play malgr\u00e9 ce que les gens peuvent croire\u2026<\/p>\n<h2 class=\"p2\">Marseille, l\u2019autre terre promise du hip-hop<\/h2>\n<p class=\"p1\"><strong>Le fait d\u2019aller faire cette finale \u00e0 Marseille \u2014 ville organisatrice pour la deuxi\u00e8me fois \u2014 peut apporter des connexions int\u00e9ressantes\u00a0!<\/strong><\/p>\n<p class=\"p1\">C\u2019est vrai. Il y a les artistes du label <a href=\"http:\/\/fr.wikipedia.org\/wiki\/Def_Jam\"><span class=\"s1\">Def Jam (Psy4 de la Rime, IAM),<\/span><\/a> <a href=\"http:\/\/www.rap2france.com\/biographie-revolution-urbaine.php\"><span class=\"s1\">R\u00e9volution urbaine,<\/span><\/a> <a href=\"http:\/\/rap-star.fr\/2014\/03\/jul-rappeur-marseillais-fait-entree-tonitruante-au-top-album-news\/\"><span class=\"s1\">Jul ou<\/span><\/a> <a href=\"http:\/\/www.booska-p.com\/biographie-redk.html\"><span class=\"s1\">REDK<\/span><\/a> qui a particip\u00e9 <a href=\"http:\/\/www.youtube.com\/watch?v=McuAa-ofMag\"><span class=\"s1\">\u00e0 mon clip \u00ab\u00a0La Marseillaise \u00bb<\/span><\/a>. D\u2019autant que la comp\u00e9tition sera parrain\u00e9e <a href=\"http:\/\/fr.wikipedia.org\/wiki\/Rocca_(rappeur)\"><span class=\"s1\">par Rocca<\/span><\/a>. Marseille, c\u2019est la province qui a r\u00e9pondu historiquement \u00e0 la capitale avec IAM. J\u2019ai dit \u00e0 mon manager que le fait d\u2019aller l\u00e0-bas va nous donner un v\u00e9ritable coup de pouce.<\/p>\n<p class=\"p1\"><strong>Tu passes Le 17 mai \u00e0 l\u2019Original au Transbordeur et c\u2019est ta premi\u00e8re\u2026<\/strong><\/p>\n<p class=\"p1\">C\u2019est l\u2019un des plus grands festivals europ\u00e9ens, mais il n\u2019y a jamais eu assez de Lyonnais sur sc\u00e8ne. Je connais bien le Transbordeur\u00a0: j\u2019y ai fait des premi\u00e8res parties de La Fouine, Booba et donc Kaaris pour la comp\u00e9tition r\u00e9gionale du Buzz Booster. Il a fallu gagner pour que les organisateurs nous appellent.<\/p>\n<p class=\"p1\"><strong>Injustice\u00a0?<\/strong><\/p>\n<p class=\"p1\">Oui et non\u00a0: il y a quand m\u00eame eu des artistes locaux et ils n\u2019\u00e9taient pas sens\u00e9s me conna\u00eetre. C\u2019est une injustice pour les nombreux MC lyonnais qui ont du talent et \u00e0 qui on ne vient pas proposer d\u2019y participer. On commence pourtant \u00e0 ressentir une pulsion \u00e0 Lyon. Au moment de cr\u00e9er le studio, je me suis dit que quelque chose allait se passer ici.<\/p>\n<h2 class=\"p2\">Mon album parlera d\u2019abord de moi<\/h2>\n<p class=\"p1\"><strong>Parle-nous de tes projets\u2026<\/strong><\/p>\n<p class=\"p1\">Mon EP \u00ab\u00a0Coup d\u2019envoi\u00a0\u00bb, qui sortira en juin, fait suite \u00e0 mon album seize titres \u00ab\u00a0Ma part du butin\u00a0\u00bb en fin d\u2019ann\u00e9e. Ce sera mon b\u00e9b\u00e9. Celui que l\u2019on peaufine ou teste le plus. Dans l\u2019album<a href=\"http:\/\/www.youtube.com\/watch?v=1yXlw75-EIU\"><span class=\"s1\">, je parle de mon univers dans la continuit\u00e9 de mes street clips (7 \u00e9pisodes) que l\u2019on peut visionner sur YouTube<\/span><\/a>. Une pr\u00e9sentation biographique chant\u00e9e et rapp\u00e9e. On veut proposer au public un panel de ce qui se fait aujourd\u2019hui dans le rap tout en gardant la th\u00e9matique de ma vie. \u00c0 Olympic Records, on \u00e9vite les titres o\u00f9 l\u2019on se plaint. J\u2019ai choisi le titre \u00ab\u00a0Ma part du butin\u00a0\u00bb, car il y a un g\u00e2teau o\u00f9 ce sont toujours les m\u00eames qui se r\u00e9galent et je viens chercher ce qui me revient. Apr\u00e8s il y aura un autre projet \u00ab\u00a0Mi-temps\u00a0\u00bb pour rester dans l\u2019actualit\u00e9 avant d\u2019arriver vers la date fatidique de l\u2019album.<\/p>\n<figure id=\"attachment_6515\" aria-describedby=\"caption-attachment-6515\" style=\"width: 300px\" class=\"wp-caption alignleft\"><img loading=\"lazy\" decoding=\"async\" class=\"wp-image-6515 size-medium\" src=\"https:\/\/lyonbondyblog.fr\/LBB\/wp-content\/uploads\/2014\/05\/S\u00e9ance-denregistrement-pour-le-rappeur-vaudais-300x300.jpg\" alt=\"S\u00e9ance d'enregistrement pour le rappeur vaudais\" width=\"300\" height=\"300\" srcset=\"https:\/\/lyonbondyblog.fr\/LBB\/wp-content\/uploads\/2014\/05\/S\u00e9ance-denregistrement-pour-le-rappeur-vaudais-300x300.jpg 300w, https:\/\/lyonbondyblog.fr\/LBB\/wp-content\/uploads\/2014\/05\/S\u00e9ance-denregistrement-pour-le-rappeur-vaudais-150x150.jpg 150w, https:\/\/lyonbondyblog.fr\/LBB\/wp-content\/uploads\/2014\/05\/S\u00e9ance-denregistrement-pour-le-rappeur-vaudais-50x50.jpg 50w, https:\/\/lyonbondyblog.fr\/LBB\/wp-content\/uploads\/2014\/05\/S\u00e9ance-denregistrement-pour-le-rappeur-vaudais-180x180.jpg 180w, https:\/\/lyonbondyblog.fr\/LBB\/wp-content\/uploads\/2014\/05\/S\u00e9ance-denregistrement-pour-le-rappeur-vaudais-32x32.jpg 32w, https:\/\/lyonbondyblog.fr\/LBB\/wp-content\/uploads\/2014\/05\/S\u00e9ance-denregistrement-pour-le-rappeur-vaudais-64x64.jpg 64w, https:\/\/lyonbondyblog.fr\/LBB\/wp-content\/uploads\/2014\/05\/S\u00e9ance-denregistrement-pour-le-rappeur-vaudais-96x96.jpg 96w, https:\/\/lyonbondyblog.fr\/LBB\/wp-content\/uploads\/2014\/05\/S\u00e9ance-denregistrement-pour-le-rappeur-vaudais-128x128.jpg 128w, https:\/\/lyonbondyblog.fr\/LBB\/wp-content\/uploads\/2014\/05\/S\u00e9ance-denregistrement-pour-le-rappeur-vaudais.jpg 600w\" sizes=\"auto, (max-width: 300px) 100vw, 300px\" \/><figcaption id=\"caption-attachment-6515\" class=\"wp-caption-text\">S\u00e9ance d&rsquo;enregistrement pour le rappeur vaudais<\/figcaption><\/figure>\n<p class=\"p1\"><strong>Quels sont tes souhaits pour l\u2019avenir\u00a0?<\/strong><\/p>\n<p class=\"p1\">J\u2019esp\u00e8re contribuer \u00e0 sortir Lyon de l\u2019ombre et faire en sorte que les talents lyonnais puissent \u00e9merger. Ouvrir des portes et lancer des talents, ce sera mon combat. Je ne con\u00e7ois pas que l\u2019on reste sans meneur. M\u00eame au Havre, <a href=\"http:\/\/fr.wikipedia.org\/wiki\/M%C3%A9dine_(rappeur)\"><span class=\"s1\">il y a M\u00e9dine<\/span><\/a>. Chez nous, Cassus Belli n\u2019a pas \u00e9t\u00e9 soutenu comme il aurait d\u00fb l\u2019\u00eatre. C\u2019est une question de mentalit\u00e9\u2026<\/p>\n<p>&nbsp;<\/p>\n<p>&nbsp;<\/p>\n<p>&nbsp;<\/p>\n<p>&nbsp;<\/p>\n<p>&nbsp;<\/p>\n<p>&nbsp;<\/p>\n<!-- AddThis Advanced Settings generic via filter on the_content --><!-- AddThis Share Buttons generic via filter on the_content -->","protected":false},"excerpt":{"rendered":"<p>\u00c0 32 ans, l\u2019artiste originaire de Vaulx-en-Velin vit l\u2019une des ann\u00e9es les plus intenses de sa carri\u00e8re. Finaliste du Buzz Booster organis\u00e9 \u00e0 Marseille le &hellip; <!-- AddThis Advanced Settings generic via filter on wp_trim_excerpt --><!-- AddThis Share Buttons generic via filter on wp_trim_excerpt --><\/p>\n","protected":false},"author":28,"featured_media":6512,"comment_status":"open","ping_status":"open","sticky":false,"template":"","format":"standard","meta":{"_FSMCFIC_featured_image_caption":"","_FSMCFIC_featured_image_nocaption":"","_FSMCFIC_featured_image_hide":"","footnotes":""},"categories":[4],"tags":[266,101,152,135,358,205,444],"class_list":["post-6506","post","type-post","status-publish","format-standard","has-post-thumbnail","hentry","category-lyon","tag-buzzbooster","tag-hip-hop","tag-interview","tag-lbb","tag-musique","tag-rap","tag-rappeur"],"yoast_head":"<!-- This site is optimized with the Yoast SEO plugin v22.8 - https:\/\/yoast.com\/wordpress\/plugins\/seo\/ -->\n<title>Gerry Madani\u00a0: Le rappeur olympien aborde Marseille   - Lyon Bondy Blog<\/title>\n<meta name=\"robots\" content=\"index, follow, max-snippet:-1, max-image-preview:large, max-video-preview:-1\" \/>\n<link rel=\"canonical\" href=\"https:\/\/lyonbondyblog.fr\/LBB\/gerry-madani-rappeur-olympien-aborde-marseille\/\" \/>\n<meta property=\"og:locale\" content=\"fr_FR\" \/>\n<meta property=\"og:type\" content=\"article\" \/>\n<meta property=\"og:title\" content=\"Gerry Madani\u00a0: Le rappeur olympien aborde Marseille   - Lyon Bondy Blog\" \/>\n<meta property=\"og:description\" content=\"\u00c0 32 ans, l\u2019artiste originaire de Vaulx-en-Velin vit l\u2019une des ann\u00e9es les plus intenses de sa carri\u00e8re. Finaliste du Buzz Booster organis\u00e9 \u00e0 Marseille le &hellip;\" \/>\n<meta property=\"og:url\" content=\"https:\/\/lyonbondyblog.fr\/LBB\/gerry-madani-rappeur-olympien-aborde-marseille\/\" \/>\n<meta property=\"og:site_name\" content=\"Lyon Bondy Blog\" \/>\n<meta property=\"article:publisher\" content=\"https:\/\/www.facebook.com\/lyonbondyblog\" \/>\n<meta property=\"article:published_time\" content=\"2014-05-06T15:20:14+00:00\" \/>\n<meta property=\"article:modified_time\" content=\"2014-05-06T15:13:53+00:00\" \/>\n<meta property=\"og:image\" content=\"https:\/\/lyonbondyblog.fr\/LBB\/wp-content\/uploads\/2014\/05\/gerry-madami-une.jpg\" \/>\n\t<meta property=\"og:image:width\" content=\"600\" \/>\n\t<meta property=\"og:image:height\" content=\"400\" \/>\n\t<meta property=\"og:image:type\" content=\"image\/jpeg\" \/>\n<meta name=\"author\" content=\"Mohamed Braiki\" \/>\n<meta name=\"twitter:card\" content=\"summary_large_image\" \/>\n<meta name=\"twitter:creator\" content=\"@bondybloglyon\" \/>\n<meta name=\"twitter:site\" content=\"@bondybloglyon\" \/>\n<script type=\"application\/ld+json\" class=\"yoast-schema-graph\">{\"@context\":\"https:\/\/schema.org\",\"@graph\":[{\"@type\":\"Article\",\"@id\":\"https:\/\/lyonbondyblog.fr\/LBB\/gerry-madani-rappeur-olympien-aborde-marseille\/#article\",\"isPartOf\":{\"@id\":\"https:\/\/lyonbondyblog.fr\/LBB\/gerry-madani-rappeur-olympien-aborde-marseille\/\"},\"author\":{\"name\":\"Mohamed Braiki\",\"@id\":\"https:\/\/lyonbondyblog.fr\/LBB\/#\/schema\/person\/558339ea4e67b07f7a2df48e9605b75c\"},\"headline\":\"Gerry Madani\u00a0: Le rappeur olympien aborde Marseille\",\"datePublished\":\"2014-05-06T15:20:14+00:00\",\"dateModified\":\"2014-05-06T15:13:53+00:00\",\"mainEntityOfPage\":{\"@id\":\"https:\/\/lyonbondyblog.fr\/LBB\/gerry-madani-rappeur-olympien-aborde-marseille\/\"},\"wordCount\":1590,\"commentCount\":0,\"publisher\":{\"@id\":\"https:\/\/lyonbondyblog.fr\/LBB\/#organization\"},\"image\":{\"@id\":\"https:\/\/lyonbondyblog.fr\/LBB\/gerry-madani-rappeur-olympien-aborde-marseille\/#primaryimage\"},\"thumbnailUrl\":\"https:\/\/lyonbondyblog.fr\/LBB\/wp-content\/uploads\/2014\/05\/gerry-madami-une.jpg\",\"keywords\":[\"Buzzbooster\",\"hip-hop\",\"interview\",\"LBB\",\"musique\",\"rap\",\"rappeur\"],\"articleSection\":[\"Lyon\"],\"inLanguage\":\"fr-FR\",\"potentialAction\":[{\"@type\":\"CommentAction\",\"name\":\"Comment\",\"target\":[\"https:\/\/lyonbondyblog.fr\/LBB\/gerry-madani-rappeur-olympien-aborde-marseille\/#respond\"]}]},{\"@type\":\"WebPage\",\"@id\":\"https:\/\/lyonbondyblog.fr\/LBB\/gerry-madani-rappeur-olympien-aborde-marseille\/\",\"url\":\"https:\/\/lyonbondyblog.fr\/LBB\/gerry-madani-rappeur-olympien-aborde-marseille\/\",\"name\":\"Gerry Madani\u00a0: Le rappeur olympien aborde Marseille - Lyon Bondy Blog\",\"isPartOf\":{\"@id\":\"https:\/\/lyonbondyblog.fr\/LBB\/#website\"},\"primaryImageOfPage\":{\"@id\":\"https:\/\/lyonbondyblog.fr\/LBB\/gerry-madani-rappeur-olympien-aborde-marseille\/#primaryimage\"},\"image\":{\"@id\":\"https:\/\/lyonbondyblog.fr\/LBB\/gerry-madani-rappeur-olympien-aborde-marseille\/#primaryimage\"},\"thumbnailUrl\":\"https:\/\/lyonbondyblog.fr\/LBB\/wp-content\/uploads\/2014\/05\/gerry-madami-une.jpg\",\"datePublished\":\"2014-05-06T15:20:14+00:00\",\"dateModified\":\"2014-05-06T15:13:53+00:00\",\"inLanguage\":\"fr-FR\",\"potentialAction\":[{\"@type\":\"ReadAction\",\"target\":[\"https:\/\/lyonbondyblog.fr\/LBB\/gerry-madani-rappeur-olympien-aborde-marseille\/\"]}]},{\"@type\":\"ImageObject\",\"inLanguage\":\"fr-FR\",\"@id\":\"https:\/\/lyonbondyblog.fr\/LBB\/gerry-madani-rappeur-olympien-aborde-marseille\/#primaryimage\",\"url\":\"https:\/\/lyonbondyblog.fr\/LBB\/wp-content\/uploads\/2014\/05\/gerry-madami-une.jpg\",\"contentUrl\":\"https:\/\/lyonbondyblog.fr\/LBB\/wp-content\/uploads\/2014\/05\/gerry-madami-une.jpg\",\"width\":600,\"height\":400},{\"@type\":\"WebSite\",\"@id\":\"https:\/\/lyonbondyblog.fr\/LBB\/#website\",\"url\":\"https:\/\/lyonbondyblog.fr\/LBB\/\",\"name\":\"Lyon Bondy Blog\",\"description\":\"\",\"publisher\":{\"@id\":\"https:\/\/lyonbondyblog.fr\/LBB\/#organization\"},\"potentialAction\":[{\"@type\":\"SearchAction\",\"target\":{\"@type\":\"EntryPoint\",\"urlTemplate\":\"https:\/\/lyonbondyblog.fr\/LBB\/?s={search_term_string}\"},\"query-input\":\"required name=search_term_string\"}],\"inLanguage\":\"fr-FR\"},{\"@type\":\"Organization\",\"@id\":\"https:\/\/lyonbondyblog.fr\/LBB\/#organization\",\"name\":\"LYON BONDY BLOG\",\"url\":\"https:\/\/lyonbondyblog.fr\/LBB\/\",\"logo\":{\"@type\":\"ImageObject\",\"inLanguage\":\"fr-FR\",\"@id\":\"https:\/\/lyonbondyblog.fr\/LBB\/#\/schema\/logo\/image\/\",\"url\":\"http:\/\/lyonbondyblog.fr\/LBB\/wp-content\/uploads\/2014\/10\/logo-portable-144.png\",\"contentUrl\":\"http:\/\/lyonbondyblog.fr\/LBB\/wp-content\/uploads\/2014\/10\/logo-portable-144.png\",\"width\":144,\"height\":123,\"caption\":\"LYON BONDY BLOG\"},\"image\":{\"@id\":\"https:\/\/lyonbondyblog.fr\/LBB\/#\/schema\/logo\/image\/\"},\"sameAs\":[\"https:\/\/www.facebook.com\/lyonbondyblog\",\"https:\/\/x.com\/bondybloglyon\"]},{\"@type\":\"Person\",\"@id\":\"https:\/\/lyonbondyblog.fr\/LBB\/#\/schema\/person\/558339ea4e67b07f7a2df48e9605b75c\",\"name\":\"Mohamed Braiki\",\"description\":\"Natif de Lyon et enfant des Minguettes, je suis dipl\u00f4m\u00e9 de Lettres de la Fac de Lyon 2 et l\u2019EFAP Rh\u00f4ne Alpes. J\u2019ai roul\u00e9 ma bosse dans des r\u00e9dactions lyonnaises comme la radio Lyon Sport 98.4, Le Progr\u00e8s, Foot 69.fr, Tribune de Lyon et Lyon Capitale. braikimohamed@yahoo.fr\",\"url\":\"https:\/\/lyonbondyblog.fr\/LBB\/author\/mohamed\/\"}]}<\/script>\n<!-- \/ Yoast SEO plugin. -->","yoast_head_json":{"title":"Gerry Madani\u00a0: Le rappeur olympien aborde Marseille   - Lyon Bondy Blog","robots":{"index":"index","follow":"follow","max-snippet":"max-snippet:-1","max-image-preview":"max-image-preview:large","max-video-preview":"max-video-preview:-1"},"canonical":"https:\/\/lyonbondyblog.fr\/LBB\/gerry-madani-rappeur-olympien-aborde-marseille\/","og_locale":"fr_FR","og_type":"article","og_title":"Gerry Madani\u00a0: Le rappeur olympien aborde Marseille   - Lyon Bondy Blog","og_description":"\u00c0 32 ans, l\u2019artiste originaire de Vaulx-en-Velin vit l\u2019une des ann\u00e9es les plus intenses de sa carri\u00e8re. Finaliste du Buzz Booster organis\u00e9 \u00e0 Marseille le &hellip;","og_url":"https:\/\/lyonbondyblog.fr\/LBB\/gerry-madani-rappeur-olympien-aborde-marseille\/","og_site_name":"Lyon Bondy Blog","article_publisher":"https:\/\/www.facebook.com\/lyonbondyblog","article_published_time":"2014-05-06T15:20:14+00:00","article_modified_time":"2014-05-06T15:13:53+00:00","og_image":[{"width":600,"height":400,"url":"https:\/\/lyonbondyblog.fr\/LBB\/wp-content\/uploads\/2014\/05\/gerry-madami-une.jpg","type":"image\/jpeg"}],"author":"Mohamed Braiki","twitter_card":"summary_large_image","twitter_creator":"@bondybloglyon","twitter_site":"@bondybloglyon","schema":{"@context":"https:\/\/schema.org","@graph":[{"@type":"Article","@id":"https:\/\/lyonbondyblog.fr\/LBB\/gerry-madani-rappeur-olympien-aborde-marseille\/#article","isPartOf":{"@id":"https:\/\/lyonbondyblog.fr\/LBB\/gerry-madani-rappeur-olympien-aborde-marseille\/"},"author":{"name":"Mohamed Braiki","@id":"https:\/\/lyonbondyblog.fr\/LBB\/#\/schema\/person\/558339ea4e67b07f7a2df48e9605b75c"},"headline":"Gerry Madani\u00a0: Le rappeur olympien aborde Marseille","datePublished":"2014-05-06T15:20:14+00:00","dateModified":"2014-05-06T15:13:53+00:00","mainEntityOfPage":{"@id":"https:\/\/lyonbondyblog.fr\/LBB\/gerry-madani-rappeur-olympien-aborde-marseille\/"},"wordCount":1590,"commentCount":0,"publisher":{"@id":"https:\/\/lyonbondyblog.fr\/LBB\/#organization"},"image":{"@id":"https:\/\/lyonbondyblog.fr\/LBB\/gerry-madani-rappeur-olympien-aborde-marseille\/#primaryimage"},"thumbnailUrl":"https:\/\/lyonbondyblog.fr\/LBB\/wp-content\/uploads\/2014\/05\/gerry-madami-une.jpg","keywords":["Buzzbooster","hip-hop","interview","LBB","musique","rap","rappeur"],"articleSection":["Lyon"],"inLanguage":"fr-FR","potentialAction":[{"@type":"CommentAction","name":"Comment","target":["https:\/\/lyonbondyblog.fr\/LBB\/gerry-madani-rappeur-olympien-aborde-marseille\/#respond"]}]},{"@type":"WebPage","@id":"https:\/\/lyonbondyblog.fr\/LBB\/gerry-madani-rappeur-olympien-aborde-marseille\/","url":"https:\/\/lyonbondyblog.fr\/LBB\/gerry-madani-rappeur-olympien-aborde-marseille\/","name":"Gerry Madani\u00a0: Le rappeur olympien aborde Marseille - Lyon Bondy Blog","isPartOf":{"@id":"https:\/\/lyonbondyblog.fr\/LBB\/#website"},"primaryImageOfPage":{"@id":"https:\/\/lyonbondyblog.fr\/LBB\/gerry-madani-rappeur-olympien-aborde-marseille\/#primaryimage"},"image":{"@id":"https:\/\/lyonbondyblog.fr\/LBB\/gerry-madani-rappeur-olympien-aborde-marseille\/#primaryimage"},"thumbnailUrl":"https:\/\/lyonbondyblog.fr\/LBB\/wp-content\/uploads\/2014\/05\/gerry-madami-une.jpg","datePublished":"2014-05-06T15:20:14+00:00","dateModified":"2014-05-06T15:13:53+00:00","inLanguage":"fr-FR","potentialAction":[{"@type":"ReadAction","target":["https:\/\/lyonbondyblog.fr\/LBB\/gerry-madani-rappeur-olympien-aborde-marseille\/"]}]},{"@type":"ImageObject","inLanguage":"fr-FR","@id":"https:\/\/lyonbondyblog.fr\/LBB\/gerry-madani-rappeur-olympien-aborde-marseille\/#primaryimage","url":"https:\/\/lyonbondyblog.fr\/LBB\/wp-content\/uploads\/2014\/05\/gerry-madami-une.jpg","contentUrl":"https:\/\/lyonbondyblog.fr\/LBB\/wp-content\/uploads\/2014\/05\/gerry-madami-une.jpg","width":600,"height":400},{"@type":"WebSite","@id":"https:\/\/lyonbondyblog.fr\/LBB\/#website","url":"https:\/\/lyonbondyblog.fr\/LBB\/","name":"Lyon Bondy Blog","description":"","publisher":{"@id":"https:\/\/lyonbondyblog.fr\/LBB\/#organization"},"potentialAction":[{"@type":"SearchAction","target":{"@type":"EntryPoint","urlTemplate":"https:\/\/lyonbondyblog.fr\/LBB\/?s={search_term_string}"},"query-input":"required name=search_term_string"}],"inLanguage":"fr-FR"},{"@type":"Organization","@id":"https:\/\/lyonbondyblog.fr\/LBB\/#organization","name":"LYON BONDY BLOG","url":"https:\/\/lyonbondyblog.fr\/LBB\/","logo":{"@type":"ImageObject","inLanguage":"fr-FR","@id":"https:\/\/lyonbondyblog.fr\/LBB\/#\/schema\/logo\/image\/","url":"http:\/\/lyonbondyblog.fr\/LBB\/wp-content\/uploads\/2014\/10\/logo-portable-144.png","contentUrl":"http:\/\/lyonbondyblog.fr\/LBB\/wp-content\/uploads\/2014\/10\/logo-portable-144.png","width":144,"height":123,"caption":"LYON BONDY BLOG"},"image":{"@id":"https:\/\/lyonbondyblog.fr\/LBB\/#\/schema\/logo\/image\/"},"sameAs":["https:\/\/www.facebook.com\/lyonbondyblog","https:\/\/x.com\/bondybloglyon"]},{"@type":"Person","@id":"https:\/\/lyonbondyblog.fr\/LBB\/#\/schema\/person\/558339ea4e67b07f7a2df48e9605b75c","name":"Mohamed Braiki","description":"Natif de Lyon et enfant des Minguettes, je suis dipl\u00f4m\u00e9 de Lettres de la Fac de Lyon 2 et l\u2019EFAP Rh\u00f4ne Alpes. J\u2019ai roul\u00e9 ma bosse dans des r\u00e9dactions lyonnaises comme la radio Lyon Sport 98.4, Le Progr\u00e8s, Foot 69.fr, Tribune de Lyon et Lyon Capitale. braikimohamed@yahoo.fr","url":"https:\/\/lyonbondyblog.fr\/LBB\/author\/mohamed\/"}]}},"_links":{"self":[{"href":"https:\/\/lyonbondyblog.fr\/LBB\/wp-json\/wp\/v2\/posts\/6506","targetHints":{"allow":["GET"]}}],"collection":[{"href":"https:\/\/lyonbondyblog.fr\/LBB\/wp-json\/wp\/v2\/posts"}],"about":[{"href":"https:\/\/lyonbondyblog.fr\/LBB\/wp-json\/wp\/v2\/types\/post"}],"author":[{"embeddable":true,"href":"https:\/\/lyonbondyblog.fr\/LBB\/wp-json\/wp\/v2\/users\/28"}],"replies":[{"embeddable":true,"href":"https:\/\/lyonbondyblog.fr\/LBB\/wp-json\/wp\/v2\/comments?post=6506"}],"version-history":[{"count":0,"href":"https:\/\/lyonbondyblog.fr\/LBB\/wp-json\/wp\/v2\/posts\/6506\/revisions"}],"wp:featuredmedia":[{"embeddable":true,"href":"https:\/\/lyonbondyblog.fr\/LBB\/wp-json\/wp\/v2\/media\/6512"}],"wp:attachment":[{"href":"https:\/\/lyonbondyblog.fr\/LBB\/wp-json\/wp\/v2\/media?parent=6506"}],"wp:term":[{"taxonomy":"category","embeddable":true,"href":"https:\/\/lyonbondyblog.fr\/LBB\/wp-json\/wp\/v2\/categories?post=6506"},{"taxonomy":"post_tag","embeddable":true,"href":"https:\/\/lyonbondyblog.fr\/LBB\/wp-json\/wp\/v2\/tags?post=6506"}],"curies":[{"name":"wp","href":"https:\/\/api.w.org\/{rel}","templated":true}]}}