{"id":6493,"date":"2014-04-30T18:49:54","date_gmt":"2014-04-30T16:49:54","guid":{"rendered":"http:\/\/lyonbondyblog.fr\/LBB\/?p=6493"},"modified":"2015-07-07T15:49:51","modified_gmt":"2015-07-07T13:49:51","slug":"carte-sejour-combat-du-dernier-mur","status":"publish","type":"post","link":"https:\/\/lyonbondyblog.fr\/LBB\/carte-sejour-combat-du-dernier-mur\/","title":{"rendered":"Carte de s\u00e9jour : le combat du dernier m\u00fbr"},"content":{"rendered":"<p><strong>Le boxeur albanais Kristian Matija qui a d\u00e9j\u00e0 relat\u00e9 son parcours de demandeur d\u2019asile au LBB n\u2019a pas termin\u00e9 son combat pour la r\u00e9gularisation. Un sc\u00e9nario impliquant associations, administrations et institutions, mais dont l\u2019humanisme de son manager Saadi Mechiche tient la t\u00eate d\u2019affiche. Il permet \u00e9galement de mieux comprendre les rouages d\u2019un syst\u00e8me peu connu. Plong\u00e9e dans la r\u00e9alit\u00e9 des demandeurs d\u2019asile.<\/strong><\/p>\n<p>&nbsp;<\/p>\n<p>En aller simple, les voyages sans escales ne sont pas forc\u00e9ment les plus haletants. Ponctu\u00e9s d\u2019\u00e9pisodes ou d\u2019\u00e9preuves parmi les plus p\u00e9nibles, ils deviennent plus prenants. La vie de Kristian Matija (23 ans), r\u00e9fugi\u00e9 politique et boxeur professionnel albanais rencontr\u00e9 <a href=\"https:\/\/lyonbondyblog.fr\/LBB\/boxeurs-refugies-politiques-ils-mettent-ko-les-idees-recus\/\">il y a quelques jours \u00e0 La Plaine des Jeux de Gerland<\/a> est un roman en plusieurs volumes.<\/p>\n<p>Il a remport\u00e9 son deuxi\u00e8me combat professionnel dans la cat\u00e9gorie super-l\u00e9ger le 4 avril dernier \u00e0 Saint-Chamond contre Mehdi Kassimi et se pr\u00e9pare d\u00e9sormais \u00e0 affronter <a href=\"http:\/\/tousavecmodibo.over-blog.com\/\">le champion du monde de boxe fran\u00e7aise et de boxe tha<em>\u00efe <\/em>Modibo Diarra<\/a> en juin prochain. Un aboutissement pour son entra\u00eeneur Saadi Mechiche qui est parvenu \u00e0 le sortir des ponts de Perrache.<\/p>\n<p>C\u2019est l\u00e0 que trois cents demandeurs d\u2019asile albanais, dont quatre-vingt-dix enfants ont \u00e9t\u00e9 d\u00e9log\u00e9s (pont Kitchener) le 18 novembre 2013 pour \u00eatre pris en charge par les associations comme Forum des r\u00e9fugi\u00e9s-Cosi ou <a href=\"http:\/\/www.adoma.fr\/adoma\/Accueil\/p-3-Accueil.htm\">Adoma<\/a>.<\/p>\n<p>Apr\u00e8s l\u2019euphorie des progr\u00e8s techniques, physiques et linguistiques, les choses se sont compliqu\u00e9es ces derniers jours pour le boxeur.<\/p>\n<p>En d\u00e9cembre 2013, il effectuait une premi\u00e8re demande d\u2019asile et essuyait un premier refus avant de faire un recours un mois plus tard aupr\u00e8s <a href=\"http:\/\/www.ofpra.gouv.fr\/\">de l\u2019OFPRA<\/a> via <a href=\"http:\/\/www.forumrefugies.org\/\">le Forum des r\u00e9fugi\u00e9s-Cosi<\/a>. C\u2019\u00e9tait encore un \u00e9chec. Selon Saadi Mechiche\u00a0: <em>\u00ab\u00a0Son cas ne relevait pas de dangerosit\u00e9. \u00bb<\/em><\/p>\n<h2>Le Forum des r\u00e9fugi\u00e9s\u00a0: une main tendue \u00e0 la fronti\u00e8re<\/h2>\n<p><img loading=\"lazy\" decoding=\"async\" width=\"600\" height=\"450\" class=\"aligncenter size-full wp-image-6495\" src=\"https:\/\/lyonbondyblog.fr\/LBB\/wp-content\/uploads\/2014\/04\/DSCF4049.jpg\" alt=\"DSCF4049\" srcset=\"https:\/\/lyonbondyblog.fr\/LBB\/wp-content\/uploads\/2014\/04\/DSCF4049.jpg 600w, https:\/\/lyonbondyblog.fr\/LBB\/wp-content\/uploads\/2014\/04\/DSCF4049-300x225.jpg 300w\" sizes=\"auto, (max-width: 600px) 100vw, 600px\" \/><\/p>\n<p>Les dirigeants du Lyon Boxe ne se sont pas inqui\u00e9t\u00e9s, car ils connaissent l\u2019engagement du Forum des R\u00e9fugi\u00e9s-COSI bas\u00e9 \u00e0 Lyon (8<sup>\u00e8me<\/sup>) et cr\u00e9\u00e9 en 1982. Il appara\u00eet comme un interlocuteur privil\u00e9gi\u00e9 g\u00e9rant l\u2019accueil, la protection et l\u2019accompagnement des r\u00e9fugi\u00e9s <a href=\"r.wikipedia.org:wiki:Convention_du_28_juillet_1951_relative_au_statut_des_r%C3%A9fugi%C3%A9s\">dans le cadre de la convention de Gen\u00e8ve de 1951.<\/a> Les droits de l\u2019homme demeurent donc le vecteur principal de cette association qui participe \u00e0 de nombreux r\u00e9seaux associatifs et compte des bailleurs de fonds comme l\u2019ONU, la communaut\u00e9 europ\u00e9enne, l\u2019organisation internationale de la francophonie ou <a href=\"http:\/\/www.ofii.fr\/\">l\u2019office fran\u00e7ais de l\u2019int\u00e9gration et de l\u2019immigration. \u00a0<\/a><\/p>\n<p>Le service de communication confirme que <em>\u00ab\u00a0la structure accompagne 1000 personnes par jour. La proc\u00e9dure de demande est laborieuse et complexe. Il est pr\u00e9f\u00e9rable pour eux d\u2019\u00eatre accompagn\u00e9, mais les principales man\u0153uvres passent par l\u2019OFPRA (office fran\u00e7ais de protection des r\u00e9fugi\u00e9s et apatrides).\u00a0\u00bb<\/em><\/p>\n<p>Celui-ci est d\u00e9crit dans son site <em>\u00ab\u00a0comme un \u00e9tablissement public dot\u00e9 de l&rsquo;autonomie administrative et financi\u00e8re, charg\u00e9 de l&rsquo;application des textes fran\u00e7ais et des conventions europ\u00e9ennes et internationales relatifs \u00e0 la reconnaissance de la qualit\u00e9 de r\u00e9fugi\u00e9, d&rsquo;apatride et \u00e0 l\u2019admission \u00e0 la protection subsidiaire.\u00a0\u00bb<\/em><\/p>\n<p>C\u2019est l\u2019OFPRA qui dresse la liste des pays d\u2019origine \u2014 comme\u00a0Le Cap-Vert ou La Moldavie \u2014 \u00e9tablie <a href=\"http:\/\/www.legifrance.gouv.fr\/affichTexte.do?cidTexte=JORFTEXT000000611789&amp;dateTexte=&amp;categorieLien=id\">par la loi du 10 d\u00e9cembre 2003<\/a>. Vot\u00e9e alors que Nicolas Sarkozy \u00e9tait ministre de l\u2019Int\u00e9rieur, celle-ci a donc \u00e9t\u00e9 d\u00e9terminante pour la demande de Kristian.<\/p>\n<p>\u00c0 noter que son conseil d\u2019administration du 26 mars dernier a retir\u00e9 l\u2019Ukraine de cette liste suite aux r\u00e9cents \u00e9v\u00e8nements politiques.<\/p>\n<h2>Les r\u00e9alit\u00e9s de l\u2019administration fran\u00e7aise<\/h2>\n<p>Kristian se lance dans un troisi\u00e8me round o\u00f9 il effectue une demande de carte de s\u00e9jour le 16 avril dernier qui sera accept\u00e9e \u00e0 titre provisoire jusqu\u2019au 15 aout. Un avocat commis d\u2019office et bas\u00e9 \u00e0 Paris lui est octroy\u00e9.<\/p>\n<p><em>\u00ab\u00a0Durant toute la proc\u00e9dure, nous n\u2019avons eu aucune nouvelle de Ma\u00eetre Rokaya malgr\u00e9 nos mails ou nos diff\u00e9rents appels.\u00a0\u00bb<\/em> Raconte Saadi Mechiche. <em>\u00ab\u00a0Elle a toutefois d\u00e9fendu son dossier \u00e0 la va-vite. Comme si les gens n\u2019\u00e9taient en fait que de la chair \u00e0 canon\u00a0!\u00a0\u00bb<\/em><\/p>\n<p><em>\u00ab\u00a0Je m\u2019attendais \u00e0 ce que l\u2019administration fran\u00e7aise pose des probl\u00e8mes. En Albanie, ce n\u2019est pas le m\u00eame syst\u00e8me avec la corruption\u00a0!\u00a0\u00bb<\/em> Ironise Kristian.<\/p>\n<p><em>\u00ab\u00a0J\u2019\u00e9tais d\u00e9\u00e7u, mais confiant raconte Kristian. Les papiers sont tr\u00e8s importants pour moi. Ce sont des cl\u00e9s pour le travail et le logement. Mais Saadi m\u2019a aid\u00e9 \u00e0 me concentrer sur le combat du 4 avril. Et puis j\u2019ai toujours le soutien de ma famille.\u00a0\u00bb<\/em><\/p>\n<p>Ce dernier a \u00e9t\u00e9 invit\u00e9 \u00e0 quitter son h\u00e9bergement de la place Gabriel P\u00e9ri (Lyon 3<sup>\u00e8me<\/sup>), lundi dernier\u00a0\u00ab\u00a0suite \u00e0 la convention le liant \u00e0 la au droit national et international.\u00a0\u00bb<\/p>\n<p>\u00c0 Lyon Boxe, on n\u2019est pas du genre \u00e0 se laisser d\u00e9monter. <a href=\"http:\/\/www.latribune.fr\/actualites\/economie\/france\/20121128trib000733786\/sans-papiers-manuel-valls-rend-sa-copie.html\">La circulaire sur les sans-papiers de Manuel Valls<\/a> alors ministre de l\u2019Int\u00e9rieur entr\u00e9e en vigueur en janvier 2013 a \u00e9t\u00e9 lue de long en large. <em>\u00ab\u00a0N\u2019ayant pas vocation \u00e0 augmenter les r\u00e9gularisations\u00a0\u00bb<\/em>, celle-ci exige une pr\u00e9sence de cinq ans sur le territoire fran\u00e7ais pour obtenir le s\u00e9same.<\/p>\n<p>D\u2019apr\u00e8s un article publi\u00e9 dans Le Point en novembre 2012, Fran\u00e7ois Hollande avait r\u00e9p\u00e9t\u00e9 durant sa campagne pr\u00e9sidentielle\u00a0: <a href=\"http:\/\/fr.wikipedia.org\/wiki\/Sans-papiers\">\u00ab\u00a0Il ne s&rsquo;agit pas de r\u00e9gulariser en masse comme en 1981 (131 000 \u00e9trangers r\u00e9gularis\u00e9s) ou 1997 (80 000),<\/a> m\u00eame si la circulaire entra\u00eenera peut-\u00eatre dans un premier temps une augmentation ponctuelle des r\u00e9gularisations.\u00a0\u00bb<\/p>\n<p>En novembre 2013, 46\u00a0000 sans papiers \u00e9taient r\u00e9gularis\u00e9s apr\u00e8s la fameuse d\u00e9claration de l\u2019actuel premier ministre\u00a0du mois de janvier de la m\u00eame ann\u00e9e\u00a0: <em>\u00ab\u00a0les\u00a0<a href=\"http:\/\/fr.wikipedia.org\/wiki\/Roms\">Roms<\/a>\u00a0ont vocation \u00e0 rester en\u00a0<a href=\"http:\/\/fr.wikipedia.org\/wiki\/Roumanie\">Roumanie<\/a>\u00a0ou en\u00a0<a href=\"http:\/\/fr.wikipedia.org\/wiki\/Bulgarie\">Bulgarie<\/a>\u00a0ou \u00e0 y retourner.\u00a0\u00bb<\/em> Cette citation ayant provoqu\u00e9 un toll\u00e9 et attir\u00e9 les foudres des m\u00e9dias et de la classe politique.<\/p>\n<h2>Un gain d\u2019espoir pour un papier<\/h2>\n<p>Saadi Mechiche per\u00e7oit une br\u00e8che, mais demeure pragmatique\u00a0:<\/p>\n<p><em>\u00ab\u00a0Il y appara\u00eet que les artistes ou les sportifs apportant une comp\u00e9tence peuvent faire une demande de carte de s\u00e9jour. Les choses se sont bien pass\u00e9es, car le dossier a \u00e9t\u00e9 pris en compte par la pr\u00e9fecture du Rh\u00f4ne. Rien n\u2019est gagn\u00e9, on l\u2019a obtenu, mais avec une interdiction de travailler. L\u2019association n\u2019a pas la possibilit\u00e9 pour l\u2019instant de l\u2019employer, mais il peut toutefois percevoir ses bourses de boxeur pro, car cela ne rel\u00e8ve seulement que de la f\u00e9d\u00e9ration fran\u00e7aise de boxe.\u00a0\u00bb<\/em><\/p>\n<p>Une victoire am\u00e8re qui co\u00fbte une prise en charge sociale improductive de cet athl\u00e8te. Kristian se rappelle que les compatriotes qu\u2019il c\u00f4toyait sous les ponts <em>\u00ab\u00a0demeuraient un an en moyenne en situation irr\u00e9guli\u00e8re. Mais il y avait aussi beaucoup de vols et de trafics de papiers.\u00a0\u00bb<\/em><\/p>\n<p>Le combat juridique et administratif n\u2019est pas termin\u00e9, mais tous les licenci\u00e9s du Lyon Boxe se sont rassembl\u00e9s autour de cette cause. Reste pour Kristian Matija \u00e0 marquer l\u2019histoire du club de ses encha\u00eenements\u2026<\/p>\n<!-- AddThis Advanced Settings generic via filter on the_content --><!-- AddThis Share Buttons generic via filter on the_content -->","protected":false},"excerpt":{"rendered":"<p>Le boxeur albanais Kristian Matija qui a d\u00e9j\u00e0 relat\u00e9 son parcours de demandeur d\u2019asile au LBB n\u2019a pas termin\u00e9 son combat pour la r\u00e9gularisation. Un &hellip; <!-- AddThis Advanced Settings generic via filter on wp_trim_excerpt --><!-- AddThis Share Buttons generic via filter on wp_trim_excerpt --><\/p>\n","protected":false},"author":28,"featured_media":6496,"comment_status":"open","ping_status":"open","sticky":false,"template":"","format":"standard","meta":{"_FSMCFIC_featured_image_caption":"","_FSMCFIC_featured_image_nocaption":"","_FSMCFIC_featured_image_hide":"","footnotes":""},"categories":[4,2],"tags":[614,1071,87,661,677,135,10,165,892,29],"class_list":["post-6493","post","type-post","status-publish","format-standard","has-post-thumbnail","hentry","category-lyon","category-societe","tag-614","tag-albanie","tag-associatif","tag-boxe","tag-immigration","tag-lbb","tag-lyon-2","tag-politique-2","tag-refugies","tag-sport"],"yoast_head":"<!-- This site is optimized with the Yoast SEO plugin v22.8 - https:\/\/yoast.com\/wordpress\/plugins\/seo\/ -->\n<title>Carte de s\u00e9jour : le combat du dernier m\u00fbr - Lyon Bondy Blog<\/title>\n<meta name=\"robots\" content=\"index, follow, max-snippet:-1, max-image-preview:large, max-video-preview:-1\" \/>\n<link rel=\"canonical\" href=\"https:\/\/lyonbondyblog.fr\/LBB\/carte-sejour-combat-du-dernier-mur\/\" \/>\n<meta property=\"og:locale\" content=\"fr_FR\" \/>\n<meta property=\"og:type\" content=\"article\" \/>\n<meta property=\"og:title\" content=\"Carte de s\u00e9jour : le combat du dernier m\u00fbr - Lyon Bondy Blog\" \/>\n<meta property=\"og:description\" content=\"Le boxeur albanais Kristian Matija qui a d\u00e9j\u00e0 relat\u00e9 son parcours de demandeur d\u2019asile au LBB n\u2019a pas termin\u00e9 son combat pour la r\u00e9gularisation. Un &hellip;\" \/>\n<meta property=\"og:url\" content=\"https:\/\/lyonbondyblog.fr\/LBB\/carte-sejour-combat-du-dernier-mur\/\" \/>\n<meta property=\"og:site_name\" content=\"Lyon Bondy Blog\" \/>\n<meta property=\"article:publisher\" content=\"https:\/\/www.facebook.com\/lyonbondyblog\" \/>\n<meta property=\"article:published_time\" content=\"2014-04-30T16:49:54+00:00\" \/>\n<meta property=\"article:modified_time\" content=\"2015-07-07T13:49:51+00:00\" \/>\n<meta property=\"og:image\" content=\"https:\/\/lyonbondyblog.fr\/LBB\/wp-content\/uploads\/2014\/04\/une-carte-sejour.jpg\" \/>\n\t<meta property=\"og:image:width\" content=\"600\" \/>\n\t<meta property=\"og:image:height\" content=\"400\" \/>\n\t<meta property=\"og:image:type\" content=\"image\/jpeg\" \/>\n<meta name=\"author\" content=\"Mohamed Braiki\" \/>\n<meta name=\"twitter:card\" content=\"summary_large_image\" \/>\n<meta name=\"twitter:creator\" content=\"@bondybloglyon\" \/>\n<meta name=\"twitter:site\" content=\"@bondybloglyon\" \/>\n<script type=\"application\/ld+json\" class=\"yoast-schema-graph\">{\"@context\":\"https:\/\/schema.org\",\"@graph\":[{\"@type\":\"Article\",\"@id\":\"https:\/\/lyonbondyblog.fr\/LBB\/carte-sejour-combat-du-dernier-mur\/#article\",\"isPartOf\":{\"@id\":\"https:\/\/lyonbondyblog.fr\/LBB\/carte-sejour-combat-du-dernier-mur\/\"},\"author\":{\"name\":\"Mohamed Braiki\",\"@id\":\"https:\/\/lyonbondyblog.fr\/LBB\/#\/schema\/person\/558339ea4e67b07f7a2df48e9605b75c\"},\"headline\":\"Carte de s\u00e9jour : le combat du dernier m\u00fbr\",\"datePublished\":\"2014-04-30T16:49:54+00:00\",\"dateModified\":\"2015-07-07T13:49:51+00:00\",\"mainEntityOfPage\":{\"@id\":\"https:\/\/lyonbondyblog.fr\/LBB\/carte-sejour-combat-du-dernier-mur\/\"},\"wordCount\":1213,\"commentCount\":0,\"publisher\":{\"@id\":\"https:\/\/lyonbondyblog.fr\/LBB\/#organization\"},\"image\":{\"@id\":\"https:\/\/lyonbondyblog.fr\/LBB\/carte-sejour-combat-du-dernier-mur\/#primaryimage\"},\"thumbnailUrl\":\"https:\/\/lyonbondyblog.fr\/LBB\/wp-content\/uploads\/2014\/04\/une-carte-sejour.jpg\",\"keywords\":[\"2014\",\"Albanie\",\"Associatif\",\"Boxe\",\"immigration\",\"LBB\",\"lyon\",\"politique\",\"r\u00e9fugi\u00e9s\",\"sport\"],\"articleSection\":[\"Lyon\",\"Soci\u00e9t\u00e9\"],\"inLanguage\":\"fr-FR\",\"potentialAction\":[{\"@type\":\"CommentAction\",\"name\":\"Comment\",\"target\":[\"https:\/\/lyonbondyblog.fr\/LBB\/carte-sejour-combat-du-dernier-mur\/#respond\"]}]},{\"@type\":\"WebPage\",\"@id\":\"https:\/\/lyonbondyblog.fr\/LBB\/carte-sejour-combat-du-dernier-mur\/\",\"url\":\"https:\/\/lyonbondyblog.fr\/LBB\/carte-sejour-combat-du-dernier-mur\/\",\"name\":\"Carte de s\u00e9jour : le combat du dernier m\u00fbr - Lyon Bondy Blog\",\"isPartOf\":{\"@id\":\"https:\/\/lyonbondyblog.fr\/LBB\/#website\"},\"primaryImageOfPage\":{\"@id\":\"https:\/\/lyonbondyblog.fr\/LBB\/carte-sejour-combat-du-dernier-mur\/#primaryimage\"},\"image\":{\"@id\":\"https:\/\/lyonbondyblog.fr\/LBB\/carte-sejour-combat-du-dernier-mur\/#primaryimage\"},\"thumbnailUrl\":\"https:\/\/lyonbondyblog.fr\/LBB\/wp-content\/uploads\/2014\/04\/une-carte-sejour.jpg\",\"datePublished\":\"2014-04-30T16:49:54+00:00\",\"dateModified\":\"2015-07-07T13:49:51+00:00\",\"inLanguage\":\"fr-FR\",\"potentialAction\":[{\"@type\":\"ReadAction\",\"target\":[\"https:\/\/lyonbondyblog.fr\/LBB\/carte-sejour-combat-du-dernier-mur\/\"]}]},{\"@type\":\"ImageObject\",\"inLanguage\":\"fr-FR\",\"@id\":\"https:\/\/lyonbondyblog.fr\/LBB\/carte-sejour-combat-du-dernier-mur\/#primaryimage\",\"url\":\"https:\/\/lyonbondyblog.fr\/LBB\/wp-content\/uploads\/2014\/04\/une-carte-sejour.jpg\",\"contentUrl\":\"https:\/\/lyonbondyblog.fr\/LBB\/wp-content\/uploads\/2014\/04\/une-carte-sejour.jpg\",\"width\":600,\"height\":400},{\"@type\":\"WebSite\",\"@id\":\"https:\/\/lyonbondyblog.fr\/LBB\/#website\",\"url\":\"https:\/\/lyonbondyblog.fr\/LBB\/\",\"name\":\"Lyon Bondy Blog\",\"description\":\"\",\"publisher\":{\"@id\":\"https:\/\/lyonbondyblog.fr\/LBB\/#organization\"},\"potentialAction\":[{\"@type\":\"SearchAction\",\"target\":{\"@type\":\"EntryPoint\",\"urlTemplate\":\"https:\/\/lyonbondyblog.fr\/LBB\/?s={search_term_string}\"},\"query-input\":\"required name=search_term_string\"}],\"inLanguage\":\"fr-FR\"},{\"@type\":\"Organization\",\"@id\":\"https:\/\/lyonbondyblog.fr\/LBB\/#organization\",\"name\":\"LYON BONDY BLOG\",\"url\":\"https:\/\/lyonbondyblog.fr\/LBB\/\",\"logo\":{\"@type\":\"ImageObject\",\"inLanguage\":\"fr-FR\",\"@id\":\"https:\/\/lyonbondyblog.fr\/LBB\/#\/schema\/logo\/image\/\",\"url\":\"http:\/\/lyonbondyblog.fr\/LBB\/wp-content\/uploads\/2014\/10\/logo-portable-144.png\",\"contentUrl\":\"http:\/\/lyonbondyblog.fr\/LBB\/wp-content\/uploads\/2014\/10\/logo-portable-144.png\",\"width\":144,\"height\":123,\"caption\":\"LYON BONDY BLOG\"},\"image\":{\"@id\":\"https:\/\/lyonbondyblog.fr\/LBB\/#\/schema\/logo\/image\/\"},\"sameAs\":[\"https:\/\/www.facebook.com\/lyonbondyblog\",\"https:\/\/x.com\/bondybloglyon\"]},{\"@type\":\"Person\",\"@id\":\"https:\/\/lyonbondyblog.fr\/LBB\/#\/schema\/person\/558339ea4e67b07f7a2df48e9605b75c\",\"name\":\"Mohamed Braiki\",\"description\":\"Natif de Lyon et enfant des Minguettes, je suis dipl\u00f4m\u00e9 de Lettres de la Fac de Lyon 2 et l\u2019EFAP Rh\u00f4ne Alpes. J\u2019ai roul\u00e9 ma bosse dans des r\u00e9dactions lyonnaises comme la radio Lyon Sport 98.4, Le Progr\u00e8s, Foot 69.fr, Tribune de Lyon et Lyon Capitale. braikimohamed@yahoo.fr\",\"url\":\"https:\/\/lyonbondyblog.fr\/LBB\/author\/mohamed\/\"}]}<\/script>\n<!-- \/ Yoast SEO plugin. -->","yoast_head_json":{"title":"Carte de s\u00e9jour : le combat du dernier m\u00fbr - Lyon Bondy Blog","robots":{"index":"index","follow":"follow","max-snippet":"max-snippet:-1","max-image-preview":"max-image-preview:large","max-video-preview":"max-video-preview:-1"},"canonical":"https:\/\/lyonbondyblog.fr\/LBB\/carte-sejour-combat-du-dernier-mur\/","og_locale":"fr_FR","og_type":"article","og_title":"Carte de s\u00e9jour : le combat du dernier m\u00fbr - Lyon Bondy Blog","og_description":"Le boxeur albanais Kristian Matija qui a d\u00e9j\u00e0 relat\u00e9 son parcours de demandeur d\u2019asile au LBB n\u2019a pas termin\u00e9 son combat pour la r\u00e9gularisation. Un &hellip;","og_url":"https:\/\/lyonbondyblog.fr\/LBB\/carte-sejour-combat-du-dernier-mur\/","og_site_name":"Lyon Bondy Blog","article_publisher":"https:\/\/www.facebook.com\/lyonbondyblog","article_published_time":"2014-04-30T16:49:54+00:00","article_modified_time":"2015-07-07T13:49:51+00:00","og_image":[{"width":600,"height":400,"url":"https:\/\/lyonbondyblog.fr\/LBB\/wp-content\/uploads\/2014\/04\/une-carte-sejour.jpg","type":"image\/jpeg"}],"author":"Mohamed Braiki","twitter_card":"summary_large_image","twitter_creator":"@bondybloglyon","twitter_site":"@bondybloglyon","schema":{"@context":"https:\/\/schema.org","@graph":[{"@type":"Article","@id":"https:\/\/lyonbondyblog.fr\/LBB\/carte-sejour-combat-du-dernier-mur\/#article","isPartOf":{"@id":"https:\/\/lyonbondyblog.fr\/LBB\/carte-sejour-combat-du-dernier-mur\/"},"author":{"name":"Mohamed Braiki","@id":"https:\/\/lyonbondyblog.fr\/LBB\/#\/schema\/person\/558339ea4e67b07f7a2df48e9605b75c"},"headline":"Carte de s\u00e9jour : le combat du dernier m\u00fbr","datePublished":"2014-04-30T16:49:54+00:00","dateModified":"2015-07-07T13:49:51+00:00","mainEntityOfPage":{"@id":"https:\/\/lyonbondyblog.fr\/LBB\/carte-sejour-combat-du-dernier-mur\/"},"wordCount":1213,"commentCount":0,"publisher":{"@id":"https:\/\/lyonbondyblog.fr\/LBB\/#organization"},"image":{"@id":"https:\/\/lyonbondyblog.fr\/LBB\/carte-sejour-combat-du-dernier-mur\/#primaryimage"},"thumbnailUrl":"https:\/\/lyonbondyblog.fr\/LBB\/wp-content\/uploads\/2014\/04\/une-carte-sejour.jpg","keywords":["2014","Albanie","Associatif","Boxe","immigration","LBB","lyon","politique","r\u00e9fugi\u00e9s","sport"],"articleSection":["Lyon","Soci\u00e9t\u00e9"],"inLanguage":"fr-FR","potentialAction":[{"@type":"CommentAction","name":"Comment","target":["https:\/\/lyonbondyblog.fr\/LBB\/carte-sejour-combat-du-dernier-mur\/#respond"]}]},{"@type":"WebPage","@id":"https:\/\/lyonbondyblog.fr\/LBB\/carte-sejour-combat-du-dernier-mur\/","url":"https:\/\/lyonbondyblog.fr\/LBB\/carte-sejour-combat-du-dernier-mur\/","name":"Carte de s\u00e9jour : le combat du dernier m\u00fbr - Lyon Bondy Blog","isPartOf":{"@id":"https:\/\/lyonbondyblog.fr\/LBB\/#website"},"primaryImageOfPage":{"@id":"https:\/\/lyonbondyblog.fr\/LBB\/carte-sejour-combat-du-dernier-mur\/#primaryimage"},"image":{"@id":"https:\/\/lyonbondyblog.fr\/LBB\/carte-sejour-combat-du-dernier-mur\/#primaryimage"},"thumbnailUrl":"https:\/\/lyonbondyblog.fr\/LBB\/wp-content\/uploads\/2014\/04\/une-carte-sejour.jpg","datePublished":"2014-04-30T16:49:54+00:00","dateModified":"2015-07-07T13:49:51+00:00","inLanguage":"fr-FR","potentialAction":[{"@type":"ReadAction","target":["https:\/\/lyonbondyblog.fr\/LBB\/carte-sejour-combat-du-dernier-mur\/"]}]},{"@type":"ImageObject","inLanguage":"fr-FR","@id":"https:\/\/lyonbondyblog.fr\/LBB\/carte-sejour-combat-du-dernier-mur\/#primaryimage","url":"https:\/\/lyonbondyblog.fr\/LBB\/wp-content\/uploads\/2014\/04\/une-carte-sejour.jpg","contentUrl":"https:\/\/lyonbondyblog.fr\/LBB\/wp-content\/uploads\/2014\/04\/une-carte-sejour.jpg","width":600,"height":400},{"@type":"WebSite","@id":"https:\/\/lyonbondyblog.fr\/LBB\/#website","url":"https:\/\/lyonbondyblog.fr\/LBB\/","name":"Lyon Bondy Blog","description":"","publisher":{"@id":"https:\/\/lyonbondyblog.fr\/LBB\/#organization"},"potentialAction":[{"@type":"SearchAction","target":{"@type":"EntryPoint","urlTemplate":"https:\/\/lyonbondyblog.fr\/LBB\/?s={search_term_string}"},"query-input":"required name=search_term_string"}],"inLanguage":"fr-FR"},{"@type":"Organization","@id":"https:\/\/lyonbondyblog.fr\/LBB\/#organization","name":"LYON BONDY BLOG","url":"https:\/\/lyonbondyblog.fr\/LBB\/","logo":{"@type":"ImageObject","inLanguage":"fr-FR","@id":"https:\/\/lyonbondyblog.fr\/LBB\/#\/schema\/logo\/image\/","url":"http:\/\/lyonbondyblog.fr\/LBB\/wp-content\/uploads\/2014\/10\/logo-portable-144.png","contentUrl":"http:\/\/lyonbondyblog.fr\/LBB\/wp-content\/uploads\/2014\/10\/logo-portable-144.png","width":144,"height":123,"caption":"LYON BONDY BLOG"},"image":{"@id":"https:\/\/lyonbondyblog.fr\/LBB\/#\/schema\/logo\/image\/"},"sameAs":["https:\/\/www.facebook.com\/lyonbondyblog","https:\/\/x.com\/bondybloglyon"]},{"@type":"Person","@id":"https:\/\/lyonbondyblog.fr\/LBB\/#\/schema\/person\/558339ea4e67b07f7a2df48e9605b75c","name":"Mohamed Braiki","description":"Natif de Lyon et enfant des Minguettes, je suis dipl\u00f4m\u00e9 de Lettres de la Fac de Lyon 2 et l\u2019EFAP Rh\u00f4ne Alpes. J\u2019ai roul\u00e9 ma bosse dans des r\u00e9dactions lyonnaises comme la radio Lyon Sport 98.4, Le Progr\u00e8s, Foot 69.fr, Tribune de Lyon et Lyon Capitale. braikimohamed@yahoo.fr","url":"https:\/\/lyonbondyblog.fr\/LBB\/author\/mohamed\/"}]}},"_links":{"self":[{"href":"https:\/\/lyonbondyblog.fr\/LBB\/wp-json\/wp\/v2\/posts\/6493","targetHints":{"allow":["GET"]}}],"collection":[{"href":"https:\/\/lyonbondyblog.fr\/LBB\/wp-json\/wp\/v2\/posts"}],"about":[{"href":"https:\/\/lyonbondyblog.fr\/LBB\/wp-json\/wp\/v2\/types\/post"}],"author":[{"embeddable":true,"href":"https:\/\/lyonbondyblog.fr\/LBB\/wp-json\/wp\/v2\/users\/28"}],"replies":[{"embeddable":true,"href":"https:\/\/lyonbondyblog.fr\/LBB\/wp-json\/wp\/v2\/comments?post=6493"}],"version-history":[{"count":0,"href":"https:\/\/lyonbondyblog.fr\/LBB\/wp-json\/wp\/v2\/posts\/6493\/revisions"}],"wp:featuredmedia":[{"embeddable":true,"href":"https:\/\/lyonbondyblog.fr\/LBB\/wp-json\/wp\/v2\/media\/6496"}],"wp:attachment":[{"href":"https:\/\/lyonbondyblog.fr\/LBB\/wp-json\/wp\/v2\/media?parent=6493"}],"wp:term":[{"taxonomy":"category","embeddable":true,"href":"https:\/\/lyonbondyblog.fr\/LBB\/wp-json\/wp\/v2\/categories?post=6493"},{"taxonomy":"post_tag","embeddable":true,"href":"https:\/\/lyonbondyblog.fr\/LBB\/wp-json\/wp\/v2\/tags?post=6493"}],"curies":[{"name":"wp","href":"https:\/\/api.w.org\/{rel}","templated":true}]}}