{"id":6391,"date":"2014-04-14T15:13:40","date_gmt":"2014-04-14T13:13:40","guid":{"rendered":"http:\/\/lyonbondyblog.fr\/LBB\/?p=6391"},"modified":"2014-04-15T17:19:42","modified_gmt":"2014-04-15T15:19:42","slug":"les-lyonnais-font-les-gros-yeux-black-m","status":"publish","type":"post","link":"https:\/\/lyonbondyblog.fr\/LBB\/les-lyonnais-font-les-gros-yeux-black-m\/","title":{"rendered":"Les Lyonnais font les gros yeux \u00e0 Black M"},"content":{"rendered":"<p><img loading=\"lazy\" decoding=\"async\" width=\"600\" height=\"450\" class=\"aligncenter size-full wp-image-6392\" alt=\"1DSCF3797\" src=\"https:\/\/lyonbondyblog.fr\/LBB\/wp-content\/uploads\/2014\/04\/1DSCF3797.jpg\" srcset=\"https:\/\/lyonbondyblog.fr\/LBB\/wp-content\/uploads\/2014\/04\/1DSCF3797.jpg 600w, https:\/\/lyonbondyblog.fr\/LBB\/wp-content\/uploads\/2014\/04\/1DSCF3797-300x225.jpg 300w\" sizes=\"auto, (max-width: 600px) 100vw, 600px\" \/><\/p>\n<p><strong>C\u2019\u00e9tait dans une ambiance folle que le public lyonnais s\u2019est d\u00e9plac\u00e9 ce vendredi apr\u00e8s-midi pour rencontrer le rappeur de la Sexion D\u2019assaut venu au magasin <a href=\"https:\/\/www.facebook.com\/pages\/People-wear\/431598803653121?ref=ts&amp;fref=ts\">People Wear<\/a> pour promouvoir son album solo <a href=\"http:\/\/www.deezer.com\/album\/7575033\">\u00ab\u00a0Les Yeux Plus gros que le monde\u00a0\u00bb.<\/a> Une rencontre chaleureuse motiv\u00e9e par l\u2019admiration des fans mais aussi la curiosit\u00e9 de voir en vrai l\u2019un des membres du groupe du groupe mythique du label Wati B. Lyon Bondy Blog \u00e9tait devant la table des d\u00e9dicaces.<\/strong><\/p>\n<p>La particularit\u00e9 de Black M n\u2019est pas seulement dans sa mani\u00e8re d\u2019ouvrir les yeux sur le monde avec un regard devenu une marque d\u00e9pos\u00e9e. Alpha Diallo de son vrai nom est l\u2019une des voix les plus connues de Sexion D\u2019assaut avec Ma\u00eetre Gims. Ses couplets sur des classiques comme <a href=\"http:\/\/www.youtube.com\/watch?v=PSSpFI-rhL0&amp;hd=1\">\u00ab\u00a0Casquette \u00e0 l\u2019envers \u00bb,<\/a> \u00ab\u00a0 <a href=\"http:\/\/youtu.be\/_5gDEOYXXI0\">Wati bon son\u00a0\u00bb<\/a> ou l\u2019\u00e9mouvant <a href=\"http:\/\/www.youtube.com\/watch?v=-JOTAQ64GwA\">\u00ab Tel P\u00e8re tel Fils\u00a0\u00bb<\/a> en ont fait un membre \u00e0 part. C\u2019est aussi celui qui en concert ose et saute dans les fosses en furie avant de se faire d\u00e9chiqueter son tee shirt.<\/p>\n<p>L\u2019enfant de la rue du Bac dans le 75 sorti tout juste du triomphe d\u00e9routant de l\u2019album \u00ab\u00a0L\u2019Apog\u00e9e\u00a0\u00bb certifi\u00e9 disque de diamant pr\u00e9sentait son premier opus solo \u00ab\u00a0Les yeux plus gros que le monde\u00a0\u00bb sorti \u00e0 la fin du mois de moi Mars. Il est class\u00e9 actuellement deuxi\u00e8me en France devant les albums Racine Carr\u00e9 de Stromae ou GIRL de Pharell Williams.<\/p>\n<p>Un projet port\u00e9 par des titres d\u00e9j\u00e0 bien amorc\u00e9s sur YouTube <a href=\"http:\/\/www.youtube.com\/watch?v=dn3Eg2P5YKM\">avec \u00ab\u00a0Ailleurs\u00a0<\/a>\u00bb, <a href=\"http:\/\/www.youtube.com\/watch?v=zxdA9XnC120\">\u00ab\u00a0Mme Pavoshko\u00a0\u00bb<\/a> (o\u00f9 Kev Adams et St\u00e9phane Bak apparaissent dans le clip) ou <a href=\"http:\/\/www.youtube.com\/watch?v=XhShpE9CMAs\">\u00ab\u00a0Spectateur\u00a0\u00bb.<\/a> La\u00a0 griffe du Wati B est demeur\u00e9e avec Renaud Rebillaud \u00e0 la production qui a d\u00e9j\u00e0 particip\u00e9 \u00e0 la plupart des aventures du navire. Skalpovich producteur de La Fouine, Youssoupha ou Indilla a apport\u00e9 son talent sur \u00ab\u00a0Solitaire\u00a0\u00bb et \u00ab\u00a0Sur ma route\u00a0\u00bb.<\/p>\n<p>Sur les featurings, on retrouve des voix famili\u00e8res toutes issues du label Wati B\u00a0: Jr O\u2019Chrom, Dry, Big Ali, Shin Sekai, Doomams.<\/p>\n<p>Vendredi \u00e0 17 heures, devant la porte du People Wear, le soleil tapait mais il y avait quelque chose de diff\u00e9rent\u00a0: la foule \u00e9tait plus grande et intense que d\u2019habitude. De quoi inqui\u00e9ter les organisateurs, le staff de l\u2019artiste et m\u00eame la police. Les forces de l\u2019ordre allaient jouer les baby sitter pour un public jeune (10 \u00e0 17 ans en moyenne) et sympathique\u00a0 le temps d\u2019une apr\u00e8s midi.<\/p>\n<p>Etait ce l\u2019effet Sexion d\u2019Assaut\u00a0 qui op\u00e9rait ?<\/p>\n<p>Malek Bensedira (16 ans) du lyc\u00e9e Edouard Branly (Lyon 5<sup>\u00e8me<\/sup>) reconnaissait\u00a0:<\/p>\n<p>\u00ab Parmi, les membres de la Sexion d\u2019Assaut\u00a0 c\u2019est mon pr\u00e9f\u00e9r\u00e9. Ca va changer un peu de le voir en solo. Je n\u2019ai jamais oubli\u00e9 ses couplets, sur \u00ab\u00a0Disque d\u2019or\u00a0\u00bb ou \u00ab\u00a0 Casquette \u00e0 l\u2019envers\u00a0\u00bb. Le fait que chaque membre parte faire son projet de son c\u00f4t\u00e9 comme Maska va les favoriser. On va les conna\u00eetre plus en profondeur.\u00a0\u00bb<\/p>\n<p>Aimen (13 ans) du coll\u00e8ge Champ de Verazane (Lyon 5<sup>\u00e8me<\/sup>) est venu au People Wear pour les <a href=\"https:\/\/lyonbondyblog.fr\/LBB\/dry-na-pas-fait-semblant\/\">derni\u00e8res s\u00e9ances de d\u00e9dicasses de Dry<\/a> et Shin Sekai\u00a0: \u00a0\u00ab\u00a0Black M fait moins de feat, il est plus solitaire, \u00e7a le d\u00e9marque des autres artistes du Wati B et puis ses textes sont sympas comme \u00ab\u00a0Sur mon route\u00a0\u00bb, \u00ab\u00a0Madame Pavoshko.\u00a0Ca change\u00a0!\u00a0\u00bb<\/p>\n<p>Et d\u2019ajouter\u00a0: <em>\u00ab\u00a0Auparavant, on aurai jamais imagin\u00e9 pouvoir approcher nos artistes. A Lyon c\u2019est tr\u00e8s difficile d\u2019avoir ce privil\u00e8ge. Dans ces occasions l\u00e0, on peut avoir un contact, un \u00e9change. La preuve l\u2019ambiance est tr\u00e8s chaude.\u00a0\u00bb<\/em><\/p>\n<p><img loading=\"lazy\" decoding=\"async\" width=\"300\" height=\"225\" class=\"alignleft size-medium wp-image-6393\" alt=\"2DSCF3811\" src=\"https:\/\/lyonbondyblog.fr\/LBB\/wp-content\/uploads\/2014\/04\/2DSCF3811-300x225.jpg\" srcset=\"https:\/\/lyonbondyblog.fr\/LBB\/wp-content\/uploads\/2014\/04\/2DSCF3811-300x225.jpg 300w, https:\/\/lyonbondyblog.fr\/LBB\/wp-content\/uploads\/2014\/04\/2DSCF3811.jpg 600w\" sizes=\"auto, (max-width: 300px) 100vw, 300px\" \/>Attabl\u00e9 aux c\u00f4t\u00e9 du chanteur Harouna (qui accompagne Dry sur sc\u00e8ne), Black M recevait les fans dans une procession dont le rythme \u00e9tait contr\u00f4l\u00e9 par Maggi le fid\u00e8le garde du corps du Wati B. On entrait\u00a0avec son album, des chocolats, des dessins \u00e0 offrir pour repartir avec une d\u00e9dicace, un bonnet mod\u00e8le unique Wati B, un bisou, un selfie ou une poign\u00e9e de main.<\/p>\n<p>Beaucoup avaient amen\u00e9 <a href=\"http:\/\/www.donquichotte-editions.com\/\">le livre \u00ab\u00a0Sexion D\u2019assaut le succ\u00e8s s\u2019une amiti\u00e9\u00a0\u00bb \u00e9dit\u00e9 chez Don Quichotte<\/a>, une maison qui s\u2019est trouv\u00e9 une vocation dans les r\u00e9cits de rappeurs (Diam\u2019s, MC Jean Gabin).<\/p>\n<p>Certains se faisaient reconna\u00eetre par le staff et m\u00eame l\u2019artiste. C\u2019est la magie de la rencontre avec le public.<\/p>\n<h1>Les carnets de liaisons d\u00e9dicac\u00e9s par le prof Black M<\/h1>\n<p>Les plus audacieux \u00e9taient ces coll\u00e9giens qui arrivaient avec leurs carnets de correspondance. Obtenir un autographe de Black M \u00e0 la place d\u2019une remontrance du CPE, c\u2019\u00e9tait un clin d\u2019\u0153il \u00e0 la chanson \u00ab\u00a0Mme Pavoshko\u00a0\u00bb. Celle ci \u00e9voque son pass\u00e9 de mauvais \u00e9l\u00e8ve bien plus port\u00e9 sur le rap que les maths mais \u00e9crite d\u2019une mani\u00e8re amusante.<\/p>\n<p>Ars\u00e8ne Capitao (18 ans) est stagiaire au People Wear depuis un mois :<em> \u00ab\u00a0Il y a eu bien plus de monde qu\u2019avec les autres membres du Wati B et on est content de la port\u00e9e de cet \u00e9v\u00e8nement. Esp\u00e9rons que \u00e7a va continuer et qu\u2019il y aura d\u2019autres occasions. En tant que stagiaire, c\u2019est toujours gratifiant de vivre ces moments avec de telles personnalit\u00e9s. \u00bb<\/em><\/p>\n<blockquote><p>Et d\u2019expliquer\u00a0:\u00a0\u00ab Dehors,\u00a0les clients qui ne connaissent pas l\u2019enseigne passent et sont pris par la curiosit\u00e9 quand ils voient la foule. On leur dit\u00a0: il y a Black M ou un autre artiste et ils viennent faire la queue puis reviennent les jours d\u2019apr\u00e8s pour acheter.\u00a0Et \u00e7a c\u2019est bon pour les affaires\u2026\u00a0\u00bb<\/p><\/blockquote>\n<h1>La route en solo\u00a0: du d\u00e9j\u00e0 vu\u2026<\/h1>\n<p><img loading=\"lazy\" decoding=\"async\" width=\"600\" height=\"450\" class=\"alignnone size-full wp-image-6394\" alt=\"3DSCF4043\" src=\"https:\/\/lyonbondyblog.fr\/LBB\/wp-content\/uploads\/2014\/04\/3DSCF4043.jpg\" srcset=\"https:\/\/lyonbondyblog.fr\/LBB\/wp-content\/uploads\/2014\/04\/3DSCF4043.jpg 600w, https:\/\/lyonbondyblog.fr\/LBB\/wp-content\/uploads\/2014\/04\/3DSCF4043-300x225.jpg 300w\" sizes=\"auto, (max-width: 600px) 100vw, 600px\" \/><\/p>\n<p>Au moment de se jeter dans la 4X4 le menant \u00e0 la gare il confiait\u00a0:<\/p>\n<blockquote><p>\u00ab\u00a0Pour cette album, j\u2019attends une bonne r\u00e9ception du public en esp\u00e9rant qu\u2019il tourne un maximum mais je pense que \u00e7a va le faire. Pour ce qui est du fait de commencer cette nouvelle aventure seul,\u00a0 au moment d\u2019int\u00e9grer La Sexion D\u2019Assaut, j\u2019\u00e9tais habitu\u00e9 \u00e0 \u00e9voluer en solo donc il n\u2019y a aura pas d\u2019ambigu\u00eft\u00e9 pour moi. Ce n\u2019est pas quelque chose bizarre m\u00eame si on a l\u2019habitude d\u2019\u00eatre en groupe.\u00a0\u00bb<\/p><\/blockquote>\n<p>Et de signaler \u00ab\u00a0pour l\u2019instant mon titre pr\u00e9f\u00e9r\u00e9 de l\u2019album reste <a href=\"http:\/\/www.youtube.com\/watch?v=bB28ah9AOUQ\">\u00ab\u00a0Sur ma route\u00a0\u00bb<\/a> (piste 19)\u00a0\u00bb<\/p>\n<p>Finalement, les choses se sont bien pass\u00e9es et Black M a repris la route en suivant le cr\u00e9do qu\u2019il a lui-m\u00eame \u00e9crit dans la biographie :<\/p>\n<p><em>\u00abLa route est longue mais je ne manque pas de sens. J\u2019ai juste peur d\u2019arriver avant et de rater l\u2019essentiel.\u00a0\u00bb<\/em><\/p>\n<!-- AddThis Advanced Settings generic via filter on the_content --><!-- AddThis Share Buttons generic via filter on the_content -->","protected":false},"excerpt":{"rendered":"<p>C\u2019\u00e9tait dans une ambiance folle que le public lyonnais s\u2019est d\u00e9plac\u00e9 ce vendredi apr\u00e8s-midi pour rencontrer le rappeur de la Sexion D\u2019assaut venu au magasin &hellip; <!-- AddThis Advanced Settings generic via filter on wp_trim_excerpt --><!-- AddThis Share Buttons generic via filter on wp_trim_excerpt --><\/p>\n","protected":false},"author":28,"featured_media":6396,"comment_status":"open","ping_status":"open","sticky":false,"template":"","format":"standard","meta":{"_FSMCFIC_featured_image_caption":"","_FSMCFIC_featured_image_nocaption":"","_FSMCFIC_featured_image_hide":"","footnotes":""},"categories":[4],"tags":[614,1953,1079,939,11,112,444,1025],"class_list":["post-6391","post","type-post","status-publish","format-standard","has-post-thumbnail","hentry","category-lyon","tag-614","tag-ambiance","tag-blackm","tag-dry","tag-france-2","tag-lyon-bondy-blog","tag-rappeur","tag-wati-b"],"yoast_head":"<!-- This site is optimized with the Yoast SEO plugin v22.8 - https:\/\/yoast.com\/wordpress\/plugins\/seo\/ -->\n<title>Les Lyonnais font les gros yeux \u00e0 Black M  - Lyon Bondy Blog<\/title>\n<meta name=\"robots\" content=\"index, follow, max-snippet:-1, max-image-preview:large, max-video-preview:-1\" \/>\n<link rel=\"canonical\" href=\"https:\/\/lyonbondyblog.fr\/LBB\/les-lyonnais-font-les-gros-yeux-black-m\/\" \/>\n<meta property=\"og:locale\" content=\"fr_FR\" \/>\n<meta property=\"og:type\" content=\"article\" \/>\n<meta property=\"og:title\" content=\"Les Lyonnais font les gros yeux \u00e0 Black M  - Lyon Bondy Blog\" \/>\n<meta property=\"og:description\" content=\"C\u2019\u00e9tait dans une ambiance folle que le public lyonnais s\u2019est d\u00e9plac\u00e9 ce vendredi apr\u00e8s-midi pour rencontrer le rappeur de la Sexion D\u2019assaut venu au magasin &hellip;\" \/>\n<meta property=\"og:url\" content=\"https:\/\/lyonbondyblog.fr\/LBB\/les-lyonnais-font-les-gros-yeux-black-m\/\" \/>\n<meta property=\"og:site_name\" content=\"Lyon Bondy Blog\" \/>\n<meta property=\"article:publisher\" content=\"https:\/\/www.facebook.com\/lyonbondyblog\" \/>\n<meta property=\"article:published_time\" content=\"2014-04-14T13:13:40+00:00\" \/>\n<meta property=\"article:modified_time\" content=\"2014-04-15T15:19:42+00:00\" \/>\n<meta property=\"og:image\" content=\"https:\/\/lyonbondyblog.fr\/LBB\/wp-content\/uploads\/2014\/04\/blackm-une.jpg\" \/>\n\t<meta property=\"og:image:width\" content=\"600\" \/>\n\t<meta property=\"og:image:height\" content=\"400\" \/>\n\t<meta property=\"og:image:type\" content=\"image\/jpeg\" \/>\n<meta name=\"author\" content=\"Mohamed Braiki\" \/>\n<meta name=\"twitter:card\" content=\"summary_large_image\" \/>\n<meta name=\"twitter:creator\" content=\"@bondybloglyon\" \/>\n<meta name=\"twitter:site\" content=\"@bondybloglyon\" \/>\n<script type=\"application\/ld+json\" class=\"yoast-schema-graph\">{\"@context\":\"https:\/\/schema.org\",\"@graph\":[{\"@type\":\"Article\",\"@id\":\"https:\/\/lyonbondyblog.fr\/LBB\/les-lyonnais-font-les-gros-yeux-black-m\/#article\",\"isPartOf\":{\"@id\":\"https:\/\/lyonbondyblog.fr\/LBB\/les-lyonnais-font-les-gros-yeux-black-m\/\"},\"author\":{\"name\":\"Mohamed Braiki\",\"@id\":\"https:\/\/lyonbondyblog.fr\/LBB\/#\/schema\/person\/558339ea4e67b07f7a2df48e9605b75c\"},\"headline\":\"Les Lyonnais font les gros yeux \u00e0 Black M\",\"datePublished\":\"2014-04-14T13:13:40+00:00\",\"dateModified\":\"2014-04-15T15:19:42+00:00\",\"mainEntityOfPage\":{\"@id\":\"https:\/\/lyonbondyblog.fr\/LBB\/les-lyonnais-font-les-gros-yeux-black-m\/\"},\"wordCount\":1133,\"commentCount\":0,\"publisher\":{\"@id\":\"https:\/\/lyonbondyblog.fr\/LBB\/#organization\"},\"image\":{\"@id\":\"https:\/\/lyonbondyblog.fr\/LBB\/les-lyonnais-font-les-gros-yeux-black-m\/#primaryimage\"},\"thumbnailUrl\":\"https:\/\/lyonbondyblog.fr\/LBB\/wp-content\/uploads\/2014\/04\/blackm-une.jpg\",\"keywords\":[\"2014\",\"Ambiance\",\"blackm\",\"Dry\",\"france\",\"Lyon Bondy Blog\",\"rappeur\",\"Wati B\"],\"articleSection\":[\"Lyon\"],\"inLanguage\":\"fr-FR\",\"potentialAction\":[{\"@type\":\"CommentAction\",\"name\":\"Comment\",\"target\":[\"https:\/\/lyonbondyblog.fr\/LBB\/les-lyonnais-font-les-gros-yeux-black-m\/#respond\"]}]},{\"@type\":\"WebPage\",\"@id\":\"https:\/\/lyonbondyblog.fr\/LBB\/les-lyonnais-font-les-gros-yeux-black-m\/\",\"url\":\"https:\/\/lyonbondyblog.fr\/LBB\/les-lyonnais-font-les-gros-yeux-black-m\/\",\"name\":\"Les Lyonnais font les gros yeux \u00e0 Black M - Lyon Bondy Blog\",\"isPartOf\":{\"@id\":\"https:\/\/lyonbondyblog.fr\/LBB\/#website\"},\"primaryImageOfPage\":{\"@id\":\"https:\/\/lyonbondyblog.fr\/LBB\/les-lyonnais-font-les-gros-yeux-black-m\/#primaryimage\"},\"image\":{\"@id\":\"https:\/\/lyonbondyblog.fr\/LBB\/les-lyonnais-font-les-gros-yeux-black-m\/#primaryimage\"},\"thumbnailUrl\":\"https:\/\/lyonbondyblog.fr\/LBB\/wp-content\/uploads\/2014\/04\/blackm-une.jpg\",\"datePublished\":\"2014-04-14T13:13:40+00:00\",\"dateModified\":\"2014-04-15T15:19:42+00:00\",\"inLanguage\":\"fr-FR\",\"potentialAction\":[{\"@type\":\"ReadAction\",\"target\":[\"https:\/\/lyonbondyblog.fr\/LBB\/les-lyonnais-font-les-gros-yeux-black-m\/\"]}]},{\"@type\":\"ImageObject\",\"inLanguage\":\"fr-FR\",\"@id\":\"https:\/\/lyonbondyblog.fr\/LBB\/les-lyonnais-font-les-gros-yeux-black-m\/#primaryimage\",\"url\":\"https:\/\/lyonbondyblog.fr\/LBB\/wp-content\/uploads\/2014\/04\/blackm-une.jpg\",\"contentUrl\":\"https:\/\/lyonbondyblog.fr\/LBB\/wp-content\/uploads\/2014\/04\/blackm-une.jpg\",\"width\":600,\"height\":400},{\"@type\":\"WebSite\",\"@id\":\"https:\/\/lyonbondyblog.fr\/LBB\/#website\",\"url\":\"https:\/\/lyonbondyblog.fr\/LBB\/\",\"name\":\"Lyon Bondy Blog\",\"description\":\"\",\"publisher\":{\"@id\":\"https:\/\/lyonbondyblog.fr\/LBB\/#organization\"},\"potentialAction\":[{\"@type\":\"SearchAction\",\"target\":{\"@type\":\"EntryPoint\",\"urlTemplate\":\"https:\/\/lyonbondyblog.fr\/LBB\/?s={search_term_string}\"},\"query-input\":\"required name=search_term_string\"}],\"inLanguage\":\"fr-FR\"},{\"@type\":\"Organization\",\"@id\":\"https:\/\/lyonbondyblog.fr\/LBB\/#organization\",\"name\":\"LYON BONDY BLOG\",\"url\":\"https:\/\/lyonbondyblog.fr\/LBB\/\",\"logo\":{\"@type\":\"ImageObject\",\"inLanguage\":\"fr-FR\",\"@id\":\"https:\/\/lyonbondyblog.fr\/LBB\/#\/schema\/logo\/image\/\",\"url\":\"http:\/\/lyonbondyblog.fr\/LBB\/wp-content\/uploads\/2014\/10\/logo-portable-144.png\",\"contentUrl\":\"http:\/\/lyonbondyblog.fr\/LBB\/wp-content\/uploads\/2014\/10\/logo-portable-144.png\",\"width\":144,\"height\":123,\"caption\":\"LYON BONDY BLOG\"},\"image\":{\"@id\":\"https:\/\/lyonbondyblog.fr\/LBB\/#\/schema\/logo\/image\/\"},\"sameAs\":[\"https:\/\/www.facebook.com\/lyonbondyblog\",\"https:\/\/x.com\/bondybloglyon\"]},{\"@type\":\"Person\",\"@id\":\"https:\/\/lyonbondyblog.fr\/LBB\/#\/schema\/person\/558339ea4e67b07f7a2df48e9605b75c\",\"name\":\"Mohamed Braiki\",\"description\":\"Natif de Lyon et enfant des Minguettes, je suis dipl\u00f4m\u00e9 de Lettres de la Fac de Lyon 2 et l\u2019EFAP Rh\u00f4ne Alpes. J\u2019ai roul\u00e9 ma bosse dans des r\u00e9dactions lyonnaises comme la radio Lyon Sport 98.4, Le Progr\u00e8s, Foot 69.fr, Tribune de Lyon et Lyon Capitale. braikimohamed@yahoo.fr\",\"url\":\"https:\/\/lyonbondyblog.fr\/LBB\/author\/mohamed\/\"}]}<\/script>\n<!-- \/ Yoast SEO plugin. -->","yoast_head_json":{"title":"Les Lyonnais font les gros yeux \u00e0 Black M  - Lyon Bondy Blog","robots":{"index":"index","follow":"follow","max-snippet":"max-snippet:-1","max-image-preview":"max-image-preview:large","max-video-preview":"max-video-preview:-1"},"canonical":"https:\/\/lyonbondyblog.fr\/LBB\/les-lyonnais-font-les-gros-yeux-black-m\/","og_locale":"fr_FR","og_type":"article","og_title":"Les Lyonnais font les gros yeux \u00e0 Black M  - Lyon Bondy Blog","og_description":"C\u2019\u00e9tait dans une ambiance folle que le public lyonnais s\u2019est d\u00e9plac\u00e9 ce vendredi apr\u00e8s-midi pour rencontrer le rappeur de la Sexion D\u2019assaut venu au magasin &hellip;","og_url":"https:\/\/lyonbondyblog.fr\/LBB\/les-lyonnais-font-les-gros-yeux-black-m\/","og_site_name":"Lyon Bondy Blog","article_publisher":"https:\/\/www.facebook.com\/lyonbondyblog","article_published_time":"2014-04-14T13:13:40+00:00","article_modified_time":"2014-04-15T15:19:42+00:00","og_image":[{"width":600,"height":400,"url":"https:\/\/lyonbondyblog.fr\/LBB\/wp-content\/uploads\/2014\/04\/blackm-une.jpg","type":"image\/jpeg"}],"author":"Mohamed Braiki","twitter_card":"summary_large_image","twitter_creator":"@bondybloglyon","twitter_site":"@bondybloglyon","schema":{"@context":"https:\/\/schema.org","@graph":[{"@type":"Article","@id":"https:\/\/lyonbondyblog.fr\/LBB\/les-lyonnais-font-les-gros-yeux-black-m\/#article","isPartOf":{"@id":"https:\/\/lyonbondyblog.fr\/LBB\/les-lyonnais-font-les-gros-yeux-black-m\/"},"author":{"name":"Mohamed Braiki","@id":"https:\/\/lyonbondyblog.fr\/LBB\/#\/schema\/person\/558339ea4e67b07f7a2df48e9605b75c"},"headline":"Les Lyonnais font les gros yeux \u00e0 Black M","datePublished":"2014-04-14T13:13:40+00:00","dateModified":"2014-04-15T15:19:42+00:00","mainEntityOfPage":{"@id":"https:\/\/lyonbondyblog.fr\/LBB\/les-lyonnais-font-les-gros-yeux-black-m\/"},"wordCount":1133,"commentCount":0,"publisher":{"@id":"https:\/\/lyonbondyblog.fr\/LBB\/#organization"},"image":{"@id":"https:\/\/lyonbondyblog.fr\/LBB\/les-lyonnais-font-les-gros-yeux-black-m\/#primaryimage"},"thumbnailUrl":"https:\/\/lyonbondyblog.fr\/LBB\/wp-content\/uploads\/2014\/04\/blackm-une.jpg","keywords":["2014","Ambiance","blackm","Dry","france","Lyon Bondy Blog","rappeur","Wati B"],"articleSection":["Lyon"],"inLanguage":"fr-FR","potentialAction":[{"@type":"CommentAction","name":"Comment","target":["https:\/\/lyonbondyblog.fr\/LBB\/les-lyonnais-font-les-gros-yeux-black-m\/#respond"]}]},{"@type":"WebPage","@id":"https:\/\/lyonbondyblog.fr\/LBB\/les-lyonnais-font-les-gros-yeux-black-m\/","url":"https:\/\/lyonbondyblog.fr\/LBB\/les-lyonnais-font-les-gros-yeux-black-m\/","name":"Les Lyonnais font les gros yeux \u00e0 Black M - Lyon Bondy Blog","isPartOf":{"@id":"https:\/\/lyonbondyblog.fr\/LBB\/#website"},"primaryImageOfPage":{"@id":"https:\/\/lyonbondyblog.fr\/LBB\/les-lyonnais-font-les-gros-yeux-black-m\/#primaryimage"},"image":{"@id":"https:\/\/lyonbondyblog.fr\/LBB\/les-lyonnais-font-les-gros-yeux-black-m\/#primaryimage"},"thumbnailUrl":"https:\/\/lyonbondyblog.fr\/LBB\/wp-content\/uploads\/2014\/04\/blackm-une.jpg","datePublished":"2014-04-14T13:13:40+00:00","dateModified":"2014-04-15T15:19:42+00:00","inLanguage":"fr-FR","potentialAction":[{"@type":"ReadAction","target":["https:\/\/lyonbondyblog.fr\/LBB\/les-lyonnais-font-les-gros-yeux-black-m\/"]}]},{"@type":"ImageObject","inLanguage":"fr-FR","@id":"https:\/\/lyonbondyblog.fr\/LBB\/les-lyonnais-font-les-gros-yeux-black-m\/#primaryimage","url":"https:\/\/lyonbondyblog.fr\/LBB\/wp-content\/uploads\/2014\/04\/blackm-une.jpg","contentUrl":"https:\/\/lyonbondyblog.fr\/LBB\/wp-content\/uploads\/2014\/04\/blackm-une.jpg","width":600,"height":400},{"@type":"WebSite","@id":"https:\/\/lyonbondyblog.fr\/LBB\/#website","url":"https:\/\/lyonbondyblog.fr\/LBB\/","name":"Lyon Bondy Blog","description":"","publisher":{"@id":"https:\/\/lyonbondyblog.fr\/LBB\/#organization"},"potentialAction":[{"@type":"SearchAction","target":{"@type":"EntryPoint","urlTemplate":"https:\/\/lyonbondyblog.fr\/LBB\/?s={search_term_string}"},"query-input":"required name=search_term_string"}],"inLanguage":"fr-FR"},{"@type":"Organization","@id":"https:\/\/lyonbondyblog.fr\/LBB\/#organization","name":"LYON BONDY BLOG","url":"https:\/\/lyonbondyblog.fr\/LBB\/","logo":{"@type":"ImageObject","inLanguage":"fr-FR","@id":"https:\/\/lyonbondyblog.fr\/LBB\/#\/schema\/logo\/image\/","url":"http:\/\/lyonbondyblog.fr\/LBB\/wp-content\/uploads\/2014\/10\/logo-portable-144.png","contentUrl":"http:\/\/lyonbondyblog.fr\/LBB\/wp-content\/uploads\/2014\/10\/logo-portable-144.png","width":144,"height":123,"caption":"LYON BONDY BLOG"},"image":{"@id":"https:\/\/lyonbondyblog.fr\/LBB\/#\/schema\/logo\/image\/"},"sameAs":["https:\/\/www.facebook.com\/lyonbondyblog","https:\/\/x.com\/bondybloglyon"]},{"@type":"Person","@id":"https:\/\/lyonbondyblog.fr\/LBB\/#\/schema\/person\/558339ea4e67b07f7a2df48e9605b75c","name":"Mohamed Braiki","description":"Natif de Lyon et enfant des Minguettes, je suis dipl\u00f4m\u00e9 de Lettres de la Fac de Lyon 2 et l\u2019EFAP Rh\u00f4ne Alpes. J\u2019ai roul\u00e9 ma bosse dans des r\u00e9dactions lyonnaises comme la radio Lyon Sport 98.4, Le Progr\u00e8s, Foot 69.fr, Tribune de Lyon et Lyon Capitale. braikimohamed@yahoo.fr","url":"https:\/\/lyonbondyblog.fr\/LBB\/author\/mohamed\/"}]}},"_links":{"self":[{"href":"https:\/\/lyonbondyblog.fr\/LBB\/wp-json\/wp\/v2\/posts\/6391","targetHints":{"allow":["GET"]}}],"collection":[{"href":"https:\/\/lyonbondyblog.fr\/LBB\/wp-json\/wp\/v2\/posts"}],"about":[{"href":"https:\/\/lyonbondyblog.fr\/LBB\/wp-json\/wp\/v2\/types\/post"}],"author":[{"embeddable":true,"href":"https:\/\/lyonbondyblog.fr\/LBB\/wp-json\/wp\/v2\/users\/28"}],"replies":[{"embeddable":true,"href":"https:\/\/lyonbondyblog.fr\/LBB\/wp-json\/wp\/v2\/comments?post=6391"}],"version-history":[{"count":0,"href":"https:\/\/lyonbondyblog.fr\/LBB\/wp-json\/wp\/v2\/posts\/6391\/revisions"}],"wp:featuredmedia":[{"embeddable":true,"href":"https:\/\/lyonbondyblog.fr\/LBB\/wp-json\/wp\/v2\/media\/6396"}],"wp:attachment":[{"href":"https:\/\/lyonbondyblog.fr\/LBB\/wp-json\/wp\/v2\/media?parent=6391"}],"wp:term":[{"taxonomy":"category","embeddable":true,"href":"https:\/\/lyonbondyblog.fr\/LBB\/wp-json\/wp\/v2\/categories?post=6391"},{"taxonomy":"post_tag","embeddable":true,"href":"https:\/\/lyonbondyblog.fr\/LBB\/wp-json\/wp\/v2\/tags?post=6391"}],"curies":[{"name":"wp","href":"https:\/\/api.w.org\/{rel}","templated":true}]}}