{"id":6381,"date":"2014-04-11T15:58:07","date_gmt":"2014-04-11T13:58:07","guid":{"rendered":"http:\/\/lyonbondyblog.fr\/LBB\/?p=6381"},"modified":"2014-04-11T15:59:55","modified_gmt":"2014-04-11T13:59:55","slug":"francois-noel-buffet-vise-presidence-metropole","status":"publish","type":"post","link":"https:\/\/lyonbondyblog.fr\/LBB\/francois-noel-buffet-vise-presidence-metropole\/","title":{"rendered":"Fran\u00e7ois-Noel Buffet vise la pr\u00e9sidence de la m\u00e9tropole"},"content":{"rendered":"<p><img loading=\"lazy\" decoding=\"async\" class=\"size-medium wp-image-6382 alignleft\" alt=\"DSCN1942\" src=\"https:\/\/lyonbondyblog.fr\/LBB\/wp-content\/uploads\/2014\/04\/DSCN1942-225x300.jpg\" width=\"225\" height=\"300\" srcset=\"https:\/\/lyonbondyblog.fr\/LBB\/wp-content\/uploads\/2014\/04\/DSCN1942-225x300.jpg 225w, https:\/\/lyonbondyblog.fr\/LBB\/wp-content\/uploads\/2014\/04\/DSCN1942.jpg 450w\" sizes=\"auto, (max-width: 225px) 100vw, 225px\" \/><\/p>\n<p>Les \u00e9lections municipales sont termin\u00e9es. G\u00e9rard Collomb (s\u00e9nateur-maire) a \u00e9t\u00e9 r\u00e9\u00e9lu \u00e0 Lyon. La nouvelle \u00e9ch\u00e9ance est \u00e0 pr\u00e9sent la pr\u00e9sidence de la m\u00e9tropole, pr\u00e9vue le 14 avril 2014. Deux candidats se la disputent\u00a0: G\u00e9rard Collomb, donc, et Fran\u00e7ois-Noel Buffet, s\u00e9nateur-maire d\u2019Oullins. Enjeu important pour la droite, cette \u00e9lection devrait se jouer \u00e0 une voix pr\u00e8s.<\/p>\n<p>La m\u00e9tropole compte 164 si\u00e8ges. Pour la remporter, les deux candidats \u00e0 la pr\u00e9sidence doivent donc avoir 83 si\u00e8ges, la majorit\u00e9 absolue. Le maire d\u2019Oullins d\u00e9clare les avoir acquis. Ce dernier a fait un appel du pied \u00e0 Jean-Paul Bret (s\u00e9nateur maire PS de Villeurbanne). <a href=\"http:\/\/www.lyoncapitale.fr\/Journal\/Lyon\/Politique\/Grand-lyon\/Grand-Lyon-Bret-engage-le-bras-de-fer-avec-Collomb\" target=\"_blank\">Ce dernier avait annonc\u00e9 la semaine derni\u00e8re la cr\u00e9ation d&rsquo;un nouveau groupe pour peser face \u00e0 Lyon<\/a>. Fran\u00e7ois-Noel Buffet, qui a \u00e9t\u00e9 auditionn\u00e9 comme le maire de Lyon cette semaine par le groupe SYNERGIES (24 petites communes de l\u2019ouest lyonnais. Globalement \u00e0 droite mais ont suivi Collomb dans ces deux derni\u00e8res mandatures), sera de nouveau auditionn\u00e9 par le groupe UDI. Il a d\u00e9j\u00e0 annonc\u00e9 qu\u2019il ne cherchera pas \u00e0 r\u00e9cup\u00e9rer les 2 voix des si\u00e8ges du FN.<\/p>\n<p><iframe loading=\"lazy\" src=\"\/\/www.mixcloud.com\/widget\/iframe\/?feed=http%3A%2F%2Fwww.mixcloud.com%2FLyonbondyblog%2Fitw-de-fran%C3%A7ois-noel-buffet-s%C3%A9nateur-maire-doullins-qui-vise-la-pr%C3%A9sidence-de-la-m%C3%A9tropole-de-lyon%2F&amp;embed_uuid=41e6f3ab-5db7-4346-9321-ed1521444be0&amp;replace=0&amp;hide_cover=1&amp;embed_type=widget_standard&amp;hide_tracklist=1\" height=\"180\" width=\"600\" frameborder=\"0\"><\/iframe><\/p>\n<div style=\"clear: both; height: 3px; width: 592px;\"><\/div>\n<p style=\"display: block; font-size: 11px; font-family: 'Open Sans',Helvetica,Arial,sans-serif; margin: 0px; padding: 3px 4px; color: #999999; width: 592px;\"><a style=\"color: #808080; font-weight: bold;\" href=\"http:\/\/www.mixcloud.com\/Lyonbondyblog\/itw-de-fran%C3%A7ois-noel-buffet-s%C3%A9nateur-maire-doullins-qui-vise-la-pr%C3%A9sidence-de-la-m%C3%A9tropole-de-lyon\/?utm_source=widget&amp;amp;utm_medium=web&amp;amp;utm_campaign=base_links&amp;amp;utm_term=resource_link\" target=\"_blank\">ITW de Fran\u00e7ois-Noel Buffet, s\u00e9nateur-maire d&rsquo;Oullins qui vise la pr\u00e9sidence de la m\u00e9tropole de Lyon<\/a><span> by <\/span><a style=\"color: #808080; font-weight: bold;\" href=\"http:\/\/www.mixcloud.com\/Lyonbondyblog\/?utm_source=widget&amp;amp;utm_medium=web&amp;amp;utm_campaign=base_links&amp;amp;utm_term=profile_link\" target=\"_blank\">Lyonbondyblog<\/a><span> on <\/span><a style=\"color: #808080; font-weight: bold;\" href=\"http:\/\/www.mixcloud.com\/?utm_source=widget&amp;utm_medium=web&amp;utm_campaign=base_links&amp;utm_term=homepage_link\" target=\"_blank\"> Mixcloud<\/a><\/p>\n<!-- AddThis Advanced Settings generic via filter on the_content --><!-- AddThis Share Buttons generic via filter on the_content -->","protected":false},"excerpt":{"rendered":"<p>Les \u00e9lections municipales sont termin\u00e9es. G\u00e9rard Collomb (s\u00e9nateur-maire) a \u00e9t\u00e9 r\u00e9\u00e9lu \u00e0 Lyon. La nouvelle \u00e9ch\u00e9ance est \u00e0 pr\u00e9sent la pr\u00e9sidence de la m\u00e9tropole, pr\u00e9vue &hellip; <!-- AddThis Advanced Settings generic via filter on wp_trim_excerpt --><!-- AddThis Share Buttons generic via filter on wp_trim_excerpt --><\/p>\n","protected":false},"author":33,"featured_media":6385,"comment_status":"open","ping_status":"open","sticky":false,"template":"","format":"standard","meta":{"_FSMCFIC_featured_image_caption":"","_FSMCFIC_featured_image_nocaption":"","_FSMCFIC_featured_image_hide":"","footnotes":""},"categories":[4],"tags":[614,873,890,10,380,262,462,165,350,128],"class_list":["post-6381","post","type-post","status-publish","format-standard","has-post-thumbnail","hentry","category-lyon","tag-614","tag-gerard-collomb","tag-jean-paul-bret","tag-lyon-2","tag-maire","tag-municipales","tag-oullins","tag-politique-2","tag-ps","tag-villeurbanne"],"yoast_head":"<!-- This site is optimized with the Yoast SEO plugin v22.8 - https:\/\/yoast.com\/wordpress\/plugins\/seo\/ -->\n<title>Fran\u00e7ois-Noel Buffet vise la pr\u00e9sidence de la m\u00e9tropole - Lyon Bondy Blog<\/title>\n<meta name=\"robots\" content=\"index, follow, max-snippet:-1, max-image-preview:large, max-video-preview:-1\" \/>\n<link rel=\"canonical\" href=\"https:\/\/lyonbondyblog.fr\/LBB\/francois-noel-buffet-vise-presidence-metropole\/\" \/>\n<meta property=\"og:locale\" content=\"fr_FR\" \/>\n<meta property=\"og:type\" content=\"article\" \/>\n<meta property=\"og:title\" content=\"Fran\u00e7ois-Noel Buffet vise la pr\u00e9sidence de la m\u00e9tropole - Lyon Bondy Blog\" \/>\n<meta property=\"og:description\" content=\"Les \u00e9lections municipales sont termin\u00e9es. G\u00e9rard Collomb (s\u00e9nateur-maire) a \u00e9t\u00e9 r\u00e9\u00e9lu \u00e0 Lyon. La nouvelle \u00e9ch\u00e9ance est \u00e0 pr\u00e9sent la pr\u00e9sidence de la m\u00e9tropole, pr\u00e9vue &hellip;\" \/>\n<meta property=\"og:url\" content=\"https:\/\/lyonbondyblog.fr\/LBB\/francois-noel-buffet-vise-presidence-metropole\/\" \/>\n<meta property=\"og:site_name\" content=\"Lyon Bondy Blog\" \/>\n<meta property=\"article:publisher\" content=\"https:\/\/www.facebook.com\/lyonbondyblog\" \/>\n<meta property=\"article:published_time\" content=\"2014-04-11T13:58:07+00:00\" \/>\n<meta property=\"article:modified_time\" content=\"2014-04-11T13:59:55+00:00\" \/>\n<meta property=\"og:image\" content=\"https:\/\/lyonbondyblog.fr\/LBB\/wp-content\/uploads\/2014\/04\/une-buffet.jpg\" \/>\n\t<meta property=\"og:image:width\" content=\"600\" \/>\n\t<meta property=\"og:image:height\" content=\"400\" \/>\n\t<meta property=\"og:image:type\" content=\"image\/jpeg\" \/>\n<meta name=\"author\" content=\"Etienne Aazzab\" \/>\n<meta name=\"twitter:card\" content=\"summary_large_image\" \/>\n<meta name=\"twitter:creator\" content=\"@AazzabEtienne\" \/>\n<meta name=\"twitter:site\" content=\"@bondybloglyon\" \/>\n<script type=\"application\/ld+json\" class=\"yoast-schema-graph\">{\"@context\":\"https:\/\/schema.org\",\"@graph\":[{\"@type\":\"Article\",\"@id\":\"https:\/\/lyonbondyblog.fr\/LBB\/francois-noel-buffet-vise-presidence-metropole\/#article\",\"isPartOf\":{\"@id\":\"https:\/\/lyonbondyblog.fr\/LBB\/francois-noel-buffet-vise-presidence-metropole\/\"},\"author\":{\"name\":\"Etienne Aazzab\",\"@id\":\"https:\/\/lyonbondyblog.fr\/LBB\/#\/schema\/person\/5e9904261c1f613c8e6ea22045b1353d\"},\"headline\":\"Fran\u00e7ois-Noel Buffet vise la pr\u00e9sidence de la m\u00e9tropole\",\"datePublished\":\"2014-04-11T13:58:07+00:00\",\"dateModified\":\"2014-04-11T13:59:55+00:00\",\"mainEntityOfPage\":{\"@id\":\"https:\/\/lyonbondyblog.fr\/LBB\/francois-noel-buffet-vise-presidence-metropole\/\"},\"wordCount\":229,\"commentCount\":0,\"publisher\":{\"@id\":\"https:\/\/lyonbondyblog.fr\/LBB\/#organization\"},\"image\":{\"@id\":\"https:\/\/lyonbondyblog.fr\/LBB\/francois-noel-buffet-vise-presidence-metropole\/#primaryimage\"},\"thumbnailUrl\":\"https:\/\/lyonbondyblog.fr\/LBB\/wp-content\/uploads\/2014\/04\/une-buffet.jpg\",\"keywords\":[\"2014\",\"G\u00e9rard Collomb\",\"Jean-Paul Bret\",\"lyon\",\"maire\",\"municipales\",\"oullins\",\"politique\",\"PS\",\"Villeurbanne\"],\"articleSection\":[\"Lyon\"],\"inLanguage\":\"fr-FR\",\"potentialAction\":[{\"@type\":\"CommentAction\",\"name\":\"Comment\",\"target\":[\"https:\/\/lyonbondyblog.fr\/LBB\/francois-noel-buffet-vise-presidence-metropole\/#respond\"]}]},{\"@type\":\"WebPage\",\"@id\":\"https:\/\/lyonbondyblog.fr\/LBB\/francois-noel-buffet-vise-presidence-metropole\/\",\"url\":\"https:\/\/lyonbondyblog.fr\/LBB\/francois-noel-buffet-vise-presidence-metropole\/\",\"name\":\"Fran\u00e7ois-Noel Buffet vise la pr\u00e9sidence de la m\u00e9tropole - Lyon Bondy Blog\",\"isPartOf\":{\"@id\":\"https:\/\/lyonbondyblog.fr\/LBB\/#website\"},\"primaryImageOfPage\":{\"@id\":\"https:\/\/lyonbondyblog.fr\/LBB\/francois-noel-buffet-vise-presidence-metropole\/#primaryimage\"},\"image\":{\"@id\":\"https:\/\/lyonbondyblog.fr\/LBB\/francois-noel-buffet-vise-presidence-metropole\/#primaryimage\"},\"thumbnailUrl\":\"https:\/\/lyonbondyblog.fr\/LBB\/wp-content\/uploads\/2014\/04\/une-buffet.jpg\",\"datePublished\":\"2014-04-11T13:58:07+00:00\",\"dateModified\":\"2014-04-11T13:59:55+00:00\",\"inLanguage\":\"fr-FR\",\"potentialAction\":[{\"@type\":\"ReadAction\",\"target\":[\"https:\/\/lyonbondyblog.fr\/LBB\/francois-noel-buffet-vise-presidence-metropole\/\"]}]},{\"@type\":\"ImageObject\",\"inLanguage\":\"fr-FR\",\"@id\":\"https:\/\/lyonbondyblog.fr\/LBB\/francois-noel-buffet-vise-presidence-metropole\/#primaryimage\",\"url\":\"https:\/\/lyonbondyblog.fr\/LBB\/wp-content\/uploads\/2014\/04\/une-buffet.jpg\",\"contentUrl\":\"https:\/\/lyonbondyblog.fr\/LBB\/wp-content\/uploads\/2014\/04\/une-buffet.jpg\",\"width\":600,\"height\":400},{\"@type\":\"WebSite\",\"@id\":\"https:\/\/lyonbondyblog.fr\/LBB\/#website\",\"url\":\"https:\/\/lyonbondyblog.fr\/LBB\/\",\"name\":\"Lyon Bondy Blog\",\"description\":\"\",\"publisher\":{\"@id\":\"https:\/\/lyonbondyblog.fr\/LBB\/#organization\"},\"potentialAction\":[{\"@type\":\"SearchAction\",\"target\":{\"@type\":\"EntryPoint\",\"urlTemplate\":\"https:\/\/lyonbondyblog.fr\/LBB\/?s={search_term_string}\"},\"query-input\":\"required name=search_term_string\"}],\"inLanguage\":\"fr-FR\"},{\"@type\":\"Organization\",\"@id\":\"https:\/\/lyonbondyblog.fr\/LBB\/#organization\",\"name\":\"LYON BONDY BLOG\",\"url\":\"https:\/\/lyonbondyblog.fr\/LBB\/\",\"logo\":{\"@type\":\"ImageObject\",\"inLanguage\":\"fr-FR\",\"@id\":\"https:\/\/lyonbondyblog.fr\/LBB\/#\/schema\/logo\/image\/\",\"url\":\"http:\/\/lyonbondyblog.fr\/LBB\/wp-content\/uploads\/2014\/10\/logo-portable-144.png\",\"contentUrl\":\"http:\/\/lyonbondyblog.fr\/LBB\/wp-content\/uploads\/2014\/10\/logo-portable-144.png\",\"width\":144,\"height\":123,\"caption\":\"LYON BONDY BLOG\"},\"image\":{\"@id\":\"https:\/\/lyonbondyblog.fr\/LBB\/#\/schema\/logo\/image\/\"},\"sameAs\":[\"https:\/\/www.facebook.com\/lyonbondyblog\",\"https:\/\/x.com\/bondybloglyon\"]},{\"@type\":\"Person\",\"@id\":\"https:\/\/lyonbondyblog.fr\/LBB\/#\/schema\/person\/5e9904261c1f613c8e6ea22045b1353d\",\"name\":\"Etienne Aazzab\",\"description\":\"Etienne a contribu\u00e9 depuis 2 ans dans le journal satirique FOUTOU\u2019ART. Il a int\u00e9gr\u00e9 l\u2019\u00e9quipe du \u00ab clic 2014 \u00bb : Collectif local d\u2019informations citoyennes \u00e0 partir de novembre 2013. Il rejoint le Lyon Bondy Blog \u00e0 partir de janvier 2014. Twitter : @AazzabEtienne Ses sujets de pr\u00e9dilection : #Politique #Soci\u00e9t\u00e9 #Sport\",\"sameAs\":[\"https:\/\/x.com\/AazzabEtienne\"],\"url\":\"https:\/\/lyonbondyblog.fr\/LBB\/author\/etienne\/\"}]}<\/script>\n<!-- \/ Yoast SEO plugin. -->","yoast_head_json":{"title":"Fran\u00e7ois-Noel Buffet vise la pr\u00e9sidence de la m\u00e9tropole - Lyon Bondy Blog","robots":{"index":"index","follow":"follow","max-snippet":"max-snippet:-1","max-image-preview":"max-image-preview:large","max-video-preview":"max-video-preview:-1"},"canonical":"https:\/\/lyonbondyblog.fr\/LBB\/francois-noel-buffet-vise-presidence-metropole\/","og_locale":"fr_FR","og_type":"article","og_title":"Fran\u00e7ois-Noel Buffet vise la pr\u00e9sidence de la m\u00e9tropole - Lyon Bondy Blog","og_description":"Les \u00e9lections municipales sont termin\u00e9es. G\u00e9rard Collomb (s\u00e9nateur-maire) a \u00e9t\u00e9 r\u00e9\u00e9lu \u00e0 Lyon. La nouvelle \u00e9ch\u00e9ance est \u00e0 pr\u00e9sent la pr\u00e9sidence de la m\u00e9tropole, pr\u00e9vue &hellip;","og_url":"https:\/\/lyonbondyblog.fr\/LBB\/francois-noel-buffet-vise-presidence-metropole\/","og_site_name":"Lyon Bondy Blog","article_publisher":"https:\/\/www.facebook.com\/lyonbondyblog","article_published_time":"2014-04-11T13:58:07+00:00","article_modified_time":"2014-04-11T13:59:55+00:00","og_image":[{"width":600,"height":400,"url":"https:\/\/lyonbondyblog.fr\/LBB\/wp-content\/uploads\/2014\/04\/une-buffet.jpg","type":"image\/jpeg"}],"author":"Etienne Aazzab","twitter_card":"summary_large_image","twitter_creator":"@AazzabEtienne","twitter_site":"@bondybloglyon","schema":{"@context":"https:\/\/schema.org","@graph":[{"@type":"Article","@id":"https:\/\/lyonbondyblog.fr\/LBB\/francois-noel-buffet-vise-presidence-metropole\/#article","isPartOf":{"@id":"https:\/\/lyonbondyblog.fr\/LBB\/francois-noel-buffet-vise-presidence-metropole\/"},"author":{"name":"Etienne Aazzab","@id":"https:\/\/lyonbondyblog.fr\/LBB\/#\/schema\/person\/5e9904261c1f613c8e6ea22045b1353d"},"headline":"Fran\u00e7ois-Noel Buffet vise la pr\u00e9sidence de la m\u00e9tropole","datePublished":"2014-04-11T13:58:07+00:00","dateModified":"2014-04-11T13:59:55+00:00","mainEntityOfPage":{"@id":"https:\/\/lyonbondyblog.fr\/LBB\/francois-noel-buffet-vise-presidence-metropole\/"},"wordCount":229,"commentCount":0,"publisher":{"@id":"https:\/\/lyonbondyblog.fr\/LBB\/#organization"},"image":{"@id":"https:\/\/lyonbondyblog.fr\/LBB\/francois-noel-buffet-vise-presidence-metropole\/#primaryimage"},"thumbnailUrl":"https:\/\/lyonbondyblog.fr\/LBB\/wp-content\/uploads\/2014\/04\/une-buffet.jpg","keywords":["2014","G\u00e9rard Collomb","Jean-Paul Bret","lyon","maire","municipales","oullins","politique","PS","Villeurbanne"],"articleSection":["Lyon"],"inLanguage":"fr-FR","potentialAction":[{"@type":"CommentAction","name":"Comment","target":["https:\/\/lyonbondyblog.fr\/LBB\/francois-noel-buffet-vise-presidence-metropole\/#respond"]}]},{"@type":"WebPage","@id":"https:\/\/lyonbondyblog.fr\/LBB\/francois-noel-buffet-vise-presidence-metropole\/","url":"https:\/\/lyonbondyblog.fr\/LBB\/francois-noel-buffet-vise-presidence-metropole\/","name":"Fran\u00e7ois-Noel Buffet vise la pr\u00e9sidence de la m\u00e9tropole - Lyon Bondy Blog","isPartOf":{"@id":"https:\/\/lyonbondyblog.fr\/LBB\/#website"},"primaryImageOfPage":{"@id":"https:\/\/lyonbondyblog.fr\/LBB\/francois-noel-buffet-vise-presidence-metropole\/#primaryimage"},"image":{"@id":"https:\/\/lyonbondyblog.fr\/LBB\/francois-noel-buffet-vise-presidence-metropole\/#primaryimage"},"thumbnailUrl":"https:\/\/lyonbondyblog.fr\/LBB\/wp-content\/uploads\/2014\/04\/une-buffet.jpg","datePublished":"2014-04-11T13:58:07+00:00","dateModified":"2014-04-11T13:59:55+00:00","inLanguage":"fr-FR","potentialAction":[{"@type":"ReadAction","target":["https:\/\/lyonbondyblog.fr\/LBB\/francois-noel-buffet-vise-presidence-metropole\/"]}]},{"@type":"ImageObject","inLanguage":"fr-FR","@id":"https:\/\/lyonbondyblog.fr\/LBB\/francois-noel-buffet-vise-presidence-metropole\/#primaryimage","url":"https:\/\/lyonbondyblog.fr\/LBB\/wp-content\/uploads\/2014\/04\/une-buffet.jpg","contentUrl":"https:\/\/lyonbondyblog.fr\/LBB\/wp-content\/uploads\/2014\/04\/une-buffet.jpg","width":600,"height":400},{"@type":"WebSite","@id":"https:\/\/lyonbondyblog.fr\/LBB\/#website","url":"https:\/\/lyonbondyblog.fr\/LBB\/","name":"Lyon Bondy Blog","description":"","publisher":{"@id":"https:\/\/lyonbondyblog.fr\/LBB\/#organization"},"potentialAction":[{"@type":"SearchAction","target":{"@type":"EntryPoint","urlTemplate":"https:\/\/lyonbondyblog.fr\/LBB\/?s={search_term_string}"},"query-input":"required name=search_term_string"}],"inLanguage":"fr-FR"},{"@type":"Organization","@id":"https:\/\/lyonbondyblog.fr\/LBB\/#organization","name":"LYON BONDY BLOG","url":"https:\/\/lyonbondyblog.fr\/LBB\/","logo":{"@type":"ImageObject","inLanguage":"fr-FR","@id":"https:\/\/lyonbondyblog.fr\/LBB\/#\/schema\/logo\/image\/","url":"http:\/\/lyonbondyblog.fr\/LBB\/wp-content\/uploads\/2014\/10\/logo-portable-144.png","contentUrl":"http:\/\/lyonbondyblog.fr\/LBB\/wp-content\/uploads\/2014\/10\/logo-portable-144.png","width":144,"height":123,"caption":"LYON BONDY BLOG"},"image":{"@id":"https:\/\/lyonbondyblog.fr\/LBB\/#\/schema\/logo\/image\/"},"sameAs":["https:\/\/www.facebook.com\/lyonbondyblog","https:\/\/x.com\/bondybloglyon"]},{"@type":"Person","@id":"https:\/\/lyonbondyblog.fr\/LBB\/#\/schema\/person\/5e9904261c1f613c8e6ea22045b1353d","name":"Etienne Aazzab","description":"Etienne a contribu\u00e9 depuis 2 ans dans le journal satirique FOUTOU\u2019ART. Il a int\u00e9gr\u00e9 l\u2019\u00e9quipe du \u00ab clic 2014 \u00bb : Collectif local d\u2019informations citoyennes \u00e0 partir de novembre 2013. Il rejoint le Lyon Bondy Blog \u00e0 partir de janvier 2014. Twitter : @AazzabEtienne Ses sujets de pr\u00e9dilection : #Politique #Soci\u00e9t\u00e9 #Sport","sameAs":["https:\/\/x.com\/AazzabEtienne"],"url":"https:\/\/lyonbondyblog.fr\/LBB\/author\/etienne\/"}]}},"_links":{"self":[{"href":"https:\/\/lyonbondyblog.fr\/LBB\/wp-json\/wp\/v2\/posts\/6381","targetHints":{"allow":["GET"]}}],"collection":[{"href":"https:\/\/lyonbondyblog.fr\/LBB\/wp-json\/wp\/v2\/posts"}],"about":[{"href":"https:\/\/lyonbondyblog.fr\/LBB\/wp-json\/wp\/v2\/types\/post"}],"author":[{"embeddable":true,"href":"https:\/\/lyonbondyblog.fr\/LBB\/wp-json\/wp\/v2\/users\/33"}],"replies":[{"embeddable":true,"href":"https:\/\/lyonbondyblog.fr\/LBB\/wp-json\/wp\/v2\/comments?post=6381"}],"version-history":[{"count":0,"href":"https:\/\/lyonbondyblog.fr\/LBB\/wp-json\/wp\/v2\/posts\/6381\/revisions"}],"wp:featuredmedia":[{"embeddable":true,"href":"https:\/\/lyonbondyblog.fr\/LBB\/wp-json\/wp\/v2\/media\/6385"}],"wp:attachment":[{"href":"https:\/\/lyonbondyblog.fr\/LBB\/wp-json\/wp\/v2\/media?parent=6381"}],"wp:term":[{"taxonomy":"category","embeddable":true,"href":"https:\/\/lyonbondyblog.fr\/LBB\/wp-json\/wp\/v2\/categories?post=6381"},{"taxonomy":"post_tag","embeddable":true,"href":"https:\/\/lyonbondyblog.fr\/LBB\/wp-json\/wp\/v2\/tags?post=6381"}],"curies":[{"name":"wp","href":"https:\/\/api.w.org\/{rel}","templated":true}]}}