{"id":6330,"date":"2014-04-02T17:57:44","date_gmt":"2014-04-02T15:57:44","guid":{"rendered":"http:\/\/lyonbondyblog.fr\/LBB\/?p=6330"},"modified":"2014-04-02T17:57:44","modified_gmt":"2014-04-02T15:57:44","slug":"portugal-obrigado-saint-fons","status":"publish","type":"post","link":"https:\/\/lyonbondyblog.fr\/LBB\/portugal-obrigado-saint-fons\/","title":{"rendered":"Portugal : Obrigado Saint-Fons !"},"content":{"rendered":"<p><strong>L\u2019Association culturelle des portugais de Saint Fons pr\u00f4ne l\u2019ouverture d\u2019esprit. Son \u00e9quipe de football arbore une diversit\u00e9\u00a0 illustrant la volont\u00e9 d\u2019accueillir tout le monde et faire vivre les quartiers. A l\u2019occasion de la coupe du monde toute proche, Le Lyon Bondy Blog est all\u00e9 \u00e0 la rencontre de la communaut\u00e9 lusophone. \u00a0\u00a0\u00a0\u00a0\u00a0\u00a0<\/strong><\/p>\n<p><a href=\"https:\/\/lyonbondyblog.fr\/LBB\/wp-content\/uploads\/2014\/04\/DSCF3660.jpg\"><img loading=\"lazy\" decoding=\"async\" width=\"600\" height=\"450\" class=\"aligncenter size-full wp-image-6332\" alt=\"DSCF3660\" src=\"https:\/\/lyonbondyblog.fr\/LBB\/wp-content\/uploads\/2014\/04\/DSCF3660.jpg\" srcset=\"https:\/\/lyonbondyblog.fr\/LBB\/wp-content\/uploads\/2014\/04\/DSCF3660.jpg 600w, https:\/\/lyonbondyblog.fr\/LBB\/wp-content\/uploads\/2014\/04\/DSCF3660-300x225.jpg 300w\" sizes=\"auto, (max-width: 600px) 100vw, 600px\" \/><\/a><\/p>\n<p>Nation des grandes d\u00e9couvertes, le Portugal a laiss\u00e9 sa marque en Asie, en Afrique ou en Am\u00e9rique du Sud et sa langue est parl\u00e9e par plus de deux cent quarante millions de personnes dans le monde. Le rayonnement\u00a0 culturel de ce pays n\u2019est plus \u00e0 d\u00e9mentir depuis longtemps.<\/p>\n<p><a href=\"http:\/\/fr.wikipedia.org\/wiki\/Fado\">Le fado<\/a>, l\u2019\u00e9crivain <a href=\"http:\/\/www.bibliomonde.com\/auteur\/jose-saramago-499.html\">Jos\u00e9 Saramago (Prix Nobel de litt\u00e9rature en 1998)<\/a> ou le chanteur <a href=\"https:\/\/www.youtube.com\/watch?v=hvXggXHWdsM\">Lucenzo qui a triomph\u00e9\u00a0 avec le tube plan\u00e9taire Danza Kuduro<\/a> en 2010 en sont de belles illustrations.<\/p>\n<p>Le Benfica de Lisbonne et Le FC Porto sont les deux\u00a0 r\u00e9f\u00e9rences \u00e9minentes avec deux ligues des champions remport\u00e9es chacun. Disparu le 5 Janvier dernier, le footballeur \u00a0<a href=\"http:\/\/fr.wikipedia.org\/wiki\/Eus%C3%A9bio_da_Silva_Ferreira\">Eusebio que l\u2019on surnommait O Pantera Negra (La panth\u00e8re noire)<\/a> demeure une fiert\u00e9 nationale. C\u2019est le ballon d\u2019or 2008 et\u00a0 2013 Cristiano Ronaldo qui prend le relais de par son influence technique et\u2026commerciale.<\/p>\n<p>Jos\u00e9 Morinho a conquis le c\u0153ur des m\u00e9dias avec ses savoureuses frasques verbales en conf\u00e9rence de presse. <a href=\"http:\/\/www.20minutes.fr\/sport\/1220359-20130909-interviewez-thibaud-leplat-livre-le-cas-mourinho\">Thibaut Leplat auteur du livre \u00ab\u00a0Le Cas Morinho\u00a0\u00bb,<\/a> le pr\u00e9sente comme \u00ab\u00a0Le Magellan du foot\u00a0\u00bb.<\/p>\n<p>Dans le groupe G, le Portugal sera oppos\u00e9 \u00e0 l\u2019Allemagne de Miroslav Klose, le Ghana des fr\u00e8res Ayew et les Etats-Unis de Landon Donovan.<\/p>\n<p><img loading=\"lazy\" decoding=\"async\" width=\"600\" height=\"450\" class=\"aligncenter size-full wp-image-6334\" alt=\"DSCF3723\" src=\"https:\/\/lyonbondyblog.fr\/LBB\/wp-content\/uploads\/2014\/04\/DSCF3723.jpg\" srcset=\"https:\/\/lyonbondyblog.fr\/LBB\/wp-content\/uploads\/2014\/04\/DSCF3723.jpg 600w, https:\/\/lyonbondyblog.fr\/LBB\/wp-content\/uploads\/2014\/04\/DSCF3723-300x225.jpg 300w\" sizes=\"auto, (max-width: 600px) 100vw, 600px\" \/><\/p>\n<p>Pour les lusophones, cette coupe du monde au Br\u00e9sil arbore quelque chose de sp\u00e9cial. Elle se joue dans un pays cousin \u00e0 d\u00e9faut d\u2019\u00eatre voisin o\u00f9 l\u2019on parle la m\u00eame langue.<\/p>\n<h2>Une communaut\u00e9 portugaise active<\/h2>\n<p><a href=\"http:\/\/fr.wikipedia.org\/wiki\/Saint-Fons\">Saint Fons et ses dix sept mille habitants est<\/a> connu pour son couloir de la chimie. Riche et cosmopolite, la commune a une vie locale intense avec plus de deux cent associations. <a href=\"http:\/\/www.francetvinfo.fr\/elections\/resultats\/rhone_69\/saint-fons_69190\">Nathalie Frier (LDVD)<\/a> vient d\u2019\u00eatre \u00e9lue ce Dimanche dans cette ville o\u00f9\u00a0 les communaut\u00e9s portugaises et turques se distinguent par l\u2019importance de leur population.<\/p>\n<blockquote><p>\u00ab\u00a0Ce club repr\u00e9sente une rencontre familiale. Il y a toutes les nationalit\u00e9s. On ne fait pas de diff\u00e9rence. Tout le monde s\u2019int\u00e8gre et s\u2019assoit \u00e0 table.\u00a0\u00bb<\/p><\/blockquote>\n<p>Le vice-pr\u00e9sident et cofondateur Jos\u00e9 Carlos (53 ans) parle de cet \u00e9crin associatif avec une certaine \u00e9motion.<\/p>\n<p>L\u2019Association culturelle des portugais de Saint Fons a \u00e9t\u00e9 cr\u00e9e en 1987 \u00e0 la demande des jeunes du quartier des Clochettes. <a href=\"http:\/\/rhone.fff.fr\/competitions\/php\/club\/club_fiche.php?cl_no=19149\">Il \u00e9volue en deuxi\u00e8me division de district (poule D).<\/a> Malgr\u00e9 sa d\u00e9nomination, le club ne porte pas les marques du communautarisme. On parle majoritairement portugais dans les tribunes du stade de la Cressoni\u00e8re ou \u00e0 la salle Zitouni aux Clochettes qui fait office de si\u00e8ge. Mais les licenci\u00e9s sont issus de toutes les origines et repr\u00e9sentent deux quartiers en particulier\u00a0: L\u2019Arsenal et Les Clochettes tous les deux class\u00e9s en <a href=\"http:\/\/sig.ville.gouv.fr\/zone\/8212260\">ZUS (Zones urbaines sensibles).<\/a><\/p>\n<h2>Un panel humain diversifi\u00e9<\/h2>\n<p><em>\u00ab\u00a0Pendant les matchs, il faut reconna\u00eetre que les portugais sont expressifs et passionn\u00e9s \u00e0 l\u2019extr\u00eame\u00a0!\u00a0\u00bb <\/em>N\u00e9 au S\u00e9n\u00e9gal dans le village de Puma, \u00a0l\u2019attaquant Demba Traor\u00e9 (27 ans) affirme avoir trouv\u00e9 un club \u00e0 sa convenance depuis 2010 et se dit agr\u00e9ablement surprit de l\u2019esprit d\u2019ouverture r\u00e9gnante:<\/p>\n<p><em>\u00ab Ici on parle tous en fran\u00e7ais m\u00eame si la culture du club est portugaise \u00e0 laquelle je me suis ouverte. On s\u2019entend tous tr\u00e8s bien et l\u2019ambiance est tr\u00e8s bonne. \u00bb <\/em>L\u2019employ\u00e9 des travaux publics r\u00e9sidant au quartier de l\u2019Arsenal ne se mouille pas. Il coche pour une victoire du Br\u00e9sil lors de la prochaine coupe du monde.<\/p>\n<p><img loading=\"lazy\" decoding=\"async\" width=\"600\" height=\"450\" class=\"aligncenter size-full wp-image-6333\" alt=\"DSCF3677\" src=\"https:\/\/lyonbondyblog.fr\/LBB\/wp-content\/uploads\/2014\/04\/DSCF3677.jpg\" srcset=\"https:\/\/lyonbondyblog.fr\/LBB\/wp-content\/uploads\/2014\/04\/DSCF3677.jpg 600w, https:\/\/lyonbondyblog.fr\/LBB\/wp-content\/uploads\/2014\/04\/DSCF3677-300x225.jpg 300w\" sizes=\"auto, (max-width: 600px) 100vw, 600px\" \/><\/p>\n<p>Avec son accent marqu\u00e9 et sa barbe de trois jours, Miguel Pereira Faria (23 ans) arriv\u00e9 de Braga au Nord du Portugal en 2010 apporte un c\u00f4t\u00e9 international. Le niveau est plus bas, la concurrence moins intense qu\u2019au pays selon lui. Il r\u00e9side d\u00e9sormais aux abords de la Rue Carnot \u00e0 Saint Fons loin du tumulte d\u2019une crise beaucoup plus marqu\u00e9e sur la P\u00e9ninsule Ib\u00e9rique.<\/p>\n<p>\u00ab Je suis venu en France chercher du travail dans le BTP. Je jouais au GDC Prado (3\u00e8me division nationale). La vie ici n\u2019a rien \u00e0 voir. On arrive mieux \u00e0 g\u00e9rer les salaires et donc les difficult\u00e9s.\u00a0\u00bb<\/p>\n<p>Le joueur reconna\u00eet que le fait que le pr\u00e9sident et les dirigeants soient portugais facilite les choses mais \u00ab\u00a0c\u2019est plus le plaisir qui est recherch\u00e9. L\u2019ouverture du club vers les autres m\u2019a permis par exemple d\u2019apprendre le fran\u00e7ais.\u00a0\u00bb Le Br\u00e9sil, L\u2019Espagne et l\u2019Allemagne constituent son trio gagnant.<\/p>\n<h2>L\u2019entra\u00eeneur et le capitaine\u00a0cassent les clich\u00e9s<\/h2>\n<p>Il porte l\u2019h\u00e9ritage et orchestre le jeu. Georges De Sa (34 ans), joueur durant dix huit ans et entra\u00eeneur depuis un an et demi est le fils du pr\u00e9sident Jos\u00e9. Autoritaire sur le banc et bon copain en dehors, il entretient la vision des deuxi\u00e8mes et troisi\u00e8mes g\u00e9n\u00e9rations issues de l\u2019immigration. Il pr\u00f4ne pour le multiculturalisme \u00ab\u00a0qui fait la force du club. On est fier d\u2019\u00eatre fran\u00e7ais et d\u2019\u00eatre portugais aussi. Il y a aussi des progr\u00e8s qui se ressentent\u00a0 au niveau du racisme et des insultes.\u00a0\u00bb<\/p>\n<p>Il reconna\u00eet malicieusement parler le portugais sur le terrain, mais \u00ab\u00a0j\u2019ai des joueurs nouveaux immigr\u00e9s qui ne savent pas encore parler fran\u00e7ais. Je joue un peu de \u00e7a pour faire passer mes messages m\u00eame si c\u2019est interdit au niveau des r\u00e8gles. Les joueurs fran\u00e7ais finissent par comprendre le portugais aussi.\u00a0\u00bb<\/p>\n<p>Attach\u00e9 au club depuis trois ans,\u00a0 Eric Nhem (30 ans) porte le brassard. D\u2019origine asiatique, son ambition marque un peu plus cette diversit\u00e9 offerte par ces clubs du district ayant d\u00e9pass\u00e9\u00a0 les clich\u00e9s au profit des ambitions sportives. Il esp\u00e8re voir le club monter les deux prochaines saisons.<\/p>\n<p>\u00ab\u00a0C\u2019est pour le jeu, les pr\u00e9jug\u00e9s sont laiss\u00e9s derri\u00e8re. On est tellement loin des clich\u00e9s concernant le Portugal.\u00a0 Avant je jouais au FC Lyon, il n\u2019y avait pas la m\u00eame ambiance festive. C\u2019est le pr\u00e9sident qui l\u2019illustre le mieux de par sa proximit\u00e9. On discute beaucoup avec lui.\u00bb<\/p>\n<p>Le vice pr\u00e9sident Jos\u00e9\u00a0 Carlos est all\u00e9 il y a quelques jours au Br\u00e9sil <a href=\"http:\/\/fr.wikipedia.org\/wiki\/Stade_Maracan%C3%A3\">o\u00f9 il a visit\u00e9 le stade du Maracana.<\/a> Il \u00a0partage ses photos sur son mobile avant de promettre\u00a0: \u00ab Pendant le mondial, il y aura des projections de matchs organis\u00e9es \u00e0 la salle Zitouni pour les membres de l\u2019association et les licenci\u00e9s\u00a0\u00bb avec un espoir\u00a0pour lui de voir Le Portugal lever la coupe du monde.<\/p>\n<!-- AddThis Advanced Settings generic via filter on the_content --><!-- AddThis Share Buttons generic via filter on the_content -->","protected":false},"excerpt":{"rendered":"<p>L\u2019Association culturelle des portugais de Saint Fons pr\u00f4ne l\u2019ouverture d\u2019esprit. Son \u00e9quipe de football arbore une diversit\u00e9\u00a0 illustrant la volont\u00e9 d\u2019accueillir tout le monde et &hellip; <!-- AddThis Advanced Settings generic via filter on wp_trim_excerpt --><!-- AddThis Share Buttons generic via filter on wp_trim_excerpt --><\/p>\n","protected":false},"author":28,"featured_media":6331,"comment_status":"open","ping_status":"open","sticky":false,"template":"","format":"standard","meta":{"_FSMCFIC_featured_image_caption":"","_FSMCFIC_featured_image_nocaption":"","_FSMCFIC_featured_image_hide":"","footnotes":""},"categories":[4],"tags":[978,1952,624,11,112,141],"class_list":["post-6330","post","type-post","status-publish","format-standard","has-post-thumbnail","hentry","category-lyon","tag-coupe-du-monde","tag-culture","tag-football","tag-france-2","tag-lyon-bondy-blog","tag-saint-fons"],"yoast_head":"<!-- This site is optimized with the Yoast SEO plugin v22.8 - https:\/\/yoast.com\/wordpress\/plugins\/seo\/ -->\n<title>Portugal : Obrigado Saint-Fons !  - Lyon Bondy Blog<\/title>\n<meta name=\"robots\" content=\"index, follow, max-snippet:-1, max-image-preview:large, max-video-preview:-1\" \/>\n<link rel=\"canonical\" href=\"https:\/\/lyonbondyblog.fr\/LBB\/portugal-obrigado-saint-fons\/\" \/>\n<meta property=\"og:locale\" content=\"fr_FR\" \/>\n<meta property=\"og:type\" content=\"article\" \/>\n<meta property=\"og:title\" content=\"Portugal : Obrigado Saint-Fons !  - Lyon Bondy Blog\" \/>\n<meta property=\"og:description\" content=\"L\u2019Association culturelle des portugais de Saint Fons pr\u00f4ne l\u2019ouverture d\u2019esprit. Son \u00e9quipe de football arbore une diversit\u00e9\u00a0 illustrant la volont\u00e9 d\u2019accueillir tout le monde et &hellip;\" \/>\n<meta property=\"og:url\" content=\"https:\/\/lyonbondyblog.fr\/LBB\/portugal-obrigado-saint-fons\/\" \/>\n<meta property=\"og:site_name\" content=\"Lyon Bondy Blog\" \/>\n<meta property=\"article:publisher\" content=\"https:\/\/www.facebook.com\/lyonbondyblog\" \/>\n<meta property=\"article:published_time\" content=\"2014-04-02T15:57:44+00:00\" \/>\n<meta property=\"og:image\" content=\"https:\/\/lyonbondyblog.fr\/LBB\/wp-content\/uploads\/2014\/04\/unefootportugal.jpg\" \/>\n\t<meta property=\"og:image:width\" content=\"600\" \/>\n\t<meta property=\"og:image:height\" content=\"400\" \/>\n\t<meta property=\"og:image:type\" content=\"image\/jpeg\" \/>\n<meta name=\"author\" content=\"Mohamed Braiki\" \/>\n<meta name=\"twitter:card\" content=\"summary_large_image\" \/>\n<meta name=\"twitter:creator\" content=\"@bondybloglyon\" \/>\n<meta name=\"twitter:site\" content=\"@bondybloglyon\" \/>\n<script type=\"application\/ld+json\" class=\"yoast-schema-graph\">{\"@context\":\"https:\/\/schema.org\",\"@graph\":[{\"@type\":\"Article\",\"@id\":\"https:\/\/lyonbondyblog.fr\/LBB\/portugal-obrigado-saint-fons\/#article\",\"isPartOf\":{\"@id\":\"https:\/\/lyonbondyblog.fr\/LBB\/portugal-obrigado-saint-fons\/\"},\"author\":{\"name\":\"Mohamed Braiki\",\"@id\":\"https:\/\/lyonbondyblog.fr\/LBB\/#\/schema\/person\/558339ea4e67b07f7a2df48e9605b75c\"},\"headline\":\"Portugal : Obrigado Saint-Fons !\",\"datePublished\":\"2014-04-02T15:57:44+00:00\",\"dateModified\":\"2014-04-02T15:57:44+00:00\",\"mainEntityOfPage\":{\"@id\":\"https:\/\/lyonbondyblog.fr\/LBB\/portugal-obrigado-saint-fons\/\"},\"wordCount\":1157,\"commentCount\":0,\"publisher\":{\"@id\":\"https:\/\/lyonbondyblog.fr\/LBB\/#organization\"},\"image\":{\"@id\":\"https:\/\/lyonbondyblog.fr\/LBB\/portugal-obrigado-saint-fons\/#primaryimage\"},\"thumbnailUrl\":\"https:\/\/lyonbondyblog.fr\/LBB\/wp-content\/uploads\/2014\/04\/unefootportugal.jpg\",\"keywords\":[\"coupe du monde\",\"Culture\",\"Football\",\"france\",\"Lyon Bondy Blog\",\"Saint Fons\"],\"articleSection\":[\"Lyon\"],\"inLanguage\":\"fr-FR\",\"potentialAction\":[{\"@type\":\"CommentAction\",\"name\":\"Comment\",\"target\":[\"https:\/\/lyonbondyblog.fr\/LBB\/portugal-obrigado-saint-fons\/#respond\"]}]},{\"@type\":\"WebPage\",\"@id\":\"https:\/\/lyonbondyblog.fr\/LBB\/portugal-obrigado-saint-fons\/\",\"url\":\"https:\/\/lyonbondyblog.fr\/LBB\/portugal-obrigado-saint-fons\/\",\"name\":\"Portugal : Obrigado Saint-Fons ! - Lyon Bondy Blog\",\"isPartOf\":{\"@id\":\"https:\/\/lyonbondyblog.fr\/LBB\/#website\"},\"primaryImageOfPage\":{\"@id\":\"https:\/\/lyonbondyblog.fr\/LBB\/portugal-obrigado-saint-fons\/#primaryimage\"},\"image\":{\"@id\":\"https:\/\/lyonbondyblog.fr\/LBB\/portugal-obrigado-saint-fons\/#primaryimage\"},\"thumbnailUrl\":\"https:\/\/lyonbondyblog.fr\/LBB\/wp-content\/uploads\/2014\/04\/unefootportugal.jpg\",\"datePublished\":\"2014-04-02T15:57:44+00:00\",\"dateModified\":\"2014-04-02T15:57:44+00:00\",\"inLanguage\":\"fr-FR\",\"potentialAction\":[{\"@type\":\"ReadAction\",\"target\":[\"https:\/\/lyonbondyblog.fr\/LBB\/portugal-obrigado-saint-fons\/\"]}]},{\"@type\":\"ImageObject\",\"inLanguage\":\"fr-FR\",\"@id\":\"https:\/\/lyonbondyblog.fr\/LBB\/portugal-obrigado-saint-fons\/#primaryimage\",\"url\":\"https:\/\/lyonbondyblog.fr\/LBB\/wp-content\/uploads\/2014\/04\/unefootportugal.jpg\",\"contentUrl\":\"https:\/\/lyonbondyblog.fr\/LBB\/wp-content\/uploads\/2014\/04\/unefootportugal.jpg\",\"width\":600,\"height\":400},{\"@type\":\"WebSite\",\"@id\":\"https:\/\/lyonbondyblog.fr\/LBB\/#website\",\"url\":\"https:\/\/lyonbondyblog.fr\/LBB\/\",\"name\":\"Lyon Bondy Blog\",\"description\":\"\",\"publisher\":{\"@id\":\"https:\/\/lyonbondyblog.fr\/LBB\/#organization\"},\"potentialAction\":[{\"@type\":\"SearchAction\",\"target\":{\"@type\":\"EntryPoint\",\"urlTemplate\":\"https:\/\/lyonbondyblog.fr\/LBB\/?s={search_term_string}\"},\"query-input\":\"required name=search_term_string\"}],\"inLanguage\":\"fr-FR\"},{\"@type\":\"Organization\",\"@id\":\"https:\/\/lyonbondyblog.fr\/LBB\/#organization\",\"name\":\"LYON BONDY BLOG\",\"url\":\"https:\/\/lyonbondyblog.fr\/LBB\/\",\"logo\":{\"@type\":\"ImageObject\",\"inLanguage\":\"fr-FR\",\"@id\":\"https:\/\/lyonbondyblog.fr\/LBB\/#\/schema\/logo\/image\/\",\"url\":\"http:\/\/lyonbondyblog.fr\/LBB\/wp-content\/uploads\/2014\/10\/logo-portable-144.png\",\"contentUrl\":\"http:\/\/lyonbondyblog.fr\/LBB\/wp-content\/uploads\/2014\/10\/logo-portable-144.png\",\"width\":144,\"height\":123,\"caption\":\"LYON BONDY BLOG\"},\"image\":{\"@id\":\"https:\/\/lyonbondyblog.fr\/LBB\/#\/schema\/logo\/image\/\"},\"sameAs\":[\"https:\/\/www.facebook.com\/lyonbondyblog\",\"https:\/\/x.com\/bondybloglyon\"]},{\"@type\":\"Person\",\"@id\":\"https:\/\/lyonbondyblog.fr\/LBB\/#\/schema\/person\/558339ea4e67b07f7a2df48e9605b75c\",\"name\":\"Mohamed Braiki\",\"description\":\"Natif de Lyon et enfant des Minguettes, je suis dipl\u00f4m\u00e9 de Lettres de la Fac de Lyon 2 et l\u2019EFAP Rh\u00f4ne Alpes. J\u2019ai roul\u00e9 ma bosse dans des r\u00e9dactions lyonnaises comme la radio Lyon Sport 98.4, Le Progr\u00e8s, Foot 69.fr, Tribune de Lyon et Lyon Capitale. braikimohamed@yahoo.fr\",\"url\":\"https:\/\/lyonbondyblog.fr\/LBB\/author\/mohamed\/\"}]}<\/script>\n<!-- \/ Yoast SEO plugin. -->","yoast_head_json":{"title":"Portugal : Obrigado Saint-Fons !  - Lyon Bondy Blog","robots":{"index":"index","follow":"follow","max-snippet":"max-snippet:-1","max-image-preview":"max-image-preview:large","max-video-preview":"max-video-preview:-1"},"canonical":"https:\/\/lyonbondyblog.fr\/LBB\/portugal-obrigado-saint-fons\/","og_locale":"fr_FR","og_type":"article","og_title":"Portugal : Obrigado Saint-Fons !  - Lyon Bondy Blog","og_description":"L\u2019Association culturelle des portugais de Saint Fons pr\u00f4ne l\u2019ouverture d\u2019esprit. Son \u00e9quipe de football arbore une diversit\u00e9\u00a0 illustrant la volont\u00e9 d\u2019accueillir tout le monde et &hellip;","og_url":"https:\/\/lyonbondyblog.fr\/LBB\/portugal-obrigado-saint-fons\/","og_site_name":"Lyon Bondy Blog","article_publisher":"https:\/\/www.facebook.com\/lyonbondyblog","article_published_time":"2014-04-02T15:57:44+00:00","og_image":[{"width":600,"height":400,"url":"https:\/\/lyonbondyblog.fr\/LBB\/wp-content\/uploads\/2014\/04\/unefootportugal.jpg","type":"image\/jpeg"}],"author":"Mohamed Braiki","twitter_card":"summary_large_image","twitter_creator":"@bondybloglyon","twitter_site":"@bondybloglyon","schema":{"@context":"https:\/\/schema.org","@graph":[{"@type":"Article","@id":"https:\/\/lyonbondyblog.fr\/LBB\/portugal-obrigado-saint-fons\/#article","isPartOf":{"@id":"https:\/\/lyonbondyblog.fr\/LBB\/portugal-obrigado-saint-fons\/"},"author":{"name":"Mohamed Braiki","@id":"https:\/\/lyonbondyblog.fr\/LBB\/#\/schema\/person\/558339ea4e67b07f7a2df48e9605b75c"},"headline":"Portugal : Obrigado Saint-Fons !","datePublished":"2014-04-02T15:57:44+00:00","dateModified":"2014-04-02T15:57:44+00:00","mainEntityOfPage":{"@id":"https:\/\/lyonbondyblog.fr\/LBB\/portugal-obrigado-saint-fons\/"},"wordCount":1157,"commentCount":0,"publisher":{"@id":"https:\/\/lyonbondyblog.fr\/LBB\/#organization"},"image":{"@id":"https:\/\/lyonbondyblog.fr\/LBB\/portugal-obrigado-saint-fons\/#primaryimage"},"thumbnailUrl":"https:\/\/lyonbondyblog.fr\/LBB\/wp-content\/uploads\/2014\/04\/unefootportugal.jpg","keywords":["coupe du monde","Culture","Football","france","Lyon Bondy Blog","Saint Fons"],"articleSection":["Lyon"],"inLanguage":"fr-FR","potentialAction":[{"@type":"CommentAction","name":"Comment","target":["https:\/\/lyonbondyblog.fr\/LBB\/portugal-obrigado-saint-fons\/#respond"]}]},{"@type":"WebPage","@id":"https:\/\/lyonbondyblog.fr\/LBB\/portugal-obrigado-saint-fons\/","url":"https:\/\/lyonbondyblog.fr\/LBB\/portugal-obrigado-saint-fons\/","name":"Portugal : Obrigado Saint-Fons ! - Lyon Bondy Blog","isPartOf":{"@id":"https:\/\/lyonbondyblog.fr\/LBB\/#website"},"primaryImageOfPage":{"@id":"https:\/\/lyonbondyblog.fr\/LBB\/portugal-obrigado-saint-fons\/#primaryimage"},"image":{"@id":"https:\/\/lyonbondyblog.fr\/LBB\/portugal-obrigado-saint-fons\/#primaryimage"},"thumbnailUrl":"https:\/\/lyonbondyblog.fr\/LBB\/wp-content\/uploads\/2014\/04\/unefootportugal.jpg","datePublished":"2014-04-02T15:57:44+00:00","dateModified":"2014-04-02T15:57:44+00:00","inLanguage":"fr-FR","potentialAction":[{"@type":"ReadAction","target":["https:\/\/lyonbondyblog.fr\/LBB\/portugal-obrigado-saint-fons\/"]}]},{"@type":"ImageObject","inLanguage":"fr-FR","@id":"https:\/\/lyonbondyblog.fr\/LBB\/portugal-obrigado-saint-fons\/#primaryimage","url":"https:\/\/lyonbondyblog.fr\/LBB\/wp-content\/uploads\/2014\/04\/unefootportugal.jpg","contentUrl":"https:\/\/lyonbondyblog.fr\/LBB\/wp-content\/uploads\/2014\/04\/unefootportugal.jpg","width":600,"height":400},{"@type":"WebSite","@id":"https:\/\/lyonbondyblog.fr\/LBB\/#website","url":"https:\/\/lyonbondyblog.fr\/LBB\/","name":"Lyon Bondy Blog","description":"","publisher":{"@id":"https:\/\/lyonbondyblog.fr\/LBB\/#organization"},"potentialAction":[{"@type":"SearchAction","target":{"@type":"EntryPoint","urlTemplate":"https:\/\/lyonbondyblog.fr\/LBB\/?s={search_term_string}"},"query-input":"required name=search_term_string"}],"inLanguage":"fr-FR"},{"@type":"Organization","@id":"https:\/\/lyonbondyblog.fr\/LBB\/#organization","name":"LYON BONDY BLOG","url":"https:\/\/lyonbondyblog.fr\/LBB\/","logo":{"@type":"ImageObject","inLanguage":"fr-FR","@id":"https:\/\/lyonbondyblog.fr\/LBB\/#\/schema\/logo\/image\/","url":"http:\/\/lyonbondyblog.fr\/LBB\/wp-content\/uploads\/2014\/10\/logo-portable-144.png","contentUrl":"http:\/\/lyonbondyblog.fr\/LBB\/wp-content\/uploads\/2014\/10\/logo-portable-144.png","width":144,"height":123,"caption":"LYON BONDY BLOG"},"image":{"@id":"https:\/\/lyonbondyblog.fr\/LBB\/#\/schema\/logo\/image\/"},"sameAs":["https:\/\/www.facebook.com\/lyonbondyblog","https:\/\/x.com\/bondybloglyon"]},{"@type":"Person","@id":"https:\/\/lyonbondyblog.fr\/LBB\/#\/schema\/person\/558339ea4e67b07f7a2df48e9605b75c","name":"Mohamed Braiki","description":"Natif de Lyon et enfant des Minguettes, je suis dipl\u00f4m\u00e9 de Lettres de la Fac de Lyon 2 et l\u2019EFAP Rh\u00f4ne Alpes. J\u2019ai roul\u00e9 ma bosse dans des r\u00e9dactions lyonnaises comme la radio Lyon Sport 98.4, Le Progr\u00e8s, Foot 69.fr, Tribune de Lyon et Lyon Capitale. braikimohamed@yahoo.fr","url":"https:\/\/lyonbondyblog.fr\/LBB\/author\/mohamed\/"}]}},"_links":{"self":[{"href":"https:\/\/lyonbondyblog.fr\/LBB\/wp-json\/wp\/v2\/posts\/6330","targetHints":{"allow":["GET"]}}],"collection":[{"href":"https:\/\/lyonbondyblog.fr\/LBB\/wp-json\/wp\/v2\/posts"}],"about":[{"href":"https:\/\/lyonbondyblog.fr\/LBB\/wp-json\/wp\/v2\/types\/post"}],"author":[{"embeddable":true,"href":"https:\/\/lyonbondyblog.fr\/LBB\/wp-json\/wp\/v2\/users\/28"}],"replies":[{"embeddable":true,"href":"https:\/\/lyonbondyblog.fr\/LBB\/wp-json\/wp\/v2\/comments?post=6330"}],"version-history":[{"count":0,"href":"https:\/\/lyonbondyblog.fr\/LBB\/wp-json\/wp\/v2\/posts\/6330\/revisions"}],"wp:featuredmedia":[{"embeddable":true,"href":"https:\/\/lyonbondyblog.fr\/LBB\/wp-json\/wp\/v2\/media\/6331"}],"wp:attachment":[{"href":"https:\/\/lyonbondyblog.fr\/LBB\/wp-json\/wp\/v2\/media?parent=6330"}],"wp:term":[{"taxonomy":"category","embeddable":true,"href":"https:\/\/lyonbondyblog.fr\/LBB\/wp-json\/wp\/v2\/categories?post=6330"},{"taxonomy":"post_tag","embeddable":true,"href":"https:\/\/lyonbondyblog.fr\/LBB\/wp-json\/wp\/v2\/tags?post=6330"}],"curies":[{"name":"wp","href":"https:\/\/api.w.org\/{rel}","templated":true}]}}