{"id":6309,"date":"2014-03-26T16:20:05","date_gmt":"2014-03-26T15:20:05","guid":{"rendered":"http:\/\/lyonbondyblog.fr\/LBB\/?p=6309"},"modified":"2014-05-23T16:06:14","modified_gmt":"2014-05-23T14:06:14","slug":"gars-dla-marine","status":"publish","type":"post","link":"https:\/\/lyonbondyblog.fr\/LBB\/gars-dla-marine\/","title":{"rendered":"Le gars d&rsquo;la Marine"},"content":{"rendered":"<p><strong>A l\u2019aube des \u00e9lections Municipales, le Lyon Bondy Blog a souhait\u00e9 partir \u00e0 la rencontre de certains visages cach\u00e9s qui \u0153uvrent en sous-terrain pour l\u2019\u00e9lection d\u2019un candidat.\u00a0Ils tractent sur les march\u00e9s, s\u2019affairent \u00e0 la communication de la campagne, sont responsables d\u2019une\u00a0cellule,\u00a0ils sont jeunes, passionn\u00e9s de politique et\u00a0consacrent\u00a0la majeure\u00a0partie de leur temps libre \u00e0 militer\u00a0au sein d\u2019un parti.\u00a0Le LBB est all\u00e9 \u00e0 la rencontre de plusieurs jeunes militants et les a questionn\u00e9s sur les raisons et le sens de leur engagement, en voici les portraits.<\/strong><\/p>\n<p><a href=\"https:\/\/lyonbondyblog.fr\/LBB\/wp-content\/uploads\/2014\/03\/militant-fn.jpg\"><img loading=\"lazy\" decoding=\"async\" width=\"600\" height=\"338\" class=\"aligncenter size-full wp-image-6311\" src=\"https:\/\/lyonbondyblog.fr\/LBB\/wp-content\/uploads\/2014\/03\/militant-fn.jpg\" alt=\"militant fn\" srcset=\"https:\/\/lyonbondyblog.fr\/LBB\/wp-content\/uploads\/2014\/03\/militant-fn.jpg 600w, https:\/\/lyonbondyblog.fr\/LBB\/wp-content\/uploads\/2014\/03\/militant-fn-300x169.jpg 300w\" sizes=\"auto, (max-width: 600px) 100vw, 600px\" \/><\/a><\/p>\n<p><i>Damien Monchau, 27 ans, s&rsquo;est engag\u00e9 au Front National en 2011. Il a r\u00e9cemment pris la direction du Front National Jeunesse du Rh\u00f4ne et \u00e9tait t\u00eate de liste du Rassemblement Bleu Marine dans le 4<sup>\u00e8me<\/sup> arrondissement de Lyon (o\u00f9 il a totalis\u00e9 8,57% des suffrages).<\/i><\/p>\n<p>\u00c0 27 ans, Damien Monchau n&rsquo;a pas ramen\u00e9 une once d&rsquo;accent de sa r\u00e9gion d&rsquo;origine (pr\u00e8s de Toulouse). \u00c9l\u00e9gant jeune homme blond, costume gris et gomina dans les cheveux, il a pouss\u00e9 la porte du Front National en 2011. Il a r\u00e9cemment pris la direction du Front National Jeunesse du Rh\u00f4ne et \u00e9tait le candidat du Rassemblement bleu Marine du 4<sup>\u00e8me<\/sup> arrondissement de Lyon (dans lequel il a r\u00e9colt\u00e9 8,57% des suffrages au premier tour des Municipales). On le sait policier dans la vie et manifestement polic\u00e9. Il manie le langage avec pr\u00e9caution, veille \u00e0 bien faire les liaisons et \u00e0 s&rsquo;exprimer dans une grammaire correcte. Conscient de l&rsquo;image m\u00e9diatique du Front National, il est vigilant quant \u00e0 celle qu&rsquo;il renvoie et semble souhaiter qu&rsquo;au moins sur la forme, on ne puisse rien lui reprocher.<\/p>\n<h2>\u00ab\u00a0J&rsquo;ai pass\u00e9 mon temps \u00e0 changer de formation le temps de me trouver\u00a0\u00bb<\/h2>\n<p>C&rsquo;est en quittant le cocon familial &#8211; un \u00ab\u00a0<i>cadre privil\u00e9gi\u00e9<\/i>\u00a0\u00bb &#8211; qu&rsquo;il s&rsquo;int\u00e9resse peu \u00e0 peu \u00e0 la politique. \u00ab\u00a0<i>J&rsquo;ai commenc\u00e9 \u00e0 d\u00e9couvrir le monde, la vie dans les grandes villes et je me suis dit qu&rsquo;il y avait peut-\u00eatre des choses qui \u00e9taient un peu d\u00e9plaisantes et qui entraient en conflit avec ce que j&rsquo;avais toujours connu jusque-l\u00e0<\/i>\u00a0\u00bb, dit-il. Les Pr\u00e9sidentielles de 2007 accroissent son int\u00e9r\u00eat pour la chose politique et il d\u00e9cide d&rsquo;ent\u00e9riner cette nouvelle passion en s&rsquo;encartant\u00a0: \u00ab\u00a0<i>Rester inactif n&rsquo;est pas mon genre. Je ne suis pas du genre \u00e0 rejeter les choses sans proposer de les changer<\/i>\u00a0\u00bb. Il dit s&rsquo;\u00eatre renseign\u00e9 sur chaque parti \u00ab\u00a0<i>de la LCR au FN<\/i>\u00a0\u00bb et choisit ce dernier \u00ab\u00a0<i>pour son projet de soci\u00e9t\u00e9<\/i>\u00a0\u00bb et parce qu&rsquo;il est s\u00e9duit par \u00ab\u00a0<i>la juste mesure<\/i>\u00a0\u00bb de son programme, ce qu&rsquo;il ne juge pourtant pas paradoxal. Int\u00e9ress\u00e9 par l&rsquo;\u00e9conomie, il dit avoir cherch\u00e9 une \u00ab\u00a0<i>solution m\u00e9diane entre le marxisme et l&rsquo;utra-lib\u00e9ralisme<\/i>\u00a0\u00bb qu&rsquo;il trouve chez le Front National. Le FN fut pour Damien ce qu&rsquo;il voudrait qu&rsquo;il soit pour les autres, une alternative en ad\u00e9quation avec son parcours atypique\u00a0: \u00ab\u00a0<i>Le lyc\u00e9e \u00e7a n&rsquo;\u00e9tait pas ma tasse de th\u00e9, je ne savais pas ce que je voulais faire de ma vie et pour moi \u00e9tudier sans but me semblait un peu vide de <img loading=\"lazy\" decoding=\"async\" width=\"169\" height=\"300\" class=\"alignright size-medium wp-image-6312\" src=\"https:\/\/lyonbondyblog.fr\/LBB\/wp-content\/uploads\/2014\/03\/militant-fn2-169x300.jpg\" alt=\"militant fn2\" srcset=\"https:\/\/lyonbondyblog.fr\/LBB\/wp-content\/uploads\/2014\/03\/militant-fn2-169x300.jpg 169w, https:\/\/lyonbondyblog.fr\/LBB\/wp-content\/uploads\/2014\/03\/militant-fn2.jpg 338w\" sizes=\"auto, (max-width: 169px) 100vw, 169px\" \/>sens<\/i>\u00a0\u00bb, explique-t-il. Il n&rsquo;ach\u00e8ve pas son baccalaur\u00e9at professionnel et se lance dans la vente avant de se r\u00e9orienter vers&#8230; la p\u00e2tisserie. Il travaille quelque temps avant de r\u00e9ussir le concours qui l&rsquo;am\u00e8nera \u00e0 travailler sur Lyon. \u00ab\u00a0<i>J&rsquo;ai pass\u00e9 mon temps \u00e0 changer de formation le temps de me trouver<\/i>\u00a0\u00bb, dit-il. Mais sa qu\u00eate ne semble pas achev\u00e9e, puisqu&rsquo;il va s&rsquo;inscrire \u00e0 la rentr\u00e9e prochaine en facult\u00e9 de Droit \u00e0 Lyon 3\u00a0: \u00ab\u00a0<i>Je ne vais pas m&rsquo;inscrire \u00e0 Lyon 2, je ne suis pas suicidaire<\/i>\u00a0\u00bb, dit-il un sourire en coin.<\/p>\n<h2>Refonte d&rsquo;image<\/h2>\n<p>Damien n&rsquo;est pas \u00e0 un paradoxe pr\u00e8s, au sein de sa famille, il a connu le grand \u00e9cart politique\u00a0: une m\u00e8re \u00ab\u00a0<i>plut\u00f4t de droite\u00a0<\/i>\u00bb patronne de sa petite entreprise de couture et un p\u00e8re fonctionnaire, de gauche, ancien militant aux Jeunesses Communistes. Ses proches sont dans un premier temps effray\u00e9s par son choix, mais il parvient finalement \u00e0 instaurer une quasi-unanimit\u00e9 dans la famille\u00a0: \u00ab\u00a0<i>J&rsquo;ai r\u00e9ussi \u00e0 convaincre ma m\u00e8re et mes fr\u00e8res et s\u0153urs de voter Front National. Mon p\u00e8re, pas encore mais je pense que t\u00f4t ou tard je saurai le convaincre<\/i>\u00a0\u00bb. Durant tout l&rsquo;entretien, on est face \u00e0 un jeune homme verrouill\u00e9, bien rod\u00e9 \u00e0 l&rsquo;exercice par le <i>media training<\/i> qu&rsquo;il a suivi au sein de son parti. On ressent chez lui un tiraillement entre deux positions\u00a0: la volont\u00e9 de s&rsquo;afficher dans son parcours et dans ses choix comme un personnage \u00ab\u00a0<i>atypique<\/i>\u00a0\u00bb, hors des sentiers battus que le Front National aurait accueilli en son sein comme n&rsquo;importe quel autre de ses militants. Et d&rsquo;un autre c\u00f4t\u00e9, la volont\u00e9 de se lisser, de sorte \u00e0 s&rsquo;int\u00e9grer, au m\u00eame titre que l&rsquo;UMP ou le PS, dans le paysage politique fran\u00e7ais. \u00ab\u00a0<i>Le probl\u00e8me n&rsquo;est pas tant les id\u00e9es que nous avons, mais la mani\u00e8re de les pr\u00e9senter (&#8230;) Je pense qu&rsquo;il est essentiel de s&rsquo;armer de toutes les mani\u00e8res possibles\u00a0: avoir la meilleure communication, pr\u00e9senter au mieux, expliquer aux gens qu&rsquo;ils n&rsquo;ont rien \u00e0 craindre. Parfois, les gens sont effray\u00e9s par l&rsquo;image qu&rsquo;on essaie de nous accoler de fa\u00e7on malhonn\u00eate. <\/i>\u00bb Au quotidien, il dit effectuer un \u00ab\u00a0<i>travail de p\u00e9dagogie<\/i>\u00a0\u00bb aupr\u00e8s des gens. \u00c0 plusieurs reprises, il \u00e9voque la mauvaise image du FN v\u00e9hicul\u00e9e par les m\u00e9dias, perp\u00e9tuant ainsi la tradition d&rsquo;un rapport complexe entre le parti de Marine Le Pen et son image publique. Il oppose une \u00ab\u00a0<i>image m\u00e9diatique<\/i>\u00a0\u00bb \u00e0 la r\u00e9alit\u00e9 et incarne, \u00e0 l&rsquo;image du Front National, une d\u00e9diabolisation en marche.<\/p>\n<!-- AddThis Advanced Settings generic via filter on the_content --><!-- AddThis Share Buttons generic via filter on the_content -->","protected":false},"excerpt":{"rendered":"<p>A l\u2019aube des \u00e9lections Municipales, le Lyon Bondy Blog a souhait\u00e9 partir \u00e0 la rencontre de certains visages cach\u00e9s qui \u0153uvrent en sous-terrain pour l\u2019\u00e9lection &hellip; <!-- AddThis Advanced Settings generic via filter on wp_trim_excerpt --><!-- AddThis Share Buttons generic via filter on wp_trim_excerpt --><\/p>\n","protected":false},"author":34,"featured_media":6311,"comment_status":"open","ping_status":"open","sticky":false,"template":"","format":"standard","meta":{"_FSMCFIC_featured_image_caption":"","_FSMCFIC_featured_image_nocaption":"","_FSMCFIC_featured_image_hide":"","footnotes":""},"categories":[4,7,6],"tags":[614,879,112,262,165,485,1954,56],"class_list":["post-6309","post","type-post","status-publish","format-standard","has-post-thumbnail","hentry","category-lyon","category-municipales2014","category-politique","tag-614","tag-fn","tag-lyon-bondy-blog","tag-municipales","tag-politique-2","tag-portrait","tag-portraits","tag-ump"],"yoast_head":"<!-- This site is optimized with the Yoast SEO plugin v22.8 - https:\/\/yoast.com\/wordpress\/plugins\/seo\/ -->\n<title>Le gars d&#039;la Marine - Lyon Bondy Blog<\/title>\n<meta name=\"robots\" content=\"index, follow, max-snippet:-1, max-image-preview:large, max-video-preview:-1\" \/>\n<link rel=\"canonical\" href=\"https:\/\/lyonbondyblog.fr\/LBB\/gars-dla-marine\/\" \/>\n<meta property=\"og:locale\" content=\"fr_FR\" \/>\n<meta property=\"og:type\" content=\"article\" \/>\n<meta property=\"og:title\" content=\"Le gars d&#039;la Marine - Lyon Bondy Blog\" \/>\n<meta property=\"og:description\" content=\"A l\u2019aube des \u00e9lections Municipales, le Lyon Bondy Blog a souhait\u00e9 partir \u00e0 la rencontre de certains visages cach\u00e9s qui \u0153uvrent en sous-terrain pour l\u2019\u00e9lection &hellip;\" \/>\n<meta property=\"og:url\" content=\"https:\/\/lyonbondyblog.fr\/LBB\/gars-dla-marine\/\" \/>\n<meta property=\"og:site_name\" content=\"Lyon Bondy Blog\" \/>\n<meta property=\"article:publisher\" content=\"https:\/\/www.facebook.com\/lyonbondyblog\" \/>\n<meta property=\"article:published_time\" content=\"2014-03-26T15:20:05+00:00\" \/>\n<meta property=\"article:modified_time\" content=\"2014-05-23T14:06:14+00:00\" \/>\n<meta property=\"og:image\" content=\"https:\/\/lyonbondyblog.fr\/LBB\/wp-content\/uploads\/2014\/03\/militant-fn.jpg\" \/>\n\t<meta property=\"og:image:width\" content=\"600\" \/>\n\t<meta property=\"og:image:height\" content=\"338\" \/>\n\t<meta property=\"og:image:type\" content=\"image\/jpeg\" \/>\n<meta name=\"author\" content=\"Marie Albessard\" \/>\n<meta name=\"twitter:card\" content=\"summary_large_image\" \/>\n<meta name=\"twitter:creator\" content=\"@bondybloglyon\" \/>\n<meta name=\"twitter:site\" content=\"@bondybloglyon\" \/>\n<script type=\"application\/ld+json\" class=\"yoast-schema-graph\">{\"@context\":\"https:\/\/schema.org\",\"@graph\":[{\"@type\":\"Article\",\"@id\":\"https:\/\/lyonbondyblog.fr\/LBB\/gars-dla-marine\/#article\",\"isPartOf\":{\"@id\":\"https:\/\/lyonbondyblog.fr\/LBB\/gars-dla-marine\/\"},\"author\":{\"name\":\"Marie Albessard\",\"@id\":\"https:\/\/lyonbondyblog.fr\/LBB\/#\/schema\/person\/4266d3166f51a2641a91e2978f606d73\"},\"headline\":\"Le gars d&rsquo;la Marine\",\"datePublished\":\"2014-03-26T15:20:05+00:00\",\"dateModified\":\"2014-05-23T14:06:14+00:00\",\"mainEntityOfPage\":{\"@id\":\"https:\/\/lyonbondyblog.fr\/LBB\/gars-dla-marine\/\"},\"wordCount\":954,\"commentCount\":0,\"publisher\":{\"@id\":\"https:\/\/lyonbondyblog.fr\/LBB\/#organization\"},\"image\":{\"@id\":\"https:\/\/lyonbondyblog.fr\/LBB\/gars-dla-marine\/#primaryimage\"},\"thumbnailUrl\":\"https:\/\/lyonbondyblog.fr\/LBB\/wp-content\/uploads\/2014\/03\/militant-fn.jpg\",\"keywords\":[\"2014\",\"FN\",\"Lyon Bondy Blog\",\"municipales\",\"politique\",\"portrait\",\"portraits\",\"ump\"],\"articleSection\":[\"Lyon\",\"Municipales 2014\",\"Politique\"],\"inLanguage\":\"fr-FR\",\"potentialAction\":[{\"@type\":\"CommentAction\",\"name\":\"Comment\",\"target\":[\"https:\/\/lyonbondyblog.fr\/LBB\/gars-dla-marine\/#respond\"]}]},{\"@type\":\"WebPage\",\"@id\":\"https:\/\/lyonbondyblog.fr\/LBB\/gars-dla-marine\/\",\"url\":\"https:\/\/lyonbondyblog.fr\/LBB\/gars-dla-marine\/\",\"name\":\"Le gars d'la Marine - Lyon Bondy Blog\",\"isPartOf\":{\"@id\":\"https:\/\/lyonbondyblog.fr\/LBB\/#website\"},\"primaryImageOfPage\":{\"@id\":\"https:\/\/lyonbondyblog.fr\/LBB\/gars-dla-marine\/#primaryimage\"},\"image\":{\"@id\":\"https:\/\/lyonbondyblog.fr\/LBB\/gars-dla-marine\/#primaryimage\"},\"thumbnailUrl\":\"https:\/\/lyonbondyblog.fr\/LBB\/wp-content\/uploads\/2014\/03\/militant-fn.jpg\",\"datePublished\":\"2014-03-26T15:20:05+00:00\",\"dateModified\":\"2014-05-23T14:06:14+00:00\",\"inLanguage\":\"fr-FR\",\"potentialAction\":[{\"@type\":\"ReadAction\",\"target\":[\"https:\/\/lyonbondyblog.fr\/LBB\/gars-dla-marine\/\"]}]},{\"@type\":\"ImageObject\",\"inLanguage\":\"fr-FR\",\"@id\":\"https:\/\/lyonbondyblog.fr\/LBB\/gars-dla-marine\/#primaryimage\",\"url\":\"https:\/\/lyonbondyblog.fr\/LBB\/wp-content\/uploads\/2014\/03\/militant-fn.jpg\",\"contentUrl\":\"https:\/\/lyonbondyblog.fr\/LBB\/wp-content\/uploads\/2014\/03\/militant-fn.jpg\",\"width\":600,\"height\":338},{\"@type\":\"WebSite\",\"@id\":\"https:\/\/lyonbondyblog.fr\/LBB\/#website\",\"url\":\"https:\/\/lyonbondyblog.fr\/LBB\/\",\"name\":\"Lyon Bondy Blog\",\"description\":\"\",\"publisher\":{\"@id\":\"https:\/\/lyonbondyblog.fr\/LBB\/#organization\"},\"potentialAction\":[{\"@type\":\"SearchAction\",\"target\":{\"@type\":\"EntryPoint\",\"urlTemplate\":\"https:\/\/lyonbondyblog.fr\/LBB\/?s={search_term_string}\"},\"query-input\":\"required name=search_term_string\"}],\"inLanguage\":\"fr-FR\"},{\"@type\":\"Organization\",\"@id\":\"https:\/\/lyonbondyblog.fr\/LBB\/#organization\",\"name\":\"LYON BONDY BLOG\",\"url\":\"https:\/\/lyonbondyblog.fr\/LBB\/\",\"logo\":{\"@type\":\"ImageObject\",\"inLanguage\":\"fr-FR\",\"@id\":\"https:\/\/lyonbondyblog.fr\/LBB\/#\/schema\/logo\/image\/\",\"url\":\"http:\/\/lyonbondyblog.fr\/LBB\/wp-content\/uploads\/2014\/10\/logo-portable-144.png\",\"contentUrl\":\"http:\/\/lyonbondyblog.fr\/LBB\/wp-content\/uploads\/2014\/10\/logo-portable-144.png\",\"width\":144,\"height\":123,\"caption\":\"LYON BONDY BLOG\"},\"image\":{\"@id\":\"https:\/\/lyonbondyblog.fr\/LBB\/#\/schema\/logo\/image\/\"},\"sameAs\":[\"https:\/\/www.facebook.com\/lyonbondyblog\",\"https:\/\/x.com\/bondybloglyon\"]},{\"@type\":\"Person\",\"@id\":\"https:\/\/lyonbondyblog.fr\/LBB\/#\/schema\/person\/4266d3166f51a2641a91e2978f606d73\",\"name\":\"Marie Albessard\",\"description\":\"mariealbessard@yahoo.fr\",\"url\":\"https:\/\/lyonbondyblog.fr\/LBB\/author\/marie\/\"}]}<\/script>\n<!-- \/ Yoast SEO plugin. -->","yoast_head_json":{"title":"Le gars d'la Marine - Lyon Bondy Blog","robots":{"index":"index","follow":"follow","max-snippet":"max-snippet:-1","max-image-preview":"max-image-preview:large","max-video-preview":"max-video-preview:-1"},"canonical":"https:\/\/lyonbondyblog.fr\/LBB\/gars-dla-marine\/","og_locale":"fr_FR","og_type":"article","og_title":"Le gars d'la Marine - Lyon Bondy Blog","og_description":"A l\u2019aube des \u00e9lections Municipales, le Lyon Bondy Blog a souhait\u00e9 partir \u00e0 la rencontre de certains visages cach\u00e9s qui \u0153uvrent en sous-terrain pour l\u2019\u00e9lection &hellip;","og_url":"https:\/\/lyonbondyblog.fr\/LBB\/gars-dla-marine\/","og_site_name":"Lyon Bondy Blog","article_publisher":"https:\/\/www.facebook.com\/lyonbondyblog","article_published_time":"2014-03-26T15:20:05+00:00","article_modified_time":"2014-05-23T14:06:14+00:00","og_image":[{"width":600,"height":338,"url":"https:\/\/lyonbondyblog.fr\/LBB\/wp-content\/uploads\/2014\/03\/militant-fn.jpg","type":"image\/jpeg"}],"author":"Marie Albessard","twitter_card":"summary_large_image","twitter_creator":"@bondybloglyon","twitter_site":"@bondybloglyon","schema":{"@context":"https:\/\/schema.org","@graph":[{"@type":"Article","@id":"https:\/\/lyonbondyblog.fr\/LBB\/gars-dla-marine\/#article","isPartOf":{"@id":"https:\/\/lyonbondyblog.fr\/LBB\/gars-dla-marine\/"},"author":{"name":"Marie Albessard","@id":"https:\/\/lyonbondyblog.fr\/LBB\/#\/schema\/person\/4266d3166f51a2641a91e2978f606d73"},"headline":"Le gars d&rsquo;la Marine","datePublished":"2014-03-26T15:20:05+00:00","dateModified":"2014-05-23T14:06:14+00:00","mainEntityOfPage":{"@id":"https:\/\/lyonbondyblog.fr\/LBB\/gars-dla-marine\/"},"wordCount":954,"commentCount":0,"publisher":{"@id":"https:\/\/lyonbondyblog.fr\/LBB\/#organization"},"image":{"@id":"https:\/\/lyonbondyblog.fr\/LBB\/gars-dla-marine\/#primaryimage"},"thumbnailUrl":"https:\/\/lyonbondyblog.fr\/LBB\/wp-content\/uploads\/2014\/03\/militant-fn.jpg","keywords":["2014","FN","Lyon Bondy Blog","municipales","politique","portrait","portraits","ump"],"articleSection":["Lyon","Municipales 2014","Politique"],"inLanguage":"fr-FR","potentialAction":[{"@type":"CommentAction","name":"Comment","target":["https:\/\/lyonbondyblog.fr\/LBB\/gars-dla-marine\/#respond"]}]},{"@type":"WebPage","@id":"https:\/\/lyonbondyblog.fr\/LBB\/gars-dla-marine\/","url":"https:\/\/lyonbondyblog.fr\/LBB\/gars-dla-marine\/","name":"Le gars d'la Marine - Lyon Bondy Blog","isPartOf":{"@id":"https:\/\/lyonbondyblog.fr\/LBB\/#website"},"primaryImageOfPage":{"@id":"https:\/\/lyonbondyblog.fr\/LBB\/gars-dla-marine\/#primaryimage"},"image":{"@id":"https:\/\/lyonbondyblog.fr\/LBB\/gars-dla-marine\/#primaryimage"},"thumbnailUrl":"https:\/\/lyonbondyblog.fr\/LBB\/wp-content\/uploads\/2014\/03\/militant-fn.jpg","datePublished":"2014-03-26T15:20:05+00:00","dateModified":"2014-05-23T14:06:14+00:00","inLanguage":"fr-FR","potentialAction":[{"@type":"ReadAction","target":["https:\/\/lyonbondyblog.fr\/LBB\/gars-dla-marine\/"]}]},{"@type":"ImageObject","inLanguage":"fr-FR","@id":"https:\/\/lyonbondyblog.fr\/LBB\/gars-dla-marine\/#primaryimage","url":"https:\/\/lyonbondyblog.fr\/LBB\/wp-content\/uploads\/2014\/03\/militant-fn.jpg","contentUrl":"https:\/\/lyonbondyblog.fr\/LBB\/wp-content\/uploads\/2014\/03\/militant-fn.jpg","width":600,"height":338},{"@type":"WebSite","@id":"https:\/\/lyonbondyblog.fr\/LBB\/#website","url":"https:\/\/lyonbondyblog.fr\/LBB\/","name":"Lyon Bondy Blog","description":"","publisher":{"@id":"https:\/\/lyonbondyblog.fr\/LBB\/#organization"},"potentialAction":[{"@type":"SearchAction","target":{"@type":"EntryPoint","urlTemplate":"https:\/\/lyonbondyblog.fr\/LBB\/?s={search_term_string}"},"query-input":"required name=search_term_string"}],"inLanguage":"fr-FR"},{"@type":"Organization","@id":"https:\/\/lyonbondyblog.fr\/LBB\/#organization","name":"LYON BONDY BLOG","url":"https:\/\/lyonbondyblog.fr\/LBB\/","logo":{"@type":"ImageObject","inLanguage":"fr-FR","@id":"https:\/\/lyonbondyblog.fr\/LBB\/#\/schema\/logo\/image\/","url":"http:\/\/lyonbondyblog.fr\/LBB\/wp-content\/uploads\/2014\/10\/logo-portable-144.png","contentUrl":"http:\/\/lyonbondyblog.fr\/LBB\/wp-content\/uploads\/2014\/10\/logo-portable-144.png","width":144,"height":123,"caption":"LYON BONDY BLOG"},"image":{"@id":"https:\/\/lyonbondyblog.fr\/LBB\/#\/schema\/logo\/image\/"},"sameAs":["https:\/\/www.facebook.com\/lyonbondyblog","https:\/\/x.com\/bondybloglyon"]},{"@type":"Person","@id":"https:\/\/lyonbondyblog.fr\/LBB\/#\/schema\/person\/4266d3166f51a2641a91e2978f606d73","name":"Marie Albessard","description":"mariealbessard@yahoo.fr","url":"https:\/\/lyonbondyblog.fr\/LBB\/author\/marie\/"}]}},"_links":{"self":[{"href":"https:\/\/lyonbondyblog.fr\/LBB\/wp-json\/wp\/v2\/posts\/6309","targetHints":{"allow":["GET"]}}],"collection":[{"href":"https:\/\/lyonbondyblog.fr\/LBB\/wp-json\/wp\/v2\/posts"}],"about":[{"href":"https:\/\/lyonbondyblog.fr\/LBB\/wp-json\/wp\/v2\/types\/post"}],"author":[{"embeddable":true,"href":"https:\/\/lyonbondyblog.fr\/LBB\/wp-json\/wp\/v2\/users\/34"}],"replies":[{"embeddable":true,"href":"https:\/\/lyonbondyblog.fr\/LBB\/wp-json\/wp\/v2\/comments?post=6309"}],"version-history":[{"count":0,"href":"https:\/\/lyonbondyblog.fr\/LBB\/wp-json\/wp\/v2\/posts\/6309\/revisions"}],"wp:featuredmedia":[{"embeddable":true,"href":"https:\/\/lyonbondyblog.fr\/LBB\/wp-json\/wp\/v2\/media\/6311"}],"wp:attachment":[{"href":"https:\/\/lyonbondyblog.fr\/LBB\/wp-json\/wp\/v2\/media?parent=6309"}],"wp:term":[{"taxonomy":"category","embeddable":true,"href":"https:\/\/lyonbondyblog.fr\/LBB\/wp-json\/wp\/v2\/categories?post=6309"},{"taxonomy":"post_tag","embeddable":true,"href":"https:\/\/lyonbondyblog.fr\/LBB\/wp-json\/wp\/v2\/tags?post=6309"}],"curies":[{"name":"wp","href":"https:\/\/api.w.org\/{rel}","templated":true}]}}